{"id":27433,"date":"2023-11-09T10:47:04","date_gmt":"2023-11-09T09:47:04","guid":{"rendered":"https:\/\/vosgesinfo.fr\/saintdieinfo\/2023\/11\/cite-scolaire-jules-ferry-engagee-contre-harcelement-scolaire\/"},"modified":"2024-02-27T17:06:47","modified_gmt":"2024-02-27T16:06:47","slug":"cite-scolaire-jules-ferry-engagee-contre-harcelement-scolaire","status":"publish","type":"post","link":"https:\/\/vosgesinfo.fr\/saintdieinfo\/2023\/11\/cite-scolaire-jules-ferry-engagee-contre-harcelement-scolaire\/","title":{"rendered":"La Cit\u00e9 Scolaire Jules-Ferry engag\u00e9e contre le harc\u00e8lement scolaire"},"content":{"rendered":"<p><a href=\"https:\/\/saintdieinfo.fr\/wp-content\/uploads\/2023\/11\/Journ\u00e9e_Nationale_Contre_Harc\u00e8lement_Cit\u00e9_Scolaire_Jules-Ferry-1.jpg\" target=\"_blank\" rel=\"noopener\"><img decoding=\"async\" class=\"aligncenter wp-image-208397 size-large\" src=\"https:\/\/vosgesinfo.fr\/app\/uploads\/sites\/4\/2023\/11\/journee-nationale-contre-harcelement-cite-scolaire-jules-ferry-1.jpg\" alt=\"Journ\u00e9e_Nationale_Contre_Harc\u00e8lement_Cit\u00e9_Scolaire_Jules-Ferry (1)\" width=\"960\" height=\"720\" \/><\/a><\/p>\n<h2><strong><span style=\"font-size: 14pt;\">Ce jeudi 9 novembre est synonyme de Journ\u00e9e nationale de lutte contre le harc\u00e8lement \u00e0 l&rsquo;\u00e9cole. Instaur\u00e9e en 2015, cette journ\u00e9e de sensibilisation annuelle se d\u00e9roule le premier jeudi qui suit les vacances de la Toussaint. C&rsquo;est dans ce cadre qu&rsquo;une double intervention avait lieu ce matin \u00e0 l&rsquo;amphith\u00e9\u00e2tre de la Cit\u00e9 Scolaire Jules-Ferry, \u00e0 destination des \u00e9l\u00e8ves des classes de 5e et 4e.<\/span><\/strong><\/h2>\n<p><!--more--><\/p>\n<p>Durant une heure, Micka\u00ebl Hingrez et Sandrine Dufresne de la Police Nationale de Saint-Di\u00e9-des-Vosges, \u00e9galement Emmanuelle Claudel de France Victimes 88, ont d\u00e9fini ce qu&rsquo;\u00e9tait le harc\u00e8lement scolaire, ce qu&rsquo;il implique et ses cons\u00e9quences. Leur intervention \u00e9tait appuy\u00e9e par 2 vid\u00e9os, qui pr\u00e9sentaient 2 situations diff\u00e9rentes de harc\u00e8lement scolaire.<\/p>\n<p>Brimades physiques, verbales ou psychologiques r\u00e9p\u00e9t\u00e9es, au sein de l&rsquo;\u00e9tablissement ou en dehors, cyberharc\u00e8lement sur les r\u00e9seaux sociaux, comme le partage d&rsquo;une photo intime d&rsquo;une personne sans son consentement&#8230; le harc\u00e8lement scolaire rev\u00eat de multiples formes, tout en \u00e9tant amplifi\u00e9 par l&rsquo;effet groupe. Jalousie, exploitation d&rsquo;une faiblesse, des origines d&rsquo;une personne, de sa couleur de peau, de son handicap, de sa religion, de son orientation sexuelle, de la mani\u00e8re dont elle s&rsquo;habille&#8230; peuvent amener \u00e0 des formes de harc\u00e8lement scolaire. Si un acte isol\u00e9 constitue d\u00e9j\u00e0 en soit une violence, c&rsquo;est la r\u00e9p\u00e9tition qui caract\u00e9rise le harc\u00e8lement, avec pour objet de d\u00e9grader physiquement, mentalement ou les conditions d&rsquo;apprentissage de l&rsquo;\u00e9l\u00e8ve. Comme il a \u00e9t\u00e9 rappel\u00e9 ce matin, aucune forme de harc\u00e8lement ne doit \u00eatre prise \u00e0 la l\u00e9g\u00e8re. D&rsquo;autant plus que les drames sont encore beaucoup trop nombreux en France.<\/p>\n<p>La sensibilisation, comme les 2 interventions de ce jeudi, est la premi\u00e8re \u00e9tape de pr\u00e9vention contre le harc\u00e8lement scolaire. A la Cit\u00e9 Scolaire Jules-Ferry, la sensibilisation prend \u00e9galement la forme de lecture de textes par les \u00e9l\u00e8ves aux inter-classes, portant sur le th\u00e8me de la la\u00efcit\u00e9 et le respect de l&rsquo;autre ; la mise en place dans chaque classe d&rsquo;ambassadeurs contre le harc\u00e8lement parmi les \u00e9l\u00e8ves\u00a0; d&rsquo;un mur d&rsquo;expression dans le hall de l&rsquo;\u00e9tablissement\u00a0; d&rsquo;une participation au concours national contre le harc\u00e8lement\u00a0&#8230; si malgr\u00e9 ces actions un cas de harc\u00e8lement scolaire est identifi\u00e9, une m\u00e9thode de pr\u00e9occupation partag\u00e9e est enclench\u00e9e afin de faire prendre conscience au harceleur de ses actes. \u00ab\u00a0Des enseignants et personnels \u00e9ducatifs participent \u00e0 la m\u00e9thode de pr\u00e9occupation partag\u00e9e, qui est une d\u00e9marche \u00e9ducative car on reste dans le champ de la citoyennet\u00e9. Le but de notre \u00e9tablissement scolaire est de faire de nos \u00e9l\u00e8ves des citoyens, autant la victime que le harceleur\u00a0\u00bb pr\u00e9cise Patricia Braun, proviseure de la Cit\u00e9 Scolaire Jules-Ferry.<\/p>\n<p>Et si les m\u00e9thodes p\u00e9dagogiques, le dialogue et la r\u00e9flexion ne portent toujours par leur fruit et que le harc\u00e8lement se poursuit, la Police Nationale et la Justice prennent le relais avec d&rsquo;\u00e9ventuelles convocations des parents, gardes \u00e0 vues et poursuites p\u00e9nales. Pour rappel, depuis la loi du 3 mars 2022 le harc\u00e8lement est scolaire est reconnu comme un d\u00e9lit p\u00e9nal, qui peut \u00eatre puni jusqu&rsquo;\u00e0 10 ans de prison et 150 000\u20ac d&rsquo;amende en cas de suicide ou de tentative de suicide de la victime harcel\u00e9e.<\/p>\n<p>J.J.<\/p>\n\n","protected":false},"excerpt":{"rendered":"<p>Ce jeudi 9 novembre est synonyme de Journ\u00e9e nationale de lutte contre le harc\u00e8lement \u00e0 l&rsquo;\u00e9cole. Instaur\u00e9e en 2015, cette [&hellip;]<\/p>\n","protected":false},"author":44,"featured_media":27434,"comment_status":"open","ping_status":"open","sticky":false,"template":"","format":"standard","meta":{"footnotes":""},"categories":[460,6,2915],"tags":[3352,565,4907,4908],"class_list":["post-27433","post","type-post","status-publish","format-standard","has-post-thumbnail","hentry","category-a-la-une","category-education","category-saint-die-son-canton","tag-cite-scolaire-jules-ferry","tag-harcelement-scolaire","tag-journee-nationale-de-lutte-contre-le-harcelement-a-lecole","tag-lutte-contre-le-harcelement-scolaire"],"acf":[],"yoast_head":"<!-- This site is optimized with the Yoast SEO plugin v22.5 - https:\/\/yoast.com\/wordpress\/plugins\/seo\/ -->\n<title>La Cit\u00e9 Scolaire Jules-Ferry engag\u00e9e contre le harc\u00e8lement scolaire - Saint Die Info<\/title>\n<meta name=\"robots\" content=\"index, follow, max-snippet:-1, max-image-preview:large, max-video-preview:-1\" \/>\n<link rel=\"canonical\" href=\"https:\/\/vosgesinfo.fr\/saintdieinfo\/2023\/11\/cite-scolaire-jules-ferry-engagee-contre-harcelement-scolaire\/\" \/>\n<meta name=\"twitter:card\" content=\"summary_large_image\" \/>\n<meta name=\"twitter:title\" content=\"La Cit\u00e9 Scolaire Jules-Ferry engag\u00e9e contre le harc\u00e8lement scolaire - Saint Die Info\" \/>\n<meta name=\"twitter:description\" content=\"Ce jeudi 9 novembre est synonyme de Journ\u00e9e nationale de lutte contre le harc\u00e8lement \u00e0 l&rsquo;\u00e9cole. Instaur\u00e9e en 2015, cette [&hellip;]\" \/>\n<meta name=\"twitter:image\" content=\"https:\/\/vosgesinfo.fr\/app\/uploads\/sites\/4\/2023\/11\/journee-nationale-contre-harcelement-cite-scolaire-jules-ferry-1.jpg\" \/>\n<meta name=\"twitter:creator\" content=\"@VosgesInfo88\" \/>\n<meta name=\"twitter:site\" content=\"@VosgesInfo88\" \/>\n<meta name=\"twitter:label1\" content=\"\u00c9crit par\" \/>\n\t<meta name=\"twitter:data1\" content=\"la r\u00e9daction\" \/>\n\t<meta name=\"twitter:label2\" content=\"Dur\u00e9e de lecture estim\u00e9e\" \/>\n\t<meta name=\"twitter:data2\" content=\"3 minutes\" \/>\n<script type=\"application\/ld+json\" class=\"yoast-schema-graph\">{\"@context\":\"https:\/\/schema.org\",\"@graph\":[{\"@type\":\"Article\",\"@id\":\"https:\/\/vosgesinfo.fr\/saintdieinfo\/2023\/11\/cite-scolaire-jules-ferry-engagee-contre-harcelement-scolaire\/#article\",\"isPartOf\":{\"@id\":\"https:\/\/vosgesinfo.fr\/saintdieinfo\/2023\/11\/cite-scolaire-jules-ferry-engagee-contre-harcelement-scolaire\/\"},\"author\":{\"name\":\"la r\u00e9daction\",\"@id\":\"https:\/\/vosgesinfo.fr\/saintdieinfo\/#\/schema\/person\/faee6704a21f3977511db84bd1cd450f\"},\"headline\":\"La Cit\u00e9 Scolaire Jules-Ferry engag\u00e9e contre le harc\u00e8lement scolaire\",\"datePublished\":\"2023-11-09T09:47:04+00:00\",\"dateModified\":\"2024-02-27T16:06:47+00:00\",\"mainEntityOfPage\":{\"@id\":\"https:\/\/vosgesinfo.fr\/saintdieinfo\/2023\/11\/cite-scolaire-jules-ferry-engagee-contre-harcelement-scolaire\/\"},\"wordCount\":595,\"commentCount\":0,\"publisher\":{\"@id\":\"https:\/\/vosgesinfo.fr\/saintdieinfo\/#organization\"},\"image\":{\"@id\":\"https:\/\/vosgesinfo.fr\/saintdieinfo\/2023\/11\/cite-scolaire-jules-ferry-engagee-contre-harcelement-scolaire\/#primaryimage\"},\"thumbnailUrl\":\"https:\/\/vosgesinfo.fr\/app\/uploads\/sites\/4\/2023\/11\/journee-nationale-contre-harcelement-cite-scolaire-jules-ferry-1.jpg\",\"keywords\":[\"Cit\u00e9 scolaire Jules-Ferry\",\"harc\u00e8lement scolaire\",\"Journ\u00e9e nationale de lutte contre le harc\u00e8lement \u00e0 l'\u00e9cole\",\"Lutte contre le harc\u00e8lement scolaire\"],\"articleSection\":[\"A la Une\",\"\u00c9ducation\",\"Saint-Di\u00e9-des-Vosges et son Agglom\u00e9ration\"],\"inLanguage\":\"fr-FR\",\"potentialAction\":[{\"@type\":\"CommentAction\",\"name\":\"Comment\",\"target\":[\"https:\/\/vosgesinfo.fr\/saintdieinfo\/2023\/11\/cite-scolaire-jules-ferry-engagee-contre-harcelement-scolaire\/#respond\"]}]},{\"@type\":\"WebPage\",\"@id\":\"https:\/\/vosgesinfo.fr\/saintdieinfo\/2023\/11\/cite-scolaire-jules-ferry-engagee-contre-harcelement-scolaire\/\",\"url\":\"https:\/\/vosgesinfo.fr\/saintdieinfo\/2023\/11\/cite-scolaire-jules-ferry-engagee-contre-harcelement-scolaire\/\",\"name\":\"La Cit\u00e9 Scolaire Jules-Ferry engag\u00e9e contre le harc\u00e8lement scolaire - Saint Die Info\",\"isPartOf\":{\"@id\":\"https:\/\/vosgesinfo.fr\/saintdieinfo\/#website\"},\"primaryImageOfPage\":{\"@id\":\"https:\/\/vosgesinfo.fr\/saintdieinfo\/2023\/11\/cite-scolaire-jules-ferry-engagee-contre-harcelement-scolaire\/#primaryimage\"},\"image\":{\"@id\":\"https:\/\/vosgesinfo.fr\/saintdieinfo\/2023\/11\/cite-scolaire-jules-ferry-engagee-contre-harcelement-scolaire\/#primaryimage\"},\"thumbnailUrl\":\"https:\/\/vosgesinfo.fr\/app\/uploads\/sites\/4\/2023\/11\/journee-nationale-contre-harcelement-cite-scolaire-jules-ferry-1.jpg\",\"datePublished\":\"2023-11-09T09:47:04+00:00\",\"dateModified\":\"2024-02-27T16:06:47+00:00\",\"breadcrumb\":{\"@id\":\"https:\/\/vosgesinfo.fr\/saintdieinfo\/2023\/11\/cite-scolaire-jules-ferry-engagee-contre-harcelement-scolaire\/#breadcrumb\"},\"inLanguage\":\"fr-FR\",\"potentialAction\":[{\"@type\":\"ReadAction\",\"target\":[\"https:\/\/vosgesinfo.fr\/saintdieinfo\/2023\/11\/cite-scolaire-jules-ferry-engagee-contre-harcelement-scolaire\/\"]}]},{\"@type\":\"ImageObject\",\"inLanguage\":\"fr-FR\",\"@id\":\"https:\/\/vosgesinfo.fr\/saintdieinfo\/2023\/11\/cite-scolaire-jules-ferry-engagee-contre-harcelement-scolaire\/#primaryimage\",\"url\":\"https:\/\/vosgesinfo.fr\/app\/uploads\/sites\/4\/2023\/11\/journee-nationale-contre-harcelement-cite-scolaire-jules-ferry-1.jpg\",\"contentUrl\":\"https:\/\/vosgesinfo.fr\/app\/uploads\/sites\/4\/2023\/11\/journee-nationale-contre-harcelement-cite-scolaire-jules-ferry-1.jpg\"},{\"@type\":\"BreadcrumbList\",\"@id\":\"https:\/\/vosgesinfo.fr\/saintdieinfo\/2023\/11\/cite-scolaire-jules-ferry-engagee-contre-harcelement-scolaire\/#breadcrumb\",\"itemListElement\":[{\"@type\":\"ListItem\",\"position\":1,\"name\":\"Home\",\"item\":\"https:\/\/vosgesinfo.fr\/saintdieinfo\/\"},{\"@type\":\"ListItem\",\"position\":2,\"name\":\"La Cit\u00e9 Scolaire Jules-Ferry engag\u00e9e contre le harc\u00e8lement scolaire\"}]},{\"@type\":\"WebSite\",\"@id\":\"https:\/\/vosgesinfo.fr\/saintdieinfo\/#website\",\"url\":\"https:\/\/vosgesinfo.fr\/saintdieinfo\/\",\"name\":\"Saint Die Info\",\"description\":\"Toute l&#039;actualit\u00e9 de Saint-Di\u00e9-Des-Vosges\",\"publisher\":{\"@id\":\"https:\/\/vosgesinfo.fr\/saintdieinfo\/#organization\"},\"alternateName\":\"Toute l'actualit\u00e9 de Saint-Di\u00e9-Des-Vosges\",\"potentialAction\":[{\"@type\":\"SearchAction\",\"target\":{\"@type\":\"EntryPoint\",\"urlTemplate\":\"https:\/\/vosgesinfo.fr\/saintdieinfo\/?s={search_term_string}\"},\"query-input\":\"required name=search_term_string\"}],\"inLanguage\":\"fr-FR\"},{\"@type\":\"Organization\",\"@id\":\"https:\/\/vosgesinfo.fr\/saintdieinfo\/#organization\",\"name\":\"Saint Die Info\",\"url\":\"https:\/\/vosgesinfo.fr\/saintdieinfo\/\",\"logo\":{\"@type\":\"ImageObject\",\"inLanguage\":\"fr-FR\",\"@id\":\"https:\/\/vosgesinfo.fr\/saintdieinfo\/#\/schema\/logo\/image\/\",\"url\":\"https:\/\/vosgesinfo.fr\/app\/uploads\/sites\/4\/2024\/02\/logo-sdi.jpg\",\"contentUrl\":\"https:\/\/vosgesinfo.fr\/app\/uploads\/sites\/4\/2024\/02\/logo-sdi.jpg\",\"width\":600,\"height\":600,\"caption\":\"Saint Die Info\"},\"image\":{\"@id\":\"https:\/\/vosgesinfo.fr\/saintdieinfo\/#\/schema\/logo\/image\/\"},\"sameAs\":[\"https:\/\/www.facebook.com\/Saintdieinfofr\",\"https:\/\/x.com\/VosgesInfo88\",\"https:\/\/www.youtube.com\/@vosgesinfo\"]},{\"@type\":\"Person\",\"@id\":\"https:\/\/vosgesinfo.fr\/saintdieinfo\/#\/schema\/person\/faee6704a21f3977511db84bd1cd450f\",\"name\":\"la r\u00e9daction\",\"image\":{\"@type\":\"ImageObject\",\"inLanguage\":\"fr-FR\",\"@id\":\"https:\/\/vosgesinfo.fr\/saintdieinfo\/#\/schema\/person\/image\/\",\"url\":\"https:\/\/secure.gravatar.com\/avatar\/6673d8bc6a9c17fa9a453eaa3448de834fa308c2ec9635b7aa99441a7c8d2cf6?s=96&d=mm&r=g\",\"contentUrl\":\"https:\/\/secure.gravatar.com\/avatar\/6673d8bc6a9c17fa9a453eaa3448de834fa308c2ec9635b7aa99441a7c8d2cf6?s=96&d=mm&r=g\",\"caption\":\"la r\u00e9daction\"},\"url\":\"https:\/\/vosgesinfo.fr\/saintdieinfo\/author\/redac\/\"}]}<\/script>\n<!-- \/ Yoast SEO plugin. -->","yoast_head_json":{"title":"La Cit\u00e9 Scolaire Jules-Ferry engag\u00e9e contre le harc\u00e8lement scolaire - Saint Die Info","robots":{"index":"index","follow":"follow","max-snippet":"max-snippet:-1","max-image-preview":"max-image-preview:large","max-video-preview":"max-video-preview:-1"},"canonical":"https:\/\/vosgesinfo.fr\/saintdieinfo\/2023\/11\/cite-scolaire-jules-ferry-engagee-contre-harcelement-scolaire\/","twitter_card":"summary_large_image","twitter_title":"La Cit\u00e9 Scolaire Jules-Ferry engag\u00e9e contre le harc\u00e8lement scolaire - Saint Die Info","twitter_description":"Ce jeudi 9 novembre est synonyme de Journ\u00e9e nationale de lutte contre le harc\u00e8lement \u00e0 l&rsquo;\u00e9cole. Instaur\u00e9e en 2015, cette [&hellip;]","twitter_image":"https:\/\/vosgesinfo.fr\/app\/uploads\/sites\/4\/2023\/11\/journee-nationale-contre-harcelement-cite-scolaire-jules-ferry-1.jpg","twitter_creator":"@VosgesInfo88","twitter_site":"@VosgesInfo88","twitter_misc":{"\u00c9crit par":"la r\u00e9daction","Dur\u00e9e de lecture estim\u00e9e":"3 minutes"},"schema":{"@context":"https:\/\/schema.org","@graph":[{"@type":"Article","@id":"https:\/\/vosgesinfo.fr\/saintdieinfo\/2023\/11\/cite-scolaire-jules-ferry-engagee-contre-harcelement-scolaire\/#article","isPartOf":{"@id":"https:\/\/vosgesinfo.fr\/saintdieinfo\/2023\/11\/cite-scolaire-jules-ferry-engagee-contre-harcelement-scolaire\/"},"author":{"name":"la r\u00e9daction","@id":"https:\/\/vosgesinfo.fr\/saintdieinfo\/#\/schema\/person\/faee6704a21f3977511db84bd1cd450f"},"headline":"La Cit\u00e9 Scolaire Jules-Ferry engag\u00e9e contre le harc\u00e8lement scolaire","datePublished":"2023-11-09T09:47:04+00:00","dateModified":"2024-02-27T16:06:47+00:00","mainEntityOfPage":{"@id":"https:\/\/vosgesinfo.fr\/saintdieinfo\/2023\/11\/cite-scolaire-jules-ferry-engagee-contre-harcelement-scolaire\/"},"wordCount":595,"commentCount":0,"publisher":{"@id":"https:\/\/vosgesinfo.fr\/saintdieinfo\/#organization"},"image":{"@id":"https:\/\/vosgesinfo.fr\/saintdieinfo\/2023\/11\/cite-scolaire-jules-ferry-engagee-contre-harcelement-scolaire\/#primaryimage"},"thumbnailUrl":"https:\/\/vosgesinfo.fr\/app\/uploads\/sites\/4\/2023\/11\/journee-nationale-contre-harcelement-cite-scolaire-jules-ferry-1.jpg","keywords":["Cit\u00e9 scolaire Jules-Ferry","harc\u00e8lement scolaire","Journ\u00e9e nationale de lutte contre le harc\u00e8lement \u00e0 l'\u00e9cole","Lutte contre le harc\u00e8lement scolaire"],"articleSection":["A la Une","\u00c9ducation","Saint-Di\u00e9-des-Vosges et son Agglom\u00e9ration"],"inLanguage":"fr-FR","potentialAction":[{"@type":"CommentAction","name":"Comment","target":["https:\/\/vosgesinfo.fr\/saintdieinfo\/2023\/11\/cite-scolaire-jules-ferry-engagee-contre-harcelement-scolaire\/#respond"]}]},{"@type":"WebPage","@id":"https:\/\/vosgesinfo.fr\/saintdieinfo\/2023\/11\/cite-scolaire-jules-ferry-engagee-contre-harcelement-scolaire\/","url":"https:\/\/vosgesinfo.fr\/saintdieinfo\/2023\/11\/cite-scolaire-jules-ferry-engagee-contre-harcelement-scolaire\/","name":"La Cit\u00e9 Scolaire Jules-Ferry engag\u00e9e contre le harc\u00e8lement scolaire - Saint Die Info","isPartOf":{"@id":"https:\/\/vosgesinfo.fr\/saintdieinfo\/#website"},"primaryImageOfPage":{"@id":"https:\/\/vosgesinfo.fr\/saintdieinfo\/2023\/11\/cite-scolaire-jules-ferry-engagee-contre-harcelement-scolaire\/#primaryimage"},"image":{"@id":"https:\/\/vosgesinfo.fr\/saintdieinfo\/2023\/11\/cite-scolaire-jules-ferry-engagee-contre-harcelement-scolaire\/#primaryimage"},"thumbnailUrl":"https:\/\/vosgesinfo.fr\/app\/uploads\/sites\/4\/2023\/11\/journee-nationale-contre-harcelement-cite-scolaire-jules-ferry-1.jpg","datePublished":"2023-11-09T09:47:04+00:00","dateModified":"2024-02-27T16:06:47+00:00","breadcrumb":{"@id":"https:\/\/vosgesinfo.fr\/saintdieinfo\/2023\/11\/cite-scolaire-jules-ferry-engagee-contre-harcelement-scolaire\/#breadcrumb"},"inLanguage":"fr-FR","potentialAction":[{"@type":"ReadAction","target":["https:\/\/vosgesinfo.fr\/saintdieinfo\/2023\/11\/cite-scolaire-jules-ferry-engagee-contre-harcelement-scolaire\/"]}]},{"@type":"ImageObject","inLanguage":"fr-FR","@id":"https:\/\/vosgesinfo.fr\/saintdieinfo\/2023\/11\/cite-scolaire-jules-ferry-engagee-contre-harcelement-scolaire\/#primaryimage","url":"https:\/\/vosgesinfo.fr\/app\/uploads\/sites\/4\/2023\/11\/journee-nationale-contre-harcelement-cite-scolaire-jules-ferry-1.jpg","contentUrl":"https:\/\/vosgesinfo.fr\/app\/uploads\/sites\/4\/2023\/11\/journee-nationale-contre-harcelement-cite-scolaire-jules-ferry-1.jpg"},{"@type":"BreadcrumbList","@id":"https:\/\/vosgesinfo.fr\/saintdieinfo\/2023\/11\/cite-scolaire-jules-ferry-engagee-contre-harcelement-scolaire\/#breadcrumb","itemListElement":[{"@type":"ListItem","position":1,"name":"Home","item":"https:\/\/vosgesinfo.fr\/saintdieinfo\/"},{"@type":"ListItem","position":2,"name":"La Cit\u00e9 Scolaire Jules-Ferry engag\u00e9e contre le harc\u00e8lement scolaire"}]},{"@type":"WebSite","@id":"https:\/\/vosgesinfo.fr\/saintdieinfo\/#website","url":"https:\/\/vosgesinfo.fr\/saintdieinfo\/","name":"Saint Die Info","description":"Toute l&#039;actualit\u00e9 de Saint-Di\u00e9-Des-Vosges","publisher":{"@id":"https:\/\/vosgesinfo.fr\/saintdieinfo\/#organization"},"alternateName":"Toute l'actualit\u00e9 de Saint-Di\u00e9-Des-Vosges","potentialAction":[{"@type":"SearchAction","target":{"@type":"EntryPoint","urlTemplate":"https:\/\/vosgesinfo.fr\/saintdieinfo\/?s={search_term_string}"},"query-input":"required name=search_term_string"}],"inLanguage":"fr-FR"},{"@type":"Organization","@id":"https:\/\/vosgesinfo.fr\/saintdieinfo\/#organization","name":"Saint Die Info","url":"https:\/\/vosgesinfo.fr\/saintdieinfo\/","logo":{"@type":"ImageObject","inLanguage":"fr-FR","@id":"https:\/\/vosgesinfo.fr\/saintdieinfo\/#\/schema\/logo\/image\/","url":"https:\/\/vosgesinfo.fr\/app\/uploads\/sites\/4\/2024\/02\/logo-sdi.jpg","contentUrl":"https:\/\/vosgesinfo.fr\/app\/uploads\/sites\/4\/2024\/02\/logo-sdi.jpg","width":600,"height":600,"caption":"Saint Die Info"},"image":{"@id":"https:\/\/vosgesinfo.fr\/saintdieinfo\/#\/schema\/logo\/image\/"},"sameAs":["https:\/\/www.facebook.com\/Saintdieinfofr","https:\/\/x.com\/VosgesInfo88","https:\/\/www.youtube.com\/@vosgesinfo"]},{"@type":"Person","@id":"https:\/\/vosgesinfo.fr\/saintdieinfo\/#\/schema\/person\/faee6704a21f3977511db84bd1cd450f","name":"la r\u00e9daction","image":{"@type":"ImageObject","inLanguage":"fr-FR","@id":"https:\/\/vosgesinfo.fr\/saintdieinfo\/#\/schema\/person\/image\/","url":"https:\/\/secure.gravatar.com\/avatar\/6673d8bc6a9c17fa9a453eaa3448de834fa308c2ec9635b7aa99441a7c8d2cf6?s=96&d=mm&r=g","contentUrl":"https:\/\/secure.gravatar.com\/avatar\/6673d8bc6a9c17fa9a453eaa3448de834fa308c2ec9635b7aa99441a7c8d2cf6?s=96&d=mm&r=g","caption":"la r\u00e9daction"},"url":"https:\/\/vosgesinfo.fr\/saintdieinfo\/author\/redac\/"}]}},"_links":{"self":[{"href":"https:\/\/vosgesinfo.fr\/saintdieinfo\/wp-json\/wp\/v2\/posts\/27433","targetHints":{"allow":["GET"]}}],"collection":[{"href":"https:\/\/vosgesinfo.fr\/saintdieinfo\/wp-json\/wp\/v2\/posts"}],"about":[{"href":"https:\/\/vosgesinfo.fr\/saintdieinfo\/wp-json\/wp\/v2\/types\/post"}],"author":[{"embeddable":true,"href":"https:\/\/vosgesinfo.fr\/saintdieinfo\/wp-json\/wp\/v2\/users\/44"}],"replies":[{"embeddable":true,"href":"https:\/\/vosgesinfo.fr\/saintdieinfo\/wp-json\/wp\/v2\/comments?post=27433"}],"version-history":[{"count":1,"href":"https:\/\/vosgesinfo.fr\/saintdieinfo\/wp-json\/wp\/v2\/posts\/27433\/revisions"}],"predecessor-version":[{"id":30382,"href":"https:\/\/vosgesinfo.fr\/saintdieinfo\/wp-json\/wp\/v2\/posts\/27433\/revisions\/30382"}],"wp:featuredmedia":[{"embeddable":true,"href":"https:\/\/vosgesinfo.fr\/saintdieinfo\/wp-json\/wp\/v2\/media\/27434"}],"wp:attachment":[{"href":"https:\/\/vosgesinfo.fr\/saintdieinfo\/wp-json\/wp\/v2\/media?parent=27433"}],"wp:term":[{"taxonomy":"category","embeddable":true,"href":"https:\/\/vosgesinfo.fr\/saintdieinfo\/wp-json\/wp\/v2\/categories?post=27433"},{"taxonomy":"post_tag","embeddable":true,"href":"https:\/\/vosgesinfo.fr\/saintdieinfo\/wp-json\/wp\/v2\/tags?post=27433"}],"curies":[{"name":"wp","href":"https:\/\/api.w.org\/{rel}","templated":true}]}}