{"id":27441,"date":"2023-11-09T11:01:42","date_gmt":"2023-11-09T10:01:42","guid":{"rendered":"https:\/\/vosgesinfo.fr\/saintdieinfo\/2023\/11\/etival-clairefontaine-trois-matchs-de-pro-a-dames-de-tennis-de-table-a-salle-michel-heissat\/"},"modified":"2024-02-27T17:06:48","modified_gmt":"2024-02-27T16:06:48","slug":"etival-clairefontaine-trois-matchs-de-pro-a-dames-de-tennis-de-table-a-salle-michel-heissat","status":"publish","type":"post","link":"https:\/\/vosgesinfo.fr\/saintdieinfo\/2023\/11\/etival-clairefontaine-trois-matchs-de-pro-a-dames-de-tennis-de-table-a-salle-michel-heissat\/","title":{"rendered":"Etival-Clairefontaine \u2013 Trois matchs de Pro A Dames de tennis de table \u00e0 la salle Michel-Heissat"},"content":{"rendered":"<h2><span style=\"font-size: 14pt;\"><strong>Trois matchs de tennis de table de haut niveau vont \u00eatre jou\u00e9s ces prochaines heures et prochains jours \u00e0 la salle Michel-Heissat d&rsquo;Etival-Clairefontaine, le \u00ab\u00a0chaudron\u00a0\u00bb de l&rsquo;ASRTT. L&rsquo;\u00e9quipe Pro A Dames locale recevra Grand Quevilly ce jeudi soir, puis Poitiers le mardi 14 novembre et Saint Quentin le jeudi 16 novembre. Le coup d&rsquo;envoi de ces 3 rencontres sera donn\u00e9 \u00e0 19h30.<\/strong> <span style=\"color: #3366ff;\"><a style=\"color: #3366ff;\" href=\"https:\/\/www.helloasso.com\/associations\/association-stivalienne-et-raonnaise-de-tennis-de-table\/evenements\/pro-a-dames-novembre-a-etival?_ga=2.194641387.759124665.1699462625-1213202905.1699462625\" target=\"_blank\" rel=\"noopener\">R\u00e9servations des places via HelloAsso.<\/a><\/span><\/span><\/h2>\n<p><!--more--><\/p>\n<p><a href=\"https:\/\/saintdieinfo.fr\/wp-content\/uploads\/2023\/11\/Etival-Clairefontaine-Tennis_de_Table_Pro_A_Dames.jpg\" target=\"_blank\" rel=\"noopener\"><img decoding=\"async\" class=\"aligncenter wp-image-208409 size-large\" src=\"https:\/\/vosgesinfo.fr\/app\/uploads\/sites\/4\/2023\/11\/etival-clairefontaine-tennis-de-table-pro-a-dames.jpg\" alt=\"Etival-Clairefontaine-Tennis_de_Table_Pro_A_Dames\" width=\"724\" height=\"1024\" \/><\/a><\/p>\n","protected":false},"excerpt":{"rendered":"<p>Trois matchs de tennis de table de haut niveau vont \u00eatre jou\u00e9s ces prochaines heures et prochains jours \u00e0 la [&hellip;]<\/p>\n","protected":false},"author":44,"featured_media":27442,"comment_status":"open","ping_status":"open","sticky":false,"template":"","format":"standard","meta":{"footnotes":""},"categories":[460,2915,14],"tags":[4909,3250,3387,3388],"class_list":["post-27441","post","type-post","status-publish","format-standard","has-post-thumbnail","hentry","category-a-la-une","category-saint-die-son-canton","category-sport","tag-championnat-pro-a-dames-de-tennis-de-table","tag-etival-clairefontaine","tag-salle-michel-heissat","tag-tennis-de-table"],"acf":[],"yoast_head":"<!-- This site is optimized with the Yoast SEO plugin v22.5 - https:\/\/yoast.com\/wordpress\/plugins\/seo\/ -->\n<title>Etival-Clairefontaine \u2013 Trois matchs de Pro A Dames de tennis de table \u00e0 la salle Michel-Heissat - Saint Die Info<\/title>\n<meta name=\"robots\" content=\"index, follow, max-snippet:-1, max-image-preview:large, max-video-preview:-1\" \/>\n<link rel=\"canonical\" href=\"https:\/\/vosgesinfo.fr\/saintdieinfo\/2023\/11\/etival-clairefontaine-trois-matchs-de-pro-a-dames-de-tennis-de-table-a-salle-michel-heissat\/\" \/>\n<meta name=\"twitter:card\" content=\"summary_large_image\" \/>\n<meta name=\"twitter:title\" content=\"Etival-Clairefontaine \u2013 Trois matchs de Pro A Dames de tennis de table \u00e0 la salle Michel-Heissat - Saint Die Info\" \/>\n<meta name=\"twitter:description\" content=\"Trois matchs de tennis de table de haut niveau vont \u00eatre jou\u00e9s ces prochaines heures et prochains jours \u00e0 la [&hellip;]\" \/>\n<meta name=\"twitter:image\" content=\"https:\/\/vosgesinfo.fr\/app\/uploads\/sites\/4\/2023\/11\/etival-clairefontaine-tennis-de-table-pro-a-dames.jpg\" \/>\n<meta name=\"twitter:creator\" content=\"@VosgesInfo88\" \/>\n<meta name=\"twitter:site\" content=\"@VosgesInfo88\" \/>\n<meta name=\"twitter:label1\" content=\"\u00c9crit par\" \/>\n\t<meta name=\"twitter:data1\" content=\"la r\u00e9daction\" \/>\n<script type=\"application\/ld+json\" class=\"yoast-schema-graph\">{\"@context\":\"https:\/\/schema.org\",\"@graph\":[{\"@type\":\"Article\",\"@id\":\"https:\/\/vosgesinfo.fr\/saintdieinfo\/2023\/11\/etival-clairefontaine-trois-matchs-de-pro-a-dames-de-tennis-de-table-a-salle-michel-heissat\/#article\",\"isPartOf\":{\"@id\":\"https:\/\/vosgesinfo.fr\/saintdieinfo\/2023\/11\/etival-clairefontaine-trois-matchs-de-pro-a-dames-de-tennis-de-table-a-salle-michel-heissat\/\"},\"author\":{\"name\":\"la r\u00e9daction\",\"@id\":\"https:\/\/vosgesinfo.fr\/saintdieinfo\/#\/schema\/person\/faee6704a21f3977511db84bd1cd450f\"},\"headline\":\"Etival-Clairefontaine \u2013 Trois matchs de Pro A Dames de tennis de table \u00e0 la salle Michel-Heissat\",\"datePublished\":\"2023-11-09T10:01:42+00:00\",\"dateModified\":\"2024-02-27T16:06:48+00:00\",\"mainEntityOfPage\":{\"@id\":\"https:\/\/vosgesinfo.fr\/saintdieinfo\/2023\/11\/etival-clairefontaine-trois-matchs-de-pro-a-dames-de-tennis-de-table-a-salle-michel-heissat\/\"},\"wordCount\":82,\"commentCount\":0,\"publisher\":{\"@id\":\"https:\/\/vosgesinfo.fr\/saintdieinfo\/#organization\"},\"image\":{\"@id\":\"https:\/\/vosgesinfo.fr\/saintdieinfo\/2023\/11\/etival-clairefontaine-trois-matchs-de-pro-a-dames-de-tennis-de-table-a-salle-michel-heissat\/#primaryimage\"},\"thumbnailUrl\":\"https:\/\/vosgesinfo.fr\/app\/uploads\/sites\/4\/2023\/11\/etival-clairefontaine-tennis-de-table-pro-a-dames.jpg\",\"keywords\":[\"Championnat Pro A Dames de tennis de table\",\"etival-clairefontaine\",\"Salle Michel-Heissat\",\"Tennis de table\"],\"articleSection\":[\"A la Une\",\"Saint-Di\u00e9-des-Vosges et son Agglom\u00e9ration\",\"Sport\"],\"inLanguage\":\"fr-FR\",\"potentialAction\":[{\"@type\":\"CommentAction\",\"name\":\"Comment\",\"target\":[\"https:\/\/vosgesinfo.fr\/saintdieinfo\/2023\/11\/etival-clairefontaine-trois-matchs-de-pro-a-dames-de-tennis-de-table-a-salle-michel-heissat\/#respond\"]}]},{\"@type\":\"WebPage\",\"@id\":\"https:\/\/vosgesinfo.fr\/saintdieinfo\/2023\/11\/etival-clairefontaine-trois-matchs-de-pro-a-dames-de-tennis-de-table-a-salle-michel-heissat\/\",\"url\":\"https:\/\/vosgesinfo.fr\/saintdieinfo\/2023\/11\/etival-clairefontaine-trois-matchs-de-pro-a-dames-de-tennis-de-table-a-salle-michel-heissat\/\",\"name\":\"Etival-Clairefontaine \u2013 Trois matchs de Pro A Dames de tennis de table \u00e0 la salle Michel-Heissat - Saint Die Info\",\"isPartOf\":{\"@id\":\"https:\/\/vosgesinfo.fr\/saintdieinfo\/#website\"},\"primaryImageOfPage\":{\"@id\":\"https:\/\/vosgesinfo.fr\/saintdieinfo\/2023\/11\/etival-clairefontaine-trois-matchs-de-pro-a-dames-de-tennis-de-table-a-salle-michel-heissat\/#primaryimage\"},\"image\":{\"@id\":\"https:\/\/vosgesinfo.fr\/saintdieinfo\/2023\/11\/etival-clairefontaine-trois-matchs-de-pro-a-dames-de-tennis-de-table-a-salle-michel-heissat\/#primaryimage\"},\"thumbnailUrl\":\"https:\/\/vosgesinfo.fr\/app\/uploads\/sites\/4\/2023\/11\/etival-clairefontaine-tennis-de-table-pro-a-dames.jpg\",\"datePublished\":\"2023-11-09T10:01:42+00:00\",\"dateModified\":\"2024-02-27T16:06:48+00:00\",\"breadcrumb\":{\"@id\":\"https:\/\/vosgesinfo.fr\/saintdieinfo\/2023\/11\/etival-clairefontaine-trois-matchs-de-pro-a-dames-de-tennis-de-table-a-salle-michel-heissat\/#breadcrumb\"},\"inLanguage\":\"fr-FR\",\"potentialAction\":[{\"@type\":\"ReadAction\",\"target\":[\"https:\/\/vosgesinfo.fr\/saintdieinfo\/2023\/11\/etival-clairefontaine-trois-matchs-de-pro-a-dames-de-tennis-de-table-a-salle-michel-heissat\/\"]}]},{\"@type\":\"ImageObject\",\"inLanguage\":\"fr-FR\",\"@id\":\"https:\/\/vosgesinfo.fr\/saintdieinfo\/2023\/11\/etival-clairefontaine-trois-matchs-de-pro-a-dames-de-tennis-de-table-a-salle-michel-heissat\/#primaryimage\",\"url\":\"https:\/\/vosgesinfo.fr\/app\/uploads\/sites\/4\/2023\/11\/etival-clairefontaine-tennis-de-table-pro-a-dames.jpg\",\"contentUrl\":\"https:\/\/vosgesinfo.fr\/app\/uploads\/sites\/4\/2023\/11\/etival-clairefontaine-tennis-de-table-pro-a-dames.jpg\"},{\"@type\":\"BreadcrumbList\",\"@id\":\"https:\/\/vosgesinfo.fr\/saintdieinfo\/2023\/11\/etival-clairefontaine-trois-matchs-de-pro-a-dames-de-tennis-de-table-a-salle-michel-heissat\/#breadcrumb\",\"itemListElement\":[{\"@type\":\"ListItem\",\"position\":1,\"name\":\"Home\",\"item\":\"https:\/\/vosgesinfo.fr\/saintdieinfo\/\"},{\"@type\":\"ListItem\",\"position\":2,\"name\":\"Etival-Clairefontaine \u2013 Trois matchs de Pro A Dames de tennis de table \u00e0 la salle Michel-Heissat\"}]},{\"@type\":\"WebSite\",\"@id\":\"https:\/\/vosgesinfo.fr\/saintdieinfo\/#website\",\"url\":\"https:\/\/vosgesinfo.fr\/saintdieinfo\/\",\"name\":\"Saint Die Info\",\"description\":\"Toute l&#039;actualit\u00e9 de Saint-Di\u00e9-Des-Vosges\",\"publisher\":{\"@id\":\"https:\/\/vosgesinfo.fr\/saintdieinfo\/#organization\"},\"alternateName\":\"Toute l'actualit\u00e9 de Saint-Di\u00e9-Des-Vosges\",\"potentialAction\":[{\"@type\":\"SearchAction\",\"target\":{\"@type\":\"EntryPoint\",\"urlTemplate\":\"https:\/\/vosgesinfo.fr\/saintdieinfo\/?s={search_term_string}\"},\"query-input\":\"required name=search_term_string\"}],\"inLanguage\":\"fr-FR\"},{\"@type\":\"Organization\",\"@id\":\"https:\/\/vosgesinfo.fr\/saintdieinfo\/#organization\",\"name\":\"Saint Die Info\",\"url\":\"https:\/\/vosgesinfo.fr\/saintdieinfo\/\",\"logo\":{\"@type\":\"ImageObject\",\"inLanguage\":\"fr-FR\",\"@id\":\"https:\/\/vosgesinfo.fr\/saintdieinfo\/#\/schema\/logo\/image\/\",\"url\":\"https:\/\/vosgesinfo.fr\/app\/uploads\/sites\/4\/2024\/02\/logo-sdi.jpg\",\"contentUrl\":\"https:\/\/vosgesinfo.fr\/app\/uploads\/sites\/4\/2024\/02\/logo-sdi.jpg\",\"width\":600,\"height\":600,\"caption\":\"Saint Die Info\"},\"image\":{\"@id\":\"https:\/\/vosgesinfo.fr\/saintdieinfo\/#\/schema\/logo\/image\/\"},\"sameAs\":[\"https:\/\/www.facebook.com\/Saintdieinfofr\",\"https:\/\/x.com\/VosgesInfo88\",\"https:\/\/www.youtube.com\/@vosgesinfo\"]},{\"@type\":\"Person\",\"@id\":\"https:\/\/vosgesinfo.fr\/saintdieinfo\/#\/schema\/person\/faee6704a21f3977511db84bd1cd450f\",\"name\":\"la r\u00e9daction\",\"image\":{\"@type\":\"ImageObject\",\"inLanguage\":\"fr-FR\",\"@id\":\"https:\/\/vosgesinfo.fr\/saintdieinfo\/#\/schema\/person\/image\/\",\"url\":\"https:\/\/secure.gravatar.com\/avatar\/6673d8bc6a9c17fa9a453eaa3448de834fa308c2ec9635b7aa99441a7c8d2cf6?s=96&d=mm&r=g\",\"contentUrl\":\"https:\/\/secure.gravatar.com\/avatar\/6673d8bc6a9c17fa9a453eaa3448de834fa308c2ec9635b7aa99441a7c8d2cf6?s=96&d=mm&r=g\",\"caption\":\"la r\u00e9daction\"},\"url\":\"https:\/\/vosgesinfo.fr\/saintdieinfo\/author\/redac\/\"}]}<\/script>\n<!-- \/ Yoast SEO plugin. -->","yoast_head_json":{"title":"Etival-Clairefontaine \u2013 Trois matchs de Pro A Dames de tennis de table \u00e0 la salle Michel-Heissat - Saint Die Info","robots":{"index":"index","follow":"follow","max-snippet":"max-snippet:-1","max-image-preview":"max-image-preview:large","max-video-preview":"max-video-preview:-1"},"canonical":"https:\/\/vosgesinfo.fr\/saintdieinfo\/2023\/11\/etival-clairefontaine-trois-matchs-de-pro-a-dames-de-tennis-de-table-a-salle-michel-heissat\/","twitter_card":"summary_large_image","twitter_title":"Etival-Clairefontaine \u2013 Trois matchs de Pro A Dames de tennis de table \u00e0 la salle Michel-Heissat - Saint Die Info","twitter_description":"Trois matchs de tennis de table de haut niveau vont \u00eatre jou\u00e9s ces prochaines heures et prochains jours \u00e0 la [&hellip;]","twitter_image":"https:\/\/vosgesinfo.fr\/app\/uploads\/sites\/4\/2023\/11\/etival-clairefontaine-tennis-de-table-pro-a-dames.jpg","twitter_creator":"@VosgesInfo88","twitter_site":"@VosgesInfo88","twitter_misc":{"\u00c9crit par":"la r\u00e9daction"},"schema":{"@context":"https:\/\/schema.org","@graph":[{"@type":"Article","@id":"https:\/\/vosgesinfo.fr\/saintdieinfo\/2023\/11\/etival-clairefontaine-trois-matchs-de-pro-a-dames-de-tennis-de-table-a-salle-michel-heissat\/#article","isPartOf":{"@id":"https:\/\/vosgesinfo.fr\/saintdieinfo\/2023\/11\/etival-clairefontaine-trois-matchs-de-pro-a-dames-de-tennis-de-table-a-salle-michel-heissat\/"},"author":{"name":"la r\u00e9daction","@id":"https:\/\/vosgesinfo.fr\/saintdieinfo\/#\/schema\/person\/faee6704a21f3977511db84bd1cd450f"},"headline":"Etival-Clairefontaine \u2013 Trois matchs de Pro A Dames de tennis de table \u00e0 la salle Michel-Heissat","datePublished":"2023-11-09T10:01:42+00:00","dateModified":"2024-02-27T16:06:48+00:00","mainEntityOfPage":{"@id":"https:\/\/vosgesinfo.fr\/saintdieinfo\/2023\/11\/etival-clairefontaine-trois-matchs-de-pro-a-dames-de-tennis-de-table-a-salle-michel-heissat\/"},"wordCount":82,"commentCount":0,"publisher":{"@id":"https:\/\/vosgesinfo.fr\/saintdieinfo\/#organization"},"image":{"@id":"https:\/\/vosgesinfo.fr\/saintdieinfo\/2023\/11\/etival-clairefontaine-trois-matchs-de-pro-a-dames-de-tennis-de-table-a-salle-michel-heissat\/#primaryimage"},"thumbnailUrl":"https:\/\/vosgesinfo.fr\/app\/uploads\/sites\/4\/2023\/11\/etival-clairefontaine-tennis-de-table-pro-a-dames.jpg","keywords":["Championnat Pro A Dames de tennis de table","etival-clairefontaine","Salle Michel-Heissat","Tennis de table"],"articleSection":["A la Une","Saint-Di\u00e9-des-Vosges et son Agglom\u00e9ration","Sport"],"inLanguage":"fr-FR","potentialAction":[{"@type":"CommentAction","name":"Comment","target":["https:\/\/vosgesinfo.fr\/saintdieinfo\/2023\/11\/etival-clairefontaine-trois-matchs-de-pro-a-dames-de-tennis-de-table-a-salle-michel-heissat\/#respond"]}]},{"@type":"WebPage","@id":"https:\/\/vosgesinfo.fr\/saintdieinfo\/2023\/11\/etival-clairefontaine-trois-matchs-de-pro-a-dames-de-tennis-de-table-a-salle-michel-heissat\/","url":"https:\/\/vosgesinfo.fr\/saintdieinfo\/2023\/11\/etival-clairefontaine-trois-matchs-de-pro-a-dames-de-tennis-de-table-a-salle-michel-heissat\/","name":"Etival-Clairefontaine \u2013 Trois matchs de Pro A Dames de tennis de table \u00e0 la salle Michel-Heissat - Saint Die Info","isPartOf":{"@id":"https:\/\/vosgesinfo.fr\/saintdieinfo\/#website"},"primaryImageOfPage":{"@id":"https:\/\/vosgesinfo.fr\/saintdieinfo\/2023\/11\/etival-clairefontaine-trois-matchs-de-pro-a-dames-de-tennis-de-table-a-salle-michel-heissat\/#primaryimage"},"image":{"@id":"https:\/\/vosgesinfo.fr\/saintdieinfo\/2023\/11\/etival-clairefontaine-trois-matchs-de-pro-a-dames-de-tennis-de-table-a-salle-michel-heissat\/#primaryimage"},"thumbnailUrl":"https:\/\/vosgesinfo.fr\/app\/uploads\/sites\/4\/2023\/11\/etival-clairefontaine-tennis-de-table-pro-a-dames.jpg","datePublished":"2023-11-09T10:01:42+00:00","dateModified":"2024-02-27T16:06:48+00:00","breadcrumb":{"@id":"https:\/\/vosgesinfo.fr\/saintdieinfo\/2023\/11\/etival-clairefontaine-trois-matchs-de-pro-a-dames-de-tennis-de-table-a-salle-michel-heissat\/#breadcrumb"},"inLanguage":"fr-FR","potentialAction":[{"@type":"ReadAction","target":["https:\/\/vosgesinfo.fr\/saintdieinfo\/2023\/11\/etival-clairefontaine-trois-matchs-de-pro-a-dames-de-tennis-de-table-a-salle-michel-heissat\/"]}]},{"@type":"ImageObject","inLanguage":"fr-FR","@id":"https:\/\/vosgesinfo.fr\/saintdieinfo\/2023\/11\/etival-clairefontaine-trois-matchs-de-pro-a-dames-de-tennis-de-table-a-salle-michel-heissat\/#primaryimage","url":"https:\/\/vosgesinfo.fr\/app\/uploads\/sites\/4\/2023\/11\/etival-clairefontaine-tennis-de-table-pro-a-dames.jpg","contentUrl":"https:\/\/vosgesinfo.fr\/app\/uploads\/sites\/4\/2023\/11\/etival-clairefontaine-tennis-de-table-pro-a-dames.jpg"},{"@type":"BreadcrumbList","@id":"https:\/\/vosgesinfo.fr\/saintdieinfo\/2023\/11\/etival-clairefontaine-trois-matchs-de-pro-a-dames-de-tennis-de-table-a-salle-michel-heissat\/#breadcrumb","itemListElement":[{"@type":"ListItem","position":1,"name":"Home","item":"https:\/\/vosgesinfo.fr\/saintdieinfo\/"},{"@type":"ListItem","position":2,"name":"Etival-Clairefontaine \u2013 Trois matchs de Pro A Dames de tennis de table \u00e0 la salle Michel-Heissat"}]},{"@type":"WebSite","@id":"https:\/\/vosgesinfo.fr\/saintdieinfo\/#website","url":"https:\/\/vosgesinfo.fr\/saintdieinfo\/","name":"Saint Die Info","description":"Toute l&#039;actualit\u00e9 de Saint-Di\u00e9-Des-Vosges","publisher":{"@id":"https:\/\/vosgesinfo.fr\/saintdieinfo\/#organization"},"alternateName":"Toute l'actualit\u00e9 de Saint-Di\u00e9-Des-Vosges","potentialAction":[{"@type":"SearchAction","target":{"@type":"EntryPoint","urlTemplate":"https:\/\/vosgesinfo.fr\/saintdieinfo\/?s={search_term_string}"},"query-input":"required name=search_term_string"}],"inLanguage":"fr-FR"},{"@type":"Organization","@id":"https:\/\/vosgesinfo.fr\/saintdieinfo\/#organization","name":"Saint Die Info","url":"https:\/\/vosgesinfo.fr\/saintdieinfo\/","logo":{"@type":"ImageObject","inLanguage":"fr-FR","@id":"https:\/\/vosgesinfo.fr\/saintdieinfo\/#\/schema\/logo\/image\/","url":"https:\/\/vosgesinfo.fr\/app\/uploads\/sites\/4\/2024\/02\/logo-sdi.jpg","contentUrl":"https:\/\/vosgesinfo.fr\/app\/uploads\/sites\/4\/2024\/02\/logo-sdi.jpg","width":600,"height":600,"caption":"Saint Die Info"},"image":{"@id":"https:\/\/vosgesinfo.fr\/saintdieinfo\/#\/schema\/logo\/image\/"},"sameAs":["https:\/\/www.facebook.com\/Saintdieinfofr","https:\/\/x.com\/VosgesInfo88","https:\/\/www.youtube.com\/@vosgesinfo"]},{"@type":"Person","@id":"https:\/\/vosgesinfo.fr\/saintdieinfo\/#\/schema\/person\/faee6704a21f3977511db84bd1cd450f","name":"la r\u00e9daction","image":{"@type":"ImageObject","inLanguage":"fr-FR","@id":"https:\/\/vosgesinfo.fr\/saintdieinfo\/#\/schema\/person\/image\/","url":"https:\/\/secure.gravatar.com\/avatar\/6673d8bc6a9c17fa9a453eaa3448de834fa308c2ec9635b7aa99441a7c8d2cf6?s=96&d=mm&r=g","contentUrl":"https:\/\/secure.gravatar.com\/avatar\/6673d8bc6a9c17fa9a453eaa3448de834fa308c2ec9635b7aa99441a7c8d2cf6?s=96&d=mm&r=g","caption":"la r\u00e9daction"},"url":"https:\/\/vosgesinfo.fr\/saintdieinfo\/author\/redac\/"}]}},"_links":{"self":[{"href":"https:\/\/vosgesinfo.fr\/saintdieinfo\/wp-json\/wp\/v2\/posts\/27441","targetHints":{"allow":["GET"]}}],"collection":[{"href":"https:\/\/vosgesinfo.fr\/saintdieinfo\/wp-json\/wp\/v2\/posts"}],"about":[{"href":"https:\/\/vosgesinfo.fr\/saintdieinfo\/wp-json\/wp\/v2\/types\/post"}],"author":[{"embeddable":true,"href":"https:\/\/vosgesinfo.fr\/saintdieinfo\/wp-json\/wp\/v2\/users\/44"}],"replies":[{"embeddable":true,"href":"https:\/\/vosgesinfo.fr\/saintdieinfo\/wp-json\/wp\/v2\/comments?post=27441"}],"version-history":[{"count":1,"href":"https:\/\/vosgesinfo.fr\/saintdieinfo\/wp-json\/wp\/v2\/posts\/27441\/revisions"}],"predecessor-version":[{"id":30385,"href":"https:\/\/vosgesinfo.fr\/saintdieinfo\/wp-json\/wp\/v2\/posts\/27441\/revisions\/30385"}],"wp:featuredmedia":[{"embeddable":true,"href":"https:\/\/vosgesinfo.fr\/saintdieinfo\/wp-json\/wp\/v2\/media\/27442"}],"wp:attachment":[{"href":"https:\/\/vosgesinfo.fr\/saintdieinfo\/wp-json\/wp\/v2\/media?parent=27441"}],"wp:term":[{"taxonomy":"category","embeddable":true,"href":"https:\/\/vosgesinfo.fr\/saintdieinfo\/wp-json\/wp\/v2\/categories?post=27441"},{"taxonomy":"post_tag","embeddable":true,"href":"https:\/\/vosgesinfo.fr\/saintdieinfo\/wp-json\/wp\/v2\/tags?post=27441"}],"curies":[{"name":"wp","href":"https:\/\/api.w.org\/{rel}","templated":true}]}}