{"id":27449,"date":"2023-11-09T14:04:06","date_gmt":"2023-11-09T13:04:06","guid":{"rendered":"https:\/\/vosgesinfo.fr\/saintdieinfo\/2023\/11\/rencontre-jean-michel-wavelet-a-librairie-neuf\/"},"modified":"2024-02-27T17:06:48","modified_gmt":"2024-02-27T16:06:48","slug":"rencontre-jean-michel-wavelet-a-librairie-neuf","status":"publish","type":"post","link":"https:\/\/vosgesinfo.fr\/saintdieinfo\/2023\/11\/rencontre-jean-michel-wavelet-a-librairie-neuf\/","title":{"rendered":"Rencontre avec Jean-Michel Wavelet \u00e0 la Librairie Le Neuf"},"content":{"rendered":"<div id=\"attachment_208417\" style=\"width: 560px\" class=\"wp-caption aligncenter\"><a href=\"https:\/\/vosgesinfo.fr\/app\/uploads\/sites\/4\/2023\/11\/rencontre-jean-michel-wavelet-librairie-le-neuf.png\" target=\"_blank\" rel=\"noopener\"><img decoding=\"async\" aria-describedby=\"caption-attachment-208417\" class=\"wp-image-208417 size-full\" src=\"https:\/\/vosgesinfo.fr\/app\/uploads\/sites\/4\/2023\/11\/rencontre-jean-michel-wavelet-librairie-le-neuf.png\" alt=\"Rencontre_Jean-Michel_Wavelet_Librairie_Le_Neuf\" width=\"550\" height=\"413\" \/><\/a><p id=\"caption-attachment-208417\" class=\"wp-caption-text\">(Photographie Librairie Le Neuf)<\/p><\/div>\n<h2><strong><span style=\"font-size: 14pt;\">Dans le cadre de la 6e \u00e9dition de la Quinzaine des librairies ind\u00e9pendantes, qui se d\u00e9roule du 4 au 18 novembre, la Librairie Le Neuf organise une rencontrer avec Jean-Michel Wavelet, inspecteur d&rsquo;Acad\u00e9mie honoraire et professeur de Philosophie, autour de son livre \u00ab\u00a0Albert Camus \u2013 La voix de la pauvret\u00e9\u00a0\u00bb. Cette rencontre aura lieu le samedi 18 novembre \u00e0 10h30 et sera anim\u00e9e par Robin Huguenot-Noel. <span style=\"color: #3366ff;\"><a style=\"color: #3366ff;\" href=\"https:\/\/librairie-le-neuf.booksdataservices.fr\/20231109\/729WduJJvMOXXMjDqSUpVzN9XMoXi2xaCkxhLtxDgtEtQkxmFJYWHvy91vo9i0UAbKGpdwodAMVpDwJdbvogiKJ6523Ad112\/u3JfyZqBsLXlbUdSrEBljyN9niwUFbzTKyFXRGHd5qIgP6PQs4JHwlfs1FFlyVkhAOt0AcFRGptkKq2B132id35Y3Wsl88F5LlmJJGjAyBveroJaYoTf5pr03dF9ecBWGabW0C7NkSLZMy3QYa2KwxKt9vBtGRTFAOHUBbGDK5tmxtuovQg6RKOJ7ZreWyoEDEOFsnrb02.ompp\" target=\"_blank\" rel=\"noopener\">Cliquer ici pour r\u00e9server sa place.<\/a><\/span><\/span><\/strong><\/h2>\n<p><!--more-->La voix de Camus murmure toujours l&rsquo;indicible malaise, l&rsquo;ineffable souffrance d&rsquo;une pauvret\u00e9 aussi absurde qu&rsquo;insupportable. Ce livre t\u00e9moigne du chemin parcouru par celui qui, n\u00e9 dans le plus complet d\u00e9nuement, a emprunt\u00e9 le chemin de l&rsquo;art qui ne lui \u00e9tait pas destin\u00e9 pour dire sa solidarit\u00e9 avec les gens de peu qui ne poss\u00e8dent rien, n&rsquo;envient rien et pr\u00e9f\u00e8rent la dignit\u00e9 \u00e0 la charit\u00e9. Un hommage sensible pour les passionn\u00e9s de ce \u00ab\u00a0Premier homme\u00a0\u00bb.<\/p>\n<p>\u00ab\u00a0Cet ouvrage lumineux et sensible \u00e9claire d&rsquo;un jour nouveau l&rsquo;\u0153uvre de mon p\u00e8re. Il invite \u00e0 une nouvelle approche de ses \u00e9crits en faisant de la voix de la pauvret\u00e9 la cl\u00e9 de sa lecture\u00a0\u00bb Catherine Camus (sa fille). J.M Wavelet nous parlera aussi de Camus dans les Vosges (Son passage \u00e0 Saint-Di\u00e9 et au Valtin avec Maria Casar\u00e8s).<\/p>\n","protected":false},"excerpt":{"rendered":"<p>Dans le cadre de la 6e \u00e9dition de la Quinzaine des librairies ind\u00e9pendantes, qui se d\u00e9roule du 4 au 18 [&hellip;]<\/p>\n","protected":false},"author":44,"featured_media":27448,"comment_status":"open","ping_status":"open","sticky":false,"template":"","format":"standard","meta":{"footnotes":""},"categories":[3900,2915],"tags":[4913,4914,4915,3192],"class_list":["post-27449","post","type-post","status-publish","format-standard","has-post-thumbnail","hentry","category-breves","category-saint-die-son-canton","tag-6e-edition-de-la-quinzaine-des-librairies-independantes","tag-albert-camus","tag-jean-michel-wavelet","tag-librairie-le-neuf"],"acf":[],"yoast_head":"<!-- This site is optimized with the Yoast SEO plugin v22.5 - https:\/\/yoast.com\/wordpress\/plugins\/seo\/ -->\n<title>Rencontre avec Jean-Michel Wavelet \u00e0 la Librairie Le Neuf - Saint Die Info<\/title>\n<meta name=\"robots\" content=\"index, follow, max-snippet:-1, max-image-preview:large, max-video-preview:-1\" \/>\n<link rel=\"canonical\" href=\"https:\/\/vosgesinfo.fr\/saintdieinfo\/2023\/11\/rencontre-jean-michel-wavelet-a-librairie-neuf\/\" \/>\n<meta name=\"twitter:card\" content=\"summary_large_image\" \/>\n<meta name=\"twitter:title\" content=\"Rencontre avec Jean-Michel Wavelet \u00e0 la Librairie Le Neuf - Saint Die Info\" \/>\n<meta name=\"twitter:description\" content=\"Dans le cadre de la 6e \u00e9dition de la Quinzaine des librairies ind\u00e9pendantes, qui se d\u00e9roule du 4 au 18 [&hellip;]\" \/>\n<meta name=\"twitter:image\" content=\"https:\/\/vosgesinfo.fr\/app\/uploads\/sites\/4\/2023\/11\/rencontre-jean-michel-wavelet-librairie-le-neuf.png\" \/>\n<meta name=\"twitter:creator\" content=\"@VosgesInfo88\" \/>\n<meta name=\"twitter:site\" content=\"@VosgesInfo88\" \/>\n<meta name=\"twitter:label1\" content=\"\u00c9crit par\" \/>\n\t<meta name=\"twitter:data1\" content=\"la r\u00e9daction\" \/>\n\t<meta name=\"twitter:label2\" content=\"Dur\u00e9e de lecture estim\u00e9e\" \/>\n\t<meta name=\"twitter:data2\" content=\"1 minute\" \/>\n<script type=\"application\/ld+json\" class=\"yoast-schema-graph\">{\"@context\":\"https:\/\/schema.org\",\"@graph\":[{\"@type\":\"Article\",\"@id\":\"https:\/\/vosgesinfo.fr\/saintdieinfo\/2023\/11\/rencontre-jean-michel-wavelet-a-librairie-neuf\/#article\",\"isPartOf\":{\"@id\":\"https:\/\/vosgesinfo.fr\/saintdieinfo\/2023\/11\/rencontre-jean-michel-wavelet-a-librairie-neuf\/\"},\"author\":{\"name\":\"la r\u00e9daction\",\"@id\":\"https:\/\/vosgesinfo.fr\/saintdieinfo\/#\/schema\/person\/faee6704a21f3977511db84bd1cd450f\"},\"headline\":\"Rencontre avec Jean-Michel Wavelet \u00e0 la Librairie Le Neuf\",\"datePublished\":\"2023-11-09T13:04:06+00:00\",\"dateModified\":\"2024-02-27T16:06:48+00:00\",\"mainEntityOfPage\":{\"@id\":\"https:\/\/vosgesinfo.fr\/saintdieinfo\/2023\/11\/rencontre-jean-michel-wavelet-a-librairie-neuf\/\"},\"wordCount\":239,\"commentCount\":0,\"publisher\":{\"@id\":\"https:\/\/vosgesinfo.fr\/saintdieinfo\/#organization\"},\"image\":{\"@id\":\"https:\/\/vosgesinfo.fr\/saintdieinfo\/2023\/11\/rencontre-jean-michel-wavelet-a-librairie-neuf\/#primaryimage\"},\"thumbnailUrl\":\"https:\/\/vosgesinfo.fr\/app\/uploads\/sites\/4\/2023\/11\/rencontre-jean-michel-wavelet-librairie-le-neuf.png\",\"keywords\":[\"6e \u00e9dition de la Quinzaine des librairies ind\u00e9pendantes\",\"Albert Camus\",\"Jean-Michel Wavelet\",\"Librairie Le Neuf\"],\"articleSection\":[\"Br\u00e8ves\",\"Saint-Di\u00e9-des-Vosges et son Agglom\u00e9ration\"],\"inLanguage\":\"fr-FR\",\"potentialAction\":[{\"@type\":\"CommentAction\",\"name\":\"Comment\",\"target\":[\"https:\/\/vosgesinfo.fr\/saintdieinfo\/2023\/11\/rencontre-jean-michel-wavelet-a-librairie-neuf\/#respond\"]}]},{\"@type\":\"WebPage\",\"@id\":\"https:\/\/vosgesinfo.fr\/saintdieinfo\/2023\/11\/rencontre-jean-michel-wavelet-a-librairie-neuf\/\",\"url\":\"https:\/\/vosgesinfo.fr\/saintdieinfo\/2023\/11\/rencontre-jean-michel-wavelet-a-librairie-neuf\/\",\"name\":\"Rencontre avec Jean-Michel Wavelet \u00e0 la Librairie Le Neuf - Saint Die Info\",\"isPartOf\":{\"@id\":\"https:\/\/vosgesinfo.fr\/saintdieinfo\/#website\"},\"primaryImageOfPage\":{\"@id\":\"https:\/\/vosgesinfo.fr\/saintdieinfo\/2023\/11\/rencontre-jean-michel-wavelet-a-librairie-neuf\/#primaryimage\"},\"image\":{\"@id\":\"https:\/\/vosgesinfo.fr\/saintdieinfo\/2023\/11\/rencontre-jean-michel-wavelet-a-librairie-neuf\/#primaryimage\"},\"thumbnailUrl\":\"https:\/\/vosgesinfo.fr\/app\/uploads\/sites\/4\/2023\/11\/rencontre-jean-michel-wavelet-librairie-le-neuf.png\",\"datePublished\":\"2023-11-09T13:04:06+00:00\",\"dateModified\":\"2024-02-27T16:06:48+00:00\",\"breadcrumb\":{\"@id\":\"https:\/\/vosgesinfo.fr\/saintdieinfo\/2023\/11\/rencontre-jean-michel-wavelet-a-librairie-neuf\/#breadcrumb\"},\"inLanguage\":\"fr-FR\",\"potentialAction\":[{\"@type\":\"ReadAction\",\"target\":[\"https:\/\/vosgesinfo.fr\/saintdieinfo\/2023\/11\/rencontre-jean-michel-wavelet-a-librairie-neuf\/\"]}]},{\"@type\":\"ImageObject\",\"inLanguage\":\"fr-FR\",\"@id\":\"https:\/\/vosgesinfo.fr\/saintdieinfo\/2023\/11\/rencontre-jean-michel-wavelet-a-librairie-neuf\/#primaryimage\",\"url\":\"https:\/\/vosgesinfo.fr\/app\/uploads\/sites\/4\/2023\/11\/rencontre-jean-michel-wavelet-librairie-le-neuf.png\",\"contentUrl\":\"https:\/\/vosgesinfo.fr\/app\/uploads\/sites\/4\/2023\/11\/rencontre-jean-michel-wavelet-librairie-le-neuf.png\"},{\"@type\":\"BreadcrumbList\",\"@id\":\"https:\/\/vosgesinfo.fr\/saintdieinfo\/2023\/11\/rencontre-jean-michel-wavelet-a-librairie-neuf\/#breadcrumb\",\"itemListElement\":[{\"@type\":\"ListItem\",\"position\":1,\"name\":\"Home\",\"item\":\"https:\/\/vosgesinfo.fr\/saintdieinfo\/\"},{\"@type\":\"ListItem\",\"position\":2,\"name\":\"Rencontre avec Jean-Michel Wavelet \u00e0 la Librairie Le Neuf\"}]},{\"@type\":\"WebSite\",\"@id\":\"https:\/\/vosgesinfo.fr\/saintdieinfo\/#website\",\"url\":\"https:\/\/vosgesinfo.fr\/saintdieinfo\/\",\"name\":\"Saint Die Info\",\"description\":\"Toute l&#039;actualit\u00e9 de Saint-Di\u00e9-Des-Vosges\",\"publisher\":{\"@id\":\"https:\/\/vosgesinfo.fr\/saintdieinfo\/#organization\"},\"alternateName\":\"Toute l'actualit\u00e9 de Saint-Di\u00e9-Des-Vosges\",\"potentialAction\":[{\"@type\":\"SearchAction\",\"target\":{\"@type\":\"EntryPoint\",\"urlTemplate\":\"https:\/\/vosgesinfo.fr\/saintdieinfo\/?s={search_term_string}\"},\"query-input\":\"required name=search_term_string\"}],\"inLanguage\":\"fr-FR\"},{\"@type\":\"Organization\",\"@id\":\"https:\/\/vosgesinfo.fr\/saintdieinfo\/#organization\",\"name\":\"Saint Die Info\",\"url\":\"https:\/\/vosgesinfo.fr\/saintdieinfo\/\",\"logo\":{\"@type\":\"ImageObject\",\"inLanguage\":\"fr-FR\",\"@id\":\"https:\/\/vosgesinfo.fr\/saintdieinfo\/#\/schema\/logo\/image\/\",\"url\":\"https:\/\/vosgesinfo.fr\/app\/uploads\/sites\/4\/2024\/02\/logo-sdi.jpg\",\"contentUrl\":\"https:\/\/vosgesinfo.fr\/app\/uploads\/sites\/4\/2024\/02\/logo-sdi.jpg\",\"width\":600,\"height\":600,\"caption\":\"Saint Die Info\"},\"image\":{\"@id\":\"https:\/\/vosgesinfo.fr\/saintdieinfo\/#\/schema\/logo\/image\/\"},\"sameAs\":[\"https:\/\/www.facebook.com\/Saintdieinfofr\",\"https:\/\/x.com\/VosgesInfo88\",\"https:\/\/www.youtube.com\/@vosgesinfo\"]},{\"@type\":\"Person\",\"@id\":\"https:\/\/vosgesinfo.fr\/saintdieinfo\/#\/schema\/person\/faee6704a21f3977511db84bd1cd450f\",\"name\":\"la r\u00e9daction\",\"image\":{\"@type\":\"ImageObject\",\"inLanguage\":\"fr-FR\",\"@id\":\"https:\/\/vosgesinfo.fr\/saintdieinfo\/#\/schema\/person\/image\/\",\"url\":\"https:\/\/secure.gravatar.com\/avatar\/6673d8bc6a9c17fa9a453eaa3448de834fa308c2ec9635b7aa99441a7c8d2cf6?s=96&d=mm&r=g\",\"contentUrl\":\"https:\/\/secure.gravatar.com\/avatar\/6673d8bc6a9c17fa9a453eaa3448de834fa308c2ec9635b7aa99441a7c8d2cf6?s=96&d=mm&r=g\",\"caption\":\"la r\u00e9daction\"},\"url\":\"https:\/\/vosgesinfo.fr\/saintdieinfo\/author\/redac\/\"}]}<\/script>\n<!-- \/ Yoast SEO plugin. -->","yoast_head_json":{"title":"Rencontre avec Jean-Michel Wavelet \u00e0 la Librairie Le Neuf - Saint Die Info","robots":{"index":"index","follow":"follow","max-snippet":"max-snippet:-1","max-image-preview":"max-image-preview:large","max-video-preview":"max-video-preview:-1"},"canonical":"https:\/\/vosgesinfo.fr\/saintdieinfo\/2023\/11\/rencontre-jean-michel-wavelet-a-librairie-neuf\/","twitter_card":"summary_large_image","twitter_title":"Rencontre avec Jean-Michel Wavelet \u00e0 la Librairie Le Neuf - Saint Die Info","twitter_description":"Dans le cadre de la 6e \u00e9dition de la Quinzaine des librairies ind\u00e9pendantes, qui se d\u00e9roule du 4 au 18 [&hellip;]","twitter_image":"https:\/\/vosgesinfo.fr\/app\/uploads\/sites\/4\/2023\/11\/rencontre-jean-michel-wavelet-librairie-le-neuf.png","twitter_creator":"@VosgesInfo88","twitter_site":"@VosgesInfo88","twitter_misc":{"\u00c9crit par":"la r\u00e9daction","Dur\u00e9e de lecture estim\u00e9e":"1 minute"},"schema":{"@context":"https:\/\/schema.org","@graph":[{"@type":"Article","@id":"https:\/\/vosgesinfo.fr\/saintdieinfo\/2023\/11\/rencontre-jean-michel-wavelet-a-librairie-neuf\/#article","isPartOf":{"@id":"https:\/\/vosgesinfo.fr\/saintdieinfo\/2023\/11\/rencontre-jean-michel-wavelet-a-librairie-neuf\/"},"author":{"name":"la r\u00e9daction","@id":"https:\/\/vosgesinfo.fr\/saintdieinfo\/#\/schema\/person\/faee6704a21f3977511db84bd1cd450f"},"headline":"Rencontre avec Jean-Michel Wavelet \u00e0 la Librairie Le Neuf","datePublished":"2023-11-09T13:04:06+00:00","dateModified":"2024-02-27T16:06:48+00:00","mainEntityOfPage":{"@id":"https:\/\/vosgesinfo.fr\/saintdieinfo\/2023\/11\/rencontre-jean-michel-wavelet-a-librairie-neuf\/"},"wordCount":239,"commentCount":0,"publisher":{"@id":"https:\/\/vosgesinfo.fr\/saintdieinfo\/#organization"},"image":{"@id":"https:\/\/vosgesinfo.fr\/saintdieinfo\/2023\/11\/rencontre-jean-michel-wavelet-a-librairie-neuf\/#primaryimage"},"thumbnailUrl":"https:\/\/vosgesinfo.fr\/app\/uploads\/sites\/4\/2023\/11\/rencontre-jean-michel-wavelet-librairie-le-neuf.png","keywords":["6e \u00e9dition de la Quinzaine des librairies ind\u00e9pendantes","Albert Camus","Jean-Michel Wavelet","Librairie Le Neuf"],"articleSection":["Br\u00e8ves","Saint-Di\u00e9-des-Vosges et son Agglom\u00e9ration"],"inLanguage":"fr-FR","potentialAction":[{"@type":"CommentAction","name":"Comment","target":["https:\/\/vosgesinfo.fr\/saintdieinfo\/2023\/11\/rencontre-jean-michel-wavelet-a-librairie-neuf\/#respond"]}]},{"@type":"WebPage","@id":"https:\/\/vosgesinfo.fr\/saintdieinfo\/2023\/11\/rencontre-jean-michel-wavelet-a-librairie-neuf\/","url":"https:\/\/vosgesinfo.fr\/saintdieinfo\/2023\/11\/rencontre-jean-michel-wavelet-a-librairie-neuf\/","name":"Rencontre avec Jean-Michel Wavelet \u00e0 la Librairie Le Neuf - Saint Die Info","isPartOf":{"@id":"https:\/\/vosgesinfo.fr\/saintdieinfo\/#website"},"primaryImageOfPage":{"@id":"https:\/\/vosgesinfo.fr\/saintdieinfo\/2023\/11\/rencontre-jean-michel-wavelet-a-librairie-neuf\/#primaryimage"},"image":{"@id":"https:\/\/vosgesinfo.fr\/saintdieinfo\/2023\/11\/rencontre-jean-michel-wavelet-a-librairie-neuf\/#primaryimage"},"thumbnailUrl":"https:\/\/vosgesinfo.fr\/app\/uploads\/sites\/4\/2023\/11\/rencontre-jean-michel-wavelet-librairie-le-neuf.png","datePublished":"2023-11-09T13:04:06+00:00","dateModified":"2024-02-27T16:06:48+00:00","breadcrumb":{"@id":"https:\/\/vosgesinfo.fr\/saintdieinfo\/2023\/11\/rencontre-jean-michel-wavelet-a-librairie-neuf\/#breadcrumb"},"inLanguage":"fr-FR","potentialAction":[{"@type":"ReadAction","target":["https:\/\/vosgesinfo.fr\/saintdieinfo\/2023\/11\/rencontre-jean-michel-wavelet-a-librairie-neuf\/"]}]},{"@type":"ImageObject","inLanguage":"fr-FR","@id":"https:\/\/vosgesinfo.fr\/saintdieinfo\/2023\/11\/rencontre-jean-michel-wavelet-a-librairie-neuf\/#primaryimage","url":"https:\/\/vosgesinfo.fr\/app\/uploads\/sites\/4\/2023\/11\/rencontre-jean-michel-wavelet-librairie-le-neuf.png","contentUrl":"https:\/\/vosgesinfo.fr\/app\/uploads\/sites\/4\/2023\/11\/rencontre-jean-michel-wavelet-librairie-le-neuf.png"},{"@type":"BreadcrumbList","@id":"https:\/\/vosgesinfo.fr\/saintdieinfo\/2023\/11\/rencontre-jean-michel-wavelet-a-librairie-neuf\/#breadcrumb","itemListElement":[{"@type":"ListItem","position":1,"name":"Home","item":"https:\/\/vosgesinfo.fr\/saintdieinfo\/"},{"@type":"ListItem","position":2,"name":"Rencontre avec Jean-Michel Wavelet \u00e0 la Librairie Le Neuf"}]},{"@type":"WebSite","@id":"https:\/\/vosgesinfo.fr\/saintdieinfo\/#website","url":"https:\/\/vosgesinfo.fr\/saintdieinfo\/","name":"Saint Die Info","description":"Toute l&#039;actualit\u00e9 de Saint-Di\u00e9-Des-Vosges","publisher":{"@id":"https:\/\/vosgesinfo.fr\/saintdieinfo\/#organization"},"alternateName":"Toute l'actualit\u00e9 de Saint-Di\u00e9-Des-Vosges","potentialAction":[{"@type":"SearchAction","target":{"@type":"EntryPoint","urlTemplate":"https:\/\/vosgesinfo.fr\/saintdieinfo\/?s={search_term_string}"},"query-input":"required name=search_term_string"}],"inLanguage":"fr-FR"},{"@type":"Organization","@id":"https:\/\/vosgesinfo.fr\/saintdieinfo\/#organization","name":"Saint Die Info","url":"https:\/\/vosgesinfo.fr\/saintdieinfo\/","logo":{"@type":"ImageObject","inLanguage":"fr-FR","@id":"https:\/\/vosgesinfo.fr\/saintdieinfo\/#\/schema\/logo\/image\/","url":"https:\/\/vosgesinfo.fr\/app\/uploads\/sites\/4\/2024\/02\/logo-sdi.jpg","contentUrl":"https:\/\/vosgesinfo.fr\/app\/uploads\/sites\/4\/2024\/02\/logo-sdi.jpg","width":600,"height":600,"caption":"Saint Die Info"},"image":{"@id":"https:\/\/vosgesinfo.fr\/saintdieinfo\/#\/schema\/logo\/image\/"},"sameAs":["https:\/\/www.facebook.com\/Saintdieinfofr","https:\/\/x.com\/VosgesInfo88","https:\/\/www.youtube.com\/@vosgesinfo"]},{"@type":"Person","@id":"https:\/\/vosgesinfo.fr\/saintdieinfo\/#\/schema\/person\/faee6704a21f3977511db84bd1cd450f","name":"la r\u00e9daction","image":{"@type":"ImageObject","inLanguage":"fr-FR","@id":"https:\/\/vosgesinfo.fr\/saintdieinfo\/#\/schema\/person\/image\/","url":"https:\/\/secure.gravatar.com\/avatar\/6673d8bc6a9c17fa9a453eaa3448de834fa308c2ec9635b7aa99441a7c8d2cf6?s=96&d=mm&r=g","contentUrl":"https:\/\/secure.gravatar.com\/avatar\/6673d8bc6a9c17fa9a453eaa3448de834fa308c2ec9635b7aa99441a7c8d2cf6?s=96&d=mm&r=g","caption":"la r\u00e9daction"},"url":"https:\/\/vosgesinfo.fr\/saintdieinfo\/author\/redac\/"}]}},"_links":{"self":[{"href":"https:\/\/vosgesinfo.fr\/saintdieinfo\/wp-json\/wp\/v2\/posts\/27449","targetHints":{"allow":["GET"]}}],"collection":[{"href":"https:\/\/vosgesinfo.fr\/saintdieinfo\/wp-json\/wp\/v2\/posts"}],"about":[{"href":"https:\/\/vosgesinfo.fr\/saintdieinfo\/wp-json\/wp\/v2\/types\/post"}],"author":[{"embeddable":true,"href":"https:\/\/vosgesinfo.fr\/saintdieinfo\/wp-json\/wp\/v2\/users\/44"}],"replies":[{"embeddable":true,"href":"https:\/\/vosgesinfo.fr\/saintdieinfo\/wp-json\/wp\/v2\/comments?post=27449"}],"version-history":[{"count":1,"href":"https:\/\/vosgesinfo.fr\/saintdieinfo\/wp-json\/wp\/v2\/posts\/27449\/revisions"}],"predecessor-version":[{"id":30387,"href":"https:\/\/vosgesinfo.fr\/saintdieinfo\/wp-json\/wp\/v2\/posts\/27449\/revisions\/30387"}],"wp:featuredmedia":[{"embeddable":true,"href":"https:\/\/vosgesinfo.fr\/saintdieinfo\/wp-json\/wp\/v2\/media\/27448"}],"wp:attachment":[{"href":"https:\/\/vosgesinfo.fr\/saintdieinfo\/wp-json\/wp\/v2\/media?parent=27449"}],"wp:term":[{"taxonomy":"category","embeddable":true,"href":"https:\/\/vosgesinfo.fr\/saintdieinfo\/wp-json\/wp\/v2\/categories?post=27449"},{"taxonomy":"post_tag","embeddable":true,"href":"https:\/\/vosgesinfo.fr\/saintdieinfo\/wp-json\/wp\/v2\/tags?post=27449"}],"curies":[{"name":"wp","href":"https:\/\/api.w.org\/{rel}","templated":true}]}}