{"id":27459,"date":"2023-11-09T19:23:41","date_gmt":"2023-11-09T18:23:41","guid":{"rendered":"https:\/\/vosgesinfo.fr\/saintdieinfo\/2023\/11\/quatre-nouveaux-policiers-viennent-renforcer-effectifs-commissariat-de-police-de-saint-die-vosges\/"},"modified":"2024-02-27T17:06:49","modified_gmt":"2024-02-27T16:06:49","slug":"quatre-nouveaux-policiers-viennent-renforcer-effectifs-commissariat-de-police-de-saint-die-vosges","status":"publish","type":"post","link":"https:\/\/vosgesinfo.fr\/saintdieinfo\/2023\/11\/quatre-nouveaux-policiers-viennent-renforcer-effectifs-commissariat-de-police-de-saint-die-vosges\/","title":{"rendered":"Quatre nouveaux policiers viennent renforcer les effectifs du commissariat de Police de Saint-Di\u00e9-des-Vosges"},"content":{"rendered":"<div id=\"attachment_80094\" style=\"width: 970px\" class=\"wp-caption aligncenter\"><a href=\"https:\/\/saintdieinfo.fr\/wp-content\/uploads\/2016\/04\/Police_Nationale_01.jpg\" target=\"_blank\" rel=\"noopener\"><img decoding=\"async\" aria-describedby=\"caption-attachment-80094\" class=\"wp-image-80094 size-large\" src=\"https:\/\/vosgesinfo.fr\/app\/uploads\/sites\/4\/2016\/04\/police-nationale-01.jpg\" alt=\"Police_Nationale_01\" width=\"960\" height=\"540\" \/><\/a><p id=\"caption-attachment-80094\" class=\"wp-caption-text\">(Illustration)<\/p><\/div>\n<h2><strong><span style=\"font-family: Calibri, sans-serif; font-size: 14pt;\"><span style=\"color: #3366ff;\"><a style=\"color: #3366ff;\" href=\"https:\/\/saintdieinfo.fr\/2023\/11\/nouvelle-unite-de-police-nationale-deployee-a-saint-die-vosges\/\" target=\"_blank\" rel=\"noopener\">Un Groupe de S\u00e9curit\u00e9 de Proximit\u00e9 a \u00e9t\u00e9 r\u00e9cemment d\u00e9ploy\u00e9 \u00e0 Saint-Di\u00e9-des-Vosges<\/a><\/span>, le 13 septembre dernier, en attendant le retour d&rsquo;une Brigade Anti Criminalit\u00e9.<\/span><\/strong><\/h2>\n<p><!--more--><\/p>\n<p><span style=\"font-family: Calibri, sans-serif;\"><span style=\"font-size: large;\">Ce lundi 6 novembre, soit moins d&rsquo;un mois apr\u00e8s le d\u00e9ploiement de cette nouvelle unit\u00e9, 4 nouveaux policiers sont venus renforcer les effectifs du commissariat de Police Nationale. Ces nouveaux policiers d\u00e9odatiens, qui sortent de l&rsquo;\u00e9cole de Police, sont originaires du Grand Est pour 2 d&rsquo;entre eux, et du Sud de la France pour leurs 2 coll\u00e8gues. Avec ce renfort, les effectifs du commissariat d\u00e9odatien se portent \u00e0 plus d&rsquo;une soixantaine de fonctionnaires de Police.<\/span><\/span><\/p>\n<p>J.J<\/p>\n","protected":false},"excerpt":{"rendered":"<p>Un Groupe de S\u00e9curit\u00e9 de Proximit\u00e9 a \u00e9t\u00e9 r\u00e9cemment d\u00e9ploy\u00e9 \u00e0 Saint-Di\u00e9-des-Vosges, le 13 septembre dernier, en attendant le retour [&hellip;]<\/p>\n","protected":false},"author":44,"featured_media":22036,"comment_status":"open","ping_status":"open","sticky":false,"template":"","format":"standard","meta":{"footnotes":""},"categories":[460,2915],"tags":[4918,4860],"class_list":["post-27459","post","type-post","status-publish","format-standard","has-post-thumbnail","hentry","category-a-la-une","category-saint-die-son-canton","tag-commissariat-de-police-nationale-de-saint-die-des-vosges","tag-police-nationale"],"acf":[],"yoast_head":"<!-- This site is optimized with the Yoast SEO plugin v22.5 - https:\/\/yoast.com\/wordpress\/plugins\/seo\/ -->\n<title>Quatre nouveaux policiers viennent renforcer les effectifs du commissariat de Police de Saint-Di\u00e9-des-Vosges - Saint Die Info<\/title>\n<meta name=\"robots\" content=\"index, follow, max-snippet:-1, max-image-preview:large, max-video-preview:-1\" \/>\n<link rel=\"canonical\" href=\"https:\/\/vosgesinfo.fr\/saintdieinfo\/2023\/11\/quatre-nouveaux-policiers-viennent-renforcer-effectifs-commissariat-de-police-de-saint-die-vosges\/\" \/>\n<meta name=\"twitter:card\" content=\"summary_large_image\" \/>\n<meta name=\"twitter:title\" content=\"Quatre nouveaux policiers viennent renforcer les effectifs du commissariat de Police de Saint-Di\u00e9-des-Vosges - Saint Die Info\" \/>\n<meta name=\"twitter:description\" content=\"Un Groupe de S\u00e9curit\u00e9 de Proximit\u00e9 a \u00e9t\u00e9 r\u00e9cemment d\u00e9ploy\u00e9 \u00e0 Saint-Di\u00e9-des-Vosges, le 13 septembre dernier, en attendant le retour [&hellip;]\" \/>\n<meta name=\"twitter:image\" content=\"https:\/\/vosgesinfo.fr\/app\/uploads\/sites\/4\/2016\/04\/police-nationale-01.jpg\" \/>\n<meta name=\"twitter:creator\" content=\"@VosgesInfo88\" \/>\n<meta name=\"twitter:site\" content=\"@VosgesInfo88\" \/>\n<meta name=\"twitter:label1\" content=\"\u00c9crit par\" \/>\n\t<meta name=\"twitter:data1\" content=\"la r\u00e9daction\" \/>\n\t<meta name=\"twitter:label2\" content=\"Dur\u00e9e de lecture estim\u00e9e\" \/>\n\t<meta name=\"twitter:data2\" content=\"1 minute\" \/>\n<script type=\"application\/ld+json\" class=\"yoast-schema-graph\">{\"@context\":\"https:\/\/schema.org\",\"@graph\":[{\"@type\":\"Article\",\"@id\":\"https:\/\/vosgesinfo.fr\/saintdieinfo\/2023\/11\/quatre-nouveaux-policiers-viennent-renforcer-effectifs-commissariat-de-police-de-saint-die-vosges\/#article\",\"isPartOf\":{\"@id\":\"https:\/\/vosgesinfo.fr\/saintdieinfo\/2023\/11\/quatre-nouveaux-policiers-viennent-renforcer-effectifs-commissariat-de-police-de-saint-die-vosges\/\"},\"author\":{\"name\":\"la r\u00e9daction\",\"@id\":\"https:\/\/vosgesinfo.fr\/saintdieinfo\/#\/schema\/person\/faee6704a21f3977511db84bd1cd450f\"},\"headline\":\"Quatre nouveaux policiers viennent renforcer les effectifs du commissariat de Police de Saint-Di\u00e9-des-Vosges\",\"datePublished\":\"2023-11-09T18:23:41+00:00\",\"dateModified\":\"2024-02-27T16:06:49+00:00\",\"mainEntityOfPage\":{\"@id\":\"https:\/\/vosgesinfo.fr\/saintdieinfo\/2023\/11\/quatre-nouveaux-policiers-viennent-renforcer-effectifs-commissariat-de-police-de-saint-die-vosges\/\"},\"wordCount\":130,\"commentCount\":0,\"publisher\":{\"@id\":\"https:\/\/vosgesinfo.fr\/saintdieinfo\/#organization\"},\"image\":{\"@id\":\"https:\/\/vosgesinfo.fr\/saintdieinfo\/2023\/11\/quatre-nouveaux-policiers-viennent-renforcer-effectifs-commissariat-de-police-de-saint-die-vosges\/#primaryimage\"},\"thumbnailUrl\":\"https:\/\/vosgesinfo.fr\/app\/uploads\/sites\/4\/2016\/04\/police-nationale-01.jpg\",\"keywords\":[\"Commissariat de Police Nationale de Saint-Di\u00e9-des-Vosges\",\"Police Nationale\"],\"articleSection\":[\"A la Une\",\"Saint-Di\u00e9-des-Vosges et son Agglom\u00e9ration\"],\"inLanguage\":\"fr-FR\",\"potentialAction\":[{\"@type\":\"CommentAction\",\"name\":\"Comment\",\"target\":[\"https:\/\/vosgesinfo.fr\/saintdieinfo\/2023\/11\/quatre-nouveaux-policiers-viennent-renforcer-effectifs-commissariat-de-police-de-saint-die-vosges\/#respond\"]}]},{\"@type\":\"WebPage\",\"@id\":\"https:\/\/vosgesinfo.fr\/saintdieinfo\/2023\/11\/quatre-nouveaux-policiers-viennent-renforcer-effectifs-commissariat-de-police-de-saint-die-vosges\/\",\"url\":\"https:\/\/vosgesinfo.fr\/saintdieinfo\/2023\/11\/quatre-nouveaux-policiers-viennent-renforcer-effectifs-commissariat-de-police-de-saint-die-vosges\/\",\"name\":\"Quatre nouveaux policiers viennent renforcer les effectifs du commissariat de Police de Saint-Di\u00e9-des-Vosges - Saint Die Info\",\"isPartOf\":{\"@id\":\"https:\/\/vosgesinfo.fr\/saintdieinfo\/#website\"},\"primaryImageOfPage\":{\"@id\":\"https:\/\/vosgesinfo.fr\/saintdieinfo\/2023\/11\/quatre-nouveaux-policiers-viennent-renforcer-effectifs-commissariat-de-police-de-saint-die-vosges\/#primaryimage\"},\"image\":{\"@id\":\"https:\/\/vosgesinfo.fr\/saintdieinfo\/2023\/11\/quatre-nouveaux-policiers-viennent-renforcer-effectifs-commissariat-de-police-de-saint-die-vosges\/#primaryimage\"},\"thumbnailUrl\":\"https:\/\/vosgesinfo.fr\/app\/uploads\/sites\/4\/2016\/04\/police-nationale-01.jpg\",\"datePublished\":\"2023-11-09T18:23:41+00:00\",\"dateModified\":\"2024-02-27T16:06:49+00:00\",\"breadcrumb\":{\"@id\":\"https:\/\/vosgesinfo.fr\/saintdieinfo\/2023\/11\/quatre-nouveaux-policiers-viennent-renforcer-effectifs-commissariat-de-police-de-saint-die-vosges\/#breadcrumb\"},\"inLanguage\":\"fr-FR\",\"potentialAction\":[{\"@type\":\"ReadAction\",\"target\":[\"https:\/\/vosgesinfo.fr\/saintdieinfo\/2023\/11\/quatre-nouveaux-policiers-viennent-renforcer-effectifs-commissariat-de-police-de-saint-die-vosges\/\"]}]},{\"@type\":\"ImageObject\",\"inLanguage\":\"fr-FR\",\"@id\":\"https:\/\/vosgesinfo.fr\/saintdieinfo\/2023\/11\/quatre-nouveaux-policiers-viennent-renforcer-effectifs-commissariat-de-police-de-saint-die-vosges\/#primaryimage\",\"url\":\"https:\/\/vosgesinfo.fr\/app\/uploads\/sites\/4\/2016\/04\/police-nationale-01.jpg\",\"contentUrl\":\"https:\/\/vosgesinfo.fr\/app\/uploads\/sites\/4\/2016\/04\/police-nationale-01.jpg\",\"width\":1024,\"height\":576},{\"@type\":\"BreadcrumbList\",\"@id\":\"https:\/\/vosgesinfo.fr\/saintdieinfo\/2023\/11\/quatre-nouveaux-policiers-viennent-renforcer-effectifs-commissariat-de-police-de-saint-die-vosges\/#breadcrumb\",\"itemListElement\":[{\"@type\":\"ListItem\",\"position\":1,\"name\":\"Home\",\"item\":\"https:\/\/vosgesinfo.fr\/saintdieinfo\/\"},{\"@type\":\"ListItem\",\"position\":2,\"name\":\"Quatre nouveaux policiers viennent renforcer les effectifs du commissariat de Police de Saint-Di\u00e9-des-Vosges\"}]},{\"@type\":\"WebSite\",\"@id\":\"https:\/\/vosgesinfo.fr\/saintdieinfo\/#website\",\"url\":\"https:\/\/vosgesinfo.fr\/saintdieinfo\/\",\"name\":\"Saint Die Info\",\"description\":\"Toute l&#039;actualit\u00e9 de Saint-Di\u00e9-Des-Vosges\",\"publisher\":{\"@id\":\"https:\/\/vosgesinfo.fr\/saintdieinfo\/#organization\"},\"alternateName\":\"Toute l'actualit\u00e9 de Saint-Di\u00e9-Des-Vosges\",\"potentialAction\":[{\"@type\":\"SearchAction\",\"target\":{\"@type\":\"EntryPoint\",\"urlTemplate\":\"https:\/\/vosgesinfo.fr\/saintdieinfo\/?s={search_term_string}\"},\"query-input\":\"required name=search_term_string\"}],\"inLanguage\":\"fr-FR\"},{\"@type\":\"Organization\",\"@id\":\"https:\/\/vosgesinfo.fr\/saintdieinfo\/#organization\",\"name\":\"Saint Die Info\",\"url\":\"https:\/\/vosgesinfo.fr\/saintdieinfo\/\",\"logo\":{\"@type\":\"ImageObject\",\"inLanguage\":\"fr-FR\",\"@id\":\"https:\/\/vosgesinfo.fr\/saintdieinfo\/#\/schema\/logo\/image\/\",\"url\":\"https:\/\/vosgesinfo.fr\/app\/uploads\/sites\/4\/2024\/02\/logo-sdi.jpg\",\"contentUrl\":\"https:\/\/vosgesinfo.fr\/app\/uploads\/sites\/4\/2024\/02\/logo-sdi.jpg\",\"width\":600,\"height\":600,\"caption\":\"Saint Die Info\"},\"image\":{\"@id\":\"https:\/\/vosgesinfo.fr\/saintdieinfo\/#\/schema\/logo\/image\/\"},\"sameAs\":[\"https:\/\/www.facebook.com\/Saintdieinfofr\",\"https:\/\/x.com\/VosgesInfo88\",\"https:\/\/www.youtube.com\/@vosgesinfo\"]},{\"@type\":\"Person\",\"@id\":\"https:\/\/vosgesinfo.fr\/saintdieinfo\/#\/schema\/person\/faee6704a21f3977511db84bd1cd450f\",\"name\":\"la r\u00e9daction\",\"image\":{\"@type\":\"ImageObject\",\"inLanguage\":\"fr-FR\",\"@id\":\"https:\/\/vosgesinfo.fr\/saintdieinfo\/#\/schema\/person\/image\/\",\"url\":\"https:\/\/secure.gravatar.com\/avatar\/6673d8bc6a9c17fa9a453eaa3448de834fa308c2ec9635b7aa99441a7c8d2cf6?s=96&d=mm&r=g\",\"contentUrl\":\"https:\/\/secure.gravatar.com\/avatar\/6673d8bc6a9c17fa9a453eaa3448de834fa308c2ec9635b7aa99441a7c8d2cf6?s=96&d=mm&r=g\",\"caption\":\"la r\u00e9daction\"},\"url\":\"https:\/\/vosgesinfo.fr\/saintdieinfo\/author\/redac\/\"}]}<\/script>\n<!-- \/ Yoast SEO plugin. -->","yoast_head_json":{"title":"Quatre nouveaux policiers viennent renforcer les effectifs du commissariat de Police de Saint-Di\u00e9-des-Vosges - Saint Die Info","robots":{"index":"index","follow":"follow","max-snippet":"max-snippet:-1","max-image-preview":"max-image-preview:large","max-video-preview":"max-video-preview:-1"},"canonical":"https:\/\/vosgesinfo.fr\/saintdieinfo\/2023\/11\/quatre-nouveaux-policiers-viennent-renforcer-effectifs-commissariat-de-police-de-saint-die-vosges\/","twitter_card":"summary_large_image","twitter_title":"Quatre nouveaux policiers viennent renforcer les effectifs du commissariat de Police de Saint-Di\u00e9-des-Vosges - Saint Die Info","twitter_description":"Un Groupe de S\u00e9curit\u00e9 de Proximit\u00e9 a \u00e9t\u00e9 r\u00e9cemment d\u00e9ploy\u00e9 \u00e0 Saint-Di\u00e9-des-Vosges, le 13 septembre dernier, en attendant le retour [&hellip;]","twitter_image":"https:\/\/vosgesinfo.fr\/app\/uploads\/sites\/4\/2016\/04\/police-nationale-01.jpg","twitter_creator":"@VosgesInfo88","twitter_site":"@VosgesInfo88","twitter_misc":{"\u00c9crit par":"la r\u00e9daction","Dur\u00e9e de lecture estim\u00e9e":"1 minute"},"schema":{"@context":"https:\/\/schema.org","@graph":[{"@type":"Article","@id":"https:\/\/vosgesinfo.fr\/saintdieinfo\/2023\/11\/quatre-nouveaux-policiers-viennent-renforcer-effectifs-commissariat-de-police-de-saint-die-vosges\/#article","isPartOf":{"@id":"https:\/\/vosgesinfo.fr\/saintdieinfo\/2023\/11\/quatre-nouveaux-policiers-viennent-renforcer-effectifs-commissariat-de-police-de-saint-die-vosges\/"},"author":{"name":"la r\u00e9daction","@id":"https:\/\/vosgesinfo.fr\/saintdieinfo\/#\/schema\/person\/faee6704a21f3977511db84bd1cd450f"},"headline":"Quatre nouveaux policiers viennent renforcer les effectifs du commissariat de Police de Saint-Di\u00e9-des-Vosges","datePublished":"2023-11-09T18:23:41+00:00","dateModified":"2024-02-27T16:06:49+00:00","mainEntityOfPage":{"@id":"https:\/\/vosgesinfo.fr\/saintdieinfo\/2023\/11\/quatre-nouveaux-policiers-viennent-renforcer-effectifs-commissariat-de-police-de-saint-die-vosges\/"},"wordCount":130,"commentCount":0,"publisher":{"@id":"https:\/\/vosgesinfo.fr\/saintdieinfo\/#organization"},"image":{"@id":"https:\/\/vosgesinfo.fr\/saintdieinfo\/2023\/11\/quatre-nouveaux-policiers-viennent-renforcer-effectifs-commissariat-de-police-de-saint-die-vosges\/#primaryimage"},"thumbnailUrl":"https:\/\/vosgesinfo.fr\/app\/uploads\/sites\/4\/2016\/04\/police-nationale-01.jpg","keywords":["Commissariat de Police Nationale de Saint-Di\u00e9-des-Vosges","Police Nationale"],"articleSection":["A la Une","Saint-Di\u00e9-des-Vosges et son Agglom\u00e9ration"],"inLanguage":"fr-FR","potentialAction":[{"@type":"CommentAction","name":"Comment","target":["https:\/\/vosgesinfo.fr\/saintdieinfo\/2023\/11\/quatre-nouveaux-policiers-viennent-renforcer-effectifs-commissariat-de-police-de-saint-die-vosges\/#respond"]}]},{"@type":"WebPage","@id":"https:\/\/vosgesinfo.fr\/saintdieinfo\/2023\/11\/quatre-nouveaux-policiers-viennent-renforcer-effectifs-commissariat-de-police-de-saint-die-vosges\/","url":"https:\/\/vosgesinfo.fr\/saintdieinfo\/2023\/11\/quatre-nouveaux-policiers-viennent-renforcer-effectifs-commissariat-de-police-de-saint-die-vosges\/","name":"Quatre nouveaux policiers viennent renforcer les effectifs du commissariat de Police de Saint-Di\u00e9-des-Vosges - Saint Die Info","isPartOf":{"@id":"https:\/\/vosgesinfo.fr\/saintdieinfo\/#website"},"primaryImageOfPage":{"@id":"https:\/\/vosgesinfo.fr\/saintdieinfo\/2023\/11\/quatre-nouveaux-policiers-viennent-renforcer-effectifs-commissariat-de-police-de-saint-die-vosges\/#primaryimage"},"image":{"@id":"https:\/\/vosgesinfo.fr\/saintdieinfo\/2023\/11\/quatre-nouveaux-policiers-viennent-renforcer-effectifs-commissariat-de-police-de-saint-die-vosges\/#primaryimage"},"thumbnailUrl":"https:\/\/vosgesinfo.fr\/app\/uploads\/sites\/4\/2016\/04\/police-nationale-01.jpg","datePublished":"2023-11-09T18:23:41+00:00","dateModified":"2024-02-27T16:06:49+00:00","breadcrumb":{"@id":"https:\/\/vosgesinfo.fr\/saintdieinfo\/2023\/11\/quatre-nouveaux-policiers-viennent-renforcer-effectifs-commissariat-de-police-de-saint-die-vosges\/#breadcrumb"},"inLanguage":"fr-FR","potentialAction":[{"@type":"ReadAction","target":["https:\/\/vosgesinfo.fr\/saintdieinfo\/2023\/11\/quatre-nouveaux-policiers-viennent-renforcer-effectifs-commissariat-de-police-de-saint-die-vosges\/"]}]},{"@type":"ImageObject","inLanguage":"fr-FR","@id":"https:\/\/vosgesinfo.fr\/saintdieinfo\/2023\/11\/quatre-nouveaux-policiers-viennent-renforcer-effectifs-commissariat-de-police-de-saint-die-vosges\/#primaryimage","url":"https:\/\/vosgesinfo.fr\/app\/uploads\/sites\/4\/2016\/04\/police-nationale-01.jpg","contentUrl":"https:\/\/vosgesinfo.fr\/app\/uploads\/sites\/4\/2016\/04\/police-nationale-01.jpg","width":1024,"height":576},{"@type":"BreadcrumbList","@id":"https:\/\/vosgesinfo.fr\/saintdieinfo\/2023\/11\/quatre-nouveaux-policiers-viennent-renforcer-effectifs-commissariat-de-police-de-saint-die-vosges\/#breadcrumb","itemListElement":[{"@type":"ListItem","position":1,"name":"Home","item":"https:\/\/vosgesinfo.fr\/saintdieinfo\/"},{"@type":"ListItem","position":2,"name":"Quatre nouveaux policiers viennent renforcer les effectifs du commissariat de Police de Saint-Di\u00e9-des-Vosges"}]},{"@type":"WebSite","@id":"https:\/\/vosgesinfo.fr\/saintdieinfo\/#website","url":"https:\/\/vosgesinfo.fr\/saintdieinfo\/","name":"Saint Die Info","description":"Toute l&#039;actualit\u00e9 de Saint-Di\u00e9-Des-Vosges","publisher":{"@id":"https:\/\/vosgesinfo.fr\/saintdieinfo\/#organization"},"alternateName":"Toute l'actualit\u00e9 de Saint-Di\u00e9-Des-Vosges","potentialAction":[{"@type":"SearchAction","target":{"@type":"EntryPoint","urlTemplate":"https:\/\/vosgesinfo.fr\/saintdieinfo\/?s={search_term_string}"},"query-input":"required name=search_term_string"}],"inLanguage":"fr-FR"},{"@type":"Organization","@id":"https:\/\/vosgesinfo.fr\/saintdieinfo\/#organization","name":"Saint Die Info","url":"https:\/\/vosgesinfo.fr\/saintdieinfo\/","logo":{"@type":"ImageObject","inLanguage":"fr-FR","@id":"https:\/\/vosgesinfo.fr\/saintdieinfo\/#\/schema\/logo\/image\/","url":"https:\/\/vosgesinfo.fr\/app\/uploads\/sites\/4\/2024\/02\/logo-sdi.jpg","contentUrl":"https:\/\/vosgesinfo.fr\/app\/uploads\/sites\/4\/2024\/02\/logo-sdi.jpg","width":600,"height":600,"caption":"Saint Die Info"},"image":{"@id":"https:\/\/vosgesinfo.fr\/saintdieinfo\/#\/schema\/logo\/image\/"},"sameAs":["https:\/\/www.facebook.com\/Saintdieinfofr","https:\/\/x.com\/VosgesInfo88","https:\/\/www.youtube.com\/@vosgesinfo"]},{"@type":"Person","@id":"https:\/\/vosgesinfo.fr\/saintdieinfo\/#\/schema\/person\/faee6704a21f3977511db84bd1cd450f","name":"la r\u00e9daction","image":{"@type":"ImageObject","inLanguage":"fr-FR","@id":"https:\/\/vosgesinfo.fr\/saintdieinfo\/#\/schema\/person\/image\/","url":"https:\/\/secure.gravatar.com\/avatar\/6673d8bc6a9c17fa9a453eaa3448de834fa308c2ec9635b7aa99441a7c8d2cf6?s=96&d=mm&r=g","contentUrl":"https:\/\/secure.gravatar.com\/avatar\/6673d8bc6a9c17fa9a453eaa3448de834fa308c2ec9635b7aa99441a7c8d2cf6?s=96&d=mm&r=g","caption":"la r\u00e9daction"},"url":"https:\/\/vosgesinfo.fr\/saintdieinfo\/author\/redac\/"}]}},"_links":{"self":[{"href":"https:\/\/vosgesinfo.fr\/saintdieinfo\/wp-json\/wp\/v2\/posts\/27459","targetHints":{"allow":["GET"]}}],"collection":[{"href":"https:\/\/vosgesinfo.fr\/saintdieinfo\/wp-json\/wp\/v2\/posts"}],"about":[{"href":"https:\/\/vosgesinfo.fr\/saintdieinfo\/wp-json\/wp\/v2\/types\/post"}],"author":[{"embeddable":true,"href":"https:\/\/vosgesinfo.fr\/saintdieinfo\/wp-json\/wp\/v2\/users\/44"}],"replies":[{"embeddable":true,"href":"https:\/\/vosgesinfo.fr\/saintdieinfo\/wp-json\/wp\/v2\/comments?post=27459"}],"version-history":[{"count":1,"href":"https:\/\/vosgesinfo.fr\/saintdieinfo\/wp-json\/wp\/v2\/posts\/27459\/revisions"}],"predecessor-version":[{"id":30389,"href":"https:\/\/vosgesinfo.fr\/saintdieinfo\/wp-json\/wp\/v2\/posts\/27459\/revisions\/30389"}],"wp:featuredmedia":[{"embeddable":true,"href":"https:\/\/vosgesinfo.fr\/saintdieinfo\/wp-json\/wp\/v2\/media\/22036"}],"wp:attachment":[{"href":"https:\/\/vosgesinfo.fr\/saintdieinfo\/wp-json\/wp\/v2\/media?parent=27459"}],"wp:term":[{"taxonomy":"category","embeddable":true,"href":"https:\/\/vosgesinfo.fr\/saintdieinfo\/wp-json\/wp\/v2\/categories?post=27459"},{"taxonomy":"post_tag","embeddable":true,"href":"https:\/\/vosgesinfo.fr\/saintdieinfo\/wp-json\/wp\/v2\/tags?post=27459"}],"curies":[{"name":"wp","href":"https:\/\/api.w.org\/{rel}","templated":true}]}}