{"id":28601,"date":"2023-12-06T12:32:35","date_gmt":"2023-12-06T11:32:35","guid":{"rendered":"https:\/\/vosgesinfo.fr\/saintdieinfo\/2023\/12\/concert-exceptionnel-choeur-academique-de-lublin-a-saint-die-vosges\/"},"modified":"2024-02-27T17:08:26","modified_gmt":"2024-02-27T16:08:26","slug":"concert-exceptionnel-choeur-academique-de-lublin-a-saint-die-vosges","status":"publish","type":"post","link":"https:\/\/vosgesinfo.fr\/saintdieinfo\/2023\/12\/concert-exceptionnel-choeur-academique-de-lublin-a-saint-die-vosges\/","title":{"rendered":"Concert exceptionnel du Ch\u0153ur Acad\u00e9mique de Lublin \u00e0 Saint-Di\u00e9-des-Vosges"},"content":{"rendered":"<p><a href=\"https:\/\/saintdieinfo.fr\/wp-content\/uploads\/2023\/12\/Concert_Choeur_Acad\u00e9mique_Lublin-4.jpg\" target=\"_blank\" rel=\"noopener\"><img decoding=\"async\" class=\"aligncenter wp-image-209828 size-large\" src=\"https:\/\/vosgesinfo.fr\/app\/uploads\/sites\/4\/2023\/12\/concert-choeur-academique-lublin-4.jpg\" alt=\"Concert_Choeur_Acad\u00e9mique_Lublin (4)\" width=\"960\" height=\"639\" \/><\/a><\/p>\n<h2><strong><span style=\"font-size: 14pt;\"><span style=\"font-family: Calibri, sans-serif;\">C\u2019est l&rsquo;un des \u00e9v\u00e9nements musicaux du mois de d\u00e9cembre en D\u00e9odatie\u00a0: le Ch\u0153ur Acad\u00e9mique Jadwiga <\/span><span style=\"font-family: Calibri, sans-serif;\">Czerwi\u0144ska<\/span><span style=\"font-family: Calibri, sans-serif;\"> de l\u2019Universit\u00e9 Marie Curie-Sk\u0142odowska de Lublin fait \u00e9tape \u00e0 Saint-Di\u00e9-des-Vosges dans le cadre de sa tourn\u00e9e en Lorraine, ce samedi 9 \u00e0 20h30 \u00e0 l\u2019\u00e9glise Saint-Martin.<\/span><\/span><\/strong><\/h2>\n<p><!--more--><\/p>\n<p><span style=\"font-size: 12pt;\"><span style=\"font-family: Calibri, sans-serif;\">En effet, dans le cadre du jumelage entre les villes de Nancy et Lublin, trois concerts exceptionnels sont programm\u00e9s en Lorraine (9\/<\/span><span style=\"font-family: Calibri, sans-serif;\">12 \u00e0 Saint-Di\u00e9-des-Vosges, 10\/12 \u00e0 Hettange-Grande et 11\/12 \u00e0 Lun\u00e9ville) puis, mardi 12, une participation musicale \u00e0 la conf\u00e9rence des ambassadeurs du groupe de <\/span><em><span style=\"font-family: Calibri, sans-serif;\">Visegr\u00e1d<\/span><\/em><span style=\"font-family: Calibri, sans-serif;\"> dans les Salons de l\u2019H\u00f4tel de Ville de Nancy, pour ce groupe de jeunes choristes talentueux qui est<\/span><span style=\"font-family: Calibri, sans-serif;\"> l\u2019un des ensembles vocaux de jeunes les plus prestigieux de Pologne. <\/span><span style=\"font-family: Calibri, sans-serif;\">F<\/span><span style=\"font-family: Calibri, sans-serif;\">ond\u00e9 en 1949<\/span><span style=\"font-family: Calibri, sans-serif;\"> \u00e0 l\u2019initiative d\u2019un groupe d&rsquo;\u00e9tudiants dirig\u00e9 par le professeur Adam Wyle\u017cy\u0144ski, ancien recteur du Conservatoire de Vilnius<\/span><span style=\"font-family: Calibri, sans-serif;\">, le Ch\u0153ur Acad\u00e9mique de l\u2019UMCS de Lublin a multipli\u00e9 les prix et r\u00e9compenses lors de concours et festivals, en Pologne et en Europe (Belgique, Royaume-Uni, Italie\u2026).<\/span><\/span><\/p>\n<p align=\"justify\"><span style=\"font-family: Calibri, sans-serif; font-size: 12pt;\">Direction : Urszula Bobryk. Soliste : Karolina Drapa\u0142a, mezzosoprano. Accompagnement au piano par Piotr Selim (\u00e9galement compositeur). Au programme\u00a0: Gaude Mater Polonia, W rytmie bolera (Au rythme d&rsquo;un bol\u00e9ro), Alleluja (paroles de Jean Paul II, musique de Piotr Selim), Misa a Buenos Aires &#8211; Misatango\u2026 Cette tourn\u00e9e est propos\u00e9e par l\u2019association Nancy France-Pologne et le Consulat de Pologne \u00e0 Nancy\u00a0; elle est soutenue par la Ville de Nancy, la M\u00e9tropole du Grand Nancy et le Conseil D\u00e9partemental de Meurthe-et-Moselle.<\/span><\/p>\n\n<p><span style=\"font-family: Calibri, sans-serif; font-size: 12pt;\">Urszula Bobryk, professeur des universit\u00e9s d\u2019art musical, est dipl\u00f4m\u00e9e de l\u2019Acad\u00e9mie de musique Fr\u00e9d\u00e9ric Chopin \u00e0 Varsovie. Depuis 1983, elle travaille \u00e0 la Facult\u00e9 des Arts de l\u2019Universit\u00e9 Maria Curie-Sk\u0142odowska de Lublin, en tant qu\u2019enseignante dans un cursus de direction de ch\u0153ur et en tant que chef du D\u00e9partement d\u2019\u00e9tudes chorales\u00a0; en 1985, elle a pris la direction artistique du Ch\u0153ur Acad\u00e9mique UMCS, qu\u2019elle dirige encore aujourd\u2019hui. Elle est \u00e0 l\u2019origine de plusieurs cr\u00e9ations d\u2019\u0153uvres contemporaines, contribuant ainsi \u00e0 la promotion de la culture musicale polonaise en Pologne et \u00e0 l\u2019\u00e9tranger. Elle est laur\u00e9ate de neuf prix lors de concours et festivals internationaux de musique, dont deux prix individuels pour le meilleur chef d&rsquo;orchestre : \u00e0 Moers-Repelen (Allemagne, 1992) et \u00e0 Fort Lauderdale, Floride (Etats-Unis, 1999).<\/span><\/p>\n<p><span style=\"font-family: Calibri, sans-serif; font-size: 12pt;\">Piotr Selim est un compositeur, chanteur, arrangeur, producteur de musique, pianiste titulaire d\u2019un doctorat en art, accompagnateur d\u2019innombrables chanteurs et dizaines de chorales. Il a particip\u00e9 \u00e0 l\u2019enregistrement de plus de 50 albums.Depuis 24 ans, il co-cr\u00e9e la F\u00e9d\u00e9ration des Bardes de Lublin, le groupe avec lequel il a enregistr\u00e9 14 CD et DVD. Il est l\u2019un des musiciens du Kwintet Tanguillo interpr\u00e9tant les tangos d\u2019Astor Piazzolla\u00a0; il est l\u2019un des chanteurs invit\u00e9s par W\u0142odek Pawlik, laur\u00e9at du Grammy 2014, au concert le spectacle \u00ab\u00a0In the Evening\u00a0\u00bb\u00a0; il est \u00e9galement l\u2019auteur de la musique de la pi\u00e8ce de th\u00e9\u00e2tre \u00ab\u00a0Machia\u00a0\u00bb \u00e9crite et mise en sc\u00e8ne par Juliusz Machulski\u00a0; en 2023, il a re\u00e7u un disque d&rsquo;or pour \u00ab\u00a0Boogie Street &#8211; Renata Przemyk chante les chansons de Leonard Cohen\u00a0\u00bb.<\/span><\/p>\n<p><span style=\"font-family: Calibri, sans-serif; font-size: 12pt;\">Tous publics. Entr\u00e9e libre. Libre participation aux frais.<\/span><\/p>\n<p><a href=\"https:\/\/saintdieinfo.fr\/wp-content\/uploads\/2023\/12\/Concert_Choeur_Acad\u00e9mique_Lublin-3.jpg\" target=\"_blank\" rel=\"noopener\"><img decoding=\"async\" class=\"aligncenter wp-image-209827 size-large\" src=\"https:\/\/vosgesinfo.fr\/app\/uploads\/sites\/4\/2023\/12\/concert-choeur-academique-lublin-3.jpg\" alt=\"Concert_Choeur_Acad\u00e9mique_Lublin (3)\" width=\"722\" height=\"1024\" \/><\/a><\/p>\n","protected":false},"excerpt":{"rendered":"<p>C\u2019est l&rsquo;un des \u00e9v\u00e9nements musicaux du mois de d\u00e9cembre en D\u00e9odatie\u00a0: le Ch\u0153ur Acad\u00e9mique Jadwiga Czerwi\u0144ska de l\u2019Universit\u00e9 Marie Curie-Sk\u0142odowska [&hellip;]<\/p>\n","protected":false},"author":44,"featured_media":28602,"comment_status":"open","ping_status":"open","sticky":false,"template":"","format":"standard","meta":{"footnotes":""},"categories":[460,2915,17],"tags":[5234,5235,3766,5236],"class_list":["post-28601","post","type-post","status-publish","format-standard","has-post-thumbnail","hentry","category-a-la-une","category-saint-die-son-canton","category-vie-associative","tag-choeur-academique-de-lublin","tag-choeur-academique-jadwiga-czerwinska","tag-eglise-saint-martin","tag-universite-marie-curie-sklodowska-de-lublin"],"acf":[],"yoast_head":"<!-- This site is optimized with the Yoast SEO plugin v22.5 - https:\/\/yoast.com\/wordpress\/plugins\/seo\/ -->\n<title>Concert exceptionnel du Ch\u0153ur Acad\u00e9mique de Lublin \u00e0 Saint-Di\u00e9-des-Vosges - Saint Die Info<\/title>\n<meta name=\"robots\" content=\"index, follow, max-snippet:-1, max-image-preview:large, max-video-preview:-1\" \/>\n<link rel=\"canonical\" href=\"https:\/\/vosgesinfo.fr\/saintdieinfo\/2023\/12\/concert-exceptionnel-choeur-academique-de-lublin-a-saint-die-vosges\/\" \/>\n<meta name=\"twitter:card\" content=\"summary_large_image\" \/>\n<meta name=\"twitter:title\" content=\"Concert exceptionnel du Ch\u0153ur Acad\u00e9mique de Lublin \u00e0 Saint-Di\u00e9-des-Vosges - Saint Die Info\" \/>\n<meta name=\"twitter:description\" content=\"C\u2019est l&rsquo;un des \u00e9v\u00e9nements musicaux du mois de d\u00e9cembre en D\u00e9odatie\u00a0: le Ch\u0153ur Acad\u00e9mique Jadwiga Czerwi\u0144ska de l\u2019Universit\u00e9 Marie Curie-Sk\u0142odowska [&hellip;]\" \/>\n<meta name=\"twitter:image\" content=\"https:\/\/vosgesinfo.fr\/app\/uploads\/sites\/4\/2023\/12\/concert-choeur-academique-lublin-4.jpg\" \/>\n<meta name=\"twitter:creator\" content=\"@VosgesInfo88\" \/>\n<meta name=\"twitter:site\" content=\"@VosgesInfo88\" \/>\n<meta name=\"twitter:label1\" content=\"\u00c9crit par\" \/>\n\t<meta name=\"twitter:data1\" content=\"la r\u00e9daction\" \/>\n\t<meta name=\"twitter:label2\" content=\"Dur\u00e9e de lecture estim\u00e9e\" \/>\n\t<meta name=\"twitter:data2\" content=\"3 minutes\" \/>\n<script type=\"application\/ld+json\" class=\"yoast-schema-graph\">{\"@context\":\"https:\/\/schema.org\",\"@graph\":[{\"@type\":\"Article\",\"@id\":\"https:\/\/vosgesinfo.fr\/saintdieinfo\/2023\/12\/concert-exceptionnel-choeur-academique-de-lublin-a-saint-die-vosges\/#article\",\"isPartOf\":{\"@id\":\"https:\/\/vosgesinfo.fr\/saintdieinfo\/2023\/12\/concert-exceptionnel-choeur-academique-de-lublin-a-saint-die-vosges\/\"},\"author\":{\"name\":\"la r\u00e9daction\",\"@id\":\"https:\/\/vosgesinfo.fr\/saintdieinfo\/#\/schema\/person\/faee6704a21f3977511db84bd1cd450f\"},\"headline\":\"Concert exceptionnel du Ch\u0153ur Acad\u00e9mique de Lublin \u00e0 Saint-Di\u00e9-des-Vosges\",\"datePublished\":\"2023-12-06T11:32:35+00:00\",\"dateModified\":\"2024-02-27T16:08:26+00:00\",\"mainEntityOfPage\":{\"@id\":\"https:\/\/vosgesinfo.fr\/saintdieinfo\/2023\/12\/concert-exceptionnel-choeur-academique-de-lublin-a-saint-die-vosges\/\"},\"wordCount\":570,\"commentCount\":0,\"publisher\":{\"@id\":\"https:\/\/vosgesinfo.fr\/saintdieinfo\/#organization\"},\"image\":{\"@id\":\"https:\/\/vosgesinfo.fr\/saintdieinfo\/2023\/12\/concert-exceptionnel-choeur-academique-de-lublin-a-saint-die-vosges\/#primaryimage\"},\"thumbnailUrl\":\"https:\/\/vosgesinfo.fr\/app\/uploads\/sites\/4\/2023\/12\/concert-choeur-academique-lublin-4.jpg\",\"keywords\":[\"Ch\u0153ur Acad\u00e9mique de Lublin\",\"Ch\u0153ur Acad\u00e9mique Jadwiga Czerwi\u0144ska\",\"Eglise Saint-Martin\",\"Universit\u00e9 Marie Curie-Sk\u0142odowska de Lublin\"],\"articleSection\":[\"A la Une\",\"Saint-Di\u00e9-des-Vosges et son Agglom\u00e9ration\",\"Vie Associative\"],\"inLanguage\":\"fr-FR\",\"potentialAction\":[{\"@type\":\"CommentAction\",\"name\":\"Comment\",\"target\":[\"https:\/\/vosgesinfo.fr\/saintdieinfo\/2023\/12\/concert-exceptionnel-choeur-academique-de-lublin-a-saint-die-vosges\/#respond\"]}]},{\"@type\":\"WebPage\",\"@id\":\"https:\/\/vosgesinfo.fr\/saintdieinfo\/2023\/12\/concert-exceptionnel-choeur-academique-de-lublin-a-saint-die-vosges\/\",\"url\":\"https:\/\/vosgesinfo.fr\/saintdieinfo\/2023\/12\/concert-exceptionnel-choeur-academique-de-lublin-a-saint-die-vosges\/\",\"name\":\"Concert exceptionnel du Ch\u0153ur Acad\u00e9mique de Lublin \u00e0 Saint-Di\u00e9-des-Vosges - Saint Die Info\",\"isPartOf\":{\"@id\":\"https:\/\/vosgesinfo.fr\/saintdieinfo\/#website\"},\"primaryImageOfPage\":{\"@id\":\"https:\/\/vosgesinfo.fr\/saintdieinfo\/2023\/12\/concert-exceptionnel-choeur-academique-de-lublin-a-saint-die-vosges\/#primaryimage\"},\"image\":{\"@id\":\"https:\/\/vosgesinfo.fr\/saintdieinfo\/2023\/12\/concert-exceptionnel-choeur-academique-de-lublin-a-saint-die-vosges\/#primaryimage\"},\"thumbnailUrl\":\"https:\/\/vosgesinfo.fr\/app\/uploads\/sites\/4\/2023\/12\/concert-choeur-academique-lublin-4.jpg\",\"datePublished\":\"2023-12-06T11:32:35+00:00\",\"dateModified\":\"2024-02-27T16:08:26+00:00\",\"breadcrumb\":{\"@id\":\"https:\/\/vosgesinfo.fr\/saintdieinfo\/2023\/12\/concert-exceptionnel-choeur-academique-de-lublin-a-saint-die-vosges\/#breadcrumb\"},\"inLanguage\":\"fr-FR\",\"potentialAction\":[{\"@type\":\"ReadAction\",\"target\":[\"https:\/\/vosgesinfo.fr\/saintdieinfo\/2023\/12\/concert-exceptionnel-choeur-academique-de-lublin-a-saint-die-vosges\/\"]}]},{\"@type\":\"ImageObject\",\"inLanguage\":\"fr-FR\",\"@id\":\"https:\/\/vosgesinfo.fr\/saintdieinfo\/2023\/12\/concert-exceptionnel-choeur-academique-de-lublin-a-saint-die-vosges\/#primaryimage\",\"url\":\"https:\/\/vosgesinfo.fr\/app\/uploads\/sites\/4\/2023\/12\/concert-choeur-academique-lublin-4.jpg\",\"contentUrl\":\"https:\/\/vosgesinfo.fr\/app\/uploads\/sites\/4\/2023\/12\/concert-choeur-academique-lublin-4.jpg\"},{\"@type\":\"BreadcrumbList\",\"@id\":\"https:\/\/vosgesinfo.fr\/saintdieinfo\/2023\/12\/concert-exceptionnel-choeur-academique-de-lublin-a-saint-die-vosges\/#breadcrumb\",\"itemListElement\":[{\"@type\":\"ListItem\",\"position\":1,\"name\":\"Home\",\"item\":\"https:\/\/vosgesinfo.fr\/saintdieinfo\/\"},{\"@type\":\"ListItem\",\"position\":2,\"name\":\"Concert exceptionnel du Ch\u0153ur Acad\u00e9mique de Lublin \u00e0 Saint-Di\u00e9-des-Vosges\"}]},{\"@type\":\"WebSite\",\"@id\":\"https:\/\/vosgesinfo.fr\/saintdieinfo\/#website\",\"url\":\"https:\/\/vosgesinfo.fr\/saintdieinfo\/\",\"name\":\"Saint Die Info\",\"description\":\"Toute l&#039;actualit\u00e9 de Saint-Di\u00e9-Des-Vosges\",\"publisher\":{\"@id\":\"https:\/\/vosgesinfo.fr\/saintdieinfo\/#organization\"},\"alternateName\":\"Toute l'actualit\u00e9 de Saint-Di\u00e9-Des-Vosges\",\"potentialAction\":[{\"@type\":\"SearchAction\",\"target\":{\"@type\":\"EntryPoint\",\"urlTemplate\":\"https:\/\/vosgesinfo.fr\/saintdieinfo\/?s={search_term_string}\"},\"query-input\":\"required name=search_term_string\"}],\"inLanguage\":\"fr-FR\"},{\"@type\":\"Organization\",\"@id\":\"https:\/\/vosgesinfo.fr\/saintdieinfo\/#organization\",\"name\":\"Saint Die Info\",\"url\":\"https:\/\/vosgesinfo.fr\/saintdieinfo\/\",\"logo\":{\"@type\":\"ImageObject\",\"inLanguage\":\"fr-FR\",\"@id\":\"https:\/\/vosgesinfo.fr\/saintdieinfo\/#\/schema\/logo\/image\/\",\"url\":\"https:\/\/vosgesinfo.fr\/app\/uploads\/sites\/4\/2024\/02\/logo-sdi.jpg\",\"contentUrl\":\"https:\/\/vosgesinfo.fr\/app\/uploads\/sites\/4\/2024\/02\/logo-sdi.jpg\",\"width\":600,\"height\":600,\"caption\":\"Saint Die Info\"},\"image\":{\"@id\":\"https:\/\/vosgesinfo.fr\/saintdieinfo\/#\/schema\/logo\/image\/\"},\"sameAs\":[\"https:\/\/www.facebook.com\/Saintdieinfofr\",\"https:\/\/x.com\/VosgesInfo88\",\"https:\/\/www.youtube.com\/@vosgesinfo\"]},{\"@type\":\"Person\",\"@id\":\"https:\/\/vosgesinfo.fr\/saintdieinfo\/#\/schema\/person\/faee6704a21f3977511db84bd1cd450f\",\"name\":\"la r\u00e9daction\",\"image\":{\"@type\":\"ImageObject\",\"inLanguage\":\"fr-FR\",\"@id\":\"https:\/\/vosgesinfo.fr\/saintdieinfo\/#\/schema\/person\/image\/\",\"url\":\"https:\/\/secure.gravatar.com\/avatar\/6673d8bc6a9c17fa9a453eaa3448de834fa308c2ec9635b7aa99441a7c8d2cf6?s=96&d=mm&r=g\",\"contentUrl\":\"https:\/\/secure.gravatar.com\/avatar\/6673d8bc6a9c17fa9a453eaa3448de834fa308c2ec9635b7aa99441a7c8d2cf6?s=96&d=mm&r=g\",\"caption\":\"la r\u00e9daction\"},\"url\":\"https:\/\/vosgesinfo.fr\/saintdieinfo\/author\/redac\/\"}]}<\/script>\n<!-- \/ Yoast SEO plugin. -->","yoast_head_json":{"title":"Concert exceptionnel du Ch\u0153ur Acad\u00e9mique de Lublin \u00e0 Saint-Di\u00e9-des-Vosges - Saint Die Info","robots":{"index":"index","follow":"follow","max-snippet":"max-snippet:-1","max-image-preview":"max-image-preview:large","max-video-preview":"max-video-preview:-1"},"canonical":"https:\/\/vosgesinfo.fr\/saintdieinfo\/2023\/12\/concert-exceptionnel-choeur-academique-de-lublin-a-saint-die-vosges\/","twitter_card":"summary_large_image","twitter_title":"Concert exceptionnel du Ch\u0153ur Acad\u00e9mique de Lublin \u00e0 Saint-Di\u00e9-des-Vosges - Saint Die Info","twitter_description":"C\u2019est l&rsquo;un des \u00e9v\u00e9nements musicaux du mois de d\u00e9cembre en D\u00e9odatie\u00a0: le Ch\u0153ur Acad\u00e9mique Jadwiga Czerwi\u0144ska de l\u2019Universit\u00e9 Marie Curie-Sk\u0142odowska [&hellip;]","twitter_image":"https:\/\/vosgesinfo.fr\/app\/uploads\/sites\/4\/2023\/12\/concert-choeur-academique-lublin-4.jpg","twitter_creator":"@VosgesInfo88","twitter_site":"@VosgesInfo88","twitter_misc":{"\u00c9crit par":"la r\u00e9daction","Dur\u00e9e de lecture estim\u00e9e":"3 minutes"},"schema":{"@context":"https:\/\/schema.org","@graph":[{"@type":"Article","@id":"https:\/\/vosgesinfo.fr\/saintdieinfo\/2023\/12\/concert-exceptionnel-choeur-academique-de-lublin-a-saint-die-vosges\/#article","isPartOf":{"@id":"https:\/\/vosgesinfo.fr\/saintdieinfo\/2023\/12\/concert-exceptionnel-choeur-academique-de-lublin-a-saint-die-vosges\/"},"author":{"name":"la r\u00e9daction","@id":"https:\/\/vosgesinfo.fr\/saintdieinfo\/#\/schema\/person\/faee6704a21f3977511db84bd1cd450f"},"headline":"Concert exceptionnel du Ch\u0153ur Acad\u00e9mique de Lublin \u00e0 Saint-Di\u00e9-des-Vosges","datePublished":"2023-12-06T11:32:35+00:00","dateModified":"2024-02-27T16:08:26+00:00","mainEntityOfPage":{"@id":"https:\/\/vosgesinfo.fr\/saintdieinfo\/2023\/12\/concert-exceptionnel-choeur-academique-de-lublin-a-saint-die-vosges\/"},"wordCount":570,"commentCount":0,"publisher":{"@id":"https:\/\/vosgesinfo.fr\/saintdieinfo\/#organization"},"image":{"@id":"https:\/\/vosgesinfo.fr\/saintdieinfo\/2023\/12\/concert-exceptionnel-choeur-academique-de-lublin-a-saint-die-vosges\/#primaryimage"},"thumbnailUrl":"https:\/\/vosgesinfo.fr\/app\/uploads\/sites\/4\/2023\/12\/concert-choeur-academique-lublin-4.jpg","keywords":["Ch\u0153ur Acad\u00e9mique de Lublin","Ch\u0153ur Acad\u00e9mique Jadwiga Czerwi\u0144ska","Eglise Saint-Martin","Universit\u00e9 Marie Curie-Sk\u0142odowska de Lublin"],"articleSection":["A la Une","Saint-Di\u00e9-des-Vosges et son Agglom\u00e9ration","Vie Associative"],"inLanguage":"fr-FR","potentialAction":[{"@type":"CommentAction","name":"Comment","target":["https:\/\/vosgesinfo.fr\/saintdieinfo\/2023\/12\/concert-exceptionnel-choeur-academique-de-lublin-a-saint-die-vosges\/#respond"]}]},{"@type":"WebPage","@id":"https:\/\/vosgesinfo.fr\/saintdieinfo\/2023\/12\/concert-exceptionnel-choeur-academique-de-lublin-a-saint-die-vosges\/","url":"https:\/\/vosgesinfo.fr\/saintdieinfo\/2023\/12\/concert-exceptionnel-choeur-academique-de-lublin-a-saint-die-vosges\/","name":"Concert exceptionnel du Ch\u0153ur Acad\u00e9mique de Lublin \u00e0 Saint-Di\u00e9-des-Vosges - Saint Die Info","isPartOf":{"@id":"https:\/\/vosgesinfo.fr\/saintdieinfo\/#website"},"primaryImageOfPage":{"@id":"https:\/\/vosgesinfo.fr\/saintdieinfo\/2023\/12\/concert-exceptionnel-choeur-academique-de-lublin-a-saint-die-vosges\/#primaryimage"},"image":{"@id":"https:\/\/vosgesinfo.fr\/saintdieinfo\/2023\/12\/concert-exceptionnel-choeur-academique-de-lublin-a-saint-die-vosges\/#primaryimage"},"thumbnailUrl":"https:\/\/vosgesinfo.fr\/app\/uploads\/sites\/4\/2023\/12\/concert-choeur-academique-lublin-4.jpg","datePublished":"2023-12-06T11:32:35+00:00","dateModified":"2024-02-27T16:08:26+00:00","breadcrumb":{"@id":"https:\/\/vosgesinfo.fr\/saintdieinfo\/2023\/12\/concert-exceptionnel-choeur-academique-de-lublin-a-saint-die-vosges\/#breadcrumb"},"inLanguage":"fr-FR","potentialAction":[{"@type":"ReadAction","target":["https:\/\/vosgesinfo.fr\/saintdieinfo\/2023\/12\/concert-exceptionnel-choeur-academique-de-lublin-a-saint-die-vosges\/"]}]},{"@type":"ImageObject","inLanguage":"fr-FR","@id":"https:\/\/vosgesinfo.fr\/saintdieinfo\/2023\/12\/concert-exceptionnel-choeur-academique-de-lublin-a-saint-die-vosges\/#primaryimage","url":"https:\/\/vosgesinfo.fr\/app\/uploads\/sites\/4\/2023\/12\/concert-choeur-academique-lublin-4.jpg","contentUrl":"https:\/\/vosgesinfo.fr\/app\/uploads\/sites\/4\/2023\/12\/concert-choeur-academique-lublin-4.jpg"},{"@type":"BreadcrumbList","@id":"https:\/\/vosgesinfo.fr\/saintdieinfo\/2023\/12\/concert-exceptionnel-choeur-academique-de-lublin-a-saint-die-vosges\/#breadcrumb","itemListElement":[{"@type":"ListItem","position":1,"name":"Home","item":"https:\/\/vosgesinfo.fr\/saintdieinfo\/"},{"@type":"ListItem","position":2,"name":"Concert exceptionnel du Ch\u0153ur Acad\u00e9mique de Lublin \u00e0 Saint-Di\u00e9-des-Vosges"}]},{"@type":"WebSite","@id":"https:\/\/vosgesinfo.fr\/saintdieinfo\/#website","url":"https:\/\/vosgesinfo.fr\/saintdieinfo\/","name":"Saint Die Info","description":"Toute l&#039;actualit\u00e9 de Saint-Di\u00e9-Des-Vosges","publisher":{"@id":"https:\/\/vosgesinfo.fr\/saintdieinfo\/#organization"},"alternateName":"Toute l'actualit\u00e9 de Saint-Di\u00e9-Des-Vosges","potentialAction":[{"@type":"SearchAction","target":{"@type":"EntryPoint","urlTemplate":"https:\/\/vosgesinfo.fr\/saintdieinfo\/?s={search_term_string}"},"query-input":"required name=search_term_string"}],"inLanguage":"fr-FR"},{"@type":"Organization","@id":"https:\/\/vosgesinfo.fr\/saintdieinfo\/#organization","name":"Saint Die Info","url":"https:\/\/vosgesinfo.fr\/saintdieinfo\/","logo":{"@type":"ImageObject","inLanguage":"fr-FR","@id":"https:\/\/vosgesinfo.fr\/saintdieinfo\/#\/schema\/logo\/image\/","url":"https:\/\/vosgesinfo.fr\/app\/uploads\/sites\/4\/2024\/02\/logo-sdi.jpg","contentUrl":"https:\/\/vosgesinfo.fr\/app\/uploads\/sites\/4\/2024\/02\/logo-sdi.jpg","width":600,"height":600,"caption":"Saint Die Info"},"image":{"@id":"https:\/\/vosgesinfo.fr\/saintdieinfo\/#\/schema\/logo\/image\/"},"sameAs":["https:\/\/www.facebook.com\/Saintdieinfofr","https:\/\/x.com\/VosgesInfo88","https:\/\/www.youtube.com\/@vosgesinfo"]},{"@type":"Person","@id":"https:\/\/vosgesinfo.fr\/saintdieinfo\/#\/schema\/person\/faee6704a21f3977511db84bd1cd450f","name":"la r\u00e9daction","image":{"@type":"ImageObject","inLanguage":"fr-FR","@id":"https:\/\/vosgesinfo.fr\/saintdieinfo\/#\/schema\/person\/image\/","url":"https:\/\/secure.gravatar.com\/avatar\/6673d8bc6a9c17fa9a453eaa3448de834fa308c2ec9635b7aa99441a7c8d2cf6?s=96&d=mm&r=g","contentUrl":"https:\/\/secure.gravatar.com\/avatar\/6673d8bc6a9c17fa9a453eaa3448de834fa308c2ec9635b7aa99441a7c8d2cf6?s=96&d=mm&r=g","caption":"la r\u00e9daction"},"url":"https:\/\/vosgesinfo.fr\/saintdieinfo\/author\/redac\/"}]}},"_links":{"self":[{"href":"https:\/\/vosgesinfo.fr\/saintdieinfo\/wp-json\/wp\/v2\/posts\/28601","targetHints":{"allow":["GET"]}}],"collection":[{"href":"https:\/\/vosgesinfo.fr\/saintdieinfo\/wp-json\/wp\/v2\/posts"}],"about":[{"href":"https:\/\/vosgesinfo.fr\/saintdieinfo\/wp-json\/wp\/v2\/types\/post"}],"author":[{"embeddable":true,"href":"https:\/\/vosgesinfo.fr\/saintdieinfo\/wp-json\/wp\/v2\/users\/44"}],"replies":[{"embeddable":true,"href":"https:\/\/vosgesinfo.fr\/saintdieinfo\/wp-json\/wp\/v2\/comments?post=28601"}],"version-history":[{"count":1,"href":"https:\/\/vosgesinfo.fr\/saintdieinfo\/wp-json\/wp\/v2\/posts\/28601\/revisions"}],"predecessor-version":[{"id":30669,"href":"https:\/\/vosgesinfo.fr\/saintdieinfo\/wp-json\/wp\/v2\/posts\/28601\/revisions\/30669"}],"wp:featuredmedia":[{"embeddable":true,"href":"https:\/\/vosgesinfo.fr\/saintdieinfo\/wp-json\/wp\/v2\/media\/28602"}],"wp:attachment":[{"href":"https:\/\/vosgesinfo.fr\/saintdieinfo\/wp-json\/wp\/v2\/media?parent=28601"}],"wp:term":[{"taxonomy":"category","embeddable":true,"href":"https:\/\/vosgesinfo.fr\/saintdieinfo\/wp-json\/wp\/v2\/categories?post=28601"},{"taxonomy":"post_tag","embeddable":true,"href":"https:\/\/vosgesinfo.fr\/saintdieinfo\/wp-json\/wp\/v2\/tags?post=28601"}],"curies":[{"name":"wp","href":"https:\/\/api.w.org\/{rel}","templated":true}]}}