{"id":28618,"date":"2023-12-06T13:33:55","date_gmt":"2023-12-06T12:33:55","guid":{"rendered":"https:\/\/vosgesinfo.fr\/saintdieinfo\/2023\/12\/ban-meurthe-clefcy-creche-dexception-leglise-sainte-agathe\/"},"modified":"2024-02-27T17:08:30","modified_gmt":"2024-02-27T16:08:30","slug":"ban-meurthe-clefcy-creche-dexception-leglise-sainte-agathe","status":"publish","type":"post","link":"https:\/\/vosgesinfo.fr\/saintdieinfo\/2023\/12\/ban-meurthe-clefcy-creche-dexception-leglise-sainte-agathe\/","title":{"rendered":"Ban-sur-Meurthe-Clefcy \u2013 Une cr\u00e8che d&rsquo;exception en l&rsquo;\u00e9glise Sainte-Agathe"},"content":{"rendered":"<h2 dir=\"ltr\"><strong><span style=\"font-size: 14pt;\">La paroisse Notre-Dame du val de Meurthe pr\u00e9sente depuis dimanche dernier, et jusqu&rsquo;\u00e0 l&rsquo;Epiphanie, une cr\u00e8che d&rsquo;exception qui couvre tout le ch\u0153ur de l&rsquo;\u00e9glise Sainte-Agathe de Ban-sur-Meurthe-Clefcy.<\/span><\/strong><\/h2>\n<p><!--more--><\/p>\n<div dir=\"ltr\">Cette cr\u00e8che a \u00e9t\u00e9 construite avec l&rsquo;aide de nombreuses personnes de la paroisse et du village. Un accueil avec parcours spirituel, vente de livres sur No\u00ebl et boissons chaudes est assur\u00e9 chaque samedi et dimanche de l&rsquo;Avent.\u00a0 L&rsquo;\u00e9glise est ouverte tous les jours du matin au soir. Messe chaque jeudi de l&rsquo;Avent \u00e0 18 h et le 25 d\u00e9cembre \u00e0 10 h.<\/div>\n<div dir=\"ltr\"><a href=\"https:\/\/saintdieinfo.fr\/wp-content\/uploads\/2023\/12\/flyer_clefcy2.jpeg\" target=\"_blank\" rel=\"noopener\"><img decoding=\"async\" class=\"aligncenter wp-image-209861 size-large\" src=\"https:\/\/vosgesinfo.fr\/app\/uploads\/sites\/4\/2023\/12\/flyer-clefcy2.jpeg\" alt=\"flyer_clefcy2\" width=\"728\" height=\"1024\" \/><\/a><\/div>\n","protected":false},"excerpt":{"rendered":"<p>La paroisse Notre-Dame du val de Meurthe pr\u00e9sente depuis dimanche dernier, et jusqu&rsquo;\u00e0 l&rsquo;Epiphanie, une cr\u00e8che d&rsquo;exception qui couvre tout [&hellip;]<\/p>\n","protected":false},"author":44,"featured_media":28619,"comment_status":"open","ping_status":"open","sticky":false,"template":"","format":"standard","meta":{"footnotes":""},"categories":[3900,2915],"tags":[3822,5239,5240,5241],"class_list":["post-28618","post","type-post","status-publish","format-standard","has-post-thumbnail","hentry","category-breves","category-saint-die-son-canton","tag-ban-sur-meurthe-clefcy","tag-creche-dexception","tag-eglise-sainte-agathe-de-ban-de-sur-meurthe-clefcy","tag-paroisse-notre-dame-du-val-de-meurthe"],"acf":[],"yoast_head":"<!-- This site is optimized with the Yoast SEO plugin v22.5 - https:\/\/yoast.com\/wordpress\/plugins\/seo\/ -->\n<title>Ban-sur-Meurthe-Clefcy \u2013 Une cr\u00e8che d&#039;exception en l&#039;\u00e9glise Sainte-Agathe - Saint Die Info<\/title>\n<meta name=\"robots\" content=\"index, follow, max-snippet:-1, max-image-preview:large, max-video-preview:-1\" \/>\n<link rel=\"canonical\" href=\"https:\/\/vosgesinfo.fr\/saintdieinfo\/2023\/12\/ban-meurthe-clefcy-creche-dexception-leglise-sainte-agathe\/\" \/>\n<meta name=\"twitter:card\" content=\"summary_large_image\" \/>\n<meta name=\"twitter:title\" content=\"Ban-sur-Meurthe-Clefcy \u2013 Une cr\u00e8che d&#039;exception en l&#039;\u00e9glise Sainte-Agathe - Saint Die Info\" \/>\n<meta name=\"twitter:description\" content=\"La paroisse Notre-Dame du val de Meurthe pr\u00e9sente depuis dimanche dernier, et jusqu&rsquo;\u00e0 l&rsquo;Epiphanie, une cr\u00e8che d&rsquo;exception qui couvre tout [&hellip;]\" \/>\n<meta name=\"twitter:image\" content=\"https:\/\/vosgesinfo.fr\/app\/uploads\/sites\/4\/2023\/12\/flyer-clefcy2.jpeg\" \/>\n<meta name=\"twitter:creator\" content=\"@VosgesInfo88\" \/>\n<meta name=\"twitter:site\" content=\"@VosgesInfo88\" \/>\n<meta name=\"twitter:label1\" content=\"\u00c9crit par\" \/>\n\t<meta name=\"twitter:data1\" content=\"la r\u00e9daction\" \/>\n<script type=\"application\/ld+json\" class=\"yoast-schema-graph\">{\"@context\":\"https:\/\/schema.org\",\"@graph\":[{\"@type\":\"Article\",\"@id\":\"https:\/\/vosgesinfo.fr\/saintdieinfo\/2023\/12\/ban-meurthe-clefcy-creche-dexception-leglise-sainte-agathe\/#article\",\"isPartOf\":{\"@id\":\"https:\/\/vosgesinfo.fr\/saintdieinfo\/2023\/12\/ban-meurthe-clefcy-creche-dexception-leglise-sainte-agathe\/\"},\"author\":{\"name\":\"la r\u00e9daction\",\"@id\":\"https:\/\/vosgesinfo.fr\/saintdieinfo\/#\/schema\/person\/faee6704a21f3977511db84bd1cd450f\"},\"headline\":\"Ban-sur-Meurthe-Clefcy \u2013 Une cr\u00e8che d&rsquo;exception en l&rsquo;\u00e9glise Sainte-Agathe\",\"datePublished\":\"2023-12-06T12:33:55+00:00\",\"dateModified\":\"2024-02-27T16:08:30+00:00\",\"mainEntityOfPage\":{\"@id\":\"https:\/\/vosgesinfo.fr\/saintdieinfo\/2023\/12\/ban-meurthe-clefcy-creche-dexception-leglise-sainte-agathe\/\"},\"wordCount\":107,\"commentCount\":0,\"publisher\":{\"@id\":\"https:\/\/vosgesinfo.fr\/saintdieinfo\/#organization\"},\"image\":{\"@id\":\"https:\/\/vosgesinfo.fr\/saintdieinfo\/2023\/12\/ban-meurthe-clefcy-creche-dexception-leglise-sainte-agathe\/#primaryimage\"},\"thumbnailUrl\":\"https:\/\/vosgesinfo.fr\/app\/uploads\/sites\/4\/2023\/12\/flyer-clefcy2.jpeg\",\"keywords\":[\"Ban-sur-Meurthe-Clefcy\",\"Cr\u00e8che d'exception\",\"Eglise Sainte-Agathe de Ban-de-sur-Meurthe-Clefcy\",\"Paroisse Notre-Dame du Val de Meurthe\"],\"articleSection\":[\"Br\u00e8ves\",\"Saint-Di\u00e9-des-Vosges et son Agglom\u00e9ration\"],\"inLanguage\":\"fr-FR\",\"potentialAction\":[{\"@type\":\"CommentAction\",\"name\":\"Comment\",\"target\":[\"https:\/\/vosgesinfo.fr\/saintdieinfo\/2023\/12\/ban-meurthe-clefcy-creche-dexception-leglise-sainte-agathe\/#respond\"]}]},{\"@type\":\"WebPage\",\"@id\":\"https:\/\/vosgesinfo.fr\/saintdieinfo\/2023\/12\/ban-meurthe-clefcy-creche-dexception-leglise-sainte-agathe\/\",\"url\":\"https:\/\/vosgesinfo.fr\/saintdieinfo\/2023\/12\/ban-meurthe-clefcy-creche-dexception-leglise-sainte-agathe\/\",\"name\":\"Ban-sur-Meurthe-Clefcy \u2013 Une cr\u00e8che d'exception en l'\u00e9glise Sainte-Agathe - Saint Die Info\",\"isPartOf\":{\"@id\":\"https:\/\/vosgesinfo.fr\/saintdieinfo\/#website\"},\"primaryImageOfPage\":{\"@id\":\"https:\/\/vosgesinfo.fr\/saintdieinfo\/2023\/12\/ban-meurthe-clefcy-creche-dexception-leglise-sainte-agathe\/#primaryimage\"},\"image\":{\"@id\":\"https:\/\/vosgesinfo.fr\/saintdieinfo\/2023\/12\/ban-meurthe-clefcy-creche-dexception-leglise-sainte-agathe\/#primaryimage\"},\"thumbnailUrl\":\"https:\/\/vosgesinfo.fr\/app\/uploads\/sites\/4\/2023\/12\/flyer-clefcy2.jpeg\",\"datePublished\":\"2023-12-06T12:33:55+00:00\",\"dateModified\":\"2024-02-27T16:08:30+00:00\",\"breadcrumb\":{\"@id\":\"https:\/\/vosgesinfo.fr\/saintdieinfo\/2023\/12\/ban-meurthe-clefcy-creche-dexception-leglise-sainte-agathe\/#breadcrumb\"},\"inLanguage\":\"fr-FR\",\"potentialAction\":[{\"@type\":\"ReadAction\",\"target\":[\"https:\/\/vosgesinfo.fr\/saintdieinfo\/2023\/12\/ban-meurthe-clefcy-creche-dexception-leglise-sainte-agathe\/\"]}]},{\"@type\":\"ImageObject\",\"inLanguage\":\"fr-FR\",\"@id\":\"https:\/\/vosgesinfo.fr\/saintdieinfo\/2023\/12\/ban-meurthe-clefcy-creche-dexception-leglise-sainte-agathe\/#primaryimage\",\"url\":\"https:\/\/vosgesinfo.fr\/app\/uploads\/sites\/4\/2023\/12\/flyer-clefcy2.jpeg\",\"contentUrl\":\"https:\/\/vosgesinfo.fr\/app\/uploads\/sites\/4\/2023\/12\/flyer-clefcy2.jpeg\"},{\"@type\":\"BreadcrumbList\",\"@id\":\"https:\/\/vosgesinfo.fr\/saintdieinfo\/2023\/12\/ban-meurthe-clefcy-creche-dexception-leglise-sainte-agathe\/#breadcrumb\",\"itemListElement\":[{\"@type\":\"ListItem\",\"position\":1,\"name\":\"Home\",\"item\":\"https:\/\/vosgesinfo.fr\/saintdieinfo\/\"},{\"@type\":\"ListItem\",\"position\":2,\"name\":\"Ban-sur-Meurthe-Clefcy \u2013 Une cr\u00e8che d&rsquo;exception en l&rsquo;\u00e9glise Sainte-Agathe\"}]},{\"@type\":\"WebSite\",\"@id\":\"https:\/\/vosgesinfo.fr\/saintdieinfo\/#website\",\"url\":\"https:\/\/vosgesinfo.fr\/saintdieinfo\/\",\"name\":\"Saint Die Info\",\"description\":\"Toute l&#039;actualit\u00e9 de Saint-Di\u00e9-Des-Vosges\",\"publisher\":{\"@id\":\"https:\/\/vosgesinfo.fr\/saintdieinfo\/#organization\"},\"alternateName\":\"Toute l'actualit\u00e9 de Saint-Di\u00e9-Des-Vosges\",\"potentialAction\":[{\"@type\":\"SearchAction\",\"target\":{\"@type\":\"EntryPoint\",\"urlTemplate\":\"https:\/\/vosgesinfo.fr\/saintdieinfo\/?s={search_term_string}\"},\"query-input\":\"required name=search_term_string\"}],\"inLanguage\":\"fr-FR\"},{\"@type\":\"Organization\",\"@id\":\"https:\/\/vosgesinfo.fr\/saintdieinfo\/#organization\",\"name\":\"Saint Die Info\",\"url\":\"https:\/\/vosgesinfo.fr\/saintdieinfo\/\",\"logo\":{\"@type\":\"ImageObject\",\"inLanguage\":\"fr-FR\",\"@id\":\"https:\/\/vosgesinfo.fr\/saintdieinfo\/#\/schema\/logo\/image\/\",\"url\":\"https:\/\/vosgesinfo.fr\/app\/uploads\/sites\/4\/2024\/02\/logo-sdi.jpg\",\"contentUrl\":\"https:\/\/vosgesinfo.fr\/app\/uploads\/sites\/4\/2024\/02\/logo-sdi.jpg\",\"width\":600,\"height\":600,\"caption\":\"Saint Die Info\"},\"image\":{\"@id\":\"https:\/\/vosgesinfo.fr\/saintdieinfo\/#\/schema\/logo\/image\/\"},\"sameAs\":[\"https:\/\/www.facebook.com\/Saintdieinfofr\",\"https:\/\/x.com\/VosgesInfo88\",\"https:\/\/www.youtube.com\/@vosgesinfo\"]},{\"@type\":\"Person\",\"@id\":\"https:\/\/vosgesinfo.fr\/saintdieinfo\/#\/schema\/person\/faee6704a21f3977511db84bd1cd450f\",\"name\":\"la r\u00e9daction\",\"image\":{\"@type\":\"ImageObject\",\"inLanguage\":\"fr-FR\",\"@id\":\"https:\/\/vosgesinfo.fr\/saintdieinfo\/#\/schema\/person\/image\/\",\"url\":\"https:\/\/secure.gravatar.com\/avatar\/6673d8bc6a9c17fa9a453eaa3448de834fa308c2ec9635b7aa99441a7c8d2cf6?s=96&d=mm&r=g\",\"contentUrl\":\"https:\/\/secure.gravatar.com\/avatar\/6673d8bc6a9c17fa9a453eaa3448de834fa308c2ec9635b7aa99441a7c8d2cf6?s=96&d=mm&r=g\",\"caption\":\"la r\u00e9daction\"},\"url\":\"https:\/\/vosgesinfo.fr\/saintdieinfo\/author\/redac\/\"}]}<\/script>\n<!-- \/ Yoast SEO plugin. -->","yoast_head_json":{"title":"Ban-sur-Meurthe-Clefcy \u2013 Une cr\u00e8che d'exception en l'\u00e9glise Sainte-Agathe - Saint Die Info","robots":{"index":"index","follow":"follow","max-snippet":"max-snippet:-1","max-image-preview":"max-image-preview:large","max-video-preview":"max-video-preview:-1"},"canonical":"https:\/\/vosgesinfo.fr\/saintdieinfo\/2023\/12\/ban-meurthe-clefcy-creche-dexception-leglise-sainte-agathe\/","twitter_card":"summary_large_image","twitter_title":"Ban-sur-Meurthe-Clefcy \u2013 Une cr\u00e8che d'exception en l'\u00e9glise Sainte-Agathe - Saint Die Info","twitter_description":"La paroisse Notre-Dame du val de Meurthe pr\u00e9sente depuis dimanche dernier, et jusqu&rsquo;\u00e0 l&rsquo;Epiphanie, une cr\u00e8che d&rsquo;exception qui couvre tout [&hellip;]","twitter_image":"https:\/\/vosgesinfo.fr\/app\/uploads\/sites\/4\/2023\/12\/flyer-clefcy2.jpeg","twitter_creator":"@VosgesInfo88","twitter_site":"@VosgesInfo88","twitter_misc":{"\u00c9crit par":"la r\u00e9daction"},"schema":{"@context":"https:\/\/schema.org","@graph":[{"@type":"Article","@id":"https:\/\/vosgesinfo.fr\/saintdieinfo\/2023\/12\/ban-meurthe-clefcy-creche-dexception-leglise-sainte-agathe\/#article","isPartOf":{"@id":"https:\/\/vosgesinfo.fr\/saintdieinfo\/2023\/12\/ban-meurthe-clefcy-creche-dexception-leglise-sainte-agathe\/"},"author":{"name":"la r\u00e9daction","@id":"https:\/\/vosgesinfo.fr\/saintdieinfo\/#\/schema\/person\/faee6704a21f3977511db84bd1cd450f"},"headline":"Ban-sur-Meurthe-Clefcy \u2013 Une cr\u00e8che d&rsquo;exception en l&rsquo;\u00e9glise Sainte-Agathe","datePublished":"2023-12-06T12:33:55+00:00","dateModified":"2024-02-27T16:08:30+00:00","mainEntityOfPage":{"@id":"https:\/\/vosgesinfo.fr\/saintdieinfo\/2023\/12\/ban-meurthe-clefcy-creche-dexception-leglise-sainte-agathe\/"},"wordCount":107,"commentCount":0,"publisher":{"@id":"https:\/\/vosgesinfo.fr\/saintdieinfo\/#organization"},"image":{"@id":"https:\/\/vosgesinfo.fr\/saintdieinfo\/2023\/12\/ban-meurthe-clefcy-creche-dexception-leglise-sainte-agathe\/#primaryimage"},"thumbnailUrl":"https:\/\/vosgesinfo.fr\/app\/uploads\/sites\/4\/2023\/12\/flyer-clefcy2.jpeg","keywords":["Ban-sur-Meurthe-Clefcy","Cr\u00e8che d'exception","Eglise Sainte-Agathe de Ban-de-sur-Meurthe-Clefcy","Paroisse Notre-Dame du Val de Meurthe"],"articleSection":["Br\u00e8ves","Saint-Di\u00e9-des-Vosges et son Agglom\u00e9ration"],"inLanguage":"fr-FR","potentialAction":[{"@type":"CommentAction","name":"Comment","target":["https:\/\/vosgesinfo.fr\/saintdieinfo\/2023\/12\/ban-meurthe-clefcy-creche-dexception-leglise-sainte-agathe\/#respond"]}]},{"@type":"WebPage","@id":"https:\/\/vosgesinfo.fr\/saintdieinfo\/2023\/12\/ban-meurthe-clefcy-creche-dexception-leglise-sainte-agathe\/","url":"https:\/\/vosgesinfo.fr\/saintdieinfo\/2023\/12\/ban-meurthe-clefcy-creche-dexception-leglise-sainte-agathe\/","name":"Ban-sur-Meurthe-Clefcy \u2013 Une cr\u00e8che d'exception en l'\u00e9glise Sainte-Agathe - Saint Die Info","isPartOf":{"@id":"https:\/\/vosgesinfo.fr\/saintdieinfo\/#website"},"primaryImageOfPage":{"@id":"https:\/\/vosgesinfo.fr\/saintdieinfo\/2023\/12\/ban-meurthe-clefcy-creche-dexception-leglise-sainte-agathe\/#primaryimage"},"image":{"@id":"https:\/\/vosgesinfo.fr\/saintdieinfo\/2023\/12\/ban-meurthe-clefcy-creche-dexception-leglise-sainte-agathe\/#primaryimage"},"thumbnailUrl":"https:\/\/vosgesinfo.fr\/app\/uploads\/sites\/4\/2023\/12\/flyer-clefcy2.jpeg","datePublished":"2023-12-06T12:33:55+00:00","dateModified":"2024-02-27T16:08:30+00:00","breadcrumb":{"@id":"https:\/\/vosgesinfo.fr\/saintdieinfo\/2023\/12\/ban-meurthe-clefcy-creche-dexception-leglise-sainte-agathe\/#breadcrumb"},"inLanguage":"fr-FR","potentialAction":[{"@type":"ReadAction","target":["https:\/\/vosgesinfo.fr\/saintdieinfo\/2023\/12\/ban-meurthe-clefcy-creche-dexception-leglise-sainte-agathe\/"]}]},{"@type":"ImageObject","inLanguage":"fr-FR","@id":"https:\/\/vosgesinfo.fr\/saintdieinfo\/2023\/12\/ban-meurthe-clefcy-creche-dexception-leglise-sainte-agathe\/#primaryimage","url":"https:\/\/vosgesinfo.fr\/app\/uploads\/sites\/4\/2023\/12\/flyer-clefcy2.jpeg","contentUrl":"https:\/\/vosgesinfo.fr\/app\/uploads\/sites\/4\/2023\/12\/flyer-clefcy2.jpeg"},{"@type":"BreadcrumbList","@id":"https:\/\/vosgesinfo.fr\/saintdieinfo\/2023\/12\/ban-meurthe-clefcy-creche-dexception-leglise-sainte-agathe\/#breadcrumb","itemListElement":[{"@type":"ListItem","position":1,"name":"Home","item":"https:\/\/vosgesinfo.fr\/saintdieinfo\/"},{"@type":"ListItem","position":2,"name":"Ban-sur-Meurthe-Clefcy \u2013 Une cr\u00e8che d&rsquo;exception en l&rsquo;\u00e9glise Sainte-Agathe"}]},{"@type":"WebSite","@id":"https:\/\/vosgesinfo.fr\/saintdieinfo\/#website","url":"https:\/\/vosgesinfo.fr\/saintdieinfo\/","name":"Saint Die Info","description":"Toute l&#039;actualit\u00e9 de Saint-Di\u00e9-Des-Vosges","publisher":{"@id":"https:\/\/vosgesinfo.fr\/saintdieinfo\/#organization"},"alternateName":"Toute l'actualit\u00e9 de Saint-Di\u00e9-Des-Vosges","potentialAction":[{"@type":"SearchAction","target":{"@type":"EntryPoint","urlTemplate":"https:\/\/vosgesinfo.fr\/saintdieinfo\/?s={search_term_string}"},"query-input":"required name=search_term_string"}],"inLanguage":"fr-FR"},{"@type":"Organization","@id":"https:\/\/vosgesinfo.fr\/saintdieinfo\/#organization","name":"Saint Die Info","url":"https:\/\/vosgesinfo.fr\/saintdieinfo\/","logo":{"@type":"ImageObject","inLanguage":"fr-FR","@id":"https:\/\/vosgesinfo.fr\/saintdieinfo\/#\/schema\/logo\/image\/","url":"https:\/\/vosgesinfo.fr\/app\/uploads\/sites\/4\/2024\/02\/logo-sdi.jpg","contentUrl":"https:\/\/vosgesinfo.fr\/app\/uploads\/sites\/4\/2024\/02\/logo-sdi.jpg","width":600,"height":600,"caption":"Saint Die Info"},"image":{"@id":"https:\/\/vosgesinfo.fr\/saintdieinfo\/#\/schema\/logo\/image\/"},"sameAs":["https:\/\/www.facebook.com\/Saintdieinfofr","https:\/\/x.com\/VosgesInfo88","https:\/\/www.youtube.com\/@vosgesinfo"]},{"@type":"Person","@id":"https:\/\/vosgesinfo.fr\/saintdieinfo\/#\/schema\/person\/faee6704a21f3977511db84bd1cd450f","name":"la r\u00e9daction","image":{"@type":"ImageObject","inLanguage":"fr-FR","@id":"https:\/\/vosgesinfo.fr\/saintdieinfo\/#\/schema\/person\/image\/","url":"https:\/\/secure.gravatar.com\/avatar\/6673d8bc6a9c17fa9a453eaa3448de834fa308c2ec9635b7aa99441a7c8d2cf6?s=96&d=mm&r=g","contentUrl":"https:\/\/secure.gravatar.com\/avatar\/6673d8bc6a9c17fa9a453eaa3448de834fa308c2ec9635b7aa99441a7c8d2cf6?s=96&d=mm&r=g","caption":"la r\u00e9daction"},"url":"https:\/\/vosgesinfo.fr\/saintdieinfo\/author\/redac\/"}]}},"_links":{"self":[{"href":"https:\/\/vosgesinfo.fr\/saintdieinfo\/wp-json\/wp\/v2\/posts\/28618","targetHints":{"allow":["GET"]}}],"collection":[{"href":"https:\/\/vosgesinfo.fr\/saintdieinfo\/wp-json\/wp\/v2\/posts"}],"about":[{"href":"https:\/\/vosgesinfo.fr\/saintdieinfo\/wp-json\/wp\/v2\/types\/post"}],"author":[{"embeddable":true,"href":"https:\/\/vosgesinfo.fr\/saintdieinfo\/wp-json\/wp\/v2\/users\/44"}],"replies":[{"embeddable":true,"href":"https:\/\/vosgesinfo.fr\/saintdieinfo\/wp-json\/wp\/v2\/comments?post=28618"}],"version-history":[{"count":1,"href":"https:\/\/vosgesinfo.fr\/saintdieinfo\/wp-json\/wp\/v2\/posts\/28618\/revisions"}],"predecessor-version":[{"id":30674,"href":"https:\/\/vosgesinfo.fr\/saintdieinfo\/wp-json\/wp\/v2\/posts\/28618\/revisions\/30674"}],"wp:featuredmedia":[{"embeddable":true,"href":"https:\/\/vosgesinfo.fr\/saintdieinfo\/wp-json\/wp\/v2\/media\/28619"}],"wp:attachment":[{"href":"https:\/\/vosgesinfo.fr\/saintdieinfo\/wp-json\/wp\/v2\/media?parent=28618"}],"wp:term":[{"taxonomy":"category","embeddable":true,"href":"https:\/\/vosgesinfo.fr\/saintdieinfo\/wp-json\/wp\/v2\/categories?post=28618"},{"taxonomy":"post_tag","embeddable":true,"href":"https:\/\/vosgesinfo.fr\/saintdieinfo\/wp-json\/wp\/v2\/tags?post=28618"}],"curies":[{"name":"wp","href":"https:\/\/api.w.org\/{rel}","templated":true}]}}