{"id":31083,"date":"2024-03-05T09:13:23","date_gmt":"2024-03-05T08:13:23","guid":{"rendered":"https:\/\/vosgesinfo.fr\/saintdieinfo\/?p=31083"},"modified":"2024-03-05T09:13:23","modified_gmt":"2024-03-05T08:13:23","slug":"une-journee-deodatienne-consacree-au-basket-feminin","status":"publish","type":"post","link":"https:\/\/vosgesinfo.fr\/saintdieinfo\/2024\/03\/une-journee-deodatienne-consacree-au-basket-feminin\/","title":{"rendered":"Une journ\u00e9e d\u00e9odatienne consacr\u00e9e au basket f\u00e9minin"},"content":{"rendered":"<div id=\"attachment_31084\" style=\"width: 1034px\" class=\"wp-caption alignnone\"><img decoding=\"async\" aria-describedby=\"caption-attachment-31084\" class=\"wp-image-31084 size-large\" src=\"https:\/\/vosgesinfo.fr\/app\/uploads\/sites\/4\/2024\/03\/journee-basket-feminin-1024x768.jpg\" alt=\"\" width=\"1024\" height=\"768\" srcset=\"https:\/\/vosgesinfo.fr\/app\/uploads\/sites\/4\/2024\/03\/journee-basket-feminin-1024x768.jpg 1024w, https:\/\/vosgesinfo.fr\/app\/uploads\/sites\/4\/2024\/03\/journee-basket-feminin-300x225.jpg 300w, https:\/\/vosgesinfo.fr\/app\/uploads\/sites\/4\/2024\/03\/journee-basket-feminin-768x576.jpg 768w, https:\/\/vosgesinfo.fr\/app\/uploads\/sites\/4\/2024\/03\/journee-basket-feminin-1536x1152.jpg 1536w, https:\/\/vosgesinfo.fr\/app\/uploads\/sites\/4\/2024\/03\/journee-basket-feminin.jpg 1600w\" sizes=\"(max-width: 1024px) 100vw, 1024px\" \/><p id=\"caption-attachment-31084\" class=\"wp-caption-text\">L&rsquo;\u00e9quipe S\u00e9niors F\u00e9minine du SDV Basket. (Photographie SDV Basket)<\/p><\/div>\n<h2>Afin de relancer le nombre de licenci\u00e9s, le Saint-Di\u00e9 Vosges Basket a ouvert un nouveau cr\u00e9neau 100% f\u00e9minin, le mardi soir, pour les 10\/15 ans. Et avec plus de 20 filles pr\u00e9sentes \u00e0 chaque entra\u00eenement, c&rsquo;est un v\u00e9ritable succ\u00e8s.<\/h2>\n<p><!--more--><\/p>\n<p>De plus, l&rsquo;\u00e9quipe S\u00e9niors F\u00e9minine se place troisi\u00e8me au classement, avec une qualification pour les demi-finales de la Coupe des Vosges. \u00ab Un chiffre important \u00e0 retenir, c&rsquo;est l&rsquo;effectif f\u00e9minin du club qui a augment\u00e9 de 50%. L&rsquo;objectif du SDV Basket de cr\u00e9er 2 \u00e9quipes f\u00e9minines suppl\u00e9mentaires d\u00e8s la saison 2024\/2025 \u00bb soulignent Valentin Grangeversanne et Tony Ganco, les 2 co-pr\u00e9sidents du club de basket d\u00e9odatien.<\/p>\n<p>Surfant sur cette dynamique, le SDV Basket organise une journ\u00e9e consacr\u00e9e au basket f\u00e9minin, la premi\u00e8re sous cette forme \u00e0 Saint-Di\u00e9-des-Vosges, le dimanche 24 mars au Palais Omnisports Joseph-Claudel. Le programme pr\u00e9visionnel de la journ\u00e9e est le suivant\u00a0:<\/p>\n<ul>\n<li>de 9h30 \u00e0 11h30 : op\u00e9ration ram\u00e8ne ta copine d\u00e9couvrir le basket (chaque licenci\u00e9e de 7 \u00e0 15 ans ram\u00e8ne une copine d\u00e9couvrir le basket) des ateliers seront propos\u00e9es en salle 2\u00a0;<\/li>\n<li>\u206011h30 \u00e0 13h00 : basket en famille au f\u00e9minin (ouvert aux mamans, s\u0153ur et cousine de tous nos licenci\u00e9es et licenci\u00e9s) salle 2\u00a0;<\/li>\n<li>13h00 \u00e0 14h30 : match des licenci\u00e9es f\u00e9minines du club salle 1\u00a0;<\/li>\n<li>15h30 : dernier match de championnat \u00e0 domicile contre Mirecourt pour les seniors filles salle 1.<\/li>\n<\/ul>\n","protected":false},"excerpt":{"rendered":"<p>Afin de relancer le nombre de licenci\u00e9s, le Saint-Di\u00e9 Vosges Basket a ouvert un nouveau cr\u00e9neau 100% f\u00e9minin, le mardi [&hellip;]<\/p>\n","protected":false},"author":46,"featured_media":31084,"comment_status":"open","ping_status":"open","sticky":false,"template":"","format":"standard","meta":{"footnotes":""},"categories":[460,167,14],"tags":[5474,3126,5473],"class_list":["post-31083","post","type-post","status-publish","format-standard","has-post-thumbnail","hentry","category-a-la-une","category-saint-die-des-vosges","category-sport","tag-basket-feminin","tag-palais-omnisports-joseph-claudel","tag-saint-die-vosges-basket"],"acf":[],"yoast_head":"<!-- This site is optimized with the Yoast SEO plugin v22.5 - https:\/\/yoast.com\/wordpress\/plugins\/seo\/ -->\n<title>Une journ\u00e9e d\u00e9odatienne consacr\u00e9e au basket f\u00e9minin - Saint Die Info<\/title>\n<meta name=\"robots\" content=\"index, follow, max-snippet:-1, max-image-preview:large, max-video-preview:-1\" \/>\n<link rel=\"canonical\" href=\"https:\/\/vosgesinfo.fr\/saintdieinfo\/2024\/03\/une-journee-deodatienne-consacree-au-basket-feminin\/\" \/>\n<meta name=\"twitter:card\" content=\"summary_large_image\" \/>\n<meta name=\"twitter:title\" content=\"Une journ\u00e9e d\u00e9odatienne consacr\u00e9e au basket f\u00e9minin - Saint Die Info\" \/>\n<meta name=\"twitter:description\" content=\"Afin de relancer le nombre de licenci\u00e9s, le Saint-Di\u00e9 Vosges Basket a ouvert un nouveau cr\u00e9neau 100% f\u00e9minin, le mardi [&hellip;]\" \/>\n<meta name=\"twitter:image\" content=\"https:\/\/vosgesinfo.fr\/app\/uploads\/sites\/4\/2024\/03\/journee-basket-feminin.jpg\" \/>\n<meta name=\"twitter:creator\" content=\"@VosgesInfo88\" \/>\n<meta name=\"twitter:site\" content=\"@VosgesInfo88\" \/>\n<meta name=\"twitter:label1\" content=\"\u00c9crit par\" \/>\n\t<meta name=\"twitter:data1\" content=\"J.J.\" \/>\n\t<meta name=\"twitter:label2\" content=\"Dur\u00e9e de lecture estim\u00e9e\" \/>\n\t<meta name=\"twitter:data2\" content=\"1 minute\" \/>\n<script type=\"application\/ld+json\" class=\"yoast-schema-graph\">{\"@context\":\"https:\/\/schema.org\",\"@graph\":[{\"@type\":\"Article\",\"@id\":\"https:\/\/vosgesinfo.fr\/saintdieinfo\/2024\/03\/une-journee-deodatienne-consacree-au-basket-feminin\/#article\",\"isPartOf\":{\"@id\":\"https:\/\/vosgesinfo.fr\/saintdieinfo\/2024\/03\/une-journee-deodatienne-consacree-au-basket-feminin\/\"},\"author\":{\"name\":\"J.J.\",\"@id\":\"https:\/\/vosgesinfo.fr\/saintdieinfo\/#\/schema\/person\/fa73e9f726d67bb88f46d5b7943cb572\"},\"headline\":\"Une journ\u00e9e d\u00e9odatienne consacr\u00e9e au basket f\u00e9minin\",\"datePublished\":\"2024-03-05T08:13:23+00:00\",\"dateModified\":\"2024-03-05T08:13:23+00:00\",\"mainEntityOfPage\":{\"@id\":\"https:\/\/vosgesinfo.fr\/saintdieinfo\/2024\/03\/une-journee-deodatienne-consacree-au-basket-feminin\/\"},\"wordCount\":270,\"commentCount\":0,\"publisher\":{\"@id\":\"https:\/\/vosgesinfo.fr\/saintdieinfo\/#organization\"},\"image\":{\"@id\":\"https:\/\/vosgesinfo.fr\/saintdieinfo\/2024\/03\/une-journee-deodatienne-consacree-au-basket-feminin\/#primaryimage\"},\"thumbnailUrl\":\"https:\/\/vosgesinfo.fr\/app\/uploads\/sites\/4\/2024\/03\/journee-basket-feminin.jpg\",\"keywords\":[\"Basket f\u00e9minin\",\"Palais Omnisports Joseph-Claudel\",\"Saint-Di\u00e9 Vosges Basket\"],\"articleSection\":[\"A la Une\",\"Saint-Di\u00e9-des-Vosges\",\"Sport\"],\"inLanguage\":\"fr-FR\",\"potentialAction\":[{\"@type\":\"CommentAction\",\"name\":\"Comment\",\"target\":[\"https:\/\/vosgesinfo.fr\/saintdieinfo\/2024\/03\/une-journee-deodatienne-consacree-au-basket-feminin\/#respond\"]}]},{\"@type\":\"WebPage\",\"@id\":\"https:\/\/vosgesinfo.fr\/saintdieinfo\/2024\/03\/une-journee-deodatienne-consacree-au-basket-feminin\/\",\"url\":\"https:\/\/vosgesinfo.fr\/saintdieinfo\/2024\/03\/une-journee-deodatienne-consacree-au-basket-feminin\/\",\"name\":\"Une journ\u00e9e d\u00e9odatienne consacr\u00e9e au basket f\u00e9minin - Saint Die Info\",\"isPartOf\":{\"@id\":\"https:\/\/vosgesinfo.fr\/saintdieinfo\/#website\"},\"primaryImageOfPage\":{\"@id\":\"https:\/\/vosgesinfo.fr\/saintdieinfo\/2024\/03\/une-journee-deodatienne-consacree-au-basket-feminin\/#primaryimage\"},\"image\":{\"@id\":\"https:\/\/vosgesinfo.fr\/saintdieinfo\/2024\/03\/une-journee-deodatienne-consacree-au-basket-feminin\/#primaryimage\"},\"thumbnailUrl\":\"https:\/\/vosgesinfo.fr\/app\/uploads\/sites\/4\/2024\/03\/journee-basket-feminin.jpg\",\"datePublished\":\"2024-03-05T08:13:23+00:00\",\"dateModified\":\"2024-03-05T08:13:23+00:00\",\"breadcrumb\":{\"@id\":\"https:\/\/vosgesinfo.fr\/saintdieinfo\/2024\/03\/une-journee-deodatienne-consacree-au-basket-feminin\/#breadcrumb\"},\"inLanguage\":\"fr-FR\",\"potentialAction\":[{\"@type\":\"ReadAction\",\"target\":[\"https:\/\/vosgesinfo.fr\/saintdieinfo\/2024\/03\/une-journee-deodatienne-consacree-au-basket-feminin\/\"]}]},{\"@type\":\"ImageObject\",\"inLanguage\":\"fr-FR\",\"@id\":\"https:\/\/vosgesinfo.fr\/saintdieinfo\/2024\/03\/une-journee-deodatienne-consacree-au-basket-feminin\/#primaryimage\",\"url\":\"https:\/\/vosgesinfo.fr\/app\/uploads\/sites\/4\/2024\/03\/journee-basket-feminin.jpg\",\"contentUrl\":\"https:\/\/vosgesinfo.fr\/app\/uploads\/sites\/4\/2024\/03\/journee-basket-feminin.jpg\",\"width\":1600,\"height\":1200},{\"@type\":\"BreadcrumbList\",\"@id\":\"https:\/\/vosgesinfo.fr\/saintdieinfo\/2024\/03\/une-journee-deodatienne-consacree-au-basket-feminin\/#breadcrumb\",\"itemListElement\":[{\"@type\":\"ListItem\",\"position\":1,\"name\":\"Home\",\"item\":\"https:\/\/vosgesinfo.fr\/saintdieinfo\/\"},{\"@type\":\"ListItem\",\"position\":2,\"name\":\"Une journ\u00e9e d\u00e9odatienne consacr\u00e9e au basket f\u00e9minin\"}]},{\"@type\":\"WebSite\",\"@id\":\"https:\/\/vosgesinfo.fr\/saintdieinfo\/#website\",\"url\":\"https:\/\/vosgesinfo.fr\/saintdieinfo\/\",\"name\":\"Saint Die Info\",\"description\":\"Toute l&#039;actualit\u00e9 de Saint-Di\u00e9-Des-Vosges\",\"publisher\":{\"@id\":\"https:\/\/vosgesinfo.fr\/saintdieinfo\/#organization\"},\"alternateName\":\"Toute l'actualit\u00e9 de Saint-Di\u00e9-Des-Vosges\",\"potentialAction\":[{\"@type\":\"SearchAction\",\"target\":{\"@type\":\"EntryPoint\",\"urlTemplate\":\"https:\/\/vosgesinfo.fr\/saintdieinfo\/?s={search_term_string}\"},\"query-input\":\"required name=search_term_string\"}],\"inLanguage\":\"fr-FR\"},{\"@type\":\"Organization\",\"@id\":\"https:\/\/vosgesinfo.fr\/saintdieinfo\/#organization\",\"name\":\"Saint Die Info\",\"url\":\"https:\/\/vosgesinfo.fr\/saintdieinfo\/\",\"logo\":{\"@type\":\"ImageObject\",\"inLanguage\":\"fr-FR\",\"@id\":\"https:\/\/vosgesinfo.fr\/saintdieinfo\/#\/schema\/logo\/image\/\",\"url\":\"https:\/\/vosgesinfo.fr\/app\/uploads\/sites\/4\/2024\/02\/logo-sdi.jpg\",\"contentUrl\":\"https:\/\/vosgesinfo.fr\/app\/uploads\/sites\/4\/2024\/02\/logo-sdi.jpg\",\"width\":600,\"height\":600,\"caption\":\"Saint Die Info\"},\"image\":{\"@id\":\"https:\/\/vosgesinfo.fr\/saintdieinfo\/#\/schema\/logo\/image\/\"},\"sameAs\":[\"https:\/\/www.facebook.com\/Saintdieinfofr\",\"https:\/\/x.com\/VosgesInfo88\",\"https:\/\/www.youtube.com\/@vosgesinfo\"]},{\"@type\":\"Person\",\"@id\":\"https:\/\/vosgesinfo.fr\/saintdieinfo\/#\/schema\/person\/fa73e9f726d67bb88f46d5b7943cb572\",\"name\":\"J.J.\",\"image\":{\"@type\":\"ImageObject\",\"inLanguage\":\"fr-FR\",\"@id\":\"https:\/\/vosgesinfo.fr\/saintdieinfo\/#\/schema\/person\/image\/\",\"url\":\"https:\/\/secure.gravatar.com\/avatar\/219e749e47ffbcca018a360ae4add7d4cdf1cdaaf8bc7676b27efade3fe65615?s=96&d=mm&r=g\",\"contentUrl\":\"https:\/\/secure.gravatar.com\/avatar\/219e749e47ffbcca018a360ae4add7d4cdf1cdaaf8bc7676b27efade3fe65615?s=96&d=mm&r=g\",\"caption\":\"J.J.\"},\"url\":\"https:\/\/vosgesinfo.fr\/saintdieinfo\/author\/j-j\/\"}]}<\/script>\n<!-- \/ Yoast SEO plugin. -->","yoast_head_json":{"title":"Une journ\u00e9e d\u00e9odatienne consacr\u00e9e au basket f\u00e9minin - Saint Die Info","robots":{"index":"index","follow":"follow","max-snippet":"max-snippet:-1","max-image-preview":"max-image-preview:large","max-video-preview":"max-video-preview:-1"},"canonical":"https:\/\/vosgesinfo.fr\/saintdieinfo\/2024\/03\/une-journee-deodatienne-consacree-au-basket-feminin\/","twitter_card":"summary_large_image","twitter_title":"Une journ\u00e9e d\u00e9odatienne consacr\u00e9e au basket f\u00e9minin - Saint Die Info","twitter_description":"Afin de relancer le nombre de licenci\u00e9s, le Saint-Di\u00e9 Vosges Basket a ouvert un nouveau cr\u00e9neau 100% f\u00e9minin, le mardi [&hellip;]","twitter_image":"https:\/\/vosgesinfo.fr\/app\/uploads\/sites\/4\/2024\/03\/journee-basket-feminin.jpg","twitter_creator":"@VosgesInfo88","twitter_site":"@VosgesInfo88","twitter_misc":{"\u00c9crit par":"J.J.","Dur\u00e9e de lecture estim\u00e9e":"1 minute"},"schema":{"@context":"https:\/\/schema.org","@graph":[{"@type":"Article","@id":"https:\/\/vosgesinfo.fr\/saintdieinfo\/2024\/03\/une-journee-deodatienne-consacree-au-basket-feminin\/#article","isPartOf":{"@id":"https:\/\/vosgesinfo.fr\/saintdieinfo\/2024\/03\/une-journee-deodatienne-consacree-au-basket-feminin\/"},"author":{"name":"J.J.","@id":"https:\/\/vosgesinfo.fr\/saintdieinfo\/#\/schema\/person\/fa73e9f726d67bb88f46d5b7943cb572"},"headline":"Une journ\u00e9e d\u00e9odatienne consacr\u00e9e au basket f\u00e9minin","datePublished":"2024-03-05T08:13:23+00:00","dateModified":"2024-03-05T08:13:23+00:00","mainEntityOfPage":{"@id":"https:\/\/vosgesinfo.fr\/saintdieinfo\/2024\/03\/une-journee-deodatienne-consacree-au-basket-feminin\/"},"wordCount":270,"commentCount":0,"publisher":{"@id":"https:\/\/vosgesinfo.fr\/saintdieinfo\/#organization"},"image":{"@id":"https:\/\/vosgesinfo.fr\/saintdieinfo\/2024\/03\/une-journee-deodatienne-consacree-au-basket-feminin\/#primaryimage"},"thumbnailUrl":"https:\/\/vosgesinfo.fr\/app\/uploads\/sites\/4\/2024\/03\/journee-basket-feminin.jpg","keywords":["Basket f\u00e9minin","Palais Omnisports Joseph-Claudel","Saint-Di\u00e9 Vosges Basket"],"articleSection":["A la Une","Saint-Di\u00e9-des-Vosges","Sport"],"inLanguage":"fr-FR","potentialAction":[{"@type":"CommentAction","name":"Comment","target":["https:\/\/vosgesinfo.fr\/saintdieinfo\/2024\/03\/une-journee-deodatienne-consacree-au-basket-feminin\/#respond"]}]},{"@type":"WebPage","@id":"https:\/\/vosgesinfo.fr\/saintdieinfo\/2024\/03\/une-journee-deodatienne-consacree-au-basket-feminin\/","url":"https:\/\/vosgesinfo.fr\/saintdieinfo\/2024\/03\/une-journee-deodatienne-consacree-au-basket-feminin\/","name":"Une journ\u00e9e d\u00e9odatienne consacr\u00e9e au basket f\u00e9minin - Saint Die Info","isPartOf":{"@id":"https:\/\/vosgesinfo.fr\/saintdieinfo\/#website"},"primaryImageOfPage":{"@id":"https:\/\/vosgesinfo.fr\/saintdieinfo\/2024\/03\/une-journee-deodatienne-consacree-au-basket-feminin\/#primaryimage"},"image":{"@id":"https:\/\/vosgesinfo.fr\/saintdieinfo\/2024\/03\/une-journee-deodatienne-consacree-au-basket-feminin\/#primaryimage"},"thumbnailUrl":"https:\/\/vosgesinfo.fr\/app\/uploads\/sites\/4\/2024\/03\/journee-basket-feminin.jpg","datePublished":"2024-03-05T08:13:23+00:00","dateModified":"2024-03-05T08:13:23+00:00","breadcrumb":{"@id":"https:\/\/vosgesinfo.fr\/saintdieinfo\/2024\/03\/une-journee-deodatienne-consacree-au-basket-feminin\/#breadcrumb"},"inLanguage":"fr-FR","potentialAction":[{"@type":"ReadAction","target":["https:\/\/vosgesinfo.fr\/saintdieinfo\/2024\/03\/une-journee-deodatienne-consacree-au-basket-feminin\/"]}]},{"@type":"ImageObject","inLanguage":"fr-FR","@id":"https:\/\/vosgesinfo.fr\/saintdieinfo\/2024\/03\/une-journee-deodatienne-consacree-au-basket-feminin\/#primaryimage","url":"https:\/\/vosgesinfo.fr\/app\/uploads\/sites\/4\/2024\/03\/journee-basket-feminin.jpg","contentUrl":"https:\/\/vosgesinfo.fr\/app\/uploads\/sites\/4\/2024\/03\/journee-basket-feminin.jpg","width":1600,"height":1200},{"@type":"BreadcrumbList","@id":"https:\/\/vosgesinfo.fr\/saintdieinfo\/2024\/03\/une-journee-deodatienne-consacree-au-basket-feminin\/#breadcrumb","itemListElement":[{"@type":"ListItem","position":1,"name":"Home","item":"https:\/\/vosgesinfo.fr\/saintdieinfo\/"},{"@type":"ListItem","position":2,"name":"Une journ\u00e9e d\u00e9odatienne consacr\u00e9e au basket f\u00e9minin"}]},{"@type":"WebSite","@id":"https:\/\/vosgesinfo.fr\/saintdieinfo\/#website","url":"https:\/\/vosgesinfo.fr\/saintdieinfo\/","name":"Saint Die Info","description":"Toute l&#039;actualit\u00e9 de Saint-Di\u00e9-Des-Vosges","publisher":{"@id":"https:\/\/vosgesinfo.fr\/saintdieinfo\/#organization"},"alternateName":"Toute l'actualit\u00e9 de Saint-Di\u00e9-Des-Vosges","potentialAction":[{"@type":"SearchAction","target":{"@type":"EntryPoint","urlTemplate":"https:\/\/vosgesinfo.fr\/saintdieinfo\/?s={search_term_string}"},"query-input":"required name=search_term_string"}],"inLanguage":"fr-FR"},{"@type":"Organization","@id":"https:\/\/vosgesinfo.fr\/saintdieinfo\/#organization","name":"Saint Die Info","url":"https:\/\/vosgesinfo.fr\/saintdieinfo\/","logo":{"@type":"ImageObject","inLanguage":"fr-FR","@id":"https:\/\/vosgesinfo.fr\/saintdieinfo\/#\/schema\/logo\/image\/","url":"https:\/\/vosgesinfo.fr\/app\/uploads\/sites\/4\/2024\/02\/logo-sdi.jpg","contentUrl":"https:\/\/vosgesinfo.fr\/app\/uploads\/sites\/4\/2024\/02\/logo-sdi.jpg","width":600,"height":600,"caption":"Saint Die Info"},"image":{"@id":"https:\/\/vosgesinfo.fr\/saintdieinfo\/#\/schema\/logo\/image\/"},"sameAs":["https:\/\/www.facebook.com\/Saintdieinfofr","https:\/\/x.com\/VosgesInfo88","https:\/\/www.youtube.com\/@vosgesinfo"]},{"@type":"Person","@id":"https:\/\/vosgesinfo.fr\/saintdieinfo\/#\/schema\/person\/fa73e9f726d67bb88f46d5b7943cb572","name":"J.J.","image":{"@type":"ImageObject","inLanguage":"fr-FR","@id":"https:\/\/vosgesinfo.fr\/saintdieinfo\/#\/schema\/person\/image\/","url":"https:\/\/secure.gravatar.com\/avatar\/219e749e47ffbcca018a360ae4add7d4cdf1cdaaf8bc7676b27efade3fe65615?s=96&d=mm&r=g","contentUrl":"https:\/\/secure.gravatar.com\/avatar\/219e749e47ffbcca018a360ae4add7d4cdf1cdaaf8bc7676b27efade3fe65615?s=96&d=mm&r=g","caption":"J.J."},"url":"https:\/\/vosgesinfo.fr\/saintdieinfo\/author\/j-j\/"}]}},"_links":{"self":[{"href":"https:\/\/vosgesinfo.fr\/saintdieinfo\/wp-json\/wp\/v2\/posts\/31083","targetHints":{"allow":["GET"]}}],"collection":[{"href":"https:\/\/vosgesinfo.fr\/saintdieinfo\/wp-json\/wp\/v2\/posts"}],"about":[{"href":"https:\/\/vosgesinfo.fr\/saintdieinfo\/wp-json\/wp\/v2\/types\/post"}],"author":[{"embeddable":true,"href":"https:\/\/vosgesinfo.fr\/saintdieinfo\/wp-json\/wp\/v2\/users\/46"}],"replies":[{"embeddable":true,"href":"https:\/\/vosgesinfo.fr\/saintdieinfo\/wp-json\/wp\/v2\/comments?post=31083"}],"version-history":[{"count":1,"href":"https:\/\/vosgesinfo.fr\/saintdieinfo\/wp-json\/wp\/v2\/posts\/31083\/revisions"}],"predecessor-version":[{"id":31085,"href":"https:\/\/vosgesinfo.fr\/saintdieinfo\/wp-json\/wp\/v2\/posts\/31083\/revisions\/31085"}],"wp:featuredmedia":[{"embeddable":true,"href":"https:\/\/vosgesinfo.fr\/saintdieinfo\/wp-json\/wp\/v2\/media\/31084"}],"wp:attachment":[{"href":"https:\/\/vosgesinfo.fr\/saintdieinfo\/wp-json\/wp\/v2\/media?parent=31083"}],"wp:term":[{"taxonomy":"category","embeddable":true,"href":"https:\/\/vosgesinfo.fr\/saintdieinfo\/wp-json\/wp\/v2\/categories?post=31083"},{"taxonomy":"post_tag","embeddable":true,"href":"https:\/\/vosgesinfo.fr\/saintdieinfo\/wp-json\/wp\/v2\/tags?post=31083"}],"curies":[{"name":"wp","href":"https:\/\/api.w.org\/{rel}","templated":true}]}}