{"id":31086,"date":"2024-03-05T09:45:13","date_gmt":"2024-03-05T08:45:13","guid":{"rendered":"https:\/\/vosgesinfo.fr\/saintdieinfo\/?p=31086"},"modified":"2024-03-05T09:45:13","modified_gmt":"2024-03-05T08:45:13","slug":"volley-ball-feminin-saint-die-des-vosges-va-accueillir-la-coupe-de-france-senior-federale","status":"publish","type":"post","link":"https:\/\/vosgesinfo.fr\/saintdieinfo\/2024\/03\/volley-ball-feminin-saint-die-des-vosges-va-accueillir-la-coupe-de-france-senior-federale\/","title":{"rendered":"Volley-ball f\u00e9minin\u00a0: Saint-Di\u00e9-des-Vosges va accueillir la Coupe de France S\u00e9nior F\u00e9d\u00e9rale"},"content":{"rendered":"<div id=\"attachment_31087\" style=\"width: 950px\" class=\"wp-caption alignnone\"><img decoding=\"async\" aria-describedby=\"caption-attachment-31087\" class=\"wp-image-31087 size-full\" src=\"https:\/\/vosgesinfo.fr\/app\/uploads\/sites\/4\/2024\/03\/volley-cdf-seniors-federale.jpg\" alt=\"\" width=\"940\" height=\"788\" srcset=\"https:\/\/vosgesinfo.fr\/app\/uploads\/sites\/4\/2024\/03\/volley-cdf-seniors-federale.jpg 940w, https:\/\/vosgesinfo.fr\/app\/uploads\/sites\/4\/2024\/03\/volley-cdf-seniors-federale-300x251.jpg 300w, https:\/\/vosgesinfo.fr\/app\/uploads\/sites\/4\/2024\/03\/volley-cdf-seniors-federale-768x644.jpg 768w\" sizes=\"(max-width: 940px) 100vw, 940px\" \/><p id=\"caption-attachment-31087\" class=\"wp-caption-text\">(Image Saint-Di\u00e9 Volley-Ball)<\/p><\/div>\n<h2>En battant Evreux le mois dernier, les Louves ont acc\u00e9d\u00e9 pour la premi\u00e8re fois au dernier carr\u00e9 de la Coupe de France f\u00e9d\u00e9rale de volley-ball f\u00e9minin. Cerise sur le g\u00e2teau\u00a0: c&rsquo;est au Palais Omnisports Joseph-Claudel que les demi-finales, la finale et la petite finale seront jou\u00e9es le week-end des 6 et 7 avril prochains.<\/h2>\n<p><!--more--><\/p>\n<p>Bordeaux, Orl\u00e9ans et Romans compl\u00e8tent le dernier carr\u00e9 de cette Coupe de France F\u00e9d\u00e9rale 2023-2024. Comme le pr\u00e9cise le Saint-Di\u00e9 Volley-Ball, organisateur de l&rsquo;\u00e9v\u00e9nement, les coups d&rsquo;envoi des 2 demi-finales sont pr\u00e9vus \u00e0 17h et 20h le samedi soir. La petite finale sera jou\u00e9e le lendemain dimanche, \u00e0 11h, suivie de la grande finale \u00e0 partir de 15h. Un week-end d\u00e9odatien sous le signe du volley-ball qui s&rsquo;annonce m\u00e9morable.<\/p>\n<p>J.J.<\/p>\n","protected":false},"excerpt":{"rendered":"<p>En battant Evreux le mois dernier, les Louves ont acc\u00e9d\u00e9 pour la premi\u00e8re fois au dernier carr\u00e9 de la Coupe [&hellip;]<\/p>\n","protected":false},"author":46,"featured_media":31087,"comment_status":"open","ping_status":"open","sticky":false,"template":"","format":"standard","meta":{"footnotes":""},"categories":[460,167,14,18],"tags":[5475,3247,3126,5476,3249],"class_list":["post-31086","post","type-post","status-publish","format-standard","has-post-thumbnail","hentry","category-a-la-une","category-saint-die-des-vosges","category-sport","category-vosges","tag-coupe-de-france-senior-federale-de-volley-ball-feminin","tag-les-louves","tag-palais-omnisports-joseph-claudel","tag-saint-die-volley-ball","tag-volley-ball-feminin"],"acf":[],"yoast_head":"<!-- This site is optimized with the Yoast SEO plugin v22.5 - https:\/\/yoast.com\/wordpress\/plugins\/seo\/ -->\n<title>Volley-ball f\u00e9minin\u00a0: Saint-Di\u00e9-des-Vosges va accueillir la Coupe de France S\u00e9nior F\u00e9d\u00e9rale - Saint Die Info<\/title>\n<meta name=\"robots\" content=\"index, follow, max-snippet:-1, max-image-preview:large, max-video-preview:-1\" \/>\n<link rel=\"canonical\" href=\"https:\/\/vosgesinfo.fr\/saintdieinfo\/2024\/03\/volley-ball-feminin-saint-die-des-vosges-va-accueillir-la-coupe-de-france-senior-federale\/\" \/>\n<meta name=\"twitter:card\" content=\"summary_large_image\" \/>\n<meta name=\"twitter:title\" content=\"Volley-ball f\u00e9minin\u00a0: Saint-Di\u00e9-des-Vosges va accueillir la Coupe de France S\u00e9nior F\u00e9d\u00e9rale - Saint Die Info\" \/>\n<meta name=\"twitter:description\" content=\"En battant Evreux le mois dernier, les Louves ont acc\u00e9d\u00e9 pour la premi\u00e8re fois au dernier carr\u00e9 de la Coupe [&hellip;]\" \/>\n<meta name=\"twitter:image\" content=\"https:\/\/vosgesinfo.fr\/app\/uploads\/sites\/4\/2024\/03\/volley-cdf-seniors-federale.jpg\" \/>\n<meta name=\"twitter:creator\" content=\"@VosgesInfo88\" \/>\n<meta name=\"twitter:site\" content=\"@VosgesInfo88\" \/>\n<meta name=\"twitter:label1\" content=\"\u00c9crit par\" \/>\n\t<meta name=\"twitter:data1\" content=\"J.J.\" \/>\n\t<meta name=\"twitter:label2\" content=\"Dur\u00e9e de lecture estim\u00e9e\" \/>\n\t<meta name=\"twitter:data2\" content=\"1 minute\" \/>\n<script type=\"application\/ld+json\" class=\"yoast-schema-graph\">{\"@context\":\"https:\/\/schema.org\",\"@graph\":[{\"@type\":\"Article\",\"@id\":\"https:\/\/vosgesinfo.fr\/saintdieinfo\/2024\/03\/volley-ball-feminin-saint-die-des-vosges-va-accueillir-la-coupe-de-france-senior-federale\/#article\",\"isPartOf\":{\"@id\":\"https:\/\/vosgesinfo.fr\/saintdieinfo\/2024\/03\/volley-ball-feminin-saint-die-des-vosges-va-accueillir-la-coupe-de-france-senior-federale\/\"},\"author\":{\"name\":\"J.J.\",\"@id\":\"https:\/\/vosgesinfo.fr\/saintdieinfo\/#\/schema\/person\/fa73e9f726d67bb88f46d5b7943cb572\"},\"headline\":\"Volley-ball f\u00e9minin\u00a0: Saint-Di\u00e9-des-Vosges va accueillir la Coupe de France S\u00e9nior F\u00e9d\u00e9rale\",\"datePublished\":\"2024-03-05T08:45:13+00:00\",\"dateModified\":\"2024-03-05T08:45:13+00:00\",\"mainEntityOfPage\":{\"@id\":\"https:\/\/vosgesinfo.fr\/saintdieinfo\/2024\/03\/volley-ball-feminin-saint-die-des-vosges-va-accueillir-la-coupe-de-france-senior-federale\/\"},\"wordCount\":166,\"commentCount\":0,\"publisher\":{\"@id\":\"https:\/\/vosgesinfo.fr\/saintdieinfo\/#organization\"},\"image\":{\"@id\":\"https:\/\/vosgesinfo.fr\/saintdieinfo\/2024\/03\/volley-ball-feminin-saint-die-des-vosges-va-accueillir-la-coupe-de-france-senior-federale\/#primaryimage\"},\"thumbnailUrl\":\"https:\/\/vosgesinfo.fr\/app\/uploads\/sites\/4\/2024\/03\/volley-cdf-seniors-federale.jpg\",\"keywords\":[\"Coupe de France S\u00e9nior F\u00e9d\u00e9rale de volley-ball f\u00e9minin\",\"Les Louves\",\"Palais Omnisports Joseph-Claudel\",\"Saint-Di\u00e9 Volley-Ball\",\"Volley-ball f\u00e9minin\"],\"articleSection\":[\"A la Une\",\"Saint-Di\u00e9-des-Vosges\",\"Sport\",\"Vosges\"],\"inLanguage\":\"fr-FR\",\"potentialAction\":[{\"@type\":\"CommentAction\",\"name\":\"Comment\",\"target\":[\"https:\/\/vosgesinfo.fr\/saintdieinfo\/2024\/03\/volley-ball-feminin-saint-die-des-vosges-va-accueillir-la-coupe-de-france-senior-federale\/#respond\"]}]},{\"@type\":\"WebPage\",\"@id\":\"https:\/\/vosgesinfo.fr\/saintdieinfo\/2024\/03\/volley-ball-feminin-saint-die-des-vosges-va-accueillir-la-coupe-de-france-senior-federale\/\",\"url\":\"https:\/\/vosgesinfo.fr\/saintdieinfo\/2024\/03\/volley-ball-feminin-saint-die-des-vosges-va-accueillir-la-coupe-de-france-senior-federale\/\",\"name\":\"Volley-ball f\u00e9minin\u00a0: Saint-Di\u00e9-des-Vosges va accueillir la Coupe de France S\u00e9nior F\u00e9d\u00e9rale - Saint Die Info\",\"isPartOf\":{\"@id\":\"https:\/\/vosgesinfo.fr\/saintdieinfo\/#website\"},\"primaryImageOfPage\":{\"@id\":\"https:\/\/vosgesinfo.fr\/saintdieinfo\/2024\/03\/volley-ball-feminin-saint-die-des-vosges-va-accueillir-la-coupe-de-france-senior-federale\/#primaryimage\"},\"image\":{\"@id\":\"https:\/\/vosgesinfo.fr\/saintdieinfo\/2024\/03\/volley-ball-feminin-saint-die-des-vosges-va-accueillir-la-coupe-de-france-senior-federale\/#primaryimage\"},\"thumbnailUrl\":\"https:\/\/vosgesinfo.fr\/app\/uploads\/sites\/4\/2024\/03\/volley-cdf-seniors-federale.jpg\",\"datePublished\":\"2024-03-05T08:45:13+00:00\",\"dateModified\":\"2024-03-05T08:45:13+00:00\",\"breadcrumb\":{\"@id\":\"https:\/\/vosgesinfo.fr\/saintdieinfo\/2024\/03\/volley-ball-feminin-saint-die-des-vosges-va-accueillir-la-coupe-de-france-senior-federale\/#breadcrumb\"},\"inLanguage\":\"fr-FR\",\"potentialAction\":[{\"@type\":\"ReadAction\",\"target\":[\"https:\/\/vosgesinfo.fr\/saintdieinfo\/2024\/03\/volley-ball-feminin-saint-die-des-vosges-va-accueillir-la-coupe-de-france-senior-federale\/\"]}]},{\"@type\":\"ImageObject\",\"inLanguage\":\"fr-FR\",\"@id\":\"https:\/\/vosgesinfo.fr\/saintdieinfo\/2024\/03\/volley-ball-feminin-saint-die-des-vosges-va-accueillir-la-coupe-de-france-senior-federale\/#primaryimage\",\"url\":\"https:\/\/vosgesinfo.fr\/app\/uploads\/sites\/4\/2024\/03\/volley-cdf-seniors-federale.jpg\",\"contentUrl\":\"https:\/\/vosgesinfo.fr\/app\/uploads\/sites\/4\/2024\/03\/volley-cdf-seniors-federale.jpg\",\"width\":940,\"height\":788},{\"@type\":\"BreadcrumbList\",\"@id\":\"https:\/\/vosgesinfo.fr\/saintdieinfo\/2024\/03\/volley-ball-feminin-saint-die-des-vosges-va-accueillir-la-coupe-de-france-senior-federale\/#breadcrumb\",\"itemListElement\":[{\"@type\":\"ListItem\",\"position\":1,\"name\":\"Home\",\"item\":\"https:\/\/vosgesinfo.fr\/saintdieinfo\/\"},{\"@type\":\"ListItem\",\"position\":2,\"name\":\"Volley-ball f\u00e9minin\u00a0: Saint-Di\u00e9-des-Vosges va accueillir la Coupe de France S\u00e9nior F\u00e9d\u00e9rale\"}]},{\"@type\":\"WebSite\",\"@id\":\"https:\/\/vosgesinfo.fr\/saintdieinfo\/#website\",\"url\":\"https:\/\/vosgesinfo.fr\/saintdieinfo\/\",\"name\":\"Saint Die Info\",\"description\":\"Toute l&#039;actualit\u00e9 de Saint-Di\u00e9-Des-Vosges\",\"publisher\":{\"@id\":\"https:\/\/vosgesinfo.fr\/saintdieinfo\/#organization\"},\"alternateName\":\"Toute l'actualit\u00e9 de Saint-Di\u00e9-Des-Vosges\",\"potentialAction\":[{\"@type\":\"SearchAction\",\"target\":{\"@type\":\"EntryPoint\",\"urlTemplate\":\"https:\/\/vosgesinfo.fr\/saintdieinfo\/?s={search_term_string}\"},\"query-input\":\"required name=search_term_string\"}],\"inLanguage\":\"fr-FR\"},{\"@type\":\"Organization\",\"@id\":\"https:\/\/vosgesinfo.fr\/saintdieinfo\/#organization\",\"name\":\"Saint Die Info\",\"url\":\"https:\/\/vosgesinfo.fr\/saintdieinfo\/\",\"logo\":{\"@type\":\"ImageObject\",\"inLanguage\":\"fr-FR\",\"@id\":\"https:\/\/vosgesinfo.fr\/saintdieinfo\/#\/schema\/logo\/image\/\",\"url\":\"https:\/\/vosgesinfo.fr\/app\/uploads\/sites\/4\/2024\/02\/logo-sdi.jpg\",\"contentUrl\":\"https:\/\/vosgesinfo.fr\/app\/uploads\/sites\/4\/2024\/02\/logo-sdi.jpg\",\"width\":600,\"height\":600,\"caption\":\"Saint Die Info\"},\"image\":{\"@id\":\"https:\/\/vosgesinfo.fr\/saintdieinfo\/#\/schema\/logo\/image\/\"},\"sameAs\":[\"https:\/\/www.facebook.com\/Saintdieinfofr\",\"https:\/\/x.com\/VosgesInfo88\",\"https:\/\/www.youtube.com\/@vosgesinfo\"]},{\"@type\":\"Person\",\"@id\":\"https:\/\/vosgesinfo.fr\/saintdieinfo\/#\/schema\/person\/fa73e9f726d67bb88f46d5b7943cb572\",\"name\":\"J.J.\",\"image\":{\"@type\":\"ImageObject\",\"inLanguage\":\"fr-FR\",\"@id\":\"https:\/\/vosgesinfo.fr\/saintdieinfo\/#\/schema\/person\/image\/\",\"url\":\"https:\/\/secure.gravatar.com\/avatar\/219e749e47ffbcca018a360ae4add7d4cdf1cdaaf8bc7676b27efade3fe65615?s=96&d=mm&r=g\",\"contentUrl\":\"https:\/\/secure.gravatar.com\/avatar\/219e749e47ffbcca018a360ae4add7d4cdf1cdaaf8bc7676b27efade3fe65615?s=96&d=mm&r=g\",\"caption\":\"J.J.\"},\"url\":\"https:\/\/vosgesinfo.fr\/saintdieinfo\/author\/j-j\/\"}]}<\/script>\n<!-- \/ Yoast SEO plugin. -->","yoast_head_json":{"title":"Volley-ball f\u00e9minin\u00a0: Saint-Di\u00e9-des-Vosges va accueillir la Coupe de France S\u00e9nior F\u00e9d\u00e9rale - Saint Die Info","robots":{"index":"index","follow":"follow","max-snippet":"max-snippet:-1","max-image-preview":"max-image-preview:large","max-video-preview":"max-video-preview:-1"},"canonical":"https:\/\/vosgesinfo.fr\/saintdieinfo\/2024\/03\/volley-ball-feminin-saint-die-des-vosges-va-accueillir-la-coupe-de-france-senior-federale\/","twitter_card":"summary_large_image","twitter_title":"Volley-ball f\u00e9minin\u00a0: Saint-Di\u00e9-des-Vosges va accueillir la Coupe de France S\u00e9nior F\u00e9d\u00e9rale - Saint Die Info","twitter_description":"En battant Evreux le mois dernier, les Louves ont acc\u00e9d\u00e9 pour la premi\u00e8re fois au dernier carr\u00e9 de la Coupe [&hellip;]","twitter_image":"https:\/\/vosgesinfo.fr\/app\/uploads\/sites\/4\/2024\/03\/volley-cdf-seniors-federale.jpg","twitter_creator":"@VosgesInfo88","twitter_site":"@VosgesInfo88","twitter_misc":{"\u00c9crit par":"J.J.","Dur\u00e9e de lecture estim\u00e9e":"1 minute"},"schema":{"@context":"https:\/\/schema.org","@graph":[{"@type":"Article","@id":"https:\/\/vosgesinfo.fr\/saintdieinfo\/2024\/03\/volley-ball-feminin-saint-die-des-vosges-va-accueillir-la-coupe-de-france-senior-federale\/#article","isPartOf":{"@id":"https:\/\/vosgesinfo.fr\/saintdieinfo\/2024\/03\/volley-ball-feminin-saint-die-des-vosges-va-accueillir-la-coupe-de-france-senior-federale\/"},"author":{"name":"J.J.","@id":"https:\/\/vosgesinfo.fr\/saintdieinfo\/#\/schema\/person\/fa73e9f726d67bb88f46d5b7943cb572"},"headline":"Volley-ball f\u00e9minin\u00a0: Saint-Di\u00e9-des-Vosges va accueillir la Coupe de France S\u00e9nior F\u00e9d\u00e9rale","datePublished":"2024-03-05T08:45:13+00:00","dateModified":"2024-03-05T08:45:13+00:00","mainEntityOfPage":{"@id":"https:\/\/vosgesinfo.fr\/saintdieinfo\/2024\/03\/volley-ball-feminin-saint-die-des-vosges-va-accueillir-la-coupe-de-france-senior-federale\/"},"wordCount":166,"commentCount":0,"publisher":{"@id":"https:\/\/vosgesinfo.fr\/saintdieinfo\/#organization"},"image":{"@id":"https:\/\/vosgesinfo.fr\/saintdieinfo\/2024\/03\/volley-ball-feminin-saint-die-des-vosges-va-accueillir-la-coupe-de-france-senior-federale\/#primaryimage"},"thumbnailUrl":"https:\/\/vosgesinfo.fr\/app\/uploads\/sites\/4\/2024\/03\/volley-cdf-seniors-federale.jpg","keywords":["Coupe de France S\u00e9nior F\u00e9d\u00e9rale de volley-ball f\u00e9minin","Les Louves","Palais Omnisports Joseph-Claudel","Saint-Di\u00e9 Volley-Ball","Volley-ball f\u00e9minin"],"articleSection":["A la Une","Saint-Di\u00e9-des-Vosges","Sport","Vosges"],"inLanguage":"fr-FR","potentialAction":[{"@type":"CommentAction","name":"Comment","target":["https:\/\/vosgesinfo.fr\/saintdieinfo\/2024\/03\/volley-ball-feminin-saint-die-des-vosges-va-accueillir-la-coupe-de-france-senior-federale\/#respond"]}]},{"@type":"WebPage","@id":"https:\/\/vosgesinfo.fr\/saintdieinfo\/2024\/03\/volley-ball-feminin-saint-die-des-vosges-va-accueillir-la-coupe-de-france-senior-federale\/","url":"https:\/\/vosgesinfo.fr\/saintdieinfo\/2024\/03\/volley-ball-feminin-saint-die-des-vosges-va-accueillir-la-coupe-de-france-senior-federale\/","name":"Volley-ball f\u00e9minin\u00a0: Saint-Di\u00e9-des-Vosges va accueillir la Coupe de France S\u00e9nior F\u00e9d\u00e9rale - Saint Die Info","isPartOf":{"@id":"https:\/\/vosgesinfo.fr\/saintdieinfo\/#website"},"primaryImageOfPage":{"@id":"https:\/\/vosgesinfo.fr\/saintdieinfo\/2024\/03\/volley-ball-feminin-saint-die-des-vosges-va-accueillir-la-coupe-de-france-senior-federale\/#primaryimage"},"image":{"@id":"https:\/\/vosgesinfo.fr\/saintdieinfo\/2024\/03\/volley-ball-feminin-saint-die-des-vosges-va-accueillir-la-coupe-de-france-senior-federale\/#primaryimage"},"thumbnailUrl":"https:\/\/vosgesinfo.fr\/app\/uploads\/sites\/4\/2024\/03\/volley-cdf-seniors-federale.jpg","datePublished":"2024-03-05T08:45:13+00:00","dateModified":"2024-03-05T08:45:13+00:00","breadcrumb":{"@id":"https:\/\/vosgesinfo.fr\/saintdieinfo\/2024\/03\/volley-ball-feminin-saint-die-des-vosges-va-accueillir-la-coupe-de-france-senior-federale\/#breadcrumb"},"inLanguage":"fr-FR","potentialAction":[{"@type":"ReadAction","target":["https:\/\/vosgesinfo.fr\/saintdieinfo\/2024\/03\/volley-ball-feminin-saint-die-des-vosges-va-accueillir-la-coupe-de-france-senior-federale\/"]}]},{"@type":"ImageObject","inLanguage":"fr-FR","@id":"https:\/\/vosgesinfo.fr\/saintdieinfo\/2024\/03\/volley-ball-feminin-saint-die-des-vosges-va-accueillir-la-coupe-de-france-senior-federale\/#primaryimage","url":"https:\/\/vosgesinfo.fr\/app\/uploads\/sites\/4\/2024\/03\/volley-cdf-seniors-federale.jpg","contentUrl":"https:\/\/vosgesinfo.fr\/app\/uploads\/sites\/4\/2024\/03\/volley-cdf-seniors-federale.jpg","width":940,"height":788},{"@type":"BreadcrumbList","@id":"https:\/\/vosgesinfo.fr\/saintdieinfo\/2024\/03\/volley-ball-feminin-saint-die-des-vosges-va-accueillir-la-coupe-de-france-senior-federale\/#breadcrumb","itemListElement":[{"@type":"ListItem","position":1,"name":"Home","item":"https:\/\/vosgesinfo.fr\/saintdieinfo\/"},{"@type":"ListItem","position":2,"name":"Volley-ball f\u00e9minin\u00a0: Saint-Di\u00e9-des-Vosges va accueillir la Coupe de France S\u00e9nior F\u00e9d\u00e9rale"}]},{"@type":"WebSite","@id":"https:\/\/vosgesinfo.fr\/saintdieinfo\/#website","url":"https:\/\/vosgesinfo.fr\/saintdieinfo\/","name":"Saint Die Info","description":"Toute l&#039;actualit\u00e9 de Saint-Di\u00e9-Des-Vosges","publisher":{"@id":"https:\/\/vosgesinfo.fr\/saintdieinfo\/#organization"},"alternateName":"Toute l'actualit\u00e9 de Saint-Di\u00e9-Des-Vosges","potentialAction":[{"@type":"SearchAction","target":{"@type":"EntryPoint","urlTemplate":"https:\/\/vosgesinfo.fr\/saintdieinfo\/?s={search_term_string}"},"query-input":"required name=search_term_string"}],"inLanguage":"fr-FR"},{"@type":"Organization","@id":"https:\/\/vosgesinfo.fr\/saintdieinfo\/#organization","name":"Saint Die Info","url":"https:\/\/vosgesinfo.fr\/saintdieinfo\/","logo":{"@type":"ImageObject","inLanguage":"fr-FR","@id":"https:\/\/vosgesinfo.fr\/saintdieinfo\/#\/schema\/logo\/image\/","url":"https:\/\/vosgesinfo.fr\/app\/uploads\/sites\/4\/2024\/02\/logo-sdi.jpg","contentUrl":"https:\/\/vosgesinfo.fr\/app\/uploads\/sites\/4\/2024\/02\/logo-sdi.jpg","width":600,"height":600,"caption":"Saint Die Info"},"image":{"@id":"https:\/\/vosgesinfo.fr\/saintdieinfo\/#\/schema\/logo\/image\/"},"sameAs":["https:\/\/www.facebook.com\/Saintdieinfofr","https:\/\/x.com\/VosgesInfo88","https:\/\/www.youtube.com\/@vosgesinfo"]},{"@type":"Person","@id":"https:\/\/vosgesinfo.fr\/saintdieinfo\/#\/schema\/person\/fa73e9f726d67bb88f46d5b7943cb572","name":"J.J.","image":{"@type":"ImageObject","inLanguage":"fr-FR","@id":"https:\/\/vosgesinfo.fr\/saintdieinfo\/#\/schema\/person\/image\/","url":"https:\/\/secure.gravatar.com\/avatar\/219e749e47ffbcca018a360ae4add7d4cdf1cdaaf8bc7676b27efade3fe65615?s=96&d=mm&r=g","contentUrl":"https:\/\/secure.gravatar.com\/avatar\/219e749e47ffbcca018a360ae4add7d4cdf1cdaaf8bc7676b27efade3fe65615?s=96&d=mm&r=g","caption":"J.J."},"url":"https:\/\/vosgesinfo.fr\/saintdieinfo\/author\/j-j\/"}]}},"_links":{"self":[{"href":"https:\/\/vosgesinfo.fr\/saintdieinfo\/wp-json\/wp\/v2\/posts\/31086","targetHints":{"allow":["GET"]}}],"collection":[{"href":"https:\/\/vosgesinfo.fr\/saintdieinfo\/wp-json\/wp\/v2\/posts"}],"about":[{"href":"https:\/\/vosgesinfo.fr\/saintdieinfo\/wp-json\/wp\/v2\/types\/post"}],"author":[{"embeddable":true,"href":"https:\/\/vosgesinfo.fr\/saintdieinfo\/wp-json\/wp\/v2\/users\/46"}],"replies":[{"embeddable":true,"href":"https:\/\/vosgesinfo.fr\/saintdieinfo\/wp-json\/wp\/v2\/comments?post=31086"}],"version-history":[{"count":1,"href":"https:\/\/vosgesinfo.fr\/saintdieinfo\/wp-json\/wp\/v2\/posts\/31086\/revisions"}],"predecessor-version":[{"id":31088,"href":"https:\/\/vosgesinfo.fr\/saintdieinfo\/wp-json\/wp\/v2\/posts\/31086\/revisions\/31088"}],"wp:featuredmedia":[{"embeddable":true,"href":"https:\/\/vosgesinfo.fr\/saintdieinfo\/wp-json\/wp\/v2\/media\/31087"}],"wp:attachment":[{"href":"https:\/\/vosgesinfo.fr\/saintdieinfo\/wp-json\/wp\/v2\/media?parent=31086"}],"wp:term":[{"taxonomy":"category","embeddable":true,"href":"https:\/\/vosgesinfo.fr\/saintdieinfo\/wp-json\/wp\/v2\/categories?post=31086"},{"taxonomy":"post_tag","embeddable":true,"href":"https:\/\/vosgesinfo.fr\/saintdieinfo\/wp-json\/wp\/v2\/tags?post=31086"}],"curies":[{"name":"wp","href":"https:\/\/api.w.org\/{rel}","templated":true}]}}