{"id":31095,"date":"2024-03-05T13:13:26","date_gmt":"2024-03-05T12:13:26","guid":{"rendered":"https:\/\/vosgesinfo.fr\/saintdieinfo\/?p=31095"},"modified":"2024-03-05T13:13:26","modified_gmt":"2024-03-05T12:13:26","slug":"premier-bilan-pour-le-conseil-des-sages-de-saint-die-des-vosges","status":"publish","type":"post","link":"https:\/\/vosgesinfo.fr\/saintdieinfo\/2024\/03\/premier-bilan-pour-le-conseil-des-sages-de-saint-die-des-vosges\/","title":{"rendered":"Premier bilan pour le Conseil des Sages de Saint-Di\u00e9-des-Vosges"},"content":{"rendered":"<p><img decoding=\"async\" class=\"alignnone size-large wp-image-31096\" src=\"https:\/\/vosgesinfo.fr\/app\/uploads\/sites\/4\/2024\/03\/premier-bilan-conseil-des-sages-sddv-1024x771.jpg\" alt=\"\" width=\"1024\" height=\"771\" srcset=\"https:\/\/vosgesinfo.fr\/app\/uploads\/sites\/4\/2024\/03\/premier-bilan-conseil-des-sages-sddv-1024x771.jpg 1024w, https:\/\/vosgesinfo.fr\/app\/uploads\/sites\/4\/2024\/03\/premier-bilan-conseil-des-sages-sddv-300x226.jpg 300w, https:\/\/vosgesinfo.fr\/app\/uploads\/sites\/4\/2024\/03\/premier-bilan-conseil-des-sages-sddv-768x578.jpg 768w, https:\/\/vosgesinfo.fr\/app\/uploads\/sites\/4\/2024\/03\/premier-bilan-conseil-des-sages-sddv-1536x1157.jpg 1536w, https:\/\/vosgesinfo.fr\/app\/uploads\/sites\/4\/2024\/03\/premier-bilan-conseil-des-sages-sddv-2048x1542.jpg 2048w\" sizes=\"(max-width: 1024px) 100vw, 1024px\" \/><\/p>\n<h2>Le Conseil des Sages de Saint-Di\u00e9-des-Vosges est install\u00e9 depuis f\u00e9vrier 2023. Pour rappel, cette assembl\u00e9e apolitique \u00e0 vocation consultative r\u00e9unit des D\u00e9odatiennes et D\u00e9odatiens \u00e2g\u00e9s d&rsquo;au moins 70 ans \u00ab qui ont des id\u00e9es pour faire avancer la ville \u00bb, comme l&rsquo;a rappel\u00e9 ce mardi matin le maire Bruno Toussaint.<\/h2>\n<p><!--more--><\/p>\n<p>Avec la conseill\u00e8re municipale d\u00e9l\u00e9gu\u00e9e Catherine Viry, qui assure le lien entre le Conseil des Sages et la Municipalit\u00e9, et Martine Guggenheim, rapporteuse g\u00e9n\u00e9rale de l&rsquo;assembl\u00e9e d\u00e9odatienne de s\u00e9niors, Bruno Toussaint a effectu\u00e9 un premier bilan apr\u00e8s un an d&rsquo;existence du Conseil des Sages, qui se compose actuellement de 29 membres. \u00ab Il y avait 35 personnes au d\u00e9part, mais certains ont abandonn\u00e9 en cours de route, notamment pour des raisons de sant\u00e9 \u00bb pr\u00e9cise le maire, qui a annonc\u00e9 la reconduction du Conseil des Sages au moins jusqu&rsquo;aux prochaines \u00e9lections municipales de 2026. \u00ab C&rsquo;est un groupe de travail plus que pr\u00e9cieux. Apr\u00e8s une ann\u00e9e de rodage, il y a toujours plein d&rsquo;id\u00e9es qui \u00e9manent du Conseil des Sages, donc on continue. \u00bb Dans un souci de coh\u00e9sion, il a \u00e9t\u00e9 d\u00e9cid\u00e9 de ne pas remplacer les d\u00e9parts et de rester sur le groupe actuel de 29 membres.<\/p>\n<p>Le Conseil des Sages se r\u00e9unit \u00e0 raison d&rsquo;une journ\u00e9e tous les mois et demi, avec une r\u00e9union le matin et une r\u00e9union l&rsquo;apr\u00e8s-midi. Chaque r\u00e9union \u00e9tant consacr\u00e9e \u00e0 l&rsquo;une des 2 commissions mises en place. Respectivement \u00ab Environnement \u00bb et \u00ab Attractivit\u00e9 et Sant\u00e9 \u00bb. Mobilit\u00e9s, \u00e9nergies, \u00e9tat du mobilier urbain, projets dans le cadre du budget participatif&#8230; les pistes de r\u00e9flexion du Conseil des Sages sont nombreuses. En 2023, les 29 Sages ont notamment travaill\u00e9 sur la <a href=\"https:\/\/vosgesinfo.fr\/saintdieinfo\/2024\/01\/savoir-mutuelle-sante-communale-de-saint-die-vosges\/\" target=\"_blank\" rel=\"noopener\">mise en place de la mutuelle communale.<\/a> En cette ann\u00e9e 2024, ces m\u00eames Sages planchent sur des commandes group\u00e9es de fioul et de pellets, afin de proposer aux habitants des tarifs n\u00e9goci\u00e9s&#8230; et donc plus avantageux qu&rsquo;en achetant seul.<\/p>\n<p>En parall\u00e8le, le Conseil des Sages participe \u00e9galement \u00e0 diff\u00e9rents temps forts du calendrier d\u00e9odatien, comme la collecte communale de produits alimentaires, le nettoyage de printemps XXL, Octobre Rose ou les c\u00e9r\u00e9monies patriotiques. A ce propos, le Conseil des Sages sera partie prenante de la comm\u00e9moration du 80e anniversaire de la Lib\u00e9ration de la ville, qui sera c\u00e9l\u00e9br\u00e9 en novembre prochain.<\/p>\n<p>J.J.<\/p>\n","protected":false},"excerpt":{"rendered":"<p>Le Conseil des Sages de Saint-Di\u00e9-des-Vosges est install\u00e9 depuis f\u00e9vrier 2023. Pour rappel, cette assembl\u00e9e apolitique \u00e0 vocation consultative r\u00e9unit [&hellip;]<\/p>\n","protected":false},"author":46,"featured_media":31096,"comment_status":"open","ping_status":"open","sticky":false,"template":"","format":"standard","meta":{"footnotes":""},"categories":[460,167],"tags":[5480],"class_list":["post-31095","post","type-post","status-publish","format-standard","has-post-thumbnail","hentry","category-a-la-une","category-saint-die-des-vosges","tag-conseil-des-sages-de-saint-die-des-vosges"],"acf":[],"yoast_head":"<!-- This site is optimized with the Yoast SEO plugin v22.5 - https:\/\/yoast.com\/wordpress\/plugins\/seo\/ -->\n<title>Premier bilan pour le Conseil des Sages de Saint-Di\u00e9-des-Vosges - Saint Die Info<\/title>\n<meta name=\"robots\" content=\"index, follow, max-snippet:-1, max-image-preview:large, max-video-preview:-1\" \/>\n<link rel=\"canonical\" href=\"https:\/\/vosgesinfo.fr\/saintdieinfo\/2024\/03\/premier-bilan-pour-le-conseil-des-sages-de-saint-die-des-vosges\/\" \/>\n<meta name=\"twitter:card\" content=\"summary_large_image\" \/>\n<meta name=\"twitter:title\" content=\"Premier bilan pour le Conseil des Sages de Saint-Di\u00e9-des-Vosges - Saint Die Info\" \/>\n<meta name=\"twitter:description\" content=\"Le Conseil des Sages de Saint-Di\u00e9-des-Vosges est install\u00e9 depuis f\u00e9vrier 2023. Pour rappel, cette assembl\u00e9e apolitique \u00e0 vocation consultative r\u00e9unit [&hellip;]\" \/>\n<meta name=\"twitter:image\" content=\"https:\/\/vosgesinfo.fr\/app\/uploads\/sites\/4\/2024\/03\/premier-bilan-conseil-des-sages-sddv-scaled.jpg\" \/>\n<meta name=\"twitter:creator\" content=\"@VosgesInfo88\" \/>\n<meta name=\"twitter:site\" content=\"@VosgesInfo88\" \/>\n<meta name=\"twitter:label1\" content=\"\u00c9crit par\" \/>\n\t<meta name=\"twitter:data1\" content=\"J.J.\" \/>\n\t<meta name=\"twitter:label2\" content=\"Dur\u00e9e de lecture estim\u00e9e\" \/>\n\t<meta name=\"twitter:data2\" content=\"2 minutes\" \/>\n<script type=\"application\/ld+json\" class=\"yoast-schema-graph\">{\"@context\":\"https:\/\/schema.org\",\"@graph\":[{\"@type\":\"Article\",\"@id\":\"https:\/\/vosgesinfo.fr\/saintdieinfo\/2024\/03\/premier-bilan-pour-le-conseil-des-sages-de-saint-die-des-vosges\/#article\",\"isPartOf\":{\"@id\":\"https:\/\/vosgesinfo.fr\/saintdieinfo\/2024\/03\/premier-bilan-pour-le-conseil-des-sages-de-saint-die-des-vosges\/\"},\"author\":{\"name\":\"J.J.\",\"@id\":\"https:\/\/vosgesinfo.fr\/saintdieinfo\/#\/schema\/person\/fa73e9f726d67bb88f46d5b7943cb572\"},\"headline\":\"Premier bilan pour le Conseil des Sages de Saint-Di\u00e9-des-Vosges\",\"datePublished\":\"2024-03-05T12:13:26+00:00\",\"dateModified\":\"2024-03-05T12:13:26+00:00\",\"mainEntityOfPage\":{\"@id\":\"https:\/\/vosgesinfo.fr\/saintdieinfo\/2024\/03\/premier-bilan-pour-le-conseil-des-sages-de-saint-die-des-vosges\/\"},\"wordCount\":427,\"commentCount\":1,\"publisher\":{\"@id\":\"https:\/\/vosgesinfo.fr\/saintdieinfo\/#organization\"},\"image\":{\"@id\":\"https:\/\/vosgesinfo.fr\/saintdieinfo\/2024\/03\/premier-bilan-pour-le-conseil-des-sages-de-saint-die-des-vosges\/#primaryimage\"},\"thumbnailUrl\":\"https:\/\/vosgesinfo.fr\/app\/uploads\/sites\/4\/2024\/03\/premier-bilan-conseil-des-sages-sddv-scaled.jpg\",\"keywords\":[\"Conseil des Sages de Saint-Di\u00e9-des-Vosges\"],\"articleSection\":[\"A la Une\",\"Saint-Di\u00e9-des-Vosges\"],\"inLanguage\":\"fr-FR\",\"potentialAction\":[{\"@type\":\"CommentAction\",\"name\":\"Comment\",\"target\":[\"https:\/\/vosgesinfo.fr\/saintdieinfo\/2024\/03\/premier-bilan-pour-le-conseil-des-sages-de-saint-die-des-vosges\/#respond\"]}]},{\"@type\":\"WebPage\",\"@id\":\"https:\/\/vosgesinfo.fr\/saintdieinfo\/2024\/03\/premier-bilan-pour-le-conseil-des-sages-de-saint-die-des-vosges\/\",\"url\":\"https:\/\/vosgesinfo.fr\/saintdieinfo\/2024\/03\/premier-bilan-pour-le-conseil-des-sages-de-saint-die-des-vosges\/\",\"name\":\"Premier bilan pour le Conseil des Sages de Saint-Di\u00e9-des-Vosges - Saint Die Info\",\"isPartOf\":{\"@id\":\"https:\/\/vosgesinfo.fr\/saintdieinfo\/#website\"},\"primaryImageOfPage\":{\"@id\":\"https:\/\/vosgesinfo.fr\/saintdieinfo\/2024\/03\/premier-bilan-pour-le-conseil-des-sages-de-saint-die-des-vosges\/#primaryimage\"},\"image\":{\"@id\":\"https:\/\/vosgesinfo.fr\/saintdieinfo\/2024\/03\/premier-bilan-pour-le-conseil-des-sages-de-saint-die-des-vosges\/#primaryimage\"},\"thumbnailUrl\":\"https:\/\/vosgesinfo.fr\/app\/uploads\/sites\/4\/2024\/03\/premier-bilan-conseil-des-sages-sddv-scaled.jpg\",\"datePublished\":\"2024-03-05T12:13:26+00:00\",\"dateModified\":\"2024-03-05T12:13:26+00:00\",\"breadcrumb\":{\"@id\":\"https:\/\/vosgesinfo.fr\/saintdieinfo\/2024\/03\/premier-bilan-pour-le-conseil-des-sages-de-saint-die-des-vosges\/#breadcrumb\"},\"inLanguage\":\"fr-FR\",\"potentialAction\":[{\"@type\":\"ReadAction\",\"target\":[\"https:\/\/vosgesinfo.fr\/saintdieinfo\/2024\/03\/premier-bilan-pour-le-conseil-des-sages-de-saint-die-des-vosges\/\"]}]},{\"@type\":\"ImageObject\",\"inLanguage\":\"fr-FR\",\"@id\":\"https:\/\/vosgesinfo.fr\/saintdieinfo\/2024\/03\/premier-bilan-pour-le-conseil-des-sages-de-saint-die-des-vosges\/#primaryimage\",\"url\":\"https:\/\/vosgesinfo.fr\/app\/uploads\/sites\/4\/2024\/03\/premier-bilan-conseil-des-sages-sddv-scaled.jpg\",\"contentUrl\":\"https:\/\/vosgesinfo.fr\/app\/uploads\/sites\/4\/2024\/03\/premier-bilan-conseil-des-sages-sddv-scaled.jpg\",\"width\":2560,\"height\":1928},{\"@type\":\"BreadcrumbList\",\"@id\":\"https:\/\/vosgesinfo.fr\/saintdieinfo\/2024\/03\/premier-bilan-pour-le-conseil-des-sages-de-saint-die-des-vosges\/#breadcrumb\",\"itemListElement\":[{\"@type\":\"ListItem\",\"position\":1,\"name\":\"Home\",\"item\":\"https:\/\/vosgesinfo.fr\/saintdieinfo\/\"},{\"@type\":\"ListItem\",\"position\":2,\"name\":\"Premier bilan pour le Conseil des Sages de Saint-Di\u00e9-des-Vosges\"}]},{\"@type\":\"WebSite\",\"@id\":\"https:\/\/vosgesinfo.fr\/saintdieinfo\/#website\",\"url\":\"https:\/\/vosgesinfo.fr\/saintdieinfo\/\",\"name\":\"Saint Die Info\",\"description\":\"Toute l&#039;actualit\u00e9 de Saint-Di\u00e9-Des-Vosges\",\"publisher\":{\"@id\":\"https:\/\/vosgesinfo.fr\/saintdieinfo\/#organization\"},\"alternateName\":\"Toute l'actualit\u00e9 de Saint-Di\u00e9-Des-Vosges\",\"potentialAction\":[{\"@type\":\"SearchAction\",\"target\":{\"@type\":\"EntryPoint\",\"urlTemplate\":\"https:\/\/vosgesinfo.fr\/saintdieinfo\/?s={search_term_string}\"},\"query-input\":\"required name=search_term_string\"}],\"inLanguage\":\"fr-FR\"},{\"@type\":\"Organization\",\"@id\":\"https:\/\/vosgesinfo.fr\/saintdieinfo\/#organization\",\"name\":\"Saint Die Info\",\"url\":\"https:\/\/vosgesinfo.fr\/saintdieinfo\/\",\"logo\":{\"@type\":\"ImageObject\",\"inLanguage\":\"fr-FR\",\"@id\":\"https:\/\/vosgesinfo.fr\/saintdieinfo\/#\/schema\/logo\/image\/\",\"url\":\"https:\/\/vosgesinfo.fr\/app\/uploads\/sites\/4\/2024\/02\/logo-sdi.jpg\",\"contentUrl\":\"https:\/\/vosgesinfo.fr\/app\/uploads\/sites\/4\/2024\/02\/logo-sdi.jpg\",\"width\":600,\"height\":600,\"caption\":\"Saint Die Info\"},\"image\":{\"@id\":\"https:\/\/vosgesinfo.fr\/saintdieinfo\/#\/schema\/logo\/image\/\"},\"sameAs\":[\"https:\/\/www.facebook.com\/Saintdieinfofr\",\"https:\/\/x.com\/VosgesInfo88\",\"https:\/\/www.youtube.com\/@vosgesinfo\"]},{\"@type\":\"Person\",\"@id\":\"https:\/\/vosgesinfo.fr\/saintdieinfo\/#\/schema\/person\/fa73e9f726d67bb88f46d5b7943cb572\",\"name\":\"J.J.\",\"image\":{\"@type\":\"ImageObject\",\"inLanguage\":\"fr-FR\",\"@id\":\"https:\/\/vosgesinfo.fr\/saintdieinfo\/#\/schema\/person\/image\/\",\"url\":\"https:\/\/secure.gravatar.com\/avatar\/219e749e47ffbcca018a360ae4add7d4cdf1cdaaf8bc7676b27efade3fe65615?s=96&d=mm&r=g\",\"contentUrl\":\"https:\/\/secure.gravatar.com\/avatar\/219e749e47ffbcca018a360ae4add7d4cdf1cdaaf8bc7676b27efade3fe65615?s=96&d=mm&r=g\",\"caption\":\"J.J.\"},\"url\":\"https:\/\/vosgesinfo.fr\/saintdieinfo\/author\/j-j\/\"}]}<\/script>\n<!-- \/ Yoast SEO plugin. -->","yoast_head_json":{"title":"Premier bilan pour le Conseil des Sages de Saint-Di\u00e9-des-Vosges - Saint Die Info","robots":{"index":"index","follow":"follow","max-snippet":"max-snippet:-1","max-image-preview":"max-image-preview:large","max-video-preview":"max-video-preview:-1"},"canonical":"https:\/\/vosgesinfo.fr\/saintdieinfo\/2024\/03\/premier-bilan-pour-le-conseil-des-sages-de-saint-die-des-vosges\/","twitter_card":"summary_large_image","twitter_title":"Premier bilan pour le Conseil des Sages de Saint-Di\u00e9-des-Vosges - Saint Die Info","twitter_description":"Le Conseil des Sages de Saint-Di\u00e9-des-Vosges est install\u00e9 depuis f\u00e9vrier 2023. Pour rappel, cette assembl\u00e9e apolitique \u00e0 vocation consultative r\u00e9unit [&hellip;]","twitter_image":"https:\/\/vosgesinfo.fr\/app\/uploads\/sites\/4\/2024\/03\/premier-bilan-conseil-des-sages-sddv-scaled.jpg","twitter_creator":"@VosgesInfo88","twitter_site":"@VosgesInfo88","twitter_misc":{"\u00c9crit par":"J.J.","Dur\u00e9e de lecture estim\u00e9e":"2 minutes"},"schema":{"@context":"https:\/\/schema.org","@graph":[{"@type":"Article","@id":"https:\/\/vosgesinfo.fr\/saintdieinfo\/2024\/03\/premier-bilan-pour-le-conseil-des-sages-de-saint-die-des-vosges\/#article","isPartOf":{"@id":"https:\/\/vosgesinfo.fr\/saintdieinfo\/2024\/03\/premier-bilan-pour-le-conseil-des-sages-de-saint-die-des-vosges\/"},"author":{"name":"J.J.","@id":"https:\/\/vosgesinfo.fr\/saintdieinfo\/#\/schema\/person\/fa73e9f726d67bb88f46d5b7943cb572"},"headline":"Premier bilan pour le Conseil des Sages de Saint-Di\u00e9-des-Vosges","datePublished":"2024-03-05T12:13:26+00:00","dateModified":"2024-03-05T12:13:26+00:00","mainEntityOfPage":{"@id":"https:\/\/vosgesinfo.fr\/saintdieinfo\/2024\/03\/premier-bilan-pour-le-conseil-des-sages-de-saint-die-des-vosges\/"},"wordCount":427,"commentCount":1,"publisher":{"@id":"https:\/\/vosgesinfo.fr\/saintdieinfo\/#organization"},"image":{"@id":"https:\/\/vosgesinfo.fr\/saintdieinfo\/2024\/03\/premier-bilan-pour-le-conseil-des-sages-de-saint-die-des-vosges\/#primaryimage"},"thumbnailUrl":"https:\/\/vosgesinfo.fr\/app\/uploads\/sites\/4\/2024\/03\/premier-bilan-conseil-des-sages-sddv-scaled.jpg","keywords":["Conseil des Sages de Saint-Di\u00e9-des-Vosges"],"articleSection":["A la Une","Saint-Di\u00e9-des-Vosges"],"inLanguage":"fr-FR","potentialAction":[{"@type":"CommentAction","name":"Comment","target":["https:\/\/vosgesinfo.fr\/saintdieinfo\/2024\/03\/premier-bilan-pour-le-conseil-des-sages-de-saint-die-des-vosges\/#respond"]}]},{"@type":"WebPage","@id":"https:\/\/vosgesinfo.fr\/saintdieinfo\/2024\/03\/premier-bilan-pour-le-conseil-des-sages-de-saint-die-des-vosges\/","url":"https:\/\/vosgesinfo.fr\/saintdieinfo\/2024\/03\/premier-bilan-pour-le-conseil-des-sages-de-saint-die-des-vosges\/","name":"Premier bilan pour le Conseil des Sages de Saint-Di\u00e9-des-Vosges - Saint Die Info","isPartOf":{"@id":"https:\/\/vosgesinfo.fr\/saintdieinfo\/#website"},"primaryImageOfPage":{"@id":"https:\/\/vosgesinfo.fr\/saintdieinfo\/2024\/03\/premier-bilan-pour-le-conseil-des-sages-de-saint-die-des-vosges\/#primaryimage"},"image":{"@id":"https:\/\/vosgesinfo.fr\/saintdieinfo\/2024\/03\/premier-bilan-pour-le-conseil-des-sages-de-saint-die-des-vosges\/#primaryimage"},"thumbnailUrl":"https:\/\/vosgesinfo.fr\/app\/uploads\/sites\/4\/2024\/03\/premier-bilan-conseil-des-sages-sddv-scaled.jpg","datePublished":"2024-03-05T12:13:26+00:00","dateModified":"2024-03-05T12:13:26+00:00","breadcrumb":{"@id":"https:\/\/vosgesinfo.fr\/saintdieinfo\/2024\/03\/premier-bilan-pour-le-conseil-des-sages-de-saint-die-des-vosges\/#breadcrumb"},"inLanguage":"fr-FR","potentialAction":[{"@type":"ReadAction","target":["https:\/\/vosgesinfo.fr\/saintdieinfo\/2024\/03\/premier-bilan-pour-le-conseil-des-sages-de-saint-die-des-vosges\/"]}]},{"@type":"ImageObject","inLanguage":"fr-FR","@id":"https:\/\/vosgesinfo.fr\/saintdieinfo\/2024\/03\/premier-bilan-pour-le-conseil-des-sages-de-saint-die-des-vosges\/#primaryimage","url":"https:\/\/vosgesinfo.fr\/app\/uploads\/sites\/4\/2024\/03\/premier-bilan-conseil-des-sages-sddv-scaled.jpg","contentUrl":"https:\/\/vosgesinfo.fr\/app\/uploads\/sites\/4\/2024\/03\/premier-bilan-conseil-des-sages-sddv-scaled.jpg","width":2560,"height":1928},{"@type":"BreadcrumbList","@id":"https:\/\/vosgesinfo.fr\/saintdieinfo\/2024\/03\/premier-bilan-pour-le-conseil-des-sages-de-saint-die-des-vosges\/#breadcrumb","itemListElement":[{"@type":"ListItem","position":1,"name":"Home","item":"https:\/\/vosgesinfo.fr\/saintdieinfo\/"},{"@type":"ListItem","position":2,"name":"Premier bilan pour le Conseil des Sages de Saint-Di\u00e9-des-Vosges"}]},{"@type":"WebSite","@id":"https:\/\/vosgesinfo.fr\/saintdieinfo\/#website","url":"https:\/\/vosgesinfo.fr\/saintdieinfo\/","name":"Saint Die Info","description":"Toute l&#039;actualit\u00e9 de Saint-Di\u00e9-Des-Vosges","publisher":{"@id":"https:\/\/vosgesinfo.fr\/saintdieinfo\/#organization"},"alternateName":"Toute l'actualit\u00e9 de Saint-Di\u00e9-Des-Vosges","potentialAction":[{"@type":"SearchAction","target":{"@type":"EntryPoint","urlTemplate":"https:\/\/vosgesinfo.fr\/saintdieinfo\/?s={search_term_string}"},"query-input":"required name=search_term_string"}],"inLanguage":"fr-FR"},{"@type":"Organization","@id":"https:\/\/vosgesinfo.fr\/saintdieinfo\/#organization","name":"Saint Die Info","url":"https:\/\/vosgesinfo.fr\/saintdieinfo\/","logo":{"@type":"ImageObject","inLanguage":"fr-FR","@id":"https:\/\/vosgesinfo.fr\/saintdieinfo\/#\/schema\/logo\/image\/","url":"https:\/\/vosgesinfo.fr\/app\/uploads\/sites\/4\/2024\/02\/logo-sdi.jpg","contentUrl":"https:\/\/vosgesinfo.fr\/app\/uploads\/sites\/4\/2024\/02\/logo-sdi.jpg","width":600,"height":600,"caption":"Saint Die Info"},"image":{"@id":"https:\/\/vosgesinfo.fr\/saintdieinfo\/#\/schema\/logo\/image\/"},"sameAs":["https:\/\/www.facebook.com\/Saintdieinfofr","https:\/\/x.com\/VosgesInfo88","https:\/\/www.youtube.com\/@vosgesinfo"]},{"@type":"Person","@id":"https:\/\/vosgesinfo.fr\/saintdieinfo\/#\/schema\/person\/fa73e9f726d67bb88f46d5b7943cb572","name":"J.J.","image":{"@type":"ImageObject","inLanguage":"fr-FR","@id":"https:\/\/vosgesinfo.fr\/saintdieinfo\/#\/schema\/person\/image\/","url":"https:\/\/secure.gravatar.com\/avatar\/219e749e47ffbcca018a360ae4add7d4cdf1cdaaf8bc7676b27efade3fe65615?s=96&d=mm&r=g","contentUrl":"https:\/\/secure.gravatar.com\/avatar\/219e749e47ffbcca018a360ae4add7d4cdf1cdaaf8bc7676b27efade3fe65615?s=96&d=mm&r=g","caption":"J.J."},"url":"https:\/\/vosgesinfo.fr\/saintdieinfo\/author\/j-j\/"}]}},"_links":{"self":[{"href":"https:\/\/vosgesinfo.fr\/saintdieinfo\/wp-json\/wp\/v2\/posts\/31095","targetHints":{"allow":["GET"]}}],"collection":[{"href":"https:\/\/vosgesinfo.fr\/saintdieinfo\/wp-json\/wp\/v2\/posts"}],"about":[{"href":"https:\/\/vosgesinfo.fr\/saintdieinfo\/wp-json\/wp\/v2\/types\/post"}],"author":[{"embeddable":true,"href":"https:\/\/vosgesinfo.fr\/saintdieinfo\/wp-json\/wp\/v2\/users\/46"}],"replies":[{"embeddable":true,"href":"https:\/\/vosgesinfo.fr\/saintdieinfo\/wp-json\/wp\/v2\/comments?post=31095"}],"version-history":[{"count":1,"href":"https:\/\/vosgesinfo.fr\/saintdieinfo\/wp-json\/wp\/v2\/posts\/31095\/revisions"}],"predecessor-version":[{"id":31097,"href":"https:\/\/vosgesinfo.fr\/saintdieinfo\/wp-json\/wp\/v2\/posts\/31095\/revisions\/31097"}],"wp:featuredmedia":[{"embeddable":true,"href":"https:\/\/vosgesinfo.fr\/saintdieinfo\/wp-json\/wp\/v2\/media\/31096"}],"wp:attachment":[{"href":"https:\/\/vosgesinfo.fr\/saintdieinfo\/wp-json\/wp\/v2\/media?parent=31095"}],"wp:term":[{"taxonomy":"category","embeddable":true,"href":"https:\/\/vosgesinfo.fr\/saintdieinfo\/wp-json\/wp\/v2\/categories?post=31095"},{"taxonomy":"post_tag","embeddable":true,"href":"https:\/\/vosgesinfo.fr\/saintdieinfo\/wp-json\/wp\/v2\/tags?post=31095"}],"curies":[{"name":"wp","href":"https:\/\/api.w.org\/{rel}","templated":true}]}}