{"id":31098,"date":"2024-03-05T14:01:03","date_gmt":"2024-03-05T13:01:03","guid":{"rendered":"https:\/\/vosgesinfo.fr\/saintdieinfo\/?p=31098"},"modified":"2024-03-05T14:01:03","modified_gmt":"2024-03-05T13:01:03","slug":"conference-la-peur-de-la-nature-avec-lecologue-jean-claude-genot","status":"publish","type":"post","link":"https:\/\/vosgesinfo.fr\/saintdieinfo\/2024\/03\/conference-la-peur-de-la-nature-avec-lecologue-jean-claude-genot\/","title":{"rendered":"Conf\u00e9rence \u00ab\u00a0La peur de la nature\u00a0\u00bb avec l&rsquo;\u00e9cologue Jean-Claude G\u00e9not"},"content":{"rendered":"<h2>L&rsquo;association \u00ab\u00a0Il est encore temps en D\u00e9odatie\u00a0\u00bb, en partenariat avec les associations ETC Terra et BERIAN, organise une conf\u00e9rence unique \u00e0 Saint-Di\u00e9-des-Vosges. L&rsquo;\u00e9cologue Jean-Claude G\u00e9not,\u00a0 que beaucoup connaissent par ses livres et conf\u00e9rences, viendra parler de \u00ab\u00a0La peur de la nature\u00a0\u00bb, ce jeudi 7 mars \u00e0 20h au mus\u00e9e Pierre-No\u00ebl. Entr\u00e9e libre prix au chapeau.<\/h2>\n<p><!--more-->\u00ab\u00a0Cette peur conduit l\u2019homme \u00e0 d\u00e9truire la nature. Pourquoi l\u2019homme a-t-il peur de la nature ? Qu\u2019est-ce que la nature r\u00e9v\u00e8le en nous ? Pourquoi nous voulons \u00e0 ce point la dominer ? Cette peur de la nature remet en cause la place de l\u2019homme dans l\u2019univers.\u00a0\u00bb<\/p>\n<h3>R\u00e9sum\u00e9 :<\/h3>\n<p>Fran\u00e7ois Terrasson (1939-2006) fut chercheur au Mus\u00e9um National d\u2019Histoire Naturelle et sp\u00e9cialiste du rapport entre l\u2019homme et la nature. Son livre le plus connu est \u00ab La peur de la nature \u00bb dans lequel il explique que cette peur conduit l\u2019homme \u00e0 d\u00e9truire la nature. Pourquoi l\u2019homme a-t-il peur de la nature ? Qu\u2019est-ce que la nature r\u00e9v\u00e8le en nous ? Pourquoi nous voulons \u00e0 ce point la dominer ? Cette peur de la nature remet en cause la place de l\u2019homme dans l\u2019univers. Pour tester cette peur, Terrasson a invent\u00e9 des stages d\u2019abandon nocturne qui consistent \u00e0 faire passer une nuit seul en for\u00eat, \u00e0 des personnes pour ensuite recueillir leurs impressions. On peut le consid\u00e9rer comme un penseur radical de la nature car pour lui, si on aime la nature, on doit \u00ab lui foutre la paix\u00bb.<\/p>\n<p>Conf\u00e9rencier : Jean-Claude G\u00e9not<br \/>\nEcologue, membre des Journalistes-\u00e9crivains pour la nature et l\u2019\u00e9cologie, r\u00e9dacteur en chef de la lettre Naturalit\u00e9 de l\u2019association For\u00eats sauvages, conseiller scientifique de l\u2019association Francis Hall\u00e9 pour la for\u00eat primaire et membre du groupe de travail \u00ab Nature f\u00e9rale et wilderness \u00bb du comit\u00e9 fran\u00e7ais de l\u2019Union Internationale pour la Conservation de la Nature.<\/p>\n<p><img decoding=\"async\" class=\"alignnone size-large wp-image-31099\" src=\"https:\/\/vosgesinfo.fr\/app\/uploads\/sites\/4\/2024\/03\/conference-peur-nature-722x1024.jpg\" alt=\"\" width=\"722\" height=\"1024\" srcset=\"https:\/\/vosgesinfo.fr\/app\/uploads\/sites\/4\/2024\/03\/conference-peur-nature-722x1024.jpg 722w, https:\/\/vosgesinfo.fr\/app\/uploads\/sites\/4\/2024\/03\/conference-peur-nature-212x300.jpg 212w, https:\/\/vosgesinfo.fr\/app\/uploads\/sites\/4\/2024\/03\/conference-peur-nature-768x1089.jpg 768w, https:\/\/vosgesinfo.fr\/app\/uploads\/sites\/4\/2024\/03\/conference-peur-nature.jpg 846w\" sizes=\"(max-width: 722px) 100vw, 722px\" \/><\/p>\n","protected":false},"excerpt":{"rendered":"<p>L&rsquo;association \u00ab\u00a0Il est encore temps en D\u00e9odatie\u00a0\u00bb, en partenariat avec les associations ETC Terra et BERIAN, organise une conf\u00e9rence unique [&hellip;]<\/p>\n","protected":false},"author":46,"featured_media":31099,"comment_status":"open","ping_status":"open","sticky":false,"template":"","format":"standard","meta":{"footnotes":""},"categories":[3900,167,17],"tags":[3010,3029,3200,5482,5481,3333],"class_list":["post-31098","post","type-post","status-publish","format-standard","has-post-thumbnail","hentry","category-breves","category-saint-die-des-vosges","category-vie-associative","tag-berian","tag-etc-terra","tag-il-est-encore-temps-en-deodatie","tag-jean-claude-genot","tag-la-peur-de-la-nature","tag-musee-pierre-noel"],"acf":[],"yoast_head":"<!-- This site is optimized with the Yoast SEO plugin v22.5 - https:\/\/yoast.com\/wordpress\/plugins\/seo\/ -->\n<title>Conf\u00e9rence &quot;La peur de la nature&quot; avec l&#039;\u00e9cologue Jean-Claude G\u00e9not - Saint Die Info<\/title>\n<meta name=\"robots\" content=\"index, follow, max-snippet:-1, max-image-preview:large, max-video-preview:-1\" \/>\n<link rel=\"canonical\" href=\"https:\/\/vosgesinfo.fr\/saintdieinfo\/2024\/03\/conference-la-peur-de-la-nature-avec-lecologue-jean-claude-genot\/\" \/>\n<meta name=\"twitter:card\" content=\"summary_large_image\" \/>\n<meta name=\"twitter:title\" content=\"Conf\u00e9rence &quot;La peur de la nature&quot; avec l&#039;\u00e9cologue Jean-Claude G\u00e9not - Saint Die Info\" \/>\n<meta name=\"twitter:description\" content=\"L&rsquo;association \u00ab\u00a0Il est encore temps en D\u00e9odatie\u00a0\u00bb, en partenariat avec les associations ETC Terra et BERIAN, organise une conf\u00e9rence unique [&hellip;]\" \/>\n<meta name=\"twitter:image\" content=\"https:\/\/vosgesinfo.fr\/app\/uploads\/sites\/4\/2024\/03\/conference-peur-nature.jpg\" \/>\n<meta name=\"twitter:creator\" content=\"@VosgesInfo88\" \/>\n<meta name=\"twitter:site\" content=\"@VosgesInfo88\" \/>\n<meta name=\"twitter:label1\" content=\"\u00c9crit par\" \/>\n\t<meta name=\"twitter:data1\" content=\"J.J.\" \/>\n\t<meta name=\"twitter:label2\" content=\"Dur\u00e9e de lecture estim\u00e9e\" \/>\n\t<meta name=\"twitter:data2\" content=\"2 minutes\" \/>\n<script type=\"application\/ld+json\" class=\"yoast-schema-graph\">{\"@context\":\"https:\/\/schema.org\",\"@graph\":[{\"@type\":\"Article\",\"@id\":\"https:\/\/vosgesinfo.fr\/saintdieinfo\/2024\/03\/conference-la-peur-de-la-nature-avec-lecologue-jean-claude-genot\/#article\",\"isPartOf\":{\"@id\":\"https:\/\/vosgesinfo.fr\/saintdieinfo\/2024\/03\/conference-la-peur-de-la-nature-avec-lecologue-jean-claude-genot\/\"},\"author\":{\"name\":\"J.J.\",\"@id\":\"https:\/\/vosgesinfo.fr\/saintdieinfo\/#\/schema\/person\/fa73e9f726d67bb88f46d5b7943cb572\"},\"headline\":\"Conf\u00e9rence \u00ab\u00a0La peur de la nature\u00a0\u00bb avec l&rsquo;\u00e9cologue Jean-Claude G\u00e9not\",\"datePublished\":\"2024-03-05T13:01:03+00:00\",\"dateModified\":\"2024-03-05T13:01:03+00:00\",\"mainEntityOfPage\":{\"@id\":\"https:\/\/vosgesinfo.fr\/saintdieinfo\/2024\/03\/conference-la-peur-de-la-nature-avec-lecologue-jean-claude-genot\/\"},\"wordCount\":339,\"commentCount\":0,\"publisher\":{\"@id\":\"https:\/\/vosgesinfo.fr\/saintdieinfo\/#organization\"},\"image\":{\"@id\":\"https:\/\/vosgesinfo.fr\/saintdieinfo\/2024\/03\/conference-la-peur-de-la-nature-avec-lecologue-jean-claude-genot\/#primaryimage\"},\"thumbnailUrl\":\"https:\/\/vosgesinfo.fr\/app\/uploads\/sites\/4\/2024\/03\/conference-peur-nature.jpg\",\"keywords\":[\"BERIAN\",\"ETC... Terra\",\"Il est encore temps en D\u00e9odatie\",\"Jean-Claude G\u00e9not\",\"La peur de la nature\",\"Mus\u00e9e Pierre-No\u00ebl\"],\"articleSection\":[\"Br\u00e8ves\",\"Saint-Di\u00e9-des-Vosges\",\"Vie Associative\"],\"inLanguage\":\"fr-FR\",\"potentialAction\":[{\"@type\":\"CommentAction\",\"name\":\"Comment\",\"target\":[\"https:\/\/vosgesinfo.fr\/saintdieinfo\/2024\/03\/conference-la-peur-de-la-nature-avec-lecologue-jean-claude-genot\/#respond\"]}]},{\"@type\":\"WebPage\",\"@id\":\"https:\/\/vosgesinfo.fr\/saintdieinfo\/2024\/03\/conference-la-peur-de-la-nature-avec-lecologue-jean-claude-genot\/\",\"url\":\"https:\/\/vosgesinfo.fr\/saintdieinfo\/2024\/03\/conference-la-peur-de-la-nature-avec-lecologue-jean-claude-genot\/\",\"name\":\"Conf\u00e9rence \\\"La peur de la nature\\\" avec l'\u00e9cologue Jean-Claude G\u00e9not - Saint Die Info\",\"isPartOf\":{\"@id\":\"https:\/\/vosgesinfo.fr\/saintdieinfo\/#website\"},\"primaryImageOfPage\":{\"@id\":\"https:\/\/vosgesinfo.fr\/saintdieinfo\/2024\/03\/conference-la-peur-de-la-nature-avec-lecologue-jean-claude-genot\/#primaryimage\"},\"image\":{\"@id\":\"https:\/\/vosgesinfo.fr\/saintdieinfo\/2024\/03\/conference-la-peur-de-la-nature-avec-lecologue-jean-claude-genot\/#primaryimage\"},\"thumbnailUrl\":\"https:\/\/vosgesinfo.fr\/app\/uploads\/sites\/4\/2024\/03\/conference-peur-nature.jpg\",\"datePublished\":\"2024-03-05T13:01:03+00:00\",\"dateModified\":\"2024-03-05T13:01:03+00:00\",\"breadcrumb\":{\"@id\":\"https:\/\/vosgesinfo.fr\/saintdieinfo\/2024\/03\/conference-la-peur-de-la-nature-avec-lecologue-jean-claude-genot\/#breadcrumb\"},\"inLanguage\":\"fr-FR\",\"potentialAction\":[{\"@type\":\"ReadAction\",\"target\":[\"https:\/\/vosgesinfo.fr\/saintdieinfo\/2024\/03\/conference-la-peur-de-la-nature-avec-lecologue-jean-claude-genot\/\"]}]},{\"@type\":\"ImageObject\",\"inLanguage\":\"fr-FR\",\"@id\":\"https:\/\/vosgesinfo.fr\/saintdieinfo\/2024\/03\/conference-la-peur-de-la-nature-avec-lecologue-jean-claude-genot\/#primaryimage\",\"url\":\"https:\/\/vosgesinfo.fr\/app\/uploads\/sites\/4\/2024\/03\/conference-peur-nature.jpg\",\"contentUrl\":\"https:\/\/vosgesinfo.fr\/app\/uploads\/sites\/4\/2024\/03\/conference-peur-nature.jpg\",\"width\":846,\"height\":1200},{\"@type\":\"BreadcrumbList\",\"@id\":\"https:\/\/vosgesinfo.fr\/saintdieinfo\/2024\/03\/conference-la-peur-de-la-nature-avec-lecologue-jean-claude-genot\/#breadcrumb\",\"itemListElement\":[{\"@type\":\"ListItem\",\"position\":1,\"name\":\"Home\",\"item\":\"https:\/\/vosgesinfo.fr\/saintdieinfo\/\"},{\"@type\":\"ListItem\",\"position\":2,\"name\":\"Conf\u00e9rence \u00ab\u00a0La peur de la nature\u00a0\u00bb avec l&rsquo;\u00e9cologue Jean-Claude G\u00e9not\"}]},{\"@type\":\"WebSite\",\"@id\":\"https:\/\/vosgesinfo.fr\/saintdieinfo\/#website\",\"url\":\"https:\/\/vosgesinfo.fr\/saintdieinfo\/\",\"name\":\"Saint Die Info\",\"description\":\"Toute l&#039;actualit\u00e9 de Saint-Di\u00e9-Des-Vosges\",\"publisher\":{\"@id\":\"https:\/\/vosgesinfo.fr\/saintdieinfo\/#organization\"},\"alternateName\":\"Toute l'actualit\u00e9 de Saint-Di\u00e9-Des-Vosges\",\"potentialAction\":[{\"@type\":\"SearchAction\",\"target\":{\"@type\":\"EntryPoint\",\"urlTemplate\":\"https:\/\/vosgesinfo.fr\/saintdieinfo\/?s={search_term_string}\"},\"query-input\":\"required name=search_term_string\"}],\"inLanguage\":\"fr-FR\"},{\"@type\":\"Organization\",\"@id\":\"https:\/\/vosgesinfo.fr\/saintdieinfo\/#organization\",\"name\":\"Saint Die Info\",\"url\":\"https:\/\/vosgesinfo.fr\/saintdieinfo\/\",\"logo\":{\"@type\":\"ImageObject\",\"inLanguage\":\"fr-FR\",\"@id\":\"https:\/\/vosgesinfo.fr\/saintdieinfo\/#\/schema\/logo\/image\/\",\"url\":\"https:\/\/vosgesinfo.fr\/app\/uploads\/sites\/4\/2024\/02\/logo-sdi.jpg\",\"contentUrl\":\"https:\/\/vosgesinfo.fr\/app\/uploads\/sites\/4\/2024\/02\/logo-sdi.jpg\",\"width\":600,\"height\":600,\"caption\":\"Saint Die Info\"},\"image\":{\"@id\":\"https:\/\/vosgesinfo.fr\/saintdieinfo\/#\/schema\/logo\/image\/\"},\"sameAs\":[\"https:\/\/www.facebook.com\/Saintdieinfofr\",\"https:\/\/x.com\/VosgesInfo88\",\"https:\/\/www.youtube.com\/@vosgesinfo\"]},{\"@type\":\"Person\",\"@id\":\"https:\/\/vosgesinfo.fr\/saintdieinfo\/#\/schema\/person\/fa73e9f726d67bb88f46d5b7943cb572\",\"name\":\"J.J.\",\"image\":{\"@type\":\"ImageObject\",\"inLanguage\":\"fr-FR\",\"@id\":\"https:\/\/vosgesinfo.fr\/saintdieinfo\/#\/schema\/person\/image\/\",\"url\":\"https:\/\/secure.gravatar.com\/avatar\/219e749e47ffbcca018a360ae4add7d4cdf1cdaaf8bc7676b27efade3fe65615?s=96&d=mm&r=g\",\"contentUrl\":\"https:\/\/secure.gravatar.com\/avatar\/219e749e47ffbcca018a360ae4add7d4cdf1cdaaf8bc7676b27efade3fe65615?s=96&d=mm&r=g\",\"caption\":\"J.J.\"},\"url\":\"https:\/\/vosgesinfo.fr\/saintdieinfo\/author\/j-j\/\"}]}<\/script>\n<!-- \/ Yoast SEO plugin. -->","yoast_head_json":{"title":"Conf\u00e9rence \"La peur de la nature\" avec l'\u00e9cologue Jean-Claude G\u00e9not - Saint Die Info","robots":{"index":"index","follow":"follow","max-snippet":"max-snippet:-1","max-image-preview":"max-image-preview:large","max-video-preview":"max-video-preview:-1"},"canonical":"https:\/\/vosgesinfo.fr\/saintdieinfo\/2024\/03\/conference-la-peur-de-la-nature-avec-lecologue-jean-claude-genot\/","twitter_card":"summary_large_image","twitter_title":"Conf\u00e9rence \"La peur de la nature\" avec l'\u00e9cologue Jean-Claude G\u00e9not - Saint Die Info","twitter_description":"L&rsquo;association \u00ab\u00a0Il est encore temps en D\u00e9odatie\u00a0\u00bb, en partenariat avec les associations ETC Terra et BERIAN, organise une conf\u00e9rence unique [&hellip;]","twitter_image":"https:\/\/vosgesinfo.fr\/app\/uploads\/sites\/4\/2024\/03\/conference-peur-nature.jpg","twitter_creator":"@VosgesInfo88","twitter_site":"@VosgesInfo88","twitter_misc":{"\u00c9crit par":"J.J.","Dur\u00e9e de lecture estim\u00e9e":"2 minutes"},"schema":{"@context":"https:\/\/schema.org","@graph":[{"@type":"Article","@id":"https:\/\/vosgesinfo.fr\/saintdieinfo\/2024\/03\/conference-la-peur-de-la-nature-avec-lecologue-jean-claude-genot\/#article","isPartOf":{"@id":"https:\/\/vosgesinfo.fr\/saintdieinfo\/2024\/03\/conference-la-peur-de-la-nature-avec-lecologue-jean-claude-genot\/"},"author":{"name":"J.J.","@id":"https:\/\/vosgesinfo.fr\/saintdieinfo\/#\/schema\/person\/fa73e9f726d67bb88f46d5b7943cb572"},"headline":"Conf\u00e9rence \u00ab\u00a0La peur de la nature\u00a0\u00bb avec l&rsquo;\u00e9cologue Jean-Claude G\u00e9not","datePublished":"2024-03-05T13:01:03+00:00","dateModified":"2024-03-05T13:01:03+00:00","mainEntityOfPage":{"@id":"https:\/\/vosgesinfo.fr\/saintdieinfo\/2024\/03\/conference-la-peur-de-la-nature-avec-lecologue-jean-claude-genot\/"},"wordCount":339,"commentCount":0,"publisher":{"@id":"https:\/\/vosgesinfo.fr\/saintdieinfo\/#organization"},"image":{"@id":"https:\/\/vosgesinfo.fr\/saintdieinfo\/2024\/03\/conference-la-peur-de-la-nature-avec-lecologue-jean-claude-genot\/#primaryimage"},"thumbnailUrl":"https:\/\/vosgesinfo.fr\/app\/uploads\/sites\/4\/2024\/03\/conference-peur-nature.jpg","keywords":["BERIAN","ETC... Terra","Il est encore temps en D\u00e9odatie","Jean-Claude G\u00e9not","La peur de la nature","Mus\u00e9e Pierre-No\u00ebl"],"articleSection":["Br\u00e8ves","Saint-Di\u00e9-des-Vosges","Vie Associative"],"inLanguage":"fr-FR","potentialAction":[{"@type":"CommentAction","name":"Comment","target":["https:\/\/vosgesinfo.fr\/saintdieinfo\/2024\/03\/conference-la-peur-de-la-nature-avec-lecologue-jean-claude-genot\/#respond"]}]},{"@type":"WebPage","@id":"https:\/\/vosgesinfo.fr\/saintdieinfo\/2024\/03\/conference-la-peur-de-la-nature-avec-lecologue-jean-claude-genot\/","url":"https:\/\/vosgesinfo.fr\/saintdieinfo\/2024\/03\/conference-la-peur-de-la-nature-avec-lecologue-jean-claude-genot\/","name":"Conf\u00e9rence \"La peur de la nature\" avec l'\u00e9cologue Jean-Claude G\u00e9not - Saint Die Info","isPartOf":{"@id":"https:\/\/vosgesinfo.fr\/saintdieinfo\/#website"},"primaryImageOfPage":{"@id":"https:\/\/vosgesinfo.fr\/saintdieinfo\/2024\/03\/conference-la-peur-de-la-nature-avec-lecologue-jean-claude-genot\/#primaryimage"},"image":{"@id":"https:\/\/vosgesinfo.fr\/saintdieinfo\/2024\/03\/conference-la-peur-de-la-nature-avec-lecologue-jean-claude-genot\/#primaryimage"},"thumbnailUrl":"https:\/\/vosgesinfo.fr\/app\/uploads\/sites\/4\/2024\/03\/conference-peur-nature.jpg","datePublished":"2024-03-05T13:01:03+00:00","dateModified":"2024-03-05T13:01:03+00:00","breadcrumb":{"@id":"https:\/\/vosgesinfo.fr\/saintdieinfo\/2024\/03\/conference-la-peur-de-la-nature-avec-lecologue-jean-claude-genot\/#breadcrumb"},"inLanguage":"fr-FR","potentialAction":[{"@type":"ReadAction","target":["https:\/\/vosgesinfo.fr\/saintdieinfo\/2024\/03\/conference-la-peur-de-la-nature-avec-lecologue-jean-claude-genot\/"]}]},{"@type":"ImageObject","inLanguage":"fr-FR","@id":"https:\/\/vosgesinfo.fr\/saintdieinfo\/2024\/03\/conference-la-peur-de-la-nature-avec-lecologue-jean-claude-genot\/#primaryimage","url":"https:\/\/vosgesinfo.fr\/app\/uploads\/sites\/4\/2024\/03\/conference-peur-nature.jpg","contentUrl":"https:\/\/vosgesinfo.fr\/app\/uploads\/sites\/4\/2024\/03\/conference-peur-nature.jpg","width":846,"height":1200},{"@type":"BreadcrumbList","@id":"https:\/\/vosgesinfo.fr\/saintdieinfo\/2024\/03\/conference-la-peur-de-la-nature-avec-lecologue-jean-claude-genot\/#breadcrumb","itemListElement":[{"@type":"ListItem","position":1,"name":"Home","item":"https:\/\/vosgesinfo.fr\/saintdieinfo\/"},{"@type":"ListItem","position":2,"name":"Conf\u00e9rence \u00ab\u00a0La peur de la nature\u00a0\u00bb avec l&rsquo;\u00e9cologue Jean-Claude G\u00e9not"}]},{"@type":"WebSite","@id":"https:\/\/vosgesinfo.fr\/saintdieinfo\/#website","url":"https:\/\/vosgesinfo.fr\/saintdieinfo\/","name":"Saint Die Info","description":"Toute l&#039;actualit\u00e9 de Saint-Di\u00e9-Des-Vosges","publisher":{"@id":"https:\/\/vosgesinfo.fr\/saintdieinfo\/#organization"},"alternateName":"Toute l'actualit\u00e9 de Saint-Di\u00e9-Des-Vosges","potentialAction":[{"@type":"SearchAction","target":{"@type":"EntryPoint","urlTemplate":"https:\/\/vosgesinfo.fr\/saintdieinfo\/?s={search_term_string}"},"query-input":"required name=search_term_string"}],"inLanguage":"fr-FR"},{"@type":"Organization","@id":"https:\/\/vosgesinfo.fr\/saintdieinfo\/#organization","name":"Saint Die Info","url":"https:\/\/vosgesinfo.fr\/saintdieinfo\/","logo":{"@type":"ImageObject","inLanguage":"fr-FR","@id":"https:\/\/vosgesinfo.fr\/saintdieinfo\/#\/schema\/logo\/image\/","url":"https:\/\/vosgesinfo.fr\/app\/uploads\/sites\/4\/2024\/02\/logo-sdi.jpg","contentUrl":"https:\/\/vosgesinfo.fr\/app\/uploads\/sites\/4\/2024\/02\/logo-sdi.jpg","width":600,"height":600,"caption":"Saint Die Info"},"image":{"@id":"https:\/\/vosgesinfo.fr\/saintdieinfo\/#\/schema\/logo\/image\/"},"sameAs":["https:\/\/www.facebook.com\/Saintdieinfofr","https:\/\/x.com\/VosgesInfo88","https:\/\/www.youtube.com\/@vosgesinfo"]},{"@type":"Person","@id":"https:\/\/vosgesinfo.fr\/saintdieinfo\/#\/schema\/person\/fa73e9f726d67bb88f46d5b7943cb572","name":"J.J.","image":{"@type":"ImageObject","inLanguage":"fr-FR","@id":"https:\/\/vosgesinfo.fr\/saintdieinfo\/#\/schema\/person\/image\/","url":"https:\/\/secure.gravatar.com\/avatar\/219e749e47ffbcca018a360ae4add7d4cdf1cdaaf8bc7676b27efade3fe65615?s=96&d=mm&r=g","contentUrl":"https:\/\/secure.gravatar.com\/avatar\/219e749e47ffbcca018a360ae4add7d4cdf1cdaaf8bc7676b27efade3fe65615?s=96&d=mm&r=g","caption":"J.J."},"url":"https:\/\/vosgesinfo.fr\/saintdieinfo\/author\/j-j\/"}]}},"_links":{"self":[{"href":"https:\/\/vosgesinfo.fr\/saintdieinfo\/wp-json\/wp\/v2\/posts\/31098","targetHints":{"allow":["GET"]}}],"collection":[{"href":"https:\/\/vosgesinfo.fr\/saintdieinfo\/wp-json\/wp\/v2\/posts"}],"about":[{"href":"https:\/\/vosgesinfo.fr\/saintdieinfo\/wp-json\/wp\/v2\/types\/post"}],"author":[{"embeddable":true,"href":"https:\/\/vosgesinfo.fr\/saintdieinfo\/wp-json\/wp\/v2\/users\/46"}],"replies":[{"embeddable":true,"href":"https:\/\/vosgesinfo.fr\/saintdieinfo\/wp-json\/wp\/v2\/comments?post=31098"}],"version-history":[{"count":1,"href":"https:\/\/vosgesinfo.fr\/saintdieinfo\/wp-json\/wp\/v2\/posts\/31098\/revisions"}],"predecessor-version":[{"id":31100,"href":"https:\/\/vosgesinfo.fr\/saintdieinfo\/wp-json\/wp\/v2\/posts\/31098\/revisions\/31100"}],"wp:featuredmedia":[{"embeddable":true,"href":"https:\/\/vosgesinfo.fr\/saintdieinfo\/wp-json\/wp\/v2\/media\/31099"}],"wp:attachment":[{"href":"https:\/\/vosgesinfo.fr\/saintdieinfo\/wp-json\/wp\/v2\/media?parent=31098"}],"wp:term":[{"taxonomy":"category","embeddable":true,"href":"https:\/\/vosgesinfo.fr\/saintdieinfo\/wp-json\/wp\/v2\/categories?post=31098"},{"taxonomy":"post_tag","embeddable":true,"href":"https:\/\/vosgesinfo.fr\/saintdieinfo\/wp-json\/wp\/v2\/tags?post=31098"}],"curies":[{"name":"wp","href":"https:\/\/api.w.org\/{rel}","templated":true}]}}