{"id":31110,"date":"2024-03-05T16:45:30","date_gmt":"2024-03-05T15:45:30","guid":{"rendered":"https:\/\/vosgesinfo.fr\/saintdieinfo\/?p=31110"},"modified":"2024-03-05T16:45:30","modified_gmt":"2024-03-05T15:45:30","slug":"toutes-les-informations-pratiques-sur-le-parcours-du-coeur-2024","status":"publish","type":"post","link":"https:\/\/vosgesinfo.fr\/saintdieinfo\/2024\/03\/toutes-les-informations-pratiques-sur-le-parcours-du-coeur-2024\/","title":{"rendered":"Toutes les informations pratiques sur le Parcours du Coeur 2024"},"content":{"rendered":"<div id=\"attachment_31126\" style=\"width: 1034px\" class=\"wp-caption alignnone\"><img decoding=\"async\" aria-describedby=\"caption-attachment-31126\" class=\"wp-image-31126 size-large\" src=\"https:\/\/vosgesinfo.fr\/app\/uploads\/sites\/4\/2024\/03\/parcours-du-coeur-2024-4-1024x768.jpg\" alt=\"\" width=\"1024\" height=\"768\" srcset=\"https:\/\/vosgesinfo.fr\/app\/uploads\/sites\/4\/2024\/03\/parcours-du-coeur-2024-4-1024x768.jpg 1024w, https:\/\/vosgesinfo.fr\/app\/uploads\/sites\/4\/2024\/03\/parcours-du-coeur-2024-4-300x225.jpg 300w, https:\/\/vosgesinfo.fr\/app\/uploads\/sites\/4\/2024\/03\/parcours-du-coeur-2024-4-768x576.jpg 768w, https:\/\/vosgesinfo.fr\/app\/uploads\/sites\/4\/2024\/03\/parcours-du-coeur-2024-4-1536x1152.jpg 1536w, https:\/\/vosgesinfo.fr\/app\/uploads\/sites\/4\/2024\/03\/parcours-du-coeur-2024-4.jpg 2048w\" sizes=\"(max-width: 1024px) 100vw, 1024px\" \/><p id=\"caption-attachment-31126\" class=\"wp-caption-text\">(Photographie Club Coeur et Sant\u00e9 de Saint-Di\u00e9-des-Vosges)<\/p><\/div>\n<h2>Le dimanche 21 avril, participez \u00e0 la plus grande op\u00e9ration de pr\u00e9vention sant\u00e9 en France organis\u00e9e par la F\u00e9d\u00e9ration Fran\u00e7aise de Cardiologie (FFC) et qui a pour objectif de promouvoir une bonne hygi\u00e8ne de vie afin de faire reculer les maladies cardiovasculaires, premi\u00e8re cause de morbi-mortalit\u00e9 en France !<\/h2>\n<p><!--more--><\/p>\n<p>A Saint-Di\u00e9-des-Vosges, le club Coeur et Sant\u00e9 a pr\u00e9vu pour sa 43\u00e8me \u00e9dition du Parcours du Coeur grand public des circuits pour les marcheurs et les cyclistes au d\u00e9part de l\u2019Espace Louise Michel ainsi que plusieurs stands sant\u00e9.<\/p>\n<p>Cette manifestation est, avec les formations aux gestes qui sauvent et la Semaine du Coeur de septembre, un des temps forts des activit\u00e9s mises en place en direction du public par le club d\u00e9odatien. Elle mobilisera une cinquantaine de b\u00e9n\u00e9voles.<\/p>\n<h3>Les inscriptions<\/h3>\n<p>Elles se font dans le hall d\u2019entr\u00e9e de l\u2019Espace Louise Michel de 8 heures \u00e0 15 heures (2 \u20ac par personne \u2013 gratuit pour les moins de 18 ans). Chaque participant recevra un gobelet en plastique r\u00e9utilisable aux couleurs de la FFC. Apr\u00e8s leur inscription, les participants seront invit\u00e9s \u00e0 suivre un circuit qui leur fera d\u00e9couvrir les diff\u00e9rents stands sant\u00e9.<\/p>\n<h3>Les stands-sant\u00e9 de 8 heures \u00e0 15 heures<\/h3>\n<p>Ils seront tenus par des professionnels b\u00e9n\u00e9voles : infirmi\u00e8res des service de cardiologie et de diab\u00e9tologie de l\u2019h\u00f4pital et du club et kin\u00e9sith\u00e9rapeute, m\u00e9decins (Dr Jean-Marc Dollet, diab\u00e9tologue et Dr Jean-Louis Bourdon, cardiologue du club Coeur et Sant\u00e9 ) qui seront assist\u00e9s comme l\u2019an dernier par des \u00e9tudiants de l\u2019Institut de Formation en soins Infirmiers.<\/p>\n<h3>Prise de la tension art\u00e9rielle<\/h3>\n<p>L\u2019objectif de ce stand est le d\u00e9pistage du diab\u00e8te qui, comme l\u2019hypertension art\u00e9rielle, en l\u2019absence de sympt\u00f4mes, se fait encore trop souvent pas suffisamment t\u00f4t.<\/p>\n<h3><strong>Calcul du risque cardiovasculaire<\/strong><\/h3>\n<p>Gr\u00e2ce \u00e0 un logiciel de la F\u00e9d\u00e9ration Fran\u00e7aise de Cardiologie, chacun peut \u00e9valuer son risque cardiovasculaire et voir comment la prise en charge de certains facteurs permet de le faire diminuer. Les personnes qui ne sont pas famili\u00e8res de l\u2019informatique pourront se faire aider par une \u00e9tudiante ou un \u00e9tudiant de l\u2019IFSI.<\/p>\n<h3><strong>Documentation gratuite de la F\u00e9d\u00e9ration Fran\u00e7aise de Cardiologie<\/strong><\/h3>\n<p>Des brochures d\u2019information sur les maladies cardiovasculaires, leur pr\u00e9vention et leur traitement sont \u00e0 la disposition des participants.<\/p>\n<h3><strong>D\u00e9monstration des gestes qui sauvent<\/strong><\/h3>\n<p>Sur ce stand, les participants apprendront comment reconna\u00eetre un arr\u00eat cardiaque, appeler les secours, pratiquer un massage cardiaque et utiliser un d\u00e9fibrillateur. A noter qu\u2019une vaste campagne formation aura lieu en juin.<\/p>\n<h3>Les diff\u00e9rentes activit\u00e9s physiques<\/h3>\n<p>Le d\u00e9part se fera librement de 8 heures \u00e0 15 heures pour la marche tandis que pour le VTT et le v\u00e9lo sur route il se fera de fa\u00e7on group\u00e9e avec des encadrants du club Coeur et Sant\u00e9. Il y aura trois circuits de marche, un de VTT et un de v\u00e9lo sur route.<\/p>\n<div id=\"attachment_31125\" style=\"width: 734px\" class=\"wp-caption alignnone\"><a href=\"https:\/\/vosgesinfo.fr\/app\/uploads\/sites\/4\/2024\/03\/parcours-du-coeur-2024-3.jpg\"><img decoding=\"async\" aria-describedby=\"caption-attachment-31125\" class=\"wp-image-31125 size-large\" src=\"https:\/\/vosgesinfo.fr\/app\/uploads\/sites\/4\/2024\/03\/parcours-du-coeur-2024-3-724x1024.jpg\" alt=\"\" width=\"724\" height=\"1024\" srcset=\"https:\/\/vosgesinfo.fr\/app\/uploads\/sites\/4\/2024\/03\/parcours-du-coeur-2024-3-724x1024.jpg 724w, https:\/\/vosgesinfo.fr\/app\/uploads\/sites\/4\/2024\/03\/parcours-du-coeur-2024-3-212x300.jpg 212w, https:\/\/vosgesinfo.fr\/app\/uploads\/sites\/4\/2024\/03\/parcours-du-coeur-2024-3-768x1086.jpg 768w, https:\/\/vosgesinfo.fr\/app\/uploads\/sites\/4\/2024\/03\/parcours-du-coeur-2024-3-1086x1536.jpg 1086w, https:\/\/vosgesinfo.fr\/app\/uploads\/sites\/4\/2024\/03\/parcours-du-coeur-2024-3.jpg 1448w\" sizes=\"(max-width: 724px) 100vw, 724px\" \/><\/a><p id=\"caption-attachment-31125\" class=\"wp-caption-text\">(Cliquer pour agrandir)<\/p><\/div>\n<div id=\"attachment_154737\" class=\"wp-caption alignnone\">\n<h3><strong>Les postes de contr\u00f4le des circuits\u00a0<\/strong><\/h3>\n<\/div>\n<p>Ils sont au nombre de 5, en dehors de celui de l\u2019Espace Louise-Michel :<\/p>\n<ul>\n<li>Poste 1\u00a0 : \u00e0 la sortie de la for\u00eat de la T\u00eate de Saint-Roch, pr\u00e8s de al ferme Valence. Il est commun \u00e0 tous les circuits.<\/li>\n<li>Poste 2 : au dessus de la Ferme de Jardins, sur les hauteurs de Robache sur les circuits de marche moyen et grand et sur ceux de VTT et de v\u00e9lo sur route.<\/li>\n<li>Poste 3 : au col de la Cr\u00e9n\u00e9e, sur le grand circuit de marche et celui de VTT.<\/li>\n<li>Poste 4 : au Haut de la Fraze, sur les circuits de marche moyen et grand et sur ceux de VTT et de v\u00e9lo sur route.<\/li>\n<li>Poste 5 : \u00e0 Marzelay au d\u00e9part du chemin du Charbonny sur les circuits moyen et grand et sur celui de v\u00e9lo sur route.<\/li>\n<\/ul>\n<h3><strong>Les trois circuits de marche vers la T\u00eate de Saint-Roch et le massif de la Bure\u00a0<\/strong><\/h3>\n<ul>\n<li>Petit circuit (5km), d\u00e9part libre entre 8 h et 15 h<\/li>\n<li>Circuit familial (circuit des familles, 8 km), d\u00e9part libre entre 8 h et 15 h,<\/li>\n<li>Grand circuit (bon marcheur, 13 km), d\u00e9part libre entre 8 h et 13 h,<\/li>\n<li>M\u00eame s\u2019il y aura de l\u2019eau sur les postes de contr\u00f4le, il est recommand\u00e9 \u00e0 chacun de prendre une bouteille d\u2019eau afin de s\u2019hydrater r\u00e9guli\u00e8rement durant la marche.<\/li>\n<li>Enfin il est demand\u00e9 aux participants de repasser \u00e0 l\u2019Espace Louise Michel pour signaler leur retour.<\/li>\n<\/ul>\n<div id=\"attachment_31124\" style=\"width: 734px\" class=\"wp-caption alignnone\"><a href=\"https:\/\/vosgesinfo.fr\/app\/uploads\/sites\/4\/2024\/03\/parcours-du-coeur-2024-2.jpg\"><img decoding=\"async\" aria-describedby=\"caption-attachment-31124\" class=\"wp-image-31124 size-large\" src=\"https:\/\/vosgesinfo.fr\/app\/uploads\/sites\/4\/2024\/03\/parcours-du-coeur-2024-2-724x1024.jpg\" alt=\"\" width=\"724\" height=\"1024\" srcset=\"https:\/\/vosgesinfo.fr\/app\/uploads\/sites\/4\/2024\/03\/parcours-du-coeur-2024-2-724x1024.jpg 724w, https:\/\/vosgesinfo.fr\/app\/uploads\/sites\/4\/2024\/03\/parcours-du-coeur-2024-2-212x300.jpg 212w, https:\/\/vosgesinfo.fr\/app\/uploads\/sites\/4\/2024\/03\/parcours-du-coeur-2024-2-768x1086.jpg 768w, https:\/\/vosgesinfo.fr\/app\/uploads\/sites\/4\/2024\/03\/parcours-du-coeur-2024-2-1086x1536.jpg 1086w, https:\/\/vosgesinfo.fr\/app\/uploads\/sites\/4\/2024\/03\/parcours-du-coeur-2024-2.jpg 1448w\" sizes=\"(max-width: 724px) 100vw, 724px\" \/><\/a><p id=\"caption-attachment-31124\" class=\"wp-caption-text\">(Cliquer pour agrandir)<\/p><\/div>\n<h3>Les circuits\u00a0de VTT et\u00a0de v\u00e9lo de route<\/h3>\n<h3><strong>Le circuit de VTT vers la T\u00eate de Saint-Roch, et les massifs de l\u2019Ormont et de la Bure<\/strong><\/h3>\n<ul>\n<li>D\u00e9part group\u00e9 \u00e0 9 heures,<\/li>\n<li>Circuit de 16 kilom\u00e8tres dans la T\u00eate de Saint-Roch, le massif de l\u2019Ormont et celui de la Bure.<\/li>\n<li>R\u00e9serv\u00e9 aux VTTistes confirm\u00e9s.<\/li>\n<li>Le port du casque est obligatoire.<\/li>\n<li>Pr\u00e9voir son bidon d\u2019eau.<\/li>\n<li>Comme en 2019 et 2023, le champion de VTT R\u00e9mi Thirion participera \u00e0 l\u2019\u00e9dition 2024.<\/li>\n<\/ul>\n<h3><strong>Le circuit de v\u00e9lo sur route vers Marzelay et les contreforts du massif de la Bure<\/strong><\/h3>\n<ul>\n<li>D\u00e9part group\u00e9 \u00e0 9 heures 30,<\/li>\n<li>Circuit de 12 kilom\u00e8tres,<\/li>\n<li>En raison de la mont\u00e9e sur la route menant de la sortie de Marzelay vers le haut de la Fraze, il est r\u00e9serv\u00e9 aux plus de 10 ans.<\/li>\n<li>Ouvert \u00e0 tout type de v\u00e9lo, y compris ceux \u00e0 assistance \u00e9lectrique.<\/li>\n<li>Le port du casque est obligatoire,\u00a0celui d\u2019un gilet fluo fortement recommand\u00e9.<\/li>\n<li>Pr\u00e9voir son bidon d\u2019eau.<\/li>\n<\/ul>\n<h3>L\u2019Engrenage installera son home-trainer<\/h3>\n<p>L\u2019association L\u2019Engrenage qui est un partenaire r\u00e9gulier du Club Coeur et Sant\u00e9 lors de la semaine du Coeur est pr\u00e9sent sur le Parcours du Coeur pour la deuxi\u00e8me ann\u00e9e. Les personnes qui le souhaitent pourront s\u2019\u00e9chauffer de fa\u00e7on ludique gr\u00e2ce au mat\u00e9riel de l\u2019Engrenage et aux conseils de ses membres.<\/p>\n<h3><strong>La s\u00e9curit\u00e9<\/strong><\/h3>\n<p>il y aura 2 d\u00e9fibrillateurs automatiques sur le parcours : un \u00e0 l\u2019Espace Louise Michel, et un mobile, dans la voiture de l\u2019un des responsables du club.<\/p>\n<p><strong>A noter : le Parcours du Coeur scolaire<\/strong> organis\u00e9 par le club Coeur et Sant\u00e9 \u00e0 l\u2019intention des \u00e9l\u00e8ves de CM1 aura lieu le jeudi 4 avril. Les inscriptions sont closes et plus de 300 \u00e9l\u00e8ves seront pr\u00e9sents dans le parc Jean Mansuy.<\/p>\n<p><img decoding=\"async\" class=\"alignnone size-large wp-image-31123\" src=\"https:\/\/vosgesinfo.fr\/app\/uploads\/sites\/4\/2024\/03\/parcours-du-coeur-2024-1-724x1024.jpg\" alt=\"\" width=\"724\" height=\"1024\" srcset=\"https:\/\/vosgesinfo.fr\/app\/uploads\/sites\/4\/2024\/03\/parcours-du-coeur-2024-1-724x1024.jpg 724w, https:\/\/vosgesinfo.fr\/app\/uploads\/sites\/4\/2024\/03\/parcours-du-coeur-2024-1-212x300.jpg 212w, https:\/\/vosgesinfo.fr\/app\/uploads\/sites\/4\/2024\/03\/parcours-du-coeur-2024-1-768x1086.jpg 768w, https:\/\/vosgesinfo.fr\/app\/uploads\/sites\/4\/2024\/03\/parcours-du-coeur-2024-1-1086x1536.jpg 1086w, https:\/\/vosgesinfo.fr\/app\/uploads\/sites\/4\/2024\/03\/parcours-du-coeur-2024-1.jpg 1448w\" sizes=\"(max-width: 724px) 100vw, 724px\" \/><\/p>\n","protected":false},"excerpt":{"rendered":"<p>Le dimanche 21 avril, participez \u00e0 la plus grande op\u00e9ration de pr\u00e9vention sant\u00e9 en France organis\u00e9e par la F\u00e9d\u00e9ration Fran\u00e7aise [&hellip;]<\/p>\n","protected":false},"author":46,"featured_media":31126,"comment_status":"open","ping_status":"open","sticky":false,"template":"","format":"standard","meta":{"footnotes":""},"categories":[460,167,4152,17,18],"tags":[3314,5485],"class_list":["post-31110","post","type-post","status-publish","format-standard","has-post-thumbnail","hentry","category-a-la-une","category-saint-die-des-vosges","category-sante","category-vie-associative","category-vosges","tag-club-coeur-et-sante-de-saint-die-des-vosges","tag-parcours-du-coeur-2024"],"acf":[],"yoast_head":"<!-- This site is optimized with the Yoast SEO plugin v22.5 - https:\/\/yoast.com\/wordpress\/plugins\/seo\/ -->\n<title>Toutes les informations pratiques sur le Parcours du Coeur 2024 - Saint Die Info<\/title>\n<meta name=\"robots\" content=\"index, follow, max-snippet:-1, max-image-preview:large, max-video-preview:-1\" \/>\n<link rel=\"canonical\" href=\"https:\/\/vosgesinfo.fr\/saintdieinfo\/2024\/03\/toutes-les-informations-pratiques-sur-le-parcours-du-coeur-2024\/\" \/>\n<meta name=\"twitter:card\" content=\"summary_large_image\" \/>\n<meta name=\"twitter:title\" content=\"Toutes les informations pratiques sur le Parcours du Coeur 2024 - Saint Die Info\" \/>\n<meta name=\"twitter:description\" content=\"Le dimanche 21 avril, participez \u00e0 la plus grande op\u00e9ration de pr\u00e9vention sant\u00e9 en France organis\u00e9e par la F\u00e9d\u00e9ration Fran\u00e7aise [&hellip;]\" \/>\n<meta name=\"twitter:image\" content=\"https:\/\/vosgesinfo.fr\/app\/uploads\/sites\/4\/2024\/03\/parcours-du-coeur-2024-4.jpg\" \/>\n<meta name=\"twitter:creator\" content=\"@VosgesInfo88\" \/>\n<meta name=\"twitter:site\" content=\"@VosgesInfo88\" \/>\n<meta name=\"twitter:label1\" content=\"\u00c9crit par\" \/>\n\t<meta name=\"twitter:data1\" content=\"J.J.\" \/>\n\t<meta name=\"twitter:label2\" content=\"Dur\u00e9e de lecture estim\u00e9e\" \/>\n\t<meta name=\"twitter:data2\" content=\"5 minutes\" \/>\n<script type=\"application\/ld+json\" class=\"yoast-schema-graph\">{\"@context\":\"https:\/\/schema.org\",\"@graph\":[{\"@type\":\"Article\",\"@id\":\"https:\/\/vosgesinfo.fr\/saintdieinfo\/2024\/03\/toutes-les-informations-pratiques-sur-le-parcours-du-coeur-2024\/#article\",\"isPartOf\":{\"@id\":\"https:\/\/vosgesinfo.fr\/saintdieinfo\/2024\/03\/toutes-les-informations-pratiques-sur-le-parcours-du-coeur-2024\/\"},\"author\":{\"name\":\"J.J.\",\"@id\":\"https:\/\/vosgesinfo.fr\/saintdieinfo\/#\/schema\/person\/fa73e9f726d67bb88f46d5b7943cb572\"},\"headline\":\"Toutes les informations pratiques sur le Parcours du Coeur 2024\",\"datePublished\":\"2024-03-05T15:45:30+00:00\",\"dateModified\":\"2024-03-05T15:45:30+00:00\",\"mainEntityOfPage\":{\"@id\":\"https:\/\/vosgesinfo.fr\/saintdieinfo\/2024\/03\/toutes-les-informations-pratiques-sur-le-parcours-du-coeur-2024\/\"},\"wordCount\":1107,\"commentCount\":0,\"publisher\":{\"@id\":\"https:\/\/vosgesinfo.fr\/saintdieinfo\/#organization\"},\"image\":{\"@id\":\"https:\/\/vosgesinfo.fr\/saintdieinfo\/2024\/03\/toutes-les-informations-pratiques-sur-le-parcours-du-coeur-2024\/#primaryimage\"},\"thumbnailUrl\":\"https:\/\/vosgesinfo.fr\/app\/uploads\/sites\/4\/2024\/03\/parcours-du-coeur-2024-4.jpg\",\"keywords\":[\"Club Coeur et Sant\u00e9 de Saint-Di\u00e9-des-Vosges\",\"Parcours du Coeur 2024\"],\"articleSection\":[\"A la Une\",\"Saint-Di\u00e9-des-Vosges\",\"Sant\u00e9\",\"Vie Associative\",\"Vosges\"],\"inLanguage\":\"fr-FR\",\"potentialAction\":[{\"@type\":\"CommentAction\",\"name\":\"Comment\",\"target\":[\"https:\/\/vosgesinfo.fr\/saintdieinfo\/2024\/03\/toutes-les-informations-pratiques-sur-le-parcours-du-coeur-2024\/#respond\"]}]},{\"@type\":\"WebPage\",\"@id\":\"https:\/\/vosgesinfo.fr\/saintdieinfo\/2024\/03\/toutes-les-informations-pratiques-sur-le-parcours-du-coeur-2024\/\",\"url\":\"https:\/\/vosgesinfo.fr\/saintdieinfo\/2024\/03\/toutes-les-informations-pratiques-sur-le-parcours-du-coeur-2024\/\",\"name\":\"Toutes les informations pratiques sur le Parcours du Coeur 2024 - Saint Die Info\",\"isPartOf\":{\"@id\":\"https:\/\/vosgesinfo.fr\/saintdieinfo\/#website\"},\"primaryImageOfPage\":{\"@id\":\"https:\/\/vosgesinfo.fr\/saintdieinfo\/2024\/03\/toutes-les-informations-pratiques-sur-le-parcours-du-coeur-2024\/#primaryimage\"},\"image\":{\"@id\":\"https:\/\/vosgesinfo.fr\/saintdieinfo\/2024\/03\/toutes-les-informations-pratiques-sur-le-parcours-du-coeur-2024\/#primaryimage\"},\"thumbnailUrl\":\"https:\/\/vosgesinfo.fr\/app\/uploads\/sites\/4\/2024\/03\/parcours-du-coeur-2024-4.jpg\",\"datePublished\":\"2024-03-05T15:45:30+00:00\",\"dateModified\":\"2024-03-05T15:45:30+00:00\",\"breadcrumb\":{\"@id\":\"https:\/\/vosgesinfo.fr\/saintdieinfo\/2024\/03\/toutes-les-informations-pratiques-sur-le-parcours-du-coeur-2024\/#breadcrumb\"},\"inLanguage\":\"fr-FR\",\"potentialAction\":[{\"@type\":\"ReadAction\",\"target\":[\"https:\/\/vosgesinfo.fr\/saintdieinfo\/2024\/03\/toutes-les-informations-pratiques-sur-le-parcours-du-coeur-2024\/\"]}]},{\"@type\":\"ImageObject\",\"inLanguage\":\"fr-FR\",\"@id\":\"https:\/\/vosgesinfo.fr\/saintdieinfo\/2024\/03\/toutes-les-informations-pratiques-sur-le-parcours-du-coeur-2024\/#primaryimage\",\"url\":\"https:\/\/vosgesinfo.fr\/app\/uploads\/sites\/4\/2024\/03\/parcours-du-coeur-2024-4.jpg\",\"contentUrl\":\"https:\/\/vosgesinfo.fr\/app\/uploads\/sites\/4\/2024\/03\/parcours-du-coeur-2024-4.jpg\",\"width\":2048,\"height\":1536},{\"@type\":\"BreadcrumbList\",\"@id\":\"https:\/\/vosgesinfo.fr\/saintdieinfo\/2024\/03\/toutes-les-informations-pratiques-sur-le-parcours-du-coeur-2024\/#breadcrumb\",\"itemListElement\":[{\"@type\":\"ListItem\",\"position\":1,\"name\":\"Home\",\"item\":\"https:\/\/vosgesinfo.fr\/saintdieinfo\/\"},{\"@type\":\"ListItem\",\"position\":2,\"name\":\"Toutes les informations pratiques sur le Parcours du Coeur 2024\"}]},{\"@type\":\"WebSite\",\"@id\":\"https:\/\/vosgesinfo.fr\/saintdieinfo\/#website\",\"url\":\"https:\/\/vosgesinfo.fr\/saintdieinfo\/\",\"name\":\"Saint Die Info\",\"description\":\"Toute l&#039;actualit\u00e9 de Saint-Di\u00e9-Des-Vosges\",\"publisher\":{\"@id\":\"https:\/\/vosgesinfo.fr\/saintdieinfo\/#organization\"},\"alternateName\":\"Toute l'actualit\u00e9 de Saint-Di\u00e9-Des-Vosges\",\"potentialAction\":[{\"@type\":\"SearchAction\",\"target\":{\"@type\":\"EntryPoint\",\"urlTemplate\":\"https:\/\/vosgesinfo.fr\/saintdieinfo\/?s={search_term_string}\"},\"query-input\":\"required name=search_term_string\"}],\"inLanguage\":\"fr-FR\"},{\"@type\":\"Organization\",\"@id\":\"https:\/\/vosgesinfo.fr\/saintdieinfo\/#organization\",\"name\":\"Saint Die Info\",\"url\":\"https:\/\/vosgesinfo.fr\/saintdieinfo\/\",\"logo\":{\"@type\":\"ImageObject\",\"inLanguage\":\"fr-FR\",\"@id\":\"https:\/\/vosgesinfo.fr\/saintdieinfo\/#\/schema\/logo\/image\/\",\"url\":\"https:\/\/vosgesinfo.fr\/app\/uploads\/sites\/4\/2024\/02\/logo-sdi.jpg\",\"contentUrl\":\"https:\/\/vosgesinfo.fr\/app\/uploads\/sites\/4\/2024\/02\/logo-sdi.jpg\",\"width\":600,\"height\":600,\"caption\":\"Saint Die Info\"},\"image\":{\"@id\":\"https:\/\/vosgesinfo.fr\/saintdieinfo\/#\/schema\/logo\/image\/\"},\"sameAs\":[\"https:\/\/www.facebook.com\/Saintdieinfofr\",\"https:\/\/x.com\/VosgesInfo88\",\"https:\/\/www.youtube.com\/@vosgesinfo\"]},{\"@type\":\"Person\",\"@id\":\"https:\/\/vosgesinfo.fr\/saintdieinfo\/#\/schema\/person\/fa73e9f726d67bb88f46d5b7943cb572\",\"name\":\"J.J.\",\"image\":{\"@type\":\"ImageObject\",\"inLanguage\":\"fr-FR\",\"@id\":\"https:\/\/vosgesinfo.fr\/saintdieinfo\/#\/schema\/person\/image\/\",\"url\":\"https:\/\/secure.gravatar.com\/avatar\/219e749e47ffbcca018a360ae4add7d4cdf1cdaaf8bc7676b27efade3fe65615?s=96&d=mm&r=g\",\"contentUrl\":\"https:\/\/secure.gravatar.com\/avatar\/219e749e47ffbcca018a360ae4add7d4cdf1cdaaf8bc7676b27efade3fe65615?s=96&d=mm&r=g\",\"caption\":\"J.J.\"},\"url\":\"https:\/\/vosgesinfo.fr\/saintdieinfo\/author\/j-j\/\"}]}<\/script>\n<!-- \/ Yoast SEO plugin. -->","yoast_head_json":{"title":"Toutes les informations pratiques sur le Parcours du Coeur 2024 - Saint Die Info","robots":{"index":"index","follow":"follow","max-snippet":"max-snippet:-1","max-image-preview":"max-image-preview:large","max-video-preview":"max-video-preview:-1"},"canonical":"https:\/\/vosgesinfo.fr\/saintdieinfo\/2024\/03\/toutes-les-informations-pratiques-sur-le-parcours-du-coeur-2024\/","twitter_card":"summary_large_image","twitter_title":"Toutes les informations pratiques sur le Parcours du Coeur 2024 - Saint Die Info","twitter_description":"Le dimanche 21 avril, participez \u00e0 la plus grande op\u00e9ration de pr\u00e9vention sant\u00e9 en France organis\u00e9e par la F\u00e9d\u00e9ration Fran\u00e7aise [&hellip;]","twitter_image":"https:\/\/vosgesinfo.fr\/app\/uploads\/sites\/4\/2024\/03\/parcours-du-coeur-2024-4.jpg","twitter_creator":"@VosgesInfo88","twitter_site":"@VosgesInfo88","twitter_misc":{"\u00c9crit par":"J.J.","Dur\u00e9e de lecture estim\u00e9e":"5 minutes"},"schema":{"@context":"https:\/\/schema.org","@graph":[{"@type":"Article","@id":"https:\/\/vosgesinfo.fr\/saintdieinfo\/2024\/03\/toutes-les-informations-pratiques-sur-le-parcours-du-coeur-2024\/#article","isPartOf":{"@id":"https:\/\/vosgesinfo.fr\/saintdieinfo\/2024\/03\/toutes-les-informations-pratiques-sur-le-parcours-du-coeur-2024\/"},"author":{"name":"J.J.","@id":"https:\/\/vosgesinfo.fr\/saintdieinfo\/#\/schema\/person\/fa73e9f726d67bb88f46d5b7943cb572"},"headline":"Toutes les informations pratiques sur le Parcours du Coeur 2024","datePublished":"2024-03-05T15:45:30+00:00","dateModified":"2024-03-05T15:45:30+00:00","mainEntityOfPage":{"@id":"https:\/\/vosgesinfo.fr\/saintdieinfo\/2024\/03\/toutes-les-informations-pratiques-sur-le-parcours-du-coeur-2024\/"},"wordCount":1107,"commentCount":0,"publisher":{"@id":"https:\/\/vosgesinfo.fr\/saintdieinfo\/#organization"},"image":{"@id":"https:\/\/vosgesinfo.fr\/saintdieinfo\/2024\/03\/toutes-les-informations-pratiques-sur-le-parcours-du-coeur-2024\/#primaryimage"},"thumbnailUrl":"https:\/\/vosgesinfo.fr\/app\/uploads\/sites\/4\/2024\/03\/parcours-du-coeur-2024-4.jpg","keywords":["Club Coeur et Sant\u00e9 de Saint-Di\u00e9-des-Vosges","Parcours du Coeur 2024"],"articleSection":["A la Une","Saint-Di\u00e9-des-Vosges","Sant\u00e9","Vie Associative","Vosges"],"inLanguage":"fr-FR","potentialAction":[{"@type":"CommentAction","name":"Comment","target":["https:\/\/vosgesinfo.fr\/saintdieinfo\/2024\/03\/toutes-les-informations-pratiques-sur-le-parcours-du-coeur-2024\/#respond"]}]},{"@type":"WebPage","@id":"https:\/\/vosgesinfo.fr\/saintdieinfo\/2024\/03\/toutes-les-informations-pratiques-sur-le-parcours-du-coeur-2024\/","url":"https:\/\/vosgesinfo.fr\/saintdieinfo\/2024\/03\/toutes-les-informations-pratiques-sur-le-parcours-du-coeur-2024\/","name":"Toutes les informations pratiques sur le Parcours du Coeur 2024 - Saint Die Info","isPartOf":{"@id":"https:\/\/vosgesinfo.fr\/saintdieinfo\/#website"},"primaryImageOfPage":{"@id":"https:\/\/vosgesinfo.fr\/saintdieinfo\/2024\/03\/toutes-les-informations-pratiques-sur-le-parcours-du-coeur-2024\/#primaryimage"},"image":{"@id":"https:\/\/vosgesinfo.fr\/saintdieinfo\/2024\/03\/toutes-les-informations-pratiques-sur-le-parcours-du-coeur-2024\/#primaryimage"},"thumbnailUrl":"https:\/\/vosgesinfo.fr\/app\/uploads\/sites\/4\/2024\/03\/parcours-du-coeur-2024-4.jpg","datePublished":"2024-03-05T15:45:30+00:00","dateModified":"2024-03-05T15:45:30+00:00","breadcrumb":{"@id":"https:\/\/vosgesinfo.fr\/saintdieinfo\/2024\/03\/toutes-les-informations-pratiques-sur-le-parcours-du-coeur-2024\/#breadcrumb"},"inLanguage":"fr-FR","potentialAction":[{"@type":"ReadAction","target":["https:\/\/vosgesinfo.fr\/saintdieinfo\/2024\/03\/toutes-les-informations-pratiques-sur-le-parcours-du-coeur-2024\/"]}]},{"@type":"ImageObject","inLanguage":"fr-FR","@id":"https:\/\/vosgesinfo.fr\/saintdieinfo\/2024\/03\/toutes-les-informations-pratiques-sur-le-parcours-du-coeur-2024\/#primaryimage","url":"https:\/\/vosgesinfo.fr\/app\/uploads\/sites\/4\/2024\/03\/parcours-du-coeur-2024-4.jpg","contentUrl":"https:\/\/vosgesinfo.fr\/app\/uploads\/sites\/4\/2024\/03\/parcours-du-coeur-2024-4.jpg","width":2048,"height":1536},{"@type":"BreadcrumbList","@id":"https:\/\/vosgesinfo.fr\/saintdieinfo\/2024\/03\/toutes-les-informations-pratiques-sur-le-parcours-du-coeur-2024\/#breadcrumb","itemListElement":[{"@type":"ListItem","position":1,"name":"Home","item":"https:\/\/vosgesinfo.fr\/saintdieinfo\/"},{"@type":"ListItem","position":2,"name":"Toutes les informations pratiques sur le Parcours du Coeur 2024"}]},{"@type":"WebSite","@id":"https:\/\/vosgesinfo.fr\/saintdieinfo\/#website","url":"https:\/\/vosgesinfo.fr\/saintdieinfo\/","name":"Saint Die Info","description":"Toute l&#039;actualit\u00e9 de Saint-Di\u00e9-Des-Vosges","publisher":{"@id":"https:\/\/vosgesinfo.fr\/saintdieinfo\/#organization"},"alternateName":"Toute l'actualit\u00e9 de Saint-Di\u00e9-Des-Vosges","potentialAction":[{"@type":"SearchAction","target":{"@type":"EntryPoint","urlTemplate":"https:\/\/vosgesinfo.fr\/saintdieinfo\/?s={search_term_string}"},"query-input":"required name=search_term_string"}],"inLanguage":"fr-FR"},{"@type":"Organization","@id":"https:\/\/vosgesinfo.fr\/saintdieinfo\/#organization","name":"Saint Die Info","url":"https:\/\/vosgesinfo.fr\/saintdieinfo\/","logo":{"@type":"ImageObject","inLanguage":"fr-FR","@id":"https:\/\/vosgesinfo.fr\/saintdieinfo\/#\/schema\/logo\/image\/","url":"https:\/\/vosgesinfo.fr\/app\/uploads\/sites\/4\/2024\/02\/logo-sdi.jpg","contentUrl":"https:\/\/vosgesinfo.fr\/app\/uploads\/sites\/4\/2024\/02\/logo-sdi.jpg","width":600,"height":600,"caption":"Saint Die Info"},"image":{"@id":"https:\/\/vosgesinfo.fr\/saintdieinfo\/#\/schema\/logo\/image\/"},"sameAs":["https:\/\/www.facebook.com\/Saintdieinfofr","https:\/\/x.com\/VosgesInfo88","https:\/\/www.youtube.com\/@vosgesinfo"]},{"@type":"Person","@id":"https:\/\/vosgesinfo.fr\/saintdieinfo\/#\/schema\/person\/fa73e9f726d67bb88f46d5b7943cb572","name":"J.J.","image":{"@type":"ImageObject","inLanguage":"fr-FR","@id":"https:\/\/vosgesinfo.fr\/saintdieinfo\/#\/schema\/person\/image\/","url":"https:\/\/secure.gravatar.com\/avatar\/219e749e47ffbcca018a360ae4add7d4cdf1cdaaf8bc7676b27efade3fe65615?s=96&d=mm&r=g","contentUrl":"https:\/\/secure.gravatar.com\/avatar\/219e749e47ffbcca018a360ae4add7d4cdf1cdaaf8bc7676b27efade3fe65615?s=96&d=mm&r=g","caption":"J.J."},"url":"https:\/\/vosgesinfo.fr\/saintdieinfo\/author\/j-j\/"}]}},"_links":{"self":[{"href":"https:\/\/vosgesinfo.fr\/saintdieinfo\/wp-json\/wp\/v2\/posts\/31110","targetHints":{"allow":["GET"]}}],"collection":[{"href":"https:\/\/vosgesinfo.fr\/saintdieinfo\/wp-json\/wp\/v2\/posts"}],"about":[{"href":"https:\/\/vosgesinfo.fr\/saintdieinfo\/wp-json\/wp\/v2\/types\/post"}],"author":[{"embeddable":true,"href":"https:\/\/vosgesinfo.fr\/saintdieinfo\/wp-json\/wp\/v2\/users\/46"}],"replies":[{"embeddable":true,"href":"https:\/\/vosgesinfo.fr\/saintdieinfo\/wp-json\/wp\/v2\/comments?post=31110"}],"version-history":[{"count":3,"href":"https:\/\/vosgesinfo.fr\/saintdieinfo\/wp-json\/wp\/v2\/posts\/31110\/revisions"}],"predecessor-version":[{"id":31130,"href":"https:\/\/vosgesinfo.fr\/saintdieinfo\/wp-json\/wp\/v2\/posts\/31110\/revisions\/31130"}],"wp:featuredmedia":[{"embeddable":true,"href":"https:\/\/vosgesinfo.fr\/saintdieinfo\/wp-json\/wp\/v2\/media\/31126"}],"wp:attachment":[{"href":"https:\/\/vosgesinfo.fr\/saintdieinfo\/wp-json\/wp\/v2\/media?parent=31110"}],"wp:term":[{"taxonomy":"category","embeddable":true,"href":"https:\/\/vosgesinfo.fr\/saintdieinfo\/wp-json\/wp\/v2\/categories?post=31110"},{"taxonomy":"post_tag","embeddable":true,"href":"https:\/\/vosgesinfo.fr\/saintdieinfo\/wp-json\/wp\/v2\/tags?post=31110"}],"curies":[{"name":"wp","href":"https:\/\/api.w.org\/{rel}","templated":true}]}}