{"id":31136,"date":"2024-03-06T08:03:19","date_gmt":"2024-03-06T07:03:19","guid":{"rendered":"https:\/\/vosgesinfo.fr\/saintdieinfo\/?p=31136"},"modified":"2024-03-06T08:03:19","modified_gmt":"2024-03-06T07:03:19","slug":"les-actualites-du-mois-de-mars-de-lassociation-etc-terra","status":"publish","type":"post","link":"https:\/\/vosgesinfo.fr\/saintdieinfo\/2024\/03\/les-actualites-du-mois-de-mars-de-lassociation-etc-terra\/","title":{"rendered":"Les actualit\u00e9s du mois de mars de l&rsquo;association ETC&#8230; Terra"},"content":{"rendered":"<h3>Assembl\u00e9e G\u00e9n\u00e9rale<\/h3>\n<p>Vendredi 8 mars, \u00e0 19h (accueil \u00e0 partir de 18h30), \u00e0 la Salle Carbonnar \u00e0 Saint-Di\u00e9-des-Vosges.<\/p>\n<h3>Nuit de la Chouette<\/h3>\n<p>Vendredi 15 mars, \u00e0 20h, \u00e0 Vexaincourt.<\/p>\n<h3>Repair Caf\u00e9<\/h3>\n<p>Mercredi 20 mars, de 15h30 \u00e0 19h30, \u00e0 Cap France, 36 rue Ernest Colin 88100 Saint-Di\u00e9-des-Vosges. Contacte \u00e0 ETC Terra : Nicolas RICHARD au 06 32 04 86 40.<\/p>\n<h3>Amphibure<\/h3>\n<p>Samedi 06 avril \u00e0 14h, au Camp de La Bure \u00e0 Saint-Di\u00e9-des-Vosges (lieu pr\u00e9cis du rdv donn\u00e9 \u00e0 l&rsquo;inscription).<\/p>\n<p><img decoding=\"async\" class=\"alignnone size-full wp-image-31141\" src=\"https:\/\/vosgesinfo.fr\/app\/uploads\/sites\/4\/2024\/03\/etc.terra-mars-2024-2.jpg\" alt=\"\" width=\"1009\" height=\"713\" srcset=\"https:\/\/vosgesinfo.fr\/app\/uploads\/sites\/4\/2024\/03\/etc.terra-mars-2024-2.jpg 1009w, https:\/\/vosgesinfo.fr\/app\/uploads\/sites\/4\/2024\/03\/etc.terra-mars-2024-2-300x212.jpg 300w, https:\/\/vosgesinfo.fr\/app\/uploads\/sites\/4\/2024\/03\/etc.terra-mars-2024-2-768x543.jpg 768w\" sizes=\"(max-width: 1009px) 100vw, 1009px\" \/><\/p>\n<h3>D\u00e9couverte des amphibiens<\/h3>\n<p>Samedi 13 avril \u00e0 9h30 \u00e0 Bionville (lieu pr\u00e9cis du rdv donn\u00e9 \u00e0 l&rsquo;inscription).<\/p>\n<h3>A la d\u00e9couverte des mousses<\/h3>\n<p>Samedi 27 avril, \u00e0 14h, dans la Vall\u00e9e de Ravines \u00e0 Moyenmoutier (lieu pr\u00e9cis du rdv donn\u00e9 \u00e0 l&rsquo;inscription).<\/p>\n<p><img decoding=\"async\" class=\"alignnone size-large wp-image-31142\" src=\"https:\/\/vosgesinfo.fr\/app\/uploads\/sites\/4\/2024\/03\/etc.terra-mars-2024-1-724x1024.jpg\" alt=\"\" width=\"724\" height=\"1024\" srcset=\"https:\/\/vosgesinfo.fr\/app\/uploads\/sites\/4\/2024\/03\/etc.terra-mars-2024-1-724x1024.jpg 724w, https:\/\/vosgesinfo.fr\/app\/uploads\/sites\/4\/2024\/03\/etc.terra-mars-2024-1-212x300.jpg 212w, https:\/\/vosgesinfo.fr\/app\/uploads\/sites\/4\/2024\/03\/etc.terra-mars-2024-1-768x1087.jpg 768w, https:\/\/vosgesinfo.fr\/app\/uploads\/sites\/4\/2024\/03\/etc.terra-mars-2024-1-1086x1536.jpg 1086w, https:\/\/vosgesinfo.fr\/app\/uploads\/sites\/4\/2024\/03\/etc.terra-mars-2024-1.jpg 1280w\" sizes=\"(max-width: 724px) 100vw, 724px\" \/><\/p>\n<h3>Rencontrer les salari\u00e9s<\/h3>\n<p>Un membre de l&rsquo;\u00e9quipe salari\u00e9e se tiendra \u00e0 votre disposition dans nos locaux chaque premier lundi du mois, de 16h \u00e0 19h. Ces permanences sont l&rsquo;occasion de vous ouvrir nos portes, afin d&rsquo;\u00e9changer, de r\u00e9pondre \u00e0 vos questions et de vous permettre d&rsquo;acc\u00e9der \u00e0 notre biblioth\u00e8que (consultation des livres sur place), de venir adh\u00e9rer&#8230;<\/p>\n<p><img decoding=\"async\" class=\"alignnone size-large wp-image-31140\" src=\"https:\/\/vosgesinfo.fr\/app\/uploads\/sites\/4\/2024\/03\/etc.terra-mars-2024-1-724x1024.png\" alt=\"\" width=\"724\" height=\"1024\" srcset=\"https:\/\/vosgesinfo.fr\/app\/uploads\/sites\/4\/2024\/03\/etc.terra-mars-2024-1-724x1024.png 724w, https:\/\/vosgesinfo.fr\/app\/uploads\/sites\/4\/2024\/03\/etc.terra-mars-2024-1-212x300.png 212w, https:\/\/vosgesinfo.fr\/app\/uploads\/sites\/4\/2024\/03\/etc.terra-mars-2024-1-768x1086.png 768w, https:\/\/vosgesinfo.fr\/app\/uploads\/sites\/4\/2024\/03\/etc.terra-mars-2024-1-1086x1536.png 1086w, https:\/\/vosgesinfo.fr\/app\/uploads\/sites\/4\/2024\/03\/etc.terra-mars-2024-1.png 1280w\" sizes=\"(max-width: 724px) 100vw, 724px\" \/><\/p>\n","protected":false},"excerpt":{"rendered":"<p>Assembl\u00e9e G\u00e9n\u00e9rale Vendredi 8 mars, \u00e0 19h (accueil \u00e0 partir de 18h30), \u00e0 la Salle Carbonnar \u00e0 Saint-Di\u00e9-des-Vosges. Nuit de [&hellip;]<\/p>\n","protected":false},"author":46,"featured_media":31141,"comment_status":"open","ping_status":"open","sticky":false,"template":"","format":"standard","meta":{"footnotes":""},"categories":[460,3903,17],"tags":[3029],"class_list":["post-31136","post","type-post","status-publish","format-standard","has-post-thumbnail","hentry","category-a-la-une","category-deodatie","category-vie-associative","tag-etc-terra"],"acf":[],"yoast_head":"<!-- This site is optimized with the Yoast SEO plugin v22.5 - https:\/\/yoast.com\/wordpress\/plugins\/seo\/ -->\n<title>Les actualit\u00e9s du mois de mars de l&#039;association ETC... Terra - Saint Die Info<\/title>\n<meta name=\"robots\" content=\"index, follow, max-snippet:-1, max-image-preview:large, max-video-preview:-1\" \/>\n<link rel=\"canonical\" href=\"https:\/\/vosgesinfo.fr\/saintdieinfo\/2024\/03\/les-actualites-du-mois-de-mars-de-lassociation-etc-terra\/\" \/>\n<meta name=\"twitter:card\" content=\"summary_large_image\" \/>\n<meta name=\"twitter:title\" content=\"Les actualit\u00e9s du mois de mars de l&#039;association ETC... Terra - Saint Die Info\" \/>\n<meta name=\"twitter:description\" content=\"Assembl\u00e9e G\u00e9n\u00e9rale Vendredi 8 mars, \u00e0 19h (accueil \u00e0 partir de 18h30), \u00e0 la Salle Carbonnar \u00e0 Saint-Di\u00e9-des-Vosges. Nuit de [&hellip;]\" \/>\n<meta name=\"twitter:image\" content=\"https:\/\/vosgesinfo.fr\/app\/uploads\/sites\/4\/2024\/03\/etc.terra-mars-2024-2.jpg\" \/>\n<meta name=\"twitter:creator\" content=\"@VosgesInfo88\" \/>\n<meta name=\"twitter:site\" content=\"@VosgesInfo88\" \/>\n<meta name=\"twitter:label1\" content=\"\u00c9crit par\" \/>\n\t<meta name=\"twitter:data1\" content=\"J.J.\" \/>\n\t<meta name=\"twitter:label2\" content=\"Dur\u00e9e de lecture estim\u00e9e\" \/>\n\t<meta name=\"twitter:data2\" content=\"1 minute\" \/>\n<script type=\"application\/ld+json\" class=\"yoast-schema-graph\">{\"@context\":\"https:\/\/schema.org\",\"@graph\":[{\"@type\":\"Article\",\"@id\":\"https:\/\/vosgesinfo.fr\/saintdieinfo\/2024\/03\/les-actualites-du-mois-de-mars-de-lassociation-etc-terra\/#article\",\"isPartOf\":{\"@id\":\"https:\/\/vosgesinfo.fr\/saintdieinfo\/2024\/03\/les-actualites-du-mois-de-mars-de-lassociation-etc-terra\/\"},\"author\":{\"name\":\"J.J.\",\"@id\":\"https:\/\/vosgesinfo.fr\/saintdieinfo\/#\/schema\/person\/fa73e9f726d67bb88f46d5b7943cb572\"},\"headline\":\"Les actualit\u00e9s du mois de mars de l&rsquo;association ETC&#8230; Terra\",\"datePublished\":\"2024-03-06T07:03:19+00:00\",\"dateModified\":\"2024-03-06T07:03:19+00:00\",\"mainEntityOfPage\":{\"@id\":\"https:\/\/vosgesinfo.fr\/saintdieinfo\/2024\/03\/les-actualites-du-mois-de-mars-de-lassociation-etc-terra\/\"},\"wordCount\":179,\"commentCount\":0,\"publisher\":{\"@id\":\"https:\/\/vosgesinfo.fr\/saintdieinfo\/#organization\"},\"image\":{\"@id\":\"https:\/\/vosgesinfo.fr\/saintdieinfo\/2024\/03\/les-actualites-du-mois-de-mars-de-lassociation-etc-terra\/#primaryimage\"},\"thumbnailUrl\":\"https:\/\/vosgesinfo.fr\/app\/uploads\/sites\/4\/2024\/03\/etc.terra-mars-2024-2.jpg\",\"keywords\":[\"ETC... Terra\"],\"articleSection\":[\"A la Une\",\"D\u00e9odatie\",\"Vie Associative\"],\"inLanguage\":\"fr-FR\",\"potentialAction\":[{\"@type\":\"CommentAction\",\"name\":\"Comment\",\"target\":[\"https:\/\/vosgesinfo.fr\/saintdieinfo\/2024\/03\/les-actualites-du-mois-de-mars-de-lassociation-etc-terra\/#respond\"]}]},{\"@type\":\"WebPage\",\"@id\":\"https:\/\/vosgesinfo.fr\/saintdieinfo\/2024\/03\/les-actualites-du-mois-de-mars-de-lassociation-etc-terra\/\",\"url\":\"https:\/\/vosgesinfo.fr\/saintdieinfo\/2024\/03\/les-actualites-du-mois-de-mars-de-lassociation-etc-terra\/\",\"name\":\"Les actualit\u00e9s du mois de mars de l'association ETC... Terra - Saint Die Info\",\"isPartOf\":{\"@id\":\"https:\/\/vosgesinfo.fr\/saintdieinfo\/#website\"},\"primaryImageOfPage\":{\"@id\":\"https:\/\/vosgesinfo.fr\/saintdieinfo\/2024\/03\/les-actualites-du-mois-de-mars-de-lassociation-etc-terra\/#primaryimage\"},\"image\":{\"@id\":\"https:\/\/vosgesinfo.fr\/saintdieinfo\/2024\/03\/les-actualites-du-mois-de-mars-de-lassociation-etc-terra\/#primaryimage\"},\"thumbnailUrl\":\"https:\/\/vosgesinfo.fr\/app\/uploads\/sites\/4\/2024\/03\/etc.terra-mars-2024-2.jpg\",\"datePublished\":\"2024-03-06T07:03:19+00:00\",\"dateModified\":\"2024-03-06T07:03:19+00:00\",\"breadcrumb\":{\"@id\":\"https:\/\/vosgesinfo.fr\/saintdieinfo\/2024\/03\/les-actualites-du-mois-de-mars-de-lassociation-etc-terra\/#breadcrumb\"},\"inLanguage\":\"fr-FR\",\"potentialAction\":[{\"@type\":\"ReadAction\",\"target\":[\"https:\/\/vosgesinfo.fr\/saintdieinfo\/2024\/03\/les-actualites-du-mois-de-mars-de-lassociation-etc-terra\/\"]}]},{\"@type\":\"ImageObject\",\"inLanguage\":\"fr-FR\",\"@id\":\"https:\/\/vosgesinfo.fr\/saintdieinfo\/2024\/03\/les-actualites-du-mois-de-mars-de-lassociation-etc-terra\/#primaryimage\",\"url\":\"https:\/\/vosgesinfo.fr\/app\/uploads\/sites\/4\/2024\/03\/etc.terra-mars-2024-2.jpg\",\"contentUrl\":\"https:\/\/vosgesinfo.fr\/app\/uploads\/sites\/4\/2024\/03\/etc.terra-mars-2024-2.jpg\",\"width\":1009,\"height\":713},{\"@type\":\"BreadcrumbList\",\"@id\":\"https:\/\/vosgesinfo.fr\/saintdieinfo\/2024\/03\/les-actualites-du-mois-de-mars-de-lassociation-etc-terra\/#breadcrumb\",\"itemListElement\":[{\"@type\":\"ListItem\",\"position\":1,\"name\":\"Home\",\"item\":\"https:\/\/vosgesinfo.fr\/saintdieinfo\/\"},{\"@type\":\"ListItem\",\"position\":2,\"name\":\"Les actualit\u00e9s du mois de mars de l&rsquo;association ETC&#8230; Terra\"}]},{\"@type\":\"WebSite\",\"@id\":\"https:\/\/vosgesinfo.fr\/saintdieinfo\/#website\",\"url\":\"https:\/\/vosgesinfo.fr\/saintdieinfo\/\",\"name\":\"Saint Die Info\",\"description\":\"Toute l&#039;actualit\u00e9 de Saint-Di\u00e9-Des-Vosges\",\"publisher\":{\"@id\":\"https:\/\/vosgesinfo.fr\/saintdieinfo\/#organization\"},\"alternateName\":\"Toute l'actualit\u00e9 de Saint-Di\u00e9-Des-Vosges\",\"potentialAction\":[{\"@type\":\"SearchAction\",\"target\":{\"@type\":\"EntryPoint\",\"urlTemplate\":\"https:\/\/vosgesinfo.fr\/saintdieinfo\/?s={search_term_string}\"},\"query-input\":\"required name=search_term_string\"}],\"inLanguage\":\"fr-FR\"},{\"@type\":\"Organization\",\"@id\":\"https:\/\/vosgesinfo.fr\/saintdieinfo\/#organization\",\"name\":\"Saint Die Info\",\"url\":\"https:\/\/vosgesinfo.fr\/saintdieinfo\/\",\"logo\":{\"@type\":\"ImageObject\",\"inLanguage\":\"fr-FR\",\"@id\":\"https:\/\/vosgesinfo.fr\/saintdieinfo\/#\/schema\/logo\/image\/\",\"url\":\"https:\/\/vosgesinfo.fr\/app\/uploads\/sites\/4\/2024\/02\/logo-sdi.jpg\",\"contentUrl\":\"https:\/\/vosgesinfo.fr\/app\/uploads\/sites\/4\/2024\/02\/logo-sdi.jpg\",\"width\":600,\"height\":600,\"caption\":\"Saint Die Info\"},\"image\":{\"@id\":\"https:\/\/vosgesinfo.fr\/saintdieinfo\/#\/schema\/logo\/image\/\"},\"sameAs\":[\"https:\/\/www.facebook.com\/Saintdieinfofr\",\"https:\/\/x.com\/VosgesInfo88\",\"https:\/\/www.youtube.com\/@vosgesinfo\"]},{\"@type\":\"Person\",\"@id\":\"https:\/\/vosgesinfo.fr\/saintdieinfo\/#\/schema\/person\/fa73e9f726d67bb88f46d5b7943cb572\",\"name\":\"J.J.\",\"image\":{\"@type\":\"ImageObject\",\"inLanguage\":\"fr-FR\",\"@id\":\"https:\/\/vosgesinfo.fr\/saintdieinfo\/#\/schema\/person\/image\/\",\"url\":\"https:\/\/secure.gravatar.com\/avatar\/219e749e47ffbcca018a360ae4add7d4cdf1cdaaf8bc7676b27efade3fe65615?s=96&d=mm&r=g\",\"contentUrl\":\"https:\/\/secure.gravatar.com\/avatar\/219e749e47ffbcca018a360ae4add7d4cdf1cdaaf8bc7676b27efade3fe65615?s=96&d=mm&r=g\",\"caption\":\"J.J.\"},\"url\":\"https:\/\/vosgesinfo.fr\/saintdieinfo\/author\/j-j\/\"}]}<\/script>\n<!-- \/ Yoast SEO plugin. -->","yoast_head_json":{"title":"Les actualit\u00e9s du mois de mars de l'association ETC... Terra - Saint Die Info","robots":{"index":"index","follow":"follow","max-snippet":"max-snippet:-1","max-image-preview":"max-image-preview:large","max-video-preview":"max-video-preview:-1"},"canonical":"https:\/\/vosgesinfo.fr\/saintdieinfo\/2024\/03\/les-actualites-du-mois-de-mars-de-lassociation-etc-terra\/","twitter_card":"summary_large_image","twitter_title":"Les actualit\u00e9s du mois de mars de l'association ETC... Terra - Saint Die Info","twitter_description":"Assembl\u00e9e G\u00e9n\u00e9rale Vendredi 8 mars, \u00e0 19h (accueil \u00e0 partir de 18h30), \u00e0 la Salle Carbonnar \u00e0 Saint-Di\u00e9-des-Vosges. Nuit de [&hellip;]","twitter_image":"https:\/\/vosgesinfo.fr\/app\/uploads\/sites\/4\/2024\/03\/etc.terra-mars-2024-2.jpg","twitter_creator":"@VosgesInfo88","twitter_site":"@VosgesInfo88","twitter_misc":{"\u00c9crit par":"J.J.","Dur\u00e9e de lecture estim\u00e9e":"1 minute"},"schema":{"@context":"https:\/\/schema.org","@graph":[{"@type":"Article","@id":"https:\/\/vosgesinfo.fr\/saintdieinfo\/2024\/03\/les-actualites-du-mois-de-mars-de-lassociation-etc-terra\/#article","isPartOf":{"@id":"https:\/\/vosgesinfo.fr\/saintdieinfo\/2024\/03\/les-actualites-du-mois-de-mars-de-lassociation-etc-terra\/"},"author":{"name":"J.J.","@id":"https:\/\/vosgesinfo.fr\/saintdieinfo\/#\/schema\/person\/fa73e9f726d67bb88f46d5b7943cb572"},"headline":"Les actualit\u00e9s du mois de mars de l&rsquo;association ETC&#8230; Terra","datePublished":"2024-03-06T07:03:19+00:00","dateModified":"2024-03-06T07:03:19+00:00","mainEntityOfPage":{"@id":"https:\/\/vosgesinfo.fr\/saintdieinfo\/2024\/03\/les-actualites-du-mois-de-mars-de-lassociation-etc-terra\/"},"wordCount":179,"commentCount":0,"publisher":{"@id":"https:\/\/vosgesinfo.fr\/saintdieinfo\/#organization"},"image":{"@id":"https:\/\/vosgesinfo.fr\/saintdieinfo\/2024\/03\/les-actualites-du-mois-de-mars-de-lassociation-etc-terra\/#primaryimage"},"thumbnailUrl":"https:\/\/vosgesinfo.fr\/app\/uploads\/sites\/4\/2024\/03\/etc.terra-mars-2024-2.jpg","keywords":["ETC... Terra"],"articleSection":["A la Une","D\u00e9odatie","Vie Associative"],"inLanguage":"fr-FR","potentialAction":[{"@type":"CommentAction","name":"Comment","target":["https:\/\/vosgesinfo.fr\/saintdieinfo\/2024\/03\/les-actualites-du-mois-de-mars-de-lassociation-etc-terra\/#respond"]}]},{"@type":"WebPage","@id":"https:\/\/vosgesinfo.fr\/saintdieinfo\/2024\/03\/les-actualites-du-mois-de-mars-de-lassociation-etc-terra\/","url":"https:\/\/vosgesinfo.fr\/saintdieinfo\/2024\/03\/les-actualites-du-mois-de-mars-de-lassociation-etc-terra\/","name":"Les actualit\u00e9s du mois de mars de l'association ETC... Terra - Saint Die Info","isPartOf":{"@id":"https:\/\/vosgesinfo.fr\/saintdieinfo\/#website"},"primaryImageOfPage":{"@id":"https:\/\/vosgesinfo.fr\/saintdieinfo\/2024\/03\/les-actualites-du-mois-de-mars-de-lassociation-etc-terra\/#primaryimage"},"image":{"@id":"https:\/\/vosgesinfo.fr\/saintdieinfo\/2024\/03\/les-actualites-du-mois-de-mars-de-lassociation-etc-terra\/#primaryimage"},"thumbnailUrl":"https:\/\/vosgesinfo.fr\/app\/uploads\/sites\/4\/2024\/03\/etc.terra-mars-2024-2.jpg","datePublished":"2024-03-06T07:03:19+00:00","dateModified":"2024-03-06T07:03:19+00:00","breadcrumb":{"@id":"https:\/\/vosgesinfo.fr\/saintdieinfo\/2024\/03\/les-actualites-du-mois-de-mars-de-lassociation-etc-terra\/#breadcrumb"},"inLanguage":"fr-FR","potentialAction":[{"@type":"ReadAction","target":["https:\/\/vosgesinfo.fr\/saintdieinfo\/2024\/03\/les-actualites-du-mois-de-mars-de-lassociation-etc-terra\/"]}]},{"@type":"ImageObject","inLanguage":"fr-FR","@id":"https:\/\/vosgesinfo.fr\/saintdieinfo\/2024\/03\/les-actualites-du-mois-de-mars-de-lassociation-etc-terra\/#primaryimage","url":"https:\/\/vosgesinfo.fr\/app\/uploads\/sites\/4\/2024\/03\/etc.terra-mars-2024-2.jpg","contentUrl":"https:\/\/vosgesinfo.fr\/app\/uploads\/sites\/4\/2024\/03\/etc.terra-mars-2024-2.jpg","width":1009,"height":713},{"@type":"BreadcrumbList","@id":"https:\/\/vosgesinfo.fr\/saintdieinfo\/2024\/03\/les-actualites-du-mois-de-mars-de-lassociation-etc-terra\/#breadcrumb","itemListElement":[{"@type":"ListItem","position":1,"name":"Home","item":"https:\/\/vosgesinfo.fr\/saintdieinfo\/"},{"@type":"ListItem","position":2,"name":"Les actualit\u00e9s du mois de mars de l&rsquo;association ETC&#8230; Terra"}]},{"@type":"WebSite","@id":"https:\/\/vosgesinfo.fr\/saintdieinfo\/#website","url":"https:\/\/vosgesinfo.fr\/saintdieinfo\/","name":"Saint Die Info","description":"Toute l&#039;actualit\u00e9 de Saint-Di\u00e9-Des-Vosges","publisher":{"@id":"https:\/\/vosgesinfo.fr\/saintdieinfo\/#organization"},"alternateName":"Toute l'actualit\u00e9 de Saint-Di\u00e9-Des-Vosges","potentialAction":[{"@type":"SearchAction","target":{"@type":"EntryPoint","urlTemplate":"https:\/\/vosgesinfo.fr\/saintdieinfo\/?s={search_term_string}"},"query-input":"required name=search_term_string"}],"inLanguage":"fr-FR"},{"@type":"Organization","@id":"https:\/\/vosgesinfo.fr\/saintdieinfo\/#organization","name":"Saint Die Info","url":"https:\/\/vosgesinfo.fr\/saintdieinfo\/","logo":{"@type":"ImageObject","inLanguage":"fr-FR","@id":"https:\/\/vosgesinfo.fr\/saintdieinfo\/#\/schema\/logo\/image\/","url":"https:\/\/vosgesinfo.fr\/app\/uploads\/sites\/4\/2024\/02\/logo-sdi.jpg","contentUrl":"https:\/\/vosgesinfo.fr\/app\/uploads\/sites\/4\/2024\/02\/logo-sdi.jpg","width":600,"height":600,"caption":"Saint Die Info"},"image":{"@id":"https:\/\/vosgesinfo.fr\/saintdieinfo\/#\/schema\/logo\/image\/"},"sameAs":["https:\/\/www.facebook.com\/Saintdieinfofr","https:\/\/x.com\/VosgesInfo88","https:\/\/www.youtube.com\/@vosgesinfo"]},{"@type":"Person","@id":"https:\/\/vosgesinfo.fr\/saintdieinfo\/#\/schema\/person\/fa73e9f726d67bb88f46d5b7943cb572","name":"J.J.","image":{"@type":"ImageObject","inLanguage":"fr-FR","@id":"https:\/\/vosgesinfo.fr\/saintdieinfo\/#\/schema\/person\/image\/","url":"https:\/\/secure.gravatar.com\/avatar\/219e749e47ffbcca018a360ae4add7d4cdf1cdaaf8bc7676b27efade3fe65615?s=96&d=mm&r=g","contentUrl":"https:\/\/secure.gravatar.com\/avatar\/219e749e47ffbcca018a360ae4add7d4cdf1cdaaf8bc7676b27efade3fe65615?s=96&d=mm&r=g","caption":"J.J."},"url":"https:\/\/vosgesinfo.fr\/saintdieinfo\/author\/j-j\/"}]}},"_links":{"self":[{"href":"https:\/\/vosgesinfo.fr\/saintdieinfo\/wp-json\/wp\/v2\/posts\/31136","targetHints":{"allow":["GET"]}}],"collection":[{"href":"https:\/\/vosgesinfo.fr\/saintdieinfo\/wp-json\/wp\/v2\/posts"}],"about":[{"href":"https:\/\/vosgesinfo.fr\/saintdieinfo\/wp-json\/wp\/v2\/types\/post"}],"author":[{"embeddable":true,"href":"https:\/\/vosgesinfo.fr\/saintdieinfo\/wp-json\/wp\/v2\/users\/46"}],"replies":[{"embeddable":true,"href":"https:\/\/vosgesinfo.fr\/saintdieinfo\/wp-json\/wp\/v2\/comments?post=31136"}],"version-history":[{"count":2,"href":"https:\/\/vosgesinfo.fr\/saintdieinfo\/wp-json\/wp\/v2\/posts\/31136\/revisions"}],"predecessor-version":[{"id":31144,"href":"https:\/\/vosgesinfo.fr\/saintdieinfo\/wp-json\/wp\/v2\/posts\/31136\/revisions\/31144"}],"wp:featuredmedia":[{"embeddable":true,"href":"https:\/\/vosgesinfo.fr\/saintdieinfo\/wp-json\/wp\/v2\/media\/31141"}],"wp:attachment":[{"href":"https:\/\/vosgesinfo.fr\/saintdieinfo\/wp-json\/wp\/v2\/media?parent=31136"}],"wp:term":[{"taxonomy":"category","embeddable":true,"href":"https:\/\/vosgesinfo.fr\/saintdieinfo\/wp-json\/wp\/v2\/categories?post=31136"},{"taxonomy":"post_tag","embeddable":true,"href":"https:\/\/vosgesinfo.fr\/saintdieinfo\/wp-json\/wp\/v2\/tags?post=31136"}],"curies":[{"name":"wp","href":"https:\/\/api.w.org\/{rel}","templated":true}]}}