{"id":31145,"date":"2024-03-06T10:54:35","date_gmt":"2024-03-06T09:54:35","guid":{"rendered":"https:\/\/vosgesinfo.fr\/saintdieinfo\/?p=31145"},"modified":"2024-03-06T10:54:35","modified_gmt":"2024-03-06T09:54:35","slug":"des-apprentis-de-roville-aux-chenes-entretiennent-le-jardin-simone-veil","status":"publish","type":"post","link":"https:\/\/vosgesinfo.fr\/saintdieinfo\/2024\/03\/des-apprentis-de-roville-aux-chenes-entretiennent-le-jardin-simone-veil\/","title":{"rendered":"Des apprentis de Roville-aux-Ch\u00eanes entretiennent le Jardin Simone-Veil"},"content":{"rendered":"<p><img decoding=\"async\" class=\"alignnone size-large wp-image-31150\" src=\"https:\/\/vosgesinfo.fr\/app\/uploads\/sites\/4\/2024\/03\/partenariat-ville-sddv-ecole-roville-aux-chenes-5-1024x771.jpg\" alt=\"\" width=\"1024\" height=\"771\" srcset=\"https:\/\/vosgesinfo.fr\/app\/uploads\/sites\/4\/2024\/03\/partenariat-ville-sddv-ecole-roville-aux-chenes-5-1024x771.jpg 1024w, https:\/\/vosgesinfo.fr\/app\/uploads\/sites\/4\/2024\/03\/partenariat-ville-sddv-ecole-roville-aux-chenes-5-300x226.jpg 300w, https:\/\/vosgesinfo.fr\/app\/uploads\/sites\/4\/2024\/03\/partenariat-ville-sddv-ecole-roville-aux-chenes-5-768x578.jpg 768w, https:\/\/vosgesinfo.fr\/app\/uploads\/sites\/4\/2024\/03\/partenariat-ville-sddv-ecole-roville-aux-chenes-5-1536x1157.jpg 1536w, https:\/\/vosgesinfo.fr\/app\/uploads\/sites\/4\/2024\/03\/partenariat-ville-sddv-ecole-roville-aux-chenes-5-2048x1542.jpg 2048w\" sizes=\"(max-width: 1024px) 100vw, 1024px\" \/><\/p>\n<h2>Une dizaine d&rsquo;apprentis de l&rsquo;\u00e9cole d&rsquo;horticulture et de paysage de Roville-aux-Ch\u00eanes, qu&rsquo;on ne pr\u00e9sente plus dans les Vosges, s&rsquo;activent actuellement au Jardin Simone-Veil afin d&rsquo;entretenir le parc de la rive gauche d\u00e9odatienne.<\/h2>\n<p><!--more--><\/p>\n<p>Encadr\u00e9s par Gilles Bento et Sarah Georges, tous 2 enseignants-formateurs, les apprentis ont \u00e9t\u00e9 accueillis par le maire Bruno Toussaint et l&rsquo;adjointe Brigitte Henri en d\u00e9but de matin\u00e9e. L&rsquo;occasion de rappeler que la Ville de Saint-Di\u00e9-des-Vosges accueille de nombreux apprentis de Roville-aux-Ch\u00eanes, avec des embauches \u00e0 la cl\u00e9, et ce depuis de nombreuses ann\u00e9es.<\/p>\n<p>C&rsquo;est de ce partenariat fructueux qu&rsquo;a d\u00e9coul\u00e9 cette journ\u00e9e d&rsquo;entretien du Jardin Simone-Veil, qui a vu le jour l&rsquo;an dernier. Rendez-vous est d\u00e9j\u00e0 pris pour 2025, m\u00eame si la date est susceptible de changer selon l&rsquo;\u00e9tat de floraison des nombreuses plantes et essences du parc. Les fleurs ayant 3 semaines d&rsquo;avance cette ann\u00e9e par rapport \u00e0 la normale.<\/p>\n<p>Evoqu\u00e9e ce matin, l&rsquo;adaptation aux changements climatiques constitue l&rsquo;un des enjeux majeurs du m\u00e9tier d&rsquo;horticulteur, qui doit faire face \u00e0 l&rsquo;avancement des floraisons mais \u00e9galement \u00e0 de nouvelles contraintes. Comme par exemple les restrictions d&rsquo;eau. Pour rappel, le d\u00e9partement des Vosges \u00e9tait en alerte s\u00e9cheresse jusqu&rsquo;en octobre en 2023. A Saint-Di\u00e9-des-Vosges, le service Parcs et Jardins se tourne notamment de plus en plus vers les plantes vivaces, dont l&rsquo;entretien est facile et qui ne n\u00e9cessitent pas un arrosage constant et r\u00e9gulier. C&rsquo;est pour cela que l&rsquo;\u00e9cole de Roville-aux-Ch\u00eanes se pr\u00e9pare d&rsquo;ores et d\u00e9j\u00e0 au futur de la profession.<\/p>\n<p>J.J.<\/p>\n<p><img decoding=\"async\" class=\"alignnone size-large wp-image-31146\" src=\"https:\/\/vosgesinfo.fr\/app\/uploads\/sites\/4\/2024\/03\/partenariat-ville-sddv-ecole-roville-aux-chenes-1-1024x771.jpg\" alt=\"\" width=\"1024\" height=\"771\" srcset=\"https:\/\/vosgesinfo.fr\/app\/uploads\/sites\/4\/2024\/03\/partenariat-ville-sddv-ecole-roville-aux-chenes-1-1024x771.jpg 1024w, https:\/\/vosgesinfo.fr\/app\/uploads\/sites\/4\/2024\/03\/partenariat-ville-sddv-ecole-roville-aux-chenes-1-300x226.jpg 300w, https:\/\/vosgesinfo.fr\/app\/uploads\/sites\/4\/2024\/03\/partenariat-ville-sddv-ecole-roville-aux-chenes-1-768x578.jpg 768w, https:\/\/vosgesinfo.fr\/app\/uploads\/sites\/4\/2024\/03\/partenariat-ville-sddv-ecole-roville-aux-chenes-1-1536x1157.jpg 1536w, https:\/\/vosgesinfo.fr\/app\/uploads\/sites\/4\/2024\/03\/partenariat-ville-sddv-ecole-roville-aux-chenes-1-2048x1542.jpg 2048w\" sizes=\"(max-width: 1024px) 100vw, 1024px\" \/><\/p>\n<p><img decoding=\"async\" class=\"alignnone size-large wp-image-31147\" src=\"https:\/\/vosgesinfo.fr\/app\/uploads\/sites\/4\/2024\/03\/partenariat-ville-sddv-ecole-roville-aux-chenes-2-1024x771.jpg\" alt=\"\" width=\"1024\" height=\"771\" srcset=\"https:\/\/vosgesinfo.fr\/app\/uploads\/sites\/4\/2024\/03\/partenariat-ville-sddv-ecole-roville-aux-chenes-2-1024x771.jpg 1024w, https:\/\/vosgesinfo.fr\/app\/uploads\/sites\/4\/2024\/03\/partenariat-ville-sddv-ecole-roville-aux-chenes-2-300x226.jpg 300w, https:\/\/vosgesinfo.fr\/app\/uploads\/sites\/4\/2024\/03\/partenariat-ville-sddv-ecole-roville-aux-chenes-2-768x578.jpg 768w, https:\/\/vosgesinfo.fr\/app\/uploads\/sites\/4\/2024\/03\/partenariat-ville-sddv-ecole-roville-aux-chenes-2-1536x1157.jpg 1536w, https:\/\/vosgesinfo.fr\/app\/uploads\/sites\/4\/2024\/03\/partenariat-ville-sddv-ecole-roville-aux-chenes-2-2048x1542.jpg 2048w\" sizes=\"(max-width: 1024px) 100vw, 1024px\" \/><\/p>\n<p><img decoding=\"async\" class=\"alignnone size-large wp-image-31148\" src=\"https:\/\/vosgesinfo.fr\/app\/uploads\/sites\/4\/2024\/03\/partenariat-ville-sddv-ecole-roville-aux-chenes-3-1024x771.jpg\" alt=\"\" width=\"1024\" height=\"771\" srcset=\"https:\/\/vosgesinfo.fr\/app\/uploads\/sites\/4\/2024\/03\/partenariat-ville-sddv-ecole-roville-aux-chenes-3-1024x771.jpg 1024w, https:\/\/vosgesinfo.fr\/app\/uploads\/sites\/4\/2024\/03\/partenariat-ville-sddv-ecole-roville-aux-chenes-3-300x226.jpg 300w, https:\/\/vosgesinfo.fr\/app\/uploads\/sites\/4\/2024\/03\/partenariat-ville-sddv-ecole-roville-aux-chenes-3-768x578.jpg 768w, https:\/\/vosgesinfo.fr\/app\/uploads\/sites\/4\/2024\/03\/partenariat-ville-sddv-ecole-roville-aux-chenes-3-1536x1157.jpg 1536w, https:\/\/vosgesinfo.fr\/app\/uploads\/sites\/4\/2024\/03\/partenariat-ville-sddv-ecole-roville-aux-chenes-3-2048x1542.jpg 2048w\" sizes=\"(max-width: 1024px) 100vw, 1024px\" \/><\/p>\n<p><img decoding=\"async\" class=\"alignnone size-large wp-image-31149\" src=\"https:\/\/vosgesinfo.fr\/app\/uploads\/sites\/4\/2024\/03\/partenariat-ville-sddv-ecole-roville-aux-chenes-4-1024x771.jpg\" alt=\"\" width=\"1024\" height=\"771\" srcset=\"https:\/\/vosgesinfo.fr\/app\/uploads\/sites\/4\/2024\/03\/partenariat-ville-sddv-ecole-roville-aux-chenes-4-1024x771.jpg 1024w, https:\/\/vosgesinfo.fr\/app\/uploads\/sites\/4\/2024\/03\/partenariat-ville-sddv-ecole-roville-aux-chenes-4-300x226.jpg 300w, https:\/\/vosgesinfo.fr\/app\/uploads\/sites\/4\/2024\/03\/partenariat-ville-sddv-ecole-roville-aux-chenes-4-768x578.jpg 768w, https:\/\/vosgesinfo.fr\/app\/uploads\/sites\/4\/2024\/03\/partenariat-ville-sddv-ecole-roville-aux-chenes-4-1536x1157.jpg 1536w, https:\/\/vosgesinfo.fr\/app\/uploads\/sites\/4\/2024\/03\/partenariat-ville-sddv-ecole-roville-aux-chenes-4-2048x1542.jpg 2048w\" sizes=\"(max-width: 1024px) 100vw, 1024px\" \/><\/p>\n<p><img decoding=\"async\" class=\"alignnone size-large wp-image-31151\" src=\"https:\/\/vosgesinfo.fr\/app\/uploads\/sites\/4\/2024\/03\/partenariat-ville-sddv-ecole-roville-aux-chenes-6-1024x771.jpg\" alt=\"\" width=\"1024\" height=\"771\" srcset=\"https:\/\/vosgesinfo.fr\/app\/uploads\/sites\/4\/2024\/03\/partenariat-ville-sddv-ecole-roville-aux-chenes-6-1024x771.jpg 1024w, https:\/\/vosgesinfo.fr\/app\/uploads\/sites\/4\/2024\/03\/partenariat-ville-sddv-ecole-roville-aux-chenes-6-300x226.jpg 300w, https:\/\/vosgesinfo.fr\/app\/uploads\/sites\/4\/2024\/03\/partenariat-ville-sddv-ecole-roville-aux-chenes-6-768x578.jpg 768w, https:\/\/vosgesinfo.fr\/app\/uploads\/sites\/4\/2024\/03\/partenariat-ville-sddv-ecole-roville-aux-chenes-6-1536x1157.jpg 1536w, https:\/\/vosgesinfo.fr\/app\/uploads\/sites\/4\/2024\/03\/partenariat-ville-sddv-ecole-roville-aux-chenes-6-2048x1542.jpg 2048w\" sizes=\"(max-width: 1024px) 100vw, 1024px\" \/><\/p>\n<p><img decoding=\"async\" class=\"alignnone size-large wp-image-31152\" src=\"https:\/\/vosgesinfo.fr\/app\/uploads\/sites\/4\/2024\/03\/partenariat-ville-sddv-ecole-roville-aux-chenes-7-1024x771.jpg\" alt=\"\" width=\"1024\" height=\"771\" srcset=\"https:\/\/vosgesinfo.fr\/app\/uploads\/sites\/4\/2024\/03\/partenariat-ville-sddv-ecole-roville-aux-chenes-7-1024x771.jpg 1024w, https:\/\/vosgesinfo.fr\/app\/uploads\/sites\/4\/2024\/03\/partenariat-ville-sddv-ecole-roville-aux-chenes-7-300x226.jpg 300w, https:\/\/vosgesinfo.fr\/app\/uploads\/sites\/4\/2024\/03\/partenariat-ville-sddv-ecole-roville-aux-chenes-7-768x578.jpg 768w, https:\/\/vosgesinfo.fr\/app\/uploads\/sites\/4\/2024\/03\/partenariat-ville-sddv-ecole-roville-aux-chenes-7-1536x1157.jpg 1536w, https:\/\/vosgesinfo.fr\/app\/uploads\/sites\/4\/2024\/03\/partenariat-ville-sddv-ecole-roville-aux-chenes-7-2048x1542.jpg 2048w\" sizes=\"(max-width: 1024px) 100vw, 1024px\" \/><\/p>\n<p><img decoding=\"async\" class=\"alignnone size-large wp-image-31153\" src=\"https:\/\/vosgesinfo.fr\/app\/uploads\/sites\/4\/2024\/03\/partenariat-ville-sddv-ecole-roville-aux-chenes-8-1024x771.jpg\" alt=\"\" width=\"1024\" height=\"771\" srcset=\"https:\/\/vosgesinfo.fr\/app\/uploads\/sites\/4\/2024\/03\/partenariat-ville-sddv-ecole-roville-aux-chenes-8-1024x771.jpg 1024w, https:\/\/vosgesinfo.fr\/app\/uploads\/sites\/4\/2024\/03\/partenariat-ville-sddv-ecole-roville-aux-chenes-8-300x226.jpg 300w, https:\/\/vosgesinfo.fr\/app\/uploads\/sites\/4\/2024\/03\/partenariat-ville-sddv-ecole-roville-aux-chenes-8-768x578.jpg 768w, https:\/\/vosgesinfo.fr\/app\/uploads\/sites\/4\/2024\/03\/partenariat-ville-sddv-ecole-roville-aux-chenes-8-1536x1157.jpg 1536w, https:\/\/vosgesinfo.fr\/app\/uploads\/sites\/4\/2024\/03\/partenariat-ville-sddv-ecole-roville-aux-chenes-8-2048x1542.jpg 2048w\" sizes=\"(max-width: 1024px) 100vw, 1024px\" \/><\/p>\n","protected":false},"excerpt":{"rendered":"<p>Une dizaine d&rsquo;apprentis de l&rsquo;\u00e9cole d&rsquo;horticulture et de paysage de Roville-aux-Ch\u00eanes, qu&rsquo;on ne pr\u00e9sente plus dans les Vosges, s&rsquo;activent actuellement [&hellip;]<\/p>\n","protected":false},"author":46,"featured_media":31150,"comment_status":"open","ping_status":"open","sticky":false,"template":"","format":"standard","meta":{"footnotes":""},"categories":[460,6,167],"tags":[3449,3503,3240],"class_list":["post-31145","post","type-post","status-publish","format-standard","has-post-thumbnail","hentry","category-a-la-une","category-education","category-saint-die-des-vosges","tag-ecole-dhorticulture-et-de-paysage-de-roville-aux-chenes","tag-jardin-simone-veil","tag-ville-de-saint-die-des-vosges"],"acf":[],"yoast_head":"<!-- This site is optimized with the Yoast SEO plugin v22.5 - https:\/\/yoast.com\/wordpress\/plugins\/seo\/ -->\n<title>Des apprentis de Roville-aux-Ch\u00eanes entretiennent le Jardin Simone-Veil - Saint Die Info<\/title>\n<meta name=\"robots\" content=\"index, follow, max-snippet:-1, max-image-preview:large, max-video-preview:-1\" \/>\n<link rel=\"canonical\" href=\"https:\/\/vosgesinfo.fr\/saintdieinfo\/2024\/03\/des-apprentis-de-roville-aux-chenes-entretiennent-le-jardin-simone-veil\/\" \/>\n<meta name=\"twitter:card\" content=\"summary_large_image\" \/>\n<meta name=\"twitter:title\" content=\"Des apprentis de Roville-aux-Ch\u00eanes entretiennent le Jardin Simone-Veil - Saint Die Info\" \/>\n<meta name=\"twitter:description\" content=\"Une dizaine d&rsquo;apprentis de l&rsquo;\u00e9cole d&rsquo;horticulture et de paysage de Roville-aux-Ch\u00eanes, qu&rsquo;on ne pr\u00e9sente plus dans les Vosges, s&rsquo;activent actuellement [&hellip;]\" \/>\n<meta name=\"twitter:image\" content=\"https:\/\/vosgesinfo.fr\/app\/uploads\/sites\/4\/2024\/03\/partenariat-ville-sddv-ecole-roville-aux-chenes-5-scaled.jpg\" \/>\n<meta name=\"twitter:creator\" content=\"@VosgesInfo88\" \/>\n<meta name=\"twitter:site\" content=\"@VosgesInfo88\" \/>\n<meta name=\"twitter:label1\" content=\"\u00c9crit par\" \/>\n\t<meta name=\"twitter:data1\" content=\"J.J.\" \/>\n\t<meta name=\"twitter:label2\" content=\"Dur\u00e9e de lecture estim\u00e9e\" \/>\n\t<meta name=\"twitter:data2\" content=\"1 minute\" \/>\n<script type=\"application\/ld+json\" class=\"yoast-schema-graph\">{\"@context\":\"https:\/\/schema.org\",\"@graph\":[{\"@type\":\"Article\",\"@id\":\"https:\/\/vosgesinfo.fr\/saintdieinfo\/2024\/03\/des-apprentis-de-roville-aux-chenes-entretiennent-le-jardin-simone-veil\/#article\",\"isPartOf\":{\"@id\":\"https:\/\/vosgesinfo.fr\/saintdieinfo\/2024\/03\/des-apprentis-de-roville-aux-chenes-entretiennent-le-jardin-simone-veil\/\"},\"author\":{\"name\":\"J.J.\",\"@id\":\"https:\/\/vosgesinfo.fr\/saintdieinfo\/#\/schema\/person\/fa73e9f726d67bb88f46d5b7943cb572\"},\"headline\":\"Des apprentis de Roville-aux-Ch\u00eanes entretiennent le Jardin Simone-Veil\",\"datePublished\":\"2024-03-06T09:54:35+00:00\",\"dateModified\":\"2024-03-06T09:54:35+00:00\",\"mainEntityOfPage\":{\"@id\":\"https:\/\/vosgesinfo.fr\/saintdieinfo\/2024\/03\/des-apprentis-de-roville-aux-chenes-entretiennent-le-jardin-simone-veil\/\"},\"wordCount\":293,\"commentCount\":0,\"publisher\":{\"@id\":\"https:\/\/vosgesinfo.fr\/saintdieinfo\/#organization\"},\"image\":{\"@id\":\"https:\/\/vosgesinfo.fr\/saintdieinfo\/2024\/03\/des-apprentis-de-roville-aux-chenes-entretiennent-le-jardin-simone-veil\/#primaryimage\"},\"thumbnailUrl\":\"https:\/\/vosgesinfo.fr\/app\/uploads\/sites\/4\/2024\/03\/partenariat-ville-sddv-ecole-roville-aux-chenes-5-scaled.jpg\",\"keywords\":[\"Ecole d'horticulture et de paysage de Roville-aux-Ch\u00eanes\",\"Jardin Simone-Veil\",\"Ville de Saint-Di\u00e9-des-Vosges\"],\"articleSection\":[\"A la Une\",\"\u00c9ducation\",\"Saint-Di\u00e9-des-Vosges\"],\"inLanguage\":\"fr-FR\",\"potentialAction\":[{\"@type\":\"CommentAction\",\"name\":\"Comment\",\"target\":[\"https:\/\/vosgesinfo.fr\/saintdieinfo\/2024\/03\/des-apprentis-de-roville-aux-chenes-entretiennent-le-jardin-simone-veil\/#respond\"]}]},{\"@type\":\"WebPage\",\"@id\":\"https:\/\/vosgesinfo.fr\/saintdieinfo\/2024\/03\/des-apprentis-de-roville-aux-chenes-entretiennent-le-jardin-simone-veil\/\",\"url\":\"https:\/\/vosgesinfo.fr\/saintdieinfo\/2024\/03\/des-apprentis-de-roville-aux-chenes-entretiennent-le-jardin-simone-veil\/\",\"name\":\"Des apprentis de Roville-aux-Ch\u00eanes entretiennent le Jardin Simone-Veil - Saint Die Info\",\"isPartOf\":{\"@id\":\"https:\/\/vosgesinfo.fr\/saintdieinfo\/#website\"},\"primaryImageOfPage\":{\"@id\":\"https:\/\/vosgesinfo.fr\/saintdieinfo\/2024\/03\/des-apprentis-de-roville-aux-chenes-entretiennent-le-jardin-simone-veil\/#primaryimage\"},\"image\":{\"@id\":\"https:\/\/vosgesinfo.fr\/saintdieinfo\/2024\/03\/des-apprentis-de-roville-aux-chenes-entretiennent-le-jardin-simone-veil\/#primaryimage\"},\"thumbnailUrl\":\"https:\/\/vosgesinfo.fr\/app\/uploads\/sites\/4\/2024\/03\/partenariat-ville-sddv-ecole-roville-aux-chenes-5-scaled.jpg\",\"datePublished\":\"2024-03-06T09:54:35+00:00\",\"dateModified\":\"2024-03-06T09:54:35+00:00\",\"breadcrumb\":{\"@id\":\"https:\/\/vosgesinfo.fr\/saintdieinfo\/2024\/03\/des-apprentis-de-roville-aux-chenes-entretiennent-le-jardin-simone-veil\/#breadcrumb\"},\"inLanguage\":\"fr-FR\",\"potentialAction\":[{\"@type\":\"ReadAction\",\"target\":[\"https:\/\/vosgesinfo.fr\/saintdieinfo\/2024\/03\/des-apprentis-de-roville-aux-chenes-entretiennent-le-jardin-simone-veil\/\"]}]},{\"@type\":\"ImageObject\",\"inLanguage\":\"fr-FR\",\"@id\":\"https:\/\/vosgesinfo.fr\/saintdieinfo\/2024\/03\/des-apprentis-de-roville-aux-chenes-entretiennent-le-jardin-simone-veil\/#primaryimage\",\"url\":\"https:\/\/vosgesinfo.fr\/app\/uploads\/sites\/4\/2024\/03\/partenariat-ville-sddv-ecole-roville-aux-chenes-5-scaled.jpg\",\"contentUrl\":\"https:\/\/vosgesinfo.fr\/app\/uploads\/sites\/4\/2024\/03\/partenariat-ville-sddv-ecole-roville-aux-chenes-5-scaled.jpg\",\"width\":2560,\"height\":1928},{\"@type\":\"BreadcrumbList\",\"@id\":\"https:\/\/vosgesinfo.fr\/saintdieinfo\/2024\/03\/des-apprentis-de-roville-aux-chenes-entretiennent-le-jardin-simone-veil\/#breadcrumb\",\"itemListElement\":[{\"@type\":\"ListItem\",\"position\":1,\"name\":\"Home\",\"item\":\"https:\/\/vosgesinfo.fr\/saintdieinfo\/\"},{\"@type\":\"ListItem\",\"position\":2,\"name\":\"Des apprentis de Roville-aux-Ch\u00eanes entretiennent le Jardin Simone-Veil\"}]},{\"@type\":\"WebSite\",\"@id\":\"https:\/\/vosgesinfo.fr\/saintdieinfo\/#website\",\"url\":\"https:\/\/vosgesinfo.fr\/saintdieinfo\/\",\"name\":\"Saint Die Info\",\"description\":\"Toute l&#039;actualit\u00e9 de Saint-Di\u00e9-Des-Vosges\",\"publisher\":{\"@id\":\"https:\/\/vosgesinfo.fr\/saintdieinfo\/#organization\"},\"alternateName\":\"Toute l'actualit\u00e9 de Saint-Di\u00e9-Des-Vosges\",\"potentialAction\":[{\"@type\":\"SearchAction\",\"target\":{\"@type\":\"EntryPoint\",\"urlTemplate\":\"https:\/\/vosgesinfo.fr\/saintdieinfo\/?s={search_term_string}\"},\"query-input\":\"required name=search_term_string\"}],\"inLanguage\":\"fr-FR\"},{\"@type\":\"Organization\",\"@id\":\"https:\/\/vosgesinfo.fr\/saintdieinfo\/#organization\",\"name\":\"Saint Die Info\",\"url\":\"https:\/\/vosgesinfo.fr\/saintdieinfo\/\",\"logo\":{\"@type\":\"ImageObject\",\"inLanguage\":\"fr-FR\",\"@id\":\"https:\/\/vosgesinfo.fr\/saintdieinfo\/#\/schema\/logo\/image\/\",\"url\":\"https:\/\/vosgesinfo.fr\/app\/uploads\/sites\/4\/2024\/02\/logo-sdi.jpg\",\"contentUrl\":\"https:\/\/vosgesinfo.fr\/app\/uploads\/sites\/4\/2024\/02\/logo-sdi.jpg\",\"width\":600,\"height\":600,\"caption\":\"Saint Die Info\"},\"image\":{\"@id\":\"https:\/\/vosgesinfo.fr\/saintdieinfo\/#\/schema\/logo\/image\/\"},\"sameAs\":[\"https:\/\/www.facebook.com\/Saintdieinfofr\",\"https:\/\/x.com\/VosgesInfo88\",\"https:\/\/www.youtube.com\/@vosgesinfo\"]},{\"@type\":\"Person\",\"@id\":\"https:\/\/vosgesinfo.fr\/saintdieinfo\/#\/schema\/person\/fa73e9f726d67bb88f46d5b7943cb572\",\"name\":\"J.J.\",\"image\":{\"@type\":\"ImageObject\",\"inLanguage\":\"fr-FR\",\"@id\":\"https:\/\/vosgesinfo.fr\/saintdieinfo\/#\/schema\/person\/image\/\",\"url\":\"https:\/\/secure.gravatar.com\/avatar\/219e749e47ffbcca018a360ae4add7d4cdf1cdaaf8bc7676b27efade3fe65615?s=96&d=mm&r=g\",\"contentUrl\":\"https:\/\/secure.gravatar.com\/avatar\/219e749e47ffbcca018a360ae4add7d4cdf1cdaaf8bc7676b27efade3fe65615?s=96&d=mm&r=g\",\"caption\":\"J.J.\"},\"url\":\"https:\/\/vosgesinfo.fr\/saintdieinfo\/author\/j-j\/\"}]}<\/script>\n<!-- \/ Yoast SEO plugin. -->","yoast_head_json":{"title":"Des apprentis de Roville-aux-Ch\u00eanes entretiennent le Jardin Simone-Veil - Saint Die Info","robots":{"index":"index","follow":"follow","max-snippet":"max-snippet:-1","max-image-preview":"max-image-preview:large","max-video-preview":"max-video-preview:-1"},"canonical":"https:\/\/vosgesinfo.fr\/saintdieinfo\/2024\/03\/des-apprentis-de-roville-aux-chenes-entretiennent-le-jardin-simone-veil\/","twitter_card":"summary_large_image","twitter_title":"Des apprentis de Roville-aux-Ch\u00eanes entretiennent le Jardin Simone-Veil - Saint Die Info","twitter_description":"Une dizaine d&rsquo;apprentis de l&rsquo;\u00e9cole d&rsquo;horticulture et de paysage de Roville-aux-Ch\u00eanes, qu&rsquo;on ne pr\u00e9sente plus dans les Vosges, s&rsquo;activent actuellement [&hellip;]","twitter_image":"https:\/\/vosgesinfo.fr\/app\/uploads\/sites\/4\/2024\/03\/partenariat-ville-sddv-ecole-roville-aux-chenes-5-scaled.jpg","twitter_creator":"@VosgesInfo88","twitter_site":"@VosgesInfo88","twitter_misc":{"\u00c9crit par":"J.J.","Dur\u00e9e de lecture estim\u00e9e":"1 minute"},"schema":{"@context":"https:\/\/schema.org","@graph":[{"@type":"Article","@id":"https:\/\/vosgesinfo.fr\/saintdieinfo\/2024\/03\/des-apprentis-de-roville-aux-chenes-entretiennent-le-jardin-simone-veil\/#article","isPartOf":{"@id":"https:\/\/vosgesinfo.fr\/saintdieinfo\/2024\/03\/des-apprentis-de-roville-aux-chenes-entretiennent-le-jardin-simone-veil\/"},"author":{"name":"J.J.","@id":"https:\/\/vosgesinfo.fr\/saintdieinfo\/#\/schema\/person\/fa73e9f726d67bb88f46d5b7943cb572"},"headline":"Des apprentis de Roville-aux-Ch\u00eanes entretiennent le Jardin Simone-Veil","datePublished":"2024-03-06T09:54:35+00:00","dateModified":"2024-03-06T09:54:35+00:00","mainEntityOfPage":{"@id":"https:\/\/vosgesinfo.fr\/saintdieinfo\/2024\/03\/des-apprentis-de-roville-aux-chenes-entretiennent-le-jardin-simone-veil\/"},"wordCount":293,"commentCount":0,"publisher":{"@id":"https:\/\/vosgesinfo.fr\/saintdieinfo\/#organization"},"image":{"@id":"https:\/\/vosgesinfo.fr\/saintdieinfo\/2024\/03\/des-apprentis-de-roville-aux-chenes-entretiennent-le-jardin-simone-veil\/#primaryimage"},"thumbnailUrl":"https:\/\/vosgesinfo.fr\/app\/uploads\/sites\/4\/2024\/03\/partenariat-ville-sddv-ecole-roville-aux-chenes-5-scaled.jpg","keywords":["Ecole d'horticulture et de paysage de Roville-aux-Ch\u00eanes","Jardin Simone-Veil","Ville de Saint-Di\u00e9-des-Vosges"],"articleSection":["A la Une","\u00c9ducation","Saint-Di\u00e9-des-Vosges"],"inLanguage":"fr-FR","potentialAction":[{"@type":"CommentAction","name":"Comment","target":["https:\/\/vosgesinfo.fr\/saintdieinfo\/2024\/03\/des-apprentis-de-roville-aux-chenes-entretiennent-le-jardin-simone-veil\/#respond"]}]},{"@type":"WebPage","@id":"https:\/\/vosgesinfo.fr\/saintdieinfo\/2024\/03\/des-apprentis-de-roville-aux-chenes-entretiennent-le-jardin-simone-veil\/","url":"https:\/\/vosgesinfo.fr\/saintdieinfo\/2024\/03\/des-apprentis-de-roville-aux-chenes-entretiennent-le-jardin-simone-veil\/","name":"Des apprentis de Roville-aux-Ch\u00eanes entretiennent le Jardin Simone-Veil - Saint Die Info","isPartOf":{"@id":"https:\/\/vosgesinfo.fr\/saintdieinfo\/#website"},"primaryImageOfPage":{"@id":"https:\/\/vosgesinfo.fr\/saintdieinfo\/2024\/03\/des-apprentis-de-roville-aux-chenes-entretiennent-le-jardin-simone-veil\/#primaryimage"},"image":{"@id":"https:\/\/vosgesinfo.fr\/saintdieinfo\/2024\/03\/des-apprentis-de-roville-aux-chenes-entretiennent-le-jardin-simone-veil\/#primaryimage"},"thumbnailUrl":"https:\/\/vosgesinfo.fr\/app\/uploads\/sites\/4\/2024\/03\/partenariat-ville-sddv-ecole-roville-aux-chenes-5-scaled.jpg","datePublished":"2024-03-06T09:54:35+00:00","dateModified":"2024-03-06T09:54:35+00:00","breadcrumb":{"@id":"https:\/\/vosgesinfo.fr\/saintdieinfo\/2024\/03\/des-apprentis-de-roville-aux-chenes-entretiennent-le-jardin-simone-veil\/#breadcrumb"},"inLanguage":"fr-FR","potentialAction":[{"@type":"ReadAction","target":["https:\/\/vosgesinfo.fr\/saintdieinfo\/2024\/03\/des-apprentis-de-roville-aux-chenes-entretiennent-le-jardin-simone-veil\/"]}]},{"@type":"ImageObject","inLanguage":"fr-FR","@id":"https:\/\/vosgesinfo.fr\/saintdieinfo\/2024\/03\/des-apprentis-de-roville-aux-chenes-entretiennent-le-jardin-simone-veil\/#primaryimage","url":"https:\/\/vosgesinfo.fr\/app\/uploads\/sites\/4\/2024\/03\/partenariat-ville-sddv-ecole-roville-aux-chenes-5-scaled.jpg","contentUrl":"https:\/\/vosgesinfo.fr\/app\/uploads\/sites\/4\/2024\/03\/partenariat-ville-sddv-ecole-roville-aux-chenes-5-scaled.jpg","width":2560,"height":1928},{"@type":"BreadcrumbList","@id":"https:\/\/vosgesinfo.fr\/saintdieinfo\/2024\/03\/des-apprentis-de-roville-aux-chenes-entretiennent-le-jardin-simone-veil\/#breadcrumb","itemListElement":[{"@type":"ListItem","position":1,"name":"Home","item":"https:\/\/vosgesinfo.fr\/saintdieinfo\/"},{"@type":"ListItem","position":2,"name":"Des apprentis de Roville-aux-Ch\u00eanes entretiennent le Jardin Simone-Veil"}]},{"@type":"WebSite","@id":"https:\/\/vosgesinfo.fr\/saintdieinfo\/#website","url":"https:\/\/vosgesinfo.fr\/saintdieinfo\/","name":"Saint Die Info","description":"Toute l&#039;actualit\u00e9 de Saint-Di\u00e9-Des-Vosges","publisher":{"@id":"https:\/\/vosgesinfo.fr\/saintdieinfo\/#organization"},"alternateName":"Toute l'actualit\u00e9 de Saint-Di\u00e9-Des-Vosges","potentialAction":[{"@type":"SearchAction","target":{"@type":"EntryPoint","urlTemplate":"https:\/\/vosgesinfo.fr\/saintdieinfo\/?s={search_term_string}"},"query-input":"required name=search_term_string"}],"inLanguage":"fr-FR"},{"@type":"Organization","@id":"https:\/\/vosgesinfo.fr\/saintdieinfo\/#organization","name":"Saint Die Info","url":"https:\/\/vosgesinfo.fr\/saintdieinfo\/","logo":{"@type":"ImageObject","inLanguage":"fr-FR","@id":"https:\/\/vosgesinfo.fr\/saintdieinfo\/#\/schema\/logo\/image\/","url":"https:\/\/vosgesinfo.fr\/app\/uploads\/sites\/4\/2024\/02\/logo-sdi.jpg","contentUrl":"https:\/\/vosgesinfo.fr\/app\/uploads\/sites\/4\/2024\/02\/logo-sdi.jpg","width":600,"height":600,"caption":"Saint Die Info"},"image":{"@id":"https:\/\/vosgesinfo.fr\/saintdieinfo\/#\/schema\/logo\/image\/"},"sameAs":["https:\/\/www.facebook.com\/Saintdieinfofr","https:\/\/x.com\/VosgesInfo88","https:\/\/www.youtube.com\/@vosgesinfo"]},{"@type":"Person","@id":"https:\/\/vosgesinfo.fr\/saintdieinfo\/#\/schema\/person\/fa73e9f726d67bb88f46d5b7943cb572","name":"J.J.","image":{"@type":"ImageObject","inLanguage":"fr-FR","@id":"https:\/\/vosgesinfo.fr\/saintdieinfo\/#\/schema\/person\/image\/","url":"https:\/\/secure.gravatar.com\/avatar\/219e749e47ffbcca018a360ae4add7d4cdf1cdaaf8bc7676b27efade3fe65615?s=96&d=mm&r=g","contentUrl":"https:\/\/secure.gravatar.com\/avatar\/219e749e47ffbcca018a360ae4add7d4cdf1cdaaf8bc7676b27efade3fe65615?s=96&d=mm&r=g","caption":"J.J."},"url":"https:\/\/vosgesinfo.fr\/saintdieinfo\/author\/j-j\/"}]}},"_links":{"self":[{"href":"https:\/\/vosgesinfo.fr\/saintdieinfo\/wp-json\/wp\/v2\/posts\/31145","targetHints":{"allow":["GET"]}}],"collection":[{"href":"https:\/\/vosgesinfo.fr\/saintdieinfo\/wp-json\/wp\/v2\/posts"}],"about":[{"href":"https:\/\/vosgesinfo.fr\/saintdieinfo\/wp-json\/wp\/v2\/types\/post"}],"author":[{"embeddable":true,"href":"https:\/\/vosgesinfo.fr\/saintdieinfo\/wp-json\/wp\/v2\/users\/46"}],"replies":[{"embeddable":true,"href":"https:\/\/vosgesinfo.fr\/saintdieinfo\/wp-json\/wp\/v2\/comments?post=31145"}],"version-history":[{"count":2,"href":"https:\/\/vosgesinfo.fr\/saintdieinfo\/wp-json\/wp\/v2\/posts\/31145\/revisions"}],"predecessor-version":[{"id":31155,"href":"https:\/\/vosgesinfo.fr\/saintdieinfo\/wp-json\/wp\/v2\/posts\/31145\/revisions\/31155"}],"wp:featuredmedia":[{"embeddable":true,"href":"https:\/\/vosgesinfo.fr\/saintdieinfo\/wp-json\/wp\/v2\/media\/31150"}],"wp:attachment":[{"href":"https:\/\/vosgesinfo.fr\/saintdieinfo\/wp-json\/wp\/v2\/media?parent=31145"}],"wp:term":[{"taxonomy":"category","embeddable":true,"href":"https:\/\/vosgesinfo.fr\/saintdieinfo\/wp-json\/wp\/v2\/categories?post=31145"},{"taxonomy":"post_tag","embeddable":true,"href":"https:\/\/vosgesinfo.fr\/saintdieinfo\/wp-json\/wp\/v2\/tags?post=31145"}],"curies":[{"name":"wp","href":"https:\/\/api.w.org\/{rel}","templated":true}]}}