{"id":31158,"date":"2024-03-06T11:56:40","date_gmt":"2024-03-06T10:56:40","guid":{"rendered":"https:\/\/vosgesinfo.fr\/saintdieinfo\/?p=31158"},"modified":"2024-03-06T11:56:40","modified_gmt":"2024-03-06T10:56:40","slug":"senones-un-homme-condamne-a-12-mois-de-prison-pour-des-violences-au-centre-la-louviere","status":"publish","type":"post","link":"https:\/\/vosgesinfo.fr\/saintdieinfo\/2024\/03\/senones-un-homme-condamne-a-12-mois-de-prison-pour-des-violences-au-centre-la-louviere\/","title":{"rendered":"Senones \u2013 Un homme condamn\u00e9 \u00e0 12 mois de prison pour des violences au centre La Louvi\u00e8re"},"content":{"rendered":"<div id=\"attachment_22747\" style=\"width: 810px\" class=\"wp-caption alignnone\"><img decoding=\"async\" aria-describedby=\"caption-attachment-22747\" class=\"wp-image-22747 size-full\" src=\"https:\/\/vosgesinfo.fr\/app\/uploads\/sites\/4\/2023\/04\/tribunal-epinal-2-1024x681-1.jpg\" alt=\"\" width=\"800\" height=\"532\" srcset=\"https:\/\/vosgesinfo.fr\/app\/uploads\/sites\/4\/2023\/04\/tribunal-epinal-2-1024x681-1.jpg 800w, https:\/\/vosgesinfo.fr\/app\/uploads\/sites\/4\/2023\/04\/tribunal-epinal-2-1024x681-1-300x200.jpg 300w, https:\/\/vosgesinfo.fr\/app\/uploads\/sites\/4\/2023\/04\/tribunal-epinal-2-1024x681-1-768x511.jpg 768w\" sizes=\"(max-width: 800px) 100vw, 800px\" \/><p id=\"caption-attachment-22747\" class=\"wp-caption-text\">(Illustration)<\/p><\/div>\n<h2>Un homme a \u00e9t\u00e9 condamn\u00e9 par le tribunal d&rsquo;Epinal \u00e0 12 mois de prison. Le quinquag\u00e9naire, qui \u00e9tait en cure pour des probl\u00e8mes d&rsquo;alcool au centre La Louvi\u00e8re de Senones, avait agress\u00e9 le personnel soignant de l&rsquo;\u00e9tablissement, ainsi qu&rsquo;un patient et des gendarmes. Le pr\u00e9venu, incontr\u00f4lable au moment des faits, avait \u00e9galement prof\u00e9r\u00e9 des menaces de mort en plus de sa violence physique.<\/h2>\n","protected":false},"excerpt":{"rendered":"<p>Un homme a \u00e9t\u00e9 condamn\u00e9 par le tribunal d&rsquo;Epinal \u00e0 12 mois de prison. Le quinquag\u00e9naire, qui \u00e9tait en cure [&hellip;]<\/p>\n","protected":false},"author":46,"featured_media":22747,"comment_status":"open","ping_status":"open","sticky":false,"template":"","format":"standard","meta":{"footnotes":""},"categories":[460,3903,25],"tags":[5488,2998,490,5489],"class_list":["post-31158","post","type-post","status-publish","format-standard","has-post-thumbnail","hentry","category-a-la-une","category-deodatie","category-justice","tag-la-louviere","tag-senones","tag-tribunal-depinal","tag-violences-a-la-louviere"],"acf":[],"yoast_head":"<!-- This site is optimized with the Yoast SEO plugin v22.5 - https:\/\/yoast.com\/wordpress\/plugins\/seo\/ -->\n<title>Senones \u2013 Un homme condamn\u00e9 \u00e0 12 mois de prison pour des violences au centre La Louvi\u00e8re - Saint Die Info<\/title>\n<meta name=\"robots\" content=\"index, follow, max-snippet:-1, max-image-preview:large, max-video-preview:-1\" \/>\n<link rel=\"canonical\" href=\"https:\/\/vosgesinfo.fr\/saintdieinfo\/2024\/03\/senones-un-homme-condamne-a-12-mois-de-prison-pour-des-violences-au-centre-la-louviere\/\" \/>\n<meta name=\"twitter:card\" content=\"summary_large_image\" \/>\n<meta name=\"twitter:title\" content=\"Senones \u2013 Un homme condamn\u00e9 \u00e0 12 mois de prison pour des violences au centre La Louvi\u00e8re - Saint Die Info\" \/>\n<meta name=\"twitter:description\" content=\"Un homme a \u00e9t\u00e9 condamn\u00e9 par le tribunal d&rsquo;Epinal \u00e0 12 mois de prison. Le quinquag\u00e9naire, qui \u00e9tait en cure [&hellip;]\" \/>\n<meta name=\"twitter:image\" content=\"https:\/\/vosgesinfo.fr\/app\/uploads\/sites\/4\/2023\/04\/tribunal-epinal-2-1024x681-1.jpg\" \/>\n<meta name=\"twitter:creator\" content=\"@VosgesInfo88\" \/>\n<meta name=\"twitter:site\" content=\"@VosgesInfo88\" \/>\n<meta name=\"twitter:label1\" content=\"\u00c9crit par\" \/>\n\t<meta name=\"twitter:data1\" content=\"J.J.\" \/>\n<script type=\"application\/ld+json\" class=\"yoast-schema-graph\">{\"@context\":\"https:\/\/schema.org\",\"@graph\":[{\"@type\":\"Article\",\"@id\":\"https:\/\/vosgesinfo.fr\/saintdieinfo\/2024\/03\/senones-un-homme-condamne-a-12-mois-de-prison-pour-des-violences-au-centre-la-louviere\/#article\",\"isPartOf\":{\"@id\":\"https:\/\/vosgesinfo.fr\/saintdieinfo\/2024\/03\/senones-un-homme-condamne-a-12-mois-de-prison-pour-des-violences-au-centre-la-louviere\/\"},\"author\":{\"name\":\"J.J.\",\"@id\":\"https:\/\/vosgesinfo.fr\/saintdieinfo\/#\/schema\/person\/fa73e9f726d67bb88f46d5b7943cb572\"},\"headline\":\"Senones \u2013 Un homme condamn\u00e9 \u00e0 12 mois de prison pour des violences au centre La Louvi\u00e8re\",\"datePublished\":\"2024-03-06T10:56:40+00:00\",\"dateModified\":\"2024-03-06T10:56:40+00:00\",\"mainEntityOfPage\":{\"@id\":\"https:\/\/vosgesinfo.fr\/saintdieinfo\/2024\/03\/senones-un-homme-condamne-a-12-mois-de-prison-pour-des-violences-au-centre-la-louviere\/\"},\"wordCount\":94,\"commentCount\":0,\"publisher\":{\"@id\":\"https:\/\/vosgesinfo.fr\/saintdieinfo\/#organization\"},\"image\":{\"@id\":\"https:\/\/vosgesinfo.fr\/saintdieinfo\/2024\/03\/senones-un-homme-condamne-a-12-mois-de-prison-pour-des-violences-au-centre-la-louviere\/#primaryimage\"},\"thumbnailUrl\":\"https:\/\/vosgesinfo.fr\/app\/uploads\/sites\/4\/2023\/04\/tribunal-epinal-2-1024x681-1.jpg\",\"keywords\":[\"La Louvi\u00e8re\",\"Senones\",\"tribunal d'Epinal\",\"Violences \u00e0 la Louvi\u00e8re\"],\"articleSection\":[\"A la Une\",\"D\u00e9odatie\",\"Justice\"],\"inLanguage\":\"fr-FR\",\"potentialAction\":[{\"@type\":\"CommentAction\",\"name\":\"Comment\",\"target\":[\"https:\/\/vosgesinfo.fr\/saintdieinfo\/2024\/03\/senones-un-homme-condamne-a-12-mois-de-prison-pour-des-violences-au-centre-la-louviere\/#respond\"]}]},{\"@type\":\"WebPage\",\"@id\":\"https:\/\/vosgesinfo.fr\/saintdieinfo\/2024\/03\/senones-un-homme-condamne-a-12-mois-de-prison-pour-des-violences-au-centre-la-louviere\/\",\"url\":\"https:\/\/vosgesinfo.fr\/saintdieinfo\/2024\/03\/senones-un-homme-condamne-a-12-mois-de-prison-pour-des-violences-au-centre-la-louviere\/\",\"name\":\"Senones \u2013 Un homme condamn\u00e9 \u00e0 12 mois de prison pour des violences au centre La Louvi\u00e8re - Saint Die Info\",\"isPartOf\":{\"@id\":\"https:\/\/vosgesinfo.fr\/saintdieinfo\/#website\"},\"primaryImageOfPage\":{\"@id\":\"https:\/\/vosgesinfo.fr\/saintdieinfo\/2024\/03\/senones-un-homme-condamne-a-12-mois-de-prison-pour-des-violences-au-centre-la-louviere\/#primaryimage\"},\"image\":{\"@id\":\"https:\/\/vosgesinfo.fr\/saintdieinfo\/2024\/03\/senones-un-homme-condamne-a-12-mois-de-prison-pour-des-violences-au-centre-la-louviere\/#primaryimage\"},\"thumbnailUrl\":\"https:\/\/vosgesinfo.fr\/app\/uploads\/sites\/4\/2023\/04\/tribunal-epinal-2-1024x681-1.jpg\",\"datePublished\":\"2024-03-06T10:56:40+00:00\",\"dateModified\":\"2024-03-06T10:56:40+00:00\",\"breadcrumb\":{\"@id\":\"https:\/\/vosgesinfo.fr\/saintdieinfo\/2024\/03\/senones-un-homme-condamne-a-12-mois-de-prison-pour-des-violences-au-centre-la-louviere\/#breadcrumb\"},\"inLanguage\":\"fr-FR\",\"potentialAction\":[{\"@type\":\"ReadAction\",\"target\":[\"https:\/\/vosgesinfo.fr\/saintdieinfo\/2024\/03\/senones-un-homme-condamne-a-12-mois-de-prison-pour-des-violences-au-centre-la-louviere\/\"]}]},{\"@type\":\"ImageObject\",\"inLanguage\":\"fr-FR\",\"@id\":\"https:\/\/vosgesinfo.fr\/saintdieinfo\/2024\/03\/senones-un-homme-condamne-a-12-mois-de-prison-pour-des-violences-au-centre-la-louviere\/#primaryimage\",\"url\":\"https:\/\/vosgesinfo.fr\/app\/uploads\/sites\/4\/2023\/04\/tribunal-epinal-2-1024x681-1.jpg\",\"contentUrl\":\"https:\/\/vosgesinfo.fr\/app\/uploads\/sites\/4\/2023\/04\/tribunal-epinal-2-1024x681-1.jpg\",\"width\":800,\"height\":532},{\"@type\":\"BreadcrumbList\",\"@id\":\"https:\/\/vosgesinfo.fr\/saintdieinfo\/2024\/03\/senones-un-homme-condamne-a-12-mois-de-prison-pour-des-violences-au-centre-la-louviere\/#breadcrumb\",\"itemListElement\":[{\"@type\":\"ListItem\",\"position\":1,\"name\":\"Home\",\"item\":\"https:\/\/vosgesinfo.fr\/saintdieinfo\/\"},{\"@type\":\"ListItem\",\"position\":2,\"name\":\"Senones \u2013 Un homme condamn\u00e9 \u00e0 12 mois de prison pour des violences au centre La Louvi\u00e8re\"}]},{\"@type\":\"WebSite\",\"@id\":\"https:\/\/vosgesinfo.fr\/saintdieinfo\/#website\",\"url\":\"https:\/\/vosgesinfo.fr\/saintdieinfo\/\",\"name\":\"Saint Die Info\",\"description\":\"Toute l&#039;actualit\u00e9 de Saint-Di\u00e9-Des-Vosges\",\"publisher\":{\"@id\":\"https:\/\/vosgesinfo.fr\/saintdieinfo\/#organization\"},\"alternateName\":\"Toute l'actualit\u00e9 de Saint-Di\u00e9-Des-Vosges\",\"potentialAction\":[{\"@type\":\"SearchAction\",\"target\":{\"@type\":\"EntryPoint\",\"urlTemplate\":\"https:\/\/vosgesinfo.fr\/saintdieinfo\/?s={search_term_string}\"},\"query-input\":\"required name=search_term_string\"}],\"inLanguage\":\"fr-FR\"},{\"@type\":\"Organization\",\"@id\":\"https:\/\/vosgesinfo.fr\/saintdieinfo\/#organization\",\"name\":\"Saint Die Info\",\"url\":\"https:\/\/vosgesinfo.fr\/saintdieinfo\/\",\"logo\":{\"@type\":\"ImageObject\",\"inLanguage\":\"fr-FR\",\"@id\":\"https:\/\/vosgesinfo.fr\/saintdieinfo\/#\/schema\/logo\/image\/\",\"url\":\"https:\/\/vosgesinfo.fr\/app\/uploads\/sites\/4\/2024\/02\/logo-sdi.jpg\",\"contentUrl\":\"https:\/\/vosgesinfo.fr\/app\/uploads\/sites\/4\/2024\/02\/logo-sdi.jpg\",\"width\":600,\"height\":600,\"caption\":\"Saint Die Info\"},\"image\":{\"@id\":\"https:\/\/vosgesinfo.fr\/saintdieinfo\/#\/schema\/logo\/image\/\"},\"sameAs\":[\"https:\/\/www.facebook.com\/Saintdieinfofr\",\"https:\/\/x.com\/VosgesInfo88\",\"https:\/\/www.youtube.com\/@vosgesinfo\"]},{\"@type\":\"Person\",\"@id\":\"https:\/\/vosgesinfo.fr\/saintdieinfo\/#\/schema\/person\/fa73e9f726d67bb88f46d5b7943cb572\",\"name\":\"J.J.\",\"image\":{\"@type\":\"ImageObject\",\"inLanguage\":\"fr-FR\",\"@id\":\"https:\/\/vosgesinfo.fr\/saintdieinfo\/#\/schema\/person\/image\/\",\"url\":\"https:\/\/secure.gravatar.com\/avatar\/219e749e47ffbcca018a360ae4add7d4cdf1cdaaf8bc7676b27efade3fe65615?s=96&d=mm&r=g\",\"contentUrl\":\"https:\/\/secure.gravatar.com\/avatar\/219e749e47ffbcca018a360ae4add7d4cdf1cdaaf8bc7676b27efade3fe65615?s=96&d=mm&r=g\",\"caption\":\"J.J.\"},\"url\":\"https:\/\/vosgesinfo.fr\/saintdieinfo\/author\/j-j\/\"}]}<\/script>\n<!-- \/ Yoast SEO plugin. -->","yoast_head_json":{"title":"Senones \u2013 Un homme condamn\u00e9 \u00e0 12 mois de prison pour des violences au centre La Louvi\u00e8re - Saint Die Info","robots":{"index":"index","follow":"follow","max-snippet":"max-snippet:-1","max-image-preview":"max-image-preview:large","max-video-preview":"max-video-preview:-1"},"canonical":"https:\/\/vosgesinfo.fr\/saintdieinfo\/2024\/03\/senones-un-homme-condamne-a-12-mois-de-prison-pour-des-violences-au-centre-la-louviere\/","twitter_card":"summary_large_image","twitter_title":"Senones \u2013 Un homme condamn\u00e9 \u00e0 12 mois de prison pour des violences au centre La Louvi\u00e8re - Saint Die Info","twitter_description":"Un homme a \u00e9t\u00e9 condamn\u00e9 par le tribunal d&rsquo;Epinal \u00e0 12 mois de prison. Le quinquag\u00e9naire, qui \u00e9tait en cure [&hellip;]","twitter_image":"https:\/\/vosgesinfo.fr\/app\/uploads\/sites\/4\/2023\/04\/tribunal-epinal-2-1024x681-1.jpg","twitter_creator":"@VosgesInfo88","twitter_site":"@VosgesInfo88","twitter_misc":{"\u00c9crit par":"J.J."},"schema":{"@context":"https:\/\/schema.org","@graph":[{"@type":"Article","@id":"https:\/\/vosgesinfo.fr\/saintdieinfo\/2024\/03\/senones-un-homme-condamne-a-12-mois-de-prison-pour-des-violences-au-centre-la-louviere\/#article","isPartOf":{"@id":"https:\/\/vosgesinfo.fr\/saintdieinfo\/2024\/03\/senones-un-homme-condamne-a-12-mois-de-prison-pour-des-violences-au-centre-la-louviere\/"},"author":{"name":"J.J.","@id":"https:\/\/vosgesinfo.fr\/saintdieinfo\/#\/schema\/person\/fa73e9f726d67bb88f46d5b7943cb572"},"headline":"Senones \u2013 Un homme condamn\u00e9 \u00e0 12 mois de prison pour des violences au centre La Louvi\u00e8re","datePublished":"2024-03-06T10:56:40+00:00","dateModified":"2024-03-06T10:56:40+00:00","mainEntityOfPage":{"@id":"https:\/\/vosgesinfo.fr\/saintdieinfo\/2024\/03\/senones-un-homme-condamne-a-12-mois-de-prison-pour-des-violences-au-centre-la-louviere\/"},"wordCount":94,"commentCount":0,"publisher":{"@id":"https:\/\/vosgesinfo.fr\/saintdieinfo\/#organization"},"image":{"@id":"https:\/\/vosgesinfo.fr\/saintdieinfo\/2024\/03\/senones-un-homme-condamne-a-12-mois-de-prison-pour-des-violences-au-centre-la-louviere\/#primaryimage"},"thumbnailUrl":"https:\/\/vosgesinfo.fr\/app\/uploads\/sites\/4\/2023\/04\/tribunal-epinal-2-1024x681-1.jpg","keywords":["La Louvi\u00e8re","Senones","tribunal d'Epinal","Violences \u00e0 la Louvi\u00e8re"],"articleSection":["A la Une","D\u00e9odatie","Justice"],"inLanguage":"fr-FR","potentialAction":[{"@type":"CommentAction","name":"Comment","target":["https:\/\/vosgesinfo.fr\/saintdieinfo\/2024\/03\/senones-un-homme-condamne-a-12-mois-de-prison-pour-des-violences-au-centre-la-louviere\/#respond"]}]},{"@type":"WebPage","@id":"https:\/\/vosgesinfo.fr\/saintdieinfo\/2024\/03\/senones-un-homme-condamne-a-12-mois-de-prison-pour-des-violences-au-centre-la-louviere\/","url":"https:\/\/vosgesinfo.fr\/saintdieinfo\/2024\/03\/senones-un-homme-condamne-a-12-mois-de-prison-pour-des-violences-au-centre-la-louviere\/","name":"Senones \u2013 Un homme condamn\u00e9 \u00e0 12 mois de prison pour des violences au centre La Louvi\u00e8re - Saint Die Info","isPartOf":{"@id":"https:\/\/vosgesinfo.fr\/saintdieinfo\/#website"},"primaryImageOfPage":{"@id":"https:\/\/vosgesinfo.fr\/saintdieinfo\/2024\/03\/senones-un-homme-condamne-a-12-mois-de-prison-pour-des-violences-au-centre-la-louviere\/#primaryimage"},"image":{"@id":"https:\/\/vosgesinfo.fr\/saintdieinfo\/2024\/03\/senones-un-homme-condamne-a-12-mois-de-prison-pour-des-violences-au-centre-la-louviere\/#primaryimage"},"thumbnailUrl":"https:\/\/vosgesinfo.fr\/app\/uploads\/sites\/4\/2023\/04\/tribunal-epinal-2-1024x681-1.jpg","datePublished":"2024-03-06T10:56:40+00:00","dateModified":"2024-03-06T10:56:40+00:00","breadcrumb":{"@id":"https:\/\/vosgesinfo.fr\/saintdieinfo\/2024\/03\/senones-un-homme-condamne-a-12-mois-de-prison-pour-des-violences-au-centre-la-louviere\/#breadcrumb"},"inLanguage":"fr-FR","potentialAction":[{"@type":"ReadAction","target":["https:\/\/vosgesinfo.fr\/saintdieinfo\/2024\/03\/senones-un-homme-condamne-a-12-mois-de-prison-pour-des-violences-au-centre-la-louviere\/"]}]},{"@type":"ImageObject","inLanguage":"fr-FR","@id":"https:\/\/vosgesinfo.fr\/saintdieinfo\/2024\/03\/senones-un-homme-condamne-a-12-mois-de-prison-pour-des-violences-au-centre-la-louviere\/#primaryimage","url":"https:\/\/vosgesinfo.fr\/app\/uploads\/sites\/4\/2023\/04\/tribunal-epinal-2-1024x681-1.jpg","contentUrl":"https:\/\/vosgesinfo.fr\/app\/uploads\/sites\/4\/2023\/04\/tribunal-epinal-2-1024x681-1.jpg","width":800,"height":532},{"@type":"BreadcrumbList","@id":"https:\/\/vosgesinfo.fr\/saintdieinfo\/2024\/03\/senones-un-homme-condamne-a-12-mois-de-prison-pour-des-violences-au-centre-la-louviere\/#breadcrumb","itemListElement":[{"@type":"ListItem","position":1,"name":"Home","item":"https:\/\/vosgesinfo.fr\/saintdieinfo\/"},{"@type":"ListItem","position":2,"name":"Senones \u2013 Un homme condamn\u00e9 \u00e0 12 mois de prison pour des violences au centre La Louvi\u00e8re"}]},{"@type":"WebSite","@id":"https:\/\/vosgesinfo.fr\/saintdieinfo\/#website","url":"https:\/\/vosgesinfo.fr\/saintdieinfo\/","name":"Saint Die Info","description":"Toute l&#039;actualit\u00e9 de Saint-Di\u00e9-Des-Vosges","publisher":{"@id":"https:\/\/vosgesinfo.fr\/saintdieinfo\/#organization"},"alternateName":"Toute l'actualit\u00e9 de Saint-Di\u00e9-Des-Vosges","potentialAction":[{"@type":"SearchAction","target":{"@type":"EntryPoint","urlTemplate":"https:\/\/vosgesinfo.fr\/saintdieinfo\/?s={search_term_string}"},"query-input":"required name=search_term_string"}],"inLanguage":"fr-FR"},{"@type":"Organization","@id":"https:\/\/vosgesinfo.fr\/saintdieinfo\/#organization","name":"Saint Die Info","url":"https:\/\/vosgesinfo.fr\/saintdieinfo\/","logo":{"@type":"ImageObject","inLanguage":"fr-FR","@id":"https:\/\/vosgesinfo.fr\/saintdieinfo\/#\/schema\/logo\/image\/","url":"https:\/\/vosgesinfo.fr\/app\/uploads\/sites\/4\/2024\/02\/logo-sdi.jpg","contentUrl":"https:\/\/vosgesinfo.fr\/app\/uploads\/sites\/4\/2024\/02\/logo-sdi.jpg","width":600,"height":600,"caption":"Saint Die Info"},"image":{"@id":"https:\/\/vosgesinfo.fr\/saintdieinfo\/#\/schema\/logo\/image\/"},"sameAs":["https:\/\/www.facebook.com\/Saintdieinfofr","https:\/\/x.com\/VosgesInfo88","https:\/\/www.youtube.com\/@vosgesinfo"]},{"@type":"Person","@id":"https:\/\/vosgesinfo.fr\/saintdieinfo\/#\/schema\/person\/fa73e9f726d67bb88f46d5b7943cb572","name":"J.J.","image":{"@type":"ImageObject","inLanguage":"fr-FR","@id":"https:\/\/vosgesinfo.fr\/saintdieinfo\/#\/schema\/person\/image\/","url":"https:\/\/secure.gravatar.com\/avatar\/219e749e47ffbcca018a360ae4add7d4cdf1cdaaf8bc7676b27efade3fe65615?s=96&d=mm&r=g","contentUrl":"https:\/\/secure.gravatar.com\/avatar\/219e749e47ffbcca018a360ae4add7d4cdf1cdaaf8bc7676b27efade3fe65615?s=96&d=mm&r=g","caption":"J.J."},"url":"https:\/\/vosgesinfo.fr\/saintdieinfo\/author\/j-j\/"}]}},"_links":{"self":[{"href":"https:\/\/vosgesinfo.fr\/saintdieinfo\/wp-json\/wp\/v2\/posts\/31158","targetHints":{"allow":["GET"]}}],"collection":[{"href":"https:\/\/vosgesinfo.fr\/saintdieinfo\/wp-json\/wp\/v2\/posts"}],"about":[{"href":"https:\/\/vosgesinfo.fr\/saintdieinfo\/wp-json\/wp\/v2\/types\/post"}],"author":[{"embeddable":true,"href":"https:\/\/vosgesinfo.fr\/saintdieinfo\/wp-json\/wp\/v2\/users\/46"}],"replies":[{"embeddable":true,"href":"https:\/\/vosgesinfo.fr\/saintdieinfo\/wp-json\/wp\/v2\/comments?post=31158"}],"version-history":[{"count":1,"href":"https:\/\/vosgesinfo.fr\/saintdieinfo\/wp-json\/wp\/v2\/posts\/31158\/revisions"}],"predecessor-version":[{"id":31159,"href":"https:\/\/vosgesinfo.fr\/saintdieinfo\/wp-json\/wp\/v2\/posts\/31158\/revisions\/31159"}],"wp:featuredmedia":[{"embeddable":true,"href":"https:\/\/vosgesinfo.fr\/saintdieinfo\/wp-json\/wp\/v2\/media\/22747"}],"wp:attachment":[{"href":"https:\/\/vosgesinfo.fr\/saintdieinfo\/wp-json\/wp\/v2\/media?parent=31158"}],"wp:term":[{"taxonomy":"category","embeddable":true,"href":"https:\/\/vosgesinfo.fr\/saintdieinfo\/wp-json\/wp\/v2\/categories?post=31158"},{"taxonomy":"post_tag","embeddable":true,"href":"https:\/\/vosgesinfo.fr\/saintdieinfo\/wp-json\/wp\/v2\/tags?post=31158"}],"curies":[{"name":"wp","href":"https:\/\/api.w.org\/{rel}","templated":true}]}}