{"id":31160,"date":"2024-03-06T18:09:37","date_gmt":"2024-03-06T17:09:37","guid":{"rendered":"https:\/\/vosgesinfo.fr\/saintdieinfo\/?p=31160"},"modified":"2024-03-07T10:12:07","modified_gmt":"2024-03-07T09:12:07","slug":"le-joaillier-orest-filiale-de-lvmh-inaugure-sa-manufacture-de-saint-die-des-vosges","status":"publish","type":"post","link":"https:\/\/vosgesinfo.fr\/saintdieinfo\/2024\/03\/le-joaillier-orest-filiale-de-lvmh-inaugure-sa-manufacture-de-saint-die-des-vosges\/","title":{"rendered":"Le joaillier Orest, filiale de LVMH, inaugure sa manufacture de Saint-Di\u00e9-des-Vosges"},"content":{"rendered":"<p><img decoding=\"async\" class=\"alignnone size-large wp-image-31169\" src=\"https:\/\/vosgesinfo.fr\/app\/uploads\/sites\/4\/2024\/03\/inauguration-manufacture-joaillerie-orest-9-1024x771.jpg\" alt=\"\" width=\"1024\" height=\"771\" srcset=\"https:\/\/vosgesinfo.fr\/app\/uploads\/sites\/4\/2024\/03\/inauguration-manufacture-joaillerie-orest-9-1024x771.jpg 1024w, https:\/\/vosgesinfo.fr\/app\/uploads\/sites\/4\/2024\/03\/inauguration-manufacture-joaillerie-orest-9-300x226.jpg 300w, https:\/\/vosgesinfo.fr\/app\/uploads\/sites\/4\/2024\/03\/inauguration-manufacture-joaillerie-orest-9-768x578.jpg 768w, https:\/\/vosgesinfo.fr\/app\/uploads\/sites\/4\/2024\/03\/inauguration-manufacture-joaillerie-orest-9-1536x1157.jpg 1536w, https:\/\/vosgesinfo.fr\/app\/uploads\/sites\/4\/2024\/03\/inauguration-manufacture-joaillerie-orest-9-2048x1542.jpg 2048w\" sizes=\"(max-width: 1024px) 100vw, 1024px\" \/><\/p>\n<h2>La manufacture de Saint-Di\u00e9-des-Vosges du joaillier Orest, d\u00e9sormais filiale du groupe LVMH, a \u00e9t\u00e9 inaugur\u00e9e ce mercredi apr\u00e8s-midi en pr\u00e9sence de Alexandre Arnault, fils de Bernard Arnault et vice-pr\u00e9sident de Tiffany &amp; Co.<\/h2>\n<p><!--more--><\/p>\n<p>C&rsquo;est en 2021 que l&rsquo;entreprise Orest s&rsquo;est implant\u00e9e \u00e0 Saint-Di\u00e9-des-Vosges, son atelier d&rsquo;Erstein n&rsquo;\u00e9tant alors plus \u00e0 m\u00eame de suivre la cadence des commandes. Dans des locaux provisoires dans un premier temps, puis dans la manufacture inaugur\u00e9e aujourd&rsquo;hui, que Orest a construit \u00e0 Herbaville sur un terrain achet\u00e9 \u00e0 la Ville. La manufacture d\u00e9odatienne, d&rsquo;une surface de 2500 m\u00b2, a n\u00e9cessit\u00e9 un investissement de \u00ab plusieurs millions d&rsquo;\u20ac \u00bb.<\/p>\n<p>Employant actuellement 200 personnes, avec une projection \u00e0 300 collaborateurs d&rsquo;ici d\u00e9cembre 2024, la manufacture est en activit\u00e9 depuis mai 2023, produisant aujourd&rsquo;hui des pi\u00e8ces de bijouterie-joaillerie pour 6 marques de luxe, dont Tiffany &amp; Co. La marque am\u00e9ricaine, propri\u00e9t\u00e9 de LVMH depuis janvier 2021 et dont Alexandre Arnault est le vice-pr\u00e9sident, a l&rsquo;objectif de se d\u00e9velopper \u00e0 l&rsquo;international. C&rsquo;est en cela que le groupe dirig\u00e9 par Bernard Arnault a d\u00e9cid\u00e9 d&rsquo;investir dans Platinium Invest, la holding contr\u00f4lant notamment Orest. D\u00e8s d\u00e9but 2025, 50% des pi\u00e8ces produites \u00e0 Saint-Di\u00e9-des-Vosges le seront pour Tiffany &amp; Co. \u00ab Le niveau de qualit\u00e9 et de savoir-faire atteint par les joailliers ici est in\u00e9galable. C&rsquo;est une grande fiert\u00e9 pour nous que encore aujourd&rsquo;hui en France, on peut \u00eatre les leaders pour ce type d&rsquo;industrie \u00bb a d\u00e9clar\u00e9 Alexandre Arnault, quelques minutes avant de couper le ruban inaugural.<\/p>\n<p>Avec une croissance de 23% en 2023, un chiffre d&rsquo;affaires de 130 millions d&rsquo;\u20ac la m\u00eame ann\u00e9e et un carnet de commandes 2024 d\u00e9j\u00e0 satur\u00e9, Orest envisage de se d\u00e9velopper davantage localement, avec un projet d&rsquo;agrandissement de la manufacture d\u00e9odatienne. Un projet \u00ab pas encore act\u00e9 \u00bb selon le PDG Denis De Becker, sachant que le terrain attenant \u00e0 la manufacture a d&rsquo;ores et d\u00e9j\u00e0 \u00e9t\u00e9 achet\u00e9. Ce qui est act\u00e9 en revanche, c&rsquo;est l&rsquo;installation d&rsquo;une fonderie sur place, qui sera op\u00e9rationnelle d\u00e8s cet \u00e9t\u00e9 et qui permettra de limiter les transports entre Erstein et Saint-Di\u00e9-des-Vosges.<\/p>\n<p>Consciente que la main d&rsquo;oeuvre est des plus pr\u00e9cieuses dans ce domaine d&rsquo;activit\u00e9, l&rsquo;entreprise Orest se charge de former de A \u00e0 Z les joailli\u00e8res et joailliers qui travaillent \u00e0 Saint-Di\u00e9-des-Vosges. Le pass\u00e9 industriel du territoire est par ailleurs l&rsquo;un des crit\u00e8res d\u00e9terminants de cette implantation \u00e0 Herbaville. Les autres crit\u00e8res \u00e9tant l&#8217;emplacement g\u00e9ographique, qui devait \u00eatre situ\u00e9 \u00e0 moins de 2h de Strasbourg et \u00e0 l&rsquo;ouest de la ligne bleue des Vosges, ainsi que le soutien des \u00e9lus locaux \u00e0 ce projet de manufacture.<\/p>\n<p>Le maire Bruno Toussaint a d&rsquo;ailleurs soulign\u00e9 cet apr\u00e8s-midi que si Saint-Di\u00e9-des-Vosges \u00e9tait d\u00e9j\u00e0 la capitale de la G\u00e9ographie, elle est \u00e9galement et d\u00e9sormais la capitale de la joaillerie. Pour rappel, une autre entreprise de joaillerie, Aurigane, est implant\u00e9e dans la cit\u00e9 d\u00e9odatienne depuis de nombreuses ann\u00e9es.<\/p>\n<p>J.J.<\/p>\n<p><img decoding=\"async\" class=\"alignnone size-large wp-image-31168\" src=\"https:\/\/vosgesinfo.fr\/app\/uploads\/sites\/4\/2024\/03\/inauguration-manufacture-joaillerie-orest-8-1024x771.jpg\" alt=\"\" width=\"1024\" height=\"771\" srcset=\"https:\/\/vosgesinfo.fr\/app\/uploads\/sites\/4\/2024\/03\/inauguration-manufacture-joaillerie-orest-8-1024x771.jpg 1024w, https:\/\/vosgesinfo.fr\/app\/uploads\/sites\/4\/2024\/03\/inauguration-manufacture-joaillerie-orest-8-300x226.jpg 300w, https:\/\/vosgesinfo.fr\/app\/uploads\/sites\/4\/2024\/03\/inauguration-manufacture-joaillerie-orest-8-768x578.jpg 768w, https:\/\/vosgesinfo.fr\/app\/uploads\/sites\/4\/2024\/03\/inauguration-manufacture-joaillerie-orest-8-1536x1157.jpg 1536w, https:\/\/vosgesinfo.fr\/app\/uploads\/sites\/4\/2024\/03\/inauguration-manufacture-joaillerie-orest-8-2048x1542.jpg 2048w\" sizes=\"(max-width: 1024px) 100vw, 1024px\" \/><\/p>\n<p><img decoding=\"async\" class=\"alignnone size-large wp-image-31162\" src=\"https:\/\/vosgesinfo.fr\/app\/uploads\/sites\/4\/2024\/03\/inauguration-manufacture-joaillerie-orest-2-1024x771.jpg\" alt=\"\" width=\"1024\" height=\"771\" srcset=\"https:\/\/vosgesinfo.fr\/app\/uploads\/sites\/4\/2024\/03\/inauguration-manufacture-joaillerie-orest-2-1024x771.jpg 1024w, https:\/\/vosgesinfo.fr\/app\/uploads\/sites\/4\/2024\/03\/inauguration-manufacture-joaillerie-orest-2-300x226.jpg 300w, https:\/\/vosgesinfo.fr\/app\/uploads\/sites\/4\/2024\/03\/inauguration-manufacture-joaillerie-orest-2-768x578.jpg 768w, https:\/\/vosgesinfo.fr\/app\/uploads\/sites\/4\/2024\/03\/inauguration-manufacture-joaillerie-orest-2-1536x1157.jpg 1536w, https:\/\/vosgesinfo.fr\/app\/uploads\/sites\/4\/2024\/03\/inauguration-manufacture-joaillerie-orest-2-2048x1542.jpg 2048w\" sizes=\"(max-width: 1024px) 100vw, 1024px\" \/><\/p>\n<p><img decoding=\"async\" class=\"alignnone size-large wp-image-31161\" src=\"https:\/\/vosgesinfo.fr\/app\/uploads\/sites\/4\/2024\/03\/inauguration-manufacture-joaillerie-orest-1-1024x771.jpg\" alt=\"\" width=\"1024\" height=\"771\" srcset=\"https:\/\/vosgesinfo.fr\/app\/uploads\/sites\/4\/2024\/03\/inauguration-manufacture-joaillerie-orest-1-1024x771.jpg 1024w, https:\/\/vosgesinfo.fr\/app\/uploads\/sites\/4\/2024\/03\/inauguration-manufacture-joaillerie-orest-1-300x226.jpg 300w, https:\/\/vosgesinfo.fr\/app\/uploads\/sites\/4\/2024\/03\/inauguration-manufacture-joaillerie-orest-1-768x578.jpg 768w, https:\/\/vosgesinfo.fr\/app\/uploads\/sites\/4\/2024\/03\/inauguration-manufacture-joaillerie-orest-1-1536x1157.jpg 1536w, https:\/\/vosgesinfo.fr\/app\/uploads\/sites\/4\/2024\/03\/inauguration-manufacture-joaillerie-orest-1-2048x1542.jpg 2048w\" sizes=\"(max-width: 1024px) 100vw, 1024px\" \/><\/p>\n<p><img decoding=\"async\" class=\"alignnone size-large wp-image-31164\" src=\"https:\/\/vosgesinfo.fr\/app\/uploads\/sites\/4\/2024\/03\/inauguration-manufacture-joaillerie-orest-4-1024x771.jpg\" alt=\"\" width=\"1024\" height=\"771\" srcset=\"https:\/\/vosgesinfo.fr\/app\/uploads\/sites\/4\/2024\/03\/inauguration-manufacture-joaillerie-orest-4-1024x771.jpg 1024w, https:\/\/vosgesinfo.fr\/app\/uploads\/sites\/4\/2024\/03\/inauguration-manufacture-joaillerie-orest-4-300x226.jpg 300w, https:\/\/vosgesinfo.fr\/app\/uploads\/sites\/4\/2024\/03\/inauguration-manufacture-joaillerie-orest-4-768x578.jpg 768w, https:\/\/vosgesinfo.fr\/app\/uploads\/sites\/4\/2024\/03\/inauguration-manufacture-joaillerie-orest-4-1536x1157.jpg 1536w, https:\/\/vosgesinfo.fr\/app\/uploads\/sites\/4\/2024\/03\/inauguration-manufacture-joaillerie-orest-4-2048x1542.jpg 2048w\" sizes=\"(max-width: 1024px) 100vw, 1024px\" \/><\/p>\n<p><img decoding=\"async\" class=\"alignnone size-large wp-image-31167\" src=\"https:\/\/vosgesinfo.fr\/app\/uploads\/sites\/4\/2024\/03\/inauguration-manufacture-joaillerie-orest-7-1024x771.jpg\" alt=\"\" width=\"1024\" height=\"771\" srcset=\"https:\/\/vosgesinfo.fr\/app\/uploads\/sites\/4\/2024\/03\/inauguration-manufacture-joaillerie-orest-7-1024x771.jpg 1024w, https:\/\/vosgesinfo.fr\/app\/uploads\/sites\/4\/2024\/03\/inauguration-manufacture-joaillerie-orest-7-300x226.jpg 300w, https:\/\/vosgesinfo.fr\/app\/uploads\/sites\/4\/2024\/03\/inauguration-manufacture-joaillerie-orest-7-768x578.jpg 768w, https:\/\/vosgesinfo.fr\/app\/uploads\/sites\/4\/2024\/03\/inauguration-manufacture-joaillerie-orest-7-1536x1157.jpg 1536w, https:\/\/vosgesinfo.fr\/app\/uploads\/sites\/4\/2024\/03\/inauguration-manufacture-joaillerie-orest-7-2048x1542.jpg 2048w\" sizes=\"(max-width: 1024px) 100vw, 1024px\" \/><\/p>\n<p><img decoding=\"async\" class=\"alignnone size-large wp-image-31171\" src=\"https:\/\/vosgesinfo.fr\/app\/uploads\/sites\/4\/2024\/03\/inauguration-manufacture-joaillerie-orest-11-1024x771.jpg\" alt=\"\" width=\"1024\" height=\"771\" srcset=\"https:\/\/vosgesinfo.fr\/app\/uploads\/sites\/4\/2024\/03\/inauguration-manufacture-joaillerie-orest-11-1024x771.jpg 1024w, https:\/\/vosgesinfo.fr\/app\/uploads\/sites\/4\/2024\/03\/inauguration-manufacture-joaillerie-orest-11-300x226.jpg 300w, https:\/\/vosgesinfo.fr\/app\/uploads\/sites\/4\/2024\/03\/inauguration-manufacture-joaillerie-orest-11-768x578.jpg 768w, https:\/\/vosgesinfo.fr\/app\/uploads\/sites\/4\/2024\/03\/inauguration-manufacture-joaillerie-orest-11-1536x1157.jpg 1536w, https:\/\/vosgesinfo.fr\/app\/uploads\/sites\/4\/2024\/03\/inauguration-manufacture-joaillerie-orest-11-2048x1542.jpg 2048w\" sizes=\"(max-width: 1024px) 100vw, 1024px\" \/><\/p>\n<p><img decoding=\"async\" class=\"alignnone size-large wp-image-31170\" src=\"https:\/\/vosgesinfo.fr\/app\/uploads\/sites\/4\/2024\/03\/inauguration-manufacture-joaillerie-orest-10-1024x771.jpg\" alt=\"\" width=\"1024\" height=\"771\" srcset=\"https:\/\/vosgesinfo.fr\/app\/uploads\/sites\/4\/2024\/03\/inauguration-manufacture-joaillerie-orest-10-1024x771.jpg 1024w, https:\/\/vosgesinfo.fr\/app\/uploads\/sites\/4\/2024\/03\/inauguration-manufacture-joaillerie-orest-10-300x226.jpg 300w, https:\/\/vosgesinfo.fr\/app\/uploads\/sites\/4\/2024\/03\/inauguration-manufacture-joaillerie-orest-10-768x578.jpg 768w, https:\/\/vosgesinfo.fr\/app\/uploads\/sites\/4\/2024\/03\/inauguration-manufacture-joaillerie-orest-10-1536x1157.jpg 1536w, https:\/\/vosgesinfo.fr\/app\/uploads\/sites\/4\/2024\/03\/inauguration-manufacture-joaillerie-orest-10-2048x1542.jpg 2048w\" sizes=\"(max-width: 1024px) 100vw, 1024px\" \/><\/p>\n","protected":false},"excerpt":{"rendered":"<p>La manufacture de Saint-Di\u00e9-des-Vosges du joaillier Orest, d\u00e9sormais filiale du groupe LVMH, a \u00e9t\u00e9 inaugur\u00e9e ce mercredi apr\u00e8s-midi en pr\u00e9sence [&hellip;]<\/p>\n","protected":false},"author":46,"featured_media":31169,"comment_status":"open","ping_status":"open","sticky":false,"template":"","format":"standard","meta":{"footnotes":""},"categories":[460,5,167,18],"tags":[5493,5494,5492,5491,5490,5495],"class_list":["post-31160","post","type-post","status-publish","format-standard","has-post-thumbnail","hentry","category-a-la-une","category-economie","category-saint-die-des-vosges","category-vosges","tag-alexandre-arnault","tag-groupe-lvmh","tag-lvmh","tag-manufacture-orest-de-saint-die-des-vosges","tag-orest","tag-tiffany-and-co"],"acf":[],"yoast_head":"<!-- This site is optimized with the Yoast SEO plugin v22.5 - https:\/\/yoast.com\/wordpress\/plugins\/seo\/ -->\n<title>Le joaillier Orest, filiale de LVMH, inaugure sa manufacture de Saint-Di\u00e9-des-Vosges - Saint Die Info<\/title>\n<meta name=\"robots\" content=\"index, follow, max-snippet:-1, max-image-preview:large, max-video-preview:-1\" \/>\n<link rel=\"canonical\" href=\"https:\/\/vosgesinfo.fr\/saintdieinfo\/2024\/03\/le-joaillier-orest-filiale-de-lvmh-inaugure-sa-manufacture-de-saint-die-des-vosges\/\" \/>\n<meta name=\"twitter:card\" content=\"summary_large_image\" \/>\n<meta name=\"twitter:title\" content=\"Le joaillier Orest, filiale de LVMH, inaugure sa manufacture de Saint-Di\u00e9-des-Vosges - Saint Die Info\" \/>\n<meta name=\"twitter:description\" content=\"La manufacture de Saint-Di\u00e9-des-Vosges du joaillier Orest, d\u00e9sormais filiale du groupe LVMH, a \u00e9t\u00e9 inaugur\u00e9e ce mercredi apr\u00e8s-midi en pr\u00e9sence [&hellip;]\" \/>\n<meta name=\"twitter:image\" content=\"https:\/\/vosgesinfo.fr\/app\/uploads\/sites\/4\/2024\/03\/inauguration-manufacture-joaillerie-orest-9-scaled.jpg\" \/>\n<meta name=\"twitter:creator\" content=\"@VosgesInfo88\" \/>\n<meta name=\"twitter:site\" content=\"@VosgesInfo88\" \/>\n<meta name=\"twitter:label1\" content=\"\u00c9crit par\" \/>\n\t<meta name=\"twitter:data1\" content=\"J.J.\" \/>\n\t<meta name=\"twitter:label2\" content=\"Dur\u00e9e de lecture estim\u00e9e\" \/>\n\t<meta name=\"twitter:data2\" content=\"2 minutes\" \/>\n<script type=\"application\/ld+json\" class=\"yoast-schema-graph\">{\"@context\":\"https:\/\/schema.org\",\"@graph\":[{\"@type\":\"Article\",\"@id\":\"https:\/\/vosgesinfo.fr\/saintdieinfo\/2024\/03\/le-joaillier-orest-filiale-de-lvmh-inaugure-sa-manufacture-de-saint-die-des-vosges\/#article\",\"isPartOf\":{\"@id\":\"https:\/\/vosgesinfo.fr\/saintdieinfo\/2024\/03\/le-joaillier-orest-filiale-de-lvmh-inaugure-sa-manufacture-de-saint-die-des-vosges\/\"},\"author\":{\"name\":\"J.J.\",\"@id\":\"https:\/\/vosgesinfo.fr\/saintdieinfo\/#\/schema\/person\/fa73e9f726d67bb88f46d5b7943cb572\"},\"headline\":\"Le joaillier Orest, filiale de LVMH, inaugure sa manufacture de Saint-Di\u00e9-des-Vosges\",\"datePublished\":\"2024-03-06T17:09:37+00:00\",\"dateModified\":\"2024-03-07T09:12:07+00:00\",\"mainEntityOfPage\":{\"@id\":\"https:\/\/vosgesinfo.fr\/saintdieinfo\/2024\/03\/le-joaillier-orest-filiale-de-lvmh-inaugure-sa-manufacture-de-saint-die-des-vosges\/\"},\"wordCount\":532,\"commentCount\":1,\"publisher\":{\"@id\":\"https:\/\/vosgesinfo.fr\/saintdieinfo\/#organization\"},\"image\":{\"@id\":\"https:\/\/vosgesinfo.fr\/saintdieinfo\/2024\/03\/le-joaillier-orest-filiale-de-lvmh-inaugure-sa-manufacture-de-saint-die-des-vosges\/#primaryimage\"},\"thumbnailUrl\":\"https:\/\/vosgesinfo.fr\/app\/uploads\/sites\/4\/2024\/03\/inauguration-manufacture-joaillerie-orest-9-scaled.jpg\",\"keywords\":[\"Alexandre Arnault\",\"Groupe LVMH\",\"LVMH\",\"Manufacture Orest de Saint-Di\u00e9-des-Vosges\",\"Orest\",\"Tiffany and Co.\"],\"articleSection\":[\"A la Une\",\"\u00c9conomie\",\"Saint-Di\u00e9-des-Vosges\",\"Vosges\"],\"inLanguage\":\"fr-FR\",\"potentialAction\":[{\"@type\":\"CommentAction\",\"name\":\"Comment\",\"target\":[\"https:\/\/vosgesinfo.fr\/saintdieinfo\/2024\/03\/le-joaillier-orest-filiale-de-lvmh-inaugure-sa-manufacture-de-saint-die-des-vosges\/#respond\"]}]},{\"@type\":\"WebPage\",\"@id\":\"https:\/\/vosgesinfo.fr\/saintdieinfo\/2024\/03\/le-joaillier-orest-filiale-de-lvmh-inaugure-sa-manufacture-de-saint-die-des-vosges\/\",\"url\":\"https:\/\/vosgesinfo.fr\/saintdieinfo\/2024\/03\/le-joaillier-orest-filiale-de-lvmh-inaugure-sa-manufacture-de-saint-die-des-vosges\/\",\"name\":\"Le joaillier Orest, filiale de LVMH, inaugure sa manufacture de Saint-Di\u00e9-des-Vosges - Saint Die Info\",\"isPartOf\":{\"@id\":\"https:\/\/vosgesinfo.fr\/saintdieinfo\/#website\"},\"primaryImageOfPage\":{\"@id\":\"https:\/\/vosgesinfo.fr\/saintdieinfo\/2024\/03\/le-joaillier-orest-filiale-de-lvmh-inaugure-sa-manufacture-de-saint-die-des-vosges\/#primaryimage\"},\"image\":{\"@id\":\"https:\/\/vosgesinfo.fr\/saintdieinfo\/2024\/03\/le-joaillier-orest-filiale-de-lvmh-inaugure-sa-manufacture-de-saint-die-des-vosges\/#primaryimage\"},\"thumbnailUrl\":\"https:\/\/vosgesinfo.fr\/app\/uploads\/sites\/4\/2024\/03\/inauguration-manufacture-joaillerie-orest-9-scaled.jpg\",\"datePublished\":\"2024-03-06T17:09:37+00:00\",\"dateModified\":\"2024-03-07T09:12:07+00:00\",\"breadcrumb\":{\"@id\":\"https:\/\/vosgesinfo.fr\/saintdieinfo\/2024\/03\/le-joaillier-orest-filiale-de-lvmh-inaugure-sa-manufacture-de-saint-die-des-vosges\/#breadcrumb\"},\"inLanguage\":\"fr-FR\",\"potentialAction\":[{\"@type\":\"ReadAction\",\"target\":[\"https:\/\/vosgesinfo.fr\/saintdieinfo\/2024\/03\/le-joaillier-orest-filiale-de-lvmh-inaugure-sa-manufacture-de-saint-die-des-vosges\/\"]}]},{\"@type\":\"ImageObject\",\"inLanguage\":\"fr-FR\",\"@id\":\"https:\/\/vosgesinfo.fr\/saintdieinfo\/2024\/03\/le-joaillier-orest-filiale-de-lvmh-inaugure-sa-manufacture-de-saint-die-des-vosges\/#primaryimage\",\"url\":\"https:\/\/vosgesinfo.fr\/app\/uploads\/sites\/4\/2024\/03\/inauguration-manufacture-joaillerie-orest-9-scaled.jpg\",\"contentUrl\":\"https:\/\/vosgesinfo.fr\/app\/uploads\/sites\/4\/2024\/03\/inauguration-manufacture-joaillerie-orest-9-scaled.jpg\",\"width\":2560,\"height\":1928},{\"@type\":\"BreadcrumbList\",\"@id\":\"https:\/\/vosgesinfo.fr\/saintdieinfo\/2024\/03\/le-joaillier-orest-filiale-de-lvmh-inaugure-sa-manufacture-de-saint-die-des-vosges\/#breadcrumb\",\"itemListElement\":[{\"@type\":\"ListItem\",\"position\":1,\"name\":\"Home\",\"item\":\"https:\/\/vosgesinfo.fr\/saintdieinfo\/\"},{\"@type\":\"ListItem\",\"position\":2,\"name\":\"Le joaillier Orest, filiale de LVMH, inaugure sa manufacture de Saint-Di\u00e9-des-Vosges\"}]},{\"@type\":\"WebSite\",\"@id\":\"https:\/\/vosgesinfo.fr\/saintdieinfo\/#website\",\"url\":\"https:\/\/vosgesinfo.fr\/saintdieinfo\/\",\"name\":\"Saint Die Info\",\"description\":\"Toute l&#039;actualit\u00e9 de Saint-Di\u00e9-Des-Vosges\",\"publisher\":{\"@id\":\"https:\/\/vosgesinfo.fr\/saintdieinfo\/#organization\"},\"alternateName\":\"Toute l'actualit\u00e9 de Saint-Di\u00e9-Des-Vosges\",\"potentialAction\":[{\"@type\":\"SearchAction\",\"target\":{\"@type\":\"EntryPoint\",\"urlTemplate\":\"https:\/\/vosgesinfo.fr\/saintdieinfo\/?s={search_term_string}\"},\"query-input\":\"required name=search_term_string\"}],\"inLanguage\":\"fr-FR\"},{\"@type\":\"Organization\",\"@id\":\"https:\/\/vosgesinfo.fr\/saintdieinfo\/#organization\",\"name\":\"Saint Die Info\",\"url\":\"https:\/\/vosgesinfo.fr\/saintdieinfo\/\",\"logo\":{\"@type\":\"ImageObject\",\"inLanguage\":\"fr-FR\",\"@id\":\"https:\/\/vosgesinfo.fr\/saintdieinfo\/#\/schema\/logo\/image\/\",\"url\":\"https:\/\/vosgesinfo.fr\/app\/uploads\/sites\/4\/2024\/02\/logo-sdi.jpg\",\"contentUrl\":\"https:\/\/vosgesinfo.fr\/app\/uploads\/sites\/4\/2024\/02\/logo-sdi.jpg\",\"width\":600,\"height\":600,\"caption\":\"Saint Die Info\"},\"image\":{\"@id\":\"https:\/\/vosgesinfo.fr\/saintdieinfo\/#\/schema\/logo\/image\/\"},\"sameAs\":[\"https:\/\/www.facebook.com\/Saintdieinfofr\",\"https:\/\/x.com\/VosgesInfo88\",\"https:\/\/www.youtube.com\/@vosgesinfo\"]},{\"@type\":\"Person\",\"@id\":\"https:\/\/vosgesinfo.fr\/saintdieinfo\/#\/schema\/person\/fa73e9f726d67bb88f46d5b7943cb572\",\"name\":\"J.J.\",\"image\":{\"@type\":\"ImageObject\",\"inLanguage\":\"fr-FR\",\"@id\":\"https:\/\/vosgesinfo.fr\/saintdieinfo\/#\/schema\/person\/image\/\",\"url\":\"https:\/\/secure.gravatar.com\/avatar\/219e749e47ffbcca018a360ae4add7d4cdf1cdaaf8bc7676b27efade3fe65615?s=96&d=mm&r=g\",\"contentUrl\":\"https:\/\/secure.gravatar.com\/avatar\/219e749e47ffbcca018a360ae4add7d4cdf1cdaaf8bc7676b27efade3fe65615?s=96&d=mm&r=g\",\"caption\":\"J.J.\"},\"url\":\"https:\/\/vosgesinfo.fr\/saintdieinfo\/author\/j-j\/\"}]}<\/script>\n<!-- \/ Yoast SEO plugin. -->","yoast_head_json":{"title":"Le joaillier Orest, filiale de LVMH, inaugure sa manufacture de Saint-Di\u00e9-des-Vosges - Saint Die Info","robots":{"index":"index","follow":"follow","max-snippet":"max-snippet:-1","max-image-preview":"max-image-preview:large","max-video-preview":"max-video-preview:-1"},"canonical":"https:\/\/vosgesinfo.fr\/saintdieinfo\/2024\/03\/le-joaillier-orest-filiale-de-lvmh-inaugure-sa-manufacture-de-saint-die-des-vosges\/","twitter_card":"summary_large_image","twitter_title":"Le joaillier Orest, filiale de LVMH, inaugure sa manufacture de Saint-Di\u00e9-des-Vosges - Saint Die Info","twitter_description":"La manufacture de Saint-Di\u00e9-des-Vosges du joaillier Orest, d\u00e9sormais filiale du groupe LVMH, a \u00e9t\u00e9 inaugur\u00e9e ce mercredi apr\u00e8s-midi en pr\u00e9sence [&hellip;]","twitter_image":"https:\/\/vosgesinfo.fr\/app\/uploads\/sites\/4\/2024\/03\/inauguration-manufacture-joaillerie-orest-9-scaled.jpg","twitter_creator":"@VosgesInfo88","twitter_site":"@VosgesInfo88","twitter_misc":{"\u00c9crit par":"J.J.","Dur\u00e9e de lecture estim\u00e9e":"2 minutes"},"schema":{"@context":"https:\/\/schema.org","@graph":[{"@type":"Article","@id":"https:\/\/vosgesinfo.fr\/saintdieinfo\/2024\/03\/le-joaillier-orest-filiale-de-lvmh-inaugure-sa-manufacture-de-saint-die-des-vosges\/#article","isPartOf":{"@id":"https:\/\/vosgesinfo.fr\/saintdieinfo\/2024\/03\/le-joaillier-orest-filiale-de-lvmh-inaugure-sa-manufacture-de-saint-die-des-vosges\/"},"author":{"name":"J.J.","@id":"https:\/\/vosgesinfo.fr\/saintdieinfo\/#\/schema\/person\/fa73e9f726d67bb88f46d5b7943cb572"},"headline":"Le joaillier Orest, filiale de LVMH, inaugure sa manufacture de Saint-Di\u00e9-des-Vosges","datePublished":"2024-03-06T17:09:37+00:00","dateModified":"2024-03-07T09:12:07+00:00","mainEntityOfPage":{"@id":"https:\/\/vosgesinfo.fr\/saintdieinfo\/2024\/03\/le-joaillier-orest-filiale-de-lvmh-inaugure-sa-manufacture-de-saint-die-des-vosges\/"},"wordCount":532,"commentCount":1,"publisher":{"@id":"https:\/\/vosgesinfo.fr\/saintdieinfo\/#organization"},"image":{"@id":"https:\/\/vosgesinfo.fr\/saintdieinfo\/2024\/03\/le-joaillier-orest-filiale-de-lvmh-inaugure-sa-manufacture-de-saint-die-des-vosges\/#primaryimage"},"thumbnailUrl":"https:\/\/vosgesinfo.fr\/app\/uploads\/sites\/4\/2024\/03\/inauguration-manufacture-joaillerie-orest-9-scaled.jpg","keywords":["Alexandre Arnault","Groupe LVMH","LVMH","Manufacture Orest de Saint-Di\u00e9-des-Vosges","Orest","Tiffany and Co."],"articleSection":["A la Une","\u00c9conomie","Saint-Di\u00e9-des-Vosges","Vosges"],"inLanguage":"fr-FR","potentialAction":[{"@type":"CommentAction","name":"Comment","target":["https:\/\/vosgesinfo.fr\/saintdieinfo\/2024\/03\/le-joaillier-orest-filiale-de-lvmh-inaugure-sa-manufacture-de-saint-die-des-vosges\/#respond"]}]},{"@type":"WebPage","@id":"https:\/\/vosgesinfo.fr\/saintdieinfo\/2024\/03\/le-joaillier-orest-filiale-de-lvmh-inaugure-sa-manufacture-de-saint-die-des-vosges\/","url":"https:\/\/vosgesinfo.fr\/saintdieinfo\/2024\/03\/le-joaillier-orest-filiale-de-lvmh-inaugure-sa-manufacture-de-saint-die-des-vosges\/","name":"Le joaillier Orest, filiale de LVMH, inaugure sa manufacture de Saint-Di\u00e9-des-Vosges - Saint Die Info","isPartOf":{"@id":"https:\/\/vosgesinfo.fr\/saintdieinfo\/#website"},"primaryImageOfPage":{"@id":"https:\/\/vosgesinfo.fr\/saintdieinfo\/2024\/03\/le-joaillier-orest-filiale-de-lvmh-inaugure-sa-manufacture-de-saint-die-des-vosges\/#primaryimage"},"image":{"@id":"https:\/\/vosgesinfo.fr\/saintdieinfo\/2024\/03\/le-joaillier-orest-filiale-de-lvmh-inaugure-sa-manufacture-de-saint-die-des-vosges\/#primaryimage"},"thumbnailUrl":"https:\/\/vosgesinfo.fr\/app\/uploads\/sites\/4\/2024\/03\/inauguration-manufacture-joaillerie-orest-9-scaled.jpg","datePublished":"2024-03-06T17:09:37+00:00","dateModified":"2024-03-07T09:12:07+00:00","breadcrumb":{"@id":"https:\/\/vosgesinfo.fr\/saintdieinfo\/2024\/03\/le-joaillier-orest-filiale-de-lvmh-inaugure-sa-manufacture-de-saint-die-des-vosges\/#breadcrumb"},"inLanguage":"fr-FR","potentialAction":[{"@type":"ReadAction","target":["https:\/\/vosgesinfo.fr\/saintdieinfo\/2024\/03\/le-joaillier-orest-filiale-de-lvmh-inaugure-sa-manufacture-de-saint-die-des-vosges\/"]}]},{"@type":"ImageObject","inLanguage":"fr-FR","@id":"https:\/\/vosgesinfo.fr\/saintdieinfo\/2024\/03\/le-joaillier-orest-filiale-de-lvmh-inaugure-sa-manufacture-de-saint-die-des-vosges\/#primaryimage","url":"https:\/\/vosgesinfo.fr\/app\/uploads\/sites\/4\/2024\/03\/inauguration-manufacture-joaillerie-orest-9-scaled.jpg","contentUrl":"https:\/\/vosgesinfo.fr\/app\/uploads\/sites\/4\/2024\/03\/inauguration-manufacture-joaillerie-orest-9-scaled.jpg","width":2560,"height":1928},{"@type":"BreadcrumbList","@id":"https:\/\/vosgesinfo.fr\/saintdieinfo\/2024\/03\/le-joaillier-orest-filiale-de-lvmh-inaugure-sa-manufacture-de-saint-die-des-vosges\/#breadcrumb","itemListElement":[{"@type":"ListItem","position":1,"name":"Home","item":"https:\/\/vosgesinfo.fr\/saintdieinfo\/"},{"@type":"ListItem","position":2,"name":"Le joaillier Orest, filiale de LVMH, inaugure sa manufacture de Saint-Di\u00e9-des-Vosges"}]},{"@type":"WebSite","@id":"https:\/\/vosgesinfo.fr\/saintdieinfo\/#website","url":"https:\/\/vosgesinfo.fr\/saintdieinfo\/","name":"Saint Die Info","description":"Toute l&#039;actualit\u00e9 de Saint-Di\u00e9-Des-Vosges","publisher":{"@id":"https:\/\/vosgesinfo.fr\/saintdieinfo\/#organization"},"alternateName":"Toute l'actualit\u00e9 de Saint-Di\u00e9-Des-Vosges","potentialAction":[{"@type":"SearchAction","target":{"@type":"EntryPoint","urlTemplate":"https:\/\/vosgesinfo.fr\/saintdieinfo\/?s={search_term_string}"},"query-input":"required name=search_term_string"}],"inLanguage":"fr-FR"},{"@type":"Organization","@id":"https:\/\/vosgesinfo.fr\/saintdieinfo\/#organization","name":"Saint Die Info","url":"https:\/\/vosgesinfo.fr\/saintdieinfo\/","logo":{"@type":"ImageObject","inLanguage":"fr-FR","@id":"https:\/\/vosgesinfo.fr\/saintdieinfo\/#\/schema\/logo\/image\/","url":"https:\/\/vosgesinfo.fr\/app\/uploads\/sites\/4\/2024\/02\/logo-sdi.jpg","contentUrl":"https:\/\/vosgesinfo.fr\/app\/uploads\/sites\/4\/2024\/02\/logo-sdi.jpg","width":600,"height":600,"caption":"Saint Die Info"},"image":{"@id":"https:\/\/vosgesinfo.fr\/saintdieinfo\/#\/schema\/logo\/image\/"},"sameAs":["https:\/\/www.facebook.com\/Saintdieinfofr","https:\/\/x.com\/VosgesInfo88","https:\/\/www.youtube.com\/@vosgesinfo"]},{"@type":"Person","@id":"https:\/\/vosgesinfo.fr\/saintdieinfo\/#\/schema\/person\/fa73e9f726d67bb88f46d5b7943cb572","name":"J.J.","image":{"@type":"ImageObject","inLanguage":"fr-FR","@id":"https:\/\/vosgesinfo.fr\/saintdieinfo\/#\/schema\/person\/image\/","url":"https:\/\/secure.gravatar.com\/avatar\/219e749e47ffbcca018a360ae4add7d4cdf1cdaaf8bc7676b27efade3fe65615?s=96&d=mm&r=g","contentUrl":"https:\/\/secure.gravatar.com\/avatar\/219e749e47ffbcca018a360ae4add7d4cdf1cdaaf8bc7676b27efade3fe65615?s=96&d=mm&r=g","caption":"J.J."},"url":"https:\/\/vosgesinfo.fr\/saintdieinfo\/author\/j-j\/"}]}},"_links":{"self":[{"href":"https:\/\/vosgesinfo.fr\/saintdieinfo\/wp-json\/wp\/v2\/posts\/31160","targetHints":{"allow":["GET"]}}],"collection":[{"href":"https:\/\/vosgesinfo.fr\/saintdieinfo\/wp-json\/wp\/v2\/posts"}],"about":[{"href":"https:\/\/vosgesinfo.fr\/saintdieinfo\/wp-json\/wp\/v2\/types\/post"}],"author":[{"embeddable":true,"href":"https:\/\/vosgesinfo.fr\/saintdieinfo\/wp-json\/wp\/v2\/users\/46"}],"replies":[{"embeddable":true,"href":"https:\/\/vosgesinfo.fr\/saintdieinfo\/wp-json\/wp\/v2\/comments?post=31160"}],"version-history":[{"count":4,"href":"https:\/\/vosgesinfo.fr\/saintdieinfo\/wp-json\/wp\/v2\/posts\/31160\/revisions"}],"predecessor-version":[{"id":31196,"href":"https:\/\/vosgesinfo.fr\/saintdieinfo\/wp-json\/wp\/v2\/posts\/31160\/revisions\/31196"}],"wp:featuredmedia":[{"embeddable":true,"href":"https:\/\/vosgesinfo.fr\/saintdieinfo\/wp-json\/wp\/v2\/media\/31169"}],"wp:attachment":[{"href":"https:\/\/vosgesinfo.fr\/saintdieinfo\/wp-json\/wp\/v2\/media?parent=31160"}],"wp:term":[{"taxonomy":"category","embeddable":true,"href":"https:\/\/vosgesinfo.fr\/saintdieinfo\/wp-json\/wp\/v2\/categories?post=31160"},{"taxonomy":"post_tag","embeddable":true,"href":"https:\/\/vosgesinfo.fr\/saintdieinfo\/wp-json\/wp\/v2\/tags?post=31160"}],"curies":[{"name":"wp","href":"https:\/\/api.w.org\/{rel}","templated":true}]}}