{"id":31190,"date":"2024-03-07T09:14:04","date_gmt":"2024-03-07T08:14:04","guid":{"rendered":"https:\/\/vosgesinfo.fr\/saintdieinfo\/?p=31190"},"modified":"2024-03-07T09:14:04","modified_gmt":"2024-03-07T08:14:04","slug":"projection-debat-les-pouvoirs-du-cerveau-notre-intelligence-devoilee","status":"publish","type":"post","link":"https:\/\/vosgesinfo.fr\/saintdieinfo\/2024\/03\/projection-debat-les-pouvoirs-du-cerveau-notre-intelligence-devoilee\/","title":{"rendered":"Projection-d\u00e9bat\u00a0: \u00ab\u00a0Les pouvoirs du cerveau, notre intelligence d\u00e9voil\u00e9e\u00a0\u00bb"},"content":{"rendered":"<div id=\"attachment_25091\" style=\"width: 1034px\" class=\"wp-caption alignnone\"><img decoding=\"async\" aria-describedby=\"caption-attachment-25091\" class=\"wp-image-25091 size-large\" src=\"https:\/\/vosgesinfo.fr\/app\/uploads\/sites\/4\/2024\/02\/iut-sddv-1024x768.jpg\" alt=\"\" width=\"1024\" height=\"768\" srcset=\"https:\/\/vosgesinfo.fr\/app\/uploads\/sites\/4\/2024\/02\/iut-sddv-1024x768.jpg 1024w, https:\/\/vosgesinfo.fr\/app\/uploads\/sites\/4\/2024\/02\/iut-sddv-300x225.jpg 300w, https:\/\/vosgesinfo.fr\/app\/uploads\/sites\/4\/2024\/02\/iut-sddv-768x576.jpg 768w, https:\/\/vosgesinfo.fr\/app\/uploads\/sites\/4\/2024\/02\/iut-sddv-1536x1152.jpg 1536w, https:\/\/vosgesinfo.fr\/app\/uploads\/sites\/4\/2024\/02\/iut-sddv-2048x1536.jpg 2048w\" sizes=\"(max-width: 1024px) 100vw, 1024px\" \/><p id=\"caption-attachment-25091\" class=\"wp-caption-text\">(Illustration)<\/p><\/div>\n<h2>Dans le cadre de la semaine du cerveau, qui a lieu du 11 au 17 mars, l&rsquo;IUT de Saint-Di\u00e9-des-Vosges accueille Laurent Koessler, neuroscientifique et charg\u00e9 de recherche CNRS au laboratoire ImoPA, \u00e0 l&rsquo;occasion d&rsquo;une projection-d\u00e9bat autour du film d&rsquo;Amine Mestari \u00ab\u00a0Les pouvoirs du cerveau, notre intelligence\u00a0\u00bb. Gratuite et ouverte \u00e0 tous, cette projection-d\u00e9bat aura lieu le mercredi 13 mars prochain, \u00e0 18h \u00e0 l&rsquo;amphith\u00e9\u00e2tre de l&rsquo;IUT.<\/h2>\n<p><!--more--><\/p>\n<p>Apr\u00e8s des mill\u00e9naires d\u2019\u00e9volution, les experts sont formels : l\u2019intelligence humaine serait sur le d\u00e9clin. Le QI moyen de l\u2019humain baisse ! Mais, au fond, qu\u2019est-ce que l\u2019intelligence ? Le QI la mesure-t-elle vraiment ? Cet outil controvers\u00e9 est pourtant le seul que nous ayons. Le film d&rsquo;Amine Mestari, co-\u00e9crit avec C\u00e9cile Denjean, d\u00e9voile progressivement la vraie nature de notre intelligence, bien plus sophistiqu\u00e9e et complexe que ce que mesure le QI.<\/p>\n","protected":false},"excerpt":{"rendered":"<p>Dans le cadre de la semaine du cerveau, qui a lieu du 11 au 17 mars, l&rsquo;IUT de Saint-Di\u00e9-des-Vosges accueille [&hellip;]<\/p>\n","protected":false},"author":46,"featured_media":25091,"comment_status":"open","ping_status":"open","sticky":false,"template":"","format":"standard","meta":{"footnotes":""},"categories":[3900,167],"tags":[5500,3205,5499,5501],"class_list":["post-31190","post","type-post","status-publish","format-standard","has-post-thumbnail","hentry","category-breves","category-saint-die-des-vosges","tag-amine-mestari","tag-iut-de-saint-die-des-vosges","tag-laurent-koessler","tag-les-pouvoirs-du-cerveau-notre-intelligence-devoilee"],"acf":[],"yoast_head":"<!-- This site is optimized with the Yoast SEO plugin v22.5 - https:\/\/yoast.com\/wordpress\/plugins\/seo\/ -->\n<title>Projection-d\u00e9bat\u00a0: \u00ab\u00a0Les pouvoirs du cerveau, notre intelligence d\u00e9voil\u00e9e\u00a0\u00bb - Saint Die Info<\/title>\n<meta name=\"robots\" content=\"index, follow, max-snippet:-1, max-image-preview:large, max-video-preview:-1\" \/>\n<link rel=\"canonical\" href=\"https:\/\/vosgesinfo.fr\/saintdieinfo\/2024\/03\/projection-debat-les-pouvoirs-du-cerveau-notre-intelligence-devoilee\/\" \/>\n<meta name=\"twitter:card\" content=\"summary_large_image\" \/>\n<meta name=\"twitter:title\" content=\"Projection-d\u00e9bat\u00a0: \u00ab\u00a0Les pouvoirs du cerveau, notre intelligence d\u00e9voil\u00e9e\u00a0\u00bb - Saint Die Info\" \/>\n<meta name=\"twitter:description\" content=\"Dans le cadre de la semaine du cerveau, qui a lieu du 11 au 17 mars, l&rsquo;IUT de Saint-Di\u00e9-des-Vosges accueille [&hellip;]\" \/>\n<meta name=\"twitter:image\" content=\"https:\/\/vosgesinfo.fr\/app\/uploads\/sites\/4\/2024\/02\/iut-sddv.jpg\" \/>\n<meta name=\"twitter:creator\" content=\"@VosgesInfo88\" \/>\n<meta name=\"twitter:site\" content=\"@VosgesInfo88\" \/>\n<meta name=\"twitter:label1\" content=\"\u00c9crit par\" \/>\n\t<meta name=\"twitter:data1\" content=\"J.J.\" \/>\n\t<meta name=\"twitter:label2\" content=\"Dur\u00e9e de lecture estim\u00e9e\" \/>\n\t<meta name=\"twitter:data2\" content=\"1 minute\" \/>\n<script type=\"application\/ld+json\" class=\"yoast-schema-graph\">{\"@context\":\"https:\/\/schema.org\",\"@graph\":[{\"@type\":\"Article\",\"@id\":\"https:\/\/vosgesinfo.fr\/saintdieinfo\/2024\/03\/projection-debat-les-pouvoirs-du-cerveau-notre-intelligence-devoilee\/#article\",\"isPartOf\":{\"@id\":\"https:\/\/vosgesinfo.fr\/saintdieinfo\/2024\/03\/projection-debat-les-pouvoirs-du-cerveau-notre-intelligence-devoilee\/\"},\"author\":{\"name\":\"J.J.\",\"@id\":\"https:\/\/vosgesinfo.fr\/saintdieinfo\/#\/schema\/person\/fa73e9f726d67bb88f46d5b7943cb572\"},\"headline\":\"Projection-d\u00e9bat\u00a0: \u00ab\u00a0Les pouvoirs du cerveau, notre intelligence d\u00e9voil\u00e9e\u00a0\u00bb\",\"datePublished\":\"2024-03-07T08:14:04+00:00\",\"dateModified\":\"2024-03-07T08:14:04+00:00\",\"mainEntityOfPage\":{\"@id\":\"https:\/\/vosgesinfo.fr\/saintdieinfo\/2024\/03\/projection-debat-les-pouvoirs-du-cerveau-notre-intelligence-devoilee\/\"},\"wordCount\":169,\"commentCount\":0,\"publisher\":{\"@id\":\"https:\/\/vosgesinfo.fr\/saintdieinfo\/#organization\"},\"image\":{\"@id\":\"https:\/\/vosgesinfo.fr\/saintdieinfo\/2024\/03\/projection-debat-les-pouvoirs-du-cerveau-notre-intelligence-devoilee\/#primaryimage\"},\"thumbnailUrl\":\"https:\/\/vosgesinfo.fr\/app\/uploads\/sites\/4\/2024\/02\/iut-sddv.jpg\",\"keywords\":[\"Amine Mestari\",\"IUT de Saint-Di\u00e9-des-Vosges\",\"Laurent Koessler\",\"Les pouvoirs du cerveau notre intelligence d\u00e9voil\u00e9e\"],\"articleSection\":[\"Br\u00e8ves\",\"Saint-Di\u00e9-des-Vosges\"],\"inLanguage\":\"fr-FR\",\"potentialAction\":[{\"@type\":\"CommentAction\",\"name\":\"Comment\",\"target\":[\"https:\/\/vosgesinfo.fr\/saintdieinfo\/2024\/03\/projection-debat-les-pouvoirs-du-cerveau-notre-intelligence-devoilee\/#respond\"]}]},{\"@type\":\"WebPage\",\"@id\":\"https:\/\/vosgesinfo.fr\/saintdieinfo\/2024\/03\/projection-debat-les-pouvoirs-du-cerveau-notre-intelligence-devoilee\/\",\"url\":\"https:\/\/vosgesinfo.fr\/saintdieinfo\/2024\/03\/projection-debat-les-pouvoirs-du-cerveau-notre-intelligence-devoilee\/\",\"name\":\"Projection-d\u00e9bat\u00a0: \u00ab\u00a0Les pouvoirs du cerveau, notre intelligence d\u00e9voil\u00e9e\u00a0\u00bb - Saint Die Info\",\"isPartOf\":{\"@id\":\"https:\/\/vosgesinfo.fr\/saintdieinfo\/#website\"},\"primaryImageOfPage\":{\"@id\":\"https:\/\/vosgesinfo.fr\/saintdieinfo\/2024\/03\/projection-debat-les-pouvoirs-du-cerveau-notre-intelligence-devoilee\/#primaryimage\"},\"image\":{\"@id\":\"https:\/\/vosgesinfo.fr\/saintdieinfo\/2024\/03\/projection-debat-les-pouvoirs-du-cerveau-notre-intelligence-devoilee\/#primaryimage\"},\"thumbnailUrl\":\"https:\/\/vosgesinfo.fr\/app\/uploads\/sites\/4\/2024\/02\/iut-sddv.jpg\",\"datePublished\":\"2024-03-07T08:14:04+00:00\",\"dateModified\":\"2024-03-07T08:14:04+00:00\",\"breadcrumb\":{\"@id\":\"https:\/\/vosgesinfo.fr\/saintdieinfo\/2024\/03\/projection-debat-les-pouvoirs-du-cerveau-notre-intelligence-devoilee\/#breadcrumb\"},\"inLanguage\":\"fr-FR\",\"potentialAction\":[{\"@type\":\"ReadAction\",\"target\":[\"https:\/\/vosgesinfo.fr\/saintdieinfo\/2024\/03\/projection-debat-les-pouvoirs-du-cerveau-notre-intelligence-devoilee\/\"]}]},{\"@type\":\"ImageObject\",\"inLanguage\":\"fr-FR\",\"@id\":\"https:\/\/vosgesinfo.fr\/saintdieinfo\/2024\/03\/projection-debat-les-pouvoirs-du-cerveau-notre-intelligence-devoilee\/#primaryimage\",\"url\":\"https:\/\/vosgesinfo.fr\/app\/uploads\/sites\/4\/2024\/02\/iut-sddv.jpg\",\"contentUrl\":\"https:\/\/vosgesinfo.fr\/app\/uploads\/sites\/4\/2024\/02\/iut-sddv.jpg\",\"width\":2560,\"height\":1920,\"caption\":\"(Archive)\"},{\"@type\":\"BreadcrumbList\",\"@id\":\"https:\/\/vosgesinfo.fr\/saintdieinfo\/2024\/03\/projection-debat-les-pouvoirs-du-cerveau-notre-intelligence-devoilee\/#breadcrumb\",\"itemListElement\":[{\"@type\":\"ListItem\",\"position\":1,\"name\":\"Home\",\"item\":\"https:\/\/vosgesinfo.fr\/saintdieinfo\/\"},{\"@type\":\"ListItem\",\"position\":2,\"name\":\"Projection-d\u00e9bat\u00a0: \u00ab\u00a0Les pouvoirs du cerveau, notre intelligence d\u00e9voil\u00e9e\u00a0\u00bb\"}]},{\"@type\":\"WebSite\",\"@id\":\"https:\/\/vosgesinfo.fr\/saintdieinfo\/#website\",\"url\":\"https:\/\/vosgesinfo.fr\/saintdieinfo\/\",\"name\":\"Saint Die Info\",\"description\":\"Toute l&#039;actualit\u00e9 de Saint-Di\u00e9-Des-Vosges\",\"publisher\":{\"@id\":\"https:\/\/vosgesinfo.fr\/saintdieinfo\/#organization\"},\"alternateName\":\"Toute l'actualit\u00e9 de Saint-Di\u00e9-Des-Vosges\",\"potentialAction\":[{\"@type\":\"SearchAction\",\"target\":{\"@type\":\"EntryPoint\",\"urlTemplate\":\"https:\/\/vosgesinfo.fr\/saintdieinfo\/?s={search_term_string}\"},\"query-input\":\"required name=search_term_string\"}],\"inLanguage\":\"fr-FR\"},{\"@type\":\"Organization\",\"@id\":\"https:\/\/vosgesinfo.fr\/saintdieinfo\/#organization\",\"name\":\"Saint Die Info\",\"url\":\"https:\/\/vosgesinfo.fr\/saintdieinfo\/\",\"logo\":{\"@type\":\"ImageObject\",\"inLanguage\":\"fr-FR\",\"@id\":\"https:\/\/vosgesinfo.fr\/saintdieinfo\/#\/schema\/logo\/image\/\",\"url\":\"https:\/\/vosgesinfo.fr\/app\/uploads\/sites\/4\/2024\/02\/logo-sdi.jpg\",\"contentUrl\":\"https:\/\/vosgesinfo.fr\/app\/uploads\/sites\/4\/2024\/02\/logo-sdi.jpg\",\"width\":600,\"height\":600,\"caption\":\"Saint Die Info\"},\"image\":{\"@id\":\"https:\/\/vosgesinfo.fr\/saintdieinfo\/#\/schema\/logo\/image\/\"},\"sameAs\":[\"https:\/\/www.facebook.com\/Saintdieinfofr\",\"https:\/\/x.com\/VosgesInfo88\",\"https:\/\/www.youtube.com\/@vosgesinfo\"]},{\"@type\":\"Person\",\"@id\":\"https:\/\/vosgesinfo.fr\/saintdieinfo\/#\/schema\/person\/fa73e9f726d67bb88f46d5b7943cb572\",\"name\":\"J.J.\",\"image\":{\"@type\":\"ImageObject\",\"inLanguage\":\"fr-FR\",\"@id\":\"https:\/\/vosgesinfo.fr\/saintdieinfo\/#\/schema\/person\/image\/\",\"url\":\"https:\/\/secure.gravatar.com\/avatar\/219e749e47ffbcca018a360ae4add7d4cdf1cdaaf8bc7676b27efade3fe65615?s=96&d=mm&r=g\",\"contentUrl\":\"https:\/\/secure.gravatar.com\/avatar\/219e749e47ffbcca018a360ae4add7d4cdf1cdaaf8bc7676b27efade3fe65615?s=96&d=mm&r=g\",\"caption\":\"J.J.\"},\"url\":\"https:\/\/vosgesinfo.fr\/saintdieinfo\/author\/j-j\/\"}]}<\/script>\n<!-- \/ Yoast SEO plugin. -->","yoast_head_json":{"title":"Projection-d\u00e9bat\u00a0: \u00ab\u00a0Les pouvoirs du cerveau, notre intelligence d\u00e9voil\u00e9e\u00a0\u00bb - Saint Die Info","robots":{"index":"index","follow":"follow","max-snippet":"max-snippet:-1","max-image-preview":"max-image-preview:large","max-video-preview":"max-video-preview:-1"},"canonical":"https:\/\/vosgesinfo.fr\/saintdieinfo\/2024\/03\/projection-debat-les-pouvoirs-du-cerveau-notre-intelligence-devoilee\/","twitter_card":"summary_large_image","twitter_title":"Projection-d\u00e9bat\u00a0: \u00ab\u00a0Les pouvoirs du cerveau, notre intelligence d\u00e9voil\u00e9e\u00a0\u00bb - Saint Die Info","twitter_description":"Dans le cadre de la semaine du cerveau, qui a lieu du 11 au 17 mars, l&rsquo;IUT de Saint-Di\u00e9-des-Vosges accueille [&hellip;]","twitter_image":"https:\/\/vosgesinfo.fr\/app\/uploads\/sites\/4\/2024\/02\/iut-sddv.jpg","twitter_creator":"@VosgesInfo88","twitter_site":"@VosgesInfo88","twitter_misc":{"\u00c9crit par":"J.J.","Dur\u00e9e de lecture estim\u00e9e":"1 minute"},"schema":{"@context":"https:\/\/schema.org","@graph":[{"@type":"Article","@id":"https:\/\/vosgesinfo.fr\/saintdieinfo\/2024\/03\/projection-debat-les-pouvoirs-du-cerveau-notre-intelligence-devoilee\/#article","isPartOf":{"@id":"https:\/\/vosgesinfo.fr\/saintdieinfo\/2024\/03\/projection-debat-les-pouvoirs-du-cerveau-notre-intelligence-devoilee\/"},"author":{"name":"J.J.","@id":"https:\/\/vosgesinfo.fr\/saintdieinfo\/#\/schema\/person\/fa73e9f726d67bb88f46d5b7943cb572"},"headline":"Projection-d\u00e9bat\u00a0: \u00ab\u00a0Les pouvoirs du cerveau, notre intelligence d\u00e9voil\u00e9e\u00a0\u00bb","datePublished":"2024-03-07T08:14:04+00:00","dateModified":"2024-03-07T08:14:04+00:00","mainEntityOfPage":{"@id":"https:\/\/vosgesinfo.fr\/saintdieinfo\/2024\/03\/projection-debat-les-pouvoirs-du-cerveau-notre-intelligence-devoilee\/"},"wordCount":169,"commentCount":0,"publisher":{"@id":"https:\/\/vosgesinfo.fr\/saintdieinfo\/#organization"},"image":{"@id":"https:\/\/vosgesinfo.fr\/saintdieinfo\/2024\/03\/projection-debat-les-pouvoirs-du-cerveau-notre-intelligence-devoilee\/#primaryimage"},"thumbnailUrl":"https:\/\/vosgesinfo.fr\/app\/uploads\/sites\/4\/2024\/02\/iut-sddv.jpg","keywords":["Amine Mestari","IUT de Saint-Di\u00e9-des-Vosges","Laurent Koessler","Les pouvoirs du cerveau notre intelligence d\u00e9voil\u00e9e"],"articleSection":["Br\u00e8ves","Saint-Di\u00e9-des-Vosges"],"inLanguage":"fr-FR","potentialAction":[{"@type":"CommentAction","name":"Comment","target":["https:\/\/vosgesinfo.fr\/saintdieinfo\/2024\/03\/projection-debat-les-pouvoirs-du-cerveau-notre-intelligence-devoilee\/#respond"]}]},{"@type":"WebPage","@id":"https:\/\/vosgesinfo.fr\/saintdieinfo\/2024\/03\/projection-debat-les-pouvoirs-du-cerveau-notre-intelligence-devoilee\/","url":"https:\/\/vosgesinfo.fr\/saintdieinfo\/2024\/03\/projection-debat-les-pouvoirs-du-cerveau-notre-intelligence-devoilee\/","name":"Projection-d\u00e9bat\u00a0: \u00ab\u00a0Les pouvoirs du cerveau, notre intelligence d\u00e9voil\u00e9e\u00a0\u00bb - Saint Die Info","isPartOf":{"@id":"https:\/\/vosgesinfo.fr\/saintdieinfo\/#website"},"primaryImageOfPage":{"@id":"https:\/\/vosgesinfo.fr\/saintdieinfo\/2024\/03\/projection-debat-les-pouvoirs-du-cerveau-notre-intelligence-devoilee\/#primaryimage"},"image":{"@id":"https:\/\/vosgesinfo.fr\/saintdieinfo\/2024\/03\/projection-debat-les-pouvoirs-du-cerveau-notre-intelligence-devoilee\/#primaryimage"},"thumbnailUrl":"https:\/\/vosgesinfo.fr\/app\/uploads\/sites\/4\/2024\/02\/iut-sddv.jpg","datePublished":"2024-03-07T08:14:04+00:00","dateModified":"2024-03-07T08:14:04+00:00","breadcrumb":{"@id":"https:\/\/vosgesinfo.fr\/saintdieinfo\/2024\/03\/projection-debat-les-pouvoirs-du-cerveau-notre-intelligence-devoilee\/#breadcrumb"},"inLanguage":"fr-FR","potentialAction":[{"@type":"ReadAction","target":["https:\/\/vosgesinfo.fr\/saintdieinfo\/2024\/03\/projection-debat-les-pouvoirs-du-cerveau-notre-intelligence-devoilee\/"]}]},{"@type":"ImageObject","inLanguage":"fr-FR","@id":"https:\/\/vosgesinfo.fr\/saintdieinfo\/2024\/03\/projection-debat-les-pouvoirs-du-cerveau-notre-intelligence-devoilee\/#primaryimage","url":"https:\/\/vosgesinfo.fr\/app\/uploads\/sites\/4\/2024\/02\/iut-sddv.jpg","contentUrl":"https:\/\/vosgesinfo.fr\/app\/uploads\/sites\/4\/2024\/02\/iut-sddv.jpg","width":2560,"height":1920,"caption":"(Archive)"},{"@type":"BreadcrumbList","@id":"https:\/\/vosgesinfo.fr\/saintdieinfo\/2024\/03\/projection-debat-les-pouvoirs-du-cerveau-notre-intelligence-devoilee\/#breadcrumb","itemListElement":[{"@type":"ListItem","position":1,"name":"Home","item":"https:\/\/vosgesinfo.fr\/saintdieinfo\/"},{"@type":"ListItem","position":2,"name":"Projection-d\u00e9bat\u00a0: \u00ab\u00a0Les pouvoirs du cerveau, notre intelligence d\u00e9voil\u00e9e\u00a0\u00bb"}]},{"@type":"WebSite","@id":"https:\/\/vosgesinfo.fr\/saintdieinfo\/#website","url":"https:\/\/vosgesinfo.fr\/saintdieinfo\/","name":"Saint Die Info","description":"Toute l&#039;actualit\u00e9 de Saint-Di\u00e9-Des-Vosges","publisher":{"@id":"https:\/\/vosgesinfo.fr\/saintdieinfo\/#organization"},"alternateName":"Toute l'actualit\u00e9 de Saint-Di\u00e9-Des-Vosges","potentialAction":[{"@type":"SearchAction","target":{"@type":"EntryPoint","urlTemplate":"https:\/\/vosgesinfo.fr\/saintdieinfo\/?s={search_term_string}"},"query-input":"required name=search_term_string"}],"inLanguage":"fr-FR"},{"@type":"Organization","@id":"https:\/\/vosgesinfo.fr\/saintdieinfo\/#organization","name":"Saint Die Info","url":"https:\/\/vosgesinfo.fr\/saintdieinfo\/","logo":{"@type":"ImageObject","inLanguage":"fr-FR","@id":"https:\/\/vosgesinfo.fr\/saintdieinfo\/#\/schema\/logo\/image\/","url":"https:\/\/vosgesinfo.fr\/app\/uploads\/sites\/4\/2024\/02\/logo-sdi.jpg","contentUrl":"https:\/\/vosgesinfo.fr\/app\/uploads\/sites\/4\/2024\/02\/logo-sdi.jpg","width":600,"height":600,"caption":"Saint Die Info"},"image":{"@id":"https:\/\/vosgesinfo.fr\/saintdieinfo\/#\/schema\/logo\/image\/"},"sameAs":["https:\/\/www.facebook.com\/Saintdieinfofr","https:\/\/x.com\/VosgesInfo88","https:\/\/www.youtube.com\/@vosgesinfo"]},{"@type":"Person","@id":"https:\/\/vosgesinfo.fr\/saintdieinfo\/#\/schema\/person\/fa73e9f726d67bb88f46d5b7943cb572","name":"J.J.","image":{"@type":"ImageObject","inLanguage":"fr-FR","@id":"https:\/\/vosgesinfo.fr\/saintdieinfo\/#\/schema\/person\/image\/","url":"https:\/\/secure.gravatar.com\/avatar\/219e749e47ffbcca018a360ae4add7d4cdf1cdaaf8bc7676b27efade3fe65615?s=96&d=mm&r=g","contentUrl":"https:\/\/secure.gravatar.com\/avatar\/219e749e47ffbcca018a360ae4add7d4cdf1cdaaf8bc7676b27efade3fe65615?s=96&d=mm&r=g","caption":"J.J."},"url":"https:\/\/vosgesinfo.fr\/saintdieinfo\/author\/j-j\/"}]}},"_links":{"self":[{"href":"https:\/\/vosgesinfo.fr\/saintdieinfo\/wp-json\/wp\/v2\/posts\/31190","targetHints":{"allow":["GET"]}}],"collection":[{"href":"https:\/\/vosgesinfo.fr\/saintdieinfo\/wp-json\/wp\/v2\/posts"}],"about":[{"href":"https:\/\/vosgesinfo.fr\/saintdieinfo\/wp-json\/wp\/v2\/types\/post"}],"author":[{"embeddable":true,"href":"https:\/\/vosgesinfo.fr\/saintdieinfo\/wp-json\/wp\/v2\/users\/46"}],"replies":[{"embeddable":true,"href":"https:\/\/vosgesinfo.fr\/saintdieinfo\/wp-json\/wp\/v2\/comments?post=31190"}],"version-history":[{"count":1,"href":"https:\/\/vosgesinfo.fr\/saintdieinfo\/wp-json\/wp\/v2\/posts\/31190\/revisions"}],"predecessor-version":[{"id":31191,"href":"https:\/\/vosgesinfo.fr\/saintdieinfo\/wp-json\/wp\/v2\/posts\/31190\/revisions\/31191"}],"wp:featuredmedia":[{"embeddable":true,"href":"https:\/\/vosgesinfo.fr\/saintdieinfo\/wp-json\/wp\/v2\/media\/25091"}],"wp:attachment":[{"href":"https:\/\/vosgesinfo.fr\/saintdieinfo\/wp-json\/wp\/v2\/media?parent=31190"}],"wp:term":[{"taxonomy":"category","embeddable":true,"href":"https:\/\/vosgesinfo.fr\/saintdieinfo\/wp-json\/wp\/v2\/categories?post=31190"},{"taxonomy":"post_tag","embeddable":true,"href":"https:\/\/vosgesinfo.fr\/saintdieinfo\/wp-json\/wp\/v2\/tags?post=31190"}],"curies":[{"name":"wp","href":"https:\/\/api.w.org\/{rel}","templated":true}]}}