{"id":31280,"date":"2024-03-09T09:57:58","date_gmt":"2024-03-09T08:57:58","guid":{"rendered":"https:\/\/vosgesinfo.fr\/saintdieinfo\/?p=31280"},"modified":"2024-03-09T09:57:58","modified_gmt":"2024-03-09T08:57:58","slug":"le-mois-de-legalite-femmes-hommes-de-saint-die-des-vosges-est-lance","status":"publish","type":"post","link":"https:\/\/vosgesinfo.fr\/saintdieinfo\/2024\/03\/le-mois-de-legalite-femmes-hommes-de-saint-die-des-vosges-est-lance\/","title":{"rendered":"Le mois de l&rsquo;Egalit\u00e9 Femmes-Hommes de Saint-Di\u00e9-des-Vosges est lanc\u00e9"},"content":{"rendered":"<div id=\"attachment_31291\" style=\"width: 1034px\" class=\"wp-caption alignnone\"><img decoding=\"async\" aria-describedby=\"caption-attachment-31291\" class=\"wp-image-31291 size-large\" src=\"https:\/\/vosgesinfo.fr\/app\/uploads\/sites\/4\/2024\/03\/lancement-mois-egalite-femmes-hommes-egs-11-1024x683.jpg\" alt=\"\" width=\"1024\" height=\"683\" srcset=\"https:\/\/vosgesinfo.fr\/app\/uploads\/sites\/4\/2024\/03\/lancement-mois-egalite-femmes-hommes-egs-11-1024x683.jpg 1024w, https:\/\/vosgesinfo.fr\/app\/uploads\/sites\/4\/2024\/03\/lancement-mois-egalite-femmes-hommes-egs-11-300x200.jpg 300w, https:\/\/vosgesinfo.fr\/app\/uploads\/sites\/4\/2024\/03\/lancement-mois-egalite-femmes-hommes-egs-11-768x512.jpg 768w, https:\/\/vosgesinfo.fr\/app\/uploads\/sites\/4\/2024\/03\/lancement-mois-egalite-femmes-hommes-egs-11.jpg 1200w\" sizes=\"(max-width: 1024px) 100vw, 1024px\" \/><p id=\"caption-attachment-31291\" class=\"wp-caption-text\">La troupe \u00ab\u00a0All Dances\u00a0\u00bb de Hadol a cr\u00e9\u00e9 un spectacle sp\u00e9cialement pour le Mois de l&rsquo;Egalit\u00e9 de Saint-Di\u00e9-des-Vosges, qui a \u00e9t\u00e9 pr\u00e9sent\u00e9 hier soir \u00e0 l&rsquo;Espace Georges-Sadoul. (Photographies Marc Fourniquet)<\/p><\/div>\n<h2>A Saint-Di\u00e9-des-Vosges, <a href=\"https:\/\/vosgesinfo.fr\/saintdieinfo\/2024\/03\/legalite-femmes-hommes-le-fil-rouge-de-ce-mois-de-mars-deodatien\/\" target=\"_blank\" rel=\"noopener\">ce mois de mars 2024 est consacr\u00e9 \u00e0 l&rsquo;\u00e9galit\u00e9 Femmes-Hommes.<\/a> C&rsquo;est dans ce sens que la Ville, via le CCAS et ses partenaires, propose un riche programme, qui s&rsquo;est ouvert hier vendredi soir avec une soir\u00e9e de lancement. La date du 8 mars n&rsquo;ayant pas \u00e9t\u00e9 choisie par hasard, puisqu&rsquo;elle marque la Journ\u00e9e internationale pour les droits des femmes.<\/h2>\n<p><!--more--><\/p>\n<p>Originellement pr\u00e9vue au mus\u00e9e Pierre-No\u00ebl, c&rsquo;est finalement \u00e0 l&rsquo;Espace Georges-Sadoul, plus vaste, que s&rsquo;est d\u00e9roul\u00e9e cette soir\u00e9e de lancement. Apr\u00e8s la prestation de l&rsquo;artiste-peintre Willy, qu&rsquo;on ne pr\u00e9sente plus en D\u00e9odatie, qui a r\u00e9alis\u00e9 le portrait d&rsquo;Edith Piaf en musique et entour\u00e9 des danseuses de \u00ab Danser sans compter \u00bb, le spectacle sp\u00e9cialement cr\u00e9\u00e9 pour la Ville de Saint-Di\u00e9-des-Vosges \u00e9t\u00e9 pr\u00e9sent\u00e9 au public. Intitul\u00e9 \u00ab L&rsquo;\u00e9volution de la place de la femme dans la soci\u00e9t\u00e9 \u00bb, ce spectacle a \u00e9t\u00e9 con\u00e7u et ex\u00e9cut\u00e9 par la troupe \u00ab All Dances \u00bb de Hadol, qui a notamment particip\u00e9 \u00e0 l&rsquo;\u00e9mission \u00ab La France a un incroyable talent \u00bb sur M6.<\/p>\n<p>Le programme du mois de l&rsquo;\u00e9galit\u00e9 continue d\u00e8s ce samedi, avec la premi\u00e8re des 5 soir\u00e9es karaok\u00e9 \u00ab\u00a0Les voix de l&rsquo;\u00e9galit\u00e9\u00a0\u00bb, \u00e0 partir de 19h au K KISS Bar (4 rue d&rsquo;Am\u00e9rique). Pour consulter le programme complet, <a href=\"https:\/\/www.saint-die.eu\/images\/09_ACTU\/PROGRAMME-2-flyer.pdf\" target=\"_blank\" rel=\"noopener\">rendez-vous sur le site de la Ville de Saint-Di\u00e9-des-Vosges.<\/a><\/p>\n<p>J.J.<\/p>\n<p><img decoding=\"async\" class=\"alignnone size-full wp-image-31282\" src=\"https:\/\/vosgesinfo.fr\/app\/uploads\/sites\/4\/2024\/03\/lancement-mois-egalite-femmes-hommes-egs-2.jpg\" alt=\"\" width=\"1000\" height=\"666\" srcset=\"https:\/\/vosgesinfo.fr\/app\/uploads\/sites\/4\/2024\/03\/lancement-mois-egalite-femmes-hommes-egs-2.jpg 1000w, https:\/\/vosgesinfo.fr\/app\/uploads\/sites\/4\/2024\/03\/lancement-mois-egalite-femmes-hommes-egs-2-300x200.jpg 300w, https:\/\/vosgesinfo.fr\/app\/uploads\/sites\/4\/2024\/03\/lancement-mois-egalite-femmes-hommes-egs-2-768x511.jpg 768w\" sizes=\"(max-width: 1000px) 100vw, 1000px\" \/><\/p>\n<p><img decoding=\"async\" class=\"alignnone size-full wp-image-31281\" src=\"https:\/\/vosgesinfo.fr\/app\/uploads\/sites\/4\/2024\/03\/lancement-mois-egalite-femmes-hommes-egs-1.jpg\" alt=\"\" width=\"1000\" height=\"666\" srcset=\"https:\/\/vosgesinfo.fr\/app\/uploads\/sites\/4\/2024\/03\/lancement-mois-egalite-femmes-hommes-egs-1.jpg 1000w, https:\/\/vosgesinfo.fr\/app\/uploads\/sites\/4\/2024\/03\/lancement-mois-egalite-femmes-hommes-egs-1-300x200.jpg 300w, https:\/\/vosgesinfo.fr\/app\/uploads\/sites\/4\/2024\/03\/lancement-mois-egalite-femmes-hommes-egs-1-768x511.jpg 768w\" sizes=\"(max-width: 1000px) 100vw, 1000px\" \/><\/p>\n<p><img decoding=\"async\" class=\"alignnone size-large wp-image-31288\" src=\"https:\/\/vosgesinfo.fr\/app\/uploads\/sites\/4\/2024\/03\/lancement-mois-egalite-femmes-hommes-egs-8-1024x683.jpg\" alt=\"\" width=\"1024\" height=\"683\" srcset=\"https:\/\/vosgesinfo.fr\/app\/uploads\/sites\/4\/2024\/03\/lancement-mois-egalite-femmes-hommes-egs-8-1024x683.jpg 1024w, https:\/\/vosgesinfo.fr\/app\/uploads\/sites\/4\/2024\/03\/lancement-mois-egalite-femmes-hommes-egs-8-300x200.jpg 300w, https:\/\/vosgesinfo.fr\/app\/uploads\/sites\/4\/2024\/03\/lancement-mois-egalite-femmes-hommes-egs-8-768x512.jpg 768w, https:\/\/vosgesinfo.fr\/app\/uploads\/sites\/4\/2024\/03\/lancement-mois-egalite-femmes-hommes-egs-8.jpg 1200w\" sizes=\"(max-width: 1024px) 100vw, 1024px\" \/><\/p>\n<p><img decoding=\"async\" class=\"alignnone size-large wp-image-31289\" src=\"https:\/\/vosgesinfo.fr\/app\/uploads\/sites\/4\/2024\/03\/lancement-mois-egalite-femmes-hommes-egs-9-1024x683.jpg\" alt=\"\" width=\"1024\" height=\"683\" srcset=\"https:\/\/vosgesinfo.fr\/app\/uploads\/sites\/4\/2024\/03\/lancement-mois-egalite-femmes-hommes-egs-9-1024x683.jpg 1024w, https:\/\/vosgesinfo.fr\/app\/uploads\/sites\/4\/2024\/03\/lancement-mois-egalite-femmes-hommes-egs-9-300x200.jpg 300w, https:\/\/vosgesinfo.fr\/app\/uploads\/sites\/4\/2024\/03\/lancement-mois-egalite-femmes-hommes-egs-9-768x512.jpg 768w, https:\/\/vosgesinfo.fr\/app\/uploads\/sites\/4\/2024\/03\/lancement-mois-egalite-femmes-hommes-egs-9.jpg 1200w\" sizes=\"(max-width: 1024px) 100vw, 1024px\" \/><\/p>\n<p><img decoding=\"async\" class=\"alignnone size-large wp-image-31290\" src=\"https:\/\/vosgesinfo.fr\/app\/uploads\/sites\/4\/2024\/03\/lancement-mois-egalite-femmes-hommes-egs-10-1024x683.jpg\" alt=\"\" width=\"1024\" height=\"683\" srcset=\"https:\/\/vosgesinfo.fr\/app\/uploads\/sites\/4\/2024\/03\/lancement-mois-egalite-femmes-hommes-egs-10-1024x683.jpg 1024w, https:\/\/vosgesinfo.fr\/app\/uploads\/sites\/4\/2024\/03\/lancement-mois-egalite-femmes-hommes-egs-10-300x200.jpg 300w, https:\/\/vosgesinfo.fr\/app\/uploads\/sites\/4\/2024\/03\/lancement-mois-egalite-femmes-hommes-egs-10-768x512.jpg 768w, https:\/\/vosgesinfo.fr\/app\/uploads\/sites\/4\/2024\/03\/lancement-mois-egalite-femmes-hommes-egs-10.jpg 1200w\" sizes=\"(max-width: 1024px) 100vw, 1024px\" \/><\/p>\n<p><img decoding=\"async\" class=\"alignnone size-large wp-image-31292\" src=\"https:\/\/vosgesinfo.fr\/app\/uploads\/sites\/4\/2024\/03\/lancement-mois-egalite-femmes-hommes-egs-12-1024x683.jpg\" alt=\"\" width=\"1024\" height=\"683\" srcset=\"https:\/\/vosgesinfo.fr\/app\/uploads\/sites\/4\/2024\/03\/lancement-mois-egalite-femmes-hommes-egs-12-1024x683.jpg 1024w, https:\/\/vosgesinfo.fr\/app\/uploads\/sites\/4\/2024\/03\/lancement-mois-egalite-femmes-hommes-egs-12-300x200.jpg 300w, https:\/\/vosgesinfo.fr\/app\/uploads\/sites\/4\/2024\/03\/lancement-mois-egalite-femmes-hommes-egs-12-768x512.jpg 768w, https:\/\/vosgesinfo.fr\/app\/uploads\/sites\/4\/2024\/03\/lancement-mois-egalite-femmes-hommes-egs-12.jpg 1200w\" sizes=\"(max-width: 1024px) 100vw, 1024px\" \/><\/p>\n","protected":false},"excerpt":{"rendered":"<p>A Saint-Di\u00e9-des-Vosges, ce mois de mars 2024 est consacr\u00e9 \u00e0 l&rsquo;\u00e9galit\u00e9 Femmes-Hommes. C&rsquo;est dans ce sens que la Ville, via [&hellip;]<\/p>\n","protected":false},"author":46,"featured_media":31291,"comment_status":"open","ping_status":"open","sticky":false,"template":"","format":"standard","meta":{"footnotes":""},"categories":[460,167,13],"tags":[1718,3997,3559,5446,3240,2966],"class_list":["post-31280","post","type-post","status-publish","format-standard","has-post-thumbnail","hentry","category-a-la-une","category-saint-die-des-vosges","category-societe","tag-all-dances","tag-danser-sans-compter","tag-espace-georges-sadoul","tag-mois-de-legalite-femmes-hommes-a-saint-die-des-vosges","tag-ville-de-saint-die-des-vosges","tag-willy"],"acf":[],"yoast_head":"<!-- This site is optimized with the Yoast SEO plugin v22.5 - https:\/\/yoast.com\/wordpress\/plugins\/seo\/ -->\n<title>Le mois de l&#039;Egalit\u00e9 Femmes-Hommes de Saint-Di\u00e9-des-Vosges est lanc\u00e9 - Saint Die Info<\/title>\n<meta name=\"robots\" content=\"index, follow, max-snippet:-1, max-image-preview:large, max-video-preview:-1\" \/>\n<link rel=\"canonical\" href=\"https:\/\/vosgesinfo.fr\/saintdieinfo\/2024\/03\/le-mois-de-legalite-femmes-hommes-de-saint-die-des-vosges-est-lance\/\" \/>\n<meta name=\"twitter:card\" content=\"summary_large_image\" \/>\n<meta name=\"twitter:title\" content=\"Le mois de l&#039;Egalit\u00e9 Femmes-Hommes de Saint-Di\u00e9-des-Vosges est lanc\u00e9 - Saint Die Info\" \/>\n<meta name=\"twitter:description\" content=\"A Saint-Di\u00e9-des-Vosges, ce mois de mars 2024 est consacr\u00e9 \u00e0 l&rsquo;\u00e9galit\u00e9 Femmes-Hommes. C&rsquo;est dans ce sens que la Ville, via [&hellip;]\" \/>\n<meta name=\"twitter:image\" content=\"https:\/\/vosgesinfo.fr\/app\/uploads\/sites\/4\/2024\/03\/lancement-mois-egalite-femmes-hommes-egs-11.jpg\" \/>\n<meta name=\"twitter:creator\" content=\"@VosgesInfo88\" \/>\n<meta name=\"twitter:site\" content=\"@VosgesInfo88\" \/>\n<meta name=\"twitter:label1\" content=\"\u00c9crit par\" \/>\n\t<meta name=\"twitter:data1\" content=\"J.J.\" \/>\n\t<meta name=\"twitter:label2\" content=\"Dur\u00e9e de lecture estim\u00e9e\" \/>\n\t<meta name=\"twitter:data2\" content=\"1 minute\" \/>\n<script type=\"application\/ld+json\" class=\"yoast-schema-graph\">{\"@context\":\"https:\/\/schema.org\",\"@graph\":[{\"@type\":\"Article\",\"@id\":\"https:\/\/vosgesinfo.fr\/saintdieinfo\/2024\/03\/le-mois-de-legalite-femmes-hommes-de-saint-die-des-vosges-est-lance\/#article\",\"isPartOf\":{\"@id\":\"https:\/\/vosgesinfo.fr\/saintdieinfo\/2024\/03\/le-mois-de-legalite-femmes-hommes-de-saint-die-des-vosges-est-lance\/\"},\"author\":{\"name\":\"J.J.\",\"@id\":\"https:\/\/vosgesinfo.fr\/saintdieinfo\/#\/schema\/person\/fa73e9f726d67bb88f46d5b7943cb572\"},\"headline\":\"Le mois de l&rsquo;Egalit\u00e9 Femmes-Hommes de Saint-Di\u00e9-des-Vosges est lanc\u00e9\",\"datePublished\":\"2024-03-09T08:57:58+00:00\",\"dateModified\":\"2024-03-09T08:57:58+00:00\",\"mainEntityOfPage\":{\"@id\":\"https:\/\/vosgesinfo.fr\/saintdieinfo\/2024\/03\/le-mois-de-legalite-femmes-hommes-de-saint-die-des-vosges-est-lance\/\"},\"wordCount\":293,\"commentCount\":1,\"publisher\":{\"@id\":\"https:\/\/vosgesinfo.fr\/saintdieinfo\/#organization\"},\"image\":{\"@id\":\"https:\/\/vosgesinfo.fr\/saintdieinfo\/2024\/03\/le-mois-de-legalite-femmes-hommes-de-saint-die-des-vosges-est-lance\/#primaryimage\"},\"thumbnailUrl\":\"https:\/\/vosgesinfo.fr\/app\/uploads\/sites\/4\/2024\/03\/lancement-mois-egalite-femmes-hommes-egs-11.jpg\",\"keywords\":[\"All Dances\",\"Danser Sans Compter\",\"Espace Georges-Sadoul\",\"Mois de l'Egalit\u00e9 Femmes-Hommes \u00e0 Saint-Di\u00e9-des-Vosges\",\"Ville de Saint-Di\u00e9-des-Vosges\",\"Willy\"],\"articleSection\":[\"A la Une\",\"Saint-Di\u00e9-des-Vosges\",\"Soci\u00e9t\u00e9\"],\"inLanguage\":\"fr-FR\",\"potentialAction\":[{\"@type\":\"CommentAction\",\"name\":\"Comment\",\"target\":[\"https:\/\/vosgesinfo.fr\/saintdieinfo\/2024\/03\/le-mois-de-legalite-femmes-hommes-de-saint-die-des-vosges-est-lance\/#respond\"]}]},{\"@type\":\"WebPage\",\"@id\":\"https:\/\/vosgesinfo.fr\/saintdieinfo\/2024\/03\/le-mois-de-legalite-femmes-hommes-de-saint-die-des-vosges-est-lance\/\",\"url\":\"https:\/\/vosgesinfo.fr\/saintdieinfo\/2024\/03\/le-mois-de-legalite-femmes-hommes-de-saint-die-des-vosges-est-lance\/\",\"name\":\"Le mois de l'Egalit\u00e9 Femmes-Hommes de Saint-Di\u00e9-des-Vosges est lanc\u00e9 - Saint Die Info\",\"isPartOf\":{\"@id\":\"https:\/\/vosgesinfo.fr\/saintdieinfo\/#website\"},\"primaryImageOfPage\":{\"@id\":\"https:\/\/vosgesinfo.fr\/saintdieinfo\/2024\/03\/le-mois-de-legalite-femmes-hommes-de-saint-die-des-vosges-est-lance\/#primaryimage\"},\"image\":{\"@id\":\"https:\/\/vosgesinfo.fr\/saintdieinfo\/2024\/03\/le-mois-de-legalite-femmes-hommes-de-saint-die-des-vosges-est-lance\/#primaryimage\"},\"thumbnailUrl\":\"https:\/\/vosgesinfo.fr\/app\/uploads\/sites\/4\/2024\/03\/lancement-mois-egalite-femmes-hommes-egs-11.jpg\",\"datePublished\":\"2024-03-09T08:57:58+00:00\",\"dateModified\":\"2024-03-09T08:57:58+00:00\",\"breadcrumb\":{\"@id\":\"https:\/\/vosgesinfo.fr\/saintdieinfo\/2024\/03\/le-mois-de-legalite-femmes-hommes-de-saint-die-des-vosges-est-lance\/#breadcrumb\"},\"inLanguage\":\"fr-FR\",\"potentialAction\":[{\"@type\":\"ReadAction\",\"target\":[\"https:\/\/vosgesinfo.fr\/saintdieinfo\/2024\/03\/le-mois-de-legalite-femmes-hommes-de-saint-die-des-vosges-est-lance\/\"]}]},{\"@type\":\"ImageObject\",\"inLanguage\":\"fr-FR\",\"@id\":\"https:\/\/vosgesinfo.fr\/saintdieinfo\/2024\/03\/le-mois-de-legalite-femmes-hommes-de-saint-die-des-vosges-est-lance\/#primaryimage\",\"url\":\"https:\/\/vosgesinfo.fr\/app\/uploads\/sites\/4\/2024\/03\/lancement-mois-egalite-femmes-hommes-egs-11.jpg\",\"contentUrl\":\"https:\/\/vosgesinfo.fr\/app\/uploads\/sites\/4\/2024\/03\/lancement-mois-egalite-femmes-hommes-egs-11.jpg\",\"width\":1200,\"height\":800},{\"@type\":\"BreadcrumbList\",\"@id\":\"https:\/\/vosgesinfo.fr\/saintdieinfo\/2024\/03\/le-mois-de-legalite-femmes-hommes-de-saint-die-des-vosges-est-lance\/#breadcrumb\",\"itemListElement\":[{\"@type\":\"ListItem\",\"position\":1,\"name\":\"Home\",\"item\":\"https:\/\/vosgesinfo.fr\/saintdieinfo\/\"},{\"@type\":\"ListItem\",\"position\":2,\"name\":\"Le mois de l&rsquo;Egalit\u00e9 Femmes-Hommes de Saint-Di\u00e9-des-Vosges est lanc\u00e9\"}]},{\"@type\":\"WebSite\",\"@id\":\"https:\/\/vosgesinfo.fr\/saintdieinfo\/#website\",\"url\":\"https:\/\/vosgesinfo.fr\/saintdieinfo\/\",\"name\":\"Saint Die Info\",\"description\":\"Toute l&#039;actualit\u00e9 de Saint-Di\u00e9-Des-Vosges\",\"publisher\":{\"@id\":\"https:\/\/vosgesinfo.fr\/saintdieinfo\/#organization\"},\"alternateName\":\"Toute l'actualit\u00e9 de Saint-Di\u00e9-Des-Vosges\",\"potentialAction\":[{\"@type\":\"SearchAction\",\"target\":{\"@type\":\"EntryPoint\",\"urlTemplate\":\"https:\/\/vosgesinfo.fr\/saintdieinfo\/?s={search_term_string}\"},\"query-input\":\"required name=search_term_string\"}],\"inLanguage\":\"fr-FR\"},{\"@type\":\"Organization\",\"@id\":\"https:\/\/vosgesinfo.fr\/saintdieinfo\/#organization\",\"name\":\"Saint Die Info\",\"url\":\"https:\/\/vosgesinfo.fr\/saintdieinfo\/\",\"logo\":{\"@type\":\"ImageObject\",\"inLanguage\":\"fr-FR\",\"@id\":\"https:\/\/vosgesinfo.fr\/saintdieinfo\/#\/schema\/logo\/image\/\",\"url\":\"https:\/\/vosgesinfo.fr\/app\/uploads\/sites\/4\/2024\/02\/logo-sdi.jpg\",\"contentUrl\":\"https:\/\/vosgesinfo.fr\/app\/uploads\/sites\/4\/2024\/02\/logo-sdi.jpg\",\"width\":600,\"height\":600,\"caption\":\"Saint Die Info\"},\"image\":{\"@id\":\"https:\/\/vosgesinfo.fr\/saintdieinfo\/#\/schema\/logo\/image\/\"},\"sameAs\":[\"https:\/\/www.facebook.com\/Saintdieinfofr\",\"https:\/\/x.com\/VosgesInfo88\",\"https:\/\/www.youtube.com\/@vosgesinfo\"]},{\"@type\":\"Person\",\"@id\":\"https:\/\/vosgesinfo.fr\/saintdieinfo\/#\/schema\/person\/fa73e9f726d67bb88f46d5b7943cb572\",\"name\":\"J.J.\",\"image\":{\"@type\":\"ImageObject\",\"inLanguage\":\"fr-FR\",\"@id\":\"https:\/\/vosgesinfo.fr\/saintdieinfo\/#\/schema\/person\/image\/\",\"url\":\"https:\/\/secure.gravatar.com\/avatar\/219e749e47ffbcca018a360ae4add7d4cdf1cdaaf8bc7676b27efade3fe65615?s=96&d=mm&r=g\",\"contentUrl\":\"https:\/\/secure.gravatar.com\/avatar\/219e749e47ffbcca018a360ae4add7d4cdf1cdaaf8bc7676b27efade3fe65615?s=96&d=mm&r=g\",\"caption\":\"J.J.\"},\"url\":\"https:\/\/vosgesinfo.fr\/saintdieinfo\/author\/j-j\/\"}]}<\/script>\n<!-- \/ Yoast SEO plugin. -->","yoast_head_json":{"title":"Le mois de l'Egalit\u00e9 Femmes-Hommes de Saint-Di\u00e9-des-Vosges est lanc\u00e9 - Saint Die Info","robots":{"index":"index","follow":"follow","max-snippet":"max-snippet:-1","max-image-preview":"max-image-preview:large","max-video-preview":"max-video-preview:-1"},"canonical":"https:\/\/vosgesinfo.fr\/saintdieinfo\/2024\/03\/le-mois-de-legalite-femmes-hommes-de-saint-die-des-vosges-est-lance\/","twitter_card":"summary_large_image","twitter_title":"Le mois de l'Egalit\u00e9 Femmes-Hommes de Saint-Di\u00e9-des-Vosges est lanc\u00e9 - Saint Die Info","twitter_description":"A Saint-Di\u00e9-des-Vosges, ce mois de mars 2024 est consacr\u00e9 \u00e0 l&rsquo;\u00e9galit\u00e9 Femmes-Hommes. C&rsquo;est dans ce sens que la Ville, via [&hellip;]","twitter_image":"https:\/\/vosgesinfo.fr\/app\/uploads\/sites\/4\/2024\/03\/lancement-mois-egalite-femmes-hommes-egs-11.jpg","twitter_creator":"@VosgesInfo88","twitter_site":"@VosgesInfo88","twitter_misc":{"\u00c9crit par":"J.J.","Dur\u00e9e de lecture estim\u00e9e":"1 minute"},"schema":{"@context":"https:\/\/schema.org","@graph":[{"@type":"Article","@id":"https:\/\/vosgesinfo.fr\/saintdieinfo\/2024\/03\/le-mois-de-legalite-femmes-hommes-de-saint-die-des-vosges-est-lance\/#article","isPartOf":{"@id":"https:\/\/vosgesinfo.fr\/saintdieinfo\/2024\/03\/le-mois-de-legalite-femmes-hommes-de-saint-die-des-vosges-est-lance\/"},"author":{"name":"J.J.","@id":"https:\/\/vosgesinfo.fr\/saintdieinfo\/#\/schema\/person\/fa73e9f726d67bb88f46d5b7943cb572"},"headline":"Le mois de l&rsquo;Egalit\u00e9 Femmes-Hommes de Saint-Di\u00e9-des-Vosges est lanc\u00e9","datePublished":"2024-03-09T08:57:58+00:00","dateModified":"2024-03-09T08:57:58+00:00","mainEntityOfPage":{"@id":"https:\/\/vosgesinfo.fr\/saintdieinfo\/2024\/03\/le-mois-de-legalite-femmes-hommes-de-saint-die-des-vosges-est-lance\/"},"wordCount":293,"commentCount":1,"publisher":{"@id":"https:\/\/vosgesinfo.fr\/saintdieinfo\/#organization"},"image":{"@id":"https:\/\/vosgesinfo.fr\/saintdieinfo\/2024\/03\/le-mois-de-legalite-femmes-hommes-de-saint-die-des-vosges-est-lance\/#primaryimage"},"thumbnailUrl":"https:\/\/vosgesinfo.fr\/app\/uploads\/sites\/4\/2024\/03\/lancement-mois-egalite-femmes-hommes-egs-11.jpg","keywords":["All Dances","Danser Sans Compter","Espace Georges-Sadoul","Mois de l'Egalit\u00e9 Femmes-Hommes \u00e0 Saint-Di\u00e9-des-Vosges","Ville de Saint-Di\u00e9-des-Vosges","Willy"],"articleSection":["A la Une","Saint-Di\u00e9-des-Vosges","Soci\u00e9t\u00e9"],"inLanguage":"fr-FR","potentialAction":[{"@type":"CommentAction","name":"Comment","target":["https:\/\/vosgesinfo.fr\/saintdieinfo\/2024\/03\/le-mois-de-legalite-femmes-hommes-de-saint-die-des-vosges-est-lance\/#respond"]}]},{"@type":"WebPage","@id":"https:\/\/vosgesinfo.fr\/saintdieinfo\/2024\/03\/le-mois-de-legalite-femmes-hommes-de-saint-die-des-vosges-est-lance\/","url":"https:\/\/vosgesinfo.fr\/saintdieinfo\/2024\/03\/le-mois-de-legalite-femmes-hommes-de-saint-die-des-vosges-est-lance\/","name":"Le mois de l'Egalit\u00e9 Femmes-Hommes de Saint-Di\u00e9-des-Vosges est lanc\u00e9 - Saint Die Info","isPartOf":{"@id":"https:\/\/vosgesinfo.fr\/saintdieinfo\/#website"},"primaryImageOfPage":{"@id":"https:\/\/vosgesinfo.fr\/saintdieinfo\/2024\/03\/le-mois-de-legalite-femmes-hommes-de-saint-die-des-vosges-est-lance\/#primaryimage"},"image":{"@id":"https:\/\/vosgesinfo.fr\/saintdieinfo\/2024\/03\/le-mois-de-legalite-femmes-hommes-de-saint-die-des-vosges-est-lance\/#primaryimage"},"thumbnailUrl":"https:\/\/vosgesinfo.fr\/app\/uploads\/sites\/4\/2024\/03\/lancement-mois-egalite-femmes-hommes-egs-11.jpg","datePublished":"2024-03-09T08:57:58+00:00","dateModified":"2024-03-09T08:57:58+00:00","breadcrumb":{"@id":"https:\/\/vosgesinfo.fr\/saintdieinfo\/2024\/03\/le-mois-de-legalite-femmes-hommes-de-saint-die-des-vosges-est-lance\/#breadcrumb"},"inLanguage":"fr-FR","potentialAction":[{"@type":"ReadAction","target":["https:\/\/vosgesinfo.fr\/saintdieinfo\/2024\/03\/le-mois-de-legalite-femmes-hommes-de-saint-die-des-vosges-est-lance\/"]}]},{"@type":"ImageObject","inLanguage":"fr-FR","@id":"https:\/\/vosgesinfo.fr\/saintdieinfo\/2024\/03\/le-mois-de-legalite-femmes-hommes-de-saint-die-des-vosges-est-lance\/#primaryimage","url":"https:\/\/vosgesinfo.fr\/app\/uploads\/sites\/4\/2024\/03\/lancement-mois-egalite-femmes-hommes-egs-11.jpg","contentUrl":"https:\/\/vosgesinfo.fr\/app\/uploads\/sites\/4\/2024\/03\/lancement-mois-egalite-femmes-hommes-egs-11.jpg","width":1200,"height":800},{"@type":"BreadcrumbList","@id":"https:\/\/vosgesinfo.fr\/saintdieinfo\/2024\/03\/le-mois-de-legalite-femmes-hommes-de-saint-die-des-vosges-est-lance\/#breadcrumb","itemListElement":[{"@type":"ListItem","position":1,"name":"Home","item":"https:\/\/vosgesinfo.fr\/saintdieinfo\/"},{"@type":"ListItem","position":2,"name":"Le mois de l&rsquo;Egalit\u00e9 Femmes-Hommes de Saint-Di\u00e9-des-Vosges est lanc\u00e9"}]},{"@type":"WebSite","@id":"https:\/\/vosgesinfo.fr\/saintdieinfo\/#website","url":"https:\/\/vosgesinfo.fr\/saintdieinfo\/","name":"Saint Die Info","description":"Toute l&#039;actualit\u00e9 de Saint-Di\u00e9-Des-Vosges","publisher":{"@id":"https:\/\/vosgesinfo.fr\/saintdieinfo\/#organization"},"alternateName":"Toute l'actualit\u00e9 de Saint-Di\u00e9-Des-Vosges","potentialAction":[{"@type":"SearchAction","target":{"@type":"EntryPoint","urlTemplate":"https:\/\/vosgesinfo.fr\/saintdieinfo\/?s={search_term_string}"},"query-input":"required name=search_term_string"}],"inLanguage":"fr-FR"},{"@type":"Organization","@id":"https:\/\/vosgesinfo.fr\/saintdieinfo\/#organization","name":"Saint Die Info","url":"https:\/\/vosgesinfo.fr\/saintdieinfo\/","logo":{"@type":"ImageObject","inLanguage":"fr-FR","@id":"https:\/\/vosgesinfo.fr\/saintdieinfo\/#\/schema\/logo\/image\/","url":"https:\/\/vosgesinfo.fr\/app\/uploads\/sites\/4\/2024\/02\/logo-sdi.jpg","contentUrl":"https:\/\/vosgesinfo.fr\/app\/uploads\/sites\/4\/2024\/02\/logo-sdi.jpg","width":600,"height":600,"caption":"Saint Die Info"},"image":{"@id":"https:\/\/vosgesinfo.fr\/saintdieinfo\/#\/schema\/logo\/image\/"},"sameAs":["https:\/\/www.facebook.com\/Saintdieinfofr","https:\/\/x.com\/VosgesInfo88","https:\/\/www.youtube.com\/@vosgesinfo"]},{"@type":"Person","@id":"https:\/\/vosgesinfo.fr\/saintdieinfo\/#\/schema\/person\/fa73e9f726d67bb88f46d5b7943cb572","name":"J.J.","image":{"@type":"ImageObject","inLanguage":"fr-FR","@id":"https:\/\/vosgesinfo.fr\/saintdieinfo\/#\/schema\/person\/image\/","url":"https:\/\/secure.gravatar.com\/avatar\/219e749e47ffbcca018a360ae4add7d4cdf1cdaaf8bc7676b27efade3fe65615?s=96&d=mm&r=g","contentUrl":"https:\/\/secure.gravatar.com\/avatar\/219e749e47ffbcca018a360ae4add7d4cdf1cdaaf8bc7676b27efade3fe65615?s=96&d=mm&r=g","caption":"J.J."},"url":"https:\/\/vosgesinfo.fr\/saintdieinfo\/author\/j-j\/"}]}},"_links":{"self":[{"href":"https:\/\/vosgesinfo.fr\/saintdieinfo\/wp-json\/wp\/v2\/posts\/31280","targetHints":{"allow":["GET"]}}],"collection":[{"href":"https:\/\/vosgesinfo.fr\/saintdieinfo\/wp-json\/wp\/v2\/posts"}],"about":[{"href":"https:\/\/vosgesinfo.fr\/saintdieinfo\/wp-json\/wp\/v2\/types\/post"}],"author":[{"embeddable":true,"href":"https:\/\/vosgesinfo.fr\/saintdieinfo\/wp-json\/wp\/v2\/users\/46"}],"replies":[{"embeddable":true,"href":"https:\/\/vosgesinfo.fr\/saintdieinfo\/wp-json\/wp\/v2\/comments?post=31280"}],"version-history":[{"count":1,"href":"https:\/\/vosgesinfo.fr\/saintdieinfo\/wp-json\/wp\/v2\/posts\/31280\/revisions"}],"predecessor-version":[{"id":31293,"href":"https:\/\/vosgesinfo.fr\/saintdieinfo\/wp-json\/wp\/v2\/posts\/31280\/revisions\/31293"}],"wp:featuredmedia":[{"embeddable":true,"href":"https:\/\/vosgesinfo.fr\/saintdieinfo\/wp-json\/wp\/v2\/media\/31291"}],"wp:attachment":[{"href":"https:\/\/vosgesinfo.fr\/saintdieinfo\/wp-json\/wp\/v2\/media?parent=31280"}],"wp:term":[{"taxonomy":"category","embeddable":true,"href":"https:\/\/vosgesinfo.fr\/saintdieinfo\/wp-json\/wp\/v2\/categories?post=31280"},{"taxonomy":"post_tag","embeddable":true,"href":"https:\/\/vosgesinfo.fr\/saintdieinfo\/wp-json\/wp\/v2\/tags?post=31280"}],"curies":[{"name":"wp","href":"https:\/\/api.w.org\/{rel}","templated":true}]}}