{"id":31375,"date":"2024-03-12T09:45:12","date_gmt":"2024-03-12T08:45:12","guid":{"rendered":"https:\/\/vosgesinfo.fr\/saintdieinfo\/?p=31375"},"modified":"2024-03-12T09:45:12","modified_gmt":"2024-03-12T08:45:12","slug":"revitalisation-rurale-les-vosges-ont-ete-entendues-selon-david-valence","status":"publish","type":"post","link":"https:\/\/vosgesinfo.fr\/saintdieinfo\/2024\/03\/revitalisation-rurale-les-vosges-ont-ete-entendues-selon-david-valence\/","title":{"rendered":"Revitalisation rurale\u00a0: \u00ab\u00a0Les Vosges ont \u00e9t\u00e9 entendues\u00a0\u00bb selon David Valence"},"content":{"rendered":"<div id=\"attachment_22781\" style=\"width: 867px\" class=\"wp-caption alignnone\"><img decoding=\"async\" aria-describedby=\"caption-attachment-22781\" class=\"wp-image-22781 size-full\" src=\"https:\/\/vosgesinfo.fr\/app\/uploads\/sites\/4\/2023\/02\/david-valence.jpg\" alt=\"\" width=\"857\" height=\"857\" srcset=\"https:\/\/vosgesinfo.fr\/app\/uploads\/sites\/4\/2023\/02\/david-valence.jpg 857w, https:\/\/vosgesinfo.fr\/app\/uploads\/sites\/4\/2023\/02\/david-valence-300x300.jpg 300w, https:\/\/vosgesinfo.fr\/app\/uploads\/sites\/4\/2023\/02\/david-valence-150x150.jpg 150w, https:\/\/vosgesinfo.fr\/app\/uploads\/sites\/4\/2023\/02\/david-valence-768x768.jpg 768w\" sizes=\"(max-width: 857px) 100vw, 857px\" \/><p id=\"caption-attachment-22781\" class=\"wp-caption-text\">(Archive)<\/p><\/div>\n<h2>Le d\u00e9put\u00e9 de la deuxi\u00e8me circonscription David Valence avait saisi le Gouvernement suite aux inqui\u00e9tudes exprim\u00e9es dans les Vosges vis \u00e0 vis du nouveau dispositif des zones France Ruralit\u00e9 Revitalisation \u2013 FFR. David Valence s&rsquo;est exprim\u00e9 \u00e0 ce sujet hier lundi, en estimant que \u00ab\u00a0les Vosges ont \u00e9t\u00e9 entendues\u00a0\u00bb sur ce sujet.<\/h2>\n<p><!--more--><\/p>\n<p>\u00ab\u00a0Les zones de revitalisation rurale ont \u00e9t\u00e9 cr\u00e9\u00e9es en 1995 pour accompagner les territoires les plus fragiles de notre pays. Le classement en ZRR ouvre droit depuis lors \u00e0 plusieurs exon\u00e9rations ou possibilit\u00e9s d\u2019exon\u00e9rations pour les entreprises qui s\u2019implantent ou se d\u00e9veloppent. Pour les communes, il entra\u00eene une majoration automatique de la dotation de solidarit\u00e9 rurale (DSR), une des composantes de la dotation g\u00e9n\u00e9rale de fonctionnement.<\/p>\n<p>R\u00e9form\u00e9es une premi\u00e8re fois en 2005, les ZRR devaient l\u2019\u00eatre en 2023-2024. Le nouveau dispositif des zones France ruralit\u00e9 revitalisation (FFR) devait se concentrer sur les territoires les plus en difficult\u00e9, au prix d\u2019un r\u00e9examen de la liste des communes \u00e9ligibles. Ce processus a suscit\u00e9 des inqui\u00e9tudes dans les Vosges, en particulier dans ma circonscription. J\u2019en ai saisi le Gouvernement.<\/p>\n<p>Or, le Premier Ministre vient de me confirmer que la mise en \u0153uvre de la r\u00e9vision du zonage des FFR ferait l\u2019objet d\u2019un moratoire dans notre d\u00e9partement. Il a \u00e9galement demand\u00e9, avec la ministre Dominique Faure et suite \u00e0 mon intervention, de r\u00e9examiner la situation particuli\u00e8re des Vosges.<\/p>\n<p>Je tiens \u00e0 saluer cette d\u00e9cision. Elle va nous permettre de travailler tous ensemble \u00e0 une cartographie comprise par nos entreprises et nos \u00e9lus locaux. Je demeure pleinement mobilis\u00e9 pour faire entendre la voix de notre ruralit\u00e9 \u00e0 Paris !\u00a0\u00bb<\/p>\n","protected":false},"excerpt":{"rendered":"<p>Le d\u00e9put\u00e9 de la deuxi\u00e8me circonscription David Valence avait saisi le Gouvernement suite aux inqui\u00e9tudes exprim\u00e9es dans les Vosges vis [&hellip;]<\/p>\n","protected":false},"author":46,"featured_media":22781,"comment_status":"open","ping_status":"open","sticky":false,"template":"","format":"standard","meta":{"footnotes":""},"categories":[460,10,2915,18],"tags":[3337,3338,5538,5539],"class_list":["post-31375","post","type-post","status-publish","format-standard","has-post-thumbnail","hentry","category-a-la-une","category-politique","category-saint-die-son-canton","category-vosges","tag-david-valence","tag-depute-de-la-deuxieme-circonscription-des-vosges","tag-revitalisation-rurale","tag-zones-france-ruralite-revitalisation"],"acf":[],"yoast_head":"<!-- This site is optimized with the Yoast SEO plugin v22.5 - https:\/\/yoast.com\/wordpress\/plugins\/seo\/ -->\n<title>Revitalisation rurale\u00a0: \u00ab\u00a0Les Vosges ont \u00e9t\u00e9 entendues\u00a0\u00bb selon David Valence - Saint Die Info<\/title>\n<meta name=\"robots\" content=\"index, follow, max-snippet:-1, max-image-preview:large, max-video-preview:-1\" \/>\n<link rel=\"canonical\" href=\"https:\/\/vosgesinfo.fr\/saintdieinfo\/2024\/03\/revitalisation-rurale-les-vosges-ont-ete-entendues-selon-david-valence\/\" \/>\n<meta name=\"twitter:card\" content=\"summary_large_image\" \/>\n<meta name=\"twitter:title\" content=\"Revitalisation rurale\u00a0: \u00ab\u00a0Les Vosges ont \u00e9t\u00e9 entendues\u00a0\u00bb selon David Valence - Saint Die Info\" \/>\n<meta name=\"twitter:description\" content=\"Le d\u00e9put\u00e9 de la deuxi\u00e8me circonscription David Valence avait saisi le Gouvernement suite aux inqui\u00e9tudes exprim\u00e9es dans les Vosges vis [&hellip;]\" \/>\n<meta name=\"twitter:image\" content=\"https:\/\/vosgesinfo.fr\/app\/uploads\/sites\/4\/2023\/02\/david-valence.jpg\" \/>\n<meta name=\"twitter:creator\" content=\"@VosgesInfo88\" \/>\n<meta name=\"twitter:site\" content=\"@VosgesInfo88\" \/>\n<meta name=\"twitter:label1\" content=\"\u00c9crit par\" \/>\n\t<meta name=\"twitter:data1\" content=\"J.J.\" \/>\n\t<meta name=\"twitter:label2\" content=\"Dur\u00e9e de lecture estim\u00e9e\" \/>\n\t<meta name=\"twitter:data2\" content=\"1 minute\" \/>\n<script type=\"application\/ld+json\" class=\"yoast-schema-graph\">{\"@context\":\"https:\/\/schema.org\",\"@graph\":[{\"@type\":\"Article\",\"@id\":\"https:\/\/vosgesinfo.fr\/saintdieinfo\/2024\/03\/revitalisation-rurale-les-vosges-ont-ete-entendues-selon-david-valence\/#article\",\"isPartOf\":{\"@id\":\"https:\/\/vosgesinfo.fr\/saintdieinfo\/2024\/03\/revitalisation-rurale-les-vosges-ont-ete-entendues-selon-david-valence\/\"},\"author\":{\"name\":\"J.J.\",\"@id\":\"https:\/\/vosgesinfo.fr\/saintdieinfo\/#\/schema\/person\/fa73e9f726d67bb88f46d5b7943cb572\"},\"headline\":\"Revitalisation rurale\u00a0: \u00ab\u00a0Les Vosges ont \u00e9t\u00e9 entendues\u00a0\u00bb selon David Valence\",\"datePublished\":\"2024-03-12T08:45:12+00:00\",\"dateModified\":\"2024-03-12T08:45:12+00:00\",\"mainEntityOfPage\":{\"@id\":\"https:\/\/vosgesinfo.fr\/saintdieinfo\/2024\/03\/revitalisation-rurale-les-vosges-ont-ete-entendues-selon-david-valence\/\"},\"wordCount\":303,\"commentCount\":0,\"publisher\":{\"@id\":\"https:\/\/vosgesinfo.fr\/saintdieinfo\/#organization\"},\"image\":{\"@id\":\"https:\/\/vosgesinfo.fr\/saintdieinfo\/2024\/03\/revitalisation-rurale-les-vosges-ont-ete-entendues-selon-david-valence\/#primaryimage\"},\"thumbnailUrl\":\"https:\/\/vosgesinfo.fr\/app\/uploads\/sites\/4\/2023\/02\/david-valence.jpg\",\"keywords\":[\"David Valence\",\"D\u00e9put\u00e9 de la deuxi\u00e8me circonscription des Vosges\",\"Revitalisation rurale\",\"Zones France Ruralit\u00e9 Revitalisation\"],\"articleSection\":[\"A la Une\",\"Politique\",\"Saint-Di\u00e9-des-Vosges et son Agglom\u00e9ration\",\"Vosges\"],\"inLanguage\":\"fr-FR\",\"potentialAction\":[{\"@type\":\"CommentAction\",\"name\":\"Comment\",\"target\":[\"https:\/\/vosgesinfo.fr\/saintdieinfo\/2024\/03\/revitalisation-rurale-les-vosges-ont-ete-entendues-selon-david-valence\/#respond\"]}]},{\"@type\":\"WebPage\",\"@id\":\"https:\/\/vosgesinfo.fr\/saintdieinfo\/2024\/03\/revitalisation-rurale-les-vosges-ont-ete-entendues-selon-david-valence\/\",\"url\":\"https:\/\/vosgesinfo.fr\/saintdieinfo\/2024\/03\/revitalisation-rurale-les-vosges-ont-ete-entendues-selon-david-valence\/\",\"name\":\"Revitalisation rurale\u00a0: \u00ab\u00a0Les Vosges ont \u00e9t\u00e9 entendues\u00a0\u00bb selon David Valence - Saint Die Info\",\"isPartOf\":{\"@id\":\"https:\/\/vosgesinfo.fr\/saintdieinfo\/#website\"},\"primaryImageOfPage\":{\"@id\":\"https:\/\/vosgesinfo.fr\/saintdieinfo\/2024\/03\/revitalisation-rurale-les-vosges-ont-ete-entendues-selon-david-valence\/#primaryimage\"},\"image\":{\"@id\":\"https:\/\/vosgesinfo.fr\/saintdieinfo\/2024\/03\/revitalisation-rurale-les-vosges-ont-ete-entendues-selon-david-valence\/#primaryimage\"},\"thumbnailUrl\":\"https:\/\/vosgesinfo.fr\/app\/uploads\/sites\/4\/2023\/02\/david-valence.jpg\",\"datePublished\":\"2024-03-12T08:45:12+00:00\",\"dateModified\":\"2024-03-12T08:45:12+00:00\",\"breadcrumb\":{\"@id\":\"https:\/\/vosgesinfo.fr\/saintdieinfo\/2024\/03\/revitalisation-rurale-les-vosges-ont-ete-entendues-selon-david-valence\/#breadcrumb\"},\"inLanguage\":\"fr-FR\",\"potentialAction\":[{\"@type\":\"ReadAction\",\"target\":[\"https:\/\/vosgesinfo.fr\/saintdieinfo\/2024\/03\/revitalisation-rurale-les-vosges-ont-ete-entendues-selon-david-valence\/\"]}]},{\"@type\":\"ImageObject\",\"inLanguage\":\"fr-FR\",\"@id\":\"https:\/\/vosgesinfo.fr\/saintdieinfo\/2024\/03\/revitalisation-rurale-les-vosges-ont-ete-entendues-selon-david-valence\/#primaryimage\",\"url\":\"https:\/\/vosgesinfo.fr\/app\/uploads\/sites\/4\/2023\/02\/david-valence.jpg\",\"contentUrl\":\"https:\/\/vosgesinfo.fr\/app\/uploads\/sites\/4\/2023\/02\/david-valence.jpg\",\"width\":857,\"height\":857},{\"@type\":\"BreadcrumbList\",\"@id\":\"https:\/\/vosgesinfo.fr\/saintdieinfo\/2024\/03\/revitalisation-rurale-les-vosges-ont-ete-entendues-selon-david-valence\/#breadcrumb\",\"itemListElement\":[{\"@type\":\"ListItem\",\"position\":1,\"name\":\"Home\",\"item\":\"https:\/\/vosgesinfo.fr\/saintdieinfo\/\"},{\"@type\":\"ListItem\",\"position\":2,\"name\":\"Revitalisation rurale\u00a0: \u00ab\u00a0Les Vosges ont \u00e9t\u00e9 entendues\u00a0\u00bb selon David Valence\"}]},{\"@type\":\"WebSite\",\"@id\":\"https:\/\/vosgesinfo.fr\/saintdieinfo\/#website\",\"url\":\"https:\/\/vosgesinfo.fr\/saintdieinfo\/\",\"name\":\"Saint Die Info\",\"description\":\"Toute l&#039;actualit\u00e9 de Saint-Di\u00e9-Des-Vosges\",\"publisher\":{\"@id\":\"https:\/\/vosgesinfo.fr\/saintdieinfo\/#organization\"},\"alternateName\":\"Toute l'actualit\u00e9 de Saint-Di\u00e9-Des-Vosges\",\"potentialAction\":[{\"@type\":\"SearchAction\",\"target\":{\"@type\":\"EntryPoint\",\"urlTemplate\":\"https:\/\/vosgesinfo.fr\/saintdieinfo\/?s={search_term_string}\"},\"query-input\":\"required name=search_term_string\"}],\"inLanguage\":\"fr-FR\"},{\"@type\":\"Organization\",\"@id\":\"https:\/\/vosgesinfo.fr\/saintdieinfo\/#organization\",\"name\":\"Saint Die Info\",\"url\":\"https:\/\/vosgesinfo.fr\/saintdieinfo\/\",\"logo\":{\"@type\":\"ImageObject\",\"inLanguage\":\"fr-FR\",\"@id\":\"https:\/\/vosgesinfo.fr\/saintdieinfo\/#\/schema\/logo\/image\/\",\"url\":\"https:\/\/vosgesinfo.fr\/app\/uploads\/sites\/4\/2024\/02\/logo-sdi.jpg\",\"contentUrl\":\"https:\/\/vosgesinfo.fr\/app\/uploads\/sites\/4\/2024\/02\/logo-sdi.jpg\",\"width\":600,\"height\":600,\"caption\":\"Saint Die Info\"},\"image\":{\"@id\":\"https:\/\/vosgesinfo.fr\/saintdieinfo\/#\/schema\/logo\/image\/\"},\"sameAs\":[\"https:\/\/www.facebook.com\/Saintdieinfofr\",\"https:\/\/x.com\/VosgesInfo88\",\"https:\/\/www.youtube.com\/@vosgesinfo\"]},{\"@type\":\"Person\",\"@id\":\"https:\/\/vosgesinfo.fr\/saintdieinfo\/#\/schema\/person\/fa73e9f726d67bb88f46d5b7943cb572\",\"name\":\"J.J.\",\"image\":{\"@type\":\"ImageObject\",\"inLanguage\":\"fr-FR\",\"@id\":\"https:\/\/vosgesinfo.fr\/saintdieinfo\/#\/schema\/person\/image\/\",\"url\":\"https:\/\/secure.gravatar.com\/avatar\/219e749e47ffbcca018a360ae4add7d4cdf1cdaaf8bc7676b27efade3fe65615?s=96&d=mm&r=g\",\"contentUrl\":\"https:\/\/secure.gravatar.com\/avatar\/219e749e47ffbcca018a360ae4add7d4cdf1cdaaf8bc7676b27efade3fe65615?s=96&d=mm&r=g\",\"caption\":\"J.J.\"},\"url\":\"https:\/\/vosgesinfo.fr\/saintdieinfo\/author\/j-j\/\"}]}<\/script>\n<!-- \/ Yoast SEO plugin. -->","yoast_head_json":{"title":"Revitalisation rurale\u00a0: \u00ab\u00a0Les Vosges ont \u00e9t\u00e9 entendues\u00a0\u00bb selon David Valence - Saint Die Info","robots":{"index":"index","follow":"follow","max-snippet":"max-snippet:-1","max-image-preview":"max-image-preview:large","max-video-preview":"max-video-preview:-1"},"canonical":"https:\/\/vosgesinfo.fr\/saintdieinfo\/2024\/03\/revitalisation-rurale-les-vosges-ont-ete-entendues-selon-david-valence\/","twitter_card":"summary_large_image","twitter_title":"Revitalisation rurale\u00a0: \u00ab\u00a0Les Vosges ont \u00e9t\u00e9 entendues\u00a0\u00bb selon David Valence - Saint Die Info","twitter_description":"Le d\u00e9put\u00e9 de la deuxi\u00e8me circonscription David Valence avait saisi le Gouvernement suite aux inqui\u00e9tudes exprim\u00e9es dans les Vosges vis [&hellip;]","twitter_image":"https:\/\/vosgesinfo.fr\/app\/uploads\/sites\/4\/2023\/02\/david-valence.jpg","twitter_creator":"@VosgesInfo88","twitter_site":"@VosgesInfo88","twitter_misc":{"\u00c9crit par":"J.J.","Dur\u00e9e de lecture estim\u00e9e":"1 minute"},"schema":{"@context":"https:\/\/schema.org","@graph":[{"@type":"Article","@id":"https:\/\/vosgesinfo.fr\/saintdieinfo\/2024\/03\/revitalisation-rurale-les-vosges-ont-ete-entendues-selon-david-valence\/#article","isPartOf":{"@id":"https:\/\/vosgesinfo.fr\/saintdieinfo\/2024\/03\/revitalisation-rurale-les-vosges-ont-ete-entendues-selon-david-valence\/"},"author":{"name":"J.J.","@id":"https:\/\/vosgesinfo.fr\/saintdieinfo\/#\/schema\/person\/fa73e9f726d67bb88f46d5b7943cb572"},"headline":"Revitalisation rurale\u00a0: \u00ab\u00a0Les Vosges ont \u00e9t\u00e9 entendues\u00a0\u00bb selon David Valence","datePublished":"2024-03-12T08:45:12+00:00","dateModified":"2024-03-12T08:45:12+00:00","mainEntityOfPage":{"@id":"https:\/\/vosgesinfo.fr\/saintdieinfo\/2024\/03\/revitalisation-rurale-les-vosges-ont-ete-entendues-selon-david-valence\/"},"wordCount":303,"commentCount":0,"publisher":{"@id":"https:\/\/vosgesinfo.fr\/saintdieinfo\/#organization"},"image":{"@id":"https:\/\/vosgesinfo.fr\/saintdieinfo\/2024\/03\/revitalisation-rurale-les-vosges-ont-ete-entendues-selon-david-valence\/#primaryimage"},"thumbnailUrl":"https:\/\/vosgesinfo.fr\/app\/uploads\/sites\/4\/2023\/02\/david-valence.jpg","keywords":["David Valence","D\u00e9put\u00e9 de la deuxi\u00e8me circonscription des Vosges","Revitalisation rurale","Zones France Ruralit\u00e9 Revitalisation"],"articleSection":["A la Une","Politique","Saint-Di\u00e9-des-Vosges et son Agglom\u00e9ration","Vosges"],"inLanguage":"fr-FR","potentialAction":[{"@type":"CommentAction","name":"Comment","target":["https:\/\/vosgesinfo.fr\/saintdieinfo\/2024\/03\/revitalisation-rurale-les-vosges-ont-ete-entendues-selon-david-valence\/#respond"]}]},{"@type":"WebPage","@id":"https:\/\/vosgesinfo.fr\/saintdieinfo\/2024\/03\/revitalisation-rurale-les-vosges-ont-ete-entendues-selon-david-valence\/","url":"https:\/\/vosgesinfo.fr\/saintdieinfo\/2024\/03\/revitalisation-rurale-les-vosges-ont-ete-entendues-selon-david-valence\/","name":"Revitalisation rurale\u00a0: \u00ab\u00a0Les Vosges ont \u00e9t\u00e9 entendues\u00a0\u00bb selon David Valence - Saint Die Info","isPartOf":{"@id":"https:\/\/vosgesinfo.fr\/saintdieinfo\/#website"},"primaryImageOfPage":{"@id":"https:\/\/vosgesinfo.fr\/saintdieinfo\/2024\/03\/revitalisation-rurale-les-vosges-ont-ete-entendues-selon-david-valence\/#primaryimage"},"image":{"@id":"https:\/\/vosgesinfo.fr\/saintdieinfo\/2024\/03\/revitalisation-rurale-les-vosges-ont-ete-entendues-selon-david-valence\/#primaryimage"},"thumbnailUrl":"https:\/\/vosgesinfo.fr\/app\/uploads\/sites\/4\/2023\/02\/david-valence.jpg","datePublished":"2024-03-12T08:45:12+00:00","dateModified":"2024-03-12T08:45:12+00:00","breadcrumb":{"@id":"https:\/\/vosgesinfo.fr\/saintdieinfo\/2024\/03\/revitalisation-rurale-les-vosges-ont-ete-entendues-selon-david-valence\/#breadcrumb"},"inLanguage":"fr-FR","potentialAction":[{"@type":"ReadAction","target":["https:\/\/vosgesinfo.fr\/saintdieinfo\/2024\/03\/revitalisation-rurale-les-vosges-ont-ete-entendues-selon-david-valence\/"]}]},{"@type":"ImageObject","inLanguage":"fr-FR","@id":"https:\/\/vosgesinfo.fr\/saintdieinfo\/2024\/03\/revitalisation-rurale-les-vosges-ont-ete-entendues-selon-david-valence\/#primaryimage","url":"https:\/\/vosgesinfo.fr\/app\/uploads\/sites\/4\/2023\/02\/david-valence.jpg","contentUrl":"https:\/\/vosgesinfo.fr\/app\/uploads\/sites\/4\/2023\/02\/david-valence.jpg","width":857,"height":857},{"@type":"BreadcrumbList","@id":"https:\/\/vosgesinfo.fr\/saintdieinfo\/2024\/03\/revitalisation-rurale-les-vosges-ont-ete-entendues-selon-david-valence\/#breadcrumb","itemListElement":[{"@type":"ListItem","position":1,"name":"Home","item":"https:\/\/vosgesinfo.fr\/saintdieinfo\/"},{"@type":"ListItem","position":2,"name":"Revitalisation rurale\u00a0: \u00ab\u00a0Les Vosges ont \u00e9t\u00e9 entendues\u00a0\u00bb selon David Valence"}]},{"@type":"WebSite","@id":"https:\/\/vosgesinfo.fr\/saintdieinfo\/#website","url":"https:\/\/vosgesinfo.fr\/saintdieinfo\/","name":"Saint Die Info","description":"Toute l&#039;actualit\u00e9 de Saint-Di\u00e9-Des-Vosges","publisher":{"@id":"https:\/\/vosgesinfo.fr\/saintdieinfo\/#organization"},"alternateName":"Toute l'actualit\u00e9 de Saint-Di\u00e9-Des-Vosges","potentialAction":[{"@type":"SearchAction","target":{"@type":"EntryPoint","urlTemplate":"https:\/\/vosgesinfo.fr\/saintdieinfo\/?s={search_term_string}"},"query-input":"required name=search_term_string"}],"inLanguage":"fr-FR"},{"@type":"Organization","@id":"https:\/\/vosgesinfo.fr\/saintdieinfo\/#organization","name":"Saint Die Info","url":"https:\/\/vosgesinfo.fr\/saintdieinfo\/","logo":{"@type":"ImageObject","inLanguage":"fr-FR","@id":"https:\/\/vosgesinfo.fr\/saintdieinfo\/#\/schema\/logo\/image\/","url":"https:\/\/vosgesinfo.fr\/app\/uploads\/sites\/4\/2024\/02\/logo-sdi.jpg","contentUrl":"https:\/\/vosgesinfo.fr\/app\/uploads\/sites\/4\/2024\/02\/logo-sdi.jpg","width":600,"height":600,"caption":"Saint Die Info"},"image":{"@id":"https:\/\/vosgesinfo.fr\/saintdieinfo\/#\/schema\/logo\/image\/"},"sameAs":["https:\/\/www.facebook.com\/Saintdieinfofr","https:\/\/x.com\/VosgesInfo88","https:\/\/www.youtube.com\/@vosgesinfo"]},{"@type":"Person","@id":"https:\/\/vosgesinfo.fr\/saintdieinfo\/#\/schema\/person\/fa73e9f726d67bb88f46d5b7943cb572","name":"J.J.","image":{"@type":"ImageObject","inLanguage":"fr-FR","@id":"https:\/\/vosgesinfo.fr\/saintdieinfo\/#\/schema\/person\/image\/","url":"https:\/\/secure.gravatar.com\/avatar\/219e749e47ffbcca018a360ae4add7d4cdf1cdaaf8bc7676b27efade3fe65615?s=96&d=mm&r=g","contentUrl":"https:\/\/secure.gravatar.com\/avatar\/219e749e47ffbcca018a360ae4add7d4cdf1cdaaf8bc7676b27efade3fe65615?s=96&d=mm&r=g","caption":"J.J."},"url":"https:\/\/vosgesinfo.fr\/saintdieinfo\/author\/j-j\/"}]}},"_links":{"self":[{"href":"https:\/\/vosgesinfo.fr\/saintdieinfo\/wp-json\/wp\/v2\/posts\/31375","targetHints":{"allow":["GET"]}}],"collection":[{"href":"https:\/\/vosgesinfo.fr\/saintdieinfo\/wp-json\/wp\/v2\/posts"}],"about":[{"href":"https:\/\/vosgesinfo.fr\/saintdieinfo\/wp-json\/wp\/v2\/types\/post"}],"author":[{"embeddable":true,"href":"https:\/\/vosgesinfo.fr\/saintdieinfo\/wp-json\/wp\/v2\/users\/46"}],"replies":[{"embeddable":true,"href":"https:\/\/vosgesinfo.fr\/saintdieinfo\/wp-json\/wp\/v2\/comments?post=31375"}],"version-history":[{"count":2,"href":"https:\/\/vosgesinfo.fr\/saintdieinfo\/wp-json\/wp\/v2\/posts\/31375\/revisions"}],"predecessor-version":[{"id":31377,"href":"https:\/\/vosgesinfo.fr\/saintdieinfo\/wp-json\/wp\/v2\/posts\/31375\/revisions\/31377"}],"wp:featuredmedia":[{"embeddable":true,"href":"https:\/\/vosgesinfo.fr\/saintdieinfo\/wp-json\/wp\/v2\/media\/22781"}],"wp:attachment":[{"href":"https:\/\/vosgesinfo.fr\/saintdieinfo\/wp-json\/wp\/v2\/media?parent=31375"}],"wp:term":[{"taxonomy":"category","embeddable":true,"href":"https:\/\/vosgesinfo.fr\/saintdieinfo\/wp-json\/wp\/v2\/categories?post=31375"},{"taxonomy":"post_tag","embeddable":true,"href":"https:\/\/vosgesinfo.fr\/saintdieinfo\/wp-json\/wp\/v2\/tags?post=31375"}],"curies":[{"name":"wp","href":"https:\/\/api.w.org\/{rel}","templated":true}]}}