{"id":31378,"date":"2024-03-12T10:54:26","date_gmt":"2024-03-12T09:54:26","guid":{"rendered":"https:\/\/vosgesinfo.fr\/saintdieinfo\/?p=31378"},"modified":"2024-03-12T10:54:26","modified_gmt":"2024-03-12T09:54:26","slug":"elections-europeennes-sandra-blaise-sur-la-liste-conduite-par-leon-deffontaines-pcf","status":"publish","type":"post","link":"https:\/\/vosgesinfo.fr\/saintdieinfo\/2024\/03\/elections-europeennes-sandra-blaise-sur-la-liste-conduite-par-leon-deffontaines-pcf\/","title":{"rendered":"Elections europ\u00e9ennes\u00a0: Sandra Blaise sur la liste conduite par L\u00e9on Deffontaines (PCF)"},"content":{"rendered":"<div id=\"attachment_31380\" style=\"width: 423px\" class=\"wp-caption alignnone\"><img decoding=\"async\" aria-describedby=\"caption-attachment-31380\" class=\"wp-image-31380 size-full\" src=\"https:\/\/vosgesinfo.fr\/app\/uploads\/sites\/4\/2024\/03\/sandra-blaise.jpg\" alt=\"\" width=\"413\" height=\"500\" srcset=\"https:\/\/vosgesinfo.fr\/app\/uploads\/sites\/4\/2024\/03\/sandra-blaise.jpg 413w, https:\/\/vosgesinfo.fr\/app\/uploads\/sites\/4\/2024\/03\/sandra-blaise-248x300.jpg 248w\" sizes=\"(max-width: 413px) 100vw, 413px\" \/><p id=\"caption-attachment-31380\" class=\"wp-caption-text\">(Photographie Conseil R\u00e9gional du Grand Est)<\/p><\/div>\n<h2>La Vosgienne Sandra Blaise, conseill\u00e8re r\u00e9gionale du Grand Est et qui dirige le Parti Communiste Fran\u00e7ais (PCF) dans le d\u00e9partement, est en 16e position sur la liste PCF emmen\u00e9e par L\u00e9on Deffontaines aux prochaines \u00e9lections europ\u00e9ennes. Cette liste regroupe \u00e9galement la Gauche R\u00e9publicaine et Socialiste, les Radicaux de Gauche et \u00ab L&rsquo;Engagement \u00bb, le parti fond\u00e9 par Arnaud Montebourg.<\/h2>\n<p><!--more--><\/p>\n<p><img decoding=\"async\" class=\"alignnone size-large wp-image-31379\" src=\"https:\/\/vosgesinfo.fr\/app\/uploads\/sites\/4\/2024\/03\/elections-europeennes-sandra-blaise-767x1024.png\" alt=\"\" width=\"767\" height=\"1024\" srcset=\"https:\/\/vosgesinfo.fr\/app\/uploads\/sites\/4\/2024\/03\/elections-europeennes-sandra-blaise-767x1024.png 767w, https:\/\/vosgesinfo.fr\/app\/uploads\/sites\/4\/2024\/03\/elections-europeennes-sandra-blaise-225x300.png 225w, https:\/\/vosgesinfo.fr\/app\/uploads\/sites\/4\/2024\/03\/elections-europeennes-sandra-blaise-768x1025.png 768w, https:\/\/vosgesinfo.fr\/app\/uploads\/sites\/4\/2024\/03\/elections-europeennes-sandra-blaise-1151x1536.png 1151w, https:\/\/vosgesinfo.fr\/app\/uploads\/sites\/4\/2024\/03\/elections-europeennes-sandra-blaise.png 1236w\" sizes=\"(max-width: 767px) 100vw, 767px\" \/><\/p>\n","protected":false},"excerpt":{"rendered":"<p>La Vosgienne Sandra Blaise, conseill\u00e8re r\u00e9gionale du Grand Est et qui dirige le Parti Communiste Fran\u00e7ais (PCF) dans le d\u00e9partement, [&hellip;]<\/p>\n","protected":false},"author":46,"featured_media":31380,"comment_status":"open","ping_status":"open","sticky":false,"template":"","format":"standard","meta":{"footnotes":""},"categories":[460,10,18],"tags":[5543,5541,5542,5540],"class_list":["post-31378","post","type-post","status-publish","format-standard","has-post-thumbnail","hentry","category-a-la-une","category-politique","category-vosges","tag-elections-europeennes-2024","tag-leon-deffontaines","tag-parti-communiste-francais","tag-sandra-blaise"],"acf":[],"yoast_head":"<!-- This site is optimized with the Yoast SEO plugin v22.5 - https:\/\/yoast.com\/wordpress\/plugins\/seo\/ -->\n<title>Elections europ\u00e9ennes\u00a0: Sandra Blaise sur la liste conduite par L\u00e9on Deffontaines (PCF) - Saint Die Info<\/title>\n<meta name=\"robots\" content=\"index, follow, max-snippet:-1, max-image-preview:large, max-video-preview:-1\" \/>\n<link rel=\"canonical\" href=\"https:\/\/vosgesinfo.fr\/saintdieinfo\/2024\/03\/elections-europeennes-sandra-blaise-sur-la-liste-conduite-par-leon-deffontaines-pcf\/\" \/>\n<meta name=\"twitter:card\" content=\"summary_large_image\" \/>\n<meta name=\"twitter:title\" content=\"Elections europ\u00e9ennes\u00a0: Sandra Blaise sur la liste conduite par L\u00e9on Deffontaines (PCF) - Saint Die Info\" \/>\n<meta name=\"twitter:description\" content=\"La Vosgienne Sandra Blaise, conseill\u00e8re r\u00e9gionale du Grand Est et qui dirige le Parti Communiste Fran\u00e7ais (PCF) dans le d\u00e9partement, [&hellip;]\" \/>\n<meta name=\"twitter:image\" content=\"https:\/\/vosgesinfo.fr\/app\/uploads\/sites\/4\/2024\/03\/sandra-blaise.jpg\" \/>\n<meta name=\"twitter:creator\" content=\"@VosgesInfo88\" \/>\n<meta name=\"twitter:site\" content=\"@VosgesInfo88\" \/>\n<meta name=\"twitter:label1\" content=\"\u00c9crit par\" \/>\n\t<meta name=\"twitter:data1\" content=\"J.J.\" \/>\n<script type=\"application\/ld+json\" class=\"yoast-schema-graph\">{\"@context\":\"https:\/\/schema.org\",\"@graph\":[{\"@type\":\"Article\",\"@id\":\"https:\/\/vosgesinfo.fr\/saintdieinfo\/2024\/03\/elections-europeennes-sandra-blaise-sur-la-liste-conduite-par-leon-deffontaines-pcf\/#article\",\"isPartOf\":{\"@id\":\"https:\/\/vosgesinfo.fr\/saintdieinfo\/2024\/03\/elections-europeennes-sandra-blaise-sur-la-liste-conduite-par-leon-deffontaines-pcf\/\"},\"author\":{\"name\":\"J.J.\",\"@id\":\"https:\/\/vosgesinfo.fr\/saintdieinfo\/#\/schema\/person\/fa73e9f726d67bb88f46d5b7943cb572\"},\"headline\":\"Elections europ\u00e9ennes\u00a0: Sandra Blaise sur la liste conduite par L\u00e9on Deffontaines (PCF)\",\"datePublished\":\"2024-03-12T09:54:26+00:00\",\"dateModified\":\"2024-03-12T09:54:26+00:00\",\"mainEntityOfPage\":{\"@id\":\"https:\/\/vosgesinfo.fr\/saintdieinfo\/2024\/03\/elections-europeennes-sandra-blaise-sur-la-liste-conduite-par-leon-deffontaines-pcf\/\"},\"wordCount\":94,\"commentCount\":1,\"publisher\":{\"@id\":\"https:\/\/vosgesinfo.fr\/saintdieinfo\/#organization\"},\"image\":{\"@id\":\"https:\/\/vosgesinfo.fr\/saintdieinfo\/2024\/03\/elections-europeennes-sandra-blaise-sur-la-liste-conduite-par-leon-deffontaines-pcf\/#primaryimage\"},\"thumbnailUrl\":\"https:\/\/vosgesinfo.fr\/app\/uploads\/sites\/4\/2024\/03\/sandra-blaise.jpg\",\"keywords\":[\"Elections europ\u00e9ennes 2024\",\"L\u00e9on Deffontaines\",\"Parti Communiste Fran\u00e7ais\",\"Sandra Blaise\"],\"articleSection\":[\"A la Une\",\"Politique\",\"Vosges\"],\"inLanguage\":\"fr-FR\",\"potentialAction\":[{\"@type\":\"CommentAction\",\"name\":\"Comment\",\"target\":[\"https:\/\/vosgesinfo.fr\/saintdieinfo\/2024\/03\/elections-europeennes-sandra-blaise-sur-la-liste-conduite-par-leon-deffontaines-pcf\/#respond\"]}]},{\"@type\":\"WebPage\",\"@id\":\"https:\/\/vosgesinfo.fr\/saintdieinfo\/2024\/03\/elections-europeennes-sandra-blaise-sur-la-liste-conduite-par-leon-deffontaines-pcf\/\",\"url\":\"https:\/\/vosgesinfo.fr\/saintdieinfo\/2024\/03\/elections-europeennes-sandra-blaise-sur-la-liste-conduite-par-leon-deffontaines-pcf\/\",\"name\":\"Elections europ\u00e9ennes\u00a0: Sandra Blaise sur la liste conduite par L\u00e9on Deffontaines (PCF) - Saint Die Info\",\"isPartOf\":{\"@id\":\"https:\/\/vosgesinfo.fr\/saintdieinfo\/#website\"},\"primaryImageOfPage\":{\"@id\":\"https:\/\/vosgesinfo.fr\/saintdieinfo\/2024\/03\/elections-europeennes-sandra-blaise-sur-la-liste-conduite-par-leon-deffontaines-pcf\/#primaryimage\"},\"image\":{\"@id\":\"https:\/\/vosgesinfo.fr\/saintdieinfo\/2024\/03\/elections-europeennes-sandra-blaise-sur-la-liste-conduite-par-leon-deffontaines-pcf\/#primaryimage\"},\"thumbnailUrl\":\"https:\/\/vosgesinfo.fr\/app\/uploads\/sites\/4\/2024\/03\/sandra-blaise.jpg\",\"datePublished\":\"2024-03-12T09:54:26+00:00\",\"dateModified\":\"2024-03-12T09:54:26+00:00\",\"breadcrumb\":{\"@id\":\"https:\/\/vosgesinfo.fr\/saintdieinfo\/2024\/03\/elections-europeennes-sandra-blaise-sur-la-liste-conduite-par-leon-deffontaines-pcf\/#breadcrumb\"},\"inLanguage\":\"fr-FR\",\"potentialAction\":[{\"@type\":\"ReadAction\",\"target\":[\"https:\/\/vosgesinfo.fr\/saintdieinfo\/2024\/03\/elections-europeennes-sandra-blaise-sur-la-liste-conduite-par-leon-deffontaines-pcf\/\"]}]},{\"@type\":\"ImageObject\",\"inLanguage\":\"fr-FR\",\"@id\":\"https:\/\/vosgesinfo.fr\/saintdieinfo\/2024\/03\/elections-europeennes-sandra-blaise-sur-la-liste-conduite-par-leon-deffontaines-pcf\/#primaryimage\",\"url\":\"https:\/\/vosgesinfo.fr\/app\/uploads\/sites\/4\/2024\/03\/sandra-blaise.jpg\",\"contentUrl\":\"https:\/\/vosgesinfo.fr\/app\/uploads\/sites\/4\/2024\/03\/sandra-blaise.jpg\",\"width\":413,\"height\":500},{\"@type\":\"BreadcrumbList\",\"@id\":\"https:\/\/vosgesinfo.fr\/saintdieinfo\/2024\/03\/elections-europeennes-sandra-blaise-sur-la-liste-conduite-par-leon-deffontaines-pcf\/#breadcrumb\",\"itemListElement\":[{\"@type\":\"ListItem\",\"position\":1,\"name\":\"Home\",\"item\":\"https:\/\/vosgesinfo.fr\/saintdieinfo\/\"},{\"@type\":\"ListItem\",\"position\":2,\"name\":\"Elections europ\u00e9ennes\u00a0: Sandra Blaise sur la liste conduite par L\u00e9on Deffontaines (PCF)\"}]},{\"@type\":\"WebSite\",\"@id\":\"https:\/\/vosgesinfo.fr\/saintdieinfo\/#website\",\"url\":\"https:\/\/vosgesinfo.fr\/saintdieinfo\/\",\"name\":\"Saint Die Info\",\"description\":\"Toute l&#039;actualit\u00e9 de Saint-Di\u00e9-Des-Vosges\",\"publisher\":{\"@id\":\"https:\/\/vosgesinfo.fr\/saintdieinfo\/#organization\"},\"alternateName\":\"Toute l'actualit\u00e9 de Saint-Di\u00e9-Des-Vosges\",\"potentialAction\":[{\"@type\":\"SearchAction\",\"target\":{\"@type\":\"EntryPoint\",\"urlTemplate\":\"https:\/\/vosgesinfo.fr\/saintdieinfo\/?s={search_term_string}\"},\"query-input\":\"required name=search_term_string\"}],\"inLanguage\":\"fr-FR\"},{\"@type\":\"Organization\",\"@id\":\"https:\/\/vosgesinfo.fr\/saintdieinfo\/#organization\",\"name\":\"Saint Die Info\",\"url\":\"https:\/\/vosgesinfo.fr\/saintdieinfo\/\",\"logo\":{\"@type\":\"ImageObject\",\"inLanguage\":\"fr-FR\",\"@id\":\"https:\/\/vosgesinfo.fr\/saintdieinfo\/#\/schema\/logo\/image\/\",\"url\":\"https:\/\/vosgesinfo.fr\/app\/uploads\/sites\/4\/2024\/02\/logo-sdi.jpg\",\"contentUrl\":\"https:\/\/vosgesinfo.fr\/app\/uploads\/sites\/4\/2024\/02\/logo-sdi.jpg\",\"width\":600,\"height\":600,\"caption\":\"Saint Die Info\"},\"image\":{\"@id\":\"https:\/\/vosgesinfo.fr\/saintdieinfo\/#\/schema\/logo\/image\/\"},\"sameAs\":[\"https:\/\/www.facebook.com\/Saintdieinfofr\",\"https:\/\/x.com\/VosgesInfo88\",\"https:\/\/www.youtube.com\/@vosgesinfo\"]},{\"@type\":\"Person\",\"@id\":\"https:\/\/vosgesinfo.fr\/saintdieinfo\/#\/schema\/person\/fa73e9f726d67bb88f46d5b7943cb572\",\"name\":\"J.J.\",\"image\":{\"@type\":\"ImageObject\",\"inLanguage\":\"fr-FR\",\"@id\":\"https:\/\/vosgesinfo.fr\/saintdieinfo\/#\/schema\/person\/image\/\",\"url\":\"https:\/\/secure.gravatar.com\/avatar\/219e749e47ffbcca018a360ae4add7d4cdf1cdaaf8bc7676b27efade3fe65615?s=96&d=mm&r=g\",\"contentUrl\":\"https:\/\/secure.gravatar.com\/avatar\/219e749e47ffbcca018a360ae4add7d4cdf1cdaaf8bc7676b27efade3fe65615?s=96&d=mm&r=g\",\"caption\":\"J.J.\"},\"url\":\"https:\/\/vosgesinfo.fr\/saintdieinfo\/author\/j-j\/\"}]}<\/script>\n<!-- \/ Yoast SEO plugin. -->","yoast_head_json":{"title":"Elections europ\u00e9ennes\u00a0: Sandra Blaise sur la liste conduite par L\u00e9on Deffontaines (PCF) - Saint Die Info","robots":{"index":"index","follow":"follow","max-snippet":"max-snippet:-1","max-image-preview":"max-image-preview:large","max-video-preview":"max-video-preview:-1"},"canonical":"https:\/\/vosgesinfo.fr\/saintdieinfo\/2024\/03\/elections-europeennes-sandra-blaise-sur-la-liste-conduite-par-leon-deffontaines-pcf\/","twitter_card":"summary_large_image","twitter_title":"Elections europ\u00e9ennes\u00a0: Sandra Blaise sur la liste conduite par L\u00e9on Deffontaines (PCF) - Saint Die Info","twitter_description":"La Vosgienne Sandra Blaise, conseill\u00e8re r\u00e9gionale du Grand Est et qui dirige le Parti Communiste Fran\u00e7ais (PCF) dans le d\u00e9partement, [&hellip;]","twitter_image":"https:\/\/vosgesinfo.fr\/app\/uploads\/sites\/4\/2024\/03\/sandra-blaise.jpg","twitter_creator":"@VosgesInfo88","twitter_site":"@VosgesInfo88","twitter_misc":{"\u00c9crit par":"J.J."},"schema":{"@context":"https:\/\/schema.org","@graph":[{"@type":"Article","@id":"https:\/\/vosgesinfo.fr\/saintdieinfo\/2024\/03\/elections-europeennes-sandra-blaise-sur-la-liste-conduite-par-leon-deffontaines-pcf\/#article","isPartOf":{"@id":"https:\/\/vosgesinfo.fr\/saintdieinfo\/2024\/03\/elections-europeennes-sandra-blaise-sur-la-liste-conduite-par-leon-deffontaines-pcf\/"},"author":{"name":"J.J.","@id":"https:\/\/vosgesinfo.fr\/saintdieinfo\/#\/schema\/person\/fa73e9f726d67bb88f46d5b7943cb572"},"headline":"Elections europ\u00e9ennes\u00a0: Sandra Blaise sur la liste conduite par L\u00e9on Deffontaines (PCF)","datePublished":"2024-03-12T09:54:26+00:00","dateModified":"2024-03-12T09:54:26+00:00","mainEntityOfPage":{"@id":"https:\/\/vosgesinfo.fr\/saintdieinfo\/2024\/03\/elections-europeennes-sandra-blaise-sur-la-liste-conduite-par-leon-deffontaines-pcf\/"},"wordCount":94,"commentCount":1,"publisher":{"@id":"https:\/\/vosgesinfo.fr\/saintdieinfo\/#organization"},"image":{"@id":"https:\/\/vosgesinfo.fr\/saintdieinfo\/2024\/03\/elections-europeennes-sandra-blaise-sur-la-liste-conduite-par-leon-deffontaines-pcf\/#primaryimage"},"thumbnailUrl":"https:\/\/vosgesinfo.fr\/app\/uploads\/sites\/4\/2024\/03\/sandra-blaise.jpg","keywords":["Elections europ\u00e9ennes 2024","L\u00e9on Deffontaines","Parti Communiste Fran\u00e7ais","Sandra Blaise"],"articleSection":["A la Une","Politique","Vosges"],"inLanguage":"fr-FR","potentialAction":[{"@type":"CommentAction","name":"Comment","target":["https:\/\/vosgesinfo.fr\/saintdieinfo\/2024\/03\/elections-europeennes-sandra-blaise-sur-la-liste-conduite-par-leon-deffontaines-pcf\/#respond"]}]},{"@type":"WebPage","@id":"https:\/\/vosgesinfo.fr\/saintdieinfo\/2024\/03\/elections-europeennes-sandra-blaise-sur-la-liste-conduite-par-leon-deffontaines-pcf\/","url":"https:\/\/vosgesinfo.fr\/saintdieinfo\/2024\/03\/elections-europeennes-sandra-blaise-sur-la-liste-conduite-par-leon-deffontaines-pcf\/","name":"Elections europ\u00e9ennes\u00a0: Sandra Blaise sur la liste conduite par L\u00e9on Deffontaines (PCF) - Saint Die Info","isPartOf":{"@id":"https:\/\/vosgesinfo.fr\/saintdieinfo\/#website"},"primaryImageOfPage":{"@id":"https:\/\/vosgesinfo.fr\/saintdieinfo\/2024\/03\/elections-europeennes-sandra-blaise-sur-la-liste-conduite-par-leon-deffontaines-pcf\/#primaryimage"},"image":{"@id":"https:\/\/vosgesinfo.fr\/saintdieinfo\/2024\/03\/elections-europeennes-sandra-blaise-sur-la-liste-conduite-par-leon-deffontaines-pcf\/#primaryimage"},"thumbnailUrl":"https:\/\/vosgesinfo.fr\/app\/uploads\/sites\/4\/2024\/03\/sandra-blaise.jpg","datePublished":"2024-03-12T09:54:26+00:00","dateModified":"2024-03-12T09:54:26+00:00","breadcrumb":{"@id":"https:\/\/vosgesinfo.fr\/saintdieinfo\/2024\/03\/elections-europeennes-sandra-blaise-sur-la-liste-conduite-par-leon-deffontaines-pcf\/#breadcrumb"},"inLanguage":"fr-FR","potentialAction":[{"@type":"ReadAction","target":["https:\/\/vosgesinfo.fr\/saintdieinfo\/2024\/03\/elections-europeennes-sandra-blaise-sur-la-liste-conduite-par-leon-deffontaines-pcf\/"]}]},{"@type":"ImageObject","inLanguage":"fr-FR","@id":"https:\/\/vosgesinfo.fr\/saintdieinfo\/2024\/03\/elections-europeennes-sandra-blaise-sur-la-liste-conduite-par-leon-deffontaines-pcf\/#primaryimage","url":"https:\/\/vosgesinfo.fr\/app\/uploads\/sites\/4\/2024\/03\/sandra-blaise.jpg","contentUrl":"https:\/\/vosgesinfo.fr\/app\/uploads\/sites\/4\/2024\/03\/sandra-blaise.jpg","width":413,"height":500},{"@type":"BreadcrumbList","@id":"https:\/\/vosgesinfo.fr\/saintdieinfo\/2024\/03\/elections-europeennes-sandra-blaise-sur-la-liste-conduite-par-leon-deffontaines-pcf\/#breadcrumb","itemListElement":[{"@type":"ListItem","position":1,"name":"Home","item":"https:\/\/vosgesinfo.fr\/saintdieinfo\/"},{"@type":"ListItem","position":2,"name":"Elections europ\u00e9ennes\u00a0: Sandra Blaise sur la liste conduite par L\u00e9on Deffontaines (PCF)"}]},{"@type":"WebSite","@id":"https:\/\/vosgesinfo.fr\/saintdieinfo\/#website","url":"https:\/\/vosgesinfo.fr\/saintdieinfo\/","name":"Saint Die Info","description":"Toute l&#039;actualit\u00e9 de Saint-Di\u00e9-Des-Vosges","publisher":{"@id":"https:\/\/vosgesinfo.fr\/saintdieinfo\/#organization"},"alternateName":"Toute l'actualit\u00e9 de Saint-Di\u00e9-Des-Vosges","potentialAction":[{"@type":"SearchAction","target":{"@type":"EntryPoint","urlTemplate":"https:\/\/vosgesinfo.fr\/saintdieinfo\/?s={search_term_string}"},"query-input":"required name=search_term_string"}],"inLanguage":"fr-FR"},{"@type":"Organization","@id":"https:\/\/vosgesinfo.fr\/saintdieinfo\/#organization","name":"Saint Die Info","url":"https:\/\/vosgesinfo.fr\/saintdieinfo\/","logo":{"@type":"ImageObject","inLanguage":"fr-FR","@id":"https:\/\/vosgesinfo.fr\/saintdieinfo\/#\/schema\/logo\/image\/","url":"https:\/\/vosgesinfo.fr\/app\/uploads\/sites\/4\/2024\/02\/logo-sdi.jpg","contentUrl":"https:\/\/vosgesinfo.fr\/app\/uploads\/sites\/4\/2024\/02\/logo-sdi.jpg","width":600,"height":600,"caption":"Saint Die Info"},"image":{"@id":"https:\/\/vosgesinfo.fr\/saintdieinfo\/#\/schema\/logo\/image\/"},"sameAs":["https:\/\/www.facebook.com\/Saintdieinfofr","https:\/\/x.com\/VosgesInfo88","https:\/\/www.youtube.com\/@vosgesinfo"]},{"@type":"Person","@id":"https:\/\/vosgesinfo.fr\/saintdieinfo\/#\/schema\/person\/fa73e9f726d67bb88f46d5b7943cb572","name":"J.J.","image":{"@type":"ImageObject","inLanguage":"fr-FR","@id":"https:\/\/vosgesinfo.fr\/saintdieinfo\/#\/schema\/person\/image\/","url":"https:\/\/secure.gravatar.com\/avatar\/219e749e47ffbcca018a360ae4add7d4cdf1cdaaf8bc7676b27efade3fe65615?s=96&d=mm&r=g","contentUrl":"https:\/\/secure.gravatar.com\/avatar\/219e749e47ffbcca018a360ae4add7d4cdf1cdaaf8bc7676b27efade3fe65615?s=96&d=mm&r=g","caption":"J.J."},"url":"https:\/\/vosgesinfo.fr\/saintdieinfo\/author\/j-j\/"}]}},"_links":{"self":[{"href":"https:\/\/vosgesinfo.fr\/saintdieinfo\/wp-json\/wp\/v2\/posts\/31378","targetHints":{"allow":["GET"]}}],"collection":[{"href":"https:\/\/vosgesinfo.fr\/saintdieinfo\/wp-json\/wp\/v2\/posts"}],"about":[{"href":"https:\/\/vosgesinfo.fr\/saintdieinfo\/wp-json\/wp\/v2\/types\/post"}],"author":[{"embeddable":true,"href":"https:\/\/vosgesinfo.fr\/saintdieinfo\/wp-json\/wp\/v2\/users\/46"}],"replies":[{"embeddable":true,"href":"https:\/\/vosgesinfo.fr\/saintdieinfo\/wp-json\/wp\/v2\/comments?post=31378"}],"version-history":[{"count":1,"href":"https:\/\/vosgesinfo.fr\/saintdieinfo\/wp-json\/wp\/v2\/posts\/31378\/revisions"}],"predecessor-version":[{"id":31381,"href":"https:\/\/vosgesinfo.fr\/saintdieinfo\/wp-json\/wp\/v2\/posts\/31378\/revisions\/31381"}],"wp:featuredmedia":[{"embeddable":true,"href":"https:\/\/vosgesinfo.fr\/saintdieinfo\/wp-json\/wp\/v2\/media\/31380"}],"wp:attachment":[{"href":"https:\/\/vosgesinfo.fr\/saintdieinfo\/wp-json\/wp\/v2\/media?parent=31378"}],"wp:term":[{"taxonomy":"category","embeddable":true,"href":"https:\/\/vosgesinfo.fr\/saintdieinfo\/wp-json\/wp\/v2\/categories?post=31378"},{"taxonomy":"post_tag","embeddable":true,"href":"https:\/\/vosgesinfo.fr\/saintdieinfo\/wp-json\/wp\/v2\/tags?post=31378"}],"curies":[{"name":"wp","href":"https:\/\/api.w.org\/{rel}","templated":true}]}}