{"id":31382,"date":"2024-03-12T12:06:25","date_gmt":"2024-03-12T11:06:25","guid":{"rendered":"https:\/\/vosgesinfo.fr\/saintdieinfo\/?p=31382"},"modified":"2024-03-12T12:06:25","modified_gmt":"2024-03-12T11:06:25","slug":"fraize-premiere-edition-et-premiere-reussite-pour-le-carnaval-de-la-foret","status":"publish","type":"post","link":"https:\/\/vosgesinfo.fr\/saintdieinfo\/2024\/03\/fraize-premiere-edition-et-premiere-reussite-pour-le-carnaval-de-la-foret\/","title":{"rendered":"Fraize \u2013 Premi\u00e8re \u00e9dition et premi\u00e8re r\u00e9ussite pour le \u00ab\u00a0Carnaval de la for\u00eat\u00a0\u00bb"},"content":{"rendered":"<div id=\"attachment_31387\" style=\"width: 1034px\" class=\"wp-caption alignnone\"><img decoding=\"async\" aria-describedby=\"caption-attachment-31387\" class=\"wp-image-31387 size-large\" src=\"https:\/\/vosgesinfo.fr\/app\/uploads\/sites\/4\/2024\/03\/fraize-premier-carnaval-foret-5-1024x766.jpg\" alt=\"\" width=\"1024\" height=\"766\" srcset=\"https:\/\/vosgesinfo.fr\/app\/uploads\/sites\/4\/2024\/03\/fraize-premier-carnaval-foret-5-1024x766.jpg 1024w, https:\/\/vosgesinfo.fr\/app\/uploads\/sites\/4\/2024\/03\/fraize-premier-carnaval-foret-5-300x224.jpg 300w, https:\/\/vosgesinfo.fr\/app\/uploads\/sites\/4\/2024\/03\/fraize-premier-carnaval-foret-5-768x575.jpg 768w, https:\/\/vosgesinfo.fr\/app\/uploads\/sites\/4\/2024\/03\/fraize-premier-carnaval-foret-5-1536x1149.jpg 1536w, https:\/\/vosgesinfo.fr\/app\/uploads\/sites\/4\/2024\/03\/fraize-premier-carnaval-foret-5.jpg 2048w\" sizes=\"(max-width: 1024px) 100vw, 1024px\" \/><p id=\"caption-attachment-31387\" class=\"wp-caption-text\">(Photographies Delphine Courant)<\/p><\/div>\n<h2>C&rsquo;est un d\u00e9fil\u00e9 de carnaval assez singulier qui a sillonn\u00e9 les rues de Fraize ce dimanche. L&rsquo;artiste-plasticienne Claire Hannicq, de l&rsquo;association Faires, la sc\u00e9nographe Pauline Squelbut et Lola Cazin, de l&rsquo;association Consom&rsquo;acteurs 88,avaient invit\u00e9 petits et grands \u00e0 prendre part \u00e0 la premi\u00e8re \u00e9dition du \u00ab Carnaval de la for\u00eat \u00bb.<\/h2>\n<p><!--more--><\/p>\n<p>Et avec pr\u00e8s de 200 participants, ce coup d&rsquo;essai organis\u00e9 en partenariat avec le Conservatoire Olivier-Douchain, l&rsquo;antenne fraxinienne d&rsquo;Emma\u00fcs 88 et la Mairie de Fraize, est une r\u00e9ussite. Cette ode festive \u00e0 la Nature \u00e9tait rythm\u00e9e par la batucada d\u00e9odatienne et les cuivres de Philippe Mangenot et ses \u00e9l\u00e8ves, avec \u00e9galement la participation du \u00ab Graoulititi \u00bb de Consom&rsquo;acteurs 88, le poisson g\u00e9ant du Collectif des Possibles, la Compagnie des Naz, la jument bleue de LCFaire&#8230; En amont, avant que la parade bigarr\u00e9e ne s&rsquo;\u00e9lance au d\u00e9part des locaux d&rsquo;Emma\u00fcs, Claire Hannicq et Pauline Squelbut ont anim\u00e9 ces derni\u00e8res semaines 3 ateliers de confection de costumes. Ces ateliers s&rsquo;inscrivant dans le cadre du Contrat Territorial d&rsquo;Education Artistique et Culturelle \u2013 CTEAC \u2013 de la Communaut\u00e9 d&rsquo;Agglom\u00e9ration.<\/p>\n<p>\u00ab Rendez vous l\u2019ann\u00e9e prochaine avec encore plus de f\u00eate, de for\u00eat et de sauvage ! Et si vous souhaitez rejoindre l&rsquo;\u00e9v\u00e8nement l&rsquo;an prochain, contactez-nous sans tarder, nous allons prochainement r\u00e9fl\u00e9chir \u00e0 l&rsquo;\u00e9tape suivante\u00a0\u00bb pr\u00e9cise Claire Hannicq suite \u00e0 cette premi\u00e8re \u00e9dition \u2013 et premi\u00e8re r\u00e9ussite \u2013 du \u00ab\u00a0Carnaval de la for\u00eat\u00a0\u00bb de Fraize. Pour la contacter\u00a0: <a href=\"mailto:atelierfaires@gmail.com\">atelierfaires@gmail.com<\/a>.<\/p>\n<p>J.J.<\/p>\n<p><img decoding=\"async\" class=\"alignnone size-large wp-image-31386\" src=\"https:\/\/vosgesinfo.fr\/app\/uploads\/sites\/4\/2024\/03\/fraize-premier-carnaval-foret-4-1024x766.jpg\" alt=\"\" width=\"1024\" height=\"766\" srcset=\"https:\/\/vosgesinfo.fr\/app\/uploads\/sites\/4\/2024\/03\/fraize-premier-carnaval-foret-4-1024x766.jpg 1024w, https:\/\/vosgesinfo.fr\/app\/uploads\/sites\/4\/2024\/03\/fraize-premier-carnaval-foret-4-300x224.jpg 300w, https:\/\/vosgesinfo.fr\/app\/uploads\/sites\/4\/2024\/03\/fraize-premier-carnaval-foret-4-768x575.jpg 768w, https:\/\/vosgesinfo.fr\/app\/uploads\/sites\/4\/2024\/03\/fraize-premier-carnaval-foret-4-1536x1149.jpg 1536w, https:\/\/vosgesinfo.fr\/app\/uploads\/sites\/4\/2024\/03\/fraize-premier-carnaval-foret-4.jpg 2048w\" sizes=\"(max-width: 1024px) 100vw, 1024px\" \/><\/p>\n<p><img decoding=\"async\" class=\"alignnone size-large wp-image-31384\" src=\"https:\/\/vosgesinfo.fr\/app\/uploads\/sites\/4\/2024\/03\/fraize-premier-carnaval-foret-2-1024x766.jpg\" alt=\"\" width=\"1024\" height=\"766\" srcset=\"https:\/\/vosgesinfo.fr\/app\/uploads\/sites\/4\/2024\/03\/fraize-premier-carnaval-foret-2-1024x766.jpg 1024w, https:\/\/vosgesinfo.fr\/app\/uploads\/sites\/4\/2024\/03\/fraize-premier-carnaval-foret-2-300x224.jpg 300w, https:\/\/vosgesinfo.fr\/app\/uploads\/sites\/4\/2024\/03\/fraize-premier-carnaval-foret-2-768x575.jpg 768w, https:\/\/vosgesinfo.fr\/app\/uploads\/sites\/4\/2024\/03\/fraize-premier-carnaval-foret-2-1536x1149.jpg 1536w, https:\/\/vosgesinfo.fr\/app\/uploads\/sites\/4\/2024\/03\/fraize-premier-carnaval-foret-2.jpg 2048w\" sizes=\"(max-width: 1024px) 100vw, 1024px\" \/><\/p>\n<p><img decoding=\"async\" class=\"alignnone size-large wp-image-31390\" src=\"https:\/\/vosgesinfo.fr\/app\/uploads\/sites\/4\/2024\/03\/fraize-premier-carnaval-foret-8-1024x766.jpg\" alt=\"\" width=\"1024\" height=\"766\" srcset=\"https:\/\/vosgesinfo.fr\/app\/uploads\/sites\/4\/2024\/03\/fraize-premier-carnaval-foret-8-1024x766.jpg 1024w, https:\/\/vosgesinfo.fr\/app\/uploads\/sites\/4\/2024\/03\/fraize-premier-carnaval-foret-8-300x224.jpg 300w, https:\/\/vosgesinfo.fr\/app\/uploads\/sites\/4\/2024\/03\/fraize-premier-carnaval-foret-8-768x575.jpg 768w, https:\/\/vosgesinfo.fr\/app\/uploads\/sites\/4\/2024\/03\/fraize-premier-carnaval-foret-8-1536x1149.jpg 1536w, https:\/\/vosgesinfo.fr\/app\/uploads\/sites\/4\/2024\/03\/fraize-premier-carnaval-foret-8.jpg 2048w\" sizes=\"(max-width: 1024px) 100vw, 1024px\" \/><\/p>\n<p><img decoding=\"async\" class=\"alignnone size-large wp-image-31383\" src=\"https:\/\/vosgesinfo.fr\/app\/uploads\/sites\/4\/2024\/03\/fraize-premier-carnaval-foret-1-1024x766.jpg\" alt=\"\" width=\"1024\" height=\"766\" srcset=\"https:\/\/vosgesinfo.fr\/app\/uploads\/sites\/4\/2024\/03\/fraize-premier-carnaval-foret-1-1024x766.jpg 1024w, https:\/\/vosgesinfo.fr\/app\/uploads\/sites\/4\/2024\/03\/fraize-premier-carnaval-foret-1-300x224.jpg 300w, https:\/\/vosgesinfo.fr\/app\/uploads\/sites\/4\/2024\/03\/fraize-premier-carnaval-foret-1-768x575.jpg 768w, https:\/\/vosgesinfo.fr\/app\/uploads\/sites\/4\/2024\/03\/fraize-premier-carnaval-foret-1-1536x1149.jpg 1536w, https:\/\/vosgesinfo.fr\/app\/uploads\/sites\/4\/2024\/03\/fraize-premier-carnaval-foret-1.jpg 2048w\" sizes=\"(max-width: 1024px) 100vw, 1024px\" \/><\/p>\n<p><img decoding=\"async\" class=\"alignnone size-large wp-image-31385\" src=\"https:\/\/vosgesinfo.fr\/app\/uploads\/sites\/4\/2024\/03\/fraize-premier-carnaval-foret-3-1024x766.jpg\" alt=\"\" width=\"1024\" height=\"766\" srcset=\"https:\/\/vosgesinfo.fr\/app\/uploads\/sites\/4\/2024\/03\/fraize-premier-carnaval-foret-3-1024x766.jpg 1024w, https:\/\/vosgesinfo.fr\/app\/uploads\/sites\/4\/2024\/03\/fraize-premier-carnaval-foret-3-300x224.jpg 300w, https:\/\/vosgesinfo.fr\/app\/uploads\/sites\/4\/2024\/03\/fraize-premier-carnaval-foret-3-768x575.jpg 768w, https:\/\/vosgesinfo.fr\/app\/uploads\/sites\/4\/2024\/03\/fraize-premier-carnaval-foret-3-1536x1149.jpg 1536w, https:\/\/vosgesinfo.fr\/app\/uploads\/sites\/4\/2024\/03\/fraize-premier-carnaval-foret-3.jpg 2048w\" sizes=\"(max-width: 1024px) 100vw, 1024px\" \/><\/p>\n<p><img decoding=\"async\" class=\"alignnone size-large wp-image-31392\" src=\"https:\/\/vosgesinfo.fr\/app\/uploads\/sites\/4\/2024\/03\/fraize-premier-carnaval-foret-10-766x1024.jpg\" alt=\"\" width=\"766\" height=\"1024\" srcset=\"https:\/\/vosgesinfo.fr\/app\/uploads\/sites\/4\/2024\/03\/fraize-premier-carnaval-foret-10-766x1024.jpg 766w, https:\/\/vosgesinfo.fr\/app\/uploads\/sites\/4\/2024\/03\/fraize-premier-carnaval-foret-10-224x300.jpg 224w, https:\/\/vosgesinfo.fr\/app\/uploads\/sites\/4\/2024\/03\/fraize-premier-carnaval-foret-10-768x1027.jpg 768w, https:\/\/vosgesinfo.fr\/app\/uploads\/sites\/4\/2024\/03\/fraize-premier-carnaval-foret-10-1149x1536.jpg 1149w, https:\/\/vosgesinfo.fr\/app\/uploads\/sites\/4\/2024\/03\/fraize-premier-carnaval-foret-10.jpg 1532w\" sizes=\"(max-width: 766px) 100vw, 766px\" \/><\/p>\n<p><img decoding=\"async\" class=\"alignnone size-large wp-image-31389\" src=\"https:\/\/vosgesinfo.fr\/app\/uploads\/sites\/4\/2024\/03\/fraize-premier-carnaval-foret-7-1024x766.jpg\" alt=\"\" width=\"1024\" height=\"766\" srcset=\"https:\/\/vosgesinfo.fr\/app\/uploads\/sites\/4\/2024\/03\/fraize-premier-carnaval-foret-7-1024x766.jpg 1024w, https:\/\/vosgesinfo.fr\/app\/uploads\/sites\/4\/2024\/03\/fraize-premier-carnaval-foret-7-300x224.jpg 300w, https:\/\/vosgesinfo.fr\/app\/uploads\/sites\/4\/2024\/03\/fraize-premier-carnaval-foret-7-768x575.jpg 768w, https:\/\/vosgesinfo.fr\/app\/uploads\/sites\/4\/2024\/03\/fraize-premier-carnaval-foret-7-1536x1149.jpg 1536w, https:\/\/vosgesinfo.fr\/app\/uploads\/sites\/4\/2024\/03\/fraize-premier-carnaval-foret-7.jpg 2048w\" sizes=\"(max-width: 1024px) 100vw, 1024px\" \/><\/p>\n<p><img decoding=\"async\" class=\"alignnone size-large wp-image-31391\" src=\"https:\/\/vosgesinfo.fr\/app\/uploads\/sites\/4\/2024\/03\/fraize-premier-carnaval-foret-9-1024x766.jpg\" alt=\"\" width=\"1024\" height=\"766\" srcset=\"https:\/\/vosgesinfo.fr\/app\/uploads\/sites\/4\/2024\/03\/fraize-premier-carnaval-foret-9-1024x766.jpg 1024w, https:\/\/vosgesinfo.fr\/app\/uploads\/sites\/4\/2024\/03\/fraize-premier-carnaval-foret-9-300x224.jpg 300w, https:\/\/vosgesinfo.fr\/app\/uploads\/sites\/4\/2024\/03\/fraize-premier-carnaval-foret-9-768x575.jpg 768w, https:\/\/vosgesinfo.fr\/app\/uploads\/sites\/4\/2024\/03\/fraize-premier-carnaval-foret-9-1536x1149.jpg 1536w, https:\/\/vosgesinfo.fr\/app\/uploads\/sites\/4\/2024\/03\/fraize-premier-carnaval-foret-9.jpg 2048w\" sizes=\"(max-width: 1024px) 100vw, 1024px\" \/><\/p>\n","protected":false},"excerpt":{"rendered":"<p>C&rsquo;est un d\u00e9fil\u00e9 de carnaval assez singulier qui a sillonn\u00e9 les rues de Fraize ce dimanche. L&rsquo;artiste-plasticienne Claire Hannicq, de [&hellip;]<\/p>\n","protected":false},"author":46,"featured_media":31387,"comment_status":"open","ping_status":"open","sticky":false,"template":"","format":"standard","meta":{"footnotes":""},"categories":[460,3903,20],"tags":[3937,3938,2927,5544,3939],"class_list":["post-31382","post","type-post","status-publish","format-standard","has-post-thumbnail","hentry","category-a-la-une","category-deodatie","category-loisirs","tag-carnaval-de-la-foret","tag-claire-hannicq","tag-fraize","tag-lola-cazin","tag-pauline-squelbut"],"acf":[],"yoast_head":"<!-- This site is optimized with the Yoast SEO plugin v22.5 - https:\/\/yoast.com\/wordpress\/plugins\/seo\/ -->\n<title>Fraize \u2013 Premi\u00e8re \u00e9dition et premi\u00e8re r\u00e9ussite pour le \u00ab\u00a0Carnaval de la for\u00eat\u00a0\u00bb - Saint Die Info<\/title>\n<meta name=\"robots\" content=\"index, follow, max-snippet:-1, max-image-preview:large, max-video-preview:-1\" \/>\n<link rel=\"canonical\" href=\"https:\/\/vosgesinfo.fr\/saintdieinfo\/2024\/03\/fraize-premiere-edition-et-premiere-reussite-pour-le-carnaval-de-la-foret\/\" \/>\n<meta name=\"twitter:card\" content=\"summary_large_image\" \/>\n<meta name=\"twitter:title\" content=\"Fraize \u2013 Premi\u00e8re \u00e9dition et premi\u00e8re r\u00e9ussite pour le \u00ab\u00a0Carnaval de la for\u00eat\u00a0\u00bb - Saint Die Info\" \/>\n<meta name=\"twitter:description\" content=\"C&rsquo;est un d\u00e9fil\u00e9 de carnaval assez singulier qui a sillonn\u00e9 les rues de Fraize ce dimanche. L&rsquo;artiste-plasticienne Claire Hannicq, de [&hellip;]\" \/>\n<meta name=\"twitter:image\" content=\"https:\/\/vosgesinfo.fr\/app\/uploads\/sites\/4\/2024\/03\/fraize-premier-carnaval-foret-5.jpg\" \/>\n<meta name=\"twitter:creator\" content=\"@VosgesInfo88\" \/>\n<meta name=\"twitter:site\" content=\"@VosgesInfo88\" \/>\n<meta name=\"twitter:label1\" content=\"\u00c9crit par\" \/>\n\t<meta name=\"twitter:data1\" content=\"J.J.\" \/>\n\t<meta name=\"twitter:label2\" content=\"Dur\u00e9e de lecture estim\u00e9e\" \/>\n\t<meta name=\"twitter:data2\" content=\"1 minute\" \/>\n<script type=\"application\/ld+json\" class=\"yoast-schema-graph\">{\"@context\":\"https:\/\/schema.org\",\"@graph\":[{\"@type\":\"Article\",\"@id\":\"https:\/\/vosgesinfo.fr\/saintdieinfo\/2024\/03\/fraize-premiere-edition-et-premiere-reussite-pour-le-carnaval-de-la-foret\/#article\",\"isPartOf\":{\"@id\":\"https:\/\/vosgesinfo.fr\/saintdieinfo\/2024\/03\/fraize-premiere-edition-et-premiere-reussite-pour-le-carnaval-de-la-foret\/\"},\"author\":{\"name\":\"J.J.\",\"@id\":\"https:\/\/vosgesinfo.fr\/saintdieinfo\/#\/schema\/person\/fa73e9f726d67bb88f46d5b7943cb572\"},\"headline\":\"Fraize \u2013 Premi\u00e8re \u00e9dition et premi\u00e8re r\u00e9ussite pour le \u00ab\u00a0Carnaval de la for\u00eat\u00a0\u00bb\",\"datePublished\":\"2024-03-12T11:06:25+00:00\",\"dateModified\":\"2024-03-12T11:06:25+00:00\",\"mainEntityOfPage\":{\"@id\":\"https:\/\/vosgesinfo.fr\/saintdieinfo\/2024\/03\/fraize-premiere-edition-et-premiere-reussite-pour-le-carnaval-de-la-foret\/\"},\"wordCount\":291,\"commentCount\":0,\"publisher\":{\"@id\":\"https:\/\/vosgesinfo.fr\/saintdieinfo\/#organization\"},\"image\":{\"@id\":\"https:\/\/vosgesinfo.fr\/saintdieinfo\/2024\/03\/fraize-premiere-edition-et-premiere-reussite-pour-le-carnaval-de-la-foret\/#primaryimage\"},\"thumbnailUrl\":\"https:\/\/vosgesinfo.fr\/app\/uploads\/sites\/4\/2024\/03\/fraize-premier-carnaval-foret-5.jpg\",\"keywords\":[\"Carnaval de la For\u00eat\",\"Claire Hannicq\",\"Fraize\",\"Lola Cazin\",\"Pauline Squelbut\"],\"articleSection\":[\"A la Une\",\"D\u00e9odatie\",\"Loisirs\"],\"inLanguage\":\"fr-FR\",\"potentialAction\":[{\"@type\":\"CommentAction\",\"name\":\"Comment\",\"target\":[\"https:\/\/vosgesinfo.fr\/saintdieinfo\/2024\/03\/fraize-premiere-edition-et-premiere-reussite-pour-le-carnaval-de-la-foret\/#respond\"]}]},{\"@type\":\"WebPage\",\"@id\":\"https:\/\/vosgesinfo.fr\/saintdieinfo\/2024\/03\/fraize-premiere-edition-et-premiere-reussite-pour-le-carnaval-de-la-foret\/\",\"url\":\"https:\/\/vosgesinfo.fr\/saintdieinfo\/2024\/03\/fraize-premiere-edition-et-premiere-reussite-pour-le-carnaval-de-la-foret\/\",\"name\":\"Fraize \u2013 Premi\u00e8re \u00e9dition et premi\u00e8re r\u00e9ussite pour le \u00ab\u00a0Carnaval de la for\u00eat\u00a0\u00bb - Saint Die Info\",\"isPartOf\":{\"@id\":\"https:\/\/vosgesinfo.fr\/saintdieinfo\/#website\"},\"primaryImageOfPage\":{\"@id\":\"https:\/\/vosgesinfo.fr\/saintdieinfo\/2024\/03\/fraize-premiere-edition-et-premiere-reussite-pour-le-carnaval-de-la-foret\/#primaryimage\"},\"image\":{\"@id\":\"https:\/\/vosgesinfo.fr\/saintdieinfo\/2024\/03\/fraize-premiere-edition-et-premiere-reussite-pour-le-carnaval-de-la-foret\/#primaryimage\"},\"thumbnailUrl\":\"https:\/\/vosgesinfo.fr\/app\/uploads\/sites\/4\/2024\/03\/fraize-premier-carnaval-foret-5.jpg\",\"datePublished\":\"2024-03-12T11:06:25+00:00\",\"dateModified\":\"2024-03-12T11:06:25+00:00\",\"breadcrumb\":{\"@id\":\"https:\/\/vosgesinfo.fr\/saintdieinfo\/2024\/03\/fraize-premiere-edition-et-premiere-reussite-pour-le-carnaval-de-la-foret\/#breadcrumb\"},\"inLanguage\":\"fr-FR\",\"potentialAction\":[{\"@type\":\"ReadAction\",\"target\":[\"https:\/\/vosgesinfo.fr\/saintdieinfo\/2024\/03\/fraize-premiere-edition-et-premiere-reussite-pour-le-carnaval-de-la-foret\/\"]}]},{\"@type\":\"ImageObject\",\"inLanguage\":\"fr-FR\",\"@id\":\"https:\/\/vosgesinfo.fr\/saintdieinfo\/2024\/03\/fraize-premiere-edition-et-premiere-reussite-pour-le-carnaval-de-la-foret\/#primaryimage\",\"url\":\"https:\/\/vosgesinfo.fr\/app\/uploads\/sites\/4\/2024\/03\/fraize-premier-carnaval-foret-5.jpg\",\"contentUrl\":\"https:\/\/vosgesinfo.fr\/app\/uploads\/sites\/4\/2024\/03\/fraize-premier-carnaval-foret-5.jpg\",\"width\":2048,\"height\":1532},{\"@type\":\"BreadcrumbList\",\"@id\":\"https:\/\/vosgesinfo.fr\/saintdieinfo\/2024\/03\/fraize-premiere-edition-et-premiere-reussite-pour-le-carnaval-de-la-foret\/#breadcrumb\",\"itemListElement\":[{\"@type\":\"ListItem\",\"position\":1,\"name\":\"Home\",\"item\":\"https:\/\/vosgesinfo.fr\/saintdieinfo\/\"},{\"@type\":\"ListItem\",\"position\":2,\"name\":\"Fraize \u2013 Premi\u00e8re \u00e9dition et premi\u00e8re r\u00e9ussite pour le \u00ab\u00a0Carnaval de la for\u00eat\u00a0\u00bb\"}]},{\"@type\":\"WebSite\",\"@id\":\"https:\/\/vosgesinfo.fr\/saintdieinfo\/#website\",\"url\":\"https:\/\/vosgesinfo.fr\/saintdieinfo\/\",\"name\":\"Saint Die Info\",\"description\":\"Toute l&#039;actualit\u00e9 de Saint-Di\u00e9-Des-Vosges\",\"publisher\":{\"@id\":\"https:\/\/vosgesinfo.fr\/saintdieinfo\/#organization\"},\"alternateName\":\"Toute l'actualit\u00e9 de Saint-Di\u00e9-Des-Vosges\",\"potentialAction\":[{\"@type\":\"SearchAction\",\"target\":{\"@type\":\"EntryPoint\",\"urlTemplate\":\"https:\/\/vosgesinfo.fr\/saintdieinfo\/?s={search_term_string}\"},\"query-input\":\"required name=search_term_string\"}],\"inLanguage\":\"fr-FR\"},{\"@type\":\"Organization\",\"@id\":\"https:\/\/vosgesinfo.fr\/saintdieinfo\/#organization\",\"name\":\"Saint Die Info\",\"url\":\"https:\/\/vosgesinfo.fr\/saintdieinfo\/\",\"logo\":{\"@type\":\"ImageObject\",\"inLanguage\":\"fr-FR\",\"@id\":\"https:\/\/vosgesinfo.fr\/saintdieinfo\/#\/schema\/logo\/image\/\",\"url\":\"https:\/\/vosgesinfo.fr\/app\/uploads\/sites\/4\/2024\/02\/logo-sdi.jpg\",\"contentUrl\":\"https:\/\/vosgesinfo.fr\/app\/uploads\/sites\/4\/2024\/02\/logo-sdi.jpg\",\"width\":600,\"height\":600,\"caption\":\"Saint Die Info\"},\"image\":{\"@id\":\"https:\/\/vosgesinfo.fr\/saintdieinfo\/#\/schema\/logo\/image\/\"},\"sameAs\":[\"https:\/\/www.facebook.com\/Saintdieinfofr\",\"https:\/\/x.com\/VosgesInfo88\",\"https:\/\/www.youtube.com\/@vosgesinfo\"]},{\"@type\":\"Person\",\"@id\":\"https:\/\/vosgesinfo.fr\/saintdieinfo\/#\/schema\/person\/fa73e9f726d67bb88f46d5b7943cb572\",\"name\":\"J.J.\",\"image\":{\"@type\":\"ImageObject\",\"inLanguage\":\"fr-FR\",\"@id\":\"https:\/\/vosgesinfo.fr\/saintdieinfo\/#\/schema\/person\/image\/\",\"url\":\"https:\/\/secure.gravatar.com\/avatar\/219e749e47ffbcca018a360ae4add7d4cdf1cdaaf8bc7676b27efade3fe65615?s=96&d=mm&r=g\",\"contentUrl\":\"https:\/\/secure.gravatar.com\/avatar\/219e749e47ffbcca018a360ae4add7d4cdf1cdaaf8bc7676b27efade3fe65615?s=96&d=mm&r=g\",\"caption\":\"J.J.\"},\"url\":\"https:\/\/vosgesinfo.fr\/saintdieinfo\/author\/j-j\/\"}]}<\/script>\n<!-- \/ Yoast SEO plugin. -->","yoast_head_json":{"title":"Fraize \u2013 Premi\u00e8re \u00e9dition et premi\u00e8re r\u00e9ussite pour le \u00ab\u00a0Carnaval de la for\u00eat\u00a0\u00bb - Saint Die Info","robots":{"index":"index","follow":"follow","max-snippet":"max-snippet:-1","max-image-preview":"max-image-preview:large","max-video-preview":"max-video-preview:-1"},"canonical":"https:\/\/vosgesinfo.fr\/saintdieinfo\/2024\/03\/fraize-premiere-edition-et-premiere-reussite-pour-le-carnaval-de-la-foret\/","twitter_card":"summary_large_image","twitter_title":"Fraize \u2013 Premi\u00e8re \u00e9dition et premi\u00e8re r\u00e9ussite pour le \u00ab\u00a0Carnaval de la for\u00eat\u00a0\u00bb - Saint Die Info","twitter_description":"C&rsquo;est un d\u00e9fil\u00e9 de carnaval assez singulier qui a sillonn\u00e9 les rues de Fraize ce dimanche. L&rsquo;artiste-plasticienne Claire Hannicq, de [&hellip;]","twitter_image":"https:\/\/vosgesinfo.fr\/app\/uploads\/sites\/4\/2024\/03\/fraize-premier-carnaval-foret-5.jpg","twitter_creator":"@VosgesInfo88","twitter_site":"@VosgesInfo88","twitter_misc":{"\u00c9crit par":"J.J.","Dur\u00e9e de lecture estim\u00e9e":"1 minute"},"schema":{"@context":"https:\/\/schema.org","@graph":[{"@type":"Article","@id":"https:\/\/vosgesinfo.fr\/saintdieinfo\/2024\/03\/fraize-premiere-edition-et-premiere-reussite-pour-le-carnaval-de-la-foret\/#article","isPartOf":{"@id":"https:\/\/vosgesinfo.fr\/saintdieinfo\/2024\/03\/fraize-premiere-edition-et-premiere-reussite-pour-le-carnaval-de-la-foret\/"},"author":{"name":"J.J.","@id":"https:\/\/vosgesinfo.fr\/saintdieinfo\/#\/schema\/person\/fa73e9f726d67bb88f46d5b7943cb572"},"headline":"Fraize \u2013 Premi\u00e8re \u00e9dition et premi\u00e8re r\u00e9ussite pour le \u00ab\u00a0Carnaval de la for\u00eat\u00a0\u00bb","datePublished":"2024-03-12T11:06:25+00:00","dateModified":"2024-03-12T11:06:25+00:00","mainEntityOfPage":{"@id":"https:\/\/vosgesinfo.fr\/saintdieinfo\/2024\/03\/fraize-premiere-edition-et-premiere-reussite-pour-le-carnaval-de-la-foret\/"},"wordCount":291,"commentCount":0,"publisher":{"@id":"https:\/\/vosgesinfo.fr\/saintdieinfo\/#organization"},"image":{"@id":"https:\/\/vosgesinfo.fr\/saintdieinfo\/2024\/03\/fraize-premiere-edition-et-premiere-reussite-pour-le-carnaval-de-la-foret\/#primaryimage"},"thumbnailUrl":"https:\/\/vosgesinfo.fr\/app\/uploads\/sites\/4\/2024\/03\/fraize-premier-carnaval-foret-5.jpg","keywords":["Carnaval de la For\u00eat","Claire Hannicq","Fraize","Lola Cazin","Pauline Squelbut"],"articleSection":["A la Une","D\u00e9odatie","Loisirs"],"inLanguage":"fr-FR","potentialAction":[{"@type":"CommentAction","name":"Comment","target":["https:\/\/vosgesinfo.fr\/saintdieinfo\/2024\/03\/fraize-premiere-edition-et-premiere-reussite-pour-le-carnaval-de-la-foret\/#respond"]}]},{"@type":"WebPage","@id":"https:\/\/vosgesinfo.fr\/saintdieinfo\/2024\/03\/fraize-premiere-edition-et-premiere-reussite-pour-le-carnaval-de-la-foret\/","url":"https:\/\/vosgesinfo.fr\/saintdieinfo\/2024\/03\/fraize-premiere-edition-et-premiere-reussite-pour-le-carnaval-de-la-foret\/","name":"Fraize \u2013 Premi\u00e8re \u00e9dition et premi\u00e8re r\u00e9ussite pour le \u00ab\u00a0Carnaval de la for\u00eat\u00a0\u00bb - Saint Die Info","isPartOf":{"@id":"https:\/\/vosgesinfo.fr\/saintdieinfo\/#website"},"primaryImageOfPage":{"@id":"https:\/\/vosgesinfo.fr\/saintdieinfo\/2024\/03\/fraize-premiere-edition-et-premiere-reussite-pour-le-carnaval-de-la-foret\/#primaryimage"},"image":{"@id":"https:\/\/vosgesinfo.fr\/saintdieinfo\/2024\/03\/fraize-premiere-edition-et-premiere-reussite-pour-le-carnaval-de-la-foret\/#primaryimage"},"thumbnailUrl":"https:\/\/vosgesinfo.fr\/app\/uploads\/sites\/4\/2024\/03\/fraize-premier-carnaval-foret-5.jpg","datePublished":"2024-03-12T11:06:25+00:00","dateModified":"2024-03-12T11:06:25+00:00","breadcrumb":{"@id":"https:\/\/vosgesinfo.fr\/saintdieinfo\/2024\/03\/fraize-premiere-edition-et-premiere-reussite-pour-le-carnaval-de-la-foret\/#breadcrumb"},"inLanguage":"fr-FR","potentialAction":[{"@type":"ReadAction","target":["https:\/\/vosgesinfo.fr\/saintdieinfo\/2024\/03\/fraize-premiere-edition-et-premiere-reussite-pour-le-carnaval-de-la-foret\/"]}]},{"@type":"ImageObject","inLanguage":"fr-FR","@id":"https:\/\/vosgesinfo.fr\/saintdieinfo\/2024\/03\/fraize-premiere-edition-et-premiere-reussite-pour-le-carnaval-de-la-foret\/#primaryimage","url":"https:\/\/vosgesinfo.fr\/app\/uploads\/sites\/4\/2024\/03\/fraize-premier-carnaval-foret-5.jpg","contentUrl":"https:\/\/vosgesinfo.fr\/app\/uploads\/sites\/4\/2024\/03\/fraize-premier-carnaval-foret-5.jpg","width":2048,"height":1532},{"@type":"BreadcrumbList","@id":"https:\/\/vosgesinfo.fr\/saintdieinfo\/2024\/03\/fraize-premiere-edition-et-premiere-reussite-pour-le-carnaval-de-la-foret\/#breadcrumb","itemListElement":[{"@type":"ListItem","position":1,"name":"Home","item":"https:\/\/vosgesinfo.fr\/saintdieinfo\/"},{"@type":"ListItem","position":2,"name":"Fraize \u2013 Premi\u00e8re \u00e9dition et premi\u00e8re r\u00e9ussite pour le \u00ab\u00a0Carnaval de la for\u00eat\u00a0\u00bb"}]},{"@type":"WebSite","@id":"https:\/\/vosgesinfo.fr\/saintdieinfo\/#website","url":"https:\/\/vosgesinfo.fr\/saintdieinfo\/","name":"Saint Die Info","description":"Toute l&#039;actualit\u00e9 de Saint-Di\u00e9-Des-Vosges","publisher":{"@id":"https:\/\/vosgesinfo.fr\/saintdieinfo\/#organization"},"alternateName":"Toute l'actualit\u00e9 de Saint-Di\u00e9-Des-Vosges","potentialAction":[{"@type":"SearchAction","target":{"@type":"EntryPoint","urlTemplate":"https:\/\/vosgesinfo.fr\/saintdieinfo\/?s={search_term_string}"},"query-input":"required name=search_term_string"}],"inLanguage":"fr-FR"},{"@type":"Organization","@id":"https:\/\/vosgesinfo.fr\/saintdieinfo\/#organization","name":"Saint Die Info","url":"https:\/\/vosgesinfo.fr\/saintdieinfo\/","logo":{"@type":"ImageObject","inLanguage":"fr-FR","@id":"https:\/\/vosgesinfo.fr\/saintdieinfo\/#\/schema\/logo\/image\/","url":"https:\/\/vosgesinfo.fr\/app\/uploads\/sites\/4\/2024\/02\/logo-sdi.jpg","contentUrl":"https:\/\/vosgesinfo.fr\/app\/uploads\/sites\/4\/2024\/02\/logo-sdi.jpg","width":600,"height":600,"caption":"Saint Die Info"},"image":{"@id":"https:\/\/vosgesinfo.fr\/saintdieinfo\/#\/schema\/logo\/image\/"},"sameAs":["https:\/\/www.facebook.com\/Saintdieinfofr","https:\/\/x.com\/VosgesInfo88","https:\/\/www.youtube.com\/@vosgesinfo"]},{"@type":"Person","@id":"https:\/\/vosgesinfo.fr\/saintdieinfo\/#\/schema\/person\/fa73e9f726d67bb88f46d5b7943cb572","name":"J.J.","image":{"@type":"ImageObject","inLanguage":"fr-FR","@id":"https:\/\/vosgesinfo.fr\/saintdieinfo\/#\/schema\/person\/image\/","url":"https:\/\/secure.gravatar.com\/avatar\/219e749e47ffbcca018a360ae4add7d4cdf1cdaaf8bc7676b27efade3fe65615?s=96&d=mm&r=g","contentUrl":"https:\/\/secure.gravatar.com\/avatar\/219e749e47ffbcca018a360ae4add7d4cdf1cdaaf8bc7676b27efade3fe65615?s=96&d=mm&r=g","caption":"J.J."},"url":"https:\/\/vosgesinfo.fr\/saintdieinfo\/author\/j-j\/"}]}},"_links":{"self":[{"href":"https:\/\/vosgesinfo.fr\/saintdieinfo\/wp-json\/wp\/v2\/posts\/31382","targetHints":{"allow":["GET"]}}],"collection":[{"href":"https:\/\/vosgesinfo.fr\/saintdieinfo\/wp-json\/wp\/v2\/posts"}],"about":[{"href":"https:\/\/vosgesinfo.fr\/saintdieinfo\/wp-json\/wp\/v2\/types\/post"}],"author":[{"embeddable":true,"href":"https:\/\/vosgesinfo.fr\/saintdieinfo\/wp-json\/wp\/v2\/users\/46"}],"replies":[{"embeddable":true,"href":"https:\/\/vosgesinfo.fr\/saintdieinfo\/wp-json\/wp\/v2\/comments?post=31382"}],"version-history":[{"count":1,"href":"https:\/\/vosgesinfo.fr\/saintdieinfo\/wp-json\/wp\/v2\/posts\/31382\/revisions"}],"predecessor-version":[{"id":31393,"href":"https:\/\/vosgesinfo.fr\/saintdieinfo\/wp-json\/wp\/v2\/posts\/31382\/revisions\/31393"}],"wp:featuredmedia":[{"embeddable":true,"href":"https:\/\/vosgesinfo.fr\/saintdieinfo\/wp-json\/wp\/v2\/media\/31387"}],"wp:attachment":[{"href":"https:\/\/vosgesinfo.fr\/saintdieinfo\/wp-json\/wp\/v2\/media?parent=31382"}],"wp:term":[{"taxonomy":"category","embeddable":true,"href":"https:\/\/vosgesinfo.fr\/saintdieinfo\/wp-json\/wp\/v2\/categories?post=31382"},{"taxonomy":"post_tag","embeddable":true,"href":"https:\/\/vosgesinfo.fr\/saintdieinfo\/wp-json\/wp\/v2\/tags?post=31382"}],"curies":[{"name":"wp","href":"https:\/\/api.w.org\/{rel}","templated":true}]}}