{"id":31879,"date":"2024-03-26T09:24:33","date_gmt":"2024-03-26T08:24:33","guid":{"rendered":"https:\/\/vosgesinfo.fr\/saintdieinfo\/?p=31879"},"modified":"2024-03-26T09:24:33","modified_gmt":"2024-03-26T08:24:33","slug":"les-trains-entre-epinal-saint-die-des-vosges-et-saales-temporairement-interrompus","status":"publish","type":"post","link":"https:\/\/vosgesinfo.fr\/saintdieinfo\/2024\/03\/les-trains-entre-epinal-saint-die-des-vosges-et-saales-temporairement-interrompus\/","title":{"rendered":"Les trains entre Epinal, Saint-Di\u00e9-des-Vosges et Saales temporairement interrompus"},"content":{"rendered":"<div id=\"attachment_22472\" style=\"width: 1034px\" class=\"wp-caption alignnone\"><img decoding=\"async\" aria-describedby=\"caption-attachment-22472\" class=\"wp-image-22472 size-full\" src=\"https:\/\/vosgesinfo.fr\/app\/uploads\/sites\/4\/2020\/02\/train-ter-grand-est-1024x576-1.jpg\" alt=\"\" width=\"1024\" height=\"576\" srcset=\"https:\/\/vosgesinfo.fr\/app\/uploads\/sites\/4\/2020\/02\/train-ter-grand-est-1024x576-1.jpg 1024w, https:\/\/vosgesinfo.fr\/app\/uploads\/sites\/4\/2020\/02\/train-ter-grand-est-1024x576-1-300x169.jpg 300w, https:\/\/vosgesinfo.fr\/app\/uploads\/sites\/4\/2020\/02\/train-ter-grand-est-1024x576-1-768x432.jpg 768w\" sizes=\"(max-width: 1024px) 100vw, 1024px\" \/><p id=\"caption-attachment-22472\" class=\"wp-caption-text\">(Illustration)<\/p><\/div>\n<h2>La circulation des trains TER est temporairement interrompus entre Epinal, Saint-Di\u00e9-des-Vosges et Saales, depuis ce samedi 23 mars et jusqu&rsquo;au lundi 1er avril.<\/h2>\n<p><!--more--><\/p>\n<p>Cette interruption fait suite \u00e0 un rail cass\u00e9 en d\u00e9but d&rsquo;ann\u00e9e dans le secteur de Provench\u00e8res-et-Colroy. Des analyses ont \u00e9t\u00e9 men\u00e9es par la SNCF, qui en cons\u00e9quence pose cette semaine des panneaux de limitation de vitesse, l\u00e0 aussi temporaires.<\/p>\n<p>Une situation que d\u00e9plore Franck Leroy, pr\u00e9sident du Conseil D\u00e9partemental du Grand Est, dans une lettre ouverte publi\u00e9e sur X et adress\u00e9 \u00e0 Matthieu Chabanel, PDG de SNCF R\u00e9seau. \u00ab\u00a0Chacun convient que la s\u00e9curit\u00e9 doit \u00eatre notre priorit\u00e9, mais le caract\u00e8re r\u00e9p\u00e9t\u00e9 des incidents sur cette ligne et les fortes r\u00e9percussions sur les usagers interrogent sur la veille et l&rsquo;anticipation faite par SNCF R\u00e9seau sur le secteur. De mani\u00e8re g\u00e9n\u00e9rale, nous constatons une nouvelle fois que, malgr\u00e9 de lourds investissements port\u00e9s majoritairement par la R\u00e9gion Grand Est, la situation se d\u00e9grade tr\u00e8s fortement, remettant en question les circulations ferroviaires sur l&rsquo;int\u00e9gralit\u00e9 de l&rsquo;axe Strasbourg-Saint-Di\u00e9-des-Vosges-Epinal. Les caract\u00e9ristiques du rail analys\u00e9, qui est tr\u00e8s ancien, ne pouvaient pas \u00eatre ignor\u00e9es par vos services.\u00a0\u00bb<\/p>\n<p>En attendant le retour des trains TER la semaine prochaine, des bus de substitution assurent les liaisons entre les 3 communes.<\/p>\n<p>J.J.<\/p>\n<div id=\"attachment_31880\" style=\"width: 724px\" class=\"wp-caption alignnone\"><a href=\"https:\/\/vosgesinfo.fr\/app\/uploads\/sites\/4\/2024\/03\/lettre-ouverte-franck-leroy-trains-epinal-sddv-saales-1.jpg\"><img decoding=\"async\" aria-describedby=\"caption-attachment-31880\" class=\"wp-image-31880 size-large\" src=\"https:\/\/vosgesinfo.fr\/app\/uploads\/sites\/4\/2024\/03\/lettre-ouverte-franck-leroy-trains-epinal-sddv-saales-1-714x1024.jpg\" alt=\"\" width=\"714\" height=\"1024\" srcset=\"https:\/\/vosgesinfo.fr\/app\/uploads\/sites\/4\/2024\/03\/lettre-ouverte-franck-leroy-trains-epinal-sddv-saales-1-714x1024.jpg 714w, https:\/\/vosgesinfo.fr\/app\/uploads\/sites\/4\/2024\/03\/lettre-ouverte-franck-leroy-trains-epinal-sddv-saales-1-209x300.jpg 209w, https:\/\/vosgesinfo.fr\/app\/uploads\/sites\/4\/2024\/03\/lettre-ouverte-franck-leroy-trains-epinal-sddv-saales-1-768x1102.jpg 768w, https:\/\/vosgesinfo.fr\/app\/uploads\/sites\/4\/2024\/03\/lettre-ouverte-franck-leroy-trains-epinal-sddv-saales-1-1071x1536.jpg 1071w, https:\/\/vosgesinfo.fr\/app\/uploads\/sites\/4\/2024\/03\/lettre-ouverte-franck-leroy-trains-epinal-sddv-saales-1.jpg 1120w\" sizes=\"(max-width: 714px) 100vw, 714px\" \/><\/a><p id=\"caption-attachment-31880\" class=\"wp-caption-text\">(Cliquer pour agrandir)<\/p><\/div>\n<div id=\"attachment_31881\" style=\"width: 728px\" class=\"wp-caption alignnone\"><a href=\"https:\/\/vosgesinfo.fr\/app\/uploads\/sites\/4\/2024\/03\/lettre-ouverte-franck-leroy-trains-epinal-sddv-saales-2.jpg\"><img decoding=\"async\" aria-describedby=\"caption-attachment-31881\" class=\"wp-image-31881 size-large\" src=\"https:\/\/vosgesinfo.fr\/app\/uploads\/sites\/4\/2024\/03\/lettre-ouverte-franck-leroy-trains-epinal-sddv-saales-2-718x1024.jpg\" alt=\"\" width=\"718\" height=\"1024\" srcset=\"https:\/\/vosgesinfo.fr\/app\/uploads\/sites\/4\/2024\/03\/lettre-ouverte-franck-leroy-trains-epinal-sddv-saales-2-718x1024.jpg 718w, https:\/\/vosgesinfo.fr\/app\/uploads\/sites\/4\/2024\/03\/lettre-ouverte-franck-leroy-trains-epinal-sddv-saales-2-210x300.jpg 210w, https:\/\/vosgesinfo.fr\/app\/uploads\/sites\/4\/2024\/03\/lettre-ouverte-franck-leroy-trains-epinal-sddv-saales-2-768x1095.jpg 768w, https:\/\/vosgesinfo.fr\/app\/uploads\/sites\/4\/2024\/03\/lettre-ouverte-franck-leroy-trains-epinal-sddv-saales-2-1077x1536.jpg 1077w, https:\/\/vosgesinfo.fr\/app\/uploads\/sites\/4\/2024\/03\/lettre-ouverte-franck-leroy-trains-epinal-sddv-saales-2.jpg 1124w\" sizes=\"(max-width: 718px) 100vw, 718px\" \/><\/a><p id=\"caption-attachment-31881\" class=\"wp-caption-text\">(Cliquer pour agrandir)<\/p><\/div>\n","protected":false},"excerpt":{"rendered":"<p>La circulation des trains TER est temporairement interrompus entre Epinal, Saint-Di\u00e9-des-Vosges et Saales, depuis ce samedi 23 mars et jusqu&rsquo;au [&hellip;]<\/p>\n","protected":false},"author":46,"featured_media":22472,"comment_status":"open","ping_status":"open","sticky":false,"template":"","format":"standard","meta":{"footnotes":""},"categories":[460,5392,3628,167],"tags":[4149,5677,5676,5678,4300,4293,5675],"class_list":["post-31879","post","type-post","status-publish","format-standard","has-post-thumbnail","hentry","category-a-la-une","category-epinal","category-region-grand-est","category-saint-die-des-vosges","tag-franck-leroy","tag-interruption-temporaire-de-la-ligne-ferroviaire-epinal-saint-die-des-vosges-saales","tag-ligne-ferroviaire-epinal-saint-die-des-vosges-saales","tag-matthieu-chabanel","tag-president-de-la-region-grand-est","tag-sncf-reseau","tag-trains-ter"],"acf":[],"yoast_head":"<!-- This site is optimized with the Yoast SEO plugin v22.5 - https:\/\/yoast.com\/wordpress\/plugins\/seo\/ -->\n<title>Les trains entre Epinal, Saint-Di\u00e9-des-Vosges et Saales temporairement interrompus - Saint Die Info<\/title>\n<meta name=\"robots\" content=\"index, follow, max-snippet:-1, max-image-preview:large, max-video-preview:-1\" \/>\n<link rel=\"canonical\" href=\"https:\/\/vosgesinfo.fr\/saintdieinfo\/2024\/03\/les-trains-entre-epinal-saint-die-des-vosges-et-saales-temporairement-interrompus\/\" \/>\n<meta name=\"twitter:card\" content=\"summary_large_image\" \/>\n<meta name=\"twitter:title\" content=\"Les trains entre Epinal, Saint-Di\u00e9-des-Vosges et Saales temporairement interrompus - Saint Die Info\" \/>\n<meta name=\"twitter:description\" content=\"La circulation des trains TER est temporairement interrompus entre Epinal, Saint-Di\u00e9-des-Vosges et Saales, depuis ce samedi 23 mars et jusqu&rsquo;au [&hellip;]\" \/>\n<meta name=\"twitter:image\" content=\"https:\/\/vosgesinfo.fr\/app\/uploads\/sites\/4\/2020\/02\/train-ter-grand-est-1024x576-1.jpg\" \/>\n<meta name=\"twitter:creator\" content=\"@VosgesInfo88\" \/>\n<meta name=\"twitter:site\" content=\"@VosgesInfo88\" \/>\n<meta name=\"twitter:label1\" content=\"\u00c9crit par\" \/>\n\t<meta name=\"twitter:data1\" content=\"J.J.\" \/>\n\t<meta name=\"twitter:label2\" content=\"Dur\u00e9e de lecture estim\u00e9e\" \/>\n\t<meta name=\"twitter:data2\" content=\"1 minute\" \/>\n<script type=\"application\/ld+json\" class=\"yoast-schema-graph\">{\"@context\":\"https:\/\/schema.org\",\"@graph\":[{\"@type\":\"Article\",\"@id\":\"https:\/\/vosgesinfo.fr\/saintdieinfo\/2024\/03\/les-trains-entre-epinal-saint-die-des-vosges-et-saales-temporairement-interrompus\/#article\",\"isPartOf\":{\"@id\":\"https:\/\/vosgesinfo.fr\/saintdieinfo\/2024\/03\/les-trains-entre-epinal-saint-die-des-vosges-et-saales-temporairement-interrompus\/\"},\"author\":{\"name\":\"J.J.\",\"@id\":\"https:\/\/vosgesinfo.fr\/saintdieinfo\/#\/schema\/person\/fa73e9f726d67bb88f46d5b7943cb572\"},\"headline\":\"Les trains entre Epinal, Saint-Di\u00e9-des-Vosges et Saales temporairement interrompus\",\"datePublished\":\"2024-03-26T08:24:33+00:00\",\"dateModified\":\"2024-03-26T08:24:33+00:00\",\"mainEntityOfPage\":{\"@id\":\"https:\/\/vosgesinfo.fr\/saintdieinfo\/2024\/03\/les-trains-entre-epinal-saint-die-des-vosges-et-saales-temporairement-interrompus\/\"},\"wordCount\":274,\"commentCount\":0,\"publisher\":{\"@id\":\"https:\/\/vosgesinfo.fr\/saintdieinfo\/#organization\"},\"image\":{\"@id\":\"https:\/\/vosgesinfo.fr\/saintdieinfo\/2024\/03\/les-trains-entre-epinal-saint-die-des-vosges-et-saales-temporairement-interrompus\/#primaryimage\"},\"thumbnailUrl\":\"https:\/\/vosgesinfo.fr\/app\/uploads\/sites\/4\/2020\/02\/train-ter-grand-est-1024x576-1.jpg\",\"keywords\":[\"Franck Leroy\",\"Interruption temporaire de la ligne ferroviaire Epinal-Saint-Di\u00e9-des-Vosges-Saales\",\"Ligne ferroviaire Epinal-Saint-Di\u00e9-des-Vosges-Saales\",\"Matthieu Chabanel\",\"Pr\u00e9sident de la R\u00e9gion Grand Est\",\"SNCF R\u00e9seau\",\"Trains TER\"],\"articleSection\":[\"A la Une\",\"Epinal\",\"R\u00e9gion Grand Est\",\"Saint-Di\u00e9-des-Vosges\"],\"inLanguage\":\"fr-FR\",\"potentialAction\":[{\"@type\":\"CommentAction\",\"name\":\"Comment\",\"target\":[\"https:\/\/vosgesinfo.fr\/saintdieinfo\/2024\/03\/les-trains-entre-epinal-saint-die-des-vosges-et-saales-temporairement-interrompus\/#respond\"]}]},{\"@type\":\"WebPage\",\"@id\":\"https:\/\/vosgesinfo.fr\/saintdieinfo\/2024\/03\/les-trains-entre-epinal-saint-die-des-vosges-et-saales-temporairement-interrompus\/\",\"url\":\"https:\/\/vosgesinfo.fr\/saintdieinfo\/2024\/03\/les-trains-entre-epinal-saint-die-des-vosges-et-saales-temporairement-interrompus\/\",\"name\":\"Les trains entre Epinal, Saint-Di\u00e9-des-Vosges et Saales temporairement interrompus - Saint Die Info\",\"isPartOf\":{\"@id\":\"https:\/\/vosgesinfo.fr\/saintdieinfo\/#website\"},\"primaryImageOfPage\":{\"@id\":\"https:\/\/vosgesinfo.fr\/saintdieinfo\/2024\/03\/les-trains-entre-epinal-saint-die-des-vosges-et-saales-temporairement-interrompus\/#primaryimage\"},\"image\":{\"@id\":\"https:\/\/vosgesinfo.fr\/saintdieinfo\/2024\/03\/les-trains-entre-epinal-saint-die-des-vosges-et-saales-temporairement-interrompus\/#primaryimage\"},\"thumbnailUrl\":\"https:\/\/vosgesinfo.fr\/app\/uploads\/sites\/4\/2020\/02\/train-ter-grand-est-1024x576-1.jpg\",\"datePublished\":\"2024-03-26T08:24:33+00:00\",\"dateModified\":\"2024-03-26T08:24:33+00:00\",\"breadcrumb\":{\"@id\":\"https:\/\/vosgesinfo.fr\/saintdieinfo\/2024\/03\/les-trains-entre-epinal-saint-die-des-vosges-et-saales-temporairement-interrompus\/#breadcrumb\"},\"inLanguage\":\"fr-FR\",\"potentialAction\":[{\"@type\":\"ReadAction\",\"target\":[\"https:\/\/vosgesinfo.fr\/saintdieinfo\/2024\/03\/les-trains-entre-epinal-saint-die-des-vosges-et-saales-temporairement-interrompus\/\"]}]},{\"@type\":\"ImageObject\",\"inLanguage\":\"fr-FR\",\"@id\":\"https:\/\/vosgesinfo.fr\/saintdieinfo\/2024\/03\/les-trains-entre-epinal-saint-die-des-vosges-et-saales-temporairement-interrompus\/#primaryimage\",\"url\":\"https:\/\/vosgesinfo.fr\/app\/uploads\/sites\/4\/2020\/02\/train-ter-grand-est-1024x576-1.jpg\",\"contentUrl\":\"https:\/\/vosgesinfo.fr\/app\/uploads\/sites\/4\/2020\/02\/train-ter-grand-est-1024x576-1.jpg\",\"width\":1024,\"height\":576,\"caption\":\"(Illustration\"},{\"@type\":\"BreadcrumbList\",\"@id\":\"https:\/\/vosgesinfo.fr\/saintdieinfo\/2024\/03\/les-trains-entre-epinal-saint-die-des-vosges-et-saales-temporairement-interrompus\/#breadcrumb\",\"itemListElement\":[{\"@type\":\"ListItem\",\"position\":1,\"name\":\"Home\",\"item\":\"https:\/\/vosgesinfo.fr\/saintdieinfo\/\"},{\"@type\":\"ListItem\",\"position\":2,\"name\":\"Les trains entre Epinal, Saint-Di\u00e9-des-Vosges et Saales temporairement interrompus\"}]},{\"@type\":\"WebSite\",\"@id\":\"https:\/\/vosgesinfo.fr\/saintdieinfo\/#website\",\"url\":\"https:\/\/vosgesinfo.fr\/saintdieinfo\/\",\"name\":\"Saint Die Info\",\"description\":\"Toute l&#039;actualit\u00e9 de Saint-Di\u00e9-Des-Vosges\",\"publisher\":{\"@id\":\"https:\/\/vosgesinfo.fr\/saintdieinfo\/#organization\"},\"alternateName\":\"Toute l'actualit\u00e9 de Saint-Di\u00e9-Des-Vosges\",\"potentialAction\":[{\"@type\":\"SearchAction\",\"target\":{\"@type\":\"EntryPoint\",\"urlTemplate\":\"https:\/\/vosgesinfo.fr\/saintdieinfo\/?s={search_term_string}\"},\"query-input\":\"required name=search_term_string\"}],\"inLanguage\":\"fr-FR\"},{\"@type\":\"Organization\",\"@id\":\"https:\/\/vosgesinfo.fr\/saintdieinfo\/#organization\",\"name\":\"Saint Die Info\",\"url\":\"https:\/\/vosgesinfo.fr\/saintdieinfo\/\",\"logo\":{\"@type\":\"ImageObject\",\"inLanguage\":\"fr-FR\",\"@id\":\"https:\/\/vosgesinfo.fr\/saintdieinfo\/#\/schema\/logo\/image\/\",\"url\":\"https:\/\/vosgesinfo.fr\/app\/uploads\/sites\/4\/2024\/02\/logo-sdi.jpg\",\"contentUrl\":\"https:\/\/vosgesinfo.fr\/app\/uploads\/sites\/4\/2024\/02\/logo-sdi.jpg\",\"width\":600,\"height\":600,\"caption\":\"Saint Die Info\"},\"image\":{\"@id\":\"https:\/\/vosgesinfo.fr\/saintdieinfo\/#\/schema\/logo\/image\/\"},\"sameAs\":[\"https:\/\/www.facebook.com\/Saintdieinfofr\",\"https:\/\/x.com\/VosgesInfo88\",\"https:\/\/www.youtube.com\/@vosgesinfo\"]},{\"@type\":\"Person\",\"@id\":\"https:\/\/vosgesinfo.fr\/saintdieinfo\/#\/schema\/person\/fa73e9f726d67bb88f46d5b7943cb572\",\"name\":\"J.J.\",\"image\":{\"@type\":\"ImageObject\",\"inLanguage\":\"fr-FR\",\"@id\":\"https:\/\/vosgesinfo.fr\/saintdieinfo\/#\/schema\/person\/image\/\",\"url\":\"https:\/\/secure.gravatar.com\/avatar\/219e749e47ffbcca018a360ae4add7d4cdf1cdaaf8bc7676b27efade3fe65615?s=96&d=mm&r=g\",\"contentUrl\":\"https:\/\/secure.gravatar.com\/avatar\/219e749e47ffbcca018a360ae4add7d4cdf1cdaaf8bc7676b27efade3fe65615?s=96&d=mm&r=g\",\"caption\":\"J.J.\"},\"url\":\"https:\/\/vosgesinfo.fr\/saintdieinfo\/author\/j-j\/\"}]}<\/script>\n<!-- \/ Yoast SEO plugin. -->","yoast_head_json":{"title":"Les trains entre Epinal, Saint-Di\u00e9-des-Vosges et Saales temporairement interrompus - Saint Die Info","robots":{"index":"index","follow":"follow","max-snippet":"max-snippet:-1","max-image-preview":"max-image-preview:large","max-video-preview":"max-video-preview:-1"},"canonical":"https:\/\/vosgesinfo.fr\/saintdieinfo\/2024\/03\/les-trains-entre-epinal-saint-die-des-vosges-et-saales-temporairement-interrompus\/","twitter_card":"summary_large_image","twitter_title":"Les trains entre Epinal, Saint-Di\u00e9-des-Vosges et Saales temporairement interrompus - Saint Die Info","twitter_description":"La circulation des trains TER est temporairement interrompus entre Epinal, Saint-Di\u00e9-des-Vosges et Saales, depuis ce samedi 23 mars et jusqu&rsquo;au [&hellip;]","twitter_image":"https:\/\/vosgesinfo.fr\/app\/uploads\/sites\/4\/2020\/02\/train-ter-grand-est-1024x576-1.jpg","twitter_creator":"@VosgesInfo88","twitter_site":"@VosgesInfo88","twitter_misc":{"\u00c9crit par":"J.J.","Dur\u00e9e de lecture estim\u00e9e":"1 minute"},"schema":{"@context":"https:\/\/schema.org","@graph":[{"@type":"Article","@id":"https:\/\/vosgesinfo.fr\/saintdieinfo\/2024\/03\/les-trains-entre-epinal-saint-die-des-vosges-et-saales-temporairement-interrompus\/#article","isPartOf":{"@id":"https:\/\/vosgesinfo.fr\/saintdieinfo\/2024\/03\/les-trains-entre-epinal-saint-die-des-vosges-et-saales-temporairement-interrompus\/"},"author":{"name":"J.J.","@id":"https:\/\/vosgesinfo.fr\/saintdieinfo\/#\/schema\/person\/fa73e9f726d67bb88f46d5b7943cb572"},"headline":"Les trains entre Epinal, Saint-Di\u00e9-des-Vosges et Saales temporairement interrompus","datePublished":"2024-03-26T08:24:33+00:00","dateModified":"2024-03-26T08:24:33+00:00","mainEntityOfPage":{"@id":"https:\/\/vosgesinfo.fr\/saintdieinfo\/2024\/03\/les-trains-entre-epinal-saint-die-des-vosges-et-saales-temporairement-interrompus\/"},"wordCount":274,"commentCount":0,"publisher":{"@id":"https:\/\/vosgesinfo.fr\/saintdieinfo\/#organization"},"image":{"@id":"https:\/\/vosgesinfo.fr\/saintdieinfo\/2024\/03\/les-trains-entre-epinal-saint-die-des-vosges-et-saales-temporairement-interrompus\/#primaryimage"},"thumbnailUrl":"https:\/\/vosgesinfo.fr\/app\/uploads\/sites\/4\/2020\/02\/train-ter-grand-est-1024x576-1.jpg","keywords":["Franck Leroy","Interruption temporaire de la ligne ferroviaire Epinal-Saint-Di\u00e9-des-Vosges-Saales","Ligne ferroviaire Epinal-Saint-Di\u00e9-des-Vosges-Saales","Matthieu Chabanel","Pr\u00e9sident de la R\u00e9gion Grand Est","SNCF R\u00e9seau","Trains TER"],"articleSection":["A la Une","Epinal","R\u00e9gion Grand Est","Saint-Di\u00e9-des-Vosges"],"inLanguage":"fr-FR","potentialAction":[{"@type":"CommentAction","name":"Comment","target":["https:\/\/vosgesinfo.fr\/saintdieinfo\/2024\/03\/les-trains-entre-epinal-saint-die-des-vosges-et-saales-temporairement-interrompus\/#respond"]}]},{"@type":"WebPage","@id":"https:\/\/vosgesinfo.fr\/saintdieinfo\/2024\/03\/les-trains-entre-epinal-saint-die-des-vosges-et-saales-temporairement-interrompus\/","url":"https:\/\/vosgesinfo.fr\/saintdieinfo\/2024\/03\/les-trains-entre-epinal-saint-die-des-vosges-et-saales-temporairement-interrompus\/","name":"Les trains entre Epinal, Saint-Di\u00e9-des-Vosges et Saales temporairement interrompus - Saint Die Info","isPartOf":{"@id":"https:\/\/vosgesinfo.fr\/saintdieinfo\/#website"},"primaryImageOfPage":{"@id":"https:\/\/vosgesinfo.fr\/saintdieinfo\/2024\/03\/les-trains-entre-epinal-saint-die-des-vosges-et-saales-temporairement-interrompus\/#primaryimage"},"image":{"@id":"https:\/\/vosgesinfo.fr\/saintdieinfo\/2024\/03\/les-trains-entre-epinal-saint-die-des-vosges-et-saales-temporairement-interrompus\/#primaryimage"},"thumbnailUrl":"https:\/\/vosgesinfo.fr\/app\/uploads\/sites\/4\/2020\/02\/train-ter-grand-est-1024x576-1.jpg","datePublished":"2024-03-26T08:24:33+00:00","dateModified":"2024-03-26T08:24:33+00:00","breadcrumb":{"@id":"https:\/\/vosgesinfo.fr\/saintdieinfo\/2024\/03\/les-trains-entre-epinal-saint-die-des-vosges-et-saales-temporairement-interrompus\/#breadcrumb"},"inLanguage":"fr-FR","potentialAction":[{"@type":"ReadAction","target":["https:\/\/vosgesinfo.fr\/saintdieinfo\/2024\/03\/les-trains-entre-epinal-saint-die-des-vosges-et-saales-temporairement-interrompus\/"]}]},{"@type":"ImageObject","inLanguage":"fr-FR","@id":"https:\/\/vosgesinfo.fr\/saintdieinfo\/2024\/03\/les-trains-entre-epinal-saint-die-des-vosges-et-saales-temporairement-interrompus\/#primaryimage","url":"https:\/\/vosgesinfo.fr\/app\/uploads\/sites\/4\/2020\/02\/train-ter-grand-est-1024x576-1.jpg","contentUrl":"https:\/\/vosgesinfo.fr\/app\/uploads\/sites\/4\/2020\/02\/train-ter-grand-est-1024x576-1.jpg","width":1024,"height":576,"caption":"(Illustration"},{"@type":"BreadcrumbList","@id":"https:\/\/vosgesinfo.fr\/saintdieinfo\/2024\/03\/les-trains-entre-epinal-saint-die-des-vosges-et-saales-temporairement-interrompus\/#breadcrumb","itemListElement":[{"@type":"ListItem","position":1,"name":"Home","item":"https:\/\/vosgesinfo.fr\/saintdieinfo\/"},{"@type":"ListItem","position":2,"name":"Les trains entre Epinal, Saint-Di\u00e9-des-Vosges et Saales temporairement interrompus"}]},{"@type":"WebSite","@id":"https:\/\/vosgesinfo.fr\/saintdieinfo\/#website","url":"https:\/\/vosgesinfo.fr\/saintdieinfo\/","name":"Saint Die Info","description":"Toute l&#039;actualit\u00e9 de Saint-Di\u00e9-Des-Vosges","publisher":{"@id":"https:\/\/vosgesinfo.fr\/saintdieinfo\/#organization"},"alternateName":"Toute l'actualit\u00e9 de Saint-Di\u00e9-Des-Vosges","potentialAction":[{"@type":"SearchAction","target":{"@type":"EntryPoint","urlTemplate":"https:\/\/vosgesinfo.fr\/saintdieinfo\/?s={search_term_string}"},"query-input":"required name=search_term_string"}],"inLanguage":"fr-FR"},{"@type":"Organization","@id":"https:\/\/vosgesinfo.fr\/saintdieinfo\/#organization","name":"Saint Die Info","url":"https:\/\/vosgesinfo.fr\/saintdieinfo\/","logo":{"@type":"ImageObject","inLanguage":"fr-FR","@id":"https:\/\/vosgesinfo.fr\/saintdieinfo\/#\/schema\/logo\/image\/","url":"https:\/\/vosgesinfo.fr\/app\/uploads\/sites\/4\/2024\/02\/logo-sdi.jpg","contentUrl":"https:\/\/vosgesinfo.fr\/app\/uploads\/sites\/4\/2024\/02\/logo-sdi.jpg","width":600,"height":600,"caption":"Saint Die Info"},"image":{"@id":"https:\/\/vosgesinfo.fr\/saintdieinfo\/#\/schema\/logo\/image\/"},"sameAs":["https:\/\/www.facebook.com\/Saintdieinfofr","https:\/\/x.com\/VosgesInfo88","https:\/\/www.youtube.com\/@vosgesinfo"]},{"@type":"Person","@id":"https:\/\/vosgesinfo.fr\/saintdieinfo\/#\/schema\/person\/fa73e9f726d67bb88f46d5b7943cb572","name":"J.J.","image":{"@type":"ImageObject","inLanguage":"fr-FR","@id":"https:\/\/vosgesinfo.fr\/saintdieinfo\/#\/schema\/person\/image\/","url":"https:\/\/secure.gravatar.com\/avatar\/219e749e47ffbcca018a360ae4add7d4cdf1cdaaf8bc7676b27efade3fe65615?s=96&d=mm&r=g","contentUrl":"https:\/\/secure.gravatar.com\/avatar\/219e749e47ffbcca018a360ae4add7d4cdf1cdaaf8bc7676b27efade3fe65615?s=96&d=mm&r=g","caption":"J.J."},"url":"https:\/\/vosgesinfo.fr\/saintdieinfo\/author\/j-j\/"}]}},"_links":{"self":[{"href":"https:\/\/vosgesinfo.fr\/saintdieinfo\/wp-json\/wp\/v2\/posts\/31879","targetHints":{"allow":["GET"]}}],"collection":[{"href":"https:\/\/vosgesinfo.fr\/saintdieinfo\/wp-json\/wp\/v2\/posts"}],"about":[{"href":"https:\/\/vosgesinfo.fr\/saintdieinfo\/wp-json\/wp\/v2\/types\/post"}],"author":[{"embeddable":true,"href":"https:\/\/vosgesinfo.fr\/saintdieinfo\/wp-json\/wp\/v2\/users\/46"}],"replies":[{"embeddable":true,"href":"https:\/\/vosgesinfo.fr\/saintdieinfo\/wp-json\/wp\/v2\/comments?post=31879"}],"version-history":[{"count":1,"href":"https:\/\/vosgesinfo.fr\/saintdieinfo\/wp-json\/wp\/v2\/posts\/31879\/revisions"}],"predecessor-version":[{"id":31882,"href":"https:\/\/vosgesinfo.fr\/saintdieinfo\/wp-json\/wp\/v2\/posts\/31879\/revisions\/31882"}],"wp:featuredmedia":[{"embeddable":true,"href":"https:\/\/vosgesinfo.fr\/saintdieinfo\/wp-json\/wp\/v2\/media\/22472"}],"wp:attachment":[{"href":"https:\/\/vosgesinfo.fr\/saintdieinfo\/wp-json\/wp\/v2\/media?parent=31879"}],"wp:term":[{"taxonomy":"category","embeddable":true,"href":"https:\/\/vosgesinfo.fr\/saintdieinfo\/wp-json\/wp\/v2\/categories?post=31879"},{"taxonomy":"post_tag","embeddable":true,"href":"https:\/\/vosgesinfo.fr\/saintdieinfo\/wp-json\/wp\/v2\/tags?post=31879"}],"curies":[{"name":"wp","href":"https:\/\/api.w.org\/{rel}","templated":true}]}}