{"id":31931,"date":"2024-03-27T16:53:02","date_gmt":"2024-03-27T15:53:02","guid":{"rendered":"https:\/\/vosgesinfo.fr\/saintdieinfo\/?p=31931"},"modified":"2024-03-28T09:15:42","modified_gmt":"2024-03-28T08:15:42","slug":"journee-nationale-du-fromage-le-gerome-le-munster-des-vosges","status":"publish","type":"post","link":"https:\/\/vosgesinfo.fr\/saintdieinfo\/2024\/03\/journee-nationale-du-fromage-le-gerome-le-munster-des-vosges\/","title":{"rendered":"Journ\u00e9e nationale du fromage\u00a0: le g\u00e9rom\u00e9, le munster des Vosges"},"content":{"rendered":"<div id=\"attachment_31932\" style=\"width: 1034px\" class=\"wp-caption alignnone\"><img decoding=\"async\" aria-describedby=\"caption-attachment-31932\" class=\"wp-image-31932 size-large\" src=\"https:\/\/vosgesinfo.fr\/app\/uploads\/sites\/4\/2024\/03\/munster-1024x683.jpg\" alt=\"\" width=\"1024\" height=\"683\" srcset=\"https:\/\/vosgesinfo.fr\/app\/uploads\/sites\/4\/2024\/03\/munster-1024x683.jpg 1024w, https:\/\/vosgesinfo.fr\/app\/uploads\/sites\/4\/2024\/03\/munster-300x200.jpg 300w, https:\/\/vosgesinfo.fr\/app\/uploads\/sites\/4\/2024\/03\/munster-768x512.jpg 768w, https:\/\/vosgesinfo.fr\/app\/uploads\/sites\/4\/2024\/03\/munster-1536x1024.jpg 1536w, https:\/\/vosgesinfo.fr\/app\/uploads\/sites\/4\/2024\/03\/munster.jpg 1920w\" sizes=\"(max-width: 1024px) 100vw, 1024px\" \/><p id=\"caption-attachment-31932\" class=\"wp-caption-text\">(Photographie Wikipedia.org)<\/p><\/div>\n<h2>Ce mercredi 27 mars est synonyme, comme depuis 2001, de Journ\u00e9e nationale du fromage. L&rsquo;occasion de donner un coup de projecteur sur le g\u00e9rom\u00e9, alias le munster des Vosges.<\/h2>\n<p><!--more--><\/p>\n<p>Les 2 fromages sont en effet similaires, autant au niveau gustatif qu&rsquo;au niveau de leur aspect orang\u00e9. Le munster d\u00e9signant traditionnellement le pendant alsacien, tandis que le g\u00e9rom\u00e9 est quant \u00e0 lui le pendant vosgien. L&rsquo;\u00e9tymologie de \u00ab\u00a0G\u00e9rom\u00e9\u00a0\u00bb \u00e9tant ni plus ni moins que le nom dialectal de G\u00e9rardmer. La similitude est telle que l&rsquo;Appellation d&rsquo;Origine Contr\u00f4l\u00e9e \u2013 AOC \u2013 depuis 1969, comme l&rsquo;Appellation d&rsquo;Origine Prot\u00e9g\u00e9e \u2013 AOP \u2013 depuis 1996, rassemblent les 2 d\u00e9nominations.<\/p>\n<p>Le \u00ab munster-g\u00e9rom\u00e9 \u00bb AOC et AOP, un fromage \u00e0 p\u00e2te molle et \u00e0 cro\u00fbte lav\u00e9e, est fabriqu\u00e9 avec du lait cru et frais de race vosgienne, qui sont conduites dans une r\u00e9gion principalement herbag\u00e8re. \u00ab Son go\u00fbt est directement influenc\u00e9 par la richesse des ar\u00f4mes du lait des prairies vosgiennes. En bouche, il est moins fort qu&rsquo;il n&rsquo;y para\u00eet et reste fin \u00bb pr\u00e9cise le minist\u00e8re de l&rsquo;Agriculture sur son site internet, <a href=\"https:\/\/agriculture.gouv.fr\/le-munster-gerome-aop\" target=\"_blank\" rel=\"noopener\">sur la page d\u00e9di\u00e9e au munster-g\u00e9rom\u00e9.<\/a><\/p>\n<p>L&rsquo;origine \u2013 monastique \u2013 du munster-g\u00e9rom\u00e9 remonterait au XIVe si\u00e8cle, lorsqu&rsquo;il a \u00e9t\u00e9 fabriqu\u00e9 pour la premi\u00e8re fois. \u00ab Sa notori\u00e9t\u00e9 est n\u00e9cessairement indissociable des fondateurs de la ville de Munster, moines venus d&rsquo;Irlande ou d&rsquo;Ecosse au VIIe si\u00e8cle qui encourag\u00e8rent l&rsquo;\u00e9levage du b\u00e9tail sur les montagnes pauvres du versant alsacien des Vosges, ainsi que la production des laitages. A l&rsquo;\u00e9poque, la r\u00e9gion qui produisait un beurre d\u00e9licieux \u00e9tait r\u00e9put\u00e9e pour sa production d&rsquo;un fromage gras au lait entier, \u00e0 p\u00e2te souple et cr\u00e9meuse et \u00e0 l&rsquo;odeur persistante que l&rsquo;on appelait munster \u00bb pr\u00e9cise \u00e9galement le minist\u00e8re de l&rsquo;Agriculture.<\/p>\n<p>Et m\u00eame si la saison du munster-g\u00e9rom\u00e9 s&rsquo;\u00e9tend de juin \u00e0 novembre, beaucoup de ses amateurs le d\u00e9gustent en hiver et au printemps. Que ce soit fondu sur des pommes de terre, dans une quiche, une tourte ou des omelettes\u00a0!<\/p>\n<p>J.J.<\/p>\n","protected":false},"excerpt":{"rendered":"<p>Ce mercredi 27 mars est synonyme, comme depuis 2001, de Journ\u00e9e nationale du fromage. L&rsquo;occasion de donner un coup de [&hellip;]<\/p>\n","protected":false},"author":46,"featured_media":31932,"comment_status":"open","ping_status":"open","sticky":false,"template":"","format":"standard","meta":{"footnotes":""},"categories":[460,20,18],"tags":[5700,5699,5698,5697],"class_list":["post-31931","post","type-post","status-publish","format-standard","has-post-thumbnail","hentry","category-a-la-une","category-loisirs","category-vosges","tag-fromage","tag-gerome","tag-journee-nationale-du-fromage","tag-munster-gerome"],"acf":[],"yoast_head":"<!-- This site is optimized with the Yoast SEO plugin v22.5 - https:\/\/yoast.com\/wordpress\/plugins\/seo\/ -->\n<title>Journ\u00e9e nationale du fromage\u00a0: le g\u00e9rom\u00e9, le munster des Vosges - Saint Die Info<\/title>\n<meta name=\"robots\" content=\"index, follow, max-snippet:-1, max-image-preview:large, max-video-preview:-1\" \/>\n<link rel=\"canonical\" href=\"https:\/\/vosgesinfo.fr\/saintdieinfo\/2024\/03\/journee-nationale-du-fromage-le-gerome-le-munster-des-vosges\/\" \/>\n<meta name=\"twitter:card\" content=\"summary_large_image\" \/>\n<meta name=\"twitter:title\" content=\"Journ\u00e9e nationale du fromage\u00a0: le g\u00e9rom\u00e9, le munster des Vosges - Saint Die Info\" \/>\n<meta name=\"twitter:description\" content=\"Ce mercredi 27 mars est synonyme, comme depuis 2001, de Journ\u00e9e nationale du fromage. L&rsquo;occasion de donner un coup de [&hellip;]\" \/>\n<meta name=\"twitter:image\" content=\"https:\/\/vosgesinfo.fr\/app\/uploads\/sites\/4\/2024\/03\/munster.jpg\" \/>\n<meta name=\"twitter:creator\" content=\"@VosgesInfo88\" \/>\n<meta name=\"twitter:site\" content=\"@VosgesInfo88\" \/>\n<meta name=\"twitter:label1\" content=\"\u00c9crit par\" \/>\n\t<meta name=\"twitter:data1\" content=\"J.J.\" \/>\n\t<meta name=\"twitter:label2\" content=\"Dur\u00e9e de lecture estim\u00e9e\" \/>\n\t<meta name=\"twitter:data2\" content=\"2 minutes\" \/>\n<script type=\"application\/ld+json\" class=\"yoast-schema-graph\">{\"@context\":\"https:\/\/schema.org\",\"@graph\":[{\"@type\":\"Article\",\"@id\":\"https:\/\/vosgesinfo.fr\/saintdieinfo\/2024\/03\/journee-nationale-du-fromage-le-gerome-le-munster-des-vosges\/#article\",\"isPartOf\":{\"@id\":\"https:\/\/vosgesinfo.fr\/saintdieinfo\/2024\/03\/journee-nationale-du-fromage-le-gerome-le-munster-des-vosges\/\"},\"author\":{\"name\":\"J.J.\",\"@id\":\"https:\/\/vosgesinfo.fr\/saintdieinfo\/#\/schema\/person\/fa73e9f726d67bb88f46d5b7943cb572\"},\"headline\":\"Journ\u00e9e nationale du fromage\u00a0: le g\u00e9rom\u00e9, le munster des Vosges\",\"datePublished\":\"2024-03-27T15:53:02+00:00\",\"dateModified\":\"2024-03-28T08:15:42+00:00\",\"mainEntityOfPage\":{\"@id\":\"https:\/\/vosgesinfo.fr\/saintdieinfo\/2024\/03\/journee-nationale-du-fromage-le-gerome-le-munster-des-vosges\/\"},\"wordCount\":387,\"commentCount\":1,\"publisher\":{\"@id\":\"https:\/\/vosgesinfo.fr\/saintdieinfo\/#organization\"},\"image\":{\"@id\":\"https:\/\/vosgesinfo.fr\/saintdieinfo\/2024\/03\/journee-nationale-du-fromage-le-gerome-le-munster-des-vosges\/#primaryimage\"},\"thumbnailUrl\":\"https:\/\/vosgesinfo.fr\/app\/uploads\/sites\/4\/2024\/03\/munster.jpg\",\"keywords\":[\"Fromage\",\"G\u00e9rom\u00e9\",\"Journ\u00e9e nationale du fromage\",\"Munster-G\u00e9rom\u00e9\"],\"articleSection\":[\"A la Une\",\"Loisirs\",\"Vosges\"],\"inLanguage\":\"fr-FR\",\"potentialAction\":[{\"@type\":\"CommentAction\",\"name\":\"Comment\",\"target\":[\"https:\/\/vosgesinfo.fr\/saintdieinfo\/2024\/03\/journee-nationale-du-fromage-le-gerome-le-munster-des-vosges\/#respond\"]}]},{\"@type\":\"WebPage\",\"@id\":\"https:\/\/vosgesinfo.fr\/saintdieinfo\/2024\/03\/journee-nationale-du-fromage-le-gerome-le-munster-des-vosges\/\",\"url\":\"https:\/\/vosgesinfo.fr\/saintdieinfo\/2024\/03\/journee-nationale-du-fromage-le-gerome-le-munster-des-vosges\/\",\"name\":\"Journ\u00e9e nationale du fromage\u00a0: le g\u00e9rom\u00e9, le munster des Vosges - Saint Die Info\",\"isPartOf\":{\"@id\":\"https:\/\/vosgesinfo.fr\/saintdieinfo\/#website\"},\"primaryImageOfPage\":{\"@id\":\"https:\/\/vosgesinfo.fr\/saintdieinfo\/2024\/03\/journee-nationale-du-fromage-le-gerome-le-munster-des-vosges\/#primaryimage\"},\"image\":{\"@id\":\"https:\/\/vosgesinfo.fr\/saintdieinfo\/2024\/03\/journee-nationale-du-fromage-le-gerome-le-munster-des-vosges\/#primaryimage\"},\"thumbnailUrl\":\"https:\/\/vosgesinfo.fr\/app\/uploads\/sites\/4\/2024\/03\/munster.jpg\",\"datePublished\":\"2024-03-27T15:53:02+00:00\",\"dateModified\":\"2024-03-28T08:15:42+00:00\",\"breadcrumb\":{\"@id\":\"https:\/\/vosgesinfo.fr\/saintdieinfo\/2024\/03\/journee-nationale-du-fromage-le-gerome-le-munster-des-vosges\/#breadcrumb\"},\"inLanguage\":\"fr-FR\",\"potentialAction\":[{\"@type\":\"ReadAction\",\"target\":[\"https:\/\/vosgesinfo.fr\/saintdieinfo\/2024\/03\/journee-nationale-du-fromage-le-gerome-le-munster-des-vosges\/\"]}]},{\"@type\":\"ImageObject\",\"inLanguage\":\"fr-FR\",\"@id\":\"https:\/\/vosgesinfo.fr\/saintdieinfo\/2024\/03\/journee-nationale-du-fromage-le-gerome-le-munster-des-vosges\/#primaryimage\",\"url\":\"https:\/\/vosgesinfo.fr\/app\/uploads\/sites\/4\/2024\/03\/munster.jpg\",\"contentUrl\":\"https:\/\/vosgesinfo.fr\/app\/uploads\/sites\/4\/2024\/03\/munster.jpg\",\"width\":1920,\"height\":1280},{\"@type\":\"BreadcrumbList\",\"@id\":\"https:\/\/vosgesinfo.fr\/saintdieinfo\/2024\/03\/journee-nationale-du-fromage-le-gerome-le-munster-des-vosges\/#breadcrumb\",\"itemListElement\":[{\"@type\":\"ListItem\",\"position\":1,\"name\":\"Home\",\"item\":\"https:\/\/vosgesinfo.fr\/saintdieinfo\/\"},{\"@type\":\"ListItem\",\"position\":2,\"name\":\"Journ\u00e9e nationale du fromage\u00a0: le g\u00e9rom\u00e9, le munster des Vosges\"}]},{\"@type\":\"WebSite\",\"@id\":\"https:\/\/vosgesinfo.fr\/saintdieinfo\/#website\",\"url\":\"https:\/\/vosgesinfo.fr\/saintdieinfo\/\",\"name\":\"Saint Die Info\",\"description\":\"Toute l&#039;actualit\u00e9 de Saint-Di\u00e9-Des-Vosges\",\"publisher\":{\"@id\":\"https:\/\/vosgesinfo.fr\/saintdieinfo\/#organization\"},\"alternateName\":\"Toute l'actualit\u00e9 de Saint-Di\u00e9-Des-Vosges\",\"potentialAction\":[{\"@type\":\"SearchAction\",\"target\":{\"@type\":\"EntryPoint\",\"urlTemplate\":\"https:\/\/vosgesinfo.fr\/saintdieinfo\/?s={search_term_string}\"},\"query-input\":\"required name=search_term_string\"}],\"inLanguage\":\"fr-FR\"},{\"@type\":\"Organization\",\"@id\":\"https:\/\/vosgesinfo.fr\/saintdieinfo\/#organization\",\"name\":\"Saint Die Info\",\"url\":\"https:\/\/vosgesinfo.fr\/saintdieinfo\/\",\"logo\":{\"@type\":\"ImageObject\",\"inLanguage\":\"fr-FR\",\"@id\":\"https:\/\/vosgesinfo.fr\/saintdieinfo\/#\/schema\/logo\/image\/\",\"url\":\"https:\/\/vosgesinfo.fr\/app\/uploads\/sites\/4\/2024\/02\/logo-sdi.jpg\",\"contentUrl\":\"https:\/\/vosgesinfo.fr\/app\/uploads\/sites\/4\/2024\/02\/logo-sdi.jpg\",\"width\":600,\"height\":600,\"caption\":\"Saint Die Info\"},\"image\":{\"@id\":\"https:\/\/vosgesinfo.fr\/saintdieinfo\/#\/schema\/logo\/image\/\"},\"sameAs\":[\"https:\/\/www.facebook.com\/Saintdieinfofr\",\"https:\/\/x.com\/VosgesInfo88\",\"https:\/\/www.youtube.com\/@vosgesinfo\"]},{\"@type\":\"Person\",\"@id\":\"https:\/\/vosgesinfo.fr\/saintdieinfo\/#\/schema\/person\/fa73e9f726d67bb88f46d5b7943cb572\",\"name\":\"J.J.\",\"image\":{\"@type\":\"ImageObject\",\"inLanguage\":\"fr-FR\",\"@id\":\"https:\/\/vosgesinfo.fr\/saintdieinfo\/#\/schema\/person\/image\/\",\"url\":\"https:\/\/secure.gravatar.com\/avatar\/219e749e47ffbcca018a360ae4add7d4cdf1cdaaf8bc7676b27efade3fe65615?s=96&d=mm&r=g\",\"contentUrl\":\"https:\/\/secure.gravatar.com\/avatar\/219e749e47ffbcca018a360ae4add7d4cdf1cdaaf8bc7676b27efade3fe65615?s=96&d=mm&r=g\",\"caption\":\"J.J.\"},\"url\":\"https:\/\/vosgesinfo.fr\/saintdieinfo\/author\/j-j\/\"}]}<\/script>\n<!-- \/ Yoast SEO plugin. -->","yoast_head_json":{"title":"Journ\u00e9e nationale du fromage\u00a0: le g\u00e9rom\u00e9, le munster des Vosges - Saint Die Info","robots":{"index":"index","follow":"follow","max-snippet":"max-snippet:-1","max-image-preview":"max-image-preview:large","max-video-preview":"max-video-preview:-1"},"canonical":"https:\/\/vosgesinfo.fr\/saintdieinfo\/2024\/03\/journee-nationale-du-fromage-le-gerome-le-munster-des-vosges\/","twitter_card":"summary_large_image","twitter_title":"Journ\u00e9e nationale du fromage\u00a0: le g\u00e9rom\u00e9, le munster des Vosges - Saint Die Info","twitter_description":"Ce mercredi 27 mars est synonyme, comme depuis 2001, de Journ\u00e9e nationale du fromage. L&rsquo;occasion de donner un coup de [&hellip;]","twitter_image":"https:\/\/vosgesinfo.fr\/app\/uploads\/sites\/4\/2024\/03\/munster.jpg","twitter_creator":"@VosgesInfo88","twitter_site":"@VosgesInfo88","twitter_misc":{"\u00c9crit par":"J.J.","Dur\u00e9e de lecture estim\u00e9e":"2 minutes"},"schema":{"@context":"https:\/\/schema.org","@graph":[{"@type":"Article","@id":"https:\/\/vosgesinfo.fr\/saintdieinfo\/2024\/03\/journee-nationale-du-fromage-le-gerome-le-munster-des-vosges\/#article","isPartOf":{"@id":"https:\/\/vosgesinfo.fr\/saintdieinfo\/2024\/03\/journee-nationale-du-fromage-le-gerome-le-munster-des-vosges\/"},"author":{"name":"J.J.","@id":"https:\/\/vosgesinfo.fr\/saintdieinfo\/#\/schema\/person\/fa73e9f726d67bb88f46d5b7943cb572"},"headline":"Journ\u00e9e nationale du fromage\u00a0: le g\u00e9rom\u00e9, le munster des Vosges","datePublished":"2024-03-27T15:53:02+00:00","dateModified":"2024-03-28T08:15:42+00:00","mainEntityOfPage":{"@id":"https:\/\/vosgesinfo.fr\/saintdieinfo\/2024\/03\/journee-nationale-du-fromage-le-gerome-le-munster-des-vosges\/"},"wordCount":387,"commentCount":1,"publisher":{"@id":"https:\/\/vosgesinfo.fr\/saintdieinfo\/#organization"},"image":{"@id":"https:\/\/vosgesinfo.fr\/saintdieinfo\/2024\/03\/journee-nationale-du-fromage-le-gerome-le-munster-des-vosges\/#primaryimage"},"thumbnailUrl":"https:\/\/vosgesinfo.fr\/app\/uploads\/sites\/4\/2024\/03\/munster.jpg","keywords":["Fromage","G\u00e9rom\u00e9","Journ\u00e9e nationale du fromage","Munster-G\u00e9rom\u00e9"],"articleSection":["A la Une","Loisirs","Vosges"],"inLanguage":"fr-FR","potentialAction":[{"@type":"CommentAction","name":"Comment","target":["https:\/\/vosgesinfo.fr\/saintdieinfo\/2024\/03\/journee-nationale-du-fromage-le-gerome-le-munster-des-vosges\/#respond"]}]},{"@type":"WebPage","@id":"https:\/\/vosgesinfo.fr\/saintdieinfo\/2024\/03\/journee-nationale-du-fromage-le-gerome-le-munster-des-vosges\/","url":"https:\/\/vosgesinfo.fr\/saintdieinfo\/2024\/03\/journee-nationale-du-fromage-le-gerome-le-munster-des-vosges\/","name":"Journ\u00e9e nationale du fromage\u00a0: le g\u00e9rom\u00e9, le munster des Vosges - Saint Die Info","isPartOf":{"@id":"https:\/\/vosgesinfo.fr\/saintdieinfo\/#website"},"primaryImageOfPage":{"@id":"https:\/\/vosgesinfo.fr\/saintdieinfo\/2024\/03\/journee-nationale-du-fromage-le-gerome-le-munster-des-vosges\/#primaryimage"},"image":{"@id":"https:\/\/vosgesinfo.fr\/saintdieinfo\/2024\/03\/journee-nationale-du-fromage-le-gerome-le-munster-des-vosges\/#primaryimage"},"thumbnailUrl":"https:\/\/vosgesinfo.fr\/app\/uploads\/sites\/4\/2024\/03\/munster.jpg","datePublished":"2024-03-27T15:53:02+00:00","dateModified":"2024-03-28T08:15:42+00:00","breadcrumb":{"@id":"https:\/\/vosgesinfo.fr\/saintdieinfo\/2024\/03\/journee-nationale-du-fromage-le-gerome-le-munster-des-vosges\/#breadcrumb"},"inLanguage":"fr-FR","potentialAction":[{"@type":"ReadAction","target":["https:\/\/vosgesinfo.fr\/saintdieinfo\/2024\/03\/journee-nationale-du-fromage-le-gerome-le-munster-des-vosges\/"]}]},{"@type":"ImageObject","inLanguage":"fr-FR","@id":"https:\/\/vosgesinfo.fr\/saintdieinfo\/2024\/03\/journee-nationale-du-fromage-le-gerome-le-munster-des-vosges\/#primaryimage","url":"https:\/\/vosgesinfo.fr\/app\/uploads\/sites\/4\/2024\/03\/munster.jpg","contentUrl":"https:\/\/vosgesinfo.fr\/app\/uploads\/sites\/4\/2024\/03\/munster.jpg","width":1920,"height":1280},{"@type":"BreadcrumbList","@id":"https:\/\/vosgesinfo.fr\/saintdieinfo\/2024\/03\/journee-nationale-du-fromage-le-gerome-le-munster-des-vosges\/#breadcrumb","itemListElement":[{"@type":"ListItem","position":1,"name":"Home","item":"https:\/\/vosgesinfo.fr\/saintdieinfo\/"},{"@type":"ListItem","position":2,"name":"Journ\u00e9e nationale du fromage\u00a0: le g\u00e9rom\u00e9, le munster des Vosges"}]},{"@type":"WebSite","@id":"https:\/\/vosgesinfo.fr\/saintdieinfo\/#website","url":"https:\/\/vosgesinfo.fr\/saintdieinfo\/","name":"Saint Die Info","description":"Toute l&#039;actualit\u00e9 de Saint-Di\u00e9-Des-Vosges","publisher":{"@id":"https:\/\/vosgesinfo.fr\/saintdieinfo\/#organization"},"alternateName":"Toute l'actualit\u00e9 de Saint-Di\u00e9-Des-Vosges","potentialAction":[{"@type":"SearchAction","target":{"@type":"EntryPoint","urlTemplate":"https:\/\/vosgesinfo.fr\/saintdieinfo\/?s={search_term_string}"},"query-input":"required name=search_term_string"}],"inLanguage":"fr-FR"},{"@type":"Organization","@id":"https:\/\/vosgesinfo.fr\/saintdieinfo\/#organization","name":"Saint Die Info","url":"https:\/\/vosgesinfo.fr\/saintdieinfo\/","logo":{"@type":"ImageObject","inLanguage":"fr-FR","@id":"https:\/\/vosgesinfo.fr\/saintdieinfo\/#\/schema\/logo\/image\/","url":"https:\/\/vosgesinfo.fr\/app\/uploads\/sites\/4\/2024\/02\/logo-sdi.jpg","contentUrl":"https:\/\/vosgesinfo.fr\/app\/uploads\/sites\/4\/2024\/02\/logo-sdi.jpg","width":600,"height":600,"caption":"Saint Die Info"},"image":{"@id":"https:\/\/vosgesinfo.fr\/saintdieinfo\/#\/schema\/logo\/image\/"},"sameAs":["https:\/\/www.facebook.com\/Saintdieinfofr","https:\/\/x.com\/VosgesInfo88","https:\/\/www.youtube.com\/@vosgesinfo"]},{"@type":"Person","@id":"https:\/\/vosgesinfo.fr\/saintdieinfo\/#\/schema\/person\/fa73e9f726d67bb88f46d5b7943cb572","name":"J.J.","image":{"@type":"ImageObject","inLanguage":"fr-FR","@id":"https:\/\/vosgesinfo.fr\/saintdieinfo\/#\/schema\/person\/image\/","url":"https:\/\/secure.gravatar.com\/avatar\/219e749e47ffbcca018a360ae4add7d4cdf1cdaaf8bc7676b27efade3fe65615?s=96&d=mm&r=g","contentUrl":"https:\/\/secure.gravatar.com\/avatar\/219e749e47ffbcca018a360ae4add7d4cdf1cdaaf8bc7676b27efade3fe65615?s=96&d=mm&r=g","caption":"J.J."},"url":"https:\/\/vosgesinfo.fr\/saintdieinfo\/author\/j-j\/"}]}},"_links":{"self":[{"href":"https:\/\/vosgesinfo.fr\/saintdieinfo\/wp-json\/wp\/v2\/posts\/31931","targetHints":{"allow":["GET"]}}],"collection":[{"href":"https:\/\/vosgesinfo.fr\/saintdieinfo\/wp-json\/wp\/v2\/posts"}],"about":[{"href":"https:\/\/vosgesinfo.fr\/saintdieinfo\/wp-json\/wp\/v2\/types\/post"}],"author":[{"embeddable":true,"href":"https:\/\/vosgesinfo.fr\/saintdieinfo\/wp-json\/wp\/v2\/users\/46"}],"replies":[{"embeddable":true,"href":"https:\/\/vosgesinfo.fr\/saintdieinfo\/wp-json\/wp\/v2\/comments?post=31931"}],"version-history":[{"count":4,"href":"https:\/\/vosgesinfo.fr\/saintdieinfo\/wp-json\/wp\/v2\/posts\/31931\/revisions"}],"predecessor-version":[{"id":31967,"href":"https:\/\/vosgesinfo.fr\/saintdieinfo\/wp-json\/wp\/v2\/posts\/31931\/revisions\/31967"}],"wp:featuredmedia":[{"embeddable":true,"href":"https:\/\/vosgesinfo.fr\/saintdieinfo\/wp-json\/wp\/v2\/media\/31932"}],"wp:attachment":[{"href":"https:\/\/vosgesinfo.fr\/saintdieinfo\/wp-json\/wp\/v2\/media?parent=31931"}],"wp:term":[{"taxonomy":"category","embeddable":true,"href":"https:\/\/vosgesinfo.fr\/saintdieinfo\/wp-json\/wp\/v2\/categories?post=31931"},{"taxonomy":"post_tag","embeddable":true,"href":"https:\/\/vosgesinfo.fr\/saintdieinfo\/wp-json\/wp\/v2\/tags?post=31931"}],"curies":[{"name":"wp","href":"https:\/\/api.w.org\/{rel}","templated":true}]}}