{"id":32446,"date":"2024-04-10T17:38:43","date_gmt":"2024-04-10T15:38:43","guid":{"rendered":"https:\/\/vosgesinfo.fr\/saintdieinfo\/?p=32446"},"modified":"2024-04-11T08:37:15","modified_gmt":"2024-04-11T06:37:15","slug":"jean-pierre-leger-expose-ses-gus-dans-les-jardins-de-la-chapelle-saint-roch","status":"publish","type":"post","link":"https:\/\/vosgesinfo.fr\/saintdieinfo\/2024\/04\/jean-pierre-leger-expose-ses-gus-dans-les-jardins-de-la-chapelle-saint-roch\/","title":{"rendered":"Jean-Pierre L\u00e9ger expose ses \u00ab\u00a0GUS \u00bb dans les jardins de la chapelle Saint-Roch"},"content":{"rendered":"<h2>Du 4 mai au 15 ao\u00fbt, l&rsquo;infatigable artiste-peintre et sculpteur Jean-Pierre L\u00e9ger exposera sa s\u00e9rie \u00ab Les GUS \u00bb dans les jardins de la chapelle Saint-Roch. L&rsquo;exposition sera visible tout l&rsquo;\u00e9t\u00e9 sur rendez-vous, par t\u00e9l\u00e9phone au 06-36-90-34-20. Vernissage samedi 4 mai \u00e0 17h.<\/h2>\n<p><!--more--><\/p>\n<p><img decoding=\"async\" class=\"alignnone size-large wp-image-32447\" src=\"https:\/\/vosgesinfo.fr\/app\/uploads\/sites\/4\/2024\/04\/exposition-chapelle-saint-roch-jp-leger-725x1024.jpg\" alt=\"\" width=\"725\" height=\"1024\" srcset=\"https:\/\/vosgesinfo.fr\/app\/uploads\/sites\/4\/2024\/04\/exposition-chapelle-saint-roch-jp-leger-725x1024.jpg 725w, https:\/\/vosgesinfo.fr\/app\/uploads\/sites\/4\/2024\/04\/exposition-chapelle-saint-roch-jp-leger-212x300.jpg 212w, https:\/\/vosgesinfo.fr\/app\/uploads\/sites\/4\/2024\/04\/exposition-chapelle-saint-roch-jp-leger-768x1085.jpg 768w, https:\/\/vosgesinfo.fr\/app\/uploads\/sites\/4\/2024\/04\/exposition-chapelle-saint-roch-jp-leger-1087x1536.jpg 1087w, https:\/\/vosgesinfo.fr\/app\/uploads\/sites\/4\/2024\/04\/exposition-chapelle-saint-roch-jp-leger.jpg 1449w\" sizes=\"(max-width: 725px) 100vw, 725px\" \/><\/p>\n","protected":false},"excerpt":{"rendered":"<p>Du 4 mai au 15 ao\u00fbt, l&rsquo;infatigable artiste-peintre et sculpteur Jean-Pierre L\u00e9ger exposera sa s\u00e9rie \u00ab Les GUS \u00bb dans [&hellip;]<\/p>\n","protected":false},"author":46,"featured_media":32447,"comment_status":"open","ping_status":"open","sticky":false,"template":"","format":"standard","meta":{"footnotes":""},"categories":[3900,167,17],"tags":[3019,3483,5854,5855],"class_list":["post-32446","post","type-post","status-publish","format-standard","has-post-thumbnail","hentry","category-breves","category-saint-die-des-vosges","category-vie-associative","tag-chapelle-saint-roch","tag-jardins-de-la-chapelle-saint-roch","tag-jean-pierre-leger","tag-les-gus"],"acf":[],"yoast_head":"<!-- This site is optimized with the Yoast SEO plugin v22.5 - https:\/\/yoast.com\/wordpress\/plugins\/seo\/ -->\n<title>Jean-Pierre L\u00e9ger expose ses \u00ab\u00a0GUS \u00bb dans les jardins de la chapelle Saint-Roch - Saint Die Info<\/title>\n<meta name=\"robots\" content=\"index, follow, max-snippet:-1, max-image-preview:large, max-video-preview:-1\" \/>\n<link rel=\"canonical\" href=\"https:\/\/vosgesinfo.fr\/saintdieinfo\/2024\/04\/jean-pierre-leger-expose-ses-gus-dans-les-jardins-de-la-chapelle-saint-roch\/\" \/>\n<meta name=\"twitter:card\" content=\"summary_large_image\" \/>\n<meta name=\"twitter:title\" content=\"Jean-Pierre L\u00e9ger expose ses \u00ab\u00a0GUS \u00bb dans les jardins de la chapelle Saint-Roch - Saint Die Info\" \/>\n<meta name=\"twitter:description\" content=\"Du 4 mai au 15 ao\u00fbt, l&rsquo;infatigable artiste-peintre et sculpteur Jean-Pierre L\u00e9ger exposera sa s\u00e9rie \u00ab Les GUS \u00bb dans [&hellip;]\" \/>\n<meta name=\"twitter:image\" content=\"https:\/\/vosgesinfo.fr\/app\/uploads\/sites\/4\/2024\/04\/exposition-chapelle-saint-roch-jp-leger.jpg\" \/>\n<meta name=\"twitter:creator\" content=\"@VosgesInfo88\" \/>\n<meta name=\"twitter:site\" content=\"@VosgesInfo88\" \/>\n<meta name=\"twitter:label1\" content=\"\u00c9crit par\" \/>\n\t<meta name=\"twitter:data1\" content=\"J.J.\" \/>\n<script type=\"application\/ld+json\" class=\"yoast-schema-graph\">{\"@context\":\"https:\/\/schema.org\",\"@graph\":[{\"@type\":\"Article\",\"@id\":\"https:\/\/vosgesinfo.fr\/saintdieinfo\/2024\/04\/jean-pierre-leger-expose-ses-gus-dans-les-jardins-de-la-chapelle-saint-roch\/#article\",\"isPartOf\":{\"@id\":\"https:\/\/vosgesinfo.fr\/saintdieinfo\/2024\/04\/jean-pierre-leger-expose-ses-gus-dans-les-jardins-de-la-chapelle-saint-roch\/\"},\"author\":{\"name\":\"J.J.\",\"@id\":\"https:\/\/vosgesinfo.fr\/saintdieinfo\/#\/schema\/person\/fa73e9f726d67bb88f46d5b7943cb572\"},\"headline\":\"Jean-Pierre L\u00e9ger expose ses \u00ab\u00a0GUS \u00bb dans les jardins de la chapelle Saint-Roch\",\"datePublished\":\"2024-04-10T15:38:43+00:00\",\"dateModified\":\"2024-04-11T06:37:15+00:00\",\"mainEntityOfPage\":{\"@id\":\"https:\/\/vosgesinfo.fr\/saintdieinfo\/2024\/04\/jean-pierre-leger-expose-ses-gus-dans-les-jardins-de-la-chapelle-saint-roch\/\"},\"wordCount\":61,\"commentCount\":0,\"publisher\":{\"@id\":\"https:\/\/vosgesinfo.fr\/saintdieinfo\/#organization\"},\"image\":{\"@id\":\"https:\/\/vosgesinfo.fr\/saintdieinfo\/2024\/04\/jean-pierre-leger-expose-ses-gus-dans-les-jardins-de-la-chapelle-saint-roch\/#primaryimage\"},\"thumbnailUrl\":\"https:\/\/vosgesinfo.fr\/app\/uploads\/sites\/4\/2024\/04\/exposition-chapelle-saint-roch-jp-leger.jpg\",\"keywords\":[\"Chapelle Saint-Roch\",\"Jardins de la Chapelle Saint-Roch\",\"Jean-Pierre L\u00e9ger\",\"Les GUS\"],\"articleSection\":[\"Br\u00e8ves\",\"Saint-Di\u00e9-des-Vosges\",\"Vie Associative\"],\"inLanguage\":\"fr-FR\",\"potentialAction\":[{\"@type\":\"CommentAction\",\"name\":\"Comment\",\"target\":[\"https:\/\/vosgesinfo.fr\/saintdieinfo\/2024\/04\/jean-pierre-leger-expose-ses-gus-dans-les-jardins-de-la-chapelle-saint-roch\/#respond\"]}]},{\"@type\":\"WebPage\",\"@id\":\"https:\/\/vosgesinfo.fr\/saintdieinfo\/2024\/04\/jean-pierre-leger-expose-ses-gus-dans-les-jardins-de-la-chapelle-saint-roch\/\",\"url\":\"https:\/\/vosgesinfo.fr\/saintdieinfo\/2024\/04\/jean-pierre-leger-expose-ses-gus-dans-les-jardins-de-la-chapelle-saint-roch\/\",\"name\":\"Jean-Pierre L\u00e9ger expose ses \u00ab\u00a0GUS \u00bb dans les jardins de la chapelle Saint-Roch - Saint Die Info\",\"isPartOf\":{\"@id\":\"https:\/\/vosgesinfo.fr\/saintdieinfo\/#website\"},\"primaryImageOfPage\":{\"@id\":\"https:\/\/vosgesinfo.fr\/saintdieinfo\/2024\/04\/jean-pierre-leger-expose-ses-gus-dans-les-jardins-de-la-chapelle-saint-roch\/#primaryimage\"},\"image\":{\"@id\":\"https:\/\/vosgesinfo.fr\/saintdieinfo\/2024\/04\/jean-pierre-leger-expose-ses-gus-dans-les-jardins-de-la-chapelle-saint-roch\/#primaryimage\"},\"thumbnailUrl\":\"https:\/\/vosgesinfo.fr\/app\/uploads\/sites\/4\/2024\/04\/exposition-chapelle-saint-roch-jp-leger.jpg\",\"datePublished\":\"2024-04-10T15:38:43+00:00\",\"dateModified\":\"2024-04-11T06:37:15+00:00\",\"breadcrumb\":{\"@id\":\"https:\/\/vosgesinfo.fr\/saintdieinfo\/2024\/04\/jean-pierre-leger-expose-ses-gus-dans-les-jardins-de-la-chapelle-saint-roch\/#breadcrumb\"},\"inLanguage\":\"fr-FR\",\"potentialAction\":[{\"@type\":\"ReadAction\",\"target\":[\"https:\/\/vosgesinfo.fr\/saintdieinfo\/2024\/04\/jean-pierre-leger-expose-ses-gus-dans-les-jardins-de-la-chapelle-saint-roch\/\"]}]},{\"@type\":\"ImageObject\",\"inLanguage\":\"fr-FR\",\"@id\":\"https:\/\/vosgesinfo.fr\/saintdieinfo\/2024\/04\/jean-pierre-leger-expose-ses-gus-dans-les-jardins-de-la-chapelle-saint-roch\/#primaryimage\",\"url\":\"https:\/\/vosgesinfo.fr\/app\/uploads\/sites\/4\/2024\/04\/exposition-chapelle-saint-roch-jp-leger.jpg\",\"contentUrl\":\"https:\/\/vosgesinfo.fr\/app\/uploads\/sites\/4\/2024\/04\/exposition-chapelle-saint-roch-jp-leger.jpg\",\"width\":1449,\"height\":2048},{\"@type\":\"BreadcrumbList\",\"@id\":\"https:\/\/vosgesinfo.fr\/saintdieinfo\/2024\/04\/jean-pierre-leger-expose-ses-gus-dans-les-jardins-de-la-chapelle-saint-roch\/#breadcrumb\",\"itemListElement\":[{\"@type\":\"ListItem\",\"position\":1,\"name\":\"Home\",\"item\":\"https:\/\/vosgesinfo.fr\/saintdieinfo\/\"},{\"@type\":\"ListItem\",\"position\":2,\"name\":\"Jean-Pierre L\u00e9ger expose ses \u00ab\u00a0GUS \u00bb dans les jardins de la chapelle Saint-Roch\"}]},{\"@type\":\"WebSite\",\"@id\":\"https:\/\/vosgesinfo.fr\/saintdieinfo\/#website\",\"url\":\"https:\/\/vosgesinfo.fr\/saintdieinfo\/\",\"name\":\"Saint Die Info\",\"description\":\"Toute l&#039;actualit\u00e9 de Saint-Di\u00e9-Des-Vosges\",\"publisher\":{\"@id\":\"https:\/\/vosgesinfo.fr\/saintdieinfo\/#organization\"},\"alternateName\":\"Toute l'actualit\u00e9 de Saint-Di\u00e9-Des-Vosges\",\"potentialAction\":[{\"@type\":\"SearchAction\",\"target\":{\"@type\":\"EntryPoint\",\"urlTemplate\":\"https:\/\/vosgesinfo.fr\/saintdieinfo\/?s={search_term_string}\"},\"query-input\":\"required name=search_term_string\"}],\"inLanguage\":\"fr-FR\"},{\"@type\":\"Organization\",\"@id\":\"https:\/\/vosgesinfo.fr\/saintdieinfo\/#organization\",\"name\":\"Saint Die Info\",\"url\":\"https:\/\/vosgesinfo.fr\/saintdieinfo\/\",\"logo\":{\"@type\":\"ImageObject\",\"inLanguage\":\"fr-FR\",\"@id\":\"https:\/\/vosgesinfo.fr\/saintdieinfo\/#\/schema\/logo\/image\/\",\"url\":\"https:\/\/vosgesinfo.fr\/app\/uploads\/sites\/4\/2024\/02\/logo-sdi.jpg\",\"contentUrl\":\"https:\/\/vosgesinfo.fr\/app\/uploads\/sites\/4\/2024\/02\/logo-sdi.jpg\",\"width\":600,\"height\":600,\"caption\":\"Saint Die Info\"},\"image\":{\"@id\":\"https:\/\/vosgesinfo.fr\/saintdieinfo\/#\/schema\/logo\/image\/\"},\"sameAs\":[\"https:\/\/www.facebook.com\/Saintdieinfofr\",\"https:\/\/x.com\/VosgesInfo88\",\"https:\/\/www.youtube.com\/@vosgesinfo\"]},{\"@type\":\"Person\",\"@id\":\"https:\/\/vosgesinfo.fr\/saintdieinfo\/#\/schema\/person\/fa73e9f726d67bb88f46d5b7943cb572\",\"name\":\"J.J.\",\"image\":{\"@type\":\"ImageObject\",\"inLanguage\":\"fr-FR\",\"@id\":\"https:\/\/vosgesinfo.fr\/saintdieinfo\/#\/schema\/person\/image\/\",\"url\":\"https:\/\/secure.gravatar.com\/avatar\/219e749e47ffbcca018a360ae4add7d4cdf1cdaaf8bc7676b27efade3fe65615?s=96&d=mm&r=g\",\"contentUrl\":\"https:\/\/secure.gravatar.com\/avatar\/219e749e47ffbcca018a360ae4add7d4cdf1cdaaf8bc7676b27efade3fe65615?s=96&d=mm&r=g\",\"caption\":\"J.J.\"},\"url\":\"https:\/\/vosgesinfo.fr\/saintdieinfo\/author\/j-j\/\"}]}<\/script>\n<!-- \/ Yoast SEO plugin. -->","yoast_head_json":{"title":"Jean-Pierre L\u00e9ger expose ses \u00ab\u00a0GUS \u00bb dans les jardins de la chapelle Saint-Roch - Saint Die Info","robots":{"index":"index","follow":"follow","max-snippet":"max-snippet:-1","max-image-preview":"max-image-preview:large","max-video-preview":"max-video-preview:-1"},"canonical":"https:\/\/vosgesinfo.fr\/saintdieinfo\/2024\/04\/jean-pierre-leger-expose-ses-gus-dans-les-jardins-de-la-chapelle-saint-roch\/","twitter_card":"summary_large_image","twitter_title":"Jean-Pierre L\u00e9ger expose ses \u00ab\u00a0GUS \u00bb dans les jardins de la chapelle Saint-Roch - Saint Die Info","twitter_description":"Du 4 mai au 15 ao\u00fbt, l&rsquo;infatigable artiste-peintre et sculpteur Jean-Pierre L\u00e9ger exposera sa s\u00e9rie \u00ab Les GUS \u00bb dans [&hellip;]","twitter_image":"https:\/\/vosgesinfo.fr\/app\/uploads\/sites\/4\/2024\/04\/exposition-chapelle-saint-roch-jp-leger.jpg","twitter_creator":"@VosgesInfo88","twitter_site":"@VosgesInfo88","twitter_misc":{"\u00c9crit par":"J.J."},"schema":{"@context":"https:\/\/schema.org","@graph":[{"@type":"Article","@id":"https:\/\/vosgesinfo.fr\/saintdieinfo\/2024\/04\/jean-pierre-leger-expose-ses-gus-dans-les-jardins-de-la-chapelle-saint-roch\/#article","isPartOf":{"@id":"https:\/\/vosgesinfo.fr\/saintdieinfo\/2024\/04\/jean-pierre-leger-expose-ses-gus-dans-les-jardins-de-la-chapelle-saint-roch\/"},"author":{"name":"J.J.","@id":"https:\/\/vosgesinfo.fr\/saintdieinfo\/#\/schema\/person\/fa73e9f726d67bb88f46d5b7943cb572"},"headline":"Jean-Pierre L\u00e9ger expose ses \u00ab\u00a0GUS \u00bb dans les jardins de la chapelle Saint-Roch","datePublished":"2024-04-10T15:38:43+00:00","dateModified":"2024-04-11T06:37:15+00:00","mainEntityOfPage":{"@id":"https:\/\/vosgesinfo.fr\/saintdieinfo\/2024\/04\/jean-pierre-leger-expose-ses-gus-dans-les-jardins-de-la-chapelle-saint-roch\/"},"wordCount":61,"commentCount":0,"publisher":{"@id":"https:\/\/vosgesinfo.fr\/saintdieinfo\/#organization"},"image":{"@id":"https:\/\/vosgesinfo.fr\/saintdieinfo\/2024\/04\/jean-pierre-leger-expose-ses-gus-dans-les-jardins-de-la-chapelle-saint-roch\/#primaryimage"},"thumbnailUrl":"https:\/\/vosgesinfo.fr\/app\/uploads\/sites\/4\/2024\/04\/exposition-chapelle-saint-roch-jp-leger.jpg","keywords":["Chapelle Saint-Roch","Jardins de la Chapelle Saint-Roch","Jean-Pierre L\u00e9ger","Les GUS"],"articleSection":["Br\u00e8ves","Saint-Di\u00e9-des-Vosges","Vie Associative"],"inLanguage":"fr-FR","potentialAction":[{"@type":"CommentAction","name":"Comment","target":["https:\/\/vosgesinfo.fr\/saintdieinfo\/2024\/04\/jean-pierre-leger-expose-ses-gus-dans-les-jardins-de-la-chapelle-saint-roch\/#respond"]}]},{"@type":"WebPage","@id":"https:\/\/vosgesinfo.fr\/saintdieinfo\/2024\/04\/jean-pierre-leger-expose-ses-gus-dans-les-jardins-de-la-chapelle-saint-roch\/","url":"https:\/\/vosgesinfo.fr\/saintdieinfo\/2024\/04\/jean-pierre-leger-expose-ses-gus-dans-les-jardins-de-la-chapelle-saint-roch\/","name":"Jean-Pierre L\u00e9ger expose ses \u00ab\u00a0GUS \u00bb dans les jardins de la chapelle Saint-Roch - Saint Die Info","isPartOf":{"@id":"https:\/\/vosgesinfo.fr\/saintdieinfo\/#website"},"primaryImageOfPage":{"@id":"https:\/\/vosgesinfo.fr\/saintdieinfo\/2024\/04\/jean-pierre-leger-expose-ses-gus-dans-les-jardins-de-la-chapelle-saint-roch\/#primaryimage"},"image":{"@id":"https:\/\/vosgesinfo.fr\/saintdieinfo\/2024\/04\/jean-pierre-leger-expose-ses-gus-dans-les-jardins-de-la-chapelle-saint-roch\/#primaryimage"},"thumbnailUrl":"https:\/\/vosgesinfo.fr\/app\/uploads\/sites\/4\/2024\/04\/exposition-chapelle-saint-roch-jp-leger.jpg","datePublished":"2024-04-10T15:38:43+00:00","dateModified":"2024-04-11T06:37:15+00:00","breadcrumb":{"@id":"https:\/\/vosgesinfo.fr\/saintdieinfo\/2024\/04\/jean-pierre-leger-expose-ses-gus-dans-les-jardins-de-la-chapelle-saint-roch\/#breadcrumb"},"inLanguage":"fr-FR","potentialAction":[{"@type":"ReadAction","target":["https:\/\/vosgesinfo.fr\/saintdieinfo\/2024\/04\/jean-pierre-leger-expose-ses-gus-dans-les-jardins-de-la-chapelle-saint-roch\/"]}]},{"@type":"ImageObject","inLanguage":"fr-FR","@id":"https:\/\/vosgesinfo.fr\/saintdieinfo\/2024\/04\/jean-pierre-leger-expose-ses-gus-dans-les-jardins-de-la-chapelle-saint-roch\/#primaryimage","url":"https:\/\/vosgesinfo.fr\/app\/uploads\/sites\/4\/2024\/04\/exposition-chapelle-saint-roch-jp-leger.jpg","contentUrl":"https:\/\/vosgesinfo.fr\/app\/uploads\/sites\/4\/2024\/04\/exposition-chapelle-saint-roch-jp-leger.jpg","width":1449,"height":2048},{"@type":"BreadcrumbList","@id":"https:\/\/vosgesinfo.fr\/saintdieinfo\/2024\/04\/jean-pierre-leger-expose-ses-gus-dans-les-jardins-de-la-chapelle-saint-roch\/#breadcrumb","itemListElement":[{"@type":"ListItem","position":1,"name":"Home","item":"https:\/\/vosgesinfo.fr\/saintdieinfo\/"},{"@type":"ListItem","position":2,"name":"Jean-Pierre L\u00e9ger expose ses \u00ab\u00a0GUS \u00bb dans les jardins de la chapelle Saint-Roch"}]},{"@type":"WebSite","@id":"https:\/\/vosgesinfo.fr\/saintdieinfo\/#website","url":"https:\/\/vosgesinfo.fr\/saintdieinfo\/","name":"Saint Die Info","description":"Toute l&#039;actualit\u00e9 de Saint-Di\u00e9-Des-Vosges","publisher":{"@id":"https:\/\/vosgesinfo.fr\/saintdieinfo\/#organization"},"alternateName":"Toute l'actualit\u00e9 de Saint-Di\u00e9-Des-Vosges","potentialAction":[{"@type":"SearchAction","target":{"@type":"EntryPoint","urlTemplate":"https:\/\/vosgesinfo.fr\/saintdieinfo\/?s={search_term_string}"},"query-input":"required name=search_term_string"}],"inLanguage":"fr-FR"},{"@type":"Organization","@id":"https:\/\/vosgesinfo.fr\/saintdieinfo\/#organization","name":"Saint Die Info","url":"https:\/\/vosgesinfo.fr\/saintdieinfo\/","logo":{"@type":"ImageObject","inLanguage":"fr-FR","@id":"https:\/\/vosgesinfo.fr\/saintdieinfo\/#\/schema\/logo\/image\/","url":"https:\/\/vosgesinfo.fr\/app\/uploads\/sites\/4\/2024\/02\/logo-sdi.jpg","contentUrl":"https:\/\/vosgesinfo.fr\/app\/uploads\/sites\/4\/2024\/02\/logo-sdi.jpg","width":600,"height":600,"caption":"Saint Die Info"},"image":{"@id":"https:\/\/vosgesinfo.fr\/saintdieinfo\/#\/schema\/logo\/image\/"},"sameAs":["https:\/\/www.facebook.com\/Saintdieinfofr","https:\/\/x.com\/VosgesInfo88","https:\/\/www.youtube.com\/@vosgesinfo"]},{"@type":"Person","@id":"https:\/\/vosgesinfo.fr\/saintdieinfo\/#\/schema\/person\/fa73e9f726d67bb88f46d5b7943cb572","name":"J.J.","image":{"@type":"ImageObject","inLanguage":"fr-FR","@id":"https:\/\/vosgesinfo.fr\/saintdieinfo\/#\/schema\/person\/image\/","url":"https:\/\/secure.gravatar.com\/avatar\/219e749e47ffbcca018a360ae4add7d4cdf1cdaaf8bc7676b27efade3fe65615?s=96&d=mm&r=g","contentUrl":"https:\/\/secure.gravatar.com\/avatar\/219e749e47ffbcca018a360ae4add7d4cdf1cdaaf8bc7676b27efade3fe65615?s=96&d=mm&r=g","caption":"J.J."},"url":"https:\/\/vosgesinfo.fr\/saintdieinfo\/author\/j-j\/"}]}},"_links":{"self":[{"href":"https:\/\/vosgesinfo.fr\/saintdieinfo\/wp-json\/wp\/v2\/posts\/32446","targetHints":{"allow":["GET"]}}],"collection":[{"href":"https:\/\/vosgesinfo.fr\/saintdieinfo\/wp-json\/wp\/v2\/posts"}],"about":[{"href":"https:\/\/vosgesinfo.fr\/saintdieinfo\/wp-json\/wp\/v2\/types\/post"}],"author":[{"embeddable":true,"href":"https:\/\/vosgesinfo.fr\/saintdieinfo\/wp-json\/wp\/v2\/users\/46"}],"replies":[{"embeddable":true,"href":"https:\/\/vosgesinfo.fr\/saintdieinfo\/wp-json\/wp\/v2\/comments?post=32446"}],"version-history":[{"count":2,"href":"https:\/\/vosgesinfo.fr\/saintdieinfo\/wp-json\/wp\/v2\/posts\/32446\/revisions"}],"predecessor-version":[{"id":32458,"href":"https:\/\/vosgesinfo.fr\/saintdieinfo\/wp-json\/wp\/v2\/posts\/32446\/revisions\/32458"}],"wp:featuredmedia":[{"embeddable":true,"href":"https:\/\/vosgesinfo.fr\/saintdieinfo\/wp-json\/wp\/v2\/media\/32447"}],"wp:attachment":[{"href":"https:\/\/vosgesinfo.fr\/saintdieinfo\/wp-json\/wp\/v2\/media?parent=32446"}],"wp:term":[{"taxonomy":"category","embeddable":true,"href":"https:\/\/vosgesinfo.fr\/saintdieinfo\/wp-json\/wp\/v2\/categories?post=32446"},{"taxonomy":"post_tag","embeddable":true,"href":"https:\/\/vosgesinfo.fr\/saintdieinfo\/wp-json\/wp\/v2\/tags?post=32446"}],"curies":[{"name":"wp","href":"https:\/\/api.w.org\/{rel}","templated":true}]}}