{"id":32449,"date":"2024-04-10T17:44:00","date_gmt":"2024-04-10T15:44:00","guid":{"rendered":"https:\/\/vosgesinfo.fr\/saintdieinfo\/?p=32449"},"modified":"2024-04-10T17:44:00","modified_gmt":"2024-04-10T15:44:00","slug":"david-valence-parmi-les-71-deputes-membres-de-la-commission-speciale-chargee-de-la-loi-sur-laccompagnement-des-malades-et-la-fin-de-vie","status":"publish","type":"post","link":"https:\/\/vosgesinfo.fr\/saintdieinfo\/2024\/04\/david-valence-parmi-les-71-deputes-membres-de-la-commission-speciale-chargee-de-la-loi-sur-laccompagnement-des-malades-et-la-fin-de-vie\/","title":{"rendered":"David Valence parmi les 71 d\u00e9put\u00e9s membres de la commission sp\u00e9ciale charg\u00e9e de la loi sur l&rsquo;accompagnement des malades et la fin de vie"},"content":{"rendered":"<div id=\"attachment_22781\" style=\"width: 867px\" class=\"wp-caption alignnone\"><img decoding=\"async\" aria-describedby=\"caption-attachment-22781\" class=\"wp-image-22781 size-full\" src=\"https:\/\/vosgesinfo.fr\/app\/uploads\/sites\/4\/2023\/02\/david-valence.jpg\" alt=\"\" width=\"857\" height=\"857\" srcset=\"https:\/\/vosgesinfo.fr\/app\/uploads\/sites\/4\/2023\/02\/david-valence.jpg 857w, https:\/\/vosgesinfo.fr\/app\/uploads\/sites\/4\/2023\/02\/david-valence-300x300.jpg 300w, https:\/\/vosgesinfo.fr\/app\/uploads\/sites\/4\/2023\/02\/david-valence-150x150.jpg 150w, https:\/\/vosgesinfo.fr\/app\/uploads\/sites\/4\/2023\/02\/david-valence-768x768.jpg 768w\" sizes=\"(max-width: 857px) 100vw, 857px\" \/><p id=\"caption-attachment-22781\" class=\"wp-caption-text\">(Archive)<\/p><\/div>\n<h2>Le d\u00e9put\u00e9 de la deuxi\u00e8me circonscription des Vosges David Valence vient d&rsquo;annoncer, ce mercredi apr\u00e8s-midi, qu&rsquo;il figure parmi les 71 d\u00e9put\u00e9s membres de la commission sp\u00e9ciale charg\u00e9e de la loi sur l&rsquo;accompagnement des malades et la fin de vie.<\/h2>\n<p><!--more--><\/p>\n<p>\u00ab\u00a0Un projet de loi sur l\u2019accompagnement des malades et la fin de vie a \u00e9t\u00e9 pr\u00e9sent\u00e9 en conseil des ministres ce matin par Madame Catherine Vautrin. Compte tenu de son importance, l\u2019Assembl\u00e9e nationale a d\u00e9cid\u00e9 de cr\u00e9er une commission sp\u00e9ciale, c\u2019est-\u00e0-dire une commission enti\u00e8rement d\u00e9di\u00e9e \u00e0 son examen. 71 d\u00e9put\u00e9s sur 577 ont \u00e9t\u00e9 choisis pour y si\u00e9ger.<\/p>\n<p>Je me r\u00e9jouis de compter \u00e0 ce nombre, car les candidats ne manquaient pas. Je ferai entendre la voix des Vosgiennes et des Vosgiens sur ce sujet sensible. Je suis engag\u00e9 de longue date pour une vraie progression des moyens allou\u00e9s aux soins palliatifs ainsi que pour une \u00e9volution franche de la loi Claeys-Leonetti : celle-ci ne permet pas de r\u00e9pondre \u00e0 toutes les situations de grande d\u00e9tresse ou de grande souffrance physique.<\/p>\n<p>La commission sp\u00e9ciale charg\u00e9e de l\u2019examen de la loi sur l\u2019accompagnement des malades et la fin de vie sera officiellement install\u00e9e cet apr\u00e8s-midi. Elle examinera le projet de loi lors de la semaine 20 (13-19 mai 2024), avant une arriv\u00e9e dans l\u2019h\u00e9micycle de l\u2019Assembl\u00e9e deux semaines plus tard, sous r\u00e9serve d\u2019\u00e9volution du calendrier.\u00a0\u00bb<\/p>\n","protected":false},"excerpt":{"rendered":"<p>Le d\u00e9put\u00e9 de la deuxi\u00e8me circonscription des Vosges David Valence vient d&rsquo;annoncer, ce mercredi apr\u00e8s-midi, qu&rsquo;il figure parmi les 71 [&hellip;]<\/p>\n","protected":false},"author":46,"featured_media":22781,"comment_status":"open","ping_status":"open","sticky":false,"template":"","format":"standard","meta":{"footnotes":""},"categories":[460,10,2915,13,18],"tags":[3337,3338,5856],"class_list":["post-32449","post","type-post","status-publish","format-standard","has-post-thumbnail","hentry","category-a-la-une","category-politique","category-saint-die-son-canton","category-societe","category-vosges","tag-david-valence","tag-depute-de-la-deuxieme-circonscription-des-vosges","tag-loi-sur-laccompagnement-des-malades-et-la-fin-de-vie"],"acf":[],"yoast_head":"<!-- This site is optimized with the Yoast SEO plugin v22.5 - https:\/\/yoast.com\/wordpress\/plugins\/seo\/ -->\n<title>David Valence parmi les 71 d\u00e9put\u00e9s membres de la commission sp\u00e9ciale charg\u00e9e de la loi sur l&#039;accompagnement des malades et la fin de vie - Saint Die Info<\/title>\n<meta name=\"robots\" content=\"index, follow, max-snippet:-1, max-image-preview:large, max-video-preview:-1\" \/>\n<link rel=\"canonical\" href=\"https:\/\/vosgesinfo.fr\/saintdieinfo\/2024\/04\/david-valence-parmi-les-71-deputes-membres-de-la-commission-speciale-chargee-de-la-loi-sur-laccompagnement-des-malades-et-la-fin-de-vie\/\" \/>\n<meta name=\"twitter:card\" content=\"summary_large_image\" \/>\n<meta name=\"twitter:title\" content=\"David Valence parmi les 71 d\u00e9put\u00e9s membres de la commission sp\u00e9ciale charg\u00e9e de la loi sur l&#039;accompagnement des malades et la fin de vie - Saint Die Info\" \/>\n<meta name=\"twitter:description\" content=\"Le d\u00e9put\u00e9 de la deuxi\u00e8me circonscription des Vosges David Valence vient d&rsquo;annoncer, ce mercredi apr\u00e8s-midi, qu&rsquo;il figure parmi les 71 [&hellip;]\" \/>\n<meta name=\"twitter:image\" content=\"https:\/\/vosgesinfo.fr\/app\/uploads\/sites\/4\/2023\/02\/david-valence.jpg\" \/>\n<meta name=\"twitter:creator\" content=\"@VosgesInfo88\" \/>\n<meta name=\"twitter:site\" content=\"@VosgesInfo88\" \/>\n<meta name=\"twitter:label1\" content=\"\u00c9crit par\" \/>\n\t<meta name=\"twitter:data1\" content=\"J.J.\" \/>\n\t<meta name=\"twitter:label2\" content=\"Dur\u00e9e de lecture estim\u00e9e\" \/>\n\t<meta name=\"twitter:data2\" content=\"1 minute\" \/>\n<script type=\"application\/ld+json\" class=\"yoast-schema-graph\">{\"@context\":\"https:\/\/schema.org\",\"@graph\":[{\"@type\":\"Article\",\"@id\":\"https:\/\/vosgesinfo.fr\/saintdieinfo\/2024\/04\/david-valence-parmi-les-71-deputes-membres-de-la-commission-speciale-chargee-de-la-loi-sur-laccompagnement-des-malades-et-la-fin-de-vie\/#article\",\"isPartOf\":{\"@id\":\"https:\/\/vosgesinfo.fr\/saintdieinfo\/2024\/04\/david-valence-parmi-les-71-deputes-membres-de-la-commission-speciale-chargee-de-la-loi-sur-laccompagnement-des-malades-et-la-fin-de-vie\/\"},\"author\":{\"name\":\"J.J.\",\"@id\":\"https:\/\/vosgesinfo.fr\/saintdieinfo\/#\/schema\/person\/fa73e9f726d67bb88f46d5b7943cb572\"},\"headline\":\"David Valence parmi les 71 d\u00e9put\u00e9s membres de la commission sp\u00e9ciale charg\u00e9e de la loi sur l&rsquo;accompagnement des malades et la fin de vie\",\"datePublished\":\"2024-04-10T15:44:00+00:00\",\"dateModified\":\"2024-04-10T15:44:00+00:00\",\"mainEntityOfPage\":{\"@id\":\"https:\/\/vosgesinfo.fr\/saintdieinfo\/2024\/04\/david-valence-parmi-les-71-deputes-membres-de-la-commission-speciale-chargee-de-la-loi-sur-laccompagnement-des-malades-et-la-fin-de-vie\/\"},\"wordCount\":292,\"commentCount\":2,\"publisher\":{\"@id\":\"https:\/\/vosgesinfo.fr\/saintdieinfo\/#organization\"},\"image\":{\"@id\":\"https:\/\/vosgesinfo.fr\/saintdieinfo\/2024\/04\/david-valence-parmi-les-71-deputes-membres-de-la-commission-speciale-chargee-de-la-loi-sur-laccompagnement-des-malades-et-la-fin-de-vie\/#primaryimage\"},\"thumbnailUrl\":\"https:\/\/vosgesinfo.fr\/app\/uploads\/sites\/4\/2023\/02\/david-valence.jpg\",\"keywords\":[\"David Valence\",\"D\u00e9put\u00e9 de la deuxi\u00e8me circonscription des Vosges\",\"Loi sur l'accompagnement des malades et la fin de vie\"],\"articleSection\":[\"A la Une\",\"Politique\",\"Saint-Di\u00e9-des-Vosges et son Agglom\u00e9ration\",\"Soci\u00e9t\u00e9\",\"Vosges\"],\"inLanguage\":\"fr-FR\",\"potentialAction\":[{\"@type\":\"CommentAction\",\"name\":\"Comment\",\"target\":[\"https:\/\/vosgesinfo.fr\/saintdieinfo\/2024\/04\/david-valence-parmi-les-71-deputes-membres-de-la-commission-speciale-chargee-de-la-loi-sur-laccompagnement-des-malades-et-la-fin-de-vie\/#respond\"]}]},{\"@type\":\"WebPage\",\"@id\":\"https:\/\/vosgesinfo.fr\/saintdieinfo\/2024\/04\/david-valence-parmi-les-71-deputes-membres-de-la-commission-speciale-chargee-de-la-loi-sur-laccompagnement-des-malades-et-la-fin-de-vie\/\",\"url\":\"https:\/\/vosgesinfo.fr\/saintdieinfo\/2024\/04\/david-valence-parmi-les-71-deputes-membres-de-la-commission-speciale-chargee-de-la-loi-sur-laccompagnement-des-malades-et-la-fin-de-vie\/\",\"name\":\"David Valence parmi les 71 d\u00e9put\u00e9s membres de la commission sp\u00e9ciale charg\u00e9e de la loi sur l'accompagnement des malades et la fin de vie - Saint Die Info\",\"isPartOf\":{\"@id\":\"https:\/\/vosgesinfo.fr\/saintdieinfo\/#website\"},\"primaryImageOfPage\":{\"@id\":\"https:\/\/vosgesinfo.fr\/saintdieinfo\/2024\/04\/david-valence-parmi-les-71-deputes-membres-de-la-commission-speciale-chargee-de-la-loi-sur-laccompagnement-des-malades-et-la-fin-de-vie\/#primaryimage\"},\"image\":{\"@id\":\"https:\/\/vosgesinfo.fr\/saintdieinfo\/2024\/04\/david-valence-parmi-les-71-deputes-membres-de-la-commission-speciale-chargee-de-la-loi-sur-laccompagnement-des-malades-et-la-fin-de-vie\/#primaryimage\"},\"thumbnailUrl\":\"https:\/\/vosgesinfo.fr\/app\/uploads\/sites\/4\/2023\/02\/david-valence.jpg\",\"datePublished\":\"2024-04-10T15:44:00+00:00\",\"dateModified\":\"2024-04-10T15:44:00+00:00\",\"breadcrumb\":{\"@id\":\"https:\/\/vosgesinfo.fr\/saintdieinfo\/2024\/04\/david-valence-parmi-les-71-deputes-membres-de-la-commission-speciale-chargee-de-la-loi-sur-laccompagnement-des-malades-et-la-fin-de-vie\/#breadcrumb\"},\"inLanguage\":\"fr-FR\",\"potentialAction\":[{\"@type\":\"ReadAction\",\"target\":[\"https:\/\/vosgesinfo.fr\/saintdieinfo\/2024\/04\/david-valence-parmi-les-71-deputes-membres-de-la-commission-speciale-chargee-de-la-loi-sur-laccompagnement-des-malades-et-la-fin-de-vie\/\"]}]},{\"@type\":\"ImageObject\",\"inLanguage\":\"fr-FR\",\"@id\":\"https:\/\/vosgesinfo.fr\/saintdieinfo\/2024\/04\/david-valence-parmi-les-71-deputes-membres-de-la-commission-speciale-chargee-de-la-loi-sur-laccompagnement-des-malades-et-la-fin-de-vie\/#primaryimage\",\"url\":\"https:\/\/vosgesinfo.fr\/app\/uploads\/sites\/4\/2023\/02\/david-valence.jpg\",\"contentUrl\":\"https:\/\/vosgesinfo.fr\/app\/uploads\/sites\/4\/2023\/02\/david-valence.jpg\",\"width\":857,\"height\":857},{\"@type\":\"BreadcrumbList\",\"@id\":\"https:\/\/vosgesinfo.fr\/saintdieinfo\/2024\/04\/david-valence-parmi-les-71-deputes-membres-de-la-commission-speciale-chargee-de-la-loi-sur-laccompagnement-des-malades-et-la-fin-de-vie\/#breadcrumb\",\"itemListElement\":[{\"@type\":\"ListItem\",\"position\":1,\"name\":\"Home\",\"item\":\"https:\/\/vosgesinfo.fr\/saintdieinfo\/\"},{\"@type\":\"ListItem\",\"position\":2,\"name\":\"David Valence parmi les 71 d\u00e9put\u00e9s membres de la commission sp\u00e9ciale charg\u00e9e de la loi sur l&rsquo;accompagnement des malades et la fin de vie\"}]},{\"@type\":\"WebSite\",\"@id\":\"https:\/\/vosgesinfo.fr\/saintdieinfo\/#website\",\"url\":\"https:\/\/vosgesinfo.fr\/saintdieinfo\/\",\"name\":\"Saint Die Info\",\"description\":\"Toute l&#039;actualit\u00e9 de Saint-Di\u00e9-Des-Vosges\",\"publisher\":{\"@id\":\"https:\/\/vosgesinfo.fr\/saintdieinfo\/#organization\"},\"alternateName\":\"Toute l'actualit\u00e9 de Saint-Di\u00e9-Des-Vosges\",\"potentialAction\":[{\"@type\":\"SearchAction\",\"target\":{\"@type\":\"EntryPoint\",\"urlTemplate\":\"https:\/\/vosgesinfo.fr\/saintdieinfo\/?s={search_term_string}\"},\"query-input\":\"required name=search_term_string\"}],\"inLanguage\":\"fr-FR\"},{\"@type\":\"Organization\",\"@id\":\"https:\/\/vosgesinfo.fr\/saintdieinfo\/#organization\",\"name\":\"Saint Die Info\",\"url\":\"https:\/\/vosgesinfo.fr\/saintdieinfo\/\",\"logo\":{\"@type\":\"ImageObject\",\"inLanguage\":\"fr-FR\",\"@id\":\"https:\/\/vosgesinfo.fr\/saintdieinfo\/#\/schema\/logo\/image\/\",\"url\":\"https:\/\/vosgesinfo.fr\/app\/uploads\/sites\/4\/2024\/02\/logo-sdi.jpg\",\"contentUrl\":\"https:\/\/vosgesinfo.fr\/app\/uploads\/sites\/4\/2024\/02\/logo-sdi.jpg\",\"width\":600,\"height\":600,\"caption\":\"Saint Die Info\"},\"image\":{\"@id\":\"https:\/\/vosgesinfo.fr\/saintdieinfo\/#\/schema\/logo\/image\/\"},\"sameAs\":[\"https:\/\/www.facebook.com\/Saintdieinfofr\",\"https:\/\/x.com\/VosgesInfo88\",\"https:\/\/www.youtube.com\/@vosgesinfo\"]},{\"@type\":\"Person\",\"@id\":\"https:\/\/vosgesinfo.fr\/saintdieinfo\/#\/schema\/person\/fa73e9f726d67bb88f46d5b7943cb572\",\"name\":\"J.J.\",\"image\":{\"@type\":\"ImageObject\",\"inLanguage\":\"fr-FR\",\"@id\":\"https:\/\/vosgesinfo.fr\/saintdieinfo\/#\/schema\/person\/image\/\",\"url\":\"https:\/\/secure.gravatar.com\/avatar\/219e749e47ffbcca018a360ae4add7d4cdf1cdaaf8bc7676b27efade3fe65615?s=96&d=mm&r=g\",\"contentUrl\":\"https:\/\/secure.gravatar.com\/avatar\/219e749e47ffbcca018a360ae4add7d4cdf1cdaaf8bc7676b27efade3fe65615?s=96&d=mm&r=g\",\"caption\":\"J.J.\"},\"url\":\"https:\/\/vosgesinfo.fr\/saintdieinfo\/author\/j-j\/\"}]}<\/script>\n<!-- \/ Yoast SEO plugin. -->","yoast_head_json":{"title":"David Valence parmi les 71 d\u00e9put\u00e9s membres de la commission sp\u00e9ciale charg\u00e9e de la loi sur l'accompagnement des malades et la fin de vie - Saint Die Info","robots":{"index":"index","follow":"follow","max-snippet":"max-snippet:-1","max-image-preview":"max-image-preview:large","max-video-preview":"max-video-preview:-1"},"canonical":"https:\/\/vosgesinfo.fr\/saintdieinfo\/2024\/04\/david-valence-parmi-les-71-deputes-membres-de-la-commission-speciale-chargee-de-la-loi-sur-laccompagnement-des-malades-et-la-fin-de-vie\/","twitter_card":"summary_large_image","twitter_title":"David Valence parmi les 71 d\u00e9put\u00e9s membres de la commission sp\u00e9ciale charg\u00e9e de la loi sur l'accompagnement des malades et la fin de vie - Saint Die Info","twitter_description":"Le d\u00e9put\u00e9 de la deuxi\u00e8me circonscription des Vosges David Valence vient d&rsquo;annoncer, ce mercredi apr\u00e8s-midi, qu&rsquo;il figure parmi les 71 [&hellip;]","twitter_image":"https:\/\/vosgesinfo.fr\/app\/uploads\/sites\/4\/2023\/02\/david-valence.jpg","twitter_creator":"@VosgesInfo88","twitter_site":"@VosgesInfo88","twitter_misc":{"\u00c9crit par":"J.J.","Dur\u00e9e de lecture estim\u00e9e":"1 minute"},"schema":{"@context":"https:\/\/schema.org","@graph":[{"@type":"Article","@id":"https:\/\/vosgesinfo.fr\/saintdieinfo\/2024\/04\/david-valence-parmi-les-71-deputes-membres-de-la-commission-speciale-chargee-de-la-loi-sur-laccompagnement-des-malades-et-la-fin-de-vie\/#article","isPartOf":{"@id":"https:\/\/vosgesinfo.fr\/saintdieinfo\/2024\/04\/david-valence-parmi-les-71-deputes-membres-de-la-commission-speciale-chargee-de-la-loi-sur-laccompagnement-des-malades-et-la-fin-de-vie\/"},"author":{"name":"J.J.","@id":"https:\/\/vosgesinfo.fr\/saintdieinfo\/#\/schema\/person\/fa73e9f726d67bb88f46d5b7943cb572"},"headline":"David Valence parmi les 71 d\u00e9put\u00e9s membres de la commission sp\u00e9ciale charg\u00e9e de la loi sur l&rsquo;accompagnement des malades et la fin de vie","datePublished":"2024-04-10T15:44:00+00:00","dateModified":"2024-04-10T15:44:00+00:00","mainEntityOfPage":{"@id":"https:\/\/vosgesinfo.fr\/saintdieinfo\/2024\/04\/david-valence-parmi-les-71-deputes-membres-de-la-commission-speciale-chargee-de-la-loi-sur-laccompagnement-des-malades-et-la-fin-de-vie\/"},"wordCount":292,"commentCount":2,"publisher":{"@id":"https:\/\/vosgesinfo.fr\/saintdieinfo\/#organization"},"image":{"@id":"https:\/\/vosgesinfo.fr\/saintdieinfo\/2024\/04\/david-valence-parmi-les-71-deputes-membres-de-la-commission-speciale-chargee-de-la-loi-sur-laccompagnement-des-malades-et-la-fin-de-vie\/#primaryimage"},"thumbnailUrl":"https:\/\/vosgesinfo.fr\/app\/uploads\/sites\/4\/2023\/02\/david-valence.jpg","keywords":["David Valence","D\u00e9put\u00e9 de la deuxi\u00e8me circonscription des Vosges","Loi sur l'accompagnement des malades et la fin de vie"],"articleSection":["A la Une","Politique","Saint-Di\u00e9-des-Vosges et son Agglom\u00e9ration","Soci\u00e9t\u00e9","Vosges"],"inLanguage":"fr-FR","potentialAction":[{"@type":"CommentAction","name":"Comment","target":["https:\/\/vosgesinfo.fr\/saintdieinfo\/2024\/04\/david-valence-parmi-les-71-deputes-membres-de-la-commission-speciale-chargee-de-la-loi-sur-laccompagnement-des-malades-et-la-fin-de-vie\/#respond"]}]},{"@type":"WebPage","@id":"https:\/\/vosgesinfo.fr\/saintdieinfo\/2024\/04\/david-valence-parmi-les-71-deputes-membres-de-la-commission-speciale-chargee-de-la-loi-sur-laccompagnement-des-malades-et-la-fin-de-vie\/","url":"https:\/\/vosgesinfo.fr\/saintdieinfo\/2024\/04\/david-valence-parmi-les-71-deputes-membres-de-la-commission-speciale-chargee-de-la-loi-sur-laccompagnement-des-malades-et-la-fin-de-vie\/","name":"David Valence parmi les 71 d\u00e9put\u00e9s membres de la commission sp\u00e9ciale charg\u00e9e de la loi sur l'accompagnement des malades et la fin de vie - Saint Die Info","isPartOf":{"@id":"https:\/\/vosgesinfo.fr\/saintdieinfo\/#website"},"primaryImageOfPage":{"@id":"https:\/\/vosgesinfo.fr\/saintdieinfo\/2024\/04\/david-valence-parmi-les-71-deputes-membres-de-la-commission-speciale-chargee-de-la-loi-sur-laccompagnement-des-malades-et-la-fin-de-vie\/#primaryimage"},"image":{"@id":"https:\/\/vosgesinfo.fr\/saintdieinfo\/2024\/04\/david-valence-parmi-les-71-deputes-membres-de-la-commission-speciale-chargee-de-la-loi-sur-laccompagnement-des-malades-et-la-fin-de-vie\/#primaryimage"},"thumbnailUrl":"https:\/\/vosgesinfo.fr\/app\/uploads\/sites\/4\/2023\/02\/david-valence.jpg","datePublished":"2024-04-10T15:44:00+00:00","dateModified":"2024-04-10T15:44:00+00:00","breadcrumb":{"@id":"https:\/\/vosgesinfo.fr\/saintdieinfo\/2024\/04\/david-valence-parmi-les-71-deputes-membres-de-la-commission-speciale-chargee-de-la-loi-sur-laccompagnement-des-malades-et-la-fin-de-vie\/#breadcrumb"},"inLanguage":"fr-FR","potentialAction":[{"@type":"ReadAction","target":["https:\/\/vosgesinfo.fr\/saintdieinfo\/2024\/04\/david-valence-parmi-les-71-deputes-membres-de-la-commission-speciale-chargee-de-la-loi-sur-laccompagnement-des-malades-et-la-fin-de-vie\/"]}]},{"@type":"ImageObject","inLanguage":"fr-FR","@id":"https:\/\/vosgesinfo.fr\/saintdieinfo\/2024\/04\/david-valence-parmi-les-71-deputes-membres-de-la-commission-speciale-chargee-de-la-loi-sur-laccompagnement-des-malades-et-la-fin-de-vie\/#primaryimage","url":"https:\/\/vosgesinfo.fr\/app\/uploads\/sites\/4\/2023\/02\/david-valence.jpg","contentUrl":"https:\/\/vosgesinfo.fr\/app\/uploads\/sites\/4\/2023\/02\/david-valence.jpg","width":857,"height":857},{"@type":"BreadcrumbList","@id":"https:\/\/vosgesinfo.fr\/saintdieinfo\/2024\/04\/david-valence-parmi-les-71-deputes-membres-de-la-commission-speciale-chargee-de-la-loi-sur-laccompagnement-des-malades-et-la-fin-de-vie\/#breadcrumb","itemListElement":[{"@type":"ListItem","position":1,"name":"Home","item":"https:\/\/vosgesinfo.fr\/saintdieinfo\/"},{"@type":"ListItem","position":2,"name":"David Valence parmi les 71 d\u00e9put\u00e9s membres de la commission sp\u00e9ciale charg\u00e9e de la loi sur l&rsquo;accompagnement des malades et la fin de vie"}]},{"@type":"WebSite","@id":"https:\/\/vosgesinfo.fr\/saintdieinfo\/#website","url":"https:\/\/vosgesinfo.fr\/saintdieinfo\/","name":"Saint Die Info","description":"Toute l&#039;actualit\u00e9 de Saint-Di\u00e9-Des-Vosges","publisher":{"@id":"https:\/\/vosgesinfo.fr\/saintdieinfo\/#organization"},"alternateName":"Toute l'actualit\u00e9 de Saint-Di\u00e9-Des-Vosges","potentialAction":[{"@type":"SearchAction","target":{"@type":"EntryPoint","urlTemplate":"https:\/\/vosgesinfo.fr\/saintdieinfo\/?s={search_term_string}"},"query-input":"required name=search_term_string"}],"inLanguage":"fr-FR"},{"@type":"Organization","@id":"https:\/\/vosgesinfo.fr\/saintdieinfo\/#organization","name":"Saint Die Info","url":"https:\/\/vosgesinfo.fr\/saintdieinfo\/","logo":{"@type":"ImageObject","inLanguage":"fr-FR","@id":"https:\/\/vosgesinfo.fr\/saintdieinfo\/#\/schema\/logo\/image\/","url":"https:\/\/vosgesinfo.fr\/app\/uploads\/sites\/4\/2024\/02\/logo-sdi.jpg","contentUrl":"https:\/\/vosgesinfo.fr\/app\/uploads\/sites\/4\/2024\/02\/logo-sdi.jpg","width":600,"height":600,"caption":"Saint Die Info"},"image":{"@id":"https:\/\/vosgesinfo.fr\/saintdieinfo\/#\/schema\/logo\/image\/"},"sameAs":["https:\/\/www.facebook.com\/Saintdieinfofr","https:\/\/x.com\/VosgesInfo88","https:\/\/www.youtube.com\/@vosgesinfo"]},{"@type":"Person","@id":"https:\/\/vosgesinfo.fr\/saintdieinfo\/#\/schema\/person\/fa73e9f726d67bb88f46d5b7943cb572","name":"J.J.","image":{"@type":"ImageObject","inLanguage":"fr-FR","@id":"https:\/\/vosgesinfo.fr\/saintdieinfo\/#\/schema\/person\/image\/","url":"https:\/\/secure.gravatar.com\/avatar\/219e749e47ffbcca018a360ae4add7d4cdf1cdaaf8bc7676b27efade3fe65615?s=96&d=mm&r=g","contentUrl":"https:\/\/secure.gravatar.com\/avatar\/219e749e47ffbcca018a360ae4add7d4cdf1cdaaf8bc7676b27efade3fe65615?s=96&d=mm&r=g","caption":"J.J."},"url":"https:\/\/vosgesinfo.fr\/saintdieinfo\/author\/j-j\/"}]}},"_links":{"self":[{"href":"https:\/\/vosgesinfo.fr\/saintdieinfo\/wp-json\/wp\/v2\/posts\/32449","targetHints":{"allow":["GET"]}}],"collection":[{"href":"https:\/\/vosgesinfo.fr\/saintdieinfo\/wp-json\/wp\/v2\/posts"}],"about":[{"href":"https:\/\/vosgesinfo.fr\/saintdieinfo\/wp-json\/wp\/v2\/types\/post"}],"author":[{"embeddable":true,"href":"https:\/\/vosgesinfo.fr\/saintdieinfo\/wp-json\/wp\/v2\/users\/46"}],"replies":[{"embeddable":true,"href":"https:\/\/vosgesinfo.fr\/saintdieinfo\/wp-json\/wp\/v2\/comments?post=32449"}],"version-history":[{"count":1,"href":"https:\/\/vosgesinfo.fr\/saintdieinfo\/wp-json\/wp\/v2\/posts\/32449\/revisions"}],"predecessor-version":[{"id":32450,"href":"https:\/\/vosgesinfo.fr\/saintdieinfo\/wp-json\/wp\/v2\/posts\/32449\/revisions\/32450"}],"wp:featuredmedia":[{"embeddable":true,"href":"https:\/\/vosgesinfo.fr\/saintdieinfo\/wp-json\/wp\/v2\/media\/22781"}],"wp:attachment":[{"href":"https:\/\/vosgesinfo.fr\/saintdieinfo\/wp-json\/wp\/v2\/media?parent=32449"}],"wp:term":[{"taxonomy":"category","embeddable":true,"href":"https:\/\/vosgesinfo.fr\/saintdieinfo\/wp-json\/wp\/v2\/categories?post=32449"},{"taxonomy":"post_tag","embeddable":true,"href":"https:\/\/vosgesinfo.fr\/saintdieinfo\/wp-json\/wp\/v2\/tags?post=32449"}],"curies":[{"name":"wp","href":"https:\/\/api.w.org\/{rel}","templated":true}]}}