{"id":32465,"date":"2024-04-11T09:23:43","date_gmt":"2024-04-11T07:23:43","guid":{"rendered":"https:\/\/vosgesinfo.fr\/saintdieinfo\/?p=32465"},"modified":"2024-04-11T09:23:43","modified_gmt":"2024-04-11T07:23:43","slug":"a-lordre-du-jour-de-la-prochaine-seance-du-conseil-communautaire-3","status":"publish","type":"post","link":"https:\/\/vosgesinfo.fr\/saintdieinfo\/2024\/04\/a-lordre-du-jour-de-la-prochaine-seance-du-conseil-communautaire-3\/","title":{"rendered":"A l\u2019ordre du jour de la prochaine s\u00e9ance du Conseil Communautaire"},"content":{"rendered":"<p><img decoding=\"async\" class=\"alignnone size-full wp-image-22680\" src=\"https:\/\/vosgesinfo.fr\/app\/uploads\/sites\/4\/2019\/03\/communaute-agglomeration-logo.jpg\" alt=\"\" width=\"500\" height=\"461\" srcset=\"https:\/\/vosgesinfo.fr\/app\/uploads\/sites\/4\/2019\/03\/communaute-agglomeration-logo.jpg 500w, https:\/\/vosgesinfo.fr\/app\/uploads\/sites\/4\/2019\/03\/communaute-agglomeration-logo-300x277.jpg 300w\" sizes=\"(max-width: 500px) 100vw, 500px\" \/><\/p>\n<h2>Le Conseil Communautaire de la Communaut\u00e9 d\u2019Agglom\u00e9ration de Saint-Di\u00e9-des-Vosges se r\u00e9unira lundi 15 avril \u00e0 la salle des f\u00eates de Sainte-Marguerite. Lors de cette s\u00e9ance printani\u00e8re, les \u00e9lus communautaires se pencheront sur l\u2019ordre du jour suivant :<\/h2>\n<p><!--more--><\/p>\n<h3>Points d\u2019informations<\/h3>\n<ol>\n<li>Attribution de subventions au titre du Fonds communautaire de Soutien aux Commerces et services de Proximit\u00e9 (FSCOP)<\/li>\n<li>Fixation du taux d\u2019imposition 2024 des taxes directes locales<\/li>\n<li>Fixation du produit 2024 de la taxe pour la Gestion des Milieux Aquatiques et la Pr\u00e9vention des Inondations (GEMAPI)<\/li>\n<li>Evolution du taux du versement mobilit\u00e9<\/li>\n<li>Neutralisation des amortissements aux subventions vers\u00e9es<\/li>\n<li>Approbation du budget primitif 2024<\/li>\n<li>Octroi de fonds de concours aux communes membres<\/li>\n<li>Approbation du protocole de coop\u00e9ration du conseil de d\u00e9veloppement mutualis\u00e9 avec le PETR<\/li>\n<li>Mise en \u0153uvre de la prime de pouvoir d\u2019achat exceptionnelle<\/li>\n<li>Modification du tableau des effectifs<\/li>\n<li>Communication des d\u00e9cisions prises par le Pr\u00e9sident et le Bureau communautaire<\/li>\n<\/ol>\n","protected":false},"excerpt":{"rendered":"<p>Le Conseil Communautaire de la Communaut\u00e9 d\u2019Agglom\u00e9ration de Saint-Di\u00e9-des-Vosges se r\u00e9unira lundi 15 avril \u00e0 la salle des f\u00eates de [&hellip;]<\/p>\n","protected":false},"author":46,"featured_media":22680,"comment_status":"open","ping_status":"open","sticky":false,"template":"","format":"standard","meta":{"footnotes":""},"categories":[460,10,2915],"tags":[5857,3283,3093],"class_list":["post-32465","post","type-post","status-publish","format-standard","has-post-thumbnail","hentry","category-a-la-une","category-politique","category-saint-die-son-canton","tag-communaute-dagglomeration-de-saint-die-des6vosges","tag-conseil-communautaire","tag-salle-des-fetes-de-sainte-marguerite"],"acf":[],"yoast_head":"<!-- This site is optimized with the Yoast SEO plugin v22.5 - https:\/\/yoast.com\/wordpress\/plugins\/seo\/ -->\n<title>A l\u2019ordre du jour de la prochaine s\u00e9ance du Conseil Communautaire - Saint Die Info<\/title>\n<meta name=\"robots\" content=\"index, follow, max-snippet:-1, max-image-preview:large, max-video-preview:-1\" \/>\n<link rel=\"canonical\" href=\"https:\/\/vosgesinfo.fr\/saintdieinfo\/2024\/04\/a-lordre-du-jour-de-la-prochaine-seance-du-conseil-communautaire-3\/\" \/>\n<meta name=\"twitter:card\" content=\"summary_large_image\" \/>\n<meta name=\"twitter:title\" content=\"A l\u2019ordre du jour de la prochaine s\u00e9ance du Conseil Communautaire - Saint Die Info\" \/>\n<meta name=\"twitter:description\" content=\"Le Conseil Communautaire de la Communaut\u00e9 d\u2019Agglom\u00e9ration de Saint-Di\u00e9-des-Vosges se r\u00e9unira lundi 15 avril \u00e0 la salle des f\u00eates de [&hellip;]\" \/>\n<meta name=\"twitter:image\" content=\"https:\/\/vosgesinfo.fr\/app\/uploads\/sites\/4\/2019\/03\/communaute-agglomeration-logo.jpg\" \/>\n<meta name=\"twitter:creator\" content=\"@VosgesInfo88\" \/>\n<meta name=\"twitter:site\" content=\"@VosgesInfo88\" \/>\n<meta name=\"twitter:label1\" content=\"\u00c9crit par\" \/>\n\t<meta name=\"twitter:data1\" content=\"J.J.\" \/>\n\t<meta name=\"twitter:label2\" content=\"Dur\u00e9e de lecture estim\u00e9e\" \/>\n\t<meta name=\"twitter:data2\" content=\"1 minute\" \/>\n<script type=\"application\/ld+json\" class=\"yoast-schema-graph\">{\"@context\":\"https:\/\/schema.org\",\"@graph\":[{\"@type\":\"Article\",\"@id\":\"https:\/\/vosgesinfo.fr\/saintdieinfo\/2024\/04\/a-lordre-du-jour-de-la-prochaine-seance-du-conseil-communautaire-3\/#article\",\"isPartOf\":{\"@id\":\"https:\/\/vosgesinfo.fr\/saintdieinfo\/2024\/04\/a-lordre-du-jour-de-la-prochaine-seance-du-conseil-communautaire-3\/\"},\"author\":{\"name\":\"J.J.\",\"@id\":\"https:\/\/vosgesinfo.fr\/saintdieinfo\/#\/schema\/person\/fa73e9f726d67bb88f46d5b7943cb572\"},\"headline\":\"A l\u2019ordre du jour de la prochaine s\u00e9ance du Conseil Communautaire\",\"datePublished\":\"2024-04-11T07:23:43+00:00\",\"dateModified\":\"2024-04-11T07:23:43+00:00\",\"mainEntityOfPage\":{\"@id\":\"https:\/\/vosgesinfo.fr\/saintdieinfo\/2024\/04\/a-lordre-du-jour-de-la-prochaine-seance-du-conseil-communautaire-3\/\"},\"wordCount\":172,\"commentCount\":0,\"publisher\":{\"@id\":\"https:\/\/vosgesinfo.fr\/saintdieinfo\/#organization\"},\"image\":{\"@id\":\"https:\/\/vosgesinfo.fr\/saintdieinfo\/2024\/04\/a-lordre-du-jour-de-la-prochaine-seance-du-conseil-communautaire-3\/#primaryimage\"},\"thumbnailUrl\":\"https:\/\/vosgesinfo.fr\/app\/uploads\/sites\/4\/2019\/03\/communaute-agglomeration-logo.jpg\",\"keywords\":[\"Communaut\u00e9 d'Agglom\u00e9ration de Saint-Di\u00e9-des6vosges\",\"Conseil Communautaire\",\"Salle des f\u00eates de Sainte-Marguerite\"],\"articleSection\":[\"A la Une\",\"Politique\",\"Saint-Di\u00e9-des-Vosges et son Agglom\u00e9ration\"],\"inLanguage\":\"fr-FR\",\"potentialAction\":[{\"@type\":\"CommentAction\",\"name\":\"Comment\",\"target\":[\"https:\/\/vosgesinfo.fr\/saintdieinfo\/2024\/04\/a-lordre-du-jour-de-la-prochaine-seance-du-conseil-communautaire-3\/#respond\"]}]},{\"@type\":\"WebPage\",\"@id\":\"https:\/\/vosgesinfo.fr\/saintdieinfo\/2024\/04\/a-lordre-du-jour-de-la-prochaine-seance-du-conseil-communautaire-3\/\",\"url\":\"https:\/\/vosgesinfo.fr\/saintdieinfo\/2024\/04\/a-lordre-du-jour-de-la-prochaine-seance-du-conseil-communautaire-3\/\",\"name\":\"A l\u2019ordre du jour de la prochaine s\u00e9ance du Conseil Communautaire - Saint Die Info\",\"isPartOf\":{\"@id\":\"https:\/\/vosgesinfo.fr\/saintdieinfo\/#website\"},\"primaryImageOfPage\":{\"@id\":\"https:\/\/vosgesinfo.fr\/saintdieinfo\/2024\/04\/a-lordre-du-jour-de-la-prochaine-seance-du-conseil-communautaire-3\/#primaryimage\"},\"image\":{\"@id\":\"https:\/\/vosgesinfo.fr\/saintdieinfo\/2024\/04\/a-lordre-du-jour-de-la-prochaine-seance-du-conseil-communautaire-3\/#primaryimage\"},\"thumbnailUrl\":\"https:\/\/vosgesinfo.fr\/app\/uploads\/sites\/4\/2019\/03\/communaute-agglomeration-logo.jpg\",\"datePublished\":\"2024-04-11T07:23:43+00:00\",\"dateModified\":\"2024-04-11T07:23:43+00:00\",\"breadcrumb\":{\"@id\":\"https:\/\/vosgesinfo.fr\/saintdieinfo\/2024\/04\/a-lordre-du-jour-de-la-prochaine-seance-du-conseil-communautaire-3\/#breadcrumb\"},\"inLanguage\":\"fr-FR\",\"potentialAction\":[{\"@type\":\"ReadAction\",\"target\":[\"https:\/\/vosgesinfo.fr\/saintdieinfo\/2024\/04\/a-lordre-du-jour-de-la-prochaine-seance-du-conseil-communautaire-3\/\"]}]},{\"@type\":\"ImageObject\",\"inLanguage\":\"fr-FR\",\"@id\":\"https:\/\/vosgesinfo.fr\/saintdieinfo\/2024\/04\/a-lordre-du-jour-de-la-prochaine-seance-du-conseil-communautaire-3\/#primaryimage\",\"url\":\"https:\/\/vosgesinfo.fr\/app\/uploads\/sites\/4\/2019\/03\/communaute-agglomeration-logo.jpg\",\"contentUrl\":\"https:\/\/vosgesinfo.fr\/app\/uploads\/sites\/4\/2019\/03\/communaute-agglomeration-logo.jpg\",\"width\":500,\"height\":461},{\"@type\":\"BreadcrumbList\",\"@id\":\"https:\/\/vosgesinfo.fr\/saintdieinfo\/2024\/04\/a-lordre-du-jour-de-la-prochaine-seance-du-conseil-communautaire-3\/#breadcrumb\",\"itemListElement\":[{\"@type\":\"ListItem\",\"position\":1,\"name\":\"Home\",\"item\":\"https:\/\/vosgesinfo.fr\/saintdieinfo\/\"},{\"@type\":\"ListItem\",\"position\":2,\"name\":\"A l\u2019ordre du jour de la prochaine s\u00e9ance du Conseil Communautaire\"}]},{\"@type\":\"WebSite\",\"@id\":\"https:\/\/vosgesinfo.fr\/saintdieinfo\/#website\",\"url\":\"https:\/\/vosgesinfo.fr\/saintdieinfo\/\",\"name\":\"Saint Die Info\",\"description\":\"Toute l&#039;actualit\u00e9 de Saint-Di\u00e9-Des-Vosges\",\"publisher\":{\"@id\":\"https:\/\/vosgesinfo.fr\/saintdieinfo\/#organization\"},\"alternateName\":\"Toute l'actualit\u00e9 de Saint-Di\u00e9-Des-Vosges\",\"potentialAction\":[{\"@type\":\"SearchAction\",\"target\":{\"@type\":\"EntryPoint\",\"urlTemplate\":\"https:\/\/vosgesinfo.fr\/saintdieinfo\/?s={search_term_string}\"},\"query-input\":\"required name=search_term_string\"}],\"inLanguage\":\"fr-FR\"},{\"@type\":\"Organization\",\"@id\":\"https:\/\/vosgesinfo.fr\/saintdieinfo\/#organization\",\"name\":\"Saint Die Info\",\"url\":\"https:\/\/vosgesinfo.fr\/saintdieinfo\/\",\"logo\":{\"@type\":\"ImageObject\",\"inLanguage\":\"fr-FR\",\"@id\":\"https:\/\/vosgesinfo.fr\/saintdieinfo\/#\/schema\/logo\/image\/\",\"url\":\"https:\/\/vosgesinfo.fr\/app\/uploads\/sites\/4\/2024\/02\/logo-sdi.jpg\",\"contentUrl\":\"https:\/\/vosgesinfo.fr\/app\/uploads\/sites\/4\/2024\/02\/logo-sdi.jpg\",\"width\":600,\"height\":600,\"caption\":\"Saint Die Info\"},\"image\":{\"@id\":\"https:\/\/vosgesinfo.fr\/saintdieinfo\/#\/schema\/logo\/image\/\"},\"sameAs\":[\"https:\/\/www.facebook.com\/Saintdieinfofr\",\"https:\/\/x.com\/VosgesInfo88\",\"https:\/\/www.youtube.com\/@vosgesinfo\"]},{\"@type\":\"Person\",\"@id\":\"https:\/\/vosgesinfo.fr\/saintdieinfo\/#\/schema\/person\/fa73e9f726d67bb88f46d5b7943cb572\",\"name\":\"J.J.\",\"image\":{\"@type\":\"ImageObject\",\"inLanguage\":\"fr-FR\",\"@id\":\"https:\/\/vosgesinfo.fr\/saintdieinfo\/#\/schema\/person\/image\/\",\"url\":\"https:\/\/secure.gravatar.com\/avatar\/219e749e47ffbcca018a360ae4add7d4cdf1cdaaf8bc7676b27efade3fe65615?s=96&d=mm&r=g\",\"contentUrl\":\"https:\/\/secure.gravatar.com\/avatar\/219e749e47ffbcca018a360ae4add7d4cdf1cdaaf8bc7676b27efade3fe65615?s=96&d=mm&r=g\",\"caption\":\"J.J.\"},\"url\":\"https:\/\/vosgesinfo.fr\/saintdieinfo\/author\/j-j\/\"}]}<\/script>\n<!-- \/ Yoast SEO plugin. -->","yoast_head_json":{"title":"A l\u2019ordre du jour de la prochaine s\u00e9ance du Conseil Communautaire - Saint Die Info","robots":{"index":"index","follow":"follow","max-snippet":"max-snippet:-1","max-image-preview":"max-image-preview:large","max-video-preview":"max-video-preview:-1"},"canonical":"https:\/\/vosgesinfo.fr\/saintdieinfo\/2024\/04\/a-lordre-du-jour-de-la-prochaine-seance-du-conseil-communautaire-3\/","twitter_card":"summary_large_image","twitter_title":"A l\u2019ordre du jour de la prochaine s\u00e9ance du Conseil Communautaire - Saint Die Info","twitter_description":"Le Conseil Communautaire de la Communaut\u00e9 d\u2019Agglom\u00e9ration de Saint-Di\u00e9-des-Vosges se r\u00e9unira lundi 15 avril \u00e0 la salle des f\u00eates de [&hellip;]","twitter_image":"https:\/\/vosgesinfo.fr\/app\/uploads\/sites\/4\/2019\/03\/communaute-agglomeration-logo.jpg","twitter_creator":"@VosgesInfo88","twitter_site":"@VosgesInfo88","twitter_misc":{"\u00c9crit par":"J.J.","Dur\u00e9e de lecture estim\u00e9e":"1 minute"},"schema":{"@context":"https:\/\/schema.org","@graph":[{"@type":"Article","@id":"https:\/\/vosgesinfo.fr\/saintdieinfo\/2024\/04\/a-lordre-du-jour-de-la-prochaine-seance-du-conseil-communautaire-3\/#article","isPartOf":{"@id":"https:\/\/vosgesinfo.fr\/saintdieinfo\/2024\/04\/a-lordre-du-jour-de-la-prochaine-seance-du-conseil-communautaire-3\/"},"author":{"name":"J.J.","@id":"https:\/\/vosgesinfo.fr\/saintdieinfo\/#\/schema\/person\/fa73e9f726d67bb88f46d5b7943cb572"},"headline":"A l\u2019ordre du jour de la prochaine s\u00e9ance du Conseil Communautaire","datePublished":"2024-04-11T07:23:43+00:00","dateModified":"2024-04-11T07:23:43+00:00","mainEntityOfPage":{"@id":"https:\/\/vosgesinfo.fr\/saintdieinfo\/2024\/04\/a-lordre-du-jour-de-la-prochaine-seance-du-conseil-communautaire-3\/"},"wordCount":172,"commentCount":0,"publisher":{"@id":"https:\/\/vosgesinfo.fr\/saintdieinfo\/#organization"},"image":{"@id":"https:\/\/vosgesinfo.fr\/saintdieinfo\/2024\/04\/a-lordre-du-jour-de-la-prochaine-seance-du-conseil-communautaire-3\/#primaryimage"},"thumbnailUrl":"https:\/\/vosgesinfo.fr\/app\/uploads\/sites\/4\/2019\/03\/communaute-agglomeration-logo.jpg","keywords":["Communaut\u00e9 d'Agglom\u00e9ration de Saint-Di\u00e9-des6vosges","Conseil Communautaire","Salle des f\u00eates de Sainte-Marguerite"],"articleSection":["A la Une","Politique","Saint-Di\u00e9-des-Vosges et son Agglom\u00e9ration"],"inLanguage":"fr-FR","potentialAction":[{"@type":"CommentAction","name":"Comment","target":["https:\/\/vosgesinfo.fr\/saintdieinfo\/2024\/04\/a-lordre-du-jour-de-la-prochaine-seance-du-conseil-communautaire-3\/#respond"]}]},{"@type":"WebPage","@id":"https:\/\/vosgesinfo.fr\/saintdieinfo\/2024\/04\/a-lordre-du-jour-de-la-prochaine-seance-du-conseil-communautaire-3\/","url":"https:\/\/vosgesinfo.fr\/saintdieinfo\/2024\/04\/a-lordre-du-jour-de-la-prochaine-seance-du-conseil-communautaire-3\/","name":"A l\u2019ordre du jour de la prochaine s\u00e9ance du Conseil Communautaire - Saint Die Info","isPartOf":{"@id":"https:\/\/vosgesinfo.fr\/saintdieinfo\/#website"},"primaryImageOfPage":{"@id":"https:\/\/vosgesinfo.fr\/saintdieinfo\/2024\/04\/a-lordre-du-jour-de-la-prochaine-seance-du-conseil-communautaire-3\/#primaryimage"},"image":{"@id":"https:\/\/vosgesinfo.fr\/saintdieinfo\/2024\/04\/a-lordre-du-jour-de-la-prochaine-seance-du-conseil-communautaire-3\/#primaryimage"},"thumbnailUrl":"https:\/\/vosgesinfo.fr\/app\/uploads\/sites\/4\/2019\/03\/communaute-agglomeration-logo.jpg","datePublished":"2024-04-11T07:23:43+00:00","dateModified":"2024-04-11T07:23:43+00:00","breadcrumb":{"@id":"https:\/\/vosgesinfo.fr\/saintdieinfo\/2024\/04\/a-lordre-du-jour-de-la-prochaine-seance-du-conseil-communautaire-3\/#breadcrumb"},"inLanguage":"fr-FR","potentialAction":[{"@type":"ReadAction","target":["https:\/\/vosgesinfo.fr\/saintdieinfo\/2024\/04\/a-lordre-du-jour-de-la-prochaine-seance-du-conseil-communautaire-3\/"]}]},{"@type":"ImageObject","inLanguage":"fr-FR","@id":"https:\/\/vosgesinfo.fr\/saintdieinfo\/2024\/04\/a-lordre-du-jour-de-la-prochaine-seance-du-conseil-communautaire-3\/#primaryimage","url":"https:\/\/vosgesinfo.fr\/app\/uploads\/sites\/4\/2019\/03\/communaute-agglomeration-logo.jpg","contentUrl":"https:\/\/vosgesinfo.fr\/app\/uploads\/sites\/4\/2019\/03\/communaute-agglomeration-logo.jpg","width":500,"height":461},{"@type":"BreadcrumbList","@id":"https:\/\/vosgesinfo.fr\/saintdieinfo\/2024\/04\/a-lordre-du-jour-de-la-prochaine-seance-du-conseil-communautaire-3\/#breadcrumb","itemListElement":[{"@type":"ListItem","position":1,"name":"Home","item":"https:\/\/vosgesinfo.fr\/saintdieinfo\/"},{"@type":"ListItem","position":2,"name":"A l\u2019ordre du jour de la prochaine s\u00e9ance du Conseil Communautaire"}]},{"@type":"WebSite","@id":"https:\/\/vosgesinfo.fr\/saintdieinfo\/#website","url":"https:\/\/vosgesinfo.fr\/saintdieinfo\/","name":"Saint Die Info","description":"Toute l&#039;actualit\u00e9 de Saint-Di\u00e9-Des-Vosges","publisher":{"@id":"https:\/\/vosgesinfo.fr\/saintdieinfo\/#organization"},"alternateName":"Toute l'actualit\u00e9 de Saint-Di\u00e9-Des-Vosges","potentialAction":[{"@type":"SearchAction","target":{"@type":"EntryPoint","urlTemplate":"https:\/\/vosgesinfo.fr\/saintdieinfo\/?s={search_term_string}"},"query-input":"required name=search_term_string"}],"inLanguage":"fr-FR"},{"@type":"Organization","@id":"https:\/\/vosgesinfo.fr\/saintdieinfo\/#organization","name":"Saint Die Info","url":"https:\/\/vosgesinfo.fr\/saintdieinfo\/","logo":{"@type":"ImageObject","inLanguage":"fr-FR","@id":"https:\/\/vosgesinfo.fr\/saintdieinfo\/#\/schema\/logo\/image\/","url":"https:\/\/vosgesinfo.fr\/app\/uploads\/sites\/4\/2024\/02\/logo-sdi.jpg","contentUrl":"https:\/\/vosgesinfo.fr\/app\/uploads\/sites\/4\/2024\/02\/logo-sdi.jpg","width":600,"height":600,"caption":"Saint Die Info"},"image":{"@id":"https:\/\/vosgesinfo.fr\/saintdieinfo\/#\/schema\/logo\/image\/"},"sameAs":["https:\/\/www.facebook.com\/Saintdieinfofr","https:\/\/x.com\/VosgesInfo88","https:\/\/www.youtube.com\/@vosgesinfo"]},{"@type":"Person","@id":"https:\/\/vosgesinfo.fr\/saintdieinfo\/#\/schema\/person\/fa73e9f726d67bb88f46d5b7943cb572","name":"J.J.","image":{"@type":"ImageObject","inLanguage":"fr-FR","@id":"https:\/\/vosgesinfo.fr\/saintdieinfo\/#\/schema\/person\/image\/","url":"https:\/\/secure.gravatar.com\/avatar\/219e749e47ffbcca018a360ae4add7d4cdf1cdaaf8bc7676b27efade3fe65615?s=96&d=mm&r=g","contentUrl":"https:\/\/secure.gravatar.com\/avatar\/219e749e47ffbcca018a360ae4add7d4cdf1cdaaf8bc7676b27efade3fe65615?s=96&d=mm&r=g","caption":"J.J."},"url":"https:\/\/vosgesinfo.fr\/saintdieinfo\/author\/j-j\/"}]}},"_links":{"self":[{"href":"https:\/\/vosgesinfo.fr\/saintdieinfo\/wp-json\/wp\/v2\/posts\/32465","targetHints":{"allow":["GET"]}}],"collection":[{"href":"https:\/\/vosgesinfo.fr\/saintdieinfo\/wp-json\/wp\/v2\/posts"}],"about":[{"href":"https:\/\/vosgesinfo.fr\/saintdieinfo\/wp-json\/wp\/v2\/types\/post"}],"author":[{"embeddable":true,"href":"https:\/\/vosgesinfo.fr\/saintdieinfo\/wp-json\/wp\/v2\/users\/46"}],"replies":[{"embeddable":true,"href":"https:\/\/vosgesinfo.fr\/saintdieinfo\/wp-json\/wp\/v2\/comments?post=32465"}],"version-history":[{"count":1,"href":"https:\/\/vosgesinfo.fr\/saintdieinfo\/wp-json\/wp\/v2\/posts\/32465\/revisions"}],"predecessor-version":[{"id":32466,"href":"https:\/\/vosgesinfo.fr\/saintdieinfo\/wp-json\/wp\/v2\/posts\/32465\/revisions\/32466"}],"wp:featuredmedia":[{"embeddable":true,"href":"https:\/\/vosgesinfo.fr\/saintdieinfo\/wp-json\/wp\/v2\/media\/22680"}],"wp:attachment":[{"href":"https:\/\/vosgesinfo.fr\/saintdieinfo\/wp-json\/wp\/v2\/media?parent=32465"}],"wp:term":[{"taxonomy":"category","embeddable":true,"href":"https:\/\/vosgesinfo.fr\/saintdieinfo\/wp-json\/wp\/v2\/categories?post=32465"},{"taxonomy":"post_tag","embeddable":true,"href":"https:\/\/vosgesinfo.fr\/saintdieinfo\/wp-json\/wp\/v2\/tags?post=32465"}],"curies":[{"name":"wp","href":"https:\/\/api.w.org\/{rel}","templated":true}]}}