{"id":32495,"date":"2024-04-11T13:56:54","date_gmt":"2024-04-11T11:56:54","guid":{"rendered":"https:\/\/vosgesinfo.fr\/saintdieinfo\/?p=32495"},"modified":"2024-04-11T14:05:53","modified_gmt":"2024-04-11T12:05:53","slug":"on-nest-pas-serieux-quand-on-a-17-ans-une-piece-de-theatre-sur-la-sante-mentale-des-adolescents","status":"publish","type":"post","link":"https:\/\/vosgesinfo.fr\/saintdieinfo\/2024\/04\/on-nest-pas-serieux-quand-on-a-17-ans-une-piece-de-theatre-sur-la-sante-mentale-des-adolescents\/","title":{"rendered":"\u00ab\u00a0On n&rsquo;est pas s\u00e9rieux quand on a 17 ans\u00a0!\u00a0\u00bb, une pi\u00e8ce de th\u00e9\u00e2tre sur la sant\u00e9 mentale des adolescents"},"content":{"rendered":"<h2>Demain vendredi \u00e0 20h, la pi\u00e8ce de th\u00e9\u00e2tre \u00ab On n&rsquo;est pas s\u00e9rieux quand on a 17 ans \u00bb sera pr\u00e9sent\u00e9e sur la sc\u00e8ne de la salle Fran\u00e7ois-Chol\u00e9 du mus\u00e9e Pierre-No\u00ebl. L&rsquo;entr\u00e9e est gratuite mais le nombre de places est limit\u00e9 \u00e0 200. Une r\u00e9servation est donc conseill\u00e9e, aupr\u00e8s d&rsquo;Isabelle Didierdefresse au 03-29-52-65-56 ou <a href=\"mailto:isabelle.didierdefresse@ca-saintdie.fr\" target=\"_blank\" rel=\"noopener\">isabelle.didierdefresse@ca-saintdie.fr<\/a>.<\/h2>\n<p><!--more--><\/p>\n<p>Propos\u00e9e par la Communaut\u00e9 d&rsquo;Agglom\u00e9ration de Saint-Di\u00e9-des-Vosges, le Groupement de Sant\u00e9 Mentale des Vosges, la Mutualit\u00e9 Sociale Agricole et l&rsquo;association \u00ab Dites je suis l\u00e0 \u00bb, cette pi\u00e8ce de th\u00e9\u00e2tre de Nathalie Becker, mise en sc\u00e8ne par V\u00e9ronique Balme, porte sur la sant\u00e9 mentale des adolescents. La repr\u00e9sentation sera suivie d&rsquo;un \u00e9change avec des professionnels, sachant qu&rsquo;\u00e0 partir de 17h, les acteurs du territoire seront pr\u00e9sents dans le hall du mus\u00e9e pour r\u00e9pondre aux interrogations du public sur la sant\u00e9 mentale.<\/p>\n<h3>Synopsis de \u00ab\u00a0On n&rsquo;est pas s\u00e9rieux quand on a 17 ans\u00a0\u00bb<\/h3>\n<p>\u00ab Se construire, grandir. L&rsquo;insouciance. Les premi\u00e8res fois. Mais quand construction rime avec destruction, comment dissocier la crise d&rsquo;ado du mal-\u00eatre profond ? Sorti de l&rsquo;obscurit\u00e9, Tristan nous livre son v\u00e9cu, ses angoisses existentielles. \u00bb<\/p>\n<p><img decoding=\"async\" class=\"alignnone size-large wp-image-32496\" src=\"https:\/\/vosgesinfo.fr\/app\/uploads\/sites\/4\/2024\/04\/piece-sante-mentale-adolescents-721x1024.jpg\" alt=\"\" width=\"721\" height=\"1024\" srcset=\"https:\/\/vosgesinfo.fr\/app\/uploads\/sites\/4\/2024\/04\/piece-sante-mentale-adolescents-721x1024.jpg 721w, https:\/\/vosgesinfo.fr\/app\/uploads\/sites\/4\/2024\/04\/piece-sante-mentale-adolescents-211x300.jpg 211w, https:\/\/vosgesinfo.fr\/app\/uploads\/sites\/4\/2024\/04\/piece-sante-mentale-adolescents-768x1090.jpg 768w, https:\/\/vosgesinfo.fr\/app\/uploads\/sites\/4\/2024\/04\/piece-sante-mentale-adolescents-1082x1536.jpg 1082w, https:\/\/vosgesinfo.fr\/app\/uploads\/sites\/4\/2024\/04\/piece-sante-mentale-adolescents-1443x2048.jpg 1443w, https:\/\/vosgesinfo.fr\/app\/uploads\/sites\/4\/2024\/04\/piece-sante-mentale-adolescents.jpg 1748w\" sizes=\"(max-width: 721px) 100vw, 721px\" \/><\/p>\n","protected":false},"excerpt":{"rendered":"<p>Demain vendredi \u00e0 20h, la pi\u00e8ce de th\u00e9\u00e2tre \u00ab On n&rsquo;est pas s\u00e9rieux quand on a 17 ans \u00bb sera [&hellip;]<\/p>\n","protected":false},"author":46,"featured_media":32496,"comment_status":"open","ping_status":"open","sticky":false,"template":"","format":"standard","meta":{"footnotes":""},"categories":[460,167,4152,13],"tags":[3282,3333,5867,5864,5866,5865,5868],"class_list":["post-32495","post","type-post","status-publish","format-standard","has-post-thumbnail","hentry","category-a-la-une","category-saint-die-des-vosges","category-sante","category-societe","tag-communaute-dagglomeration-de-saint-die-des-vosges","tag-musee-pierre-noel","tag-nathalie-becker","tag-on-nest-pas-serieux-quand-on-a-17-ans","tag-piece-de-theatre","tag-sante-mentale-des-adolescents","tag-veronique-balme"],"acf":[],"yoast_head":"<!-- This site is optimized with the Yoast SEO plugin v22.5 - https:\/\/yoast.com\/wordpress\/plugins\/seo\/ -->\n<title>\u00ab\u00a0On n&#039;est pas s\u00e9rieux quand on a 17 ans\u00a0!\u00a0\u00bb, une pi\u00e8ce de th\u00e9\u00e2tre sur la sant\u00e9 mentale des adolescents - Saint Die Info<\/title>\n<meta name=\"robots\" content=\"index, follow, max-snippet:-1, max-image-preview:large, max-video-preview:-1\" \/>\n<link rel=\"canonical\" href=\"https:\/\/vosgesinfo.fr\/saintdieinfo\/2024\/04\/on-nest-pas-serieux-quand-on-a-17-ans-une-piece-de-theatre-sur-la-sante-mentale-des-adolescents\/\" \/>\n<meta name=\"twitter:card\" content=\"summary_large_image\" \/>\n<meta name=\"twitter:title\" content=\"\u00ab\u00a0On n&#039;est pas s\u00e9rieux quand on a 17 ans\u00a0!\u00a0\u00bb, une pi\u00e8ce de th\u00e9\u00e2tre sur la sant\u00e9 mentale des adolescents - Saint Die Info\" \/>\n<meta name=\"twitter:description\" content=\"Demain vendredi \u00e0 20h, la pi\u00e8ce de th\u00e9\u00e2tre \u00ab On n&rsquo;est pas s\u00e9rieux quand on a 17 ans \u00bb sera [&hellip;]\" \/>\n<meta name=\"twitter:image\" content=\"https:\/\/vosgesinfo.fr\/app\/uploads\/sites\/4\/2024\/04\/piece-sante-mentale-adolescents.jpg\" \/>\n<meta name=\"twitter:creator\" content=\"@VosgesInfo88\" \/>\n<meta name=\"twitter:site\" content=\"@VosgesInfo88\" \/>\n<meta name=\"twitter:label1\" content=\"\u00c9crit par\" \/>\n\t<meta name=\"twitter:data1\" content=\"J.J.\" \/>\n\t<meta name=\"twitter:label2\" content=\"Dur\u00e9e de lecture estim\u00e9e\" \/>\n\t<meta name=\"twitter:data2\" content=\"1 minute\" \/>\n<script type=\"application\/ld+json\" class=\"yoast-schema-graph\">{\"@context\":\"https:\/\/schema.org\",\"@graph\":[{\"@type\":\"Article\",\"@id\":\"https:\/\/vosgesinfo.fr\/saintdieinfo\/2024\/04\/on-nest-pas-serieux-quand-on-a-17-ans-une-piece-de-theatre-sur-la-sante-mentale-des-adolescents\/#article\",\"isPartOf\":{\"@id\":\"https:\/\/vosgesinfo.fr\/saintdieinfo\/2024\/04\/on-nest-pas-serieux-quand-on-a-17-ans-une-piece-de-theatre-sur-la-sante-mentale-des-adolescents\/\"},\"author\":{\"name\":\"J.J.\",\"@id\":\"https:\/\/vosgesinfo.fr\/saintdieinfo\/#\/schema\/person\/fa73e9f726d67bb88f46d5b7943cb572\"},\"headline\":\"\u00ab\u00a0On n&rsquo;est pas s\u00e9rieux quand on a 17 ans\u00a0!\u00a0\u00bb, une pi\u00e8ce de th\u00e9\u00e2tre sur la sant\u00e9 mentale des adolescents\",\"datePublished\":\"2024-04-11T11:56:54+00:00\",\"dateModified\":\"2024-04-11T12:05:53+00:00\",\"mainEntityOfPage\":{\"@id\":\"https:\/\/vosgesinfo.fr\/saintdieinfo\/2024\/04\/on-nest-pas-serieux-quand-on-a-17-ans-une-piece-de-theatre-sur-la-sante-mentale-des-adolescents\/\"},\"wordCount\":236,\"commentCount\":0,\"publisher\":{\"@id\":\"https:\/\/vosgesinfo.fr\/saintdieinfo\/#organization\"},\"image\":{\"@id\":\"https:\/\/vosgesinfo.fr\/saintdieinfo\/2024\/04\/on-nest-pas-serieux-quand-on-a-17-ans-une-piece-de-theatre-sur-la-sante-mentale-des-adolescents\/#primaryimage\"},\"thumbnailUrl\":\"https:\/\/vosgesinfo.fr\/app\/uploads\/sites\/4\/2024\/04\/piece-sante-mentale-adolescents.jpg\",\"keywords\":[\"Communaut\u00e9 d'Agglom\u00e9ration de Saint-Di\u00e9-des-Vosges\",\"Mus\u00e9e Pierre-No\u00ebl\",\"Nathalie Becker\",\"On n'est pas s\u00e9rieux quand on a 17 ans\",\"Pi\u00e8ce de th\u00e9\u00e2tre\",\"Sant\u00e9 mentale des adolescents\",\"V\u00e9ronique Balme\"],\"articleSection\":[\"A la Une\",\"Saint-Di\u00e9-des-Vosges\",\"Sant\u00e9\",\"Soci\u00e9t\u00e9\"],\"inLanguage\":\"fr-FR\",\"potentialAction\":[{\"@type\":\"CommentAction\",\"name\":\"Comment\",\"target\":[\"https:\/\/vosgesinfo.fr\/saintdieinfo\/2024\/04\/on-nest-pas-serieux-quand-on-a-17-ans-une-piece-de-theatre-sur-la-sante-mentale-des-adolescents\/#respond\"]}]},{\"@type\":\"WebPage\",\"@id\":\"https:\/\/vosgesinfo.fr\/saintdieinfo\/2024\/04\/on-nest-pas-serieux-quand-on-a-17-ans-une-piece-de-theatre-sur-la-sante-mentale-des-adolescents\/\",\"url\":\"https:\/\/vosgesinfo.fr\/saintdieinfo\/2024\/04\/on-nest-pas-serieux-quand-on-a-17-ans-une-piece-de-theatre-sur-la-sante-mentale-des-adolescents\/\",\"name\":\"\u00ab\u00a0On n'est pas s\u00e9rieux quand on a 17 ans\u00a0!\u00a0\u00bb, une pi\u00e8ce de th\u00e9\u00e2tre sur la sant\u00e9 mentale des adolescents - Saint Die Info\",\"isPartOf\":{\"@id\":\"https:\/\/vosgesinfo.fr\/saintdieinfo\/#website\"},\"primaryImageOfPage\":{\"@id\":\"https:\/\/vosgesinfo.fr\/saintdieinfo\/2024\/04\/on-nest-pas-serieux-quand-on-a-17-ans-une-piece-de-theatre-sur-la-sante-mentale-des-adolescents\/#primaryimage\"},\"image\":{\"@id\":\"https:\/\/vosgesinfo.fr\/saintdieinfo\/2024\/04\/on-nest-pas-serieux-quand-on-a-17-ans-une-piece-de-theatre-sur-la-sante-mentale-des-adolescents\/#primaryimage\"},\"thumbnailUrl\":\"https:\/\/vosgesinfo.fr\/app\/uploads\/sites\/4\/2024\/04\/piece-sante-mentale-adolescents.jpg\",\"datePublished\":\"2024-04-11T11:56:54+00:00\",\"dateModified\":\"2024-04-11T12:05:53+00:00\",\"breadcrumb\":{\"@id\":\"https:\/\/vosgesinfo.fr\/saintdieinfo\/2024\/04\/on-nest-pas-serieux-quand-on-a-17-ans-une-piece-de-theatre-sur-la-sante-mentale-des-adolescents\/#breadcrumb\"},\"inLanguage\":\"fr-FR\",\"potentialAction\":[{\"@type\":\"ReadAction\",\"target\":[\"https:\/\/vosgesinfo.fr\/saintdieinfo\/2024\/04\/on-nest-pas-serieux-quand-on-a-17-ans-une-piece-de-theatre-sur-la-sante-mentale-des-adolescents\/\"]}]},{\"@type\":\"ImageObject\",\"inLanguage\":\"fr-FR\",\"@id\":\"https:\/\/vosgesinfo.fr\/saintdieinfo\/2024\/04\/on-nest-pas-serieux-quand-on-a-17-ans-une-piece-de-theatre-sur-la-sante-mentale-des-adolescents\/#primaryimage\",\"url\":\"https:\/\/vosgesinfo.fr\/app\/uploads\/sites\/4\/2024\/04\/piece-sante-mentale-adolescents.jpg\",\"contentUrl\":\"https:\/\/vosgesinfo.fr\/app\/uploads\/sites\/4\/2024\/04\/piece-sante-mentale-adolescents.jpg\",\"width\":1748,\"height\":2481},{\"@type\":\"BreadcrumbList\",\"@id\":\"https:\/\/vosgesinfo.fr\/saintdieinfo\/2024\/04\/on-nest-pas-serieux-quand-on-a-17-ans-une-piece-de-theatre-sur-la-sante-mentale-des-adolescents\/#breadcrumb\",\"itemListElement\":[{\"@type\":\"ListItem\",\"position\":1,\"name\":\"Home\",\"item\":\"https:\/\/vosgesinfo.fr\/saintdieinfo\/\"},{\"@type\":\"ListItem\",\"position\":2,\"name\":\"\u00ab\u00a0On n&rsquo;est pas s\u00e9rieux quand on a 17 ans\u00a0!\u00a0\u00bb, une pi\u00e8ce de th\u00e9\u00e2tre sur la sant\u00e9 mentale des adolescents\"}]},{\"@type\":\"WebSite\",\"@id\":\"https:\/\/vosgesinfo.fr\/saintdieinfo\/#website\",\"url\":\"https:\/\/vosgesinfo.fr\/saintdieinfo\/\",\"name\":\"Saint Die Info\",\"description\":\"Toute l&#039;actualit\u00e9 de Saint-Di\u00e9-Des-Vosges\",\"publisher\":{\"@id\":\"https:\/\/vosgesinfo.fr\/saintdieinfo\/#organization\"},\"alternateName\":\"Toute l'actualit\u00e9 de Saint-Di\u00e9-Des-Vosges\",\"potentialAction\":[{\"@type\":\"SearchAction\",\"target\":{\"@type\":\"EntryPoint\",\"urlTemplate\":\"https:\/\/vosgesinfo.fr\/saintdieinfo\/?s={search_term_string}\"},\"query-input\":\"required name=search_term_string\"}],\"inLanguage\":\"fr-FR\"},{\"@type\":\"Organization\",\"@id\":\"https:\/\/vosgesinfo.fr\/saintdieinfo\/#organization\",\"name\":\"Saint Die Info\",\"url\":\"https:\/\/vosgesinfo.fr\/saintdieinfo\/\",\"logo\":{\"@type\":\"ImageObject\",\"inLanguage\":\"fr-FR\",\"@id\":\"https:\/\/vosgesinfo.fr\/saintdieinfo\/#\/schema\/logo\/image\/\",\"url\":\"https:\/\/vosgesinfo.fr\/app\/uploads\/sites\/4\/2024\/02\/logo-sdi.jpg\",\"contentUrl\":\"https:\/\/vosgesinfo.fr\/app\/uploads\/sites\/4\/2024\/02\/logo-sdi.jpg\",\"width\":600,\"height\":600,\"caption\":\"Saint Die Info\"},\"image\":{\"@id\":\"https:\/\/vosgesinfo.fr\/saintdieinfo\/#\/schema\/logo\/image\/\"},\"sameAs\":[\"https:\/\/www.facebook.com\/Saintdieinfofr\",\"https:\/\/x.com\/VosgesInfo88\",\"https:\/\/www.youtube.com\/@vosgesinfo\"]},{\"@type\":\"Person\",\"@id\":\"https:\/\/vosgesinfo.fr\/saintdieinfo\/#\/schema\/person\/fa73e9f726d67bb88f46d5b7943cb572\",\"name\":\"J.J.\",\"image\":{\"@type\":\"ImageObject\",\"inLanguage\":\"fr-FR\",\"@id\":\"https:\/\/vosgesinfo.fr\/saintdieinfo\/#\/schema\/person\/image\/\",\"url\":\"https:\/\/secure.gravatar.com\/avatar\/219e749e47ffbcca018a360ae4add7d4cdf1cdaaf8bc7676b27efade3fe65615?s=96&d=mm&r=g\",\"contentUrl\":\"https:\/\/secure.gravatar.com\/avatar\/219e749e47ffbcca018a360ae4add7d4cdf1cdaaf8bc7676b27efade3fe65615?s=96&d=mm&r=g\",\"caption\":\"J.J.\"},\"url\":\"https:\/\/vosgesinfo.fr\/saintdieinfo\/author\/j-j\/\"}]}<\/script>\n<!-- \/ Yoast SEO plugin. -->","yoast_head_json":{"title":"\u00ab\u00a0On n'est pas s\u00e9rieux quand on a 17 ans\u00a0!\u00a0\u00bb, une pi\u00e8ce de th\u00e9\u00e2tre sur la sant\u00e9 mentale des adolescents - Saint Die Info","robots":{"index":"index","follow":"follow","max-snippet":"max-snippet:-1","max-image-preview":"max-image-preview:large","max-video-preview":"max-video-preview:-1"},"canonical":"https:\/\/vosgesinfo.fr\/saintdieinfo\/2024\/04\/on-nest-pas-serieux-quand-on-a-17-ans-une-piece-de-theatre-sur-la-sante-mentale-des-adolescents\/","twitter_card":"summary_large_image","twitter_title":"\u00ab\u00a0On n'est pas s\u00e9rieux quand on a 17 ans\u00a0!\u00a0\u00bb, une pi\u00e8ce de th\u00e9\u00e2tre sur la sant\u00e9 mentale des adolescents - Saint Die Info","twitter_description":"Demain vendredi \u00e0 20h, la pi\u00e8ce de th\u00e9\u00e2tre \u00ab On n&rsquo;est pas s\u00e9rieux quand on a 17 ans \u00bb sera [&hellip;]","twitter_image":"https:\/\/vosgesinfo.fr\/app\/uploads\/sites\/4\/2024\/04\/piece-sante-mentale-adolescents.jpg","twitter_creator":"@VosgesInfo88","twitter_site":"@VosgesInfo88","twitter_misc":{"\u00c9crit par":"J.J.","Dur\u00e9e de lecture estim\u00e9e":"1 minute"},"schema":{"@context":"https:\/\/schema.org","@graph":[{"@type":"Article","@id":"https:\/\/vosgesinfo.fr\/saintdieinfo\/2024\/04\/on-nest-pas-serieux-quand-on-a-17-ans-une-piece-de-theatre-sur-la-sante-mentale-des-adolescents\/#article","isPartOf":{"@id":"https:\/\/vosgesinfo.fr\/saintdieinfo\/2024\/04\/on-nest-pas-serieux-quand-on-a-17-ans-une-piece-de-theatre-sur-la-sante-mentale-des-adolescents\/"},"author":{"name":"J.J.","@id":"https:\/\/vosgesinfo.fr\/saintdieinfo\/#\/schema\/person\/fa73e9f726d67bb88f46d5b7943cb572"},"headline":"\u00ab\u00a0On n&rsquo;est pas s\u00e9rieux quand on a 17 ans\u00a0!\u00a0\u00bb, une pi\u00e8ce de th\u00e9\u00e2tre sur la sant\u00e9 mentale des adolescents","datePublished":"2024-04-11T11:56:54+00:00","dateModified":"2024-04-11T12:05:53+00:00","mainEntityOfPage":{"@id":"https:\/\/vosgesinfo.fr\/saintdieinfo\/2024\/04\/on-nest-pas-serieux-quand-on-a-17-ans-une-piece-de-theatre-sur-la-sante-mentale-des-adolescents\/"},"wordCount":236,"commentCount":0,"publisher":{"@id":"https:\/\/vosgesinfo.fr\/saintdieinfo\/#organization"},"image":{"@id":"https:\/\/vosgesinfo.fr\/saintdieinfo\/2024\/04\/on-nest-pas-serieux-quand-on-a-17-ans-une-piece-de-theatre-sur-la-sante-mentale-des-adolescents\/#primaryimage"},"thumbnailUrl":"https:\/\/vosgesinfo.fr\/app\/uploads\/sites\/4\/2024\/04\/piece-sante-mentale-adolescents.jpg","keywords":["Communaut\u00e9 d'Agglom\u00e9ration de Saint-Di\u00e9-des-Vosges","Mus\u00e9e Pierre-No\u00ebl","Nathalie Becker","On n'est pas s\u00e9rieux quand on a 17 ans","Pi\u00e8ce de th\u00e9\u00e2tre","Sant\u00e9 mentale des adolescents","V\u00e9ronique Balme"],"articleSection":["A la Une","Saint-Di\u00e9-des-Vosges","Sant\u00e9","Soci\u00e9t\u00e9"],"inLanguage":"fr-FR","potentialAction":[{"@type":"CommentAction","name":"Comment","target":["https:\/\/vosgesinfo.fr\/saintdieinfo\/2024\/04\/on-nest-pas-serieux-quand-on-a-17-ans-une-piece-de-theatre-sur-la-sante-mentale-des-adolescents\/#respond"]}]},{"@type":"WebPage","@id":"https:\/\/vosgesinfo.fr\/saintdieinfo\/2024\/04\/on-nest-pas-serieux-quand-on-a-17-ans-une-piece-de-theatre-sur-la-sante-mentale-des-adolescents\/","url":"https:\/\/vosgesinfo.fr\/saintdieinfo\/2024\/04\/on-nest-pas-serieux-quand-on-a-17-ans-une-piece-de-theatre-sur-la-sante-mentale-des-adolescents\/","name":"\u00ab\u00a0On n'est pas s\u00e9rieux quand on a 17 ans\u00a0!\u00a0\u00bb, une pi\u00e8ce de th\u00e9\u00e2tre sur la sant\u00e9 mentale des adolescents - Saint Die Info","isPartOf":{"@id":"https:\/\/vosgesinfo.fr\/saintdieinfo\/#website"},"primaryImageOfPage":{"@id":"https:\/\/vosgesinfo.fr\/saintdieinfo\/2024\/04\/on-nest-pas-serieux-quand-on-a-17-ans-une-piece-de-theatre-sur-la-sante-mentale-des-adolescents\/#primaryimage"},"image":{"@id":"https:\/\/vosgesinfo.fr\/saintdieinfo\/2024\/04\/on-nest-pas-serieux-quand-on-a-17-ans-une-piece-de-theatre-sur-la-sante-mentale-des-adolescents\/#primaryimage"},"thumbnailUrl":"https:\/\/vosgesinfo.fr\/app\/uploads\/sites\/4\/2024\/04\/piece-sante-mentale-adolescents.jpg","datePublished":"2024-04-11T11:56:54+00:00","dateModified":"2024-04-11T12:05:53+00:00","breadcrumb":{"@id":"https:\/\/vosgesinfo.fr\/saintdieinfo\/2024\/04\/on-nest-pas-serieux-quand-on-a-17-ans-une-piece-de-theatre-sur-la-sante-mentale-des-adolescents\/#breadcrumb"},"inLanguage":"fr-FR","potentialAction":[{"@type":"ReadAction","target":["https:\/\/vosgesinfo.fr\/saintdieinfo\/2024\/04\/on-nest-pas-serieux-quand-on-a-17-ans-une-piece-de-theatre-sur-la-sante-mentale-des-adolescents\/"]}]},{"@type":"ImageObject","inLanguage":"fr-FR","@id":"https:\/\/vosgesinfo.fr\/saintdieinfo\/2024\/04\/on-nest-pas-serieux-quand-on-a-17-ans-une-piece-de-theatre-sur-la-sante-mentale-des-adolescents\/#primaryimage","url":"https:\/\/vosgesinfo.fr\/app\/uploads\/sites\/4\/2024\/04\/piece-sante-mentale-adolescents.jpg","contentUrl":"https:\/\/vosgesinfo.fr\/app\/uploads\/sites\/4\/2024\/04\/piece-sante-mentale-adolescents.jpg","width":1748,"height":2481},{"@type":"BreadcrumbList","@id":"https:\/\/vosgesinfo.fr\/saintdieinfo\/2024\/04\/on-nest-pas-serieux-quand-on-a-17-ans-une-piece-de-theatre-sur-la-sante-mentale-des-adolescents\/#breadcrumb","itemListElement":[{"@type":"ListItem","position":1,"name":"Home","item":"https:\/\/vosgesinfo.fr\/saintdieinfo\/"},{"@type":"ListItem","position":2,"name":"\u00ab\u00a0On n&rsquo;est pas s\u00e9rieux quand on a 17 ans\u00a0!\u00a0\u00bb, une pi\u00e8ce de th\u00e9\u00e2tre sur la sant\u00e9 mentale des adolescents"}]},{"@type":"WebSite","@id":"https:\/\/vosgesinfo.fr\/saintdieinfo\/#website","url":"https:\/\/vosgesinfo.fr\/saintdieinfo\/","name":"Saint Die Info","description":"Toute l&#039;actualit\u00e9 de Saint-Di\u00e9-Des-Vosges","publisher":{"@id":"https:\/\/vosgesinfo.fr\/saintdieinfo\/#organization"},"alternateName":"Toute l'actualit\u00e9 de Saint-Di\u00e9-Des-Vosges","potentialAction":[{"@type":"SearchAction","target":{"@type":"EntryPoint","urlTemplate":"https:\/\/vosgesinfo.fr\/saintdieinfo\/?s={search_term_string}"},"query-input":"required name=search_term_string"}],"inLanguage":"fr-FR"},{"@type":"Organization","@id":"https:\/\/vosgesinfo.fr\/saintdieinfo\/#organization","name":"Saint Die Info","url":"https:\/\/vosgesinfo.fr\/saintdieinfo\/","logo":{"@type":"ImageObject","inLanguage":"fr-FR","@id":"https:\/\/vosgesinfo.fr\/saintdieinfo\/#\/schema\/logo\/image\/","url":"https:\/\/vosgesinfo.fr\/app\/uploads\/sites\/4\/2024\/02\/logo-sdi.jpg","contentUrl":"https:\/\/vosgesinfo.fr\/app\/uploads\/sites\/4\/2024\/02\/logo-sdi.jpg","width":600,"height":600,"caption":"Saint Die Info"},"image":{"@id":"https:\/\/vosgesinfo.fr\/saintdieinfo\/#\/schema\/logo\/image\/"},"sameAs":["https:\/\/www.facebook.com\/Saintdieinfofr","https:\/\/x.com\/VosgesInfo88","https:\/\/www.youtube.com\/@vosgesinfo"]},{"@type":"Person","@id":"https:\/\/vosgesinfo.fr\/saintdieinfo\/#\/schema\/person\/fa73e9f726d67bb88f46d5b7943cb572","name":"J.J.","image":{"@type":"ImageObject","inLanguage":"fr-FR","@id":"https:\/\/vosgesinfo.fr\/saintdieinfo\/#\/schema\/person\/image\/","url":"https:\/\/secure.gravatar.com\/avatar\/219e749e47ffbcca018a360ae4add7d4cdf1cdaaf8bc7676b27efade3fe65615?s=96&d=mm&r=g","contentUrl":"https:\/\/secure.gravatar.com\/avatar\/219e749e47ffbcca018a360ae4add7d4cdf1cdaaf8bc7676b27efade3fe65615?s=96&d=mm&r=g","caption":"J.J."},"url":"https:\/\/vosgesinfo.fr\/saintdieinfo\/author\/j-j\/"}]}},"_links":{"self":[{"href":"https:\/\/vosgesinfo.fr\/saintdieinfo\/wp-json\/wp\/v2\/posts\/32495","targetHints":{"allow":["GET"]}}],"collection":[{"href":"https:\/\/vosgesinfo.fr\/saintdieinfo\/wp-json\/wp\/v2\/posts"}],"about":[{"href":"https:\/\/vosgesinfo.fr\/saintdieinfo\/wp-json\/wp\/v2\/types\/post"}],"author":[{"embeddable":true,"href":"https:\/\/vosgesinfo.fr\/saintdieinfo\/wp-json\/wp\/v2\/users\/46"}],"replies":[{"embeddable":true,"href":"https:\/\/vosgesinfo.fr\/saintdieinfo\/wp-json\/wp\/v2\/comments?post=32495"}],"version-history":[{"count":3,"href":"https:\/\/vosgesinfo.fr\/saintdieinfo\/wp-json\/wp\/v2\/posts\/32495\/revisions"}],"predecessor-version":[{"id":32500,"href":"https:\/\/vosgesinfo.fr\/saintdieinfo\/wp-json\/wp\/v2\/posts\/32495\/revisions\/32500"}],"wp:featuredmedia":[{"embeddable":true,"href":"https:\/\/vosgesinfo.fr\/saintdieinfo\/wp-json\/wp\/v2\/media\/32496"}],"wp:attachment":[{"href":"https:\/\/vosgesinfo.fr\/saintdieinfo\/wp-json\/wp\/v2\/media?parent=32495"}],"wp:term":[{"taxonomy":"category","embeddable":true,"href":"https:\/\/vosgesinfo.fr\/saintdieinfo\/wp-json\/wp\/v2\/categories?post=32495"},{"taxonomy":"post_tag","embeddable":true,"href":"https:\/\/vosgesinfo.fr\/saintdieinfo\/wp-json\/wp\/v2\/tags?post=32495"}],"curies":[{"name":"wp","href":"https:\/\/api.w.org\/{rel}","templated":true}]}}