{"id":32501,"date":"2024-04-11T15:06:31","date_gmt":"2024-04-11T13:06:31","guid":{"rendered":"https:\/\/vosgesinfo.fr\/saintdieinfo\/?p=32501"},"modified":"2024-04-11T15:06:31","modified_gmt":"2024-04-11T13:06:31","slug":"senones-et-son-abbaye-decors-dun-documentaire-sur-charles-de-gaulle","status":"publish","type":"post","link":"https:\/\/vosgesinfo.fr\/saintdieinfo\/2024\/04\/senones-et-son-abbaye-decors-dun-documentaire-sur-charles-de-gaulle\/","title":{"rendered":"Senones et son abbaye, d\u00e9cors d&rsquo;un documentaire sur Charles de Gaulle"},"content":{"rendered":"<div id=\"attachment_32502\" style=\"width: 1034px\" class=\"wp-caption alignnone\"><img decoding=\"async\" aria-describedby=\"caption-attachment-32502\" class=\"wp-image-32502 size-large\" src=\"https:\/\/vosgesinfo.fr\/app\/uploads\/sites\/4\/2024\/04\/tournage-1024x683.jpg\" alt=\"\" width=\"1024\" height=\"683\" srcset=\"https:\/\/vosgesinfo.fr\/app\/uploads\/sites\/4\/2024\/04\/tournage-1024x683.jpg 1024w, https:\/\/vosgesinfo.fr\/app\/uploads\/sites\/4\/2024\/04\/tournage-300x200.jpg 300w, https:\/\/vosgesinfo.fr\/app\/uploads\/sites\/4\/2024\/04\/tournage-768x512.jpg 768w, https:\/\/vosgesinfo.fr\/app\/uploads\/sites\/4\/2024\/04\/tournage-1536x1024.jpg 1536w, https:\/\/vosgesinfo.fr\/app\/uploads\/sites\/4\/2024\/04\/tournage.jpg 1600w\" sizes=\"(max-width: 1024px) 100vw, 1024px\" \/><p id=\"caption-attachment-32502\" class=\"wp-caption-text\">Illustration. (Photographie Tournages Grand Est)<\/p><\/div>\n<h2 align=\"LEFT\"><a href=\"https:\/\/vosgesinfo.fr\/saintdieinfo\/2023\/09\/casting-production-court-metrage-tomber-lamour-recherche-homme-femme-dau-65-ans\/\" target=\"_blank\" rel=\"noopener\">Un documentaire sur Charles de Gaulle, intitul\u00e9 \u00ab\u00a0De Gaulle, le commencement\u00a0\u00bb, est actuellement en tournage dans les Vosges.<\/a> Ce docufiction, qui m\u00eale prises de vue r\u00e9elles et images d&rsquo;archives, retrace les d\u00e9buts de la vie du futur chef de la France Libre et du premier pr\u00e9sident de la Ve R\u00e9publique.<\/h2>\n<p align=\"LEFT\"><!--more--><\/p>\n<p align=\"LEFT\">Parmi les lieux de tournage retenus par la production, figurent le fort d&rsquo;Uxegney, la manufacture de La-V\u00f4ge-les-Bains, la commune de Fontenoy-le-Ch\u00e2teau ainsi que la commune de Senones et son abbaye. L&rsquo;ancienne principaut\u00e9 de Salm est d\u00e9finitivement une terre de tournage, puisque la commune de la Vall\u00e9e du Rabodeau a accueilli ces derni\u00e8res ann\u00e9es les tournages de la s\u00e9rie \u00ab Les Combattantes \u00bb, ainsi que des films \u00ab La Place de l&rsquo;Autre \u00bb et \u00ab Le Mangeur d&rsquo;\u00c2mes \u00bb.<\/p>\n<p align=\"LEFT\">\u00ab De Gaulle, le commencement \u00bb sera diffus\u00e9 sur France 2 \u00e0 une date encore non connue. Le tournage est soutenu financi\u00e8rement par le Conseil D\u00e9partemental des Vosges et la R\u00e9gion Grand Est. En plus de ce soutien financier, le D\u00e9partement met ses services techniques (fermeture de routes, d\u00e9viations, signalisations, etc.) \u00e0 la disposition des \u00e9quipes de tournages, et ce \u00e0 titre gratuit.<\/p>\n<p align=\"LEFT\">J.J.<\/p>\n","protected":false},"excerpt":{"rendered":"<p>Un documentaire sur Charles de Gaulle, intitul\u00e9 \u00ab\u00a0De Gaulle, le commencement\u00a0\u00bb, est actuellement en tournage dans les Vosges. Ce docufiction, [&hellip;]<\/p>\n","protected":false},"author":46,"featured_media":32502,"comment_status":"open","ping_status":"open","sticky":false,"template":"","format":"standard","meta":{"footnotes":""},"categories":[460,3903],"tags":[4911,5869,2053,2998,5870],"class_list":["post-32501","post","type-post","status-publish","format-standard","has-post-thumbnail","hentry","category-a-la-une","category-deodatie","tag-charles-de-gaulle","tag-de-gaulle-le-commencement","tag-france-2","tag-senones","tag-tournage-dun-documentaire-a-senones"],"acf":[],"yoast_head":"<!-- This site is optimized with the Yoast SEO plugin v22.5 - https:\/\/yoast.com\/wordpress\/plugins\/seo\/ -->\n<title>Senones et son abbaye, d\u00e9cors d&#039;un documentaire sur Charles de Gaulle - Saint Die Info<\/title>\n<meta name=\"robots\" content=\"index, follow, max-snippet:-1, max-image-preview:large, max-video-preview:-1\" \/>\n<link rel=\"canonical\" href=\"https:\/\/vosgesinfo.fr\/saintdieinfo\/2024\/04\/senones-et-son-abbaye-decors-dun-documentaire-sur-charles-de-gaulle\/\" \/>\n<meta name=\"twitter:card\" content=\"summary_large_image\" \/>\n<meta name=\"twitter:title\" content=\"Senones et son abbaye, d\u00e9cors d&#039;un documentaire sur Charles de Gaulle - Saint Die Info\" \/>\n<meta name=\"twitter:description\" content=\"Un documentaire sur Charles de Gaulle, intitul\u00e9 \u00ab\u00a0De Gaulle, le commencement\u00a0\u00bb, est actuellement en tournage dans les Vosges. Ce docufiction, [&hellip;]\" \/>\n<meta name=\"twitter:image\" content=\"https:\/\/vosgesinfo.fr\/app\/uploads\/sites\/4\/2024\/04\/tournage.jpg\" \/>\n<meta name=\"twitter:creator\" content=\"@VosgesInfo88\" \/>\n<meta name=\"twitter:site\" content=\"@VosgesInfo88\" \/>\n<meta name=\"twitter:label1\" content=\"\u00c9crit par\" \/>\n\t<meta name=\"twitter:data1\" content=\"J.J.\" \/>\n\t<meta name=\"twitter:label2\" content=\"Dur\u00e9e de lecture estim\u00e9e\" \/>\n\t<meta name=\"twitter:data2\" content=\"1 minute\" \/>\n<script type=\"application\/ld+json\" class=\"yoast-schema-graph\">{\"@context\":\"https:\/\/schema.org\",\"@graph\":[{\"@type\":\"Article\",\"@id\":\"https:\/\/vosgesinfo.fr\/saintdieinfo\/2024\/04\/senones-et-son-abbaye-decors-dun-documentaire-sur-charles-de-gaulle\/#article\",\"isPartOf\":{\"@id\":\"https:\/\/vosgesinfo.fr\/saintdieinfo\/2024\/04\/senones-et-son-abbaye-decors-dun-documentaire-sur-charles-de-gaulle\/\"},\"author\":{\"name\":\"J.J.\",\"@id\":\"https:\/\/vosgesinfo.fr\/saintdieinfo\/#\/schema\/person\/fa73e9f726d67bb88f46d5b7943cb572\"},\"headline\":\"Senones et son abbaye, d\u00e9cors d&rsquo;un documentaire sur Charles de Gaulle\",\"datePublished\":\"2024-04-11T13:06:31+00:00\",\"dateModified\":\"2024-04-11T13:06:31+00:00\",\"mainEntityOfPage\":{\"@id\":\"https:\/\/vosgesinfo.fr\/saintdieinfo\/2024\/04\/senones-et-son-abbaye-decors-dun-documentaire-sur-charles-de-gaulle\/\"},\"wordCount\":228,\"commentCount\":0,\"publisher\":{\"@id\":\"https:\/\/vosgesinfo.fr\/saintdieinfo\/#organization\"},\"image\":{\"@id\":\"https:\/\/vosgesinfo.fr\/saintdieinfo\/2024\/04\/senones-et-son-abbaye-decors-dun-documentaire-sur-charles-de-gaulle\/#primaryimage\"},\"thumbnailUrl\":\"https:\/\/vosgesinfo.fr\/app\/uploads\/sites\/4\/2024\/04\/tournage.jpg\",\"keywords\":[\"Charles de Gaulle\",\"De Gaulle le commencement\",\"france 2\",\"Senones\",\"Tournage d'un documentaire \u00e0 Senones\"],\"articleSection\":[\"A la Une\",\"D\u00e9odatie\"],\"inLanguage\":\"fr-FR\",\"potentialAction\":[{\"@type\":\"CommentAction\",\"name\":\"Comment\",\"target\":[\"https:\/\/vosgesinfo.fr\/saintdieinfo\/2024\/04\/senones-et-son-abbaye-decors-dun-documentaire-sur-charles-de-gaulle\/#respond\"]}]},{\"@type\":\"WebPage\",\"@id\":\"https:\/\/vosgesinfo.fr\/saintdieinfo\/2024\/04\/senones-et-son-abbaye-decors-dun-documentaire-sur-charles-de-gaulle\/\",\"url\":\"https:\/\/vosgesinfo.fr\/saintdieinfo\/2024\/04\/senones-et-son-abbaye-decors-dun-documentaire-sur-charles-de-gaulle\/\",\"name\":\"Senones et son abbaye, d\u00e9cors d'un documentaire sur Charles de Gaulle - Saint Die Info\",\"isPartOf\":{\"@id\":\"https:\/\/vosgesinfo.fr\/saintdieinfo\/#website\"},\"primaryImageOfPage\":{\"@id\":\"https:\/\/vosgesinfo.fr\/saintdieinfo\/2024\/04\/senones-et-son-abbaye-decors-dun-documentaire-sur-charles-de-gaulle\/#primaryimage\"},\"image\":{\"@id\":\"https:\/\/vosgesinfo.fr\/saintdieinfo\/2024\/04\/senones-et-son-abbaye-decors-dun-documentaire-sur-charles-de-gaulle\/#primaryimage\"},\"thumbnailUrl\":\"https:\/\/vosgesinfo.fr\/app\/uploads\/sites\/4\/2024\/04\/tournage.jpg\",\"datePublished\":\"2024-04-11T13:06:31+00:00\",\"dateModified\":\"2024-04-11T13:06:31+00:00\",\"breadcrumb\":{\"@id\":\"https:\/\/vosgesinfo.fr\/saintdieinfo\/2024\/04\/senones-et-son-abbaye-decors-dun-documentaire-sur-charles-de-gaulle\/#breadcrumb\"},\"inLanguage\":\"fr-FR\",\"potentialAction\":[{\"@type\":\"ReadAction\",\"target\":[\"https:\/\/vosgesinfo.fr\/saintdieinfo\/2024\/04\/senones-et-son-abbaye-decors-dun-documentaire-sur-charles-de-gaulle\/\"]}]},{\"@type\":\"ImageObject\",\"inLanguage\":\"fr-FR\",\"@id\":\"https:\/\/vosgesinfo.fr\/saintdieinfo\/2024\/04\/senones-et-son-abbaye-decors-dun-documentaire-sur-charles-de-gaulle\/#primaryimage\",\"url\":\"https:\/\/vosgesinfo.fr\/app\/uploads\/sites\/4\/2024\/04\/tournage.jpg\",\"contentUrl\":\"https:\/\/vosgesinfo.fr\/app\/uploads\/sites\/4\/2024\/04\/tournage.jpg\",\"width\":1600,\"height\":1067},{\"@type\":\"BreadcrumbList\",\"@id\":\"https:\/\/vosgesinfo.fr\/saintdieinfo\/2024\/04\/senones-et-son-abbaye-decors-dun-documentaire-sur-charles-de-gaulle\/#breadcrumb\",\"itemListElement\":[{\"@type\":\"ListItem\",\"position\":1,\"name\":\"Home\",\"item\":\"https:\/\/vosgesinfo.fr\/saintdieinfo\/\"},{\"@type\":\"ListItem\",\"position\":2,\"name\":\"Senones et son abbaye, d\u00e9cors d&rsquo;un documentaire sur Charles de Gaulle\"}]},{\"@type\":\"WebSite\",\"@id\":\"https:\/\/vosgesinfo.fr\/saintdieinfo\/#website\",\"url\":\"https:\/\/vosgesinfo.fr\/saintdieinfo\/\",\"name\":\"Saint Die Info\",\"description\":\"Toute l&#039;actualit\u00e9 de Saint-Di\u00e9-Des-Vosges\",\"publisher\":{\"@id\":\"https:\/\/vosgesinfo.fr\/saintdieinfo\/#organization\"},\"alternateName\":\"Toute l'actualit\u00e9 de Saint-Di\u00e9-Des-Vosges\",\"potentialAction\":[{\"@type\":\"SearchAction\",\"target\":{\"@type\":\"EntryPoint\",\"urlTemplate\":\"https:\/\/vosgesinfo.fr\/saintdieinfo\/?s={search_term_string}\"},\"query-input\":\"required name=search_term_string\"}],\"inLanguage\":\"fr-FR\"},{\"@type\":\"Organization\",\"@id\":\"https:\/\/vosgesinfo.fr\/saintdieinfo\/#organization\",\"name\":\"Saint Die Info\",\"url\":\"https:\/\/vosgesinfo.fr\/saintdieinfo\/\",\"logo\":{\"@type\":\"ImageObject\",\"inLanguage\":\"fr-FR\",\"@id\":\"https:\/\/vosgesinfo.fr\/saintdieinfo\/#\/schema\/logo\/image\/\",\"url\":\"https:\/\/vosgesinfo.fr\/app\/uploads\/sites\/4\/2024\/02\/logo-sdi.jpg\",\"contentUrl\":\"https:\/\/vosgesinfo.fr\/app\/uploads\/sites\/4\/2024\/02\/logo-sdi.jpg\",\"width\":600,\"height\":600,\"caption\":\"Saint Die Info\"},\"image\":{\"@id\":\"https:\/\/vosgesinfo.fr\/saintdieinfo\/#\/schema\/logo\/image\/\"},\"sameAs\":[\"https:\/\/www.facebook.com\/Saintdieinfofr\",\"https:\/\/x.com\/VosgesInfo88\",\"https:\/\/www.youtube.com\/@vosgesinfo\"]},{\"@type\":\"Person\",\"@id\":\"https:\/\/vosgesinfo.fr\/saintdieinfo\/#\/schema\/person\/fa73e9f726d67bb88f46d5b7943cb572\",\"name\":\"J.J.\",\"image\":{\"@type\":\"ImageObject\",\"inLanguage\":\"fr-FR\",\"@id\":\"https:\/\/vosgesinfo.fr\/saintdieinfo\/#\/schema\/person\/image\/\",\"url\":\"https:\/\/secure.gravatar.com\/avatar\/219e749e47ffbcca018a360ae4add7d4cdf1cdaaf8bc7676b27efade3fe65615?s=96&d=mm&r=g\",\"contentUrl\":\"https:\/\/secure.gravatar.com\/avatar\/219e749e47ffbcca018a360ae4add7d4cdf1cdaaf8bc7676b27efade3fe65615?s=96&d=mm&r=g\",\"caption\":\"J.J.\"},\"url\":\"https:\/\/vosgesinfo.fr\/saintdieinfo\/author\/j-j\/\"}]}<\/script>\n<!-- \/ Yoast SEO plugin. -->","yoast_head_json":{"title":"Senones et son abbaye, d\u00e9cors d'un documentaire sur Charles de Gaulle - Saint Die Info","robots":{"index":"index","follow":"follow","max-snippet":"max-snippet:-1","max-image-preview":"max-image-preview:large","max-video-preview":"max-video-preview:-1"},"canonical":"https:\/\/vosgesinfo.fr\/saintdieinfo\/2024\/04\/senones-et-son-abbaye-decors-dun-documentaire-sur-charles-de-gaulle\/","twitter_card":"summary_large_image","twitter_title":"Senones et son abbaye, d\u00e9cors d'un documentaire sur Charles de Gaulle - Saint Die Info","twitter_description":"Un documentaire sur Charles de Gaulle, intitul\u00e9 \u00ab\u00a0De Gaulle, le commencement\u00a0\u00bb, est actuellement en tournage dans les Vosges. Ce docufiction, [&hellip;]","twitter_image":"https:\/\/vosgesinfo.fr\/app\/uploads\/sites\/4\/2024\/04\/tournage.jpg","twitter_creator":"@VosgesInfo88","twitter_site":"@VosgesInfo88","twitter_misc":{"\u00c9crit par":"J.J.","Dur\u00e9e de lecture estim\u00e9e":"1 minute"},"schema":{"@context":"https:\/\/schema.org","@graph":[{"@type":"Article","@id":"https:\/\/vosgesinfo.fr\/saintdieinfo\/2024\/04\/senones-et-son-abbaye-decors-dun-documentaire-sur-charles-de-gaulle\/#article","isPartOf":{"@id":"https:\/\/vosgesinfo.fr\/saintdieinfo\/2024\/04\/senones-et-son-abbaye-decors-dun-documentaire-sur-charles-de-gaulle\/"},"author":{"name":"J.J.","@id":"https:\/\/vosgesinfo.fr\/saintdieinfo\/#\/schema\/person\/fa73e9f726d67bb88f46d5b7943cb572"},"headline":"Senones et son abbaye, d\u00e9cors d&rsquo;un documentaire sur Charles de Gaulle","datePublished":"2024-04-11T13:06:31+00:00","dateModified":"2024-04-11T13:06:31+00:00","mainEntityOfPage":{"@id":"https:\/\/vosgesinfo.fr\/saintdieinfo\/2024\/04\/senones-et-son-abbaye-decors-dun-documentaire-sur-charles-de-gaulle\/"},"wordCount":228,"commentCount":0,"publisher":{"@id":"https:\/\/vosgesinfo.fr\/saintdieinfo\/#organization"},"image":{"@id":"https:\/\/vosgesinfo.fr\/saintdieinfo\/2024\/04\/senones-et-son-abbaye-decors-dun-documentaire-sur-charles-de-gaulle\/#primaryimage"},"thumbnailUrl":"https:\/\/vosgesinfo.fr\/app\/uploads\/sites\/4\/2024\/04\/tournage.jpg","keywords":["Charles de Gaulle","De Gaulle le commencement","france 2","Senones","Tournage d'un documentaire \u00e0 Senones"],"articleSection":["A la Une","D\u00e9odatie"],"inLanguage":"fr-FR","potentialAction":[{"@type":"CommentAction","name":"Comment","target":["https:\/\/vosgesinfo.fr\/saintdieinfo\/2024\/04\/senones-et-son-abbaye-decors-dun-documentaire-sur-charles-de-gaulle\/#respond"]}]},{"@type":"WebPage","@id":"https:\/\/vosgesinfo.fr\/saintdieinfo\/2024\/04\/senones-et-son-abbaye-decors-dun-documentaire-sur-charles-de-gaulle\/","url":"https:\/\/vosgesinfo.fr\/saintdieinfo\/2024\/04\/senones-et-son-abbaye-decors-dun-documentaire-sur-charles-de-gaulle\/","name":"Senones et son abbaye, d\u00e9cors d'un documentaire sur Charles de Gaulle - Saint Die Info","isPartOf":{"@id":"https:\/\/vosgesinfo.fr\/saintdieinfo\/#website"},"primaryImageOfPage":{"@id":"https:\/\/vosgesinfo.fr\/saintdieinfo\/2024\/04\/senones-et-son-abbaye-decors-dun-documentaire-sur-charles-de-gaulle\/#primaryimage"},"image":{"@id":"https:\/\/vosgesinfo.fr\/saintdieinfo\/2024\/04\/senones-et-son-abbaye-decors-dun-documentaire-sur-charles-de-gaulle\/#primaryimage"},"thumbnailUrl":"https:\/\/vosgesinfo.fr\/app\/uploads\/sites\/4\/2024\/04\/tournage.jpg","datePublished":"2024-04-11T13:06:31+00:00","dateModified":"2024-04-11T13:06:31+00:00","breadcrumb":{"@id":"https:\/\/vosgesinfo.fr\/saintdieinfo\/2024\/04\/senones-et-son-abbaye-decors-dun-documentaire-sur-charles-de-gaulle\/#breadcrumb"},"inLanguage":"fr-FR","potentialAction":[{"@type":"ReadAction","target":["https:\/\/vosgesinfo.fr\/saintdieinfo\/2024\/04\/senones-et-son-abbaye-decors-dun-documentaire-sur-charles-de-gaulle\/"]}]},{"@type":"ImageObject","inLanguage":"fr-FR","@id":"https:\/\/vosgesinfo.fr\/saintdieinfo\/2024\/04\/senones-et-son-abbaye-decors-dun-documentaire-sur-charles-de-gaulle\/#primaryimage","url":"https:\/\/vosgesinfo.fr\/app\/uploads\/sites\/4\/2024\/04\/tournage.jpg","contentUrl":"https:\/\/vosgesinfo.fr\/app\/uploads\/sites\/4\/2024\/04\/tournage.jpg","width":1600,"height":1067},{"@type":"BreadcrumbList","@id":"https:\/\/vosgesinfo.fr\/saintdieinfo\/2024\/04\/senones-et-son-abbaye-decors-dun-documentaire-sur-charles-de-gaulle\/#breadcrumb","itemListElement":[{"@type":"ListItem","position":1,"name":"Home","item":"https:\/\/vosgesinfo.fr\/saintdieinfo\/"},{"@type":"ListItem","position":2,"name":"Senones et son abbaye, d\u00e9cors d&rsquo;un documentaire sur Charles de Gaulle"}]},{"@type":"WebSite","@id":"https:\/\/vosgesinfo.fr\/saintdieinfo\/#website","url":"https:\/\/vosgesinfo.fr\/saintdieinfo\/","name":"Saint Die Info","description":"Toute l&#039;actualit\u00e9 de Saint-Di\u00e9-Des-Vosges","publisher":{"@id":"https:\/\/vosgesinfo.fr\/saintdieinfo\/#organization"},"alternateName":"Toute l'actualit\u00e9 de Saint-Di\u00e9-Des-Vosges","potentialAction":[{"@type":"SearchAction","target":{"@type":"EntryPoint","urlTemplate":"https:\/\/vosgesinfo.fr\/saintdieinfo\/?s={search_term_string}"},"query-input":"required name=search_term_string"}],"inLanguage":"fr-FR"},{"@type":"Organization","@id":"https:\/\/vosgesinfo.fr\/saintdieinfo\/#organization","name":"Saint Die Info","url":"https:\/\/vosgesinfo.fr\/saintdieinfo\/","logo":{"@type":"ImageObject","inLanguage":"fr-FR","@id":"https:\/\/vosgesinfo.fr\/saintdieinfo\/#\/schema\/logo\/image\/","url":"https:\/\/vosgesinfo.fr\/app\/uploads\/sites\/4\/2024\/02\/logo-sdi.jpg","contentUrl":"https:\/\/vosgesinfo.fr\/app\/uploads\/sites\/4\/2024\/02\/logo-sdi.jpg","width":600,"height":600,"caption":"Saint Die Info"},"image":{"@id":"https:\/\/vosgesinfo.fr\/saintdieinfo\/#\/schema\/logo\/image\/"},"sameAs":["https:\/\/www.facebook.com\/Saintdieinfofr","https:\/\/x.com\/VosgesInfo88","https:\/\/www.youtube.com\/@vosgesinfo"]},{"@type":"Person","@id":"https:\/\/vosgesinfo.fr\/saintdieinfo\/#\/schema\/person\/fa73e9f726d67bb88f46d5b7943cb572","name":"J.J.","image":{"@type":"ImageObject","inLanguage":"fr-FR","@id":"https:\/\/vosgesinfo.fr\/saintdieinfo\/#\/schema\/person\/image\/","url":"https:\/\/secure.gravatar.com\/avatar\/219e749e47ffbcca018a360ae4add7d4cdf1cdaaf8bc7676b27efade3fe65615?s=96&d=mm&r=g","contentUrl":"https:\/\/secure.gravatar.com\/avatar\/219e749e47ffbcca018a360ae4add7d4cdf1cdaaf8bc7676b27efade3fe65615?s=96&d=mm&r=g","caption":"J.J."},"url":"https:\/\/vosgesinfo.fr\/saintdieinfo\/author\/j-j\/"}]}},"_links":{"self":[{"href":"https:\/\/vosgesinfo.fr\/saintdieinfo\/wp-json\/wp\/v2\/posts\/32501","targetHints":{"allow":["GET"]}}],"collection":[{"href":"https:\/\/vosgesinfo.fr\/saintdieinfo\/wp-json\/wp\/v2\/posts"}],"about":[{"href":"https:\/\/vosgesinfo.fr\/saintdieinfo\/wp-json\/wp\/v2\/types\/post"}],"author":[{"embeddable":true,"href":"https:\/\/vosgesinfo.fr\/saintdieinfo\/wp-json\/wp\/v2\/users\/46"}],"replies":[{"embeddable":true,"href":"https:\/\/vosgesinfo.fr\/saintdieinfo\/wp-json\/wp\/v2\/comments?post=32501"}],"version-history":[{"count":1,"href":"https:\/\/vosgesinfo.fr\/saintdieinfo\/wp-json\/wp\/v2\/posts\/32501\/revisions"}],"predecessor-version":[{"id":32503,"href":"https:\/\/vosgesinfo.fr\/saintdieinfo\/wp-json\/wp\/v2\/posts\/32501\/revisions\/32503"}],"wp:featuredmedia":[{"embeddable":true,"href":"https:\/\/vosgesinfo.fr\/saintdieinfo\/wp-json\/wp\/v2\/media\/32502"}],"wp:attachment":[{"href":"https:\/\/vosgesinfo.fr\/saintdieinfo\/wp-json\/wp\/v2\/media?parent=32501"}],"wp:term":[{"taxonomy":"category","embeddable":true,"href":"https:\/\/vosgesinfo.fr\/saintdieinfo\/wp-json\/wp\/v2\/categories?post=32501"},{"taxonomy":"post_tag","embeddable":true,"href":"https:\/\/vosgesinfo.fr\/saintdieinfo\/wp-json\/wp\/v2\/tags?post=32501"}],"curies":[{"name":"wp","href":"https:\/\/api.w.org\/{rel}","templated":true}]}}