{"id":32525,"date":"2024-04-12T12:50:00","date_gmt":"2024-04-12T10:50:00","guid":{"rendered":"https:\/\/vosgesinfo.fr\/saintdieinfo\/?p=32525"},"modified":"2024-04-12T12:58:39","modified_gmt":"2024-04-12T10:58:39","slug":"les-ecoliers-deodatiens-se-mettent-en-jambe-avant-les-jo-de-paris-2024","status":"publish","type":"post","link":"https:\/\/vosgesinfo.fr\/saintdieinfo\/2024\/04\/les-ecoliers-deodatiens-se-mettent-en-jambe-avant-les-jo-de-paris-2024\/","title":{"rendered":"Les \u00e9coliers d\u00e9odatiens se mettent en jambe avant les JO de Paris 2024"},"content":{"rendered":"<p><img decoding=\"async\" class=\"alignnone size-large wp-image-32526\" src=\"https:\/\/vosgesinfo.fr\/app\/uploads\/sites\/4\/2024\/04\/defi-2024km-1-1024x768.jpg\" alt=\"\" width=\"1024\" height=\"768\" srcset=\"https:\/\/vosgesinfo.fr\/app\/uploads\/sites\/4\/2024\/04\/defi-2024km-1-1024x768.jpg 1024w, https:\/\/vosgesinfo.fr\/app\/uploads\/sites\/4\/2024\/04\/defi-2024km-1-300x225.jpg 300w, https:\/\/vosgesinfo.fr\/app\/uploads\/sites\/4\/2024\/04\/defi-2024km-1-768x576.jpg 768w, https:\/\/vosgesinfo.fr\/app\/uploads\/sites\/4\/2024\/04\/defi-2024km-1-1536x1152.jpg 1536w, https:\/\/vosgesinfo.fr\/app\/uploads\/sites\/4\/2024\/04\/defi-2024km-1-2048x1536.jpg 2048w\" sizes=\"(max-width: 1024px) 100vw, 1024px\" \/><\/p>\n<h2>Alors que les Jeux Olympiques et Paralympiques de Paris 2024 approchent, avec la c\u00e9r\u00e9monie d&rsquo;ouverture qui se tiendra le 26 juillet prochain, les \u00e9coliers d\u00e9odatiens se sont mesur\u00e9s au \u00ab D\u00e9fi 2024km \u00bb en ce vendredi ensoleill\u00e9.<\/h2>\n<p><!--more--><\/p>\n<p>Pour rappel, en 2021, Saint-Di\u00e9-des-Vosges d\u00e9crochait son label \u00ab Terre de Jeux \u00bb. C&rsquo;est dans le cadre de ce label qu&rsquo;en amont des JO de Paris 2024, plusieurs actions sont organis\u00e9es autour du th\u00e8me de l&rsquo;olympisme dans la cit\u00e9 d\u00e9odatienne. Dont le \u00ab D\u00e9fi 2024km \u00bb d&rsquo;aujourd&rsquo;hui, qui a amen\u00e9 le matin et l&rsquo;apr\u00e8s-midi les \u00e9l\u00e8ves des \u00e9coles publiques et priv\u00e9es de la commune d&rsquo;effectuer sur un cr\u00e9neau de 45 minutes, un parcours s\u00e9curis\u00e9 de 500m \u00e0 travers le parc Jean-Mansuy. L&rsquo;objectif de ce d\u00e9fi \u00e9tant, comme son nom l&rsquo;indique, de parcourir symboliquement la distance cumul\u00e9e de 2024km. Un d\u00e9fi autant sportif que convivial, qui \u00e9tait l&rsquo;occasion de c\u00e9l\u00e9brer avec un peu d&rsquo;avance l&rsquo;olympisme et ses valeurs.<\/p>\n<p>J.J.<\/p>\n<p><img decoding=\"async\" class=\"alignnone size-large wp-image-32528\" src=\"https:\/\/vosgesinfo.fr\/app\/uploads\/sites\/4\/2024\/04\/defi-2024km-3-1024x627.jpg\" alt=\"\" width=\"1024\" height=\"627\" srcset=\"https:\/\/vosgesinfo.fr\/app\/uploads\/sites\/4\/2024\/04\/defi-2024km-3-1024x627.jpg 1024w, https:\/\/vosgesinfo.fr\/app\/uploads\/sites\/4\/2024\/04\/defi-2024km-3-300x184.jpg 300w, https:\/\/vosgesinfo.fr\/app\/uploads\/sites\/4\/2024\/04\/defi-2024km-3-768x470.jpg 768w, https:\/\/vosgesinfo.fr\/app\/uploads\/sites\/4\/2024\/04\/defi-2024km-3-1536x940.jpg 1536w, https:\/\/vosgesinfo.fr\/app\/uploads\/sites\/4\/2024\/04\/defi-2024km-3-2048x1253.jpg 2048w\" sizes=\"(max-width: 1024px) 100vw, 1024px\" \/><\/p>\n<p><img decoding=\"async\" class=\"alignnone size-large wp-image-32527\" src=\"https:\/\/vosgesinfo.fr\/app\/uploads\/sites\/4\/2024\/04\/defi-2024km-2-1024x768.jpg\" alt=\"\" width=\"1024\" height=\"768\" srcset=\"https:\/\/vosgesinfo.fr\/app\/uploads\/sites\/4\/2024\/04\/defi-2024km-2-1024x768.jpg 1024w, https:\/\/vosgesinfo.fr\/app\/uploads\/sites\/4\/2024\/04\/defi-2024km-2-300x225.jpg 300w, https:\/\/vosgesinfo.fr\/app\/uploads\/sites\/4\/2024\/04\/defi-2024km-2-768x576.jpg 768w, https:\/\/vosgesinfo.fr\/app\/uploads\/sites\/4\/2024\/04\/defi-2024km-2-1536x1152.jpg 1536w, https:\/\/vosgesinfo.fr\/app\/uploads\/sites\/4\/2024\/04\/defi-2024km-2-2048x1536.jpg 2048w\" sizes=\"(max-width: 1024px) 100vw, 1024px\" \/><\/p>\n","protected":false},"excerpt":{"rendered":"<p>Alors que les Jeux Olympiques et Paralympiques de Paris 2024 approchent, avec la c\u00e9r\u00e9monie d&rsquo;ouverture qui se tiendra le 26 [&hellip;]<\/p>\n","protected":false},"author":46,"featured_media":32526,"comment_status":"open","ping_status":"open","sticky":false,"template":"","format":"standard","meta":{"footnotes":""},"categories":[460,6,167,14],"tags":[5877,3202,3585,5876,5878,3095,3240],"class_list":["post-32525","post","type-post","status-publish","format-standard","has-post-thumbnail","hentry","category-a-la-une","category-education","category-saint-die-des-vosges","category-sport","tag-defi-2024km","tag-ecoles-de-saint-die-des-vosges","tag-jeux-olympiques-et-paralympiques-de-paris-2024","tag-jo-de-paris-2024","tag-label-terre-de-jeux","tag-parc-jean-mansuy","tag-ville-de-saint-die-des-vosges"],"acf":[],"yoast_head":"<!-- This site is optimized with the Yoast SEO plugin v22.5 - https:\/\/yoast.com\/wordpress\/plugins\/seo\/ -->\n<title>Les \u00e9coliers d\u00e9odatiens se mettent en jambe avant les JO de Paris 2024 - Saint Die Info<\/title>\n<meta name=\"robots\" content=\"index, follow, max-snippet:-1, max-image-preview:large, max-video-preview:-1\" \/>\n<link rel=\"canonical\" href=\"https:\/\/vosgesinfo.fr\/saintdieinfo\/2024\/04\/les-ecoliers-deodatiens-se-mettent-en-jambe-avant-les-jo-de-paris-2024\/\" \/>\n<meta name=\"twitter:card\" content=\"summary_large_image\" \/>\n<meta name=\"twitter:title\" content=\"Les \u00e9coliers d\u00e9odatiens se mettent en jambe avant les JO de Paris 2024 - Saint Die Info\" \/>\n<meta name=\"twitter:description\" content=\"Alors que les Jeux Olympiques et Paralympiques de Paris 2024 approchent, avec la c\u00e9r\u00e9monie d&rsquo;ouverture qui se tiendra le 26 [&hellip;]\" \/>\n<meta name=\"twitter:image\" content=\"https:\/\/vosgesinfo.fr\/app\/uploads\/sites\/4\/2024\/04\/defi-2024km-1-scaled.jpg\" \/>\n<meta name=\"twitter:creator\" content=\"@VosgesInfo88\" \/>\n<meta name=\"twitter:site\" content=\"@VosgesInfo88\" \/>\n<meta name=\"twitter:label1\" content=\"\u00c9crit par\" \/>\n\t<meta name=\"twitter:data1\" content=\"J.J.\" \/>\n\t<meta name=\"twitter:label2\" content=\"Dur\u00e9e de lecture estim\u00e9e\" \/>\n\t<meta name=\"twitter:data2\" content=\"1 minute\" \/>\n<script type=\"application\/ld+json\" class=\"yoast-schema-graph\">{\"@context\":\"https:\/\/schema.org\",\"@graph\":[{\"@type\":\"Article\",\"@id\":\"https:\/\/vosgesinfo.fr\/saintdieinfo\/2024\/04\/les-ecoliers-deodatiens-se-mettent-en-jambe-avant-les-jo-de-paris-2024\/#article\",\"isPartOf\":{\"@id\":\"https:\/\/vosgesinfo.fr\/saintdieinfo\/2024\/04\/les-ecoliers-deodatiens-se-mettent-en-jambe-avant-les-jo-de-paris-2024\/\"},\"author\":{\"name\":\"J.J.\",\"@id\":\"https:\/\/vosgesinfo.fr\/saintdieinfo\/#\/schema\/person\/fa73e9f726d67bb88f46d5b7943cb572\"},\"headline\":\"Les \u00e9coliers d\u00e9odatiens se mettent en jambe avant les JO de Paris 2024\",\"datePublished\":\"2024-04-12T10:50:00+00:00\",\"dateModified\":\"2024-04-12T10:58:39+00:00\",\"mainEntityOfPage\":{\"@id\":\"https:\/\/vosgesinfo.fr\/saintdieinfo\/2024\/04\/les-ecoliers-deodatiens-se-mettent-en-jambe-avant-les-jo-de-paris-2024\/\"},\"wordCount\":191,\"commentCount\":0,\"publisher\":{\"@id\":\"https:\/\/vosgesinfo.fr\/saintdieinfo\/#organization\"},\"image\":{\"@id\":\"https:\/\/vosgesinfo.fr\/saintdieinfo\/2024\/04\/les-ecoliers-deodatiens-se-mettent-en-jambe-avant-les-jo-de-paris-2024\/#primaryimage\"},\"thumbnailUrl\":\"https:\/\/vosgesinfo.fr\/app\/uploads\/sites\/4\/2024\/04\/defi-2024km-1-scaled.jpg\",\"keywords\":[\"D\u00e9fi 2024km\",\"Ecoles de Saint-Di\u00e9-des-Vosges\",\"Jeux Olympiques et Paralympiques de Paris 2024\",\"JO de Paris 2024\",\"Label Terre de Jeux\",\"Parc Jean-Mansuy\",\"Ville de Saint-Di\u00e9-des-Vosges\"],\"articleSection\":[\"A la Une\",\"\u00c9ducation\",\"Saint-Di\u00e9-des-Vosges\",\"Sport\"],\"inLanguage\":\"fr-FR\",\"potentialAction\":[{\"@type\":\"CommentAction\",\"name\":\"Comment\",\"target\":[\"https:\/\/vosgesinfo.fr\/saintdieinfo\/2024\/04\/les-ecoliers-deodatiens-se-mettent-en-jambe-avant-les-jo-de-paris-2024\/#respond\"]}]},{\"@type\":\"WebPage\",\"@id\":\"https:\/\/vosgesinfo.fr\/saintdieinfo\/2024\/04\/les-ecoliers-deodatiens-se-mettent-en-jambe-avant-les-jo-de-paris-2024\/\",\"url\":\"https:\/\/vosgesinfo.fr\/saintdieinfo\/2024\/04\/les-ecoliers-deodatiens-se-mettent-en-jambe-avant-les-jo-de-paris-2024\/\",\"name\":\"Les \u00e9coliers d\u00e9odatiens se mettent en jambe avant les JO de Paris 2024 - Saint Die Info\",\"isPartOf\":{\"@id\":\"https:\/\/vosgesinfo.fr\/saintdieinfo\/#website\"},\"primaryImageOfPage\":{\"@id\":\"https:\/\/vosgesinfo.fr\/saintdieinfo\/2024\/04\/les-ecoliers-deodatiens-se-mettent-en-jambe-avant-les-jo-de-paris-2024\/#primaryimage\"},\"image\":{\"@id\":\"https:\/\/vosgesinfo.fr\/saintdieinfo\/2024\/04\/les-ecoliers-deodatiens-se-mettent-en-jambe-avant-les-jo-de-paris-2024\/#primaryimage\"},\"thumbnailUrl\":\"https:\/\/vosgesinfo.fr\/app\/uploads\/sites\/4\/2024\/04\/defi-2024km-1-scaled.jpg\",\"datePublished\":\"2024-04-12T10:50:00+00:00\",\"dateModified\":\"2024-04-12T10:58:39+00:00\",\"breadcrumb\":{\"@id\":\"https:\/\/vosgesinfo.fr\/saintdieinfo\/2024\/04\/les-ecoliers-deodatiens-se-mettent-en-jambe-avant-les-jo-de-paris-2024\/#breadcrumb\"},\"inLanguage\":\"fr-FR\",\"potentialAction\":[{\"@type\":\"ReadAction\",\"target\":[\"https:\/\/vosgesinfo.fr\/saintdieinfo\/2024\/04\/les-ecoliers-deodatiens-se-mettent-en-jambe-avant-les-jo-de-paris-2024\/\"]}]},{\"@type\":\"ImageObject\",\"inLanguage\":\"fr-FR\",\"@id\":\"https:\/\/vosgesinfo.fr\/saintdieinfo\/2024\/04\/les-ecoliers-deodatiens-se-mettent-en-jambe-avant-les-jo-de-paris-2024\/#primaryimage\",\"url\":\"https:\/\/vosgesinfo.fr\/app\/uploads\/sites\/4\/2024\/04\/defi-2024km-1-scaled.jpg\",\"contentUrl\":\"https:\/\/vosgesinfo.fr\/app\/uploads\/sites\/4\/2024\/04\/defi-2024km-1-scaled.jpg\",\"width\":2560,\"height\":1920},{\"@type\":\"BreadcrumbList\",\"@id\":\"https:\/\/vosgesinfo.fr\/saintdieinfo\/2024\/04\/les-ecoliers-deodatiens-se-mettent-en-jambe-avant-les-jo-de-paris-2024\/#breadcrumb\",\"itemListElement\":[{\"@type\":\"ListItem\",\"position\":1,\"name\":\"Home\",\"item\":\"https:\/\/vosgesinfo.fr\/saintdieinfo\/\"},{\"@type\":\"ListItem\",\"position\":2,\"name\":\"Les \u00e9coliers d\u00e9odatiens se mettent en jambe avant les JO de Paris 2024\"}]},{\"@type\":\"WebSite\",\"@id\":\"https:\/\/vosgesinfo.fr\/saintdieinfo\/#website\",\"url\":\"https:\/\/vosgesinfo.fr\/saintdieinfo\/\",\"name\":\"Saint Die Info\",\"description\":\"Toute l&#039;actualit\u00e9 de Saint-Di\u00e9-Des-Vosges\",\"publisher\":{\"@id\":\"https:\/\/vosgesinfo.fr\/saintdieinfo\/#organization\"},\"alternateName\":\"Toute l'actualit\u00e9 de Saint-Di\u00e9-Des-Vosges\",\"potentialAction\":[{\"@type\":\"SearchAction\",\"target\":{\"@type\":\"EntryPoint\",\"urlTemplate\":\"https:\/\/vosgesinfo.fr\/saintdieinfo\/?s={search_term_string}\"},\"query-input\":\"required name=search_term_string\"}],\"inLanguage\":\"fr-FR\"},{\"@type\":\"Organization\",\"@id\":\"https:\/\/vosgesinfo.fr\/saintdieinfo\/#organization\",\"name\":\"Saint Die Info\",\"url\":\"https:\/\/vosgesinfo.fr\/saintdieinfo\/\",\"logo\":{\"@type\":\"ImageObject\",\"inLanguage\":\"fr-FR\",\"@id\":\"https:\/\/vosgesinfo.fr\/saintdieinfo\/#\/schema\/logo\/image\/\",\"url\":\"https:\/\/vosgesinfo.fr\/app\/uploads\/sites\/4\/2024\/02\/logo-sdi.jpg\",\"contentUrl\":\"https:\/\/vosgesinfo.fr\/app\/uploads\/sites\/4\/2024\/02\/logo-sdi.jpg\",\"width\":600,\"height\":600,\"caption\":\"Saint Die Info\"},\"image\":{\"@id\":\"https:\/\/vosgesinfo.fr\/saintdieinfo\/#\/schema\/logo\/image\/\"},\"sameAs\":[\"https:\/\/www.facebook.com\/Saintdieinfofr\",\"https:\/\/x.com\/VosgesInfo88\",\"https:\/\/www.youtube.com\/@vosgesinfo\"]},{\"@type\":\"Person\",\"@id\":\"https:\/\/vosgesinfo.fr\/saintdieinfo\/#\/schema\/person\/fa73e9f726d67bb88f46d5b7943cb572\",\"name\":\"J.J.\",\"image\":{\"@type\":\"ImageObject\",\"inLanguage\":\"fr-FR\",\"@id\":\"https:\/\/vosgesinfo.fr\/saintdieinfo\/#\/schema\/person\/image\/\",\"url\":\"https:\/\/secure.gravatar.com\/avatar\/219e749e47ffbcca018a360ae4add7d4cdf1cdaaf8bc7676b27efade3fe65615?s=96&d=mm&r=g\",\"contentUrl\":\"https:\/\/secure.gravatar.com\/avatar\/219e749e47ffbcca018a360ae4add7d4cdf1cdaaf8bc7676b27efade3fe65615?s=96&d=mm&r=g\",\"caption\":\"J.J.\"},\"url\":\"https:\/\/vosgesinfo.fr\/saintdieinfo\/author\/j-j\/\"}]}<\/script>\n<!-- \/ Yoast SEO plugin. -->","yoast_head_json":{"title":"Les \u00e9coliers d\u00e9odatiens se mettent en jambe avant les JO de Paris 2024 - Saint Die Info","robots":{"index":"index","follow":"follow","max-snippet":"max-snippet:-1","max-image-preview":"max-image-preview:large","max-video-preview":"max-video-preview:-1"},"canonical":"https:\/\/vosgesinfo.fr\/saintdieinfo\/2024\/04\/les-ecoliers-deodatiens-se-mettent-en-jambe-avant-les-jo-de-paris-2024\/","twitter_card":"summary_large_image","twitter_title":"Les \u00e9coliers d\u00e9odatiens se mettent en jambe avant les JO de Paris 2024 - Saint Die Info","twitter_description":"Alors que les Jeux Olympiques et Paralympiques de Paris 2024 approchent, avec la c\u00e9r\u00e9monie d&rsquo;ouverture qui se tiendra le 26 [&hellip;]","twitter_image":"https:\/\/vosgesinfo.fr\/app\/uploads\/sites\/4\/2024\/04\/defi-2024km-1-scaled.jpg","twitter_creator":"@VosgesInfo88","twitter_site":"@VosgesInfo88","twitter_misc":{"\u00c9crit par":"J.J.","Dur\u00e9e de lecture estim\u00e9e":"1 minute"},"schema":{"@context":"https:\/\/schema.org","@graph":[{"@type":"Article","@id":"https:\/\/vosgesinfo.fr\/saintdieinfo\/2024\/04\/les-ecoliers-deodatiens-se-mettent-en-jambe-avant-les-jo-de-paris-2024\/#article","isPartOf":{"@id":"https:\/\/vosgesinfo.fr\/saintdieinfo\/2024\/04\/les-ecoliers-deodatiens-se-mettent-en-jambe-avant-les-jo-de-paris-2024\/"},"author":{"name":"J.J.","@id":"https:\/\/vosgesinfo.fr\/saintdieinfo\/#\/schema\/person\/fa73e9f726d67bb88f46d5b7943cb572"},"headline":"Les \u00e9coliers d\u00e9odatiens se mettent en jambe avant les JO de Paris 2024","datePublished":"2024-04-12T10:50:00+00:00","dateModified":"2024-04-12T10:58:39+00:00","mainEntityOfPage":{"@id":"https:\/\/vosgesinfo.fr\/saintdieinfo\/2024\/04\/les-ecoliers-deodatiens-se-mettent-en-jambe-avant-les-jo-de-paris-2024\/"},"wordCount":191,"commentCount":0,"publisher":{"@id":"https:\/\/vosgesinfo.fr\/saintdieinfo\/#organization"},"image":{"@id":"https:\/\/vosgesinfo.fr\/saintdieinfo\/2024\/04\/les-ecoliers-deodatiens-se-mettent-en-jambe-avant-les-jo-de-paris-2024\/#primaryimage"},"thumbnailUrl":"https:\/\/vosgesinfo.fr\/app\/uploads\/sites\/4\/2024\/04\/defi-2024km-1-scaled.jpg","keywords":["D\u00e9fi 2024km","Ecoles de Saint-Di\u00e9-des-Vosges","Jeux Olympiques et Paralympiques de Paris 2024","JO de Paris 2024","Label Terre de Jeux","Parc Jean-Mansuy","Ville de Saint-Di\u00e9-des-Vosges"],"articleSection":["A la Une","\u00c9ducation","Saint-Di\u00e9-des-Vosges","Sport"],"inLanguage":"fr-FR","potentialAction":[{"@type":"CommentAction","name":"Comment","target":["https:\/\/vosgesinfo.fr\/saintdieinfo\/2024\/04\/les-ecoliers-deodatiens-se-mettent-en-jambe-avant-les-jo-de-paris-2024\/#respond"]}]},{"@type":"WebPage","@id":"https:\/\/vosgesinfo.fr\/saintdieinfo\/2024\/04\/les-ecoliers-deodatiens-se-mettent-en-jambe-avant-les-jo-de-paris-2024\/","url":"https:\/\/vosgesinfo.fr\/saintdieinfo\/2024\/04\/les-ecoliers-deodatiens-se-mettent-en-jambe-avant-les-jo-de-paris-2024\/","name":"Les \u00e9coliers d\u00e9odatiens se mettent en jambe avant les JO de Paris 2024 - Saint Die Info","isPartOf":{"@id":"https:\/\/vosgesinfo.fr\/saintdieinfo\/#website"},"primaryImageOfPage":{"@id":"https:\/\/vosgesinfo.fr\/saintdieinfo\/2024\/04\/les-ecoliers-deodatiens-se-mettent-en-jambe-avant-les-jo-de-paris-2024\/#primaryimage"},"image":{"@id":"https:\/\/vosgesinfo.fr\/saintdieinfo\/2024\/04\/les-ecoliers-deodatiens-se-mettent-en-jambe-avant-les-jo-de-paris-2024\/#primaryimage"},"thumbnailUrl":"https:\/\/vosgesinfo.fr\/app\/uploads\/sites\/4\/2024\/04\/defi-2024km-1-scaled.jpg","datePublished":"2024-04-12T10:50:00+00:00","dateModified":"2024-04-12T10:58:39+00:00","breadcrumb":{"@id":"https:\/\/vosgesinfo.fr\/saintdieinfo\/2024\/04\/les-ecoliers-deodatiens-se-mettent-en-jambe-avant-les-jo-de-paris-2024\/#breadcrumb"},"inLanguage":"fr-FR","potentialAction":[{"@type":"ReadAction","target":["https:\/\/vosgesinfo.fr\/saintdieinfo\/2024\/04\/les-ecoliers-deodatiens-se-mettent-en-jambe-avant-les-jo-de-paris-2024\/"]}]},{"@type":"ImageObject","inLanguage":"fr-FR","@id":"https:\/\/vosgesinfo.fr\/saintdieinfo\/2024\/04\/les-ecoliers-deodatiens-se-mettent-en-jambe-avant-les-jo-de-paris-2024\/#primaryimage","url":"https:\/\/vosgesinfo.fr\/app\/uploads\/sites\/4\/2024\/04\/defi-2024km-1-scaled.jpg","contentUrl":"https:\/\/vosgesinfo.fr\/app\/uploads\/sites\/4\/2024\/04\/defi-2024km-1-scaled.jpg","width":2560,"height":1920},{"@type":"BreadcrumbList","@id":"https:\/\/vosgesinfo.fr\/saintdieinfo\/2024\/04\/les-ecoliers-deodatiens-se-mettent-en-jambe-avant-les-jo-de-paris-2024\/#breadcrumb","itemListElement":[{"@type":"ListItem","position":1,"name":"Home","item":"https:\/\/vosgesinfo.fr\/saintdieinfo\/"},{"@type":"ListItem","position":2,"name":"Les \u00e9coliers d\u00e9odatiens se mettent en jambe avant les JO de Paris 2024"}]},{"@type":"WebSite","@id":"https:\/\/vosgesinfo.fr\/saintdieinfo\/#website","url":"https:\/\/vosgesinfo.fr\/saintdieinfo\/","name":"Saint Die Info","description":"Toute l&#039;actualit\u00e9 de Saint-Di\u00e9-Des-Vosges","publisher":{"@id":"https:\/\/vosgesinfo.fr\/saintdieinfo\/#organization"},"alternateName":"Toute l'actualit\u00e9 de Saint-Di\u00e9-Des-Vosges","potentialAction":[{"@type":"SearchAction","target":{"@type":"EntryPoint","urlTemplate":"https:\/\/vosgesinfo.fr\/saintdieinfo\/?s={search_term_string}"},"query-input":"required name=search_term_string"}],"inLanguage":"fr-FR"},{"@type":"Organization","@id":"https:\/\/vosgesinfo.fr\/saintdieinfo\/#organization","name":"Saint Die Info","url":"https:\/\/vosgesinfo.fr\/saintdieinfo\/","logo":{"@type":"ImageObject","inLanguage":"fr-FR","@id":"https:\/\/vosgesinfo.fr\/saintdieinfo\/#\/schema\/logo\/image\/","url":"https:\/\/vosgesinfo.fr\/app\/uploads\/sites\/4\/2024\/02\/logo-sdi.jpg","contentUrl":"https:\/\/vosgesinfo.fr\/app\/uploads\/sites\/4\/2024\/02\/logo-sdi.jpg","width":600,"height":600,"caption":"Saint Die Info"},"image":{"@id":"https:\/\/vosgesinfo.fr\/saintdieinfo\/#\/schema\/logo\/image\/"},"sameAs":["https:\/\/www.facebook.com\/Saintdieinfofr","https:\/\/x.com\/VosgesInfo88","https:\/\/www.youtube.com\/@vosgesinfo"]},{"@type":"Person","@id":"https:\/\/vosgesinfo.fr\/saintdieinfo\/#\/schema\/person\/fa73e9f726d67bb88f46d5b7943cb572","name":"J.J.","image":{"@type":"ImageObject","inLanguage":"fr-FR","@id":"https:\/\/vosgesinfo.fr\/saintdieinfo\/#\/schema\/person\/image\/","url":"https:\/\/secure.gravatar.com\/avatar\/219e749e47ffbcca018a360ae4add7d4cdf1cdaaf8bc7676b27efade3fe65615?s=96&d=mm&r=g","contentUrl":"https:\/\/secure.gravatar.com\/avatar\/219e749e47ffbcca018a360ae4add7d4cdf1cdaaf8bc7676b27efade3fe65615?s=96&d=mm&r=g","caption":"J.J."},"url":"https:\/\/vosgesinfo.fr\/saintdieinfo\/author\/j-j\/"}]}},"_links":{"self":[{"href":"https:\/\/vosgesinfo.fr\/saintdieinfo\/wp-json\/wp\/v2\/posts\/32525","targetHints":{"allow":["GET"]}}],"collection":[{"href":"https:\/\/vosgesinfo.fr\/saintdieinfo\/wp-json\/wp\/v2\/posts"}],"about":[{"href":"https:\/\/vosgesinfo.fr\/saintdieinfo\/wp-json\/wp\/v2\/types\/post"}],"author":[{"embeddable":true,"href":"https:\/\/vosgesinfo.fr\/saintdieinfo\/wp-json\/wp\/v2\/users\/46"}],"replies":[{"embeddable":true,"href":"https:\/\/vosgesinfo.fr\/saintdieinfo\/wp-json\/wp\/v2\/comments?post=32525"}],"version-history":[{"count":4,"href":"https:\/\/vosgesinfo.fr\/saintdieinfo\/wp-json\/wp\/v2\/posts\/32525\/revisions"}],"predecessor-version":[{"id":32533,"href":"https:\/\/vosgesinfo.fr\/saintdieinfo\/wp-json\/wp\/v2\/posts\/32525\/revisions\/32533"}],"wp:featuredmedia":[{"embeddable":true,"href":"https:\/\/vosgesinfo.fr\/saintdieinfo\/wp-json\/wp\/v2\/media\/32526"}],"wp:attachment":[{"href":"https:\/\/vosgesinfo.fr\/saintdieinfo\/wp-json\/wp\/v2\/media?parent=32525"}],"wp:term":[{"taxonomy":"category","embeddable":true,"href":"https:\/\/vosgesinfo.fr\/saintdieinfo\/wp-json\/wp\/v2\/categories?post=32525"},{"taxonomy":"post_tag","embeddable":true,"href":"https:\/\/vosgesinfo.fr\/saintdieinfo\/wp-json\/wp\/v2\/tags?post=32525"}],"curies":[{"name":"wp","href":"https:\/\/api.w.org\/{rel}","templated":true}]}}