{"id":32534,"date":"2024-04-12T14:41:53","date_gmt":"2024-04-12T12:41:53","guid":{"rendered":"https:\/\/vosgesinfo.fr\/saintdieinfo\/?p=32534"},"modified":"2024-04-12T14:41:53","modified_gmt":"2024-04-12T12:41:53","slug":"la-cite-scolaire-jules-ferry-fait-ses-olympiades","status":"publish","type":"post","link":"https:\/\/vosgesinfo.fr\/saintdieinfo\/2024\/04\/la-cite-scolaire-jules-ferry-fait-ses-olympiades\/","title":{"rendered":"La Cit\u00e9 Scolaire Jules-Ferry fait ses Olympiades"},"content":{"rendered":"<p><img decoding=\"async\" class=\"alignnone size-large wp-image-32536\" src=\"https:\/\/vosgesinfo.fr\/app\/uploads\/sites\/4\/2024\/04\/olympiades-cite-scolaire-jules-ferry-1-1024x771.jpg\" alt=\"\" width=\"1024\" height=\"771\" srcset=\"https:\/\/vosgesinfo.fr\/app\/uploads\/sites\/4\/2024\/04\/olympiades-cite-scolaire-jules-ferry-1-1024x771.jpg 1024w, https:\/\/vosgesinfo.fr\/app\/uploads\/sites\/4\/2024\/04\/olympiades-cite-scolaire-jules-ferry-1-300x226.jpg 300w, https:\/\/vosgesinfo.fr\/app\/uploads\/sites\/4\/2024\/04\/olympiades-cite-scolaire-jules-ferry-1-768x578.jpg 768w, https:\/\/vosgesinfo.fr\/app\/uploads\/sites\/4\/2024\/04\/olympiades-cite-scolaire-jules-ferry-1-1536x1157.jpg 1536w, https:\/\/vosgesinfo.fr\/app\/uploads\/sites\/4\/2024\/04\/olympiades-cite-scolaire-jules-ferry-1-2048x1542.jpg 2048w\" sizes=\"(max-width: 1024px) 100vw, 1024px\" \/><\/p>\n<h2>En marge des Jeux Olympiques et Paralympiques de Paris 2024, <a href=\"https:\/\/vosgesinfo.fr\/saintdieinfo\/2024\/04\/les-ecoliers-deodatiens-se-mettent-en-jambe-avant-les-jo-de-paris-2024\/\" target=\"_blank\" rel=\"noopener\">et en parall\u00e8le du \u00ab\u00a0D\u00e9fi 2024 km\u00a0\u00bb au parc Jean-Mansuy<\/a>, la Cit\u00e9 Scolaire Jules-Ferry organisait ses Olympiades ce vendredi apr\u00e8s-midi, qui se sont d\u00e9roul\u00e9es dans la cour et \u00e0 l&rsquo;int\u00e9rieur du grand internat de l&rsquo;\u00e9tablissement.<\/h2>\n<p><!--more--><\/p>\n<p>Fruit de plus d&rsquo;un an de travail de la part des 2 ambassadeurs G\u00e9n\u00e9ration 2024 de la Cit\u00e9 Scolaire d\u00e9odatienne, Mathilde et Kevan, et des enseignants Fabrice Lenoir et Aurore F\u00e8vre, ces Olympiades ont rassembl\u00e9 tous les \u00e9l\u00e8ves de l&rsquo;\u00e9tablissement, les classes du coll\u00e8ge comme du lyc\u00e9e, autour des valeurs de l&rsquo;olympisme et du paralympisme\u00a0: amiti\u00e9, respect, excellence, d\u00e9termination, \u00e9galit\u00e9, inspiration et courage.<\/p>\n<p>C&rsquo;est en tout d\u00e9but d&rsquo;apr\u00e8s-midi que ces Olympiades d\u00e9odatiennes ont \u00e9t\u00e9 lanc\u00e9es, par un flash-mob aux couleurs de nombreux pays participants aux JOP de Paris 2024, en pr\u00e9sence de repr\u00e9sentants des diff\u00e9rents partenaires de l&rsquo;\u00e9v\u00e9nement\u00a0: l&rsquo;Education Nationale, via la DASEN Val\u00e9rie Dautresmes, la R\u00e9gion Grand Est, via la conseill\u00e8re r\u00e9gionale Charline Prince, le Conseil D\u00e9partemental des Vosges, via la premi\u00e8re vice-pr\u00e9sidente Caroline Mattioni, et la Ville de Saint-Di\u00e9-des-Vosges, via l&rsquo;adjoint aux Sports Mustafa Guglu.<\/p>\n<p>\u00ab C&rsquo;est un moment fort de solidarit\u00e9, d&rsquo;entraide, d&rsquo;engagement et de respect envers les uns et les autres que nous allons vivre cet apr\u00e8s-midi \u00bb a d\u00e9clar\u00e9 Patricia Braun, proviseure de la Cit\u00e9 Scolaire Jules-Ferry, avant de donner le top d\u00e9part des Olympiades. Premi\u00e8re \u00e9preuve : une course de filles et gar\u00e7ons de caf\u00e9 sem\u00e9e d&#8217;embuches. Se sont ensuite encha\u00een\u00e9s l&rsquo;\u00e9preuve d&rsquo;obstacles avec tir au laser, puis un quiz. Le tout dans une ambiance telle qu&rsquo;on croyait \u2013 presque \u2013 assister \u00e0 l&rsquo;une des \u00e9preuves des d\u00e9sormais imminents Jeux Olympiques et Paralympiques de Paris 2024, dont le coup d&rsquo;envoi sera donn\u00e9 le 26 juillet prochain.<\/p>\n<p>J.J.<\/p>\n<p><img decoding=\"async\" class=\"alignnone size-large wp-image-32538\" src=\"https:\/\/vosgesinfo.fr\/app\/uploads\/sites\/4\/2024\/04\/olympiades-cite-scolaire-jules-ferry-3-1024x771.jpg\" alt=\"\" width=\"1024\" height=\"771\" srcset=\"https:\/\/vosgesinfo.fr\/app\/uploads\/sites\/4\/2024\/04\/olympiades-cite-scolaire-jules-ferry-3-1024x771.jpg 1024w, https:\/\/vosgesinfo.fr\/app\/uploads\/sites\/4\/2024\/04\/olympiades-cite-scolaire-jules-ferry-3-300x226.jpg 300w, https:\/\/vosgesinfo.fr\/app\/uploads\/sites\/4\/2024\/04\/olympiades-cite-scolaire-jules-ferry-3-768x578.jpg 768w, https:\/\/vosgesinfo.fr\/app\/uploads\/sites\/4\/2024\/04\/olympiades-cite-scolaire-jules-ferry-3-1536x1157.jpg 1536w, https:\/\/vosgesinfo.fr\/app\/uploads\/sites\/4\/2024\/04\/olympiades-cite-scolaire-jules-ferry-3-2048x1542.jpg 2048w\" sizes=\"(max-width: 1024px) 100vw, 1024px\" \/><\/p>\n<p><img decoding=\"async\" class=\"alignnone size-large wp-image-32537\" src=\"https:\/\/vosgesinfo.fr\/app\/uploads\/sites\/4\/2024\/04\/olympiades-cite-scolaire-jules-ferry-2-1024x771.jpg\" alt=\"\" width=\"1024\" height=\"771\" srcset=\"https:\/\/vosgesinfo.fr\/app\/uploads\/sites\/4\/2024\/04\/olympiades-cite-scolaire-jules-ferry-2-1024x771.jpg 1024w, https:\/\/vosgesinfo.fr\/app\/uploads\/sites\/4\/2024\/04\/olympiades-cite-scolaire-jules-ferry-2-300x226.jpg 300w, https:\/\/vosgesinfo.fr\/app\/uploads\/sites\/4\/2024\/04\/olympiades-cite-scolaire-jules-ferry-2-768x578.jpg 768w, https:\/\/vosgesinfo.fr\/app\/uploads\/sites\/4\/2024\/04\/olympiades-cite-scolaire-jules-ferry-2-1536x1157.jpg 1536w, https:\/\/vosgesinfo.fr\/app\/uploads\/sites\/4\/2024\/04\/olympiades-cite-scolaire-jules-ferry-2-2048x1542.jpg 2048w\" sizes=\"(max-width: 1024px) 100vw, 1024px\" \/><\/p>\n<p><img decoding=\"async\" class=\"alignnone size-large wp-image-32539\" src=\"https:\/\/vosgesinfo.fr\/app\/uploads\/sites\/4\/2024\/04\/olympiades-cite-scolaire-jules-ferry-4-1024x771.jpg\" alt=\"\" width=\"1024\" height=\"771\" srcset=\"https:\/\/vosgesinfo.fr\/app\/uploads\/sites\/4\/2024\/04\/olympiades-cite-scolaire-jules-ferry-4-1024x771.jpg 1024w, https:\/\/vosgesinfo.fr\/app\/uploads\/sites\/4\/2024\/04\/olympiades-cite-scolaire-jules-ferry-4-300x226.jpg 300w, https:\/\/vosgesinfo.fr\/app\/uploads\/sites\/4\/2024\/04\/olympiades-cite-scolaire-jules-ferry-4-768x578.jpg 768w, https:\/\/vosgesinfo.fr\/app\/uploads\/sites\/4\/2024\/04\/olympiades-cite-scolaire-jules-ferry-4-1536x1157.jpg 1536w, https:\/\/vosgesinfo.fr\/app\/uploads\/sites\/4\/2024\/04\/olympiades-cite-scolaire-jules-ferry-4-2048x1542.jpg 2048w\" sizes=\"(max-width: 1024px) 100vw, 1024px\" \/><\/p>\n<p><img decoding=\"async\" class=\"alignnone size-large wp-image-32540\" src=\"https:\/\/vosgesinfo.fr\/app\/uploads\/sites\/4\/2024\/04\/olympiades-cite-scolaire-jules-ferry-5-1024x771.jpg\" alt=\"\" width=\"1024\" height=\"771\" srcset=\"https:\/\/vosgesinfo.fr\/app\/uploads\/sites\/4\/2024\/04\/olympiades-cite-scolaire-jules-ferry-5-1024x771.jpg 1024w, https:\/\/vosgesinfo.fr\/app\/uploads\/sites\/4\/2024\/04\/olympiades-cite-scolaire-jules-ferry-5-300x226.jpg 300w, https:\/\/vosgesinfo.fr\/app\/uploads\/sites\/4\/2024\/04\/olympiades-cite-scolaire-jules-ferry-5-768x578.jpg 768w, https:\/\/vosgesinfo.fr\/app\/uploads\/sites\/4\/2024\/04\/olympiades-cite-scolaire-jules-ferry-5-1536x1157.jpg 1536w, https:\/\/vosgesinfo.fr\/app\/uploads\/sites\/4\/2024\/04\/olympiades-cite-scolaire-jules-ferry-5-2048x1542.jpg 2048w\" sizes=\"(max-width: 1024px) 100vw, 1024px\" \/><\/p>\n<p><img decoding=\"async\" class=\"alignnone size-large wp-image-32541\" src=\"https:\/\/vosgesinfo.fr\/app\/uploads\/sites\/4\/2024\/04\/olympiades-cite-scolaire-jules-ferry-6-1024x771.jpg\" alt=\"\" width=\"1024\" height=\"771\" srcset=\"https:\/\/vosgesinfo.fr\/app\/uploads\/sites\/4\/2024\/04\/olympiades-cite-scolaire-jules-ferry-6-1024x771.jpg 1024w, https:\/\/vosgesinfo.fr\/app\/uploads\/sites\/4\/2024\/04\/olympiades-cite-scolaire-jules-ferry-6-300x226.jpg 300w, https:\/\/vosgesinfo.fr\/app\/uploads\/sites\/4\/2024\/04\/olympiades-cite-scolaire-jules-ferry-6-768x578.jpg 768w, https:\/\/vosgesinfo.fr\/app\/uploads\/sites\/4\/2024\/04\/olympiades-cite-scolaire-jules-ferry-6-1536x1157.jpg 1536w, https:\/\/vosgesinfo.fr\/app\/uploads\/sites\/4\/2024\/04\/olympiades-cite-scolaire-jules-ferry-6-2048x1542.jpg 2048w\" sizes=\"(max-width: 1024px) 100vw, 1024px\" \/><\/p>\n<p><img decoding=\"async\" class=\"alignnone size-large wp-image-32542\" src=\"https:\/\/vosgesinfo.fr\/app\/uploads\/sites\/4\/2024\/04\/olympiades-cite-scolaire-jules-ferry-7-1024x771.jpg\" alt=\"\" width=\"1024\" height=\"771\" srcset=\"https:\/\/vosgesinfo.fr\/app\/uploads\/sites\/4\/2024\/04\/olympiades-cite-scolaire-jules-ferry-7-1024x771.jpg 1024w, https:\/\/vosgesinfo.fr\/app\/uploads\/sites\/4\/2024\/04\/olympiades-cite-scolaire-jules-ferry-7-300x226.jpg 300w, https:\/\/vosgesinfo.fr\/app\/uploads\/sites\/4\/2024\/04\/olympiades-cite-scolaire-jules-ferry-7-768x578.jpg 768w, https:\/\/vosgesinfo.fr\/app\/uploads\/sites\/4\/2024\/04\/olympiades-cite-scolaire-jules-ferry-7-1536x1157.jpg 1536w, https:\/\/vosgesinfo.fr\/app\/uploads\/sites\/4\/2024\/04\/olympiades-cite-scolaire-jules-ferry-7-2048x1542.jpg 2048w\" sizes=\"(max-width: 1024px) 100vw, 1024px\" \/><\/p>\n<p><img decoding=\"async\" class=\"alignnone size-large wp-image-32543\" src=\"https:\/\/vosgesinfo.fr\/app\/uploads\/sites\/4\/2024\/04\/olympiades-cite-scolaire-jules-ferry-8-1024x771.jpg\" alt=\"\" width=\"1024\" height=\"771\" srcset=\"https:\/\/vosgesinfo.fr\/app\/uploads\/sites\/4\/2024\/04\/olympiades-cite-scolaire-jules-ferry-8-1024x771.jpg 1024w, https:\/\/vosgesinfo.fr\/app\/uploads\/sites\/4\/2024\/04\/olympiades-cite-scolaire-jules-ferry-8-300x226.jpg 300w, https:\/\/vosgesinfo.fr\/app\/uploads\/sites\/4\/2024\/04\/olympiades-cite-scolaire-jules-ferry-8-768x578.jpg 768w, https:\/\/vosgesinfo.fr\/app\/uploads\/sites\/4\/2024\/04\/olympiades-cite-scolaire-jules-ferry-8-1536x1157.jpg 1536w, https:\/\/vosgesinfo.fr\/app\/uploads\/sites\/4\/2024\/04\/olympiades-cite-scolaire-jules-ferry-8-2048x1542.jpg 2048w\" sizes=\"(max-width: 1024px) 100vw, 1024px\" \/><\/p>\n<p><img decoding=\"async\" class=\"alignnone size-large wp-image-32544\" src=\"https:\/\/vosgesinfo.fr\/app\/uploads\/sites\/4\/2024\/04\/olympiades-cite-scolaire-jules-ferry-9-1024x771.jpg\" alt=\"\" width=\"1024\" height=\"771\" srcset=\"https:\/\/vosgesinfo.fr\/app\/uploads\/sites\/4\/2024\/04\/olympiades-cite-scolaire-jules-ferry-9-1024x771.jpg 1024w, https:\/\/vosgesinfo.fr\/app\/uploads\/sites\/4\/2024\/04\/olympiades-cite-scolaire-jules-ferry-9-300x226.jpg 300w, https:\/\/vosgesinfo.fr\/app\/uploads\/sites\/4\/2024\/04\/olympiades-cite-scolaire-jules-ferry-9-768x578.jpg 768w, https:\/\/vosgesinfo.fr\/app\/uploads\/sites\/4\/2024\/04\/olympiades-cite-scolaire-jules-ferry-9-1536x1157.jpg 1536w, https:\/\/vosgesinfo.fr\/app\/uploads\/sites\/4\/2024\/04\/olympiades-cite-scolaire-jules-ferry-9-2048x1542.jpg 2048w\" sizes=\"(max-width: 1024px) 100vw, 1024px\" \/><\/p>\n<p>&nbsp;<\/p>\n","protected":false},"excerpt":{"rendered":"<p>En marge des Jeux Olympiques et Paralympiques de Paris 2024, et en parall\u00e8le du \u00ab\u00a0D\u00e9fi 2024 km\u00a0\u00bb au parc Jean-Mansuy, [&hellip;]<\/p>\n","protected":false},"author":46,"featured_media":32536,"comment_status":"open","ping_status":"open","sticky":false,"template":"","format":"standard","meta":{"footnotes":""},"categories":[460,6,167,14],"tags":[3352,3585,5879,4291],"class_list":["post-32534","post","type-post","status-publish","format-standard","has-post-thumbnail","hentry","category-a-la-une","category-education","category-saint-die-des-vosges","category-sport","tag-cite-scolaire-jules-ferry","tag-jeux-olympiques-et-paralympiques-de-paris-2024","tag-olympiades-de-la-cite-scolaire-jules-ferry","tag-paris-2024"],"acf":[],"yoast_head":"<!-- This site is optimized with the Yoast SEO plugin v22.5 - https:\/\/yoast.com\/wordpress\/plugins\/seo\/ -->\n<title>La Cit\u00e9 Scolaire Jules-Ferry fait ses Olympiades - Saint Die Info<\/title>\n<meta name=\"robots\" content=\"index, follow, max-snippet:-1, max-image-preview:large, max-video-preview:-1\" \/>\n<link rel=\"canonical\" href=\"https:\/\/vosgesinfo.fr\/saintdieinfo\/2024\/04\/la-cite-scolaire-jules-ferry-fait-ses-olympiades\/\" \/>\n<meta name=\"twitter:card\" content=\"summary_large_image\" \/>\n<meta name=\"twitter:title\" content=\"La Cit\u00e9 Scolaire Jules-Ferry fait ses Olympiades - Saint Die Info\" \/>\n<meta name=\"twitter:description\" content=\"En marge des Jeux Olympiques et Paralympiques de Paris 2024, et en parall\u00e8le du \u00ab\u00a0D\u00e9fi 2024 km\u00a0\u00bb au parc Jean-Mansuy, [&hellip;]\" \/>\n<meta name=\"twitter:image\" content=\"https:\/\/vosgesinfo.fr\/app\/uploads\/sites\/4\/2024\/04\/olympiades-cite-scolaire-jules-ferry-1-scaled.jpg\" \/>\n<meta name=\"twitter:creator\" content=\"@VosgesInfo88\" \/>\n<meta name=\"twitter:site\" content=\"@VosgesInfo88\" \/>\n<meta name=\"twitter:label1\" content=\"\u00c9crit par\" \/>\n\t<meta name=\"twitter:data1\" content=\"J.J.\" \/>\n\t<meta name=\"twitter:label2\" content=\"Dur\u00e9e de lecture estim\u00e9e\" \/>\n\t<meta name=\"twitter:data2\" content=\"2 minutes\" \/>\n<script type=\"application\/ld+json\" class=\"yoast-schema-graph\">{\"@context\":\"https:\/\/schema.org\",\"@graph\":[{\"@type\":\"Article\",\"@id\":\"https:\/\/vosgesinfo.fr\/saintdieinfo\/2024\/04\/la-cite-scolaire-jules-ferry-fait-ses-olympiades\/#article\",\"isPartOf\":{\"@id\":\"https:\/\/vosgesinfo.fr\/saintdieinfo\/2024\/04\/la-cite-scolaire-jules-ferry-fait-ses-olympiades\/\"},\"author\":{\"name\":\"J.J.\",\"@id\":\"https:\/\/vosgesinfo.fr\/saintdieinfo\/#\/schema\/person\/fa73e9f726d67bb88f46d5b7943cb572\"},\"headline\":\"La Cit\u00e9 Scolaire Jules-Ferry fait ses Olympiades\",\"datePublished\":\"2024-04-12T12:41:53+00:00\",\"dateModified\":\"2024-04-12T12:41:53+00:00\",\"mainEntityOfPage\":{\"@id\":\"https:\/\/vosgesinfo.fr\/saintdieinfo\/2024\/04\/la-cite-scolaire-jules-ferry-fait-ses-olympiades\/\"},\"wordCount\":341,\"commentCount\":0,\"publisher\":{\"@id\":\"https:\/\/vosgesinfo.fr\/saintdieinfo\/#organization\"},\"image\":{\"@id\":\"https:\/\/vosgesinfo.fr\/saintdieinfo\/2024\/04\/la-cite-scolaire-jules-ferry-fait-ses-olympiades\/#primaryimage\"},\"thumbnailUrl\":\"https:\/\/vosgesinfo.fr\/app\/uploads\/sites\/4\/2024\/04\/olympiades-cite-scolaire-jules-ferry-1-scaled.jpg\",\"keywords\":[\"Cit\u00e9 scolaire Jules-Ferry\",\"Jeux Olympiques et Paralympiques de Paris 2024\",\"Olympiades de la Cit\u00e9 Scolaire Jules-Ferry\",\"Paris 2024\"],\"articleSection\":[\"A la Une\",\"\u00c9ducation\",\"Saint-Di\u00e9-des-Vosges\",\"Sport\"],\"inLanguage\":\"fr-FR\",\"potentialAction\":[{\"@type\":\"CommentAction\",\"name\":\"Comment\",\"target\":[\"https:\/\/vosgesinfo.fr\/saintdieinfo\/2024\/04\/la-cite-scolaire-jules-ferry-fait-ses-olympiades\/#respond\"]}]},{\"@type\":\"WebPage\",\"@id\":\"https:\/\/vosgesinfo.fr\/saintdieinfo\/2024\/04\/la-cite-scolaire-jules-ferry-fait-ses-olympiades\/\",\"url\":\"https:\/\/vosgesinfo.fr\/saintdieinfo\/2024\/04\/la-cite-scolaire-jules-ferry-fait-ses-olympiades\/\",\"name\":\"La Cit\u00e9 Scolaire Jules-Ferry fait ses Olympiades - Saint Die Info\",\"isPartOf\":{\"@id\":\"https:\/\/vosgesinfo.fr\/saintdieinfo\/#website\"},\"primaryImageOfPage\":{\"@id\":\"https:\/\/vosgesinfo.fr\/saintdieinfo\/2024\/04\/la-cite-scolaire-jules-ferry-fait-ses-olympiades\/#primaryimage\"},\"image\":{\"@id\":\"https:\/\/vosgesinfo.fr\/saintdieinfo\/2024\/04\/la-cite-scolaire-jules-ferry-fait-ses-olympiades\/#primaryimage\"},\"thumbnailUrl\":\"https:\/\/vosgesinfo.fr\/app\/uploads\/sites\/4\/2024\/04\/olympiades-cite-scolaire-jules-ferry-1-scaled.jpg\",\"datePublished\":\"2024-04-12T12:41:53+00:00\",\"dateModified\":\"2024-04-12T12:41:53+00:00\",\"breadcrumb\":{\"@id\":\"https:\/\/vosgesinfo.fr\/saintdieinfo\/2024\/04\/la-cite-scolaire-jules-ferry-fait-ses-olympiades\/#breadcrumb\"},\"inLanguage\":\"fr-FR\",\"potentialAction\":[{\"@type\":\"ReadAction\",\"target\":[\"https:\/\/vosgesinfo.fr\/saintdieinfo\/2024\/04\/la-cite-scolaire-jules-ferry-fait-ses-olympiades\/\"]}]},{\"@type\":\"ImageObject\",\"inLanguage\":\"fr-FR\",\"@id\":\"https:\/\/vosgesinfo.fr\/saintdieinfo\/2024\/04\/la-cite-scolaire-jules-ferry-fait-ses-olympiades\/#primaryimage\",\"url\":\"https:\/\/vosgesinfo.fr\/app\/uploads\/sites\/4\/2024\/04\/olympiades-cite-scolaire-jules-ferry-1-scaled.jpg\",\"contentUrl\":\"https:\/\/vosgesinfo.fr\/app\/uploads\/sites\/4\/2024\/04\/olympiades-cite-scolaire-jules-ferry-1-scaled.jpg\",\"width\":2560,\"height\":1928},{\"@type\":\"BreadcrumbList\",\"@id\":\"https:\/\/vosgesinfo.fr\/saintdieinfo\/2024\/04\/la-cite-scolaire-jules-ferry-fait-ses-olympiades\/#breadcrumb\",\"itemListElement\":[{\"@type\":\"ListItem\",\"position\":1,\"name\":\"Home\",\"item\":\"https:\/\/vosgesinfo.fr\/saintdieinfo\/\"},{\"@type\":\"ListItem\",\"position\":2,\"name\":\"La Cit\u00e9 Scolaire Jules-Ferry fait ses Olympiades\"}]},{\"@type\":\"WebSite\",\"@id\":\"https:\/\/vosgesinfo.fr\/saintdieinfo\/#website\",\"url\":\"https:\/\/vosgesinfo.fr\/saintdieinfo\/\",\"name\":\"Saint Die Info\",\"description\":\"Toute l&#039;actualit\u00e9 de Saint-Di\u00e9-Des-Vosges\",\"publisher\":{\"@id\":\"https:\/\/vosgesinfo.fr\/saintdieinfo\/#organization\"},\"alternateName\":\"Toute l'actualit\u00e9 de Saint-Di\u00e9-Des-Vosges\",\"potentialAction\":[{\"@type\":\"SearchAction\",\"target\":{\"@type\":\"EntryPoint\",\"urlTemplate\":\"https:\/\/vosgesinfo.fr\/saintdieinfo\/?s={search_term_string}\"},\"query-input\":\"required name=search_term_string\"}],\"inLanguage\":\"fr-FR\"},{\"@type\":\"Organization\",\"@id\":\"https:\/\/vosgesinfo.fr\/saintdieinfo\/#organization\",\"name\":\"Saint Die Info\",\"url\":\"https:\/\/vosgesinfo.fr\/saintdieinfo\/\",\"logo\":{\"@type\":\"ImageObject\",\"inLanguage\":\"fr-FR\",\"@id\":\"https:\/\/vosgesinfo.fr\/saintdieinfo\/#\/schema\/logo\/image\/\",\"url\":\"https:\/\/vosgesinfo.fr\/app\/uploads\/sites\/4\/2024\/02\/logo-sdi.jpg\",\"contentUrl\":\"https:\/\/vosgesinfo.fr\/app\/uploads\/sites\/4\/2024\/02\/logo-sdi.jpg\",\"width\":600,\"height\":600,\"caption\":\"Saint Die Info\"},\"image\":{\"@id\":\"https:\/\/vosgesinfo.fr\/saintdieinfo\/#\/schema\/logo\/image\/\"},\"sameAs\":[\"https:\/\/www.facebook.com\/Saintdieinfofr\",\"https:\/\/x.com\/VosgesInfo88\",\"https:\/\/www.youtube.com\/@vosgesinfo\"]},{\"@type\":\"Person\",\"@id\":\"https:\/\/vosgesinfo.fr\/saintdieinfo\/#\/schema\/person\/fa73e9f726d67bb88f46d5b7943cb572\",\"name\":\"J.J.\",\"image\":{\"@type\":\"ImageObject\",\"inLanguage\":\"fr-FR\",\"@id\":\"https:\/\/vosgesinfo.fr\/saintdieinfo\/#\/schema\/person\/image\/\",\"url\":\"https:\/\/secure.gravatar.com\/avatar\/219e749e47ffbcca018a360ae4add7d4cdf1cdaaf8bc7676b27efade3fe65615?s=96&d=mm&r=g\",\"contentUrl\":\"https:\/\/secure.gravatar.com\/avatar\/219e749e47ffbcca018a360ae4add7d4cdf1cdaaf8bc7676b27efade3fe65615?s=96&d=mm&r=g\",\"caption\":\"J.J.\"},\"url\":\"https:\/\/vosgesinfo.fr\/saintdieinfo\/author\/j-j\/\"}]}<\/script>\n<!-- \/ Yoast SEO plugin. -->","yoast_head_json":{"title":"La Cit\u00e9 Scolaire Jules-Ferry fait ses Olympiades - Saint Die Info","robots":{"index":"index","follow":"follow","max-snippet":"max-snippet:-1","max-image-preview":"max-image-preview:large","max-video-preview":"max-video-preview:-1"},"canonical":"https:\/\/vosgesinfo.fr\/saintdieinfo\/2024\/04\/la-cite-scolaire-jules-ferry-fait-ses-olympiades\/","twitter_card":"summary_large_image","twitter_title":"La Cit\u00e9 Scolaire Jules-Ferry fait ses Olympiades - Saint Die Info","twitter_description":"En marge des Jeux Olympiques et Paralympiques de Paris 2024, et en parall\u00e8le du \u00ab\u00a0D\u00e9fi 2024 km\u00a0\u00bb au parc Jean-Mansuy, [&hellip;]","twitter_image":"https:\/\/vosgesinfo.fr\/app\/uploads\/sites\/4\/2024\/04\/olympiades-cite-scolaire-jules-ferry-1-scaled.jpg","twitter_creator":"@VosgesInfo88","twitter_site":"@VosgesInfo88","twitter_misc":{"\u00c9crit par":"J.J.","Dur\u00e9e de lecture estim\u00e9e":"2 minutes"},"schema":{"@context":"https:\/\/schema.org","@graph":[{"@type":"Article","@id":"https:\/\/vosgesinfo.fr\/saintdieinfo\/2024\/04\/la-cite-scolaire-jules-ferry-fait-ses-olympiades\/#article","isPartOf":{"@id":"https:\/\/vosgesinfo.fr\/saintdieinfo\/2024\/04\/la-cite-scolaire-jules-ferry-fait-ses-olympiades\/"},"author":{"name":"J.J.","@id":"https:\/\/vosgesinfo.fr\/saintdieinfo\/#\/schema\/person\/fa73e9f726d67bb88f46d5b7943cb572"},"headline":"La Cit\u00e9 Scolaire Jules-Ferry fait ses Olympiades","datePublished":"2024-04-12T12:41:53+00:00","dateModified":"2024-04-12T12:41:53+00:00","mainEntityOfPage":{"@id":"https:\/\/vosgesinfo.fr\/saintdieinfo\/2024\/04\/la-cite-scolaire-jules-ferry-fait-ses-olympiades\/"},"wordCount":341,"commentCount":0,"publisher":{"@id":"https:\/\/vosgesinfo.fr\/saintdieinfo\/#organization"},"image":{"@id":"https:\/\/vosgesinfo.fr\/saintdieinfo\/2024\/04\/la-cite-scolaire-jules-ferry-fait-ses-olympiades\/#primaryimage"},"thumbnailUrl":"https:\/\/vosgesinfo.fr\/app\/uploads\/sites\/4\/2024\/04\/olympiades-cite-scolaire-jules-ferry-1-scaled.jpg","keywords":["Cit\u00e9 scolaire Jules-Ferry","Jeux Olympiques et Paralympiques de Paris 2024","Olympiades de la Cit\u00e9 Scolaire Jules-Ferry","Paris 2024"],"articleSection":["A la Une","\u00c9ducation","Saint-Di\u00e9-des-Vosges","Sport"],"inLanguage":"fr-FR","potentialAction":[{"@type":"CommentAction","name":"Comment","target":["https:\/\/vosgesinfo.fr\/saintdieinfo\/2024\/04\/la-cite-scolaire-jules-ferry-fait-ses-olympiades\/#respond"]}]},{"@type":"WebPage","@id":"https:\/\/vosgesinfo.fr\/saintdieinfo\/2024\/04\/la-cite-scolaire-jules-ferry-fait-ses-olympiades\/","url":"https:\/\/vosgesinfo.fr\/saintdieinfo\/2024\/04\/la-cite-scolaire-jules-ferry-fait-ses-olympiades\/","name":"La Cit\u00e9 Scolaire Jules-Ferry fait ses Olympiades - Saint Die Info","isPartOf":{"@id":"https:\/\/vosgesinfo.fr\/saintdieinfo\/#website"},"primaryImageOfPage":{"@id":"https:\/\/vosgesinfo.fr\/saintdieinfo\/2024\/04\/la-cite-scolaire-jules-ferry-fait-ses-olympiades\/#primaryimage"},"image":{"@id":"https:\/\/vosgesinfo.fr\/saintdieinfo\/2024\/04\/la-cite-scolaire-jules-ferry-fait-ses-olympiades\/#primaryimage"},"thumbnailUrl":"https:\/\/vosgesinfo.fr\/app\/uploads\/sites\/4\/2024\/04\/olympiades-cite-scolaire-jules-ferry-1-scaled.jpg","datePublished":"2024-04-12T12:41:53+00:00","dateModified":"2024-04-12T12:41:53+00:00","breadcrumb":{"@id":"https:\/\/vosgesinfo.fr\/saintdieinfo\/2024\/04\/la-cite-scolaire-jules-ferry-fait-ses-olympiades\/#breadcrumb"},"inLanguage":"fr-FR","potentialAction":[{"@type":"ReadAction","target":["https:\/\/vosgesinfo.fr\/saintdieinfo\/2024\/04\/la-cite-scolaire-jules-ferry-fait-ses-olympiades\/"]}]},{"@type":"ImageObject","inLanguage":"fr-FR","@id":"https:\/\/vosgesinfo.fr\/saintdieinfo\/2024\/04\/la-cite-scolaire-jules-ferry-fait-ses-olympiades\/#primaryimage","url":"https:\/\/vosgesinfo.fr\/app\/uploads\/sites\/4\/2024\/04\/olympiades-cite-scolaire-jules-ferry-1-scaled.jpg","contentUrl":"https:\/\/vosgesinfo.fr\/app\/uploads\/sites\/4\/2024\/04\/olympiades-cite-scolaire-jules-ferry-1-scaled.jpg","width":2560,"height":1928},{"@type":"BreadcrumbList","@id":"https:\/\/vosgesinfo.fr\/saintdieinfo\/2024\/04\/la-cite-scolaire-jules-ferry-fait-ses-olympiades\/#breadcrumb","itemListElement":[{"@type":"ListItem","position":1,"name":"Home","item":"https:\/\/vosgesinfo.fr\/saintdieinfo\/"},{"@type":"ListItem","position":2,"name":"La Cit\u00e9 Scolaire Jules-Ferry fait ses Olympiades"}]},{"@type":"WebSite","@id":"https:\/\/vosgesinfo.fr\/saintdieinfo\/#website","url":"https:\/\/vosgesinfo.fr\/saintdieinfo\/","name":"Saint Die Info","description":"Toute l&#039;actualit\u00e9 de Saint-Di\u00e9-Des-Vosges","publisher":{"@id":"https:\/\/vosgesinfo.fr\/saintdieinfo\/#organization"},"alternateName":"Toute l'actualit\u00e9 de Saint-Di\u00e9-Des-Vosges","potentialAction":[{"@type":"SearchAction","target":{"@type":"EntryPoint","urlTemplate":"https:\/\/vosgesinfo.fr\/saintdieinfo\/?s={search_term_string}"},"query-input":"required name=search_term_string"}],"inLanguage":"fr-FR"},{"@type":"Organization","@id":"https:\/\/vosgesinfo.fr\/saintdieinfo\/#organization","name":"Saint Die Info","url":"https:\/\/vosgesinfo.fr\/saintdieinfo\/","logo":{"@type":"ImageObject","inLanguage":"fr-FR","@id":"https:\/\/vosgesinfo.fr\/saintdieinfo\/#\/schema\/logo\/image\/","url":"https:\/\/vosgesinfo.fr\/app\/uploads\/sites\/4\/2024\/02\/logo-sdi.jpg","contentUrl":"https:\/\/vosgesinfo.fr\/app\/uploads\/sites\/4\/2024\/02\/logo-sdi.jpg","width":600,"height":600,"caption":"Saint Die Info"},"image":{"@id":"https:\/\/vosgesinfo.fr\/saintdieinfo\/#\/schema\/logo\/image\/"},"sameAs":["https:\/\/www.facebook.com\/Saintdieinfofr","https:\/\/x.com\/VosgesInfo88","https:\/\/www.youtube.com\/@vosgesinfo"]},{"@type":"Person","@id":"https:\/\/vosgesinfo.fr\/saintdieinfo\/#\/schema\/person\/fa73e9f726d67bb88f46d5b7943cb572","name":"J.J.","image":{"@type":"ImageObject","inLanguage":"fr-FR","@id":"https:\/\/vosgesinfo.fr\/saintdieinfo\/#\/schema\/person\/image\/","url":"https:\/\/secure.gravatar.com\/avatar\/219e749e47ffbcca018a360ae4add7d4cdf1cdaaf8bc7676b27efade3fe65615?s=96&d=mm&r=g","contentUrl":"https:\/\/secure.gravatar.com\/avatar\/219e749e47ffbcca018a360ae4add7d4cdf1cdaaf8bc7676b27efade3fe65615?s=96&d=mm&r=g","caption":"J.J."},"url":"https:\/\/vosgesinfo.fr\/saintdieinfo\/author\/j-j\/"}]}},"_links":{"self":[{"href":"https:\/\/vosgesinfo.fr\/saintdieinfo\/wp-json\/wp\/v2\/posts\/32534","targetHints":{"allow":["GET"]}}],"collection":[{"href":"https:\/\/vosgesinfo.fr\/saintdieinfo\/wp-json\/wp\/v2\/posts"}],"about":[{"href":"https:\/\/vosgesinfo.fr\/saintdieinfo\/wp-json\/wp\/v2\/types\/post"}],"author":[{"embeddable":true,"href":"https:\/\/vosgesinfo.fr\/saintdieinfo\/wp-json\/wp\/v2\/users\/46"}],"replies":[{"embeddable":true,"href":"https:\/\/vosgesinfo.fr\/saintdieinfo\/wp-json\/wp\/v2\/comments?post=32534"}],"version-history":[{"count":2,"href":"https:\/\/vosgesinfo.fr\/saintdieinfo\/wp-json\/wp\/v2\/posts\/32534\/revisions"}],"predecessor-version":[{"id":32546,"href":"https:\/\/vosgesinfo.fr\/saintdieinfo\/wp-json\/wp\/v2\/posts\/32534\/revisions\/32546"}],"wp:featuredmedia":[{"embeddable":true,"href":"https:\/\/vosgesinfo.fr\/saintdieinfo\/wp-json\/wp\/v2\/media\/32536"}],"wp:attachment":[{"href":"https:\/\/vosgesinfo.fr\/saintdieinfo\/wp-json\/wp\/v2\/media?parent=32534"}],"wp:term":[{"taxonomy":"category","embeddable":true,"href":"https:\/\/vosgesinfo.fr\/saintdieinfo\/wp-json\/wp\/v2\/categories?post=32534"},{"taxonomy":"post_tag","embeddable":true,"href":"https:\/\/vosgesinfo.fr\/saintdieinfo\/wp-json\/wp\/v2\/tags?post=32534"}],"curies":[{"name":"wp","href":"https:\/\/api.w.org\/{rel}","templated":true}]}}