{"id":32557,"date":"2024-04-13T07:00:18","date_gmt":"2024-04-13T05:00:18","guid":{"rendered":"https:\/\/vosgesinfo.fr\/saintdieinfo\/?p=32557"},"modified":"2024-04-12T17:11:48","modified_gmt":"2024-04-12T15:11:48","slug":"une-piece-de-theatre-pour-sensibiliser-a-la-sante-mentale-des-adolescents","status":"publish","type":"post","link":"https:\/\/vosgesinfo.fr\/saintdieinfo\/2024\/04\/une-piece-de-theatre-pour-sensibiliser-a-la-sante-mentale-des-adolescents\/","title":{"rendered":"Une pi\u00e8ce de th\u00e9\u00e2tre pour sensibiliser \u00e0 la sant\u00e9 mentale des adolescents"},"content":{"rendered":"<p><img decoding=\"async\" class=\"alignnone size-large wp-image-32559\" src=\"https:\/\/vosgesinfo.fr\/app\/uploads\/sites\/4\/2024\/04\/theatre-sante-mentale-ados-2-1024x768.jpg\" alt=\"\" width=\"1024\" height=\"768\" srcset=\"https:\/\/vosgesinfo.fr\/app\/uploads\/sites\/4\/2024\/04\/theatre-sante-mentale-ados-2-1024x768.jpg 1024w, https:\/\/vosgesinfo.fr\/app\/uploads\/sites\/4\/2024\/04\/theatre-sante-mentale-ados-2-300x225.jpg 300w, https:\/\/vosgesinfo.fr\/app\/uploads\/sites\/4\/2024\/04\/theatre-sante-mentale-ados-2-768x576.jpg 768w, https:\/\/vosgesinfo.fr\/app\/uploads\/sites\/4\/2024\/04\/theatre-sante-mentale-ados-2.jpg 1080w\" sizes=\"(max-width: 1024px) 100vw, 1024px\" \/><\/p>\n<h2>La crise d&rsquo;adolescence n&rsquo;en est parfois pas une. Mal-\u00eatre profond, d\u00e9pression, l&rsquo;adolescent souffre parfois en silence sans \u00eatre compris. C&rsquo;est pour aborder cette th\u00e9matique loin d&rsquo;\u00eatre \u00e9vidente \u00e0 retranscrire sur sc\u00e8ne que la compagnie \u00ab Les Ptites Griottes \u00bb pr\u00e9sentait ce vendredi, \u00e0 la salle Fran\u00e7ois-Chol\u00e9 du mus\u00e9e Pierre-No\u00ebl, 3 repr\u00e9sentations de la pi\u00e8ce \u00ab On n&rsquo;est pas s\u00e9rieux quand on a 17 ans \u00bb, \u00e9crite par Nathalie Becker et mise en sc\u00e8ne par V\u00e9ronique Balmen.<\/h2>\n<p><!--more--><\/p>\n<p>Suicide, addictions, harc\u00e8lement, d\u00e9socialisation, isolement, r\u00e9seaux sociaux&#8230; la pi\u00e8ce aborde tout cela \u00e0 la fois, \u00e0 travers le personnage de Tristan, qui livre aux spectateurs son v\u00e9cu et son angoisses existentielles. Le fil rouge de \u00ab\u00a0On n&rsquo;est pas s\u00e9rieux quand on a 17 ans\u00a0\u00bb \u00e9tant la question\u00a0: \u00ab\u00a0Comment dissocier la crise d&rsquo;adolescence et un mal-\u00eatre profond\u00a0?\u00a0\u00bb<\/p>\n<p>C&rsquo;est dans le cadre du Contrat Local de Sant\u00e9, la Communaut\u00e9 d&rsquo;Agglom\u00e9ration de Saint-Di\u00e9-des-Vosges, le Groupement de Sant\u00e9 Mentale des Vosges, le \u00ab 3114 \u00bb, \u00ab Bipolaire si tu savais \u00bb, \u00ab Comp\u00e9tences Hexagonales \u00bb, la Mission Locale et la CH Ravenel que cette triple repr\u00e9sentation \u00e9tait organis\u00e9e \u00e0 Saint-Di\u00e9-des-Vosges. Pour les publics scolaires pour 2 d&rsquo;entre elles, pour tout public hier soir \u00e0 20h.<\/p>\n<p>J.J.<\/p>\n<p><img decoding=\"async\" class=\"alignnone size-large wp-image-32558\" src=\"https:\/\/vosgesinfo.fr\/app\/uploads\/sites\/4\/2024\/04\/theatre-sante-mentale-ados-1-1024x768.jpg\" alt=\"\" width=\"1024\" height=\"768\" srcset=\"https:\/\/vosgesinfo.fr\/app\/uploads\/sites\/4\/2024\/04\/theatre-sante-mentale-ados-1-1024x768.jpg 1024w, https:\/\/vosgesinfo.fr\/app\/uploads\/sites\/4\/2024\/04\/theatre-sante-mentale-ados-1-300x225.jpg 300w, https:\/\/vosgesinfo.fr\/app\/uploads\/sites\/4\/2024\/04\/theatre-sante-mentale-ados-1-768x576.jpg 768w, https:\/\/vosgesinfo.fr\/app\/uploads\/sites\/4\/2024\/04\/theatre-sante-mentale-ados-1.jpg 1080w\" sizes=\"(max-width: 1024px) 100vw, 1024px\" \/><\/p>\n","protected":false},"excerpt":{"rendered":"<p>La crise d&rsquo;adolescence n&rsquo;en est parfois pas une. Mal-\u00eatre profond, d\u00e9pression, l&rsquo;adolescent souffre parfois en silence sans \u00eatre compris. C&rsquo;est [&hellip;]<\/p>\n","protected":false},"author":46,"featured_media":32559,"comment_status":"open","ping_status":"open","sticky":false,"template":"","format":"standard","meta":{"footnotes":""},"categories":[460,6,167,4152],"tags":[5884,3333,5867,5864,5865,5883],"class_list":["post-32557","post","type-post","status-publish","format-standard","has-post-thumbnail","hentry","category-a-la-une","category-education","category-saint-die-des-vosges","category-sante","tag-les-ptites-griottes","tag-musee-pierre-noel","tag-nathalie-becker","tag-on-nest-pas-serieux-quand-on-a-17-ans","tag-sante-mentale-des-adolescents","tag-veronique-balmen"],"acf":[],"yoast_head":"<!-- This site is optimized with the Yoast SEO plugin v22.5 - https:\/\/yoast.com\/wordpress\/plugins\/seo\/ -->\n<title>Une pi\u00e8ce de th\u00e9\u00e2tre pour sensibiliser \u00e0 la sant\u00e9 mentale des adolescents - Saint Die Info<\/title>\n<meta name=\"robots\" content=\"index, follow, max-snippet:-1, max-image-preview:large, max-video-preview:-1\" \/>\n<link rel=\"canonical\" href=\"https:\/\/vosgesinfo.fr\/saintdieinfo\/2024\/04\/une-piece-de-theatre-pour-sensibiliser-a-la-sante-mentale-des-adolescents\/\" \/>\n<meta name=\"twitter:card\" content=\"summary_large_image\" \/>\n<meta name=\"twitter:title\" content=\"Une pi\u00e8ce de th\u00e9\u00e2tre pour sensibiliser \u00e0 la sant\u00e9 mentale des adolescents - Saint Die Info\" \/>\n<meta name=\"twitter:description\" content=\"La crise d&rsquo;adolescence n&rsquo;en est parfois pas une. Mal-\u00eatre profond, d\u00e9pression, l&rsquo;adolescent souffre parfois en silence sans \u00eatre compris. C&rsquo;est [&hellip;]\" \/>\n<meta name=\"twitter:image\" content=\"https:\/\/vosgesinfo.fr\/app\/uploads\/sites\/4\/2024\/04\/theatre-sante-mentale-ados-2.jpg\" \/>\n<meta name=\"twitter:creator\" content=\"@VosgesInfo88\" \/>\n<meta name=\"twitter:site\" content=\"@VosgesInfo88\" \/>\n<meta name=\"twitter:label1\" content=\"\u00c9crit par\" \/>\n\t<meta name=\"twitter:data1\" content=\"J.J.\" \/>\n\t<meta name=\"twitter:label2\" content=\"Dur\u00e9e de lecture estim\u00e9e\" \/>\n\t<meta name=\"twitter:data2\" content=\"1 minute\" \/>\n<script type=\"application\/ld+json\" class=\"yoast-schema-graph\">{\"@context\":\"https:\/\/schema.org\",\"@graph\":[{\"@type\":\"Article\",\"@id\":\"https:\/\/vosgesinfo.fr\/saintdieinfo\/2024\/04\/une-piece-de-theatre-pour-sensibiliser-a-la-sante-mentale-des-adolescents\/#article\",\"isPartOf\":{\"@id\":\"https:\/\/vosgesinfo.fr\/saintdieinfo\/2024\/04\/une-piece-de-theatre-pour-sensibiliser-a-la-sante-mentale-des-adolescents\/\"},\"author\":{\"name\":\"J.J.\",\"@id\":\"https:\/\/vosgesinfo.fr\/saintdieinfo\/#\/schema\/person\/fa73e9f726d67bb88f46d5b7943cb572\"},\"headline\":\"Une pi\u00e8ce de th\u00e9\u00e2tre pour sensibiliser \u00e0 la sant\u00e9 mentale des adolescents\",\"datePublished\":\"2024-04-13T05:00:18+00:00\",\"dateModified\":\"2024-04-12T15:11:48+00:00\",\"mainEntityOfPage\":{\"@id\":\"https:\/\/vosgesinfo.fr\/saintdieinfo\/2024\/04\/une-piece-de-theatre-pour-sensibiliser-a-la-sante-mentale-des-adolescents\/\"},\"wordCount\":228,\"commentCount\":0,\"publisher\":{\"@id\":\"https:\/\/vosgesinfo.fr\/saintdieinfo\/#organization\"},\"image\":{\"@id\":\"https:\/\/vosgesinfo.fr\/saintdieinfo\/2024\/04\/une-piece-de-theatre-pour-sensibiliser-a-la-sante-mentale-des-adolescents\/#primaryimage\"},\"thumbnailUrl\":\"https:\/\/vosgesinfo.fr\/app\/uploads\/sites\/4\/2024\/04\/theatre-sante-mentale-ados-2.jpg\",\"keywords\":[\"Les Ptites Griottes\",\"Mus\u00e9e Pierre-No\u00ebl\",\"Nathalie Becker\",\"On n'est pas s\u00e9rieux quand on a 17 ans\",\"Sant\u00e9 mentale des adolescents\",\"V\u00e9ronique Balmen\"],\"articleSection\":[\"A la Une\",\"\u00c9ducation\",\"Saint-Di\u00e9-des-Vosges\",\"Sant\u00e9\"],\"inLanguage\":\"fr-FR\",\"potentialAction\":[{\"@type\":\"CommentAction\",\"name\":\"Comment\",\"target\":[\"https:\/\/vosgesinfo.fr\/saintdieinfo\/2024\/04\/une-piece-de-theatre-pour-sensibiliser-a-la-sante-mentale-des-adolescents\/#respond\"]}]},{\"@type\":\"WebPage\",\"@id\":\"https:\/\/vosgesinfo.fr\/saintdieinfo\/2024\/04\/une-piece-de-theatre-pour-sensibiliser-a-la-sante-mentale-des-adolescents\/\",\"url\":\"https:\/\/vosgesinfo.fr\/saintdieinfo\/2024\/04\/une-piece-de-theatre-pour-sensibiliser-a-la-sante-mentale-des-adolescents\/\",\"name\":\"Une pi\u00e8ce de th\u00e9\u00e2tre pour sensibiliser \u00e0 la sant\u00e9 mentale des adolescents - Saint Die Info\",\"isPartOf\":{\"@id\":\"https:\/\/vosgesinfo.fr\/saintdieinfo\/#website\"},\"primaryImageOfPage\":{\"@id\":\"https:\/\/vosgesinfo.fr\/saintdieinfo\/2024\/04\/une-piece-de-theatre-pour-sensibiliser-a-la-sante-mentale-des-adolescents\/#primaryimage\"},\"image\":{\"@id\":\"https:\/\/vosgesinfo.fr\/saintdieinfo\/2024\/04\/une-piece-de-theatre-pour-sensibiliser-a-la-sante-mentale-des-adolescents\/#primaryimage\"},\"thumbnailUrl\":\"https:\/\/vosgesinfo.fr\/app\/uploads\/sites\/4\/2024\/04\/theatre-sante-mentale-ados-2.jpg\",\"datePublished\":\"2024-04-13T05:00:18+00:00\",\"dateModified\":\"2024-04-12T15:11:48+00:00\",\"breadcrumb\":{\"@id\":\"https:\/\/vosgesinfo.fr\/saintdieinfo\/2024\/04\/une-piece-de-theatre-pour-sensibiliser-a-la-sante-mentale-des-adolescents\/#breadcrumb\"},\"inLanguage\":\"fr-FR\",\"potentialAction\":[{\"@type\":\"ReadAction\",\"target\":[\"https:\/\/vosgesinfo.fr\/saintdieinfo\/2024\/04\/une-piece-de-theatre-pour-sensibiliser-a-la-sante-mentale-des-adolescents\/\"]}]},{\"@type\":\"ImageObject\",\"inLanguage\":\"fr-FR\",\"@id\":\"https:\/\/vosgesinfo.fr\/saintdieinfo\/2024\/04\/une-piece-de-theatre-pour-sensibiliser-a-la-sante-mentale-des-adolescents\/#primaryimage\",\"url\":\"https:\/\/vosgesinfo.fr\/app\/uploads\/sites\/4\/2024\/04\/theatre-sante-mentale-ados-2.jpg\",\"contentUrl\":\"https:\/\/vosgesinfo.fr\/app\/uploads\/sites\/4\/2024\/04\/theatre-sante-mentale-ados-2.jpg\",\"width\":1080,\"height\":810},{\"@type\":\"BreadcrumbList\",\"@id\":\"https:\/\/vosgesinfo.fr\/saintdieinfo\/2024\/04\/une-piece-de-theatre-pour-sensibiliser-a-la-sante-mentale-des-adolescents\/#breadcrumb\",\"itemListElement\":[{\"@type\":\"ListItem\",\"position\":1,\"name\":\"Home\",\"item\":\"https:\/\/vosgesinfo.fr\/saintdieinfo\/\"},{\"@type\":\"ListItem\",\"position\":2,\"name\":\"Une pi\u00e8ce de th\u00e9\u00e2tre pour sensibiliser \u00e0 la sant\u00e9 mentale des adolescents\"}]},{\"@type\":\"WebSite\",\"@id\":\"https:\/\/vosgesinfo.fr\/saintdieinfo\/#website\",\"url\":\"https:\/\/vosgesinfo.fr\/saintdieinfo\/\",\"name\":\"Saint Die Info\",\"description\":\"Toute l&#039;actualit\u00e9 de Saint-Di\u00e9-Des-Vosges\",\"publisher\":{\"@id\":\"https:\/\/vosgesinfo.fr\/saintdieinfo\/#organization\"},\"alternateName\":\"Toute l'actualit\u00e9 de Saint-Di\u00e9-Des-Vosges\",\"potentialAction\":[{\"@type\":\"SearchAction\",\"target\":{\"@type\":\"EntryPoint\",\"urlTemplate\":\"https:\/\/vosgesinfo.fr\/saintdieinfo\/?s={search_term_string}\"},\"query-input\":\"required name=search_term_string\"}],\"inLanguage\":\"fr-FR\"},{\"@type\":\"Organization\",\"@id\":\"https:\/\/vosgesinfo.fr\/saintdieinfo\/#organization\",\"name\":\"Saint Die Info\",\"url\":\"https:\/\/vosgesinfo.fr\/saintdieinfo\/\",\"logo\":{\"@type\":\"ImageObject\",\"inLanguage\":\"fr-FR\",\"@id\":\"https:\/\/vosgesinfo.fr\/saintdieinfo\/#\/schema\/logo\/image\/\",\"url\":\"https:\/\/vosgesinfo.fr\/app\/uploads\/sites\/4\/2024\/02\/logo-sdi.jpg\",\"contentUrl\":\"https:\/\/vosgesinfo.fr\/app\/uploads\/sites\/4\/2024\/02\/logo-sdi.jpg\",\"width\":600,\"height\":600,\"caption\":\"Saint Die Info\"},\"image\":{\"@id\":\"https:\/\/vosgesinfo.fr\/saintdieinfo\/#\/schema\/logo\/image\/\"},\"sameAs\":[\"https:\/\/www.facebook.com\/Saintdieinfofr\",\"https:\/\/x.com\/VosgesInfo88\",\"https:\/\/www.youtube.com\/@vosgesinfo\"]},{\"@type\":\"Person\",\"@id\":\"https:\/\/vosgesinfo.fr\/saintdieinfo\/#\/schema\/person\/fa73e9f726d67bb88f46d5b7943cb572\",\"name\":\"J.J.\",\"image\":{\"@type\":\"ImageObject\",\"inLanguage\":\"fr-FR\",\"@id\":\"https:\/\/vosgesinfo.fr\/saintdieinfo\/#\/schema\/person\/image\/\",\"url\":\"https:\/\/secure.gravatar.com\/avatar\/219e749e47ffbcca018a360ae4add7d4cdf1cdaaf8bc7676b27efade3fe65615?s=96&d=mm&r=g\",\"contentUrl\":\"https:\/\/secure.gravatar.com\/avatar\/219e749e47ffbcca018a360ae4add7d4cdf1cdaaf8bc7676b27efade3fe65615?s=96&d=mm&r=g\",\"caption\":\"J.J.\"},\"url\":\"https:\/\/vosgesinfo.fr\/saintdieinfo\/author\/j-j\/\"}]}<\/script>\n<!-- \/ Yoast SEO plugin. -->","yoast_head_json":{"title":"Une pi\u00e8ce de th\u00e9\u00e2tre pour sensibiliser \u00e0 la sant\u00e9 mentale des adolescents - Saint Die Info","robots":{"index":"index","follow":"follow","max-snippet":"max-snippet:-1","max-image-preview":"max-image-preview:large","max-video-preview":"max-video-preview:-1"},"canonical":"https:\/\/vosgesinfo.fr\/saintdieinfo\/2024\/04\/une-piece-de-theatre-pour-sensibiliser-a-la-sante-mentale-des-adolescents\/","twitter_card":"summary_large_image","twitter_title":"Une pi\u00e8ce de th\u00e9\u00e2tre pour sensibiliser \u00e0 la sant\u00e9 mentale des adolescents - Saint Die Info","twitter_description":"La crise d&rsquo;adolescence n&rsquo;en est parfois pas une. Mal-\u00eatre profond, d\u00e9pression, l&rsquo;adolescent souffre parfois en silence sans \u00eatre compris. C&rsquo;est [&hellip;]","twitter_image":"https:\/\/vosgesinfo.fr\/app\/uploads\/sites\/4\/2024\/04\/theatre-sante-mentale-ados-2.jpg","twitter_creator":"@VosgesInfo88","twitter_site":"@VosgesInfo88","twitter_misc":{"\u00c9crit par":"J.J.","Dur\u00e9e de lecture estim\u00e9e":"1 minute"},"schema":{"@context":"https:\/\/schema.org","@graph":[{"@type":"Article","@id":"https:\/\/vosgesinfo.fr\/saintdieinfo\/2024\/04\/une-piece-de-theatre-pour-sensibiliser-a-la-sante-mentale-des-adolescents\/#article","isPartOf":{"@id":"https:\/\/vosgesinfo.fr\/saintdieinfo\/2024\/04\/une-piece-de-theatre-pour-sensibiliser-a-la-sante-mentale-des-adolescents\/"},"author":{"name":"J.J.","@id":"https:\/\/vosgesinfo.fr\/saintdieinfo\/#\/schema\/person\/fa73e9f726d67bb88f46d5b7943cb572"},"headline":"Une pi\u00e8ce de th\u00e9\u00e2tre pour sensibiliser \u00e0 la sant\u00e9 mentale des adolescents","datePublished":"2024-04-13T05:00:18+00:00","dateModified":"2024-04-12T15:11:48+00:00","mainEntityOfPage":{"@id":"https:\/\/vosgesinfo.fr\/saintdieinfo\/2024\/04\/une-piece-de-theatre-pour-sensibiliser-a-la-sante-mentale-des-adolescents\/"},"wordCount":228,"commentCount":0,"publisher":{"@id":"https:\/\/vosgesinfo.fr\/saintdieinfo\/#organization"},"image":{"@id":"https:\/\/vosgesinfo.fr\/saintdieinfo\/2024\/04\/une-piece-de-theatre-pour-sensibiliser-a-la-sante-mentale-des-adolescents\/#primaryimage"},"thumbnailUrl":"https:\/\/vosgesinfo.fr\/app\/uploads\/sites\/4\/2024\/04\/theatre-sante-mentale-ados-2.jpg","keywords":["Les Ptites Griottes","Mus\u00e9e Pierre-No\u00ebl","Nathalie Becker","On n'est pas s\u00e9rieux quand on a 17 ans","Sant\u00e9 mentale des adolescents","V\u00e9ronique Balmen"],"articleSection":["A la Une","\u00c9ducation","Saint-Di\u00e9-des-Vosges","Sant\u00e9"],"inLanguage":"fr-FR","potentialAction":[{"@type":"CommentAction","name":"Comment","target":["https:\/\/vosgesinfo.fr\/saintdieinfo\/2024\/04\/une-piece-de-theatre-pour-sensibiliser-a-la-sante-mentale-des-adolescents\/#respond"]}]},{"@type":"WebPage","@id":"https:\/\/vosgesinfo.fr\/saintdieinfo\/2024\/04\/une-piece-de-theatre-pour-sensibiliser-a-la-sante-mentale-des-adolescents\/","url":"https:\/\/vosgesinfo.fr\/saintdieinfo\/2024\/04\/une-piece-de-theatre-pour-sensibiliser-a-la-sante-mentale-des-adolescents\/","name":"Une pi\u00e8ce de th\u00e9\u00e2tre pour sensibiliser \u00e0 la sant\u00e9 mentale des adolescents - Saint Die Info","isPartOf":{"@id":"https:\/\/vosgesinfo.fr\/saintdieinfo\/#website"},"primaryImageOfPage":{"@id":"https:\/\/vosgesinfo.fr\/saintdieinfo\/2024\/04\/une-piece-de-theatre-pour-sensibiliser-a-la-sante-mentale-des-adolescents\/#primaryimage"},"image":{"@id":"https:\/\/vosgesinfo.fr\/saintdieinfo\/2024\/04\/une-piece-de-theatre-pour-sensibiliser-a-la-sante-mentale-des-adolescents\/#primaryimage"},"thumbnailUrl":"https:\/\/vosgesinfo.fr\/app\/uploads\/sites\/4\/2024\/04\/theatre-sante-mentale-ados-2.jpg","datePublished":"2024-04-13T05:00:18+00:00","dateModified":"2024-04-12T15:11:48+00:00","breadcrumb":{"@id":"https:\/\/vosgesinfo.fr\/saintdieinfo\/2024\/04\/une-piece-de-theatre-pour-sensibiliser-a-la-sante-mentale-des-adolescents\/#breadcrumb"},"inLanguage":"fr-FR","potentialAction":[{"@type":"ReadAction","target":["https:\/\/vosgesinfo.fr\/saintdieinfo\/2024\/04\/une-piece-de-theatre-pour-sensibiliser-a-la-sante-mentale-des-adolescents\/"]}]},{"@type":"ImageObject","inLanguage":"fr-FR","@id":"https:\/\/vosgesinfo.fr\/saintdieinfo\/2024\/04\/une-piece-de-theatre-pour-sensibiliser-a-la-sante-mentale-des-adolescents\/#primaryimage","url":"https:\/\/vosgesinfo.fr\/app\/uploads\/sites\/4\/2024\/04\/theatre-sante-mentale-ados-2.jpg","contentUrl":"https:\/\/vosgesinfo.fr\/app\/uploads\/sites\/4\/2024\/04\/theatre-sante-mentale-ados-2.jpg","width":1080,"height":810},{"@type":"BreadcrumbList","@id":"https:\/\/vosgesinfo.fr\/saintdieinfo\/2024\/04\/une-piece-de-theatre-pour-sensibiliser-a-la-sante-mentale-des-adolescents\/#breadcrumb","itemListElement":[{"@type":"ListItem","position":1,"name":"Home","item":"https:\/\/vosgesinfo.fr\/saintdieinfo\/"},{"@type":"ListItem","position":2,"name":"Une pi\u00e8ce de th\u00e9\u00e2tre pour sensibiliser \u00e0 la sant\u00e9 mentale des adolescents"}]},{"@type":"WebSite","@id":"https:\/\/vosgesinfo.fr\/saintdieinfo\/#website","url":"https:\/\/vosgesinfo.fr\/saintdieinfo\/","name":"Saint Die Info","description":"Toute l&#039;actualit\u00e9 de Saint-Di\u00e9-Des-Vosges","publisher":{"@id":"https:\/\/vosgesinfo.fr\/saintdieinfo\/#organization"},"alternateName":"Toute l'actualit\u00e9 de Saint-Di\u00e9-Des-Vosges","potentialAction":[{"@type":"SearchAction","target":{"@type":"EntryPoint","urlTemplate":"https:\/\/vosgesinfo.fr\/saintdieinfo\/?s={search_term_string}"},"query-input":"required name=search_term_string"}],"inLanguage":"fr-FR"},{"@type":"Organization","@id":"https:\/\/vosgesinfo.fr\/saintdieinfo\/#organization","name":"Saint Die Info","url":"https:\/\/vosgesinfo.fr\/saintdieinfo\/","logo":{"@type":"ImageObject","inLanguage":"fr-FR","@id":"https:\/\/vosgesinfo.fr\/saintdieinfo\/#\/schema\/logo\/image\/","url":"https:\/\/vosgesinfo.fr\/app\/uploads\/sites\/4\/2024\/02\/logo-sdi.jpg","contentUrl":"https:\/\/vosgesinfo.fr\/app\/uploads\/sites\/4\/2024\/02\/logo-sdi.jpg","width":600,"height":600,"caption":"Saint Die Info"},"image":{"@id":"https:\/\/vosgesinfo.fr\/saintdieinfo\/#\/schema\/logo\/image\/"},"sameAs":["https:\/\/www.facebook.com\/Saintdieinfofr","https:\/\/x.com\/VosgesInfo88","https:\/\/www.youtube.com\/@vosgesinfo"]},{"@type":"Person","@id":"https:\/\/vosgesinfo.fr\/saintdieinfo\/#\/schema\/person\/fa73e9f726d67bb88f46d5b7943cb572","name":"J.J.","image":{"@type":"ImageObject","inLanguage":"fr-FR","@id":"https:\/\/vosgesinfo.fr\/saintdieinfo\/#\/schema\/person\/image\/","url":"https:\/\/secure.gravatar.com\/avatar\/219e749e47ffbcca018a360ae4add7d4cdf1cdaaf8bc7676b27efade3fe65615?s=96&d=mm&r=g","contentUrl":"https:\/\/secure.gravatar.com\/avatar\/219e749e47ffbcca018a360ae4add7d4cdf1cdaaf8bc7676b27efade3fe65615?s=96&d=mm&r=g","caption":"J.J."},"url":"https:\/\/vosgesinfo.fr\/saintdieinfo\/author\/j-j\/"}]}},"_links":{"self":[{"href":"https:\/\/vosgesinfo.fr\/saintdieinfo\/wp-json\/wp\/v2\/posts\/32557","targetHints":{"allow":["GET"]}}],"collection":[{"href":"https:\/\/vosgesinfo.fr\/saintdieinfo\/wp-json\/wp\/v2\/posts"}],"about":[{"href":"https:\/\/vosgesinfo.fr\/saintdieinfo\/wp-json\/wp\/v2\/types\/post"}],"author":[{"embeddable":true,"href":"https:\/\/vosgesinfo.fr\/saintdieinfo\/wp-json\/wp\/v2\/users\/46"}],"replies":[{"embeddable":true,"href":"https:\/\/vosgesinfo.fr\/saintdieinfo\/wp-json\/wp\/v2\/comments?post=32557"}],"version-history":[{"count":1,"href":"https:\/\/vosgesinfo.fr\/saintdieinfo\/wp-json\/wp\/v2\/posts\/32557\/revisions"}],"predecessor-version":[{"id":32560,"href":"https:\/\/vosgesinfo.fr\/saintdieinfo\/wp-json\/wp\/v2\/posts\/32557\/revisions\/32560"}],"wp:featuredmedia":[{"embeddable":true,"href":"https:\/\/vosgesinfo.fr\/saintdieinfo\/wp-json\/wp\/v2\/media\/32559"}],"wp:attachment":[{"href":"https:\/\/vosgesinfo.fr\/saintdieinfo\/wp-json\/wp\/v2\/media?parent=32557"}],"wp:term":[{"taxonomy":"category","embeddable":true,"href":"https:\/\/vosgesinfo.fr\/saintdieinfo\/wp-json\/wp\/v2\/categories?post=32557"},{"taxonomy":"post_tag","embeddable":true,"href":"https:\/\/vosgesinfo.fr\/saintdieinfo\/wp-json\/wp\/v2\/tags?post=32557"}],"curies":[{"name":"wp","href":"https:\/\/api.w.org\/{rel}","templated":true}]}}