{"id":32566,"date":"2024-04-13T10:24:33","date_gmt":"2024-04-13T08:24:33","guid":{"rendered":"https:\/\/vosgesinfo.fr\/saintdieinfo\/?p=32566"},"modified":"2024-04-13T10:24:33","modified_gmt":"2024-04-13T08:24:33","slug":"marche-de-reconnaissance-des-circuits-du-parcours-du-coeur-2024","status":"publish","type":"post","link":"https:\/\/vosgesinfo.fr\/saintdieinfo\/2024\/04\/marche-de-reconnaissance-des-circuits-du-parcours-du-coeur-2024\/","title":{"rendered":"Marche de reconnaissance des circuits du Parcours du C\u0153ur 2024"},"content":{"rendered":"<div id=\"attachment_32568\" style=\"width: 1034px\" class=\"wp-caption alignnone\"><img decoding=\"async\" aria-describedby=\"caption-attachment-32568\" class=\"wp-image-32568 size-large\" src=\"https:\/\/vosgesinfo.fr\/app\/uploads\/sites\/4\/2024\/04\/reconnaissance-du-parcours-2023-photomontage-avec-la-date-du-parcours-2024-scaled-1-1024x724.jpg\" alt=\"\" width=\"1024\" height=\"724\" srcset=\"https:\/\/vosgesinfo.fr\/app\/uploads\/sites\/4\/2024\/04\/reconnaissance-du-parcours-2023-photomontage-avec-la-date-du-parcours-2024-scaled-1-1024x724.jpg 1024w, https:\/\/vosgesinfo.fr\/app\/uploads\/sites\/4\/2024\/04\/reconnaissance-du-parcours-2023-photomontage-avec-la-date-du-parcours-2024-scaled-1-300x212.jpg 300w, https:\/\/vosgesinfo.fr\/app\/uploads\/sites\/4\/2024\/04\/reconnaissance-du-parcours-2023-photomontage-avec-la-date-du-parcours-2024-scaled-1-768x543.jpg 768w, https:\/\/vosgesinfo.fr\/app\/uploads\/sites\/4\/2024\/04\/reconnaissance-du-parcours-2023-photomontage-avec-la-date-du-parcours-2024-scaled-1-1536x1086.jpg 1536w, https:\/\/vosgesinfo.fr\/app\/uploads\/sites\/4\/2024\/04\/reconnaissance-du-parcours-2023-photomontage-avec-la-date-du-parcours-2024-scaled-1.jpg 2048w\" sizes=\"(max-width: 1024px) 100vw, 1024px\" \/><p id=\"caption-attachment-32568\" class=\"wp-caption-text\">(Photographie et carte club Coeur et Sant\u00e9 de Saint-Di\u00e9-des-Vosges)<\/p><\/div>\n<h2>La marche du dimanche 14 avril du club Coeur et Sant\u00e9 de Saint-Di\u00e9-des-Vosges sera consacr\u00e9e \u00e0 la reconnaissance, tout ou partie, des 3 circuits de marche du Parcours du C\u0153ur du dimanche 21 avril prochain.<\/h2>\n<p><!--more--><\/p>\n<p>Avant le d\u00e9part, il y aura un temps de pr\u00e9sentation et d\u2019explication sur le Parcours du Coeur. Le groupe de la petite marche fera un circuit de 6 km, et le groupe du grand circuit un parcours de 9 km. Ces marches permettront aux b\u00e9n\u00e9voles du Parcours du C\u0153ur de rep\u00e9rer les postes de contr\u00f4le. Le RV est fix\u00e9 \u00e0 14 h carrefour rue de l\u2019Orme rue Claude Bassot \u00e0 hauteur de l\u2019entr\u00e9e du gymnase du Lyc\u00e9e Georges Baumont. Ne pas oublier de prendre de quoi vous hydrater et de quoi manger en cas de fringale. En fonction des conditions m\u00e9t\u00e9o, les sorties sont susceptibles d\u2019\u00eatre annul\u00e9es. Veuillez le v\u00e9rifier sur <a href=\"https:\/\/coeuretsante.deodatie.fr\/\" target=\"_blank\" rel=\"noopener\">https:\/\/coeuretsante.deodatie.fr\/<\/a> avant de vous rendre au point de d\u00e9part. Quant aux prochaines marches, elles sont programm\u00e9es les vendredi 26 avril et dimanche 28 avril.<\/p>\n<p><img decoding=\"async\" class=\"alignnone size-full wp-image-32567\" src=\"https:\/\/vosgesinfo.fr\/app\/uploads\/sites\/4\/2024\/04\/depart-pc-2024-reconnaissance.jpg\" alt=\"\" width=\"601\" height=\"359\" srcset=\"https:\/\/vosgesinfo.fr\/app\/uploads\/sites\/4\/2024\/04\/depart-pc-2024-reconnaissance.jpg 601w, https:\/\/vosgesinfo.fr\/app\/uploads\/sites\/4\/2024\/04\/depart-pc-2024-reconnaissance-300x179.jpg 300w\" sizes=\"(max-width: 601px) 100vw, 601px\" \/><\/p>\n","protected":false},"excerpt":{"rendered":"<p>La marche du dimanche 14 avril du club Coeur et Sant\u00e9 de Saint-Di\u00e9-des-Vosges sera consacr\u00e9e \u00e0 la reconnaissance, tout ou [&hellip;]<\/p>\n","protected":false},"author":46,"featured_media":32568,"comment_status":"open","ping_status":"open","sticky":false,"template":"","format":"standard","meta":{"footnotes":""},"categories":[460,167,17],"tags":[3314,5485],"class_list":["post-32566","post","type-post","status-publish","format-standard","has-post-thumbnail","hentry","category-a-la-une","category-saint-die-des-vosges","category-vie-associative","tag-club-coeur-et-sante-de-saint-die-des-vosges","tag-parcours-du-coeur-2024"],"acf":[],"yoast_head":"<!-- This site is optimized with the Yoast SEO plugin v22.5 - https:\/\/yoast.com\/wordpress\/plugins\/seo\/ -->\n<title>Marche de reconnaissance des circuits du Parcours du C\u0153ur 2024 - Saint Die Info<\/title>\n<meta name=\"robots\" content=\"index, follow, max-snippet:-1, max-image-preview:large, max-video-preview:-1\" \/>\n<link rel=\"canonical\" href=\"https:\/\/vosgesinfo.fr\/saintdieinfo\/2024\/04\/marche-de-reconnaissance-des-circuits-du-parcours-du-coeur-2024\/\" \/>\n<meta name=\"twitter:card\" content=\"summary_large_image\" \/>\n<meta name=\"twitter:title\" content=\"Marche de reconnaissance des circuits du Parcours du C\u0153ur 2024 - Saint Die Info\" \/>\n<meta name=\"twitter:description\" content=\"La marche du dimanche 14 avril du club Coeur et Sant\u00e9 de Saint-Di\u00e9-des-Vosges sera consacr\u00e9e \u00e0 la reconnaissance, tout ou [&hellip;]\" \/>\n<meta name=\"twitter:image\" content=\"https:\/\/vosgesinfo.fr\/app\/uploads\/sites\/4\/2024\/04\/reconnaissance-du-parcours-2023-photomontage-avec-la-date-du-parcours-2024-scaled-1.jpg\" \/>\n<meta name=\"twitter:creator\" content=\"@VosgesInfo88\" \/>\n<meta name=\"twitter:site\" content=\"@VosgesInfo88\" \/>\n<meta name=\"twitter:label1\" content=\"\u00c9crit par\" \/>\n\t<meta name=\"twitter:data1\" content=\"J.J.\" \/>\n\t<meta name=\"twitter:label2\" content=\"Dur\u00e9e de lecture estim\u00e9e\" \/>\n\t<meta name=\"twitter:data2\" content=\"1 minute\" \/>\n<script type=\"application\/ld+json\" class=\"yoast-schema-graph\">{\"@context\":\"https:\/\/schema.org\",\"@graph\":[{\"@type\":\"Article\",\"@id\":\"https:\/\/vosgesinfo.fr\/saintdieinfo\/2024\/04\/marche-de-reconnaissance-des-circuits-du-parcours-du-coeur-2024\/#article\",\"isPartOf\":{\"@id\":\"https:\/\/vosgesinfo.fr\/saintdieinfo\/2024\/04\/marche-de-reconnaissance-des-circuits-du-parcours-du-coeur-2024\/\"},\"author\":{\"name\":\"J.J.\",\"@id\":\"https:\/\/vosgesinfo.fr\/saintdieinfo\/#\/schema\/person\/fa73e9f726d67bb88f46d5b7943cb572\"},\"headline\":\"Marche de reconnaissance des circuits du Parcours du C\u0153ur 2024\",\"datePublished\":\"2024-04-13T08:24:33+00:00\",\"dateModified\":\"2024-04-13T08:24:33+00:00\",\"mainEntityOfPage\":{\"@id\":\"https:\/\/vosgesinfo.fr\/saintdieinfo\/2024\/04\/marche-de-reconnaissance-des-circuits-du-parcours-du-coeur-2024\/\"},\"wordCount\":211,\"commentCount\":0,\"publisher\":{\"@id\":\"https:\/\/vosgesinfo.fr\/saintdieinfo\/#organization\"},\"image\":{\"@id\":\"https:\/\/vosgesinfo.fr\/saintdieinfo\/2024\/04\/marche-de-reconnaissance-des-circuits-du-parcours-du-coeur-2024\/#primaryimage\"},\"thumbnailUrl\":\"https:\/\/vosgesinfo.fr\/app\/uploads\/sites\/4\/2024\/04\/reconnaissance-du-parcours-2023-photomontage-avec-la-date-du-parcours-2024-scaled-1.jpg\",\"keywords\":[\"Club Coeur et Sant\u00e9 de Saint-Di\u00e9-des-Vosges\",\"Parcours du Coeur 2024\"],\"articleSection\":[\"A la Une\",\"Saint-Di\u00e9-des-Vosges\",\"Vie Associative\"],\"inLanguage\":\"fr-FR\",\"potentialAction\":[{\"@type\":\"CommentAction\",\"name\":\"Comment\",\"target\":[\"https:\/\/vosgesinfo.fr\/saintdieinfo\/2024\/04\/marche-de-reconnaissance-des-circuits-du-parcours-du-coeur-2024\/#respond\"]}]},{\"@type\":\"WebPage\",\"@id\":\"https:\/\/vosgesinfo.fr\/saintdieinfo\/2024\/04\/marche-de-reconnaissance-des-circuits-du-parcours-du-coeur-2024\/\",\"url\":\"https:\/\/vosgesinfo.fr\/saintdieinfo\/2024\/04\/marche-de-reconnaissance-des-circuits-du-parcours-du-coeur-2024\/\",\"name\":\"Marche de reconnaissance des circuits du Parcours du C\u0153ur 2024 - Saint Die Info\",\"isPartOf\":{\"@id\":\"https:\/\/vosgesinfo.fr\/saintdieinfo\/#website\"},\"primaryImageOfPage\":{\"@id\":\"https:\/\/vosgesinfo.fr\/saintdieinfo\/2024\/04\/marche-de-reconnaissance-des-circuits-du-parcours-du-coeur-2024\/#primaryimage\"},\"image\":{\"@id\":\"https:\/\/vosgesinfo.fr\/saintdieinfo\/2024\/04\/marche-de-reconnaissance-des-circuits-du-parcours-du-coeur-2024\/#primaryimage\"},\"thumbnailUrl\":\"https:\/\/vosgesinfo.fr\/app\/uploads\/sites\/4\/2024\/04\/reconnaissance-du-parcours-2023-photomontage-avec-la-date-du-parcours-2024-scaled-1.jpg\",\"datePublished\":\"2024-04-13T08:24:33+00:00\",\"dateModified\":\"2024-04-13T08:24:33+00:00\",\"breadcrumb\":{\"@id\":\"https:\/\/vosgesinfo.fr\/saintdieinfo\/2024\/04\/marche-de-reconnaissance-des-circuits-du-parcours-du-coeur-2024\/#breadcrumb\"},\"inLanguage\":\"fr-FR\",\"potentialAction\":[{\"@type\":\"ReadAction\",\"target\":[\"https:\/\/vosgesinfo.fr\/saintdieinfo\/2024\/04\/marche-de-reconnaissance-des-circuits-du-parcours-du-coeur-2024\/\"]}]},{\"@type\":\"ImageObject\",\"inLanguage\":\"fr-FR\",\"@id\":\"https:\/\/vosgesinfo.fr\/saintdieinfo\/2024\/04\/marche-de-reconnaissance-des-circuits-du-parcours-du-coeur-2024\/#primaryimage\",\"url\":\"https:\/\/vosgesinfo.fr\/app\/uploads\/sites\/4\/2024\/04\/reconnaissance-du-parcours-2023-photomontage-avec-la-date-du-parcours-2024-scaled-1.jpg\",\"contentUrl\":\"https:\/\/vosgesinfo.fr\/app\/uploads\/sites\/4\/2024\/04\/reconnaissance-du-parcours-2023-photomontage-avec-la-date-du-parcours-2024-scaled-1.jpg\",\"width\":2048,\"height\":1448},{\"@type\":\"BreadcrumbList\",\"@id\":\"https:\/\/vosgesinfo.fr\/saintdieinfo\/2024\/04\/marche-de-reconnaissance-des-circuits-du-parcours-du-coeur-2024\/#breadcrumb\",\"itemListElement\":[{\"@type\":\"ListItem\",\"position\":1,\"name\":\"Home\",\"item\":\"https:\/\/vosgesinfo.fr\/saintdieinfo\/\"},{\"@type\":\"ListItem\",\"position\":2,\"name\":\"Marche de reconnaissance des circuits du Parcours du C\u0153ur 2024\"}]},{\"@type\":\"WebSite\",\"@id\":\"https:\/\/vosgesinfo.fr\/saintdieinfo\/#website\",\"url\":\"https:\/\/vosgesinfo.fr\/saintdieinfo\/\",\"name\":\"Saint Die Info\",\"description\":\"Toute l&#039;actualit\u00e9 de Saint-Di\u00e9-Des-Vosges\",\"publisher\":{\"@id\":\"https:\/\/vosgesinfo.fr\/saintdieinfo\/#organization\"},\"alternateName\":\"Toute l'actualit\u00e9 de Saint-Di\u00e9-Des-Vosges\",\"potentialAction\":[{\"@type\":\"SearchAction\",\"target\":{\"@type\":\"EntryPoint\",\"urlTemplate\":\"https:\/\/vosgesinfo.fr\/saintdieinfo\/?s={search_term_string}\"},\"query-input\":\"required name=search_term_string\"}],\"inLanguage\":\"fr-FR\"},{\"@type\":\"Organization\",\"@id\":\"https:\/\/vosgesinfo.fr\/saintdieinfo\/#organization\",\"name\":\"Saint Die Info\",\"url\":\"https:\/\/vosgesinfo.fr\/saintdieinfo\/\",\"logo\":{\"@type\":\"ImageObject\",\"inLanguage\":\"fr-FR\",\"@id\":\"https:\/\/vosgesinfo.fr\/saintdieinfo\/#\/schema\/logo\/image\/\",\"url\":\"https:\/\/vosgesinfo.fr\/app\/uploads\/sites\/4\/2024\/02\/logo-sdi.jpg\",\"contentUrl\":\"https:\/\/vosgesinfo.fr\/app\/uploads\/sites\/4\/2024\/02\/logo-sdi.jpg\",\"width\":600,\"height\":600,\"caption\":\"Saint Die Info\"},\"image\":{\"@id\":\"https:\/\/vosgesinfo.fr\/saintdieinfo\/#\/schema\/logo\/image\/\"},\"sameAs\":[\"https:\/\/www.facebook.com\/Saintdieinfofr\",\"https:\/\/x.com\/VosgesInfo88\",\"https:\/\/www.youtube.com\/@vosgesinfo\"]},{\"@type\":\"Person\",\"@id\":\"https:\/\/vosgesinfo.fr\/saintdieinfo\/#\/schema\/person\/fa73e9f726d67bb88f46d5b7943cb572\",\"name\":\"J.J.\",\"image\":{\"@type\":\"ImageObject\",\"inLanguage\":\"fr-FR\",\"@id\":\"https:\/\/vosgesinfo.fr\/saintdieinfo\/#\/schema\/person\/image\/\",\"url\":\"https:\/\/secure.gravatar.com\/avatar\/219e749e47ffbcca018a360ae4add7d4cdf1cdaaf8bc7676b27efade3fe65615?s=96&d=mm&r=g\",\"contentUrl\":\"https:\/\/secure.gravatar.com\/avatar\/219e749e47ffbcca018a360ae4add7d4cdf1cdaaf8bc7676b27efade3fe65615?s=96&d=mm&r=g\",\"caption\":\"J.J.\"},\"url\":\"https:\/\/vosgesinfo.fr\/saintdieinfo\/author\/j-j\/\"}]}<\/script>\n<!-- \/ Yoast SEO plugin. -->","yoast_head_json":{"title":"Marche de reconnaissance des circuits du Parcours du C\u0153ur 2024 - Saint Die Info","robots":{"index":"index","follow":"follow","max-snippet":"max-snippet:-1","max-image-preview":"max-image-preview:large","max-video-preview":"max-video-preview:-1"},"canonical":"https:\/\/vosgesinfo.fr\/saintdieinfo\/2024\/04\/marche-de-reconnaissance-des-circuits-du-parcours-du-coeur-2024\/","twitter_card":"summary_large_image","twitter_title":"Marche de reconnaissance des circuits du Parcours du C\u0153ur 2024 - Saint Die Info","twitter_description":"La marche du dimanche 14 avril du club Coeur et Sant\u00e9 de Saint-Di\u00e9-des-Vosges sera consacr\u00e9e \u00e0 la reconnaissance, tout ou [&hellip;]","twitter_image":"https:\/\/vosgesinfo.fr\/app\/uploads\/sites\/4\/2024\/04\/reconnaissance-du-parcours-2023-photomontage-avec-la-date-du-parcours-2024-scaled-1.jpg","twitter_creator":"@VosgesInfo88","twitter_site":"@VosgesInfo88","twitter_misc":{"\u00c9crit par":"J.J.","Dur\u00e9e de lecture estim\u00e9e":"1 minute"},"schema":{"@context":"https:\/\/schema.org","@graph":[{"@type":"Article","@id":"https:\/\/vosgesinfo.fr\/saintdieinfo\/2024\/04\/marche-de-reconnaissance-des-circuits-du-parcours-du-coeur-2024\/#article","isPartOf":{"@id":"https:\/\/vosgesinfo.fr\/saintdieinfo\/2024\/04\/marche-de-reconnaissance-des-circuits-du-parcours-du-coeur-2024\/"},"author":{"name":"J.J.","@id":"https:\/\/vosgesinfo.fr\/saintdieinfo\/#\/schema\/person\/fa73e9f726d67bb88f46d5b7943cb572"},"headline":"Marche de reconnaissance des circuits du Parcours du C\u0153ur 2024","datePublished":"2024-04-13T08:24:33+00:00","dateModified":"2024-04-13T08:24:33+00:00","mainEntityOfPage":{"@id":"https:\/\/vosgesinfo.fr\/saintdieinfo\/2024\/04\/marche-de-reconnaissance-des-circuits-du-parcours-du-coeur-2024\/"},"wordCount":211,"commentCount":0,"publisher":{"@id":"https:\/\/vosgesinfo.fr\/saintdieinfo\/#organization"},"image":{"@id":"https:\/\/vosgesinfo.fr\/saintdieinfo\/2024\/04\/marche-de-reconnaissance-des-circuits-du-parcours-du-coeur-2024\/#primaryimage"},"thumbnailUrl":"https:\/\/vosgesinfo.fr\/app\/uploads\/sites\/4\/2024\/04\/reconnaissance-du-parcours-2023-photomontage-avec-la-date-du-parcours-2024-scaled-1.jpg","keywords":["Club Coeur et Sant\u00e9 de Saint-Di\u00e9-des-Vosges","Parcours du Coeur 2024"],"articleSection":["A la Une","Saint-Di\u00e9-des-Vosges","Vie Associative"],"inLanguage":"fr-FR","potentialAction":[{"@type":"CommentAction","name":"Comment","target":["https:\/\/vosgesinfo.fr\/saintdieinfo\/2024\/04\/marche-de-reconnaissance-des-circuits-du-parcours-du-coeur-2024\/#respond"]}]},{"@type":"WebPage","@id":"https:\/\/vosgesinfo.fr\/saintdieinfo\/2024\/04\/marche-de-reconnaissance-des-circuits-du-parcours-du-coeur-2024\/","url":"https:\/\/vosgesinfo.fr\/saintdieinfo\/2024\/04\/marche-de-reconnaissance-des-circuits-du-parcours-du-coeur-2024\/","name":"Marche de reconnaissance des circuits du Parcours du C\u0153ur 2024 - Saint Die Info","isPartOf":{"@id":"https:\/\/vosgesinfo.fr\/saintdieinfo\/#website"},"primaryImageOfPage":{"@id":"https:\/\/vosgesinfo.fr\/saintdieinfo\/2024\/04\/marche-de-reconnaissance-des-circuits-du-parcours-du-coeur-2024\/#primaryimage"},"image":{"@id":"https:\/\/vosgesinfo.fr\/saintdieinfo\/2024\/04\/marche-de-reconnaissance-des-circuits-du-parcours-du-coeur-2024\/#primaryimage"},"thumbnailUrl":"https:\/\/vosgesinfo.fr\/app\/uploads\/sites\/4\/2024\/04\/reconnaissance-du-parcours-2023-photomontage-avec-la-date-du-parcours-2024-scaled-1.jpg","datePublished":"2024-04-13T08:24:33+00:00","dateModified":"2024-04-13T08:24:33+00:00","breadcrumb":{"@id":"https:\/\/vosgesinfo.fr\/saintdieinfo\/2024\/04\/marche-de-reconnaissance-des-circuits-du-parcours-du-coeur-2024\/#breadcrumb"},"inLanguage":"fr-FR","potentialAction":[{"@type":"ReadAction","target":["https:\/\/vosgesinfo.fr\/saintdieinfo\/2024\/04\/marche-de-reconnaissance-des-circuits-du-parcours-du-coeur-2024\/"]}]},{"@type":"ImageObject","inLanguage":"fr-FR","@id":"https:\/\/vosgesinfo.fr\/saintdieinfo\/2024\/04\/marche-de-reconnaissance-des-circuits-du-parcours-du-coeur-2024\/#primaryimage","url":"https:\/\/vosgesinfo.fr\/app\/uploads\/sites\/4\/2024\/04\/reconnaissance-du-parcours-2023-photomontage-avec-la-date-du-parcours-2024-scaled-1.jpg","contentUrl":"https:\/\/vosgesinfo.fr\/app\/uploads\/sites\/4\/2024\/04\/reconnaissance-du-parcours-2023-photomontage-avec-la-date-du-parcours-2024-scaled-1.jpg","width":2048,"height":1448},{"@type":"BreadcrumbList","@id":"https:\/\/vosgesinfo.fr\/saintdieinfo\/2024\/04\/marche-de-reconnaissance-des-circuits-du-parcours-du-coeur-2024\/#breadcrumb","itemListElement":[{"@type":"ListItem","position":1,"name":"Home","item":"https:\/\/vosgesinfo.fr\/saintdieinfo\/"},{"@type":"ListItem","position":2,"name":"Marche de reconnaissance des circuits du Parcours du C\u0153ur 2024"}]},{"@type":"WebSite","@id":"https:\/\/vosgesinfo.fr\/saintdieinfo\/#website","url":"https:\/\/vosgesinfo.fr\/saintdieinfo\/","name":"Saint Die Info","description":"Toute l&#039;actualit\u00e9 de Saint-Di\u00e9-Des-Vosges","publisher":{"@id":"https:\/\/vosgesinfo.fr\/saintdieinfo\/#organization"},"alternateName":"Toute l'actualit\u00e9 de Saint-Di\u00e9-Des-Vosges","potentialAction":[{"@type":"SearchAction","target":{"@type":"EntryPoint","urlTemplate":"https:\/\/vosgesinfo.fr\/saintdieinfo\/?s={search_term_string}"},"query-input":"required name=search_term_string"}],"inLanguage":"fr-FR"},{"@type":"Organization","@id":"https:\/\/vosgesinfo.fr\/saintdieinfo\/#organization","name":"Saint Die Info","url":"https:\/\/vosgesinfo.fr\/saintdieinfo\/","logo":{"@type":"ImageObject","inLanguage":"fr-FR","@id":"https:\/\/vosgesinfo.fr\/saintdieinfo\/#\/schema\/logo\/image\/","url":"https:\/\/vosgesinfo.fr\/app\/uploads\/sites\/4\/2024\/02\/logo-sdi.jpg","contentUrl":"https:\/\/vosgesinfo.fr\/app\/uploads\/sites\/4\/2024\/02\/logo-sdi.jpg","width":600,"height":600,"caption":"Saint Die Info"},"image":{"@id":"https:\/\/vosgesinfo.fr\/saintdieinfo\/#\/schema\/logo\/image\/"},"sameAs":["https:\/\/www.facebook.com\/Saintdieinfofr","https:\/\/x.com\/VosgesInfo88","https:\/\/www.youtube.com\/@vosgesinfo"]},{"@type":"Person","@id":"https:\/\/vosgesinfo.fr\/saintdieinfo\/#\/schema\/person\/fa73e9f726d67bb88f46d5b7943cb572","name":"J.J.","image":{"@type":"ImageObject","inLanguage":"fr-FR","@id":"https:\/\/vosgesinfo.fr\/saintdieinfo\/#\/schema\/person\/image\/","url":"https:\/\/secure.gravatar.com\/avatar\/219e749e47ffbcca018a360ae4add7d4cdf1cdaaf8bc7676b27efade3fe65615?s=96&d=mm&r=g","contentUrl":"https:\/\/secure.gravatar.com\/avatar\/219e749e47ffbcca018a360ae4add7d4cdf1cdaaf8bc7676b27efade3fe65615?s=96&d=mm&r=g","caption":"J.J."},"url":"https:\/\/vosgesinfo.fr\/saintdieinfo\/author\/j-j\/"}]}},"_links":{"self":[{"href":"https:\/\/vosgesinfo.fr\/saintdieinfo\/wp-json\/wp\/v2\/posts\/32566","targetHints":{"allow":["GET"]}}],"collection":[{"href":"https:\/\/vosgesinfo.fr\/saintdieinfo\/wp-json\/wp\/v2\/posts"}],"about":[{"href":"https:\/\/vosgesinfo.fr\/saintdieinfo\/wp-json\/wp\/v2\/types\/post"}],"author":[{"embeddable":true,"href":"https:\/\/vosgesinfo.fr\/saintdieinfo\/wp-json\/wp\/v2\/users\/46"}],"replies":[{"embeddable":true,"href":"https:\/\/vosgesinfo.fr\/saintdieinfo\/wp-json\/wp\/v2\/comments?post=32566"}],"version-history":[{"count":1,"href":"https:\/\/vosgesinfo.fr\/saintdieinfo\/wp-json\/wp\/v2\/posts\/32566\/revisions"}],"predecessor-version":[{"id":32569,"href":"https:\/\/vosgesinfo.fr\/saintdieinfo\/wp-json\/wp\/v2\/posts\/32566\/revisions\/32569"}],"wp:featuredmedia":[{"embeddable":true,"href":"https:\/\/vosgesinfo.fr\/saintdieinfo\/wp-json\/wp\/v2\/media\/32568"}],"wp:attachment":[{"href":"https:\/\/vosgesinfo.fr\/saintdieinfo\/wp-json\/wp\/v2\/media?parent=32566"}],"wp:term":[{"taxonomy":"category","embeddable":true,"href":"https:\/\/vosgesinfo.fr\/saintdieinfo\/wp-json\/wp\/v2\/categories?post=32566"},{"taxonomy":"post_tag","embeddable":true,"href":"https:\/\/vosgesinfo.fr\/saintdieinfo\/wp-json\/wp\/v2\/tags?post=32566"}],"curies":[{"name":"wp","href":"https:\/\/api.w.org\/{rel}","templated":true}]}}