{"id":32658,"date":"2024-04-17T09:28:47","date_gmt":"2024-04-17T07:28:47","guid":{"rendered":"https:\/\/vosgesinfo.fr\/saintdieinfo\/?p=32658"},"modified":"2024-04-17T09:28:47","modified_gmt":"2024-04-17T07:28:47","slug":"la-course-de-cote-de-lormont-fait-sa-28e-edition","status":"publish","type":"post","link":"https:\/\/vosgesinfo.fr\/saintdieinfo\/2024\/04\/la-course-de-cote-de-lormont-fait-sa-28e-edition\/","title":{"rendered":"La course de c\u00f4te de l&rsquo;Ormont fait sa 28e \u00e9dition"},"content":{"rendered":"<h2><a href=\"https:\/\/vosgesinfo.fr\/saintdieinfo\/2024\/03\/le-tour-du-kemberg-est-de-retour-le-1er-mai\/\" target=\"_blank\" rel=\"noopener\">Si le Tour du Kemberg est indissociable du 1er mai en D\u00e9odatie<\/a>, il en va de m\u00eame de la course de c\u00f4te de l&rsquo;Ormont, qui fera sa 28e \u00e9dition le mercredi 1er mai prochain.<\/h2>\n<p><!--more--><\/p>\n<p>Organis\u00e9e par l&rsquo;Association Sportive Automobile de Mirecourt \u2013 ASAM \u2013 en partenariat avec Hure Animation, cette 28e \u00e9dition se d\u00e9roulera entre les communes de Saint-Jean-d&rsquo;Ormont et Ban-de-Sapt. Le d\u00e9part de la course sera, comme chaque ann\u00e9e, situ\u00e9 au pied de la grande c\u00f4te \u00e0 la sortie de Saint-Jean-d&rsquo;Ormont en direction de Ban-de-Sapt. Les 2 mont\u00e9es d&rsquo;essais et les 4 mont\u00e9es de course auront lieu de 8h15 \u00e0 19h. Les v\u00e9rifications des concurrents seront effectu\u00e9es la veille, mardi 20 avril, de 17h \u00e0 20h15 ainsi que le jour de la course, de t\u00f4t le matin de 6h30 \u00e0 7h30. Quant au tarif pour assister \u00e0 cette 28e course de c\u00f4te de l&rsquo;Ormont, il est de 7\u20ac par spectateur.<\/p>\n<p>J.J.<\/p>\n<p><img decoding=\"async\" class=\"alignnone size-large wp-image-32667\" src=\"https:\/\/vosgesinfo.fr\/app\/uploads\/sites\/4\/2024\/04\/28e-course-cote-ormont-722x1024.jpg\" alt=\"\" width=\"722\" height=\"1024\" srcset=\"https:\/\/vosgesinfo.fr\/app\/uploads\/sites\/4\/2024\/04\/28e-course-cote-ormont-722x1024.jpg 722w, https:\/\/vosgesinfo.fr\/app\/uploads\/sites\/4\/2024\/04\/28e-course-cote-ormont-212x300.jpg 212w, https:\/\/vosgesinfo.fr\/app\/uploads\/sites\/4\/2024\/04\/28e-course-cote-ormont-768x1089.jpg 768w, https:\/\/vosgesinfo.fr\/app\/uploads\/sites\/4\/2024\/04\/28e-course-cote-ormont-1083x1536.jpg 1083w, https:\/\/vosgesinfo.fr\/app\/uploads\/sites\/4\/2024\/04\/28e-course-cote-ormont.jpg 1444w\" sizes=\"(max-width: 722px) 100vw, 722px\" \/><\/p>\n","protected":false},"excerpt":{"rendered":"<p>Si le Tour du Kemberg est indissociable du 1er mai en D\u00e9odatie, il en va de m\u00eame de la course [&hellip;]<\/p>\n","protected":false},"author":46,"featured_media":32667,"comment_status":"open","ping_status":"open","sticky":false,"template":"","format":"standard","meta":{"footnotes":""},"categories":[460,3903,14,18],"tags":[5909,5912,5910,5908,5913,5911,3750],"class_list":["post-32658","post","type-post","status-publish","format-standard","has-post-thumbnail","hentry","category-a-la-une","category-deodatie","category-sport","category-vosges","tag-28e-course-de-cote-de-lormont","tag-asam","tag-association-sportive-automobile-de-mirecourt","tag-ban-de-sapt","tag-course-de-cote","tag-hure-animation","tag-saint-jean-dormont"],"acf":[],"yoast_head":"<!-- This site is optimized with the Yoast SEO plugin v22.5 - https:\/\/yoast.com\/wordpress\/plugins\/seo\/ -->\n<title>La course de c\u00f4te de l&#039;Ormont fait sa 28e \u00e9dition - Saint Die Info<\/title>\n<meta name=\"robots\" content=\"index, follow, max-snippet:-1, max-image-preview:large, max-video-preview:-1\" \/>\n<link rel=\"canonical\" href=\"https:\/\/vosgesinfo.fr\/saintdieinfo\/2024\/04\/la-course-de-cote-de-lormont-fait-sa-28e-edition\/\" \/>\n<meta name=\"twitter:card\" content=\"summary_large_image\" \/>\n<meta name=\"twitter:title\" content=\"La course de c\u00f4te de l&#039;Ormont fait sa 28e \u00e9dition - Saint Die Info\" \/>\n<meta name=\"twitter:description\" content=\"Si le Tour du Kemberg est indissociable du 1er mai en D\u00e9odatie, il en va de m\u00eame de la course [&hellip;]\" \/>\n<meta name=\"twitter:image\" content=\"https:\/\/vosgesinfo.fr\/app\/uploads\/sites\/4\/2024\/04\/28e-course-cote-ormont.jpg\" \/>\n<meta name=\"twitter:creator\" content=\"@VosgesInfo88\" \/>\n<meta name=\"twitter:site\" content=\"@VosgesInfo88\" \/>\n<meta name=\"twitter:label1\" content=\"\u00c9crit par\" \/>\n\t<meta name=\"twitter:data1\" content=\"J.J.\" \/>\n\t<meta name=\"twitter:label2\" content=\"Dur\u00e9e de lecture estim\u00e9e\" \/>\n\t<meta name=\"twitter:data2\" content=\"1 minute\" \/>\n<script type=\"application\/ld+json\" class=\"yoast-schema-graph\">{\"@context\":\"https:\/\/schema.org\",\"@graph\":[{\"@type\":\"Article\",\"@id\":\"https:\/\/vosgesinfo.fr\/saintdieinfo\/2024\/04\/la-course-de-cote-de-lormont-fait-sa-28e-edition\/#article\",\"isPartOf\":{\"@id\":\"https:\/\/vosgesinfo.fr\/saintdieinfo\/2024\/04\/la-course-de-cote-de-lormont-fait-sa-28e-edition\/\"},\"author\":{\"name\":\"J.J.\",\"@id\":\"https:\/\/vosgesinfo.fr\/saintdieinfo\/#\/schema\/person\/fa73e9f726d67bb88f46d5b7943cb572\"},\"headline\":\"La course de c\u00f4te de l&rsquo;Ormont fait sa 28e \u00e9dition\",\"datePublished\":\"2024-04-17T07:28:47+00:00\",\"dateModified\":\"2024-04-17T07:28:47+00:00\",\"mainEntityOfPage\":{\"@id\":\"https:\/\/vosgesinfo.fr\/saintdieinfo\/2024\/04\/la-course-de-cote-de-lormont-fait-sa-28e-edition\/\"},\"wordCount\":174,\"commentCount\":0,\"publisher\":{\"@id\":\"https:\/\/vosgesinfo.fr\/saintdieinfo\/#organization\"},\"image\":{\"@id\":\"https:\/\/vosgesinfo.fr\/saintdieinfo\/2024\/04\/la-course-de-cote-de-lormont-fait-sa-28e-edition\/#primaryimage\"},\"thumbnailUrl\":\"https:\/\/vosgesinfo.fr\/app\/uploads\/sites\/4\/2024\/04\/28e-course-cote-ormont.jpg\",\"keywords\":[\"28e course de c\u00f4te de l'Ormont\",\"ASAM\",\"Association Sportive Automobile de Mirecourt\",\"Ban-de-Sapt\",\"Course de c\u00f4te\",\"Hure Animation\",\"Saint-Jean d'Ormont\"],\"articleSection\":[\"A la Une\",\"D\u00e9odatie\",\"Sport\",\"Vosges\"],\"inLanguage\":\"fr-FR\",\"potentialAction\":[{\"@type\":\"CommentAction\",\"name\":\"Comment\",\"target\":[\"https:\/\/vosgesinfo.fr\/saintdieinfo\/2024\/04\/la-course-de-cote-de-lormont-fait-sa-28e-edition\/#respond\"]}]},{\"@type\":\"WebPage\",\"@id\":\"https:\/\/vosgesinfo.fr\/saintdieinfo\/2024\/04\/la-course-de-cote-de-lormont-fait-sa-28e-edition\/\",\"url\":\"https:\/\/vosgesinfo.fr\/saintdieinfo\/2024\/04\/la-course-de-cote-de-lormont-fait-sa-28e-edition\/\",\"name\":\"La course de c\u00f4te de l'Ormont fait sa 28e \u00e9dition - Saint Die Info\",\"isPartOf\":{\"@id\":\"https:\/\/vosgesinfo.fr\/saintdieinfo\/#website\"},\"primaryImageOfPage\":{\"@id\":\"https:\/\/vosgesinfo.fr\/saintdieinfo\/2024\/04\/la-course-de-cote-de-lormont-fait-sa-28e-edition\/#primaryimage\"},\"image\":{\"@id\":\"https:\/\/vosgesinfo.fr\/saintdieinfo\/2024\/04\/la-course-de-cote-de-lormont-fait-sa-28e-edition\/#primaryimage\"},\"thumbnailUrl\":\"https:\/\/vosgesinfo.fr\/app\/uploads\/sites\/4\/2024\/04\/28e-course-cote-ormont.jpg\",\"datePublished\":\"2024-04-17T07:28:47+00:00\",\"dateModified\":\"2024-04-17T07:28:47+00:00\",\"breadcrumb\":{\"@id\":\"https:\/\/vosgesinfo.fr\/saintdieinfo\/2024\/04\/la-course-de-cote-de-lormont-fait-sa-28e-edition\/#breadcrumb\"},\"inLanguage\":\"fr-FR\",\"potentialAction\":[{\"@type\":\"ReadAction\",\"target\":[\"https:\/\/vosgesinfo.fr\/saintdieinfo\/2024\/04\/la-course-de-cote-de-lormont-fait-sa-28e-edition\/\"]}]},{\"@type\":\"ImageObject\",\"inLanguage\":\"fr-FR\",\"@id\":\"https:\/\/vosgesinfo.fr\/saintdieinfo\/2024\/04\/la-course-de-cote-de-lormont-fait-sa-28e-edition\/#primaryimage\",\"url\":\"https:\/\/vosgesinfo.fr\/app\/uploads\/sites\/4\/2024\/04\/28e-course-cote-ormont.jpg\",\"contentUrl\":\"https:\/\/vosgesinfo.fr\/app\/uploads\/sites\/4\/2024\/04\/28e-course-cote-ormont.jpg\",\"width\":1444,\"height\":2048},{\"@type\":\"BreadcrumbList\",\"@id\":\"https:\/\/vosgesinfo.fr\/saintdieinfo\/2024\/04\/la-course-de-cote-de-lormont-fait-sa-28e-edition\/#breadcrumb\",\"itemListElement\":[{\"@type\":\"ListItem\",\"position\":1,\"name\":\"Home\",\"item\":\"https:\/\/vosgesinfo.fr\/saintdieinfo\/\"},{\"@type\":\"ListItem\",\"position\":2,\"name\":\"La course de c\u00f4te de l&rsquo;Ormont fait sa 28e \u00e9dition\"}]},{\"@type\":\"WebSite\",\"@id\":\"https:\/\/vosgesinfo.fr\/saintdieinfo\/#website\",\"url\":\"https:\/\/vosgesinfo.fr\/saintdieinfo\/\",\"name\":\"Saint Die Info\",\"description\":\"Toute l&#039;actualit\u00e9 de Saint-Di\u00e9-Des-Vosges\",\"publisher\":{\"@id\":\"https:\/\/vosgesinfo.fr\/saintdieinfo\/#organization\"},\"alternateName\":\"Toute l'actualit\u00e9 de Saint-Di\u00e9-Des-Vosges\",\"potentialAction\":[{\"@type\":\"SearchAction\",\"target\":{\"@type\":\"EntryPoint\",\"urlTemplate\":\"https:\/\/vosgesinfo.fr\/saintdieinfo\/?s={search_term_string}\"},\"query-input\":\"required name=search_term_string\"}],\"inLanguage\":\"fr-FR\"},{\"@type\":\"Organization\",\"@id\":\"https:\/\/vosgesinfo.fr\/saintdieinfo\/#organization\",\"name\":\"Saint Die Info\",\"url\":\"https:\/\/vosgesinfo.fr\/saintdieinfo\/\",\"logo\":{\"@type\":\"ImageObject\",\"inLanguage\":\"fr-FR\",\"@id\":\"https:\/\/vosgesinfo.fr\/saintdieinfo\/#\/schema\/logo\/image\/\",\"url\":\"https:\/\/vosgesinfo.fr\/app\/uploads\/sites\/4\/2024\/02\/logo-sdi.jpg\",\"contentUrl\":\"https:\/\/vosgesinfo.fr\/app\/uploads\/sites\/4\/2024\/02\/logo-sdi.jpg\",\"width\":600,\"height\":600,\"caption\":\"Saint Die Info\"},\"image\":{\"@id\":\"https:\/\/vosgesinfo.fr\/saintdieinfo\/#\/schema\/logo\/image\/\"},\"sameAs\":[\"https:\/\/www.facebook.com\/Saintdieinfofr\",\"https:\/\/x.com\/VosgesInfo88\",\"https:\/\/www.youtube.com\/@vosgesinfo\"]},{\"@type\":\"Person\",\"@id\":\"https:\/\/vosgesinfo.fr\/saintdieinfo\/#\/schema\/person\/fa73e9f726d67bb88f46d5b7943cb572\",\"name\":\"J.J.\",\"image\":{\"@type\":\"ImageObject\",\"inLanguage\":\"fr-FR\",\"@id\":\"https:\/\/vosgesinfo.fr\/saintdieinfo\/#\/schema\/person\/image\/\",\"url\":\"https:\/\/secure.gravatar.com\/avatar\/219e749e47ffbcca018a360ae4add7d4cdf1cdaaf8bc7676b27efade3fe65615?s=96&d=mm&r=g\",\"contentUrl\":\"https:\/\/secure.gravatar.com\/avatar\/219e749e47ffbcca018a360ae4add7d4cdf1cdaaf8bc7676b27efade3fe65615?s=96&d=mm&r=g\",\"caption\":\"J.J.\"},\"url\":\"https:\/\/vosgesinfo.fr\/saintdieinfo\/author\/j-j\/\"}]}<\/script>\n<!-- \/ Yoast SEO plugin. -->","yoast_head_json":{"title":"La course de c\u00f4te de l'Ormont fait sa 28e \u00e9dition - Saint Die Info","robots":{"index":"index","follow":"follow","max-snippet":"max-snippet:-1","max-image-preview":"max-image-preview:large","max-video-preview":"max-video-preview:-1"},"canonical":"https:\/\/vosgesinfo.fr\/saintdieinfo\/2024\/04\/la-course-de-cote-de-lormont-fait-sa-28e-edition\/","twitter_card":"summary_large_image","twitter_title":"La course de c\u00f4te de l'Ormont fait sa 28e \u00e9dition - Saint Die Info","twitter_description":"Si le Tour du Kemberg est indissociable du 1er mai en D\u00e9odatie, il en va de m\u00eame de la course [&hellip;]","twitter_image":"https:\/\/vosgesinfo.fr\/app\/uploads\/sites\/4\/2024\/04\/28e-course-cote-ormont.jpg","twitter_creator":"@VosgesInfo88","twitter_site":"@VosgesInfo88","twitter_misc":{"\u00c9crit par":"J.J.","Dur\u00e9e de lecture estim\u00e9e":"1 minute"},"schema":{"@context":"https:\/\/schema.org","@graph":[{"@type":"Article","@id":"https:\/\/vosgesinfo.fr\/saintdieinfo\/2024\/04\/la-course-de-cote-de-lormont-fait-sa-28e-edition\/#article","isPartOf":{"@id":"https:\/\/vosgesinfo.fr\/saintdieinfo\/2024\/04\/la-course-de-cote-de-lormont-fait-sa-28e-edition\/"},"author":{"name":"J.J.","@id":"https:\/\/vosgesinfo.fr\/saintdieinfo\/#\/schema\/person\/fa73e9f726d67bb88f46d5b7943cb572"},"headline":"La course de c\u00f4te de l&rsquo;Ormont fait sa 28e \u00e9dition","datePublished":"2024-04-17T07:28:47+00:00","dateModified":"2024-04-17T07:28:47+00:00","mainEntityOfPage":{"@id":"https:\/\/vosgesinfo.fr\/saintdieinfo\/2024\/04\/la-course-de-cote-de-lormont-fait-sa-28e-edition\/"},"wordCount":174,"commentCount":0,"publisher":{"@id":"https:\/\/vosgesinfo.fr\/saintdieinfo\/#organization"},"image":{"@id":"https:\/\/vosgesinfo.fr\/saintdieinfo\/2024\/04\/la-course-de-cote-de-lormont-fait-sa-28e-edition\/#primaryimage"},"thumbnailUrl":"https:\/\/vosgesinfo.fr\/app\/uploads\/sites\/4\/2024\/04\/28e-course-cote-ormont.jpg","keywords":["28e course de c\u00f4te de l'Ormont","ASAM","Association Sportive Automobile de Mirecourt","Ban-de-Sapt","Course de c\u00f4te","Hure Animation","Saint-Jean d'Ormont"],"articleSection":["A la Une","D\u00e9odatie","Sport","Vosges"],"inLanguage":"fr-FR","potentialAction":[{"@type":"CommentAction","name":"Comment","target":["https:\/\/vosgesinfo.fr\/saintdieinfo\/2024\/04\/la-course-de-cote-de-lormont-fait-sa-28e-edition\/#respond"]}]},{"@type":"WebPage","@id":"https:\/\/vosgesinfo.fr\/saintdieinfo\/2024\/04\/la-course-de-cote-de-lormont-fait-sa-28e-edition\/","url":"https:\/\/vosgesinfo.fr\/saintdieinfo\/2024\/04\/la-course-de-cote-de-lormont-fait-sa-28e-edition\/","name":"La course de c\u00f4te de l'Ormont fait sa 28e \u00e9dition - Saint Die Info","isPartOf":{"@id":"https:\/\/vosgesinfo.fr\/saintdieinfo\/#website"},"primaryImageOfPage":{"@id":"https:\/\/vosgesinfo.fr\/saintdieinfo\/2024\/04\/la-course-de-cote-de-lormont-fait-sa-28e-edition\/#primaryimage"},"image":{"@id":"https:\/\/vosgesinfo.fr\/saintdieinfo\/2024\/04\/la-course-de-cote-de-lormont-fait-sa-28e-edition\/#primaryimage"},"thumbnailUrl":"https:\/\/vosgesinfo.fr\/app\/uploads\/sites\/4\/2024\/04\/28e-course-cote-ormont.jpg","datePublished":"2024-04-17T07:28:47+00:00","dateModified":"2024-04-17T07:28:47+00:00","breadcrumb":{"@id":"https:\/\/vosgesinfo.fr\/saintdieinfo\/2024\/04\/la-course-de-cote-de-lormont-fait-sa-28e-edition\/#breadcrumb"},"inLanguage":"fr-FR","potentialAction":[{"@type":"ReadAction","target":["https:\/\/vosgesinfo.fr\/saintdieinfo\/2024\/04\/la-course-de-cote-de-lormont-fait-sa-28e-edition\/"]}]},{"@type":"ImageObject","inLanguage":"fr-FR","@id":"https:\/\/vosgesinfo.fr\/saintdieinfo\/2024\/04\/la-course-de-cote-de-lormont-fait-sa-28e-edition\/#primaryimage","url":"https:\/\/vosgesinfo.fr\/app\/uploads\/sites\/4\/2024\/04\/28e-course-cote-ormont.jpg","contentUrl":"https:\/\/vosgesinfo.fr\/app\/uploads\/sites\/4\/2024\/04\/28e-course-cote-ormont.jpg","width":1444,"height":2048},{"@type":"BreadcrumbList","@id":"https:\/\/vosgesinfo.fr\/saintdieinfo\/2024\/04\/la-course-de-cote-de-lormont-fait-sa-28e-edition\/#breadcrumb","itemListElement":[{"@type":"ListItem","position":1,"name":"Home","item":"https:\/\/vosgesinfo.fr\/saintdieinfo\/"},{"@type":"ListItem","position":2,"name":"La course de c\u00f4te de l&rsquo;Ormont fait sa 28e \u00e9dition"}]},{"@type":"WebSite","@id":"https:\/\/vosgesinfo.fr\/saintdieinfo\/#website","url":"https:\/\/vosgesinfo.fr\/saintdieinfo\/","name":"Saint Die Info","description":"Toute l&#039;actualit\u00e9 de Saint-Di\u00e9-Des-Vosges","publisher":{"@id":"https:\/\/vosgesinfo.fr\/saintdieinfo\/#organization"},"alternateName":"Toute l'actualit\u00e9 de Saint-Di\u00e9-Des-Vosges","potentialAction":[{"@type":"SearchAction","target":{"@type":"EntryPoint","urlTemplate":"https:\/\/vosgesinfo.fr\/saintdieinfo\/?s={search_term_string}"},"query-input":"required name=search_term_string"}],"inLanguage":"fr-FR"},{"@type":"Organization","@id":"https:\/\/vosgesinfo.fr\/saintdieinfo\/#organization","name":"Saint Die Info","url":"https:\/\/vosgesinfo.fr\/saintdieinfo\/","logo":{"@type":"ImageObject","inLanguage":"fr-FR","@id":"https:\/\/vosgesinfo.fr\/saintdieinfo\/#\/schema\/logo\/image\/","url":"https:\/\/vosgesinfo.fr\/app\/uploads\/sites\/4\/2024\/02\/logo-sdi.jpg","contentUrl":"https:\/\/vosgesinfo.fr\/app\/uploads\/sites\/4\/2024\/02\/logo-sdi.jpg","width":600,"height":600,"caption":"Saint Die Info"},"image":{"@id":"https:\/\/vosgesinfo.fr\/saintdieinfo\/#\/schema\/logo\/image\/"},"sameAs":["https:\/\/www.facebook.com\/Saintdieinfofr","https:\/\/x.com\/VosgesInfo88","https:\/\/www.youtube.com\/@vosgesinfo"]},{"@type":"Person","@id":"https:\/\/vosgesinfo.fr\/saintdieinfo\/#\/schema\/person\/fa73e9f726d67bb88f46d5b7943cb572","name":"J.J.","image":{"@type":"ImageObject","inLanguage":"fr-FR","@id":"https:\/\/vosgesinfo.fr\/saintdieinfo\/#\/schema\/person\/image\/","url":"https:\/\/secure.gravatar.com\/avatar\/219e749e47ffbcca018a360ae4add7d4cdf1cdaaf8bc7676b27efade3fe65615?s=96&d=mm&r=g","contentUrl":"https:\/\/secure.gravatar.com\/avatar\/219e749e47ffbcca018a360ae4add7d4cdf1cdaaf8bc7676b27efade3fe65615?s=96&d=mm&r=g","caption":"J.J."},"url":"https:\/\/vosgesinfo.fr\/saintdieinfo\/author\/j-j\/"}]}},"_links":{"self":[{"href":"https:\/\/vosgesinfo.fr\/saintdieinfo\/wp-json\/wp\/v2\/posts\/32658","targetHints":{"allow":["GET"]}}],"collection":[{"href":"https:\/\/vosgesinfo.fr\/saintdieinfo\/wp-json\/wp\/v2\/posts"}],"about":[{"href":"https:\/\/vosgesinfo.fr\/saintdieinfo\/wp-json\/wp\/v2\/types\/post"}],"author":[{"embeddable":true,"href":"https:\/\/vosgesinfo.fr\/saintdieinfo\/wp-json\/wp\/v2\/users\/46"}],"replies":[{"embeddable":true,"href":"https:\/\/vosgesinfo.fr\/saintdieinfo\/wp-json\/wp\/v2\/comments?post=32658"}],"version-history":[{"count":1,"href":"https:\/\/vosgesinfo.fr\/saintdieinfo\/wp-json\/wp\/v2\/posts\/32658\/revisions"}],"predecessor-version":[{"id":32668,"href":"https:\/\/vosgesinfo.fr\/saintdieinfo\/wp-json\/wp\/v2\/posts\/32658\/revisions\/32668"}],"wp:featuredmedia":[{"embeddable":true,"href":"https:\/\/vosgesinfo.fr\/saintdieinfo\/wp-json\/wp\/v2\/media\/32667"}],"wp:attachment":[{"href":"https:\/\/vosgesinfo.fr\/saintdieinfo\/wp-json\/wp\/v2\/media?parent=32658"}],"wp:term":[{"taxonomy":"category","embeddable":true,"href":"https:\/\/vosgesinfo.fr\/saintdieinfo\/wp-json\/wp\/v2\/categories?post=32658"},{"taxonomy":"post_tag","embeddable":true,"href":"https:\/\/vosgesinfo.fr\/saintdieinfo\/wp-json\/wp\/v2\/tags?post=32658"}],"curies":[{"name":"wp","href":"https:\/\/api.w.org\/{rel}","templated":true}]}}