{"id":33100,"date":"2019-01-02T09:00:38","date_gmt":"2019-01-02T08:00:38","guid":{"rendered":"https:\/\/vosgesinfo.fr\/saintdieinfo\/2019\/01\/deodatien-kalidou-koulibaly-sacre-golden-lion-2018\/"},"modified":"2019-01-02T09:00:38","modified_gmt":"2019-01-02T08:00:38","slug":"deodatien-kalidou-koulibaly-sacre-golden-lion-2018","status":"publish","type":"post","link":"https:\/\/vosgesinfo.fr\/saintdieinfo\/2019\/01\/deodatien-kalidou-koulibaly-sacre-golden-lion-2018\/","title":{"rendered":"Le D\u00e9odatien Kalidou Koulibaly sacr\u00e9 \u00ab\u00a0Golden Lion\u00a0\u00bb 2018"},"content":{"rendered":"<p><a href=\"http:\/\/saintdieinfo.fr\/wp-content\/uploads\/2018\/05\/Kalidou_Koulibaly.jpg\" target=\"_blank\" rel=\"noopener\"><img decoding=\"async\" class=\"aligncenter wp-image-121863 size-large\" src=\"https:\/\/vosgesinfo.fr\/app\/uploads\/sites\/4\/2018\/05\/kalidou-koulibaly-1024x576-1.jpg\" alt=\"Kalidou_Koulibaly\" width=\"960\" height=\"540\" \/><\/a><\/p>\n<h2><strong><span style=\"font-family: Calibri, sans-serif;\"><span style=\"font-size: large;\">Pour la deuxi\u00e8me ann\u00e9e cons\u00e9cutive, le D\u00e9odatien et footballeur professionnel Kalidou Koulibaly a \u00e9t\u00e9 sacr\u00e9 \u00ab\u00a0Golden Lion\u00a0\u00bb, une distinction attribu\u00e9e au meilleur joueur s\u00e9n\u00e9galais de l&rsquo;ann\u00e9e civile.<\/span><\/span><\/strong><\/h2>\n<p><span style=\"font-family: Calibri, sans-serif;\"><span style=\"font-size: large;\">C&rsquo;est sur le r\u00e9seau social Twitter que les internautes s\u00e9n\u00e9galais pouvaient voter pour \u00e9lire le meilleur joueur du pays. Totalisant 41% des suffrages, le d\u00e9fenseur central du SSC Naples devance notamment l&rsquo;attaquant de Liverpool Sadio Man\u00e9, qui a quant \u00e0 lui r\u00e9colt\u00e9 26% des votes. <em>\u00ab\u00a0Je suis tr\u00e8s honor\u00e9 et tr\u00e8s heureux pour ce titre !\u00a0 Ceux qui me connaissent savent \u00e0 quel point c\u2019est important pour moi de porter ce maillot. Merci, merci, merci \u00e0 tous\u00a0\u00bb<\/em> a d\u00e9clar\u00e9 Kalidou Koulibaly sur Twitter en r\u00e9action \u00e0 son second \u00ab\u00a0Golden Lion\u00a0\u00bb.<br \/>\n<\/span><\/span><\/p>\n<p>J.J.<\/p>\n","protected":false},"excerpt":{"rendered":"<p>Pour la deuxi\u00e8me ann\u00e9e cons\u00e9cutive, le D\u00e9odatien et footballeur professionnel Kalidou Koulibaly a \u00e9t\u00e9 sacr\u00e9 \u00ab\u00a0Golden Lion\u00a0\u00bb, une distinction attribu\u00e9e [&hellip;]<\/p>\n","protected":false},"author":46,"featured_media":33101,"comment_status":"open","ping_status":"open","sticky":false,"template":"","format":"standard","meta":{"footnotes":""},"categories":[460,2915,14],"tags":[6012,6013,6014,5901,6015,6016],"class_list":["post-33100","post","type-post","status-publish","format-standard","has-post-thumbnail","hentry","category-a-la-une","category-saint-die-son-canton","category-sport","tag-equipe-de-football-du-senegal","tag-golden-lion","tag-golden-lion-2018","tag-kalidou-koulibaly","tag-senegal","tag-ssc-naples"],"acf":[],"yoast_head":"<!-- This site is optimized with the Yoast SEO plugin v22.5 - https:\/\/yoast.com\/wordpress\/plugins\/seo\/ -->\n<title>Le D\u00e9odatien Kalidou Koulibaly sacr\u00e9 &quot;Golden Lion&quot; 2018 - Saint Die Info<\/title>\n<meta name=\"robots\" content=\"index, follow, max-snippet:-1, max-image-preview:large, max-video-preview:-1\" \/>\n<link rel=\"canonical\" href=\"https:\/\/vosgesinfo.fr\/saintdieinfo\/2019\/01\/deodatien-kalidou-koulibaly-sacre-golden-lion-2018\/\" \/>\n<meta name=\"twitter:card\" content=\"summary_large_image\" \/>\n<meta name=\"twitter:title\" content=\"Le D\u00e9odatien Kalidou Koulibaly sacr\u00e9 &quot;Golden Lion&quot; 2018 - Saint Die Info\" \/>\n<meta name=\"twitter:description\" content=\"Pour la deuxi\u00e8me ann\u00e9e cons\u00e9cutive, le D\u00e9odatien et footballeur professionnel Kalidou Koulibaly a \u00e9t\u00e9 sacr\u00e9 \u00ab\u00a0Golden Lion\u00a0\u00bb, une distinction attribu\u00e9e [&hellip;]\" \/>\n<meta name=\"twitter:image\" content=\"https:\/\/vosgesinfo.fr\/app\/uploads\/sites\/4\/2018\/05\/kalidou-koulibaly-1024x576-1.jpg\" \/>\n<meta name=\"twitter:creator\" content=\"@VosgesInfo88\" \/>\n<meta name=\"twitter:site\" content=\"@VosgesInfo88\" \/>\n<meta name=\"twitter:label1\" content=\"\u00c9crit par\" \/>\n\t<meta name=\"twitter:data1\" content=\"J.J.\" \/>\n\t<meta name=\"twitter:label2\" content=\"Dur\u00e9e de lecture estim\u00e9e\" \/>\n\t<meta name=\"twitter:data2\" content=\"1 minute\" \/>\n<script type=\"application\/ld+json\" class=\"yoast-schema-graph\">{\"@context\":\"https:\/\/schema.org\",\"@graph\":[{\"@type\":\"Article\",\"@id\":\"https:\/\/vosgesinfo.fr\/saintdieinfo\/2019\/01\/deodatien-kalidou-koulibaly-sacre-golden-lion-2018\/#article\",\"isPartOf\":{\"@id\":\"https:\/\/vosgesinfo.fr\/saintdieinfo\/2019\/01\/deodatien-kalidou-koulibaly-sacre-golden-lion-2018\/\"},\"author\":{\"name\":\"J.J.\",\"@id\":\"https:\/\/vosgesinfo.fr\/saintdieinfo\/#\/schema\/person\/fa73e9f726d67bb88f46d5b7943cb572\"},\"headline\":\"Le D\u00e9odatien Kalidou Koulibaly sacr\u00e9 \u00ab\u00a0Golden Lion\u00a0\u00bb 2018\",\"datePublished\":\"2019-01-02T08:00:38+00:00\",\"dateModified\":\"2019-01-02T08:00:38+00:00\",\"mainEntityOfPage\":{\"@id\":\"https:\/\/vosgesinfo.fr\/saintdieinfo\/2019\/01\/deodatien-kalidou-koulibaly-sacre-golden-lion-2018\/\"},\"wordCount\":141,\"commentCount\":0,\"publisher\":{\"@id\":\"https:\/\/vosgesinfo.fr\/saintdieinfo\/#organization\"},\"image\":{\"@id\":\"https:\/\/vosgesinfo.fr\/saintdieinfo\/2019\/01\/deodatien-kalidou-koulibaly-sacre-golden-lion-2018\/#primaryimage\"},\"thumbnailUrl\":\"https:\/\/vosgesinfo.fr\/app\/uploads\/sites\/4\/2018\/05\/kalidou-koulibaly.jpg\",\"keywords\":[\"Equipe de football du S\u00e9n\u00e9gal\",\"Golden Lion\",\"Golden Lion 2018\",\"Kalidou Koulibaly\",\"S\u00e9n\u00e9gal\",\"SSC Naples\"],\"articleSection\":[\"A la Une\",\"Saint-Di\u00e9-des-Vosges et son Agglom\u00e9ration\",\"Sport\"],\"inLanguage\":\"fr-FR\",\"potentialAction\":[{\"@type\":\"CommentAction\",\"name\":\"Comment\",\"target\":[\"https:\/\/vosgesinfo.fr\/saintdieinfo\/2019\/01\/deodatien-kalidou-koulibaly-sacre-golden-lion-2018\/#respond\"]}]},{\"@type\":\"WebPage\",\"@id\":\"https:\/\/vosgesinfo.fr\/saintdieinfo\/2019\/01\/deodatien-kalidou-koulibaly-sacre-golden-lion-2018\/\",\"url\":\"https:\/\/vosgesinfo.fr\/saintdieinfo\/2019\/01\/deodatien-kalidou-koulibaly-sacre-golden-lion-2018\/\",\"name\":\"Le D\u00e9odatien Kalidou Koulibaly sacr\u00e9 \\\"Golden Lion\\\" 2018 - Saint Die Info\",\"isPartOf\":{\"@id\":\"https:\/\/vosgesinfo.fr\/saintdieinfo\/#website\"},\"primaryImageOfPage\":{\"@id\":\"https:\/\/vosgesinfo.fr\/saintdieinfo\/2019\/01\/deodatien-kalidou-koulibaly-sacre-golden-lion-2018\/#primaryimage\"},\"image\":{\"@id\":\"https:\/\/vosgesinfo.fr\/saintdieinfo\/2019\/01\/deodatien-kalidou-koulibaly-sacre-golden-lion-2018\/#primaryimage\"},\"thumbnailUrl\":\"https:\/\/vosgesinfo.fr\/app\/uploads\/sites\/4\/2018\/05\/kalidou-koulibaly.jpg\",\"datePublished\":\"2019-01-02T08:00:38+00:00\",\"dateModified\":\"2019-01-02T08:00:38+00:00\",\"breadcrumb\":{\"@id\":\"https:\/\/vosgesinfo.fr\/saintdieinfo\/2019\/01\/deodatien-kalidou-koulibaly-sacre-golden-lion-2018\/#breadcrumb\"},\"inLanguage\":\"fr-FR\",\"potentialAction\":[{\"@type\":\"ReadAction\",\"target\":[\"https:\/\/vosgesinfo.fr\/saintdieinfo\/2019\/01\/deodatien-kalidou-koulibaly-sacre-golden-lion-2018\/\"]}]},{\"@type\":\"ImageObject\",\"inLanguage\":\"fr-FR\",\"@id\":\"https:\/\/vosgesinfo.fr\/saintdieinfo\/2019\/01\/deodatien-kalidou-koulibaly-sacre-golden-lion-2018\/#primaryimage\",\"url\":\"https:\/\/vosgesinfo.fr\/app\/uploads\/sites\/4\/2018\/05\/kalidou-koulibaly.jpg\",\"contentUrl\":\"https:\/\/vosgesinfo.fr\/app\/uploads\/sites\/4\/2018\/05\/kalidou-koulibaly.jpg\",\"width\":1200,\"height\":675},{\"@type\":\"BreadcrumbList\",\"@id\":\"https:\/\/vosgesinfo.fr\/saintdieinfo\/2019\/01\/deodatien-kalidou-koulibaly-sacre-golden-lion-2018\/#breadcrumb\",\"itemListElement\":[{\"@type\":\"ListItem\",\"position\":1,\"name\":\"Home\",\"item\":\"https:\/\/vosgesinfo.fr\/saintdieinfo\/\"},{\"@type\":\"ListItem\",\"position\":2,\"name\":\"Le D\u00e9odatien Kalidou Koulibaly sacr\u00e9 \u00ab\u00a0Golden Lion\u00a0\u00bb 2018\"}]},{\"@type\":\"WebSite\",\"@id\":\"https:\/\/vosgesinfo.fr\/saintdieinfo\/#website\",\"url\":\"https:\/\/vosgesinfo.fr\/saintdieinfo\/\",\"name\":\"Saint Die Info\",\"description\":\"Toute l&#039;actualit\u00e9 de Saint-Di\u00e9-Des-Vosges\",\"publisher\":{\"@id\":\"https:\/\/vosgesinfo.fr\/saintdieinfo\/#organization\"},\"alternateName\":\"Toute l'actualit\u00e9 de Saint-Di\u00e9-Des-Vosges\",\"potentialAction\":[{\"@type\":\"SearchAction\",\"target\":{\"@type\":\"EntryPoint\",\"urlTemplate\":\"https:\/\/vosgesinfo.fr\/saintdieinfo\/?s={search_term_string}\"},\"query-input\":\"required name=search_term_string\"}],\"inLanguage\":\"fr-FR\"},{\"@type\":\"Organization\",\"@id\":\"https:\/\/vosgesinfo.fr\/saintdieinfo\/#organization\",\"name\":\"Saint Die Info\",\"url\":\"https:\/\/vosgesinfo.fr\/saintdieinfo\/\",\"logo\":{\"@type\":\"ImageObject\",\"inLanguage\":\"fr-FR\",\"@id\":\"https:\/\/vosgesinfo.fr\/saintdieinfo\/#\/schema\/logo\/image\/\",\"url\":\"https:\/\/vosgesinfo.fr\/app\/uploads\/sites\/4\/2024\/02\/logo-sdi.jpg\",\"contentUrl\":\"https:\/\/vosgesinfo.fr\/app\/uploads\/sites\/4\/2024\/02\/logo-sdi.jpg\",\"width\":600,\"height\":600,\"caption\":\"Saint Die Info\"},\"image\":{\"@id\":\"https:\/\/vosgesinfo.fr\/saintdieinfo\/#\/schema\/logo\/image\/\"},\"sameAs\":[\"https:\/\/www.facebook.com\/Saintdieinfofr\",\"https:\/\/x.com\/VosgesInfo88\",\"https:\/\/www.youtube.com\/@vosgesinfo\"]},{\"@type\":\"Person\",\"@id\":\"https:\/\/vosgesinfo.fr\/saintdieinfo\/#\/schema\/person\/fa73e9f726d67bb88f46d5b7943cb572\",\"name\":\"J.J.\",\"image\":{\"@type\":\"ImageObject\",\"inLanguage\":\"fr-FR\",\"@id\":\"https:\/\/vosgesinfo.fr\/saintdieinfo\/#\/schema\/person\/image\/\",\"url\":\"https:\/\/secure.gravatar.com\/avatar\/219e749e47ffbcca018a360ae4add7d4cdf1cdaaf8bc7676b27efade3fe65615?s=96&d=mm&r=g\",\"contentUrl\":\"https:\/\/secure.gravatar.com\/avatar\/219e749e47ffbcca018a360ae4add7d4cdf1cdaaf8bc7676b27efade3fe65615?s=96&d=mm&r=g\",\"caption\":\"J.J.\"},\"url\":\"https:\/\/vosgesinfo.fr\/saintdieinfo\/author\/j-j\/\"}]}<\/script>\n<!-- \/ Yoast SEO plugin. -->","yoast_head_json":{"title":"Le D\u00e9odatien Kalidou Koulibaly sacr\u00e9 \"Golden Lion\" 2018 - Saint Die Info","robots":{"index":"index","follow":"follow","max-snippet":"max-snippet:-1","max-image-preview":"max-image-preview:large","max-video-preview":"max-video-preview:-1"},"canonical":"https:\/\/vosgesinfo.fr\/saintdieinfo\/2019\/01\/deodatien-kalidou-koulibaly-sacre-golden-lion-2018\/","twitter_card":"summary_large_image","twitter_title":"Le D\u00e9odatien Kalidou Koulibaly sacr\u00e9 \"Golden Lion\" 2018 - Saint Die Info","twitter_description":"Pour la deuxi\u00e8me ann\u00e9e cons\u00e9cutive, le D\u00e9odatien et footballeur professionnel Kalidou Koulibaly a \u00e9t\u00e9 sacr\u00e9 \u00ab\u00a0Golden Lion\u00a0\u00bb, une distinction attribu\u00e9e [&hellip;]","twitter_image":"https:\/\/vosgesinfo.fr\/app\/uploads\/sites\/4\/2018\/05\/kalidou-koulibaly-1024x576-1.jpg","twitter_creator":"@VosgesInfo88","twitter_site":"@VosgesInfo88","twitter_misc":{"\u00c9crit par":"J.J.","Dur\u00e9e de lecture estim\u00e9e":"1 minute"},"schema":{"@context":"https:\/\/schema.org","@graph":[{"@type":"Article","@id":"https:\/\/vosgesinfo.fr\/saintdieinfo\/2019\/01\/deodatien-kalidou-koulibaly-sacre-golden-lion-2018\/#article","isPartOf":{"@id":"https:\/\/vosgesinfo.fr\/saintdieinfo\/2019\/01\/deodatien-kalidou-koulibaly-sacre-golden-lion-2018\/"},"author":{"name":"J.J.","@id":"https:\/\/vosgesinfo.fr\/saintdieinfo\/#\/schema\/person\/fa73e9f726d67bb88f46d5b7943cb572"},"headline":"Le D\u00e9odatien Kalidou Koulibaly sacr\u00e9 \u00ab\u00a0Golden Lion\u00a0\u00bb 2018","datePublished":"2019-01-02T08:00:38+00:00","dateModified":"2019-01-02T08:00:38+00:00","mainEntityOfPage":{"@id":"https:\/\/vosgesinfo.fr\/saintdieinfo\/2019\/01\/deodatien-kalidou-koulibaly-sacre-golden-lion-2018\/"},"wordCount":141,"commentCount":0,"publisher":{"@id":"https:\/\/vosgesinfo.fr\/saintdieinfo\/#organization"},"image":{"@id":"https:\/\/vosgesinfo.fr\/saintdieinfo\/2019\/01\/deodatien-kalidou-koulibaly-sacre-golden-lion-2018\/#primaryimage"},"thumbnailUrl":"https:\/\/vosgesinfo.fr\/app\/uploads\/sites\/4\/2018\/05\/kalidou-koulibaly.jpg","keywords":["Equipe de football du S\u00e9n\u00e9gal","Golden Lion","Golden Lion 2018","Kalidou Koulibaly","S\u00e9n\u00e9gal","SSC Naples"],"articleSection":["A la Une","Saint-Di\u00e9-des-Vosges et son Agglom\u00e9ration","Sport"],"inLanguage":"fr-FR","potentialAction":[{"@type":"CommentAction","name":"Comment","target":["https:\/\/vosgesinfo.fr\/saintdieinfo\/2019\/01\/deodatien-kalidou-koulibaly-sacre-golden-lion-2018\/#respond"]}]},{"@type":"WebPage","@id":"https:\/\/vosgesinfo.fr\/saintdieinfo\/2019\/01\/deodatien-kalidou-koulibaly-sacre-golden-lion-2018\/","url":"https:\/\/vosgesinfo.fr\/saintdieinfo\/2019\/01\/deodatien-kalidou-koulibaly-sacre-golden-lion-2018\/","name":"Le D\u00e9odatien Kalidou Koulibaly sacr\u00e9 \"Golden Lion\" 2018 - Saint Die Info","isPartOf":{"@id":"https:\/\/vosgesinfo.fr\/saintdieinfo\/#website"},"primaryImageOfPage":{"@id":"https:\/\/vosgesinfo.fr\/saintdieinfo\/2019\/01\/deodatien-kalidou-koulibaly-sacre-golden-lion-2018\/#primaryimage"},"image":{"@id":"https:\/\/vosgesinfo.fr\/saintdieinfo\/2019\/01\/deodatien-kalidou-koulibaly-sacre-golden-lion-2018\/#primaryimage"},"thumbnailUrl":"https:\/\/vosgesinfo.fr\/app\/uploads\/sites\/4\/2018\/05\/kalidou-koulibaly.jpg","datePublished":"2019-01-02T08:00:38+00:00","dateModified":"2019-01-02T08:00:38+00:00","breadcrumb":{"@id":"https:\/\/vosgesinfo.fr\/saintdieinfo\/2019\/01\/deodatien-kalidou-koulibaly-sacre-golden-lion-2018\/#breadcrumb"},"inLanguage":"fr-FR","potentialAction":[{"@type":"ReadAction","target":["https:\/\/vosgesinfo.fr\/saintdieinfo\/2019\/01\/deodatien-kalidou-koulibaly-sacre-golden-lion-2018\/"]}]},{"@type":"ImageObject","inLanguage":"fr-FR","@id":"https:\/\/vosgesinfo.fr\/saintdieinfo\/2019\/01\/deodatien-kalidou-koulibaly-sacre-golden-lion-2018\/#primaryimage","url":"https:\/\/vosgesinfo.fr\/app\/uploads\/sites\/4\/2018\/05\/kalidou-koulibaly.jpg","contentUrl":"https:\/\/vosgesinfo.fr\/app\/uploads\/sites\/4\/2018\/05\/kalidou-koulibaly.jpg","width":1200,"height":675},{"@type":"BreadcrumbList","@id":"https:\/\/vosgesinfo.fr\/saintdieinfo\/2019\/01\/deodatien-kalidou-koulibaly-sacre-golden-lion-2018\/#breadcrumb","itemListElement":[{"@type":"ListItem","position":1,"name":"Home","item":"https:\/\/vosgesinfo.fr\/saintdieinfo\/"},{"@type":"ListItem","position":2,"name":"Le D\u00e9odatien Kalidou Koulibaly sacr\u00e9 \u00ab\u00a0Golden Lion\u00a0\u00bb 2018"}]},{"@type":"WebSite","@id":"https:\/\/vosgesinfo.fr\/saintdieinfo\/#website","url":"https:\/\/vosgesinfo.fr\/saintdieinfo\/","name":"Saint Die Info","description":"Toute l&#039;actualit\u00e9 de Saint-Di\u00e9-Des-Vosges","publisher":{"@id":"https:\/\/vosgesinfo.fr\/saintdieinfo\/#organization"},"alternateName":"Toute l'actualit\u00e9 de Saint-Di\u00e9-Des-Vosges","potentialAction":[{"@type":"SearchAction","target":{"@type":"EntryPoint","urlTemplate":"https:\/\/vosgesinfo.fr\/saintdieinfo\/?s={search_term_string}"},"query-input":"required name=search_term_string"}],"inLanguage":"fr-FR"},{"@type":"Organization","@id":"https:\/\/vosgesinfo.fr\/saintdieinfo\/#organization","name":"Saint Die Info","url":"https:\/\/vosgesinfo.fr\/saintdieinfo\/","logo":{"@type":"ImageObject","inLanguage":"fr-FR","@id":"https:\/\/vosgesinfo.fr\/saintdieinfo\/#\/schema\/logo\/image\/","url":"https:\/\/vosgesinfo.fr\/app\/uploads\/sites\/4\/2024\/02\/logo-sdi.jpg","contentUrl":"https:\/\/vosgesinfo.fr\/app\/uploads\/sites\/4\/2024\/02\/logo-sdi.jpg","width":600,"height":600,"caption":"Saint Die Info"},"image":{"@id":"https:\/\/vosgesinfo.fr\/saintdieinfo\/#\/schema\/logo\/image\/"},"sameAs":["https:\/\/www.facebook.com\/Saintdieinfofr","https:\/\/x.com\/VosgesInfo88","https:\/\/www.youtube.com\/@vosgesinfo"]},{"@type":"Person","@id":"https:\/\/vosgesinfo.fr\/saintdieinfo\/#\/schema\/person\/fa73e9f726d67bb88f46d5b7943cb572","name":"J.J.","image":{"@type":"ImageObject","inLanguage":"fr-FR","@id":"https:\/\/vosgesinfo.fr\/saintdieinfo\/#\/schema\/person\/image\/","url":"https:\/\/secure.gravatar.com\/avatar\/219e749e47ffbcca018a360ae4add7d4cdf1cdaaf8bc7676b27efade3fe65615?s=96&d=mm&r=g","contentUrl":"https:\/\/secure.gravatar.com\/avatar\/219e749e47ffbcca018a360ae4add7d4cdf1cdaaf8bc7676b27efade3fe65615?s=96&d=mm&r=g","caption":"J.J."},"url":"https:\/\/vosgesinfo.fr\/saintdieinfo\/author\/j-j\/"}]}},"_links":{"self":[{"href":"https:\/\/vosgesinfo.fr\/saintdieinfo\/wp-json\/wp\/v2\/posts\/33100","targetHints":{"allow":["GET"]}}],"collection":[{"href":"https:\/\/vosgesinfo.fr\/saintdieinfo\/wp-json\/wp\/v2\/posts"}],"about":[{"href":"https:\/\/vosgesinfo.fr\/saintdieinfo\/wp-json\/wp\/v2\/types\/post"}],"author":[{"embeddable":true,"href":"https:\/\/vosgesinfo.fr\/saintdieinfo\/wp-json\/wp\/v2\/users\/46"}],"replies":[{"embeddable":true,"href":"https:\/\/vosgesinfo.fr\/saintdieinfo\/wp-json\/wp\/v2\/comments?post=33100"}],"version-history":[{"count":0,"href":"https:\/\/vosgesinfo.fr\/saintdieinfo\/wp-json\/wp\/v2\/posts\/33100\/revisions"}],"wp:featuredmedia":[{"embeddable":true,"href":"https:\/\/vosgesinfo.fr\/saintdieinfo\/wp-json\/wp\/v2\/media\/33101"}],"wp:attachment":[{"href":"https:\/\/vosgesinfo.fr\/saintdieinfo\/wp-json\/wp\/v2\/media?parent=33100"}],"wp:term":[{"taxonomy":"category","embeddable":true,"href":"https:\/\/vosgesinfo.fr\/saintdieinfo\/wp-json\/wp\/v2\/categories?post=33100"},{"taxonomy":"post_tag","embeddable":true,"href":"https:\/\/vosgesinfo.fr\/saintdieinfo\/wp-json\/wp\/v2\/tags?post=33100"}],"curies":[{"name":"wp","href":"https:\/\/api.w.org\/{rel}","templated":true}]}}