{"id":33358,"date":"2024-05-03T09:18:02","date_gmt":"2024-05-03T07:18:02","guid":{"rendered":"https:\/\/vosgesinfo.fr\/saintdieinfo\/?p=33358"},"modified":"2024-05-03T09:21:48","modified_gmt":"2024-05-03T07:21:48","slug":"historiquement-la-deodatie-est-un-territoire-industriel-et-le-reste-aujourdhui","status":"publish","type":"post","link":"https:\/\/vosgesinfo.fr\/saintdieinfo\/2024\/05\/historiquement-la-deodatie-est-un-territoire-industriel-et-le-reste-aujourdhui\/","title":{"rendered":"\u00ab\u00a0Historiquement, la D\u00e9odatie est un territoire industriel et le reste aujourd&rsquo;hui\u00a0\u00bb"},"content":{"rendered":"<p><img decoding=\"async\" class=\"alignnone size-large wp-image-33359\" src=\"https:\/\/vosgesinfo.fr\/app\/uploads\/sites\/4\/2024\/05\/rencontre-industriels-territoire-dindustrie-1-1024x771.jpg\" alt=\"\" width=\"1024\" height=\"771\" srcset=\"https:\/\/vosgesinfo.fr\/app\/uploads\/sites\/4\/2024\/05\/rencontre-industriels-territoire-dindustrie-1-1024x771.jpg 1024w, https:\/\/vosgesinfo.fr\/app\/uploads\/sites\/4\/2024\/05\/rencontre-industriels-territoire-dindustrie-1-300x226.jpg 300w, https:\/\/vosgesinfo.fr\/app\/uploads\/sites\/4\/2024\/05\/rencontre-industriels-territoire-dindustrie-1-768x578.jpg 768w, https:\/\/vosgesinfo.fr\/app\/uploads\/sites\/4\/2024\/05\/rencontre-industriels-territoire-dindustrie-1-1536x1157.jpg 1536w, https:\/\/vosgesinfo.fr\/app\/uploads\/sites\/4\/2024\/05\/rencontre-industriels-territoire-dindustrie-1-2048x1542.jpg 2048w\" sizes=\"(max-width: 1024px) 100vw, 1024px\" \/><\/p>\n<h2>Dans une volont\u00e9 de r\u00e9industrialiser la France, le Gouvernement a lanc\u00e9 le \u00ab\u00a0Temps II\u00a0\u00bb du programme \u00ab\u00a0Territoires d&rsquo;Industrie\u00a0\u00bb, le 9 novembre dernier. 183 territoires de l&rsquo;hexagone ont ainsi \u00e9t\u00e9 s\u00e9lectionn\u00e9s pour participer au programme, qui se d\u00e9cline de 2023 \u00e0 2027.<\/h2>\n<p><!--more--><\/p>\n<p>La Communaut\u00e9 d&rsquo;Agglom\u00e9ration de Saint-Di\u00e9-des-Vosges fait partie de ces territoires s\u00e9lectionn\u00e9s, qui forme avec la Communaut\u00e9 de Communes de Bruy\u00e8res Vallons des Vosges et la Communaut\u00e9 de Communes de G\u00e9rardmer Hautes-Vosges le <a href=\"https:\/\/vosgesinfo.fr\/saintdieinfo\/2024\/04\/territoires-dindustrie-un-label-pour-lavenir\/\" target=\"_blank\" rel=\"noopener\">\u00ab\u00a0Territoire d&rsquo;Industrie des 3 Vall\u00e9es\u00a0\u00bb.<\/a><\/p>\n<p>Ce jeudi en fin de journ\u00e9e, la Boussole accueillait une premi\u00e8re r\u00e9union des industriels de la D\u00e9odatie afin de leur pr\u00e9senter le projet. Une quinzaine d&rsquo;entre eux avaient r\u00e9pondu pr\u00e9sents, accueillis sur place par Claude George, pr\u00e9sident de la Communaut\u00e9 d&rsquo;Agglom\u00e9ration, le vice-pr\u00e9sident Beno\u00eet Pierrat, la sous-pr\u00e9f\u00e8te Carole Dabrigeon et Marion Etienne, directrice g\u00e9n\u00e9rale de Numalliance et repr\u00e9sentante des industriels de la D\u00e9odatie au sein des \u00ab Territoire d&rsquo;Industrie des 3 Vall\u00e9es \u00bb.<\/p>\n<p>Rappelant la volont\u00e9 de la Communaut\u00e9 d&rsquo;Agglom\u00e9ration de \u00ab\u00a0placer les industries au c\u0153ur du d\u00e9veloppement \u00e9conomique de notre territoire\u00a0\u00bb, Claude George estime que ce programme \u00ab\u00a0constitue une v\u00e9ritable opportunit\u00e9\u00a0\u00bb. Concr\u00e8tement, l&rsquo;id\u00e9e derri\u00e8re ce programme est de servir d&rsquo;interface directe entre les industriels et les politiques locaux. Un autre objectif affich\u00e9 est de cr\u00e9er un r\u00e9seau entre industriels.<\/p>\n<p>\u00ab\u00a0Historiquement, nous sommes un territoire industriel et nous le restons\u00a0\u00bb a pour sa part soulign\u00e9 Ana\u00efs Garcia, directrice du d\u00e9veloppement \u00e9conomique de la Communaut\u00e9 d&rsquo;Agglom\u00e9ration.<\/p>\n<p>Et de rappeler ensuite les 4 axes autour desquels s&rsquo;articulent le plan d&rsquo;actions des \u00ab\u00a0Territoires d&rsquo;Industrie des 3 Vall\u00e9es\u00a0\u00bb\u00a0: faire des territoires des \u00e9cosyst\u00e8mes d&rsquo;innovation ambitieux\u00a0; lever les freins au recrutement et d\u00e9velopper les comp\u00e9tences dans des territoires industriels attractifs\u00a0; acc\u00e9l\u00e9rer la transition \u00e9cologique et \u00e9nerg\u00e9tique\u00a0; mobiliser un foncier industriel adapt\u00e9 aux enjeux et besoins des industriels comme des collectivit\u00e9s. Cette premi\u00e8re r\u00e9union a \u00e9galement donn\u00e9 lieu \u00e0 un atelier de priorisation vis \u00e0 vis de ces 4 axes.<\/p>\n<p>En 2020, l&rsquo;industrie repr\u00e9sentait 4913 emplois sur le territoire de la Communaut\u00e9 d&rsquo;Agglom\u00e9ration de Saint-Di\u00e9-des-Vosges. Soit 21% des 23 688 emplois au total. Un pourcentage stable par rapport \u00e0 2009, ann\u00e9e o\u00f9 il \u00e9tait de 23% (6453 emplois dans l&rsquo;industrie pour 28 203 emplois au total).<\/p>\n<p>J.J.<\/p>\n<p><img decoding=\"async\" class=\"alignnone size-large wp-image-33362\" src=\"https:\/\/vosgesinfo.fr\/app\/uploads\/sites\/4\/2024\/05\/rencontre-industriels-territoire-dindustrie-4-1024x771.jpg\" alt=\"\" width=\"1024\" height=\"771\" srcset=\"https:\/\/vosgesinfo.fr\/app\/uploads\/sites\/4\/2024\/05\/rencontre-industriels-territoire-dindustrie-4-1024x771.jpg 1024w, https:\/\/vosgesinfo.fr\/app\/uploads\/sites\/4\/2024\/05\/rencontre-industriels-territoire-dindustrie-4-300x226.jpg 300w, https:\/\/vosgesinfo.fr\/app\/uploads\/sites\/4\/2024\/05\/rencontre-industriels-territoire-dindustrie-4-768x578.jpg 768w, https:\/\/vosgesinfo.fr\/app\/uploads\/sites\/4\/2024\/05\/rencontre-industriels-territoire-dindustrie-4-1536x1157.jpg 1536w, https:\/\/vosgesinfo.fr\/app\/uploads\/sites\/4\/2024\/05\/rencontre-industriels-territoire-dindustrie-4-2048x1542.jpg 2048w\" sizes=\"(max-width: 1024px) 100vw, 1024px\" \/><\/p>\n<p><img decoding=\"async\" class=\"alignnone size-large wp-image-33360\" src=\"https:\/\/vosgesinfo.fr\/app\/uploads\/sites\/4\/2024\/05\/rencontre-industriels-territoire-dindustrie-2-1024x771.jpg\" alt=\"\" width=\"1024\" height=\"771\" srcset=\"https:\/\/vosgesinfo.fr\/app\/uploads\/sites\/4\/2024\/05\/rencontre-industriels-territoire-dindustrie-2-1024x771.jpg 1024w, https:\/\/vosgesinfo.fr\/app\/uploads\/sites\/4\/2024\/05\/rencontre-industriels-territoire-dindustrie-2-300x226.jpg 300w, https:\/\/vosgesinfo.fr\/app\/uploads\/sites\/4\/2024\/05\/rencontre-industriels-territoire-dindustrie-2-768x578.jpg 768w, https:\/\/vosgesinfo.fr\/app\/uploads\/sites\/4\/2024\/05\/rencontre-industriels-territoire-dindustrie-2-1536x1157.jpg 1536w, https:\/\/vosgesinfo.fr\/app\/uploads\/sites\/4\/2024\/05\/rencontre-industriels-territoire-dindustrie-2-2048x1542.jpg 2048w\" sizes=\"(max-width: 1024px) 100vw, 1024px\" \/><\/p>\n<p><img decoding=\"async\" class=\"alignnone size-large wp-image-33361\" src=\"https:\/\/vosgesinfo.fr\/app\/uploads\/sites\/4\/2024\/05\/rencontre-industriels-territoire-dindustrie-3-1024x771.jpg\" alt=\"\" width=\"1024\" height=\"771\" srcset=\"https:\/\/vosgesinfo.fr\/app\/uploads\/sites\/4\/2024\/05\/rencontre-industriels-territoire-dindustrie-3-1024x771.jpg 1024w, https:\/\/vosgesinfo.fr\/app\/uploads\/sites\/4\/2024\/05\/rencontre-industriels-territoire-dindustrie-3-300x226.jpg 300w, https:\/\/vosgesinfo.fr\/app\/uploads\/sites\/4\/2024\/05\/rencontre-industriels-territoire-dindustrie-3-768x578.jpg 768w, https:\/\/vosgesinfo.fr\/app\/uploads\/sites\/4\/2024\/05\/rencontre-industriels-territoire-dindustrie-3-1536x1157.jpg 1536w, https:\/\/vosgesinfo.fr\/app\/uploads\/sites\/4\/2024\/05\/rencontre-industriels-territoire-dindustrie-3-2048x1542.jpg 2048w\" sizes=\"(max-width: 1024px) 100vw, 1024px\" \/><\/p>\n","protected":false},"excerpt":{"rendered":"<p>Dans une volont\u00e9 de r\u00e9industrialiser la France, le Gouvernement a lanc\u00e9 le \u00ab\u00a0Temps II\u00a0\u00bb du programme \u00ab\u00a0Territoires d&rsquo;Industrie\u00a0\u00bb, le 9 [&hellip;]<\/p>\n","protected":false},"author":46,"featured_media":33359,"comment_status":"open","ping_status":"open","sticky":false,"template":"","format":"standard","meta":{"footnotes":""},"categories":[460,5,2915],"tags":[3282,3027,6111],"class_list":["post-33358","post","type-post","status-publish","format-standard","has-post-thumbnail","hentry","category-a-la-une","category-economie","category-saint-die-son-canton","tag-communaute-dagglomeration-de-saint-die-des-vosges","tag-la-boussole","tag-territoire-dindustrie-des-3-vallees"],"acf":[],"yoast_head":"<!-- This site is optimized with the Yoast SEO plugin v22.5 - https:\/\/yoast.com\/wordpress\/plugins\/seo\/ -->\n<title>&quot;Historiquement, la D\u00e9odatie est un territoire industriel et le reste aujourd&#039;hui&quot; - Saint Die Info<\/title>\n<meta name=\"robots\" content=\"index, follow, max-snippet:-1, max-image-preview:large, max-video-preview:-1\" \/>\n<link rel=\"canonical\" href=\"https:\/\/vosgesinfo.fr\/saintdieinfo\/2024\/05\/historiquement-la-deodatie-est-un-territoire-industriel-et-le-reste-aujourdhui\/\" \/>\n<meta name=\"twitter:card\" content=\"summary_large_image\" \/>\n<meta name=\"twitter:title\" content=\"&quot;Historiquement, la D\u00e9odatie est un territoire industriel et le reste aujourd&#039;hui&quot; - Saint Die Info\" \/>\n<meta name=\"twitter:description\" content=\"Dans une volont\u00e9 de r\u00e9industrialiser la France, le Gouvernement a lanc\u00e9 le \u00ab\u00a0Temps II\u00a0\u00bb du programme \u00ab\u00a0Territoires d&rsquo;Industrie\u00a0\u00bb, le 9 [&hellip;]\" \/>\n<meta name=\"twitter:image\" content=\"https:\/\/vosgesinfo.fr\/app\/uploads\/sites\/4\/2024\/05\/rencontre-industriels-territoire-dindustrie-1-scaled.jpg\" \/>\n<meta name=\"twitter:creator\" content=\"@VosgesInfo88\" \/>\n<meta name=\"twitter:site\" content=\"@VosgesInfo88\" \/>\n<meta name=\"twitter:label1\" content=\"\u00c9crit par\" \/>\n\t<meta name=\"twitter:data1\" content=\"J.J.\" \/>\n\t<meta name=\"twitter:label2\" content=\"Dur\u00e9e de lecture estim\u00e9e\" \/>\n\t<meta name=\"twitter:data2\" content=\"3 minutes\" \/>\n<script type=\"application\/ld+json\" class=\"yoast-schema-graph\">{\"@context\":\"https:\/\/schema.org\",\"@graph\":[{\"@type\":\"Article\",\"@id\":\"https:\/\/vosgesinfo.fr\/saintdieinfo\/2024\/05\/historiquement-la-deodatie-est-un-territoire-industriel-et-le-reste-aujourdhui\/#article\",\"isPartOf\":{\"@id\":\"https:\/\/vosgesinfo.fr\/saintdieinfo\/2024\/05\/historiquement-la-deodatie-est-un-territoire-industriel-et-le-reste-aujourdhui\/\"},\"author\":{\"name\":\"J.J.\",\"@id\":\"https:\/\/vosgesinfo.fr\/saintdieinfo\/#\/schema\/person\/fa73e9f726d67bb88f46d5b7943cb572\"},\"headline\":\"\u00ab\u00a0Historiquement, la D\u00e9odatie est un territoire industriel et le reste aujourd&rsquo;hui\u00a0\u00bb\",\"datePublished\":\"2024-05-03T07:18:02+00:00\",\"dateModified\":\"2024-05-03T07:21:48+00:00\",\"mainEntityOfPage\":{\"@id\":\"https:\/\/vosgesinfo.fr\/saintdieinfo\/2024\/05\/historiquement-la-deodatie-est-un-territoire-industriel-et-le-reste-aujourdhui\/\"},\"wordCount\":421,\"commentCount\":0,\"publisher\":{\"@id\":\"https:\/\/vosgesinfo.fr\/saintdieinfo\/#organization\"},\"image\":{\"@id\":\"https:\/\/vosgesinfo.fr\/saintdieinfo\/2024\/05\/historiquement-la-deodatie-est-un-territoire-industriel-et-le-reste-aujourdhui\/#primaryimage\"},\"thumbnailUrl\":\"https:\/\/vosgesinfo.fr\/app\/uploads\/sites\/4\/2024\/05\/rencontre-industriels-territoire-dindustrie-1-scaled.jpg\",\"keywords\":[\"Communaut\u00e9 d'Agglom\u00e9ration de Saint-Di\u00e9-des-Vosges\",\"La Boussole\",\"Territoire d'Industrie des 3 Vall\u00e9es\"],\"articleSection\":[\"A la Une\",\"\u00c9conomie\",\"Saint-Di\u00e9-des-Vosges et son Agglom\u00e9ration\"],\"inLanguage\":\"fr-FR\",\"potentialAction\":[{\"@type\":\"CommentAction\",\"name\":\"Comment\",\"target\":[\"https:\/\/vosgesinfo.fr\/saintdieinfo\/2024\/05\/historiquement-la-deodatie-est-un-territoire-industriel-et-le-reste-aujourdhui\/#respond\"]}]},{\"@type\":\"WebPage\",\"@id\":\"https:\/\/vosgesinfo.fr\/saintdieinfo\/2024\/05\/historiquement-la-deodatie-est-un-territoire-industriel-et-le-reste-aujourdhui\/\",\"url\":\"https:\/\/vosgesinfo.fr\/saintdieinfo\/2024\/05\/historiquement-la-deodatie-est-un-territoire-industriel-et-le-reste-aujourdhui\/\",\"name\":\"\\\"Historiquement, la D\u00e9odatie est un territoire industriel et le reste aujourd'hui\\\" - Saint Die Info\",\"isPartOf\":{\"@id\":\"https:\/\/vosgesinfo.fr\/saintdieinfo\/#website\"},\"primaryImageOfPage\":{\"@id\":\"https:\/\/vosgesinfo.fr\/saintdieinfo\/2024\/05\/historiquement-la-deodatie-est-un-territoire-industriel-et-le-reste-aujourdhui\/#primaryimage\"},\"image\":{\"@id\":\"https:\/\/vosgesinfo.fr\/saintdieinfo\/2024\/05\/historiquement-la-deodatie-est-un-territoire-industriel-et-le-reste-aujourdhui\/#primaryimage\"},\"thumbnailUrl\":\"https:\/\/vosgesinfo.fr\/app\/uploads\/sites\/4\/2024\/05\/rencontre-industriels-territoire-dindustrie-1-scaled.jpg\",\"datePublished\":\"2024-05-03T07:18:02+00:00\",\"dateModified\":\"2024-05-03T07:21:48+00:00\",\"breadcrumb\":{\"@id\":\"https:\/\/vosgesinfo.fr\/saintdieinfo\/2024\/05\/historiquement-la-deodatie-est-un-territoire-industriel-et-le-reste-aujourdhui\/#breadcrumb\"},\"inLanguage\":\"fr-FR\",\"potentialAction\":[{\"@type\":\"ReadAction\",\"target\":[\"https:\/\/vosgesinfo.fr\/saintdieinfo\/2024\/05\/historiquement-la-deodatie-est-un-territoire-industriel-et-le-reste-aujourdhui\/\"]}]},{\"@type\":\"ImageObject\",\"inLanguage\":\"fr-FR\",\"@id\":\"https:\/\/vosgesinfo.fr\/saintdieinfo\/2024\/05\/historiquement-la-deodatie-est-un-territoire-industriel-et-le-reste-aujourdhui\/#primaryimage\",\"url\":\"https:\/\/vosgesinfo.fr\/app\/uploads\/sites\/4\/2024\/05\/rencontre-industriels-territoire-dindustrie-1-scaled.jpg\",\"contentUrl\":\"https:\/\/vosgesinfo.fr\/app\/uploads\/sites\/4\/2024\/05\/rencontre-industriels-territoire-dindustrie-1-scaled.jpg\",\"width\":2560,\"height\":1928},{\"@type\":\"BreadcrumbList\",\"@id\":\"https:\/\/vosgesinfo.fr\/saintdieinfo\/2024\/05\/historiquement-la-deodatie-est-un-territoire-industriel-et-le-reste-aujourdhui\/#breadcrumb\",\"itemListElement\":[{\"@type\":\"ListItem\",\"position\":1,\"name\":\"Home\",\"item\":\"https:\/\/vosgesinfo.fr\/saintdieinfo\/\"},{\"@type\":\"ListItem\",\"position\":2,\"name\":\"\u00ab\u00a0Historiquement, la D\u00e9odatie est un territoire industriel et le reste aujourd&rsquo;hui\u00a0\u00bb\"}]},{\"@type\":\"WebSite\",\"@id\":\"https:\/\/vosgesinfo.fr\/saintdieinfo\/#website\",\"url\":\"https:\/\/vosgesinfo.fr\/saintdieinfo\/\",\"name\":\"Saint Die Info\",\"description\":\"Toute l&#039;actualit\u00e9 de Saint-Di\u00e9-Des-Vosges\",\"publisher\":{\"@id\":\"https:\/\/vosgesinfo.fr\/saintdieinfo\/#organization\"},\"alternateName\":\"Toute l'actualit\u00e9 de Saint-Di\u00e9-Des-Vosges\",\"potentialAction\":[{\"@type\":\"SearchAction\",\"target\":{\"@type\":\"EntryPoint\",\"urlTemplate\":\"https:\/\/vosgesinfo.fr\/saintdieinfo\/?s={search_term_string}\"},\"query-input\":\"required name=search_term_string\"}],\"inLanguage\":\"fr-FR\"},{\"@type\":\"Organization\",\"@id\":\"https:\/\/vosgesinfo.fr\/saintdieinfo\/#organization\",\"name\":\"Saint Die Info\",\"url\":\"https:\/\/vosgesinfo.fr\/saintdieinfo\/\",\"logo\":{\"@type\":\"ImageObject\",\"inLanguage\":\"fr-FR\",\"@id\":\"https:\/\/vosgesinfo.fr\/saintdieinfo\/#\/schema\/logo\/image\/\",\"url\":\"https:\/\/vosgesinfo.fr\/app\/uploads\/sites\/4\/2024\/02\/logo-sdi.jpg\",\"contentUrl\":\"https:\/\/vosgesinfo.fr\/app\/uploads\/sites\/4\/2024\/02\/logo-sdi.jpg\",\"width\":600,\"height\":600,\"caption\":\"Saint Die Info\"},\"image\":{\"@id\":\"https:\/\/vosgesinfo.fr\/saintdieinfo\/#\/schema\/logo\/image\/\"},\"sameAs\":[\"https:\/\/www.facebook.com\/Saintdieinfofr\",\"https:\/\/x.com\/VosgesInfo88\",\"https:\/\/www.youtube.com\/@vosgesinfo\"]},{\"@type\":\"Person\",\"@id\":\"https:\/\/vosgesinfo.fr\/saintdieinfo\/#\/schema\/person\/fa73e9f726d67bb88f46d5b7943cb572\",\"name\":\"J.J.\",\"image\":{\"@type\":\"ImageObject\",\"inLanguage\":\"fr-FR\",\"@id\":\"https:\/\/vosgesinfo.fr\/saintdieinfo\/#\/schema\/person\/image\/\",\"url\":\"https:\/\/secure.gravatar.com\/avatar\/219e749e47ffbcca018a360ae4add7d4cdf1cdaaf8bc7676b27efade3fe65615?s=96&d=mm&r=g\",\"contentUrl\":\"https:\/\/secure.gravatar.com\/avatar\/219e749e47ffbcca018a360ae4add7d4cdf1cdaaf8bc7676b27efade3fe65615?s=96&d=mm&r=g\",\"caption\":\"J.J.\"},\"url\":\"https:\/\/vosgesinfo.fr\/saintdieinfo\/author\/j-j\/\"}]}<\/script>\n<!-- \/ Yoast SEO plugin. -->","yoast_head_json":{"title":"\"Historiquement, la D\u00e9odatie est un territoire industriel et le reste aujourd'hui\" - Saint Die Info","robots":{"index":"index","follow":"follow","max-snippet":"max-snippet:-1","max-image-preview":"max-image-preview:large","max-video-preview":"max-video-preview:-1"},"canonical":"https:\/\/vosgesinfo.fr\/saintdieinfo\/2024\/05\/historiquement-la-deodatie-est-un-territoire-industriel-et-le-reste-aujourdhui\/","twitter_card":"summary_large_image","twitter_title":"\"Historiquement, la D\u00e9odatie est un territoire industriel et le reste aujourd'hui\" - Saint Die Info","twitter_description":"Dans une volont\u00e9 de r\u00e9industrialiser la France, le Gouvernement a lanc\u00e9 le \u00ab\u00a0Temps II\u00a0\u00bb du programme \u00ab\u00a0Territoires d&rsquo;Industrie\u00a0\u00bb, le 9 [&hellip;]","twitter_image":"https:\/\/vosgesinfo.fr\/app\/uploads\/sites\/4\/2024\/05\/rencontre-industriels-territoire-dindustrie-1-scaled.jpg","twitter_creator":"@VosgesInfo88","twitter_site":"@VosgesInfo88","twitter_misc":{"\u00c9crit par":"J.J.","Dur\u00e9e de lecture estim\u00e9e":"3 minutes"},"schema":{"@context":"https:\/\/schema.org","@graph":[{"@type":"Article","@id":"https:\/\/vosgesinfo.fr\/saintdieinfo\/2024\/05\/historiquement-la-deodatie-est-un-territoire-industriel-et-le-reste-aujourdhui\/#article","isPartOf":{"@id":"https:\/\/vosgesinfo.fr\/saintdieinfo\/2024\/05\/historiquement-la-deodatie-est-un-territoire-industriel-et-le-reste-aujourdhui\/"},"author":{"name":"J.J.","@id":"https:\/\/vosgesinfo.fr\/saintdieinfo\/#\/schema\/person\/fa73e9f726d67bb88f46d5b7943cb572"},"headline":"\u00ab\u00a0Historiquement, la D\u00e9odatie est un territoire industriel et le reste aujourd&rsquo;hui\u00a0\u00bb","datePublished":"2024-05-03T07:18:02+00:00","dateModified":"2024-05-03T07:21:48+00:00","mainEntityOfPage":{"@id":"https:\/\/vosgesinfo.fr\/saintdieinfo\/2024\/05\/historiquement-la-deodatie-est-un-territoire-industriel-et-le-reste-aujourdhui\/"},"wordCount":421,"commentCount":0,"publisher":{"@id":"https:\/\/vosgesinfo.fr\/saintdieinfo\/#organization"},"image":{"@id":"https:\/\/vosgesinfo.fr\/saintdieinfo\/2024\/05\/historiquement-la-deodatie-est-un-territoire-industriel-et-le-reste-aujourdhui\/#primaryimage"},"thumbnailUrl":"https:\/\/vosgesinfo.fr\/app\/uploads\/sites\/4\/2024\/05\/rencontre-industriels-territoire-dindustrie-1-scaled.jpg","keywords":["Communaut\u00e9 d'Agglom\u00e9ration de Saint-Di\u00e9-des-Vosges","La Boussole","Territoire d'Industrie des 3 Vall\u00e9es"],"articleSection":["A la Une","\u00c9conomie","Saint-Di\u00e9-des-Vosges et son Agglom\u00e9ration"],"inLanguage":"fr-FR","potentialAction":[{"@type":"CommentAction","name":"Comment","target":["https:\/\/vosgesinfo.fr\/saintdieinfo\/2024\/05\/historiquement-la-deodatie-est-un-territoire-industriel-et-le-reste-aujourdhui\/#respond"]}]},{"@type":"WebPage","@id":"https:\/\/vosgesinfo.fr\/saintdieinfo\/2024\/05\/historiquement-la-deodatie-est-un-territoire-industriel-et-le-reste-aujourdhui\/","url":"https:\/\/vosgesinfo.fr\/saintdieinfo\/2024\/05\/historiquement-la-deodatie-est-un-territoire-industriel-et-le-reste-aujourdhui\/","name":"\"Historiquement, la D\u00e9odatie est un territoire industriel et le reste aujourd'hui\" - Saint Die Info","isPartOf":{"@id":"https:\/\/vosgesinfo.fr\/saintdieinfo\/#website"},"primaryImageOfPage":{"@id":"https:\/\/vosgesinfo.fr\/saintdieinfo\/2024\/05\/historiquement-la-deodatie-est-un-territoire-industriel-et-le-reste-aujourdhui\/#primaryimage"},"image":{"@id":"https:\/\/vosgesinfo.fr\/saintdieinfo\/2024\/05\/historiquement-la-deodatie-est-un-territoire-industriel-et-le-reste-aujourdhui\/#primaryimage"},"thumbnailUrl":"https:\/\/vosgesinfo.fr\/app\/uploads\/sites\/4\/2024\/05\/rencontre-industriels-territoire-dindustrie-1-scaled.jpg","datePublished":"2024-05-03T07:18:02+00:00","dateModified":"2024-05-03T07:21:48+00:00","breadcrumb":{"@id":"https:\/\/vosgesinfo.fr\/saintdieinfo\/2024\/05\/historiquement-la-deodatie-est-un-territoire-industriel-et-le-reste-aujourdhui\/#breadcrumb"},"inLanguage":"fr-FR","potentialAction":[{"@type":"ReadAction","target":["https:\/\/vosgesinfo.fr\/saintdieinfo\/2024\/05\/historiquement-la-deodatie-est-un-territoire-industriel-et-le-reste-aujourdhui\/"]}]},{"@type":"ImageObject","inLanguage":"fr-FR","@id":"https:\/\/vosgesinfo.fr\/saintdieinfo\/2024\/05\/historiquement-la-deodatie-est-un-territoire-industriel-et-le-reste-aujourdhui\/#primaryimage","url":"https:\/\/vosgesinfo.fr\/app\/uploads\/sites\/4\/2024\/05\/rencontre-industriels-territoire-dindustrie-1-scaled.jpg","contentUrl":"https:\/\/vosgesinfo.fr\/app\/uploads\/sites\/4\/2024\/05\/rencontre-industriels-territoire-dindustrie-1-scaled.jpg","width":2560,"height":1928},{"@type":"BreadcrumbList","@id":"https:\/\/vosgesinfo.fr\/saintdieinfo\/2024\/05\/historiquement-la-deodatie-est-un-territoire-industriel-et-le-reste-aujourdhui\/#breadcrumb","itemListElement":[{"@type":"ListItem","position":1,"name":"Home","item":"https:\/\/vosgesinfo.fr\/saintdieinfo\/"},{"@type":"ListItem","position":2,"name":"\u00ab\u00a0Historiquement, la D\u00e9odatie est un territoire industriel et le reste aujourd&rsquo;hui\u00a0\u00bb"}]},{"@type":"WebSite","@id":"https:\/\/vosgesinfo.fr\/saintdieinfo\/#website","url":"https:\/\/vosgesinfo.fr\/saintdieinfo\/","name":"Saint Die Info","description":"Toute l&#039;actualit\u00e9 de Saint-Di\u00e9-Des-Vosges","publisher":{"@id":"https:\/\/vosgesinfo.fr\/saintdieinfo\/#organization"},"alternateName":"Toute l'actualit\u00e9 de Saint-Di\u00e9-Des-Vosges","potentialAction":[{"@type":"SearchAction","target":{"@type":"EntryPoint","urlTemplate":"https:\/\/vosgesinfo.fr\/saintdieinfo\/?s={search_term_string}"},"query-input":"required name=search_term_string"}],"inLanguage":"fr-FR"},{"@type":"Organization","@id":"https:\/\/vosgesinfo.fr\/saintdieinfo\/#organization","name":"Saint Die Info","url":"https:\/\/vosgesinfo.fr\/saintdieinfo\/","logo":{"@type":"ImageObject","inLanguage":"fr-FR","@id":"https:\/\/vosgesinfo.fr\/saintdieinfo\/#\/schema\/logo\/image\/","url":"https:\/\/vosgesinfo.fr\/app\/uploads\/sites\/4\/2024\/02\/logo-sdi.jpg","contentUrl":"https:\/\/vosgesinfo.fr\/app\/uploads\/sites\/4\/2024\/02\/logo-sdi.jpg","width":600,"height":600,"caption":"Saint Die Info"},"image":{"@id":"https:\/\/vosgesinfo.fr\/saintdieinfo\/#\/schema\/logo\/image\/"},"sameAs":["https:\/\/www.facebook.com\/Saintdieinfofr","https:\/\/x.com\/VosgesInfo88","https:\/\/www.youtube.com\/@vosgesinfo"]},{"@type":"Person","@id":"https:\/\/vosgesinfo.fr\/saintdieinfo\/#\/schema\/person\/fa73e9f726d67bb88f46d5b7943cb572","name":"J.J.","image":{"@type":"ImageObject","inLanguage":"fr-FR","@id":"https:\/\/vosgesinfo.fr\/saintdieinfo\/#\/schema\/person\/image\/","url":"https:\/\/secure.gravatar.com\/avatar\/219e749e47ffbcca018a360ae4add7d4cdf1cdaaf8bc7676b27efade3fe65615?s=96&d=mm&r=g","contentUrl":"https:\/\/secure.gravatar.com\/avatar\/219e749e47ffbcca018a360ae4add7d4cdf1cdaaf8bc7676b27efade3fe65615?s=96&d=mm&r=g","caption":"J.J."},"url":"https:\/\/vosgesinfo.fr\/saintdieinfo\/author\/j-j\/"}]}},"_links":{"self":[{"href":"https:\/\/vosgesinfo.fr\/saintdieinfo\/wp-json\/wp\/v2\/posts\/33358","targetHints":{"allow":["GET"]}}],"collection":[{"href":"https:\/\/vosgesinfo.fr\/saintdieinfo\/wp-json\/wp\/v2\/posts"}],"about":[{"href":"https:\/\/vosgesinfo.fr\/saintdieinfo\/wp-json\/wp\/v2\/types\/post"}],"author":[{"embeddable":true,"href":"https:\/\/vosgesinfo.fr\/saintdieinfo\/wp-json\/wp\/v2\/users\/46"}],"replies":[{"embeddable":true,"href":"https:\/\/vosgesinfo.fr\/saintdieinfo\/wp-json\/wp\/v2\/comments?post=33358"}],"version-history":[{"count":2,"href":"https:\/\/vosgesinfo.fr\/saintdieinfo\/wp-json\/wp\/v2\/posts\/33358\/revisions"}],"predecessor-version":[{"id":33364,"href":"https:\/\/vosgesinfo.fr\/saintdieinfo\/wp-json\/wp\/v2\/posts\/33358\/revisions\/33364"}],"wp:featuredmedia":[{"embeddable":true,"href":"https:\/\/vosgesinfo.fr\/saintdieinfo\/wp-json\/wp\/v2\/media\/33359"}],"wp:attachment":[{"href":"https:\/\/vosgesinfo.fr\/saintdieinfo\/wp-json\/wp\/v2\/media?parent=33358"}],"wp:term":[{"taxonomy":"category","embeddable":true,"href":"https:\/\/vosgesinfo.fr\/saintdieinfo\/wp-json\/wp\/v2\/categories?post=33358"},{"taxonomy":"post_tag","embeddable":true,"href":"https:\/\/vosgesinfo.fr\/saintdieinfo\/wp-json\/wp\/v2\/tags?post=33358"}],"curies":[{"name":"wp","href":"https:\/\/api.w.org\/{rel}","templated":true}]}}