{"id":33466,"date":"2024-05-07T11:39:14","date_gmt":"2024-05-07T09:39:14","guid":{"rendered":"https:\/\/vosgesinfo.fr\/saintdieinfo\/?p=33466"},"modified":"2024-05-07T15:00:44","modified_gmt":"2024-05-07T13:00:44","slug":"des-travaux-durgence-vont-etre-menes-sur-la-ligne-saint-die-des-vosges-strasbourg","status":"publish","type":"post","link":"https:\/\/vosgesinfo.fr\/saintdieinfo\/2024\/05\/des-travaux-durgence-vont-etre-menes-sur-la-ligne-saint-die-des-vosges-strasbourg\/","title":{"rendered":"Des travaux d&rsquo;urgence vont \u00eatre men\u00e9s sur la ligne Saint-Di\u00e9-des-Vosges \u2013 Strasbourg"},"content":{"rendered":"<div id=\"attachment_33467\" style=\"width: 1034px\" class=\"wp-caption alignnone\"><img decoding=\"async\" aria-describedby=\"caption-attachment-33467\" class=\"wp-image-33467 size-large\" src=\"https:\/\/vosgesinfo.fr\/app\/uploads\/sites\/4\/2024\/05\/travaux-urgence-ligne-sddv-strasbourg-1024x771.jpg\" alt=\"\" width=\"1024\" height=\"771\" srcset=\"https:\/\/vosgesinfo.fr\/app\/uploads\/sites\/4\/2024\/05\/travaux-urgence-ligne-sddv-strasbourg-1024x771.jpg 1024w, https:\/\/vosgesinfo.fr\/app\/uploads\/sites\/4\/2024\/05\/travaux-urgence-ligne-sddv-strasbourg-300x226.jpg 300w, https:\/\/vosgesinfo.fr\/app\/uploads\/sites\/4\/2024\/05\/travaux-urgence-ligne-sddv-strasbourg-768x578.jpg 768w, https:\/\/vosgesinfo.fr\/app\/uploads\/sites\/4\/2024\/05\/travaux-urgence-ligne-sddv-strasbourg-1536x1157.jpg 1536w, https:\/\/vosgesinfo.fr\/app\/uploads\/sites\/4\/2024\/05\/travaux-urgence-ligne-sddv-strasbourg-2048x1542.jpg 2048w\" sizes=\"(max-width: 1024px) 100vw, 1024px\" \/><p id=\"caption-attachment-33467\" class=\"wp-caption-text\">Le directeur de SNCF R\u00e9seau Matthieu Chabanel (troisi\u00e8me en partant de la gauche) a \u00e9t\u00e9 accueilli en gare de Saint-Di\u00e9-des-Vosges par le d\u00e9put\u00e9 de la deuxi\u00e8me circonscription de Saint-Di\u00e9-des-Vosges David Valence, \u00e9galement pr\u00e9sident de la commission Transports, d\u00e9placements et infrastructures de la R\u00e9gion Grand Est.<\/p><\/div>\n<h2>Le directeur de SNCF R\u00e9seau Matthieu Chabanel \u00e9tait de passage dans les Vosges ce lundi. L&rsquo;objet de sa visite concernait la ligne Saint-Di\u00e9-des-Vosges \u2013 Strasbourg. Pour rappel, le 19 janvier un bris de voie est survenu sur cette ligne, au niveau de Lesseux. Cons\u00e9quence de cet incident : la circulation des trains est ralentie entre Saint-Di\u00e9-des-Vosges et Saales.<\/h2>\n<p><!--more--><\/p>\n<p>Matthieu Chabanel a annonc\u00e9 hier que des \u00ab travaux d&rsquo;urgence \u00bb vont \u00eatre men\u00e9s cet \u00e9t\u00e9 sur la ligne Saint-Di\u00e9-des-Vosges \u2013 Strasbourg, du 15 juillet au 27 septembre, sur un tron\u00e7on de 11 kilom\u00e8tres entre la cit\u00e9 d\u00e9odatienne et Provench\u00e8res-et-Colroy. Les ballasts, rails et traverses vont \u00eatre enti\u00e8rement chang\u00e9s sur cette portion de voie.<\/p>\n<p>Le co\u00fbt de ces travaux se chiffre \u00e0 hauteur de 6 millions d&rsquo;\u20ac. Cette somme s&rsquo;ajoute au chantier de 12,8 millions d&rsquo;\u20ac, qui \u00e9tait d\u00e9j\u00e0 programm\u00e9 entre Saint-Di\u00e9-des-Vosges et Saales. Ce qui porte donc le total des travaux sur ce tron\u00e7on \u00e0 pr\u00e8s de 19 millions d&rsquo;\u20ac. Une somme financ\u00e9e \u00e0 plus de 91,5% par la R\u00e9gion Grand Est. Les 8,5% restants \u00e9tant \u00e0 la charge de SNCF R\u00e9seau. Le tout en sachant que ces infrastructures dataient pour la plupart de plus d&rsquo;un si\u00e8cle.<\/p>\n<p>Pour David Valence, \u00ab\u00a0il s&rsquo;agit d&rsquo;une v\u00e9ritable acc\u00e9l\u00e9ration des efforts des partenaires pour la r\u00e9g\u00e9n\u00e9ration de cette ligne. Car la R\u00e9gion Grand Est consacrera 6 millions d&rsquo;\u20ac suppl\u00e9mentaires \u00e0 ce qui \u00e9tait initialement pr\u00e9vu. Car SNCF R\u00e9seau mobilisera des moyens exceptionnels pour r\u00e9aliser en 2024, entre Saint-Di\u00e9-des-Vosges et Saales, les travaux qui \u00e9taient programm\u00e9s en 2024, mais aussi en 2025 et 2026.\u00a0\u00bb<\/p>\n<p>Pendant la dur\u00e9e des travaux, des bus de substitution assureront la liaison entre Saint-Di\u00e9-des-Vosges et Saales.<\/p>\n<p>J.J.<\/p>\n","protected":false},"excerpt":{"rendered":"<p>Le directeur de SNCF R\u00e9seau Matthieu Chabanel \u00e9tait de passage dans les Vosges ce lundi. L&rsquo;objet de sa visite concernait [&hellip;]<\/p>\n","protected":false},"author":46,"featured_media":33467,"comment_status":"open","ping_status":"open","sticky":false,"template":"","format":"standard","meta":{"footnotes":""},"categories":[460,3628,2915],"tags":[3337,3338,6144,6145,5678,4293],"class_list":["post-33466","post","type-post","status-publish","format-standard","has-post-thumbnail","hentry","category-a-la-une","category-region-grand-est","category-saint-die-son-canton","tag-david-valence","tag-depute-de-la-deuxieme-circonscription-des-vosges","tag-directeur-de-sncf-reseau","tag-ligne-saint-die-des-vosges-strasbourg","tag-matthieu-chabanel","tag-sncf-reseau"],"acf":[],"yoast_head":"<!-- This site is optimized with the Yoast SEO plugin v22.5 - https:\/\/yoast.com\/wordpress\/plugins\/seo\/ -->\n<title>Des travaux d&#039;urgence vont \u00eatre men\u00e9s sur la ligne Saint-Di\u00e9-des-Vosges \u2013 Strasbourg - Saint Die Info<\/title>\n<meta name=\"robots\" content=\"index, follow, max-snippet:-1, max-image-preview:large, max-video-preview:-1\" \/>\n<link rel=\"canonical\" href=\"https:\/\/vosgesinfo.fr\/saintdieinfo\/2024\/05\/des-travaux-durgence-vont-etre-menes-sur-la-ligne-saint-die-des-vosges-strasbourg\/\" \/>\n<meta name=\"twitter:card\" content=\"summary_large_image\" \/>\n<meta name=\"twitter:title\" content=\"Des travaux d&#039;urgence vont \u00eatre men\u00e9s sur la ligne Saint-Di\u00e9-des-Vosges \u2013 Strasbourg - Saint Die Info\" \/>\n<meta name=\"twitter:description\" content=\"Le directeur de SNCF R\u00e9seau Matthieu Chabanel \u00e9tait de passage dans les Vosges ce lundi. L&rsquo;objet de sa visite concernait [&hellip;]\" \/>\n<meta name=\"twitter:image\" content=\"https:\/\/vosgesinfo.fr\/app\/uploads\/sites\/4\/2024\/05\/travaux-urgence-ligne-sddv-strasbourg-scaled.jpg\" \/>\n<meta name=\"twitter:creator\" content=\"@VosgesInfo88\" \/>\n<meta name=\"twitter:site\" content=\"@VosgesInfo88\" \/>\n<meta name=\"twitter:label1\" content=\"\u00c9crit par\" \/>\n\t<meta name=\"twitter:data1\" content=\"J.J.\" \/>\n\t<meta name=\"twitter:label2\" content=\"Dur\u00e9e de lecture estim\u00e9e\" \/>\n\t<meta name=\"twitter:data2\" content=\"3 minutes\" \/>\n<script type=\"application\/ld+json\" class=\"yoast-schema-graph\">{\"@context\":\"https:\/\/schema.org\",\"@graph\":[{\"@type\":\"Article\",\"@id\":\"https:\/\/vosgesinfo.fr\/saintdieinfo\/2024\/05\/des-travaux-durgence-vont-etre-menes-sur-la-ligne-saint-die-des-vosges-strasbourg\/#article\",\"isPartOf\":{\"@id\":\"https:\/\/vosgesinfo.fr\/saintdieinfo\/2024\/05\/des-travaux-durgence-vont-etre-menes-sur-la-ligne-saint-die-des-vosges-strasbourg\/\"},\"author\":{\"name\":\"J.J.\",\"@id\":\"https:\/\/vosgesinfo.fr\/saintdieinfo\/#\/schema\/person\/fa73e9f726d67bb88f46d5b7943cb572\"},\"headline\":\"Des travaux d&rsquo;urgence vont \u00eatre men\u00e9s sur la ligne Saint-Di\u00e9-des-Vosges \u2013 Strasbourg\",\"datePublished\":\"2024-05-07T09:39:14+00:00\",\"dateModified\":\"2024-05-07T13:00:44+00:00\",\"mainEntityOfPage\":{\"@id\":\"https:\/\/vosgesinfo.fr\/saintdieinfo\/2024\/05\/des-travaux-durgence-vont-etre-menes-sur-la-ligne-saint-die-des-vosges-strasbourg\/\"},\"wordCount\":369,\"commentCount\":0,\"publisher\":{\"@id\":\"https:\/\/vosgesinfo.fr\/saintdieinfo\/#organization\"},\"image\":{\"@id\":\"https:\/\/vosgesinfo.fr\/saintdieinfo\/2024\/05\/des-travaux-durgence-vont-etre-menes-sur-la-ligne-saint-die-des-vosges-strasbourg\/#primaryimage\"},\"thumbnailUrl\":\"https:\/\/vosgesinfo.fr\/app\/uploads\/sites\/4\/2024\/05\/travaux-urgence-ligne-sddv-strasbourg-scaled.jpg\",\"keywords\":[\"David Valence\",\"D\u00e9put\u00e9 de la deuxi\u00e8me circonscription des Vosges\",\"Directeur de SNCF R\u00e9seau\",\"Ligne Saint-Di\u00e9-des-Vosges - Strasbourg\",\"Matthieu Chabanel\",\"SNCF R\u00e9seau\"],\"articleSection\":[\"A la Une\",\"R\u00e9gion Grand Est\",\"Saint-Di\u00e9-des-Vosges et son Agglom\u00e9ration\"],\"inLanguage\":\"fr-FR\",\"potentialAction\":[{\"@type\":\"CommentAction\",\"name\":\"Comment\",\"target\":[\"https:\/\/vosgesinfo.fr\/saintdieinfo\/2024\/05\/des-travaux-durgence-vont-etre-menes-sur-la-ligne-saint-die-des-vosges-strasbourg\/#respond\"]}]},{\"@type\":\"WebPage\",\"@id\":\"https:\/\/vosgesinfo.fr\/saintdieinfo\/2024\/05\/des-travaux-durgence-vont-etre-menes-sur-la-ligne-saint-die-des-vosges-strasbourg\/\",\"url\":\"https:\/\/vosgesinfo.fr\/saintdieinfo\/2024\/05\/des-travaux-durgence-vont-etre-menes-sur-la-ligne-saint-die-des-vosges-strasbourg\/\",\"name\":\"Des travaux d'urgence vont \u00eatre men\u00e9s sur la ligne Saint-Di\u00e9-des-Vosges \u2013 Strasbourg - Saint Die Info\",\"isPartOf\":{\"@id\":\"https:\/\/vosgesinfo.fr\/saintdieinfo\/#website\"},\"primaryImageOfPage\":{\"@id\":\"https:\/\/vosgesinfo.fr\/saintdieinfo\/2024\/05\/des-travaux-durgence-vont-etre-menes-sur-la-ligne-saint-die-des-vosges-strasbourg\/#primaryimage\"},\"image\":{\"@id\":\"https:\/\/vosgesinfo.fr\/saintdieinfo\/2024\/05\/des-travaux-durgence-vont-etre-menes-sur-la-ligne-saint-die-des-vosges-strasbourg\/#primaryimage\"},\"thumbnailUrl\":\"https:\/\/vosgesinfo.fr\/app\/uploads\/sites\/4\/2024\/05\/travaux-urgence-ligne-sddv-strasbourg-scaled.jpg\",\"datePublished\":\"2024-05-07T09:39:14+00:00\",\"dateModified\":\"2024-05-07T13:00:44+00:00\",\"breadcrumb\":{\"@id\":\"https:\/\/vosgesinfo.fr\/saintdieinfo\/2024\/05\/des-travaux-durgence-vont-etre-menes-sur-la-ligne-saint-die-des-vosges-strasbourg\/#breadcrumb\"},\"inLanguage\":\"fr-FR\",\"potentialAction\":[{\"@type\":\"ReadAction\",\"target\":[\"https:\/\/vosgesinfo.fr\/saintdieinfo\/2024\/05\/des-travaux-durgence-vont-etre-menes-sur-la-ligne-saint-die-des-vosges-strasbourg\/\"]}]},{\"@type\":\"ImageObject\",\"inLanguage\":\"fr-FR\",\"@id\":\"https:\/\/vosgesinfo.fr\/saintdieinfo\/2024\/05\/des-travaux-durgence-vont-etre-menes-sur-la-ligne-saint-die-des-vosges-strasbourg\/#primaryimage\",\"url\":\"https:\/\/vosgesinfo.fr\/app\/uploads\/sites\/4\/2024\/05\/travaux-urgence-ligne-sddv-strasbourg-scaled.jpg\",\"contentUrl\":\"https:\/\/vosgesinfo.fr\/app\/uploads\/sites\/4\/2024\/05\/travaux-urgence-ligne-sddv-strasbourg-scaled.jpg\",\"width\":2560,\"height\":1928},{\"@type\":\"BreadcrumbList\",\"@id\":\"https:\/\/vosgesinfo.fr\/saintdieinfo\/2024\/05\/des-travaux-durgence-vont-etre-menes-sur-la-ligne-saint-die-des-vosges-strasbourg\/#breadcrumb\",\"itemListElement\":[{\"@type\":\"ListItem\",\"position\":1,\"name\":\"Home\",\"item\":\"https:\/\/vosgesinfo.fr\/saintdieinfo\/\"},{\"@type\":\"ListItem\",\"position\":2,\"name\":\"Des travaux d&rsquo;urgence vont \u00eatre men\u00e9s sur la ligne Saint-Di\u00e9-des-Vosges \u2013 Strasbourg\"}]},{\"@type\":\"WebSite\",\"@id\":\"https:\/\/vosgesinfo.fr\/saintdieinfo\/#website\",\"url\":\"https:\/\/vosgesinfo.fr\/saintdieinfo\/\",\"name\":\"Saint Die Info\",\"description\":\"Toute l&#039;actualit\u00e9 de Saint-Di\u00e9-Des-Vosges\",\"publisher\":{\"@id\":\"https:\/\/vosgesinfo.fr\/saintdieinfo\/#organization\"},\"alternateName\":\"Toute l'actualit\u00e9 de Saint-Di\u00e9-Des-Vosges\",\"potentialAction\":[{\"@type\":\"SearchAction\",\"target\":{\"@type\":\"EntryPoint\",\"urlTemplate\":\"https:\/\/vosgesinfo.fr\/saintdieinfo\/?s={search_term_string}\"},\"query-input\":\"required name=search_term_string\"}],\"inLanguage\":\"fr-FR\"},{\"@type\":\"Organization\",\"@id\":\"https:\/\/vosgesinfo.fr\/saintdieinfo\/#organization\",\"name\":\"Saint Die Info\",\"url\":\"https:\/\/vosgesinfo.fr\/saintdieinfo\/\",\"logo\":{\"@type\":\"ImageObject\",\"inLanguage\":\"fr-FR\",\"@id\":\"https:\/\/vosgesinfo.fr\/saintdieinfo\/#\/schema\/logo\/image\/\",\"url\":\"https:\/\/vosgesinfo.fr\/app\/uploads\/sites\/4\/2024\/02\/logo-sdi.jpg\",\"contentUrl\":\"https:\/\/vosgesinfo.fr\/app\/uploads\/sites\/4\/2024\/02\/logo-sdi.jpg\",\"width\":600,\"height\":600,\"caption\":\"Saint Die Info\"},\"image\":{\"@id\":\"https:\/\/vosgesinfo.fr\/saintdieinfo\/#\/schema\/logo\/image\/\"},\"sameAs\":[\"https:\/\/www.facebook.com\/Saintdieinfofr\",\"https:\/\/x.com\/VosgesInfo88\",\"https:\/\/www.youtube.com\/@vosgesinfo\"]},{\"@type\":\"Person\",\"@id\":\"https:\/\/vosgesinfo.fr\/saintdieinfo\/#\/schema\/person\/fa73e9f726d67bb88f46d5b7943cb572\",\"name\":\"J.J.\",\"image\":{\"@type\":\"ImageObject\",\"inLanguage\":\"fr-FR\",\"@id\":\"https:\/\/vosgesinfo.fr\/saintdieinfo\/#\/schema\/person\/image\/\",\"url\":\"https:\/\/secure.gravatar.com\/avatar\/219e749e47ffbcca018a360ae4add7d4cdf1cdaaf8bc7676b27efade3fe65615?s=96&d=mm&r=g\",\"contentUrl\":\"https:\/\/secure.gravatar.com\/avatar\/219e749e47ffbcca018a360ae4add7d4cdf1cdaaf8bc7676b27efade3fe65615?s=96&d=mm&r=g\",\"caption\":\"J.J.\"},\"url\":\"https:\/\/vosgesinfo.fr\/saintdieinfo\/author\/j-j\/\"}]}<\/script>\n<!-- \/ Yoast SEO plugin. -->","yoast_head_json":{"title":"Des travaux d'urgence vont \u00eatre men\u00e9s sur la ligne Saint-Di\u00e9-des-Vosges \u2013 Strasbourg - Saint Die Info","robots":{"index":"index","follow":"follow","max-snippet":"max-snippet:-1","max-image-preview":"max-image-preview:large","max-video-preview":"max-video-preview:-1"},"canonical":"https:\/\/vosgesinfo.fr\/saintdieinfo\/2024\/05\/des-travaux-durgence-vont-etre-menes-sur-la-ligne-saint-die-des-vosges-strasbourg\/","twitter_card":"summary_large_image","twitter_title":"Des travaux d'urgence vont \u00eatre men\u00e9s sur la ligne Saint-Di\u00e9-des-Vosges \u2013 Strasbourg - Saint Die Info","twitter_description":"Le directeur de SNCF R\u00e9seau Matthieu Chabanel \u00e9tait de passage dans les Vosges ce lundi. L&rsquo;objet de sa visite concernait [&hellip;]","twitter_image":"https:\/\/vosgesinfo.fr\/app\/uploads\/sites\/4\/2024\/05\/travaux-urgence-ligne-sddv-strasbourg-scaled.jpg","twitter_creator":"@VosgesInfo88","twitter_site":"@VosgesInfo88","twitter_misc":{"\u00c9crit par":"J.J.","Dur\u00e9e de lecture estim\u00e9e":"3 minutes"},"schema":{"@context":"https:\/\/schema.org","@graph":[{"@type":"Article","@id":"https:\/\/vosgesinfo.fr\/saintdieinfo\/2024\/05\/des-travaux-durgence-vont-etre-menes-sur-la-ligne-saint-die-des-vosges-strasbourg\/#article","isPartOf":{"@id":"https:\/\/vosgesinfo.fr\/saintdieinfo\/2024\/05\/des-travaux-durgence-vont-etre-menes-sur-la-ligne-saint-die-des-vosges-strasbourg\/"},"author":{"name":"J.J.","@id":"https:\/\/vosgesinfo.fr\/saintdieinfo\/#\/schema\/person\/fa73e9f726d67bb88f46d5b7943cb572"},"headline":"Des travaux d&rsquo;urgence vont \u00eatre men\u00e9s sur la ligne Saint-Di\u00e9-des-Vosges \u2013 Strasbourg","datePublished":"2024-05-07T09:39:14+00:00","dateModified":"2024-05-07T13:00:44+00:00","mainEntityOfPage":{"@id":"https:\/\/vosgesinfo.fr\/saintdieinfo\/2024\/05\/des-travaux-durgence-vont-etre-menes-sur-la-ligne-saint-die-des-vosges-strasbourg\/"},"wordCount":369,"commentCount":0,"publisher":{"@id":"https:\/\/vosgesinfo.fr\/saintdieinfo\/#organization"},"image":{"@id":"https:\/\/vosgesinfo.fr\/saintdieinfo\/2024\/05\/des-travaux-durgence-vont-etre-menes-sur-la-ligne-saint-die-des-vosges-strasbourg\/#primaryimage"},"thumbnailUrl":"https:\/\/vosgesinfo.fr\/app\/uploads\/sites\/4\/2024\/05\/travaux-urgence-ligne-sddv-strasbourg-scaled.jpg","keywords":["David Valence","D\u00e9put\u00e9 de la deuxi\u00e8me circonscription des Vosges","Directeur de SNCF R\u00e9seau","Ligne Saint-Di\u00e9-des-Vosges - Strasbourg","Matthieu Chabanel","SNCF R\u00e9seau"],"articleSection":["A la Une","R\u00e9gion Grand Est","Saint-Di\u00e9-des-Vosges et son Agglom\u00e9ration"],"inLanguage":"fr-FR","potentialAction":[{"@type":"CommentAction","name":"Comment","target":["https:\/\/vosgesinfo.fr\/saintdieinfo\/2024\/05\/des-travaux-durgence-vont-etre-menes-sur-la-ligne-saint-die-des-vosges-strasbourg\/#respond"]}]},{"@type":"WebPage","@id":"https:\/\/vosgesinfo.fr\/saintdieinfo\/2024\/05\/des-travaux-durgence-vont-etre-menes-sur-la-ligne-saint-die-des-vosges-strasbourg\/","url":"https:\/\/vosgesinfo.fr\/saintdieinfo\/2024\/05\/des-travaux-durgence-vont-etre-menes-sur-la-ligne-saint-die-des-vosges-strasbourg\/","name":"Des travaux d'urgence vont \u00eatre men\u00e9s sur la ligne Saint-Di\u00e9-des-Vosges \u2013 Strasbourg - Saint Die Info","isPartOf":{"@id":"https:\/\/vosgesinfo.fr\/saintdieinfo\/#website"},"primaryImageOfPage":{"@id":"https:\/\/vosgesinfo.fr\/saintdieinfo\/2024\/05\/des-travaux-durgence-vont-etre-menes-sur-la-ligne-saint-die-des-vosges-strasbourg\/#primaryimage"},"image":{"@id":"https:\/\/vosgesinfo.fr\/saintdieinfo\/2024\/05\/des-travaux-durgence-vont-etre-menes-sur-la-ligne-saint-die-des-vosges-strasbourg\/#primaryimage"},"thumbnailUrl":"https:\/\/vosgesinfo.fr\/app\/uploads\/sites\/4\/2024\/05\/travaux-urgence-ligne-sddv-strasbourg-scaled.jpg","datePublished":"2024-05-07T09:39:14+00:00","dateModified":"2024-05-07T13:00:44+00:00","breadcrumb":{"@id":"https:\/\/vosgesinfo.fr\/saintdieinfo\/2024\/05\/des-travaux-durgence-vont-etre-menes-sur-la-ligne-saint-die-des-vosges-strasbourg\/#breadcrumb"},"inLanguage":"fr-FR","potentialAction":[{"@type":"ReadAction","target":["https:\/\/vosgesinfo.fr\/saintdieinfo\/2024\/05\/des-travaux-durgence-vont-etre-menes-sur-la-ligne-saint-die-des-vosges-strasbourg\/"]}]},{"@type":"ImageObject","inLanguage":"fr-FR","@id":"https:\/\/vosgesinfo.fr\/saintdieinfo\/2024\/05\/des-travaux-durgence-vont-etre-menes-sur-la-ligne-saint-die-des-vosges-strasbourg\/#primaryimage","url":"https:\/\/vosgesinfo.fr\/app\/uploads\/sites\/4\/2024\/05\/travaux-urgence-ligne-sddv-strasbourg-scaled.jpg","contentUrl":"https:\/\/vosgesinfo.fr\/app\/uploads\/sites\/4\/2024\/05\/travaux-urgence-ligne-sddv-strasbourg-scaled.jpg","width":2560,"height":1928},{"@type":"BreadcrumbList","@id":"https:\/\/vosgesinfo.fr\/saintdieinfo\/2024\/05\/des-travaux-durgence-vont-etre-menes-sur-la-ligne-saint-die-des-vosges-strasbourg\/#breadcrumb","itemListElement":[{"@type":"ListItem","position":1,"name":"Home","item":"https:\/\/vosgesinfo.fr\/saintdieinfo\/"},{"@type":"ListItem","position":2,"name":"Des travaux d&rsquo;urgence vont \u00eatre men\u00e9s sur la ligne Saint-Di\u00e9-des-Vosges \u2013 Strasbourg"}]},{"@type":"WebSite","@id":"https:\/\/vosgesinfo.fr\/saintdieinfo\/#website","url":"https:\/\/vosgesinfo.fr\/saintdieinfo\/","name":"Saint Die Info","description":"Toute l&#039;actualit\u00e9 de Saint-Di\u00e9-Des-Vosges","publisher":{"@id":"https:\/\/vosgesinfo.fr\/saintdieinfo\/#organization"},"alternateName":"Toute l'actualit\u00e9 de Saint-Di\u00e9-Des-Vosges","potentialAction":[{"@type":"SearchAction","target":{"@type":"EntryPoint","urlTemplate":"https:\/\/vosgesinfo.fr\/saintdieinfo\/?s={search_term_string}"},"query-input":"required name=search_term_string"}],"inLanguage":"fr-FR"},{"@type":"Organization","@id":"https:\/\/vosgesinfo.fr\/saintdieinfo\/#organization","name":"Saint Die Info","url":"https:\/\/vosgesinfo.fr\/saintdieinfo\/","logo":{"@type":"ImageObject","inLanguage":"fr-FR","@id":"https:\/\/vosgesinfo.fr\/saintdieinfo\/#\/schema\/logo\/image\/","url":"https:\/\/vosgesinfo.fr\/app\/uploads\/sites\/4\/2024\/02\/logo-sdi.jpg","contentUrl":"https:\/\/vosgesinfo.fr\/app\/uploads\/sites\/4\/2024\/02\/logo-sdi.jpg","width":600,"height":600,"caption":"Saint Die Info"},"image":{"@id":"https:\/\/vosgesinfo.fr\/saintdieinfo\/#\/schema\/logo\/image\/"},"sameAs":["https:\/\/www.facebook.com\/Saintdieinfofr","https:\/\/x.com\/VosgesInfo88","https:\/\/www.youtube.com\/@vosgesinfo"]},{"@type":"Person","@id":"https:\/\/vosgesinfo.fr\/saintdieinfo\/#\/schema\/person\/fa73e9f726d67bb88f46d5b7943cb572","name":"J.J.","image":{"@type":"ImageObject","inLanguage":"fr-FR","@id":"https:\/\/vosgesinfo.fr\/saintdieinfo\/#\/schema\/person\/image\/","url":"https:\/\/secure.gravatar.com\/avatar\/219e749e47ffbcca018a360ae4add7d4cdf1cdaaf8bc7676b27efade3fe65615?s=96&d=mm&r=g","contentUrl":"https:\/\/secure.gravatar.com\/avatar\/219e749e47ffbcca018a360ae4add7d4cdf1cdaaf8bc7676b27efade3fe65615?s=96&d=mm&r=g","caption":"J.J."},"url":"https:\/\/vosgesinfo.fr\/saintdieinfo\/author\/j-j\/"}]}},"_links":{"self":[{"href":"https:\/\/vosgesinfo.fr\/saintdieinfo\/wp-json\/wp\/v2\/posts\/33466","targetHints":{"allow":["GET"]}}],"collection":[{"href":"https:\/\/vosgesinfo.fr\/saintdieinfo\/wp-json\/wp\/v2\/posts"}],"about":[{"href":"https:\/\/vosgesinfo.fr\/saintdieinfo\/wp-json\/wp\/v2\/types\/post"}],"author":[{"embeddable":true,"href":"https:\/\/vosgesinfo.fr\/saintdieinfo\/wp-json\/wp\/v2\/users\/46"}],"replies":[{"embeddable":true,"href":"https:\/\/vosgesinfo.fr\/saintdieinfo\/wp-json\/wp\/v2\/comments?post=33466"}],"version-history":[{"count":4,"href":"https:\/\/vosgesinfo.fr\/saintdieinfo\/wp-json\/wp\/v2\/posts\/33466\/revisions"}],"predecessor-version":[{"id":33479,"href":"https:\/\/vosgesinfo.fr\/saintdieinfo\/wp-json\/wp\/v2\/posts\/33466\/revisions\/33479"}],"wp:featuredmedia":[{"embeddable":true,"href":"https:\/\/vosgesinfo.fr\/saintdieinfo\/wp-json\/wp\/v2\/media\/33467"}],"wp:attachment":[{"href":"https:\/\/vosgesinfo.fr\/saintdieinfo\/wp-json\/wp\/v2\/media?parent=33466"}],"wp:term":[{"taxonomy":"category","embeddable":true,"href":"https:\/\/vosgesinfo.fr\/saintdieinfo\/wp-json\/wp\/v2\/categories?post=33466"},{"taxonomy":"post_tag","embeddable":true,"href":"https:\/\/vosgesinfo.fr\/saintdieinfo\/wp-json\/wp\/v2\/tags?post=33466"}],"curies":[{"name":"wp","href":"https:\/\/api.w.org\/{rel}","templated":true}]}}