{"id":33822,"date":"2024-05-18T23:42:41","date_gmt":"2024-05-18T21:42:41","guid":{"rendered":"https:\/\/vosgesinfo.fr\/saintdieinfo\/?p=33822"},"modified":"2024-05-18T23:42:41","modified_gmt":"2024-05-18T21:42:41","slug":"la-construction-de-loeuvre-monumentale-de-lartiste-olivier-grossetete-interrompue-par-la-pluie","status":"publish","type":"post","link":"https:\/\/vosgesinfo.fr\/saintdieinfo\/2024\/05\/la-construction-de-loeuvre-monumentale-de-lartiste-olivier-grossetete-interrompue-par-la-pluie\/","title":{"rendered":"La construction de l&rsquo;oeuvre monumentale de l&rsquo;artiste Olivier Grosset\u00eate interrompue par la pluie"},"content":{"rendered":"<div id=\"attachment_33827\" style=\"width: 1034px\" class=\"wp-caption alignnone\"><img decoding=\"async\" aria-describedby=\"caption-attachment-33827\" class=\"wp-image-33827 size-large\" src=\"https:\/\/vosgesinfo.fr\/app\/uploads\/sites\/4\/2024\/05\/construction-monumentale-olivier-grossetete-5-1024x683.jpg\" alt=\"\" width=\"1024\" height=\"683\" srcset=\"https:\/\/vosgesinfo.fr\/app\/uploads\/sites\/4\/2024\/05\/construction-monumentale-olivier-grossetete-5-1024x683.jpg 1024w, https:\/\/vosgesinfo.fr\/app\/uploads\/sites\/4\/2024\/05\/construction-monumentale-olivier-grossetete-5-300x200.jpg 300w, https:\/\/vosgesinfo.fr\/app\/uploads\/sites\/4\/2024\/05\/construction-monumentale-olivier-grossetete-5-768x512.jpg 768w, https:\/\/vosgesinfo.fr\/app\/uploads\/sites\/4\/2024\/05\/construction-monumentale-olivier-grossetete-5-1536x1024.jpg 1536w, https:\/\/vosgesinfo.fr\/app\/uploads\/sites\/4\/2024\/05\/construction-monumentale-olivier-grossetete-5.jpg 2048w\" sizes=\"(max-width: 1024px) 100vw, 1024px\" \/><p id=\"caption-attachment-33827\" class=\"wp-caption-text\">(Photographies Marc Fourniquet)<\/p><\/div>\n<h2><a href=\"https:\/\/vosgesinfo.fr\/saintdieinfo\/2024\/05\/la-construction-monumentale-de-lartiste-olivier-grossetete-se-prepare-a-saint-die-des-vosges\/\" target=\"_blank\" rel=\"noopener\">Tout au long de la semaine, les paires de bras et de mains se sont activ\u00e9es du c\u00f4t\u00e9 du COSEC Michel-Plinguier<\/a>, afin de couper, scotcher et assembler les quelques 1300 cartons qui constituent la construction monumentale de l&rsquo;artiste-plasticien Olivier Grosset\u00eate.<\/h2>\n<p><!--more--><\/p>\n<p>D&rsquo;une hauteur de pr\u00e8s de 20 m\u00e8tres, pour un poids de pr\u00e8s de 2 tonnes, l&rsquo;oeuvre g\u00e9ante et participative repr\u00e9sente la devanture de la cath\u00e9drale de Saint-Di\u00e9-des-Vosges. C&rsquo;est ce samedi, tout au long de la journ\u00e9e, que la construction a pris vie petit \u00e0 petit dans la cour de l&rsquo;\u00e9cole Jacques-Pr\u00e9vert, en marge de la f\u00eate du quartier Saint-Roch. Sous l&rsquo;\u00e9gide d&rsquo;Olivier Grosset\u00eate, l&rsquo;assemblage a commenc\u00e9 par la partie sup\u00e9rieure&#8230; avant d&rsquo;\u00eatre interrompu par la pluie, qui a jou\u00e9 les troubles-f\u00eates en fin de journ\u00e9e.<\/p>\n<p>Si la m\u00e9t\u00e9o le permet, la construction reprendra et se terminera ce dimanche. D\u00e9j\u00e0 impressionnante, l&rsquo;oeuvre peut \u00eatre admir\u00e9e jusqu&rsquo;\u00e0 lundi en fin d&rsquo;apr\u00e8s-midi, au moment o\u00f9 elle sera d\u00e9truite. Cette destruction \u00e9tant un rituel commun \u00e0 toutes les construction de l&rsquo;artiste-plasticien, qui sillonne le monde depuis maintenant 20 ans pour b\u00e2tir de grandes structures \u00e9ph\u00e9m\u00e8res constitu\u00e9es d&rsquo;une multitude de cartons.<\/p>\n<p>Ce projet artistique participatif s&rsquo;inscrivant dans le cadre du la programmation du p\u00f4le Spectacle Vivant de la Communaut\u00e9 d&rsquo;Agglom\u00e9ration de Saint-Di\u00e9-des-Vosges.<\/p>\n<p>J.J.<\/p>\n<p><img decoding=\"async\" class=\"alignnone size-large wp-image-33823\" src=\"https:\/\/vosgesinfo.fr\/app\/uploads\/sites\/4\/2024\/05\/construction-monumentale-olivier-grossetete-1-1024x683.jpg\" alt=\"\" width=\"1024\" height=\"683\" srcset=\"https:\/\/vosgesinfo.fr\/app\/uploads\/sites\/4\/2024\/05\/construction-monumentale-olivier-grossetete-1-1024x683.jpg 1024w, https:\/\/vosgesinfo.fr\/app\/uploads\/sites\/4\/2024\/05\/construction-monumentale-olivier-grossetete-1-300x200.jpg 300w, https:\/\/vosgesinfo.fr\/app\/uploads\/sites\/4\/2024\/05\/construction-monumentale-olivier-grossetete-1-768x512.jpg 768w, https:\/\/vosgesinfo.fr\/app\/uploads\/sites\/4\/2024\/05\/construction-monumentale-olivier-grossetete-1-1536x1024.jpg 1536w, https:\/\/vosgesinfo.fr\/app\/uploads\/sites\/4\/2024\/05\/construction-monumentale-olivier-grossetete-1.jpg 2048w\" sizes=\"(max-width: 1024px) 100vw, 1024px\" \/><\/p>\n<p><img decoding=\"async\" class=\"alignnone size-large wp-image-33824\" src=\"https:\/\/vosgesinfo.fr\/app\/uploads\/sites\/4\/2024\/05\/construction-monumentale-olivier-grossetete-2-1024x683.jpg\" alt=\"\" width=\"1024\" height=\"683\" srcset=\"https:\/\/vosgesinfo.fr\/app\/uploads\/sites\/4\/2024\/05\/construction-monumentale-olivier-grossetete-2-1024x683.jpg 1024w, https:\/\/vosgesinfo.fr\/app\/uploads\/sites\/4\/2024\/05\/construction-monumentale-olivier-grossetete-2-300x200.jpg 300w, https:\/\/vosgesinfo.fr\/app\/uploads\/sites\/4\/2024\/05\/construction-monumentale-olivier-grossetete-2-768x512.jpg 768w, https:\/\/vosgesinfo.fr\/app\/uploads\/sites\/4\/2024\/05\/construction-monumentale-olivier-grossetete-2-1536x1024.jpg 1536w, https:\/\/vosgesinfo.fr\/app\/uploads\/sites\/4\/2024\/05\/construction-monumentale-olivier-grossetete-2.jpg 2048w\" sizes=\"(max-width: 1024px) 100vw, 1024px\" \/><\/p>\n<p><img decoding=\"async\" class=\"alignnone size-large wp-image-33825\" src=\"https:\/\/vosgesinfo.fr\/app\/uploads\/sites\/4\/2024\/05\/construction-monumentale-olivier-grossetete-3-683x1024.jpg\" alt=\"\" width=\"683\" height=\"1024\" srcset=\"https:\/\/vosgesinfo.fr\/app\/uploads\/sites\/4\/2024\/05\/construction-monumentale-olivier-grossetete-3-683x1024.jpg 683w, https:\/\/vosgesinfo.fr\/app\/uploads\/sites\/4\/2024\/05\/construction-monumentale-olivier-grossetete-3-200x300.jpg 200w, https:\/\/vosgesinfo.fr\/app\/uploads\/sites\/4\/2024\/05\/construction-monumentale-olivier-grossetete-3-768x1152.jpg 768w, https:\/\/vosgesinfo.fr\/app\/uploads\/sites\/4\/2024\/05\/construction-monumentale-olivier-grossetete-3-1024x1536.jpg 1024w, https:\/\/vosgesinfo.fr\/app\/uploads\/sites\/4\/2024\/05\/construction-monumentale-olivier-grossetete-3.jpg 1365w\" sizes=\"(max-width: 683px) 100vw, 683px\" \/><\/p>\n<p><img decoding=\"async\" class=\"alignnone size-large wp-image-33826\" src=\"https:\/\/vosgesinfo.fr\/app\/uploads\/sites\/4\/2024\/05\/construction-monumentale-olivier-grossetete-4-1024x683.jpg\" alt=\"\" width=\"1024\" height=\"683\" srcset=\"https:\/\/vosgesinfo.fr\/app\/uploads\/sites\/4\/2024\/05\/construction-monumentale-olivier-grossetete-4-1024x683.jpg 1024w, https:\/\/vosgesinfo.fr\/app\/uploads\/sites\/4\/2024\/05\/construction-monumentale-olivier-grossetete-4-300x200.jpg 300w, https:\/\/vosgesinfo.fr\/app\/uploads\/sites\/4\/2024\/05\/construction-monumentale-olivier-grossetete-4-768x512.jpg 768w, https:\/\/vosgesinfo.fr\/app\/uploads\/sites\/4\/2024\/05\/construction-monumentale-olivier-grossetete-4-1536x1024.jpg 1536w, https:\/\/vosgesinfo.fr\/app\/uploads\/sites\/4\/2024\/05\/construction-monumentale-olivier-grossetete-4.jpg 2048w\" sizes=\"(max-width: 1024px) 100vw, 1024px\" \/><\/p>\n<p>&nbsp;<\/p>\n","protected":false},"excerpt":{"rendered":"<p>Tout au long de la semaine, les paires de bras et de mains se sont activ\u00e9es du c\u00f4t\u00e9 du COSEC [&hellip;]<\/p>\n","protected":false},"author":46,"featured_media":33827,"comment_status":"open","ping_status":"open","sticky":false,"template":"","format":"standard","meta":{"footnotes":""},"categories":[460,167],"tags":[6201,6247,5845,4438,3121],"class_list":["post-33822","post","type-post","status-publish","format-standard","has-post-thumbnail","hentry","category-a-la-une","category-saint-die-des-vosges","tag-construction-monumentale-en-carton","tag-fete-du-quartier-saint-roch","tag-olivier-grossetete","tag-pole-du-spectacle-vivant-de-la-communaute-dagglomeration-de-saint-die-des-vosges","tag-quartier-saint-roch"],"acf":[],"yoast_head":"<!-- This site is optimized with the Yoast SEO plugin v22.5 - https:\/\/yoast.com\/wordpress\/plugins\/seo\/ -->\n<title>La construction de l&#039;oeuvre monumentale de l&#039;artiste Olivier Grosset\u00eate interrompue par la pluie - Saint Die Info<\/title>\n<meta name=\"robots\" content=\"index, follow, max-snippet:-1, max-image-preview:large, max-video-preview:-1\" \/>\n<link rel=\"canonical\" href=\"https:\/\/vosgesinfo.fr\/saintdieinfo\/?p=33822\" \/>\n<meta name=\"twitter:card\" content=\"summary_large_image\" \/>\n<meta name=\"twitter:title\" content=\"La construction de l&#039;oeuvre monumentale de l&#039;artiste Olivier Grosset\u00eate interrompue par la pluie - Saint Die Info\" \/>\n<meta name=\"twitter:description\" content=\"Tout au long de la semaine, les paires de bras et de mains se sont activ\u00e9es du c\u00f4t\u00e9 du COSEC [&hellip;]\" \/>\n<meta name=\"twitter:image\" content=\"https:\/\/vosgesinfo.fr\/app\/uploads\/sites\/4\/2024\/05\/construction-monumentale-olivier-grossetete-5-1024x683.jpg\" \/>\n<meta name=\"twitter:creator\" content=\"@VosgesInfo88\" \/>\n<meta name=\"twitter:site\" content=\"@VosgesInfo88\" \/>\n<meta name=\"twitter:label1\" content=\"\u00c9crit par\" \/>\n\t<meta name=\"twitter:data1\" content=\"J.J.\" \/>\n\t<meta name=\"twitter:label2\" content=\"Dur\u00e9e de lecture estim\u00e9e\" \/>\n\t<meta name=\"twitter:data2\" content=\"1 minute\" \/>\n<script type=\"application\/ld+json\" class=\"yoast-schema-graph\">{\"@context\":\"https:\/\/schema.org\",\"@graph\":[{\"@type\":\"Article\",\"@id\":\"https:\/\/vosgesinfo.fr\/saintdieinfo\/?p=33822#article\",\"isPartOf\":{\"@id\":\"https:\/\/vosgesinfo.fr\/saintdieinfo\/?p=33822\"},\"author\":{\"name\":\"J.J.\",\"@id\":\"https:\/\/vosgesinfo.fr\/saintdieinfo\/#\/schema\/person\/fa73e9f726d67bb88f46d5b7943cb572\"},\"headline\":\"La construction de l&rsquo;oeuvre monumentale de l&rsquo;artiste Olivier Grosset\u00eate interrompue par la pluie\",\"datePublished\":\"2024-05-18T21:42:41+00:00\",\"dateModified\":\"2024-05-18T21:42:41+00:00\",\"mainEntityOfPage\":{\"@id\":\"https:\/\/vosgesinfo.fr\/saintdieinfo\/?p=33822\"},\"wordCount\":275,\"commentCount\":0,\"publisher\":{\"@id\":\"https:\/\/vosgesinfo.fr\/saintdieinfo\/#organization\"},\"image\":{\"@id\":\"https:\/\/vosgesinfo.fr\/saintdieinfo\/?p=33822#primaryimage\"},\"thumbnailUrl\":\"https:\/\/vosgesinfo.fr\/app\/uploads\/sites\/4\/2024\/05\/construction-monumentale-olivier-grossetete-5.jpg\",\"keywords\":[\"Construction monumentale en carton\",\"F\u00eate du quartier Saint-Roch\",\"Olivier Grosset\u00eate\",\"P\u00f4le du spectacle vivant de la Communaut\u00e9 d'Agglom\u00e9ration de Saint-Di\u00e9-des-Vosges\",\"Quartier Saint-Roch\"],\"articleSection\":[\"A la Une\",\"Saint-Di\u00e9-des-Vosges\"],\"inLanguage\":\"fr-FR\",\"potentialAction\":[{\"@type\":\"CommentAction\",\"name\":\"Comment\",\"target\":[\"https:\/\/vosgesinfo.fr\/saintdieinfo\/?p=33822#respond\"]}]},{\"@type\":\"WebPage\",\"@id\":\"https:\/\/vosgesinfo.fr\/saintdieinfo\/?p=33822\",\"url\":\"https:\/\/vosgesinfo.fr\/saintdieinfo\/?p=33822\",\"name\":\"La construction de l'oeuvre monumentale de l'artiste Olivier Grosset\u00eate interrompue par la pluie - Saint Die Info\",\"isPartOf\":{\"@id\":\"https:\/\/vosgesinfo.fr\/saintdieinfo\/#website\"},\"primaryImageOfPage\":{\"@id\":\"https:\/\/vosgesinfo.fr\/saintdieinfo\/?p=33822#primaryimage\"},\"image\":{\"@id\":\"https:\/\/vosgesinfo.fr\/saintdieinfo\/?p=33822#primaryimage\"},\"thumbnailUrl\":\"https:\/\/vosgesinfo.fr\/app\/uploads\/sites\/4\/2024\/05\/construction-monumentale-olivier-grossetete-5.jpg\",\"datePublished\":\"2024-05-18T21:42:41+00:00\",\"dateModified\":\"2024-05-18T21:42:41+00:00\",\"breadcrumb\":{\"@id\":\"https:\/\/vosgesinfo.fr\/saintdieinfo\/?p=33822#breadcrumb\"},\"inLanguage\":\"fr-FR\",\"potentialAction\":[{\"@type\":\"ReadAction\",\"target\":[\"https:\/\/vosgesinfo.fr\/saintdieinfo\/?p=33822\"]}]},{\"@type\":\"ImageObject\",\"inLanguage\":\"fr-FR\",\"@id\":\"https:\/\/vosgesinfo.fr\/saintdieinfo\/?p=33822#primaryimage\",\"url\":\"https:\/\/vosgesinfo.fr\/app\/uploads\/sites\/4\/2024\/05\/construction-monumentale-olivier-grossetete-5.jpg\",\"contentUrl\":\"https:\/\/vosgesinfo.fr\/app\/uploads\/sites\/4\/2024\/05\/construction-monumentale-olivier-grossetete-5.jpg\",\"width\":2048,\"height\":1365},{\"@type\":\"BreadcrumbList\",\"@id\":\"https:\/\/vosgesinfo.fr\/saintdieinfo\/?p=33822#breadcrumb\",\"itemListElement\":[{\"@type\":\"ListItem\",\"position\":1,\"name\":\"Home\",\"item\":\"https:\/\/vosgesinfo.fr\/saintdieinfo\/\"},{\"@type\":\"ListItem\",\"position\":2,\"name\":\"La construction de l&rsquo;oeuvre monumentale de l&rsquo;artiste Olivier Grosset\u00eate interrompue par la pluie\"}]},{\"@type\":\"WebSite\",\"@id\":\"https:\/\/vosgesinfo.fr\/saintdieinfo\/#website\",\"url\":\"https:\/\/vosgesinfo.fr\/saintdieinfo\/\",\"name\":\"Saint Die Info\",\"description\":\"Toute l&#039;actualit\u00e9 de Saint-Di\u00e9-Des-Vosges\",\"publisher\":{\"@id\":\"https:\/\/vosgesinfo.fr\/saintdieinfo\/#organization\"},\"alternateName\":\"Toute l'actualit\u00e9 de Saint-Di\u00e9-Des-Vosges\",\"potentialAction\":[{\"@type\":\"SearchAction\",\"target\":{\"@type\":\"EntryPoint\",\"urlTemplate\":\"https:\/\/vosgesinfo.fr\/saintdieinfo\/?s={search_term_string}\"},\"query-input\":\"required name=search_term_string\"}],\"inLanguage\":\"fr-FR\"},{\"@type\":\"Organization\",\"@id\":\"https:\/\/vosgesinfo.fr\/saintdieinfo\/#organization\",\"name\":\"Saint Die Info\",\"url\":\"https:\/\/vosgesinfo.fr\/saintdieinfo\/\",\"logo\":{\"@type\":\"ImageObject\",\"inLanguage\":\"fr-FR\",\"@id\":\"https:\/\/vosgesinfo.fr\/saintdieinfo\/#\/schema\/logo\/image\/\",\"url\":\"https:\/\/vosgesinfo.fr\/app\/uploads\/sites\/4\/2024\/02\/logo-sdi.jpg\",\"contentUrl\":\"https:\/\/vosgesinfo.fr\/app\/uploads\/sites\/4\/2024\/02\/logo-sdi.jpg\",\"width\":600,\"height\":600,\"caption\":\"Saint Die Info\"},\"image\":{\"@id\":\"https:\/\/vosgesinfo.fr\/saintdieinfo\/#\/schema\/logo\/image\/\"},\"sameAs\":[\"https:\/\/www.facebook.com\/Saintdieinfofr\",\"https:\/\/x.com\/VosgesInfo88\",\"https:\/\/www.youtube.com\/@vosgesinfo\"]},{\"@type\":\"Person\",\"@id\":\"https:\/\/vosgesinfo.fr\/saintdieinfo\/#\/schema\/person\/fa73e9f726d67bb88f46d5b7943cb572\",\"name\":\"J.J.\",\"image\":{\"@type\":\"ImageObject\",\"inLanguage\":\"fr-FR\",\"@id\":\"https:\/\/vosgesinfo.fr\/saintdieinfo\/#\/schema\/person\/image\/\",\"url\":\"https:\/\/secure.gravatar.com\/avatar\/219e749e47ffbcca018a360ae4add7d4cdf1cdaaf8bc7676b27efade3fe65615?s=96&d=mm&r=g\",\"contentUrl\":\"https:\/\/secure.gravatar.com\/avatar\/219e749e47ffbcca018a360ae4add7d4cdf1cdaaf8bc7676b27efade3fe65615?s=96&d=mm&r=g\",\"caption\":\"J.J.\"},\"url\":\"https:\/\/vosgesinfo.fr\/saintdieinfo\/author\/j-j\/\"}]}<\/script>\n<!-- \/ Yoast SEO plugin. -->","yoast_head_json":{"title":"La construction de l'oeuvre monumentale de l'artiste Olivier Grosset\u00eate interrompue par la pluie - Saint Die Info","robots":{"index":"index","follow":"follow","max-snippet":"max-snippet:-1","max-image-preview":"max-image-preview:large","max-video-preview":"max-video-preview:-1"},"canonical":"https:\/\/vosgesinfo.fr\/saintdieinfo\/?p=33822","twitter_card":"summary_large_image","twitter_title":"La construction de l'oeuvre monumentale de l'artiste Olivier Grosset\u00eate interrompue par la pluie - Saint Die Info","twitter_description":"Tout au long de la semaine, les paires de bras et de mains se sont activ\u00e9es du c\u00f4t\u00e9 du COSEC [&hellip;]","twitter_image":"https:\/\/vosgesinfo.fr\/app\/uploads\/sites\/4\/2024\/05\/construction-monumentale-olivier-grossetete-5-1024x683.jpg","twitter_creator":"@VosgesInfo88","twitter_site":"@VosgesInfo88","twitter_misc":{"\u00c9crit par":"J.J.","Dur\u00e9e de lecture estim\u00e9e":"1 minute"},"schema":{"@context":"https:\/\/schema.org","@graph":[{"@type":"Article","@id":"https:\/\/vosgesinfo.fr\/saintdieinfo\/?p=33822#article","isPartOf":{"@id":"https:\/\/vosgesinfo.fr\/saintdieinfo\/?p=33822"},"author":{"name":"J.J.","@id":"https:\/\/vosgesinfo.fr\/saintdieinfo\/#\/schema\/person\/fa73e9f726d67bb88f46d5b7943cb572"},"headline":"La construction de l&rsquo;oeuvre monumentale de l&rsquo;artiste Olivier Grosset\u00eate interrompue par la pluie","datePublished":"2024-05-18T21:42:41+00:00","dateModified":"2024-05-18T21:42:41+00:00","mainEntityOfPage":{"@id":"https:\/\/vosgesinfo.fr\/saintdieinfo\/?p=33822"},"wordCount":275,"commentCount":0,"publisher":{"@id":"https:\/\/vosgesinfo.fr\/saintdieinfo\/#organization"},"image":{"@id":"https:\/\/vosgesinfo.fr\/saintdieinfo\/?p=33822#primaryimage"},"thumbnailUrl":"https:\/\/vosgesinfo.fr\/app\/uploads\/sites\/4\/2024\/05\/construction-monumentale-olivier-grossetete-5.jpg","keywords":["Construction monumentale en carton","F\u00eate du quartier Saint-Roch","Olivier Grosset\u00eate","P\u00f4le du spectacle vivant de la Communaut\u00e9 d'Agglom\u00e9ration de Saint-Di\u00e9-des-Vosges","Quartier Saint-Roch"],"articleSection":["A la Une","Saint-Di\u00e9-des-Vosges"],"inLanguage":"fr-FR","potentialAction":[{"@type":"CommentAction","name":"Comment","target":["https:\/\/vosgesinfo.fr\/saintdieinfo\/?p=33822#respond"]}]},{"@type":"WebPage","@id":"https:\/\/vosgesinfo.fr\/saintdieinfo\/?p=33822","url":"https:\/\/vosgesinfo.fr\/saintdieinfo\/?p=33822","name":"La construction de l'oeuvre monumentale de l'artiste Olivier Grosset\u00eate interrompue par la pluie - Saint Die Info","isPartOf":{"@id":"https:\/\/vosgesinfo.fr\/saintdieinfo\/#website"},"primaryImageOfPage":{"@id":"https:\/\/vosgesinfo.fr\/saintdieinfo\/?p=33822#primaryimage"},"image":{"@id":"https:\/\/vosgesinfo.fr\/saintdieinfo\/?p=33822#primaryimage"},"thumbnailUrl":"https:\/\/vosgesinfo.fr\/app\/uploads\/sites\/4\/2024\/05\/construction-monumentale-olivier-grossetete-5.jpg","datePublished":"2024-05-18T21:42:41+00:00","dateModified":"2024-05-18T21:42:41+00:00","breadcrumb":{"@id":"https:\/\/vosgesinfo.fr\/saintdieinfo\/?p=33822#breadcrumb"},"inLanguage":"fr-FR","potentialAction":[{"@type":"ReadAction","target":["https:\/\/vosgesinfo.fr\/saintdieinfo\/?p=33822"]}]},{"@type":"ImageObject","inLanguage":"fr-FR","@id":"https:\/\/vosgesinfo.fr\/saintdieinfo\/?p=33822#primaryimage","url":"https:\/\/vosgesinfo.fr\/app\/uploads\/sites\/4\/2024\/05\/construction-monumentale-olivier-grossetete-5.jpg","contentUrl":"https:\/\/vosgesinfo.fr\/app\/uploads\/sites\/4\/2024\/05\/construction-monumentale-olivier-grossetete-5.jpg","width":2048,"height":1365},{"@type":"BreadcrumbList","@id":"https:\/\/vosgesinfo.fr\/saintdieinfo\/?p=33822#breadcrumb","itemListElement":[{"@type":"ListItem","position":1,"name":"Home","item":"https:\/\/vosgesinfo.fr\/saintdieinfo\/"},{"@type":"ListItem","position":2,"name":"La construction de l&rsquo;oeuvre monumentale de l&rsquo;artiste Olivier Grosset\u00eate interrompue par la pluie"}]},{"@type":"WebSite","@id":"https:\/\/vosgesinfo.fr\/saintdieinfo\/#website","url":"https:\/\/vosgesinfo.fr\/saintdieinfo\/","name":"Saint Die Info","description":"Toute l&#039;actualit\u00e9 de Saint-Di\u00e9-Des-Vosges","publisher":{"@id":"https:\/\/vosgesinfo.fr\/saintdieinfo\/#organization"},"alternateName":"Toute l'actualit\u00e9 de Saint-Di\u00e9-Des-Vosges","potentialAction":[{"@type":"SearchAction","target":{"@type":"EntryPoint","urlTemplate":"https:\/\/vosgesinfo.fr\/saintdieinfo\/?s={search_term_string}"},"query-input":"required name=search_term_string"}],"inLanguage":"fr-FR"},{"@type":"Organization","@id":"https:\/\/vosgesinfo.fr\/saintdieinfo\/#organization","name":"Saint Die Info","url":"https:\/\/vosgesinfo.fr\/saintdieinfo\/","logo":{"@type":"ImageObject","inLanguage":"fr-FR","@id":"https:\/\/vosgesinfo.fr\/saintdieinfo\/#\/schema\/logo\/image\/","url":"https:\/\/vosgesinfo.fr\/app\/uploads\/sites\/4\/2024\/02\/logo-sdi.jpg","contentUrl":"https:\/\/vosgesinfo.fr\/app\/uploads\/sites\/4\/2024\/02\/logo-sdi.jpg","width":600,"height":600,"caption":"Saint Die Info"},"image":{"@id":"https:\/\/vosgesinfo.fr\/saintdieinfo\/#\/schema\/logo\/image\/"},"sameAs":["https:\/\/www.facebook.com\/Saintdieinfofr","https:\/\/x.com\/VosgesInfo88","https:\/\/www.youtube.com\/@vosgesinfo"]},{"@type":"Person","@id":"https:\/\/vosgesinfo.fr\/saintdieinfo\/#\/schema\/person\/fa73e9f726d67bb88f46d5b7943cb572","name":"J.J.","image":{"@type":"ImageObject","inLanguage":"fr-FR","@id":"https:\/\/vosgesinfo.fr\/saintdieinfo\/#\/schema\/person\/image\/","url":"https:\/\/secure.gravatar.com\/avatar\/219e749e47ffbcca018a360ae4add7d4cdf1cdaaf8bc7676b27efade3fe65615?s=96&d=mm&r=g","contentUrl":"https:\/\/secure.gravatar.com\/avatar\/219e749e47ffbcca018a360ae4add7d4cdf1cdaaf8bc7676b27efade3fe65615?s=96&d=mm&r=g","caption":"J.J."},"url":"https:\/\/vosgesinfo.fr\/saintdieinfo\/author\/j-j\/"}]}},"_links":{"self":[{"href":"https:\/\/vosgesinfo.fr\/saintdieinfo\/wp-json\/wp\/v2\/posts\/33822","targetHints":{"allow":["GET"]}}],"collection":[{"href":"https:\/\/vosgesinfo.fr\/saintdieinfo\/wp-json\/wp\/v2\/posts"}],"about":[{"href":"https:\/\/vosgesinfo.fr\/saintdieinfo\/wp-json\/wp\/v2\/types\/post"}],"author":[{"embeddable":true,"href":"https:\/\/vosgesinfo.fr\/saintdieinfo\/wp-json\/wp\/v2\/users\/46"}],"replies":[{"embeddable":true,"href":"https:\/\/vosgesinfo.fr\/saintdieinfo\/wp-json\/wp\/v2\/comments?post=33822"}],"version-history":[{"count":1,"href":"https:\/\/vosgesinfo.fr\/saintdieinfo\/wp-json\/wp\/v2\/posts\/33822\/revisions"}],"predecessor-version":[{"id":33828,"href":"https:\/\/vosgesinfo.fr\/saintdieinfo\/wp-json\/wp\/v2\/posts\/33822\/revisions\/33828"}],"wp:featuredmedia":[{"embeddable":true,"href":"https:\/\/vosgesinfo.fr\/saintdieinfo\/wp-json\/wp\/v2\/media\/33827"}],"wp:attachment":[{"href":"https:\/\/vosgesinfo.fr\/saintdieinfo\/wp-json\/wp\/v2\/media?parent=33822"}],"wp:term":[{"taxonomy":"category","embeddable":true,"href":"https:\/\/vosgesinfo.fr\/saintdieinfo\/wp-json\/wp\/v2\/categories?post=33822"},{"taxonomy":"post_tag","embeddable":true,"href":"https:\/\/vosgesinfo.fr\/saintdieinfo\/wp-json\/wp\/v2\/tags?post=33822"}],"curies":[{"name":"wp","href":"https:\/\/api.w.org\/{rel}","templated":true}]}}