{"id":34381,"date":"2024-06-04T09:32:19","date_gmt":"2024-06-04T07:32:19","guid":{"rendered":"https:\/\/vosgesinfo.fr\/saintdieinfo\/?p=34381"},"modified":"2024-06-04T09:32:19","modified_gmt":"2024-06-04T07:32:19","slug":"la-vie-dune-ruche-de-saint-die-des-vosges-observee-en-temps-reel","status":"publish","type":"post","link":"https:\/\/vosgesinfo.fr\/saintdieinfo\/2024\/06\/la-vie-dune-ruche-de-saint-die-des-vosges-observee-en-temps-reel\/","title":{"rendered":"La vie d&rsquo;une ruche de Saint-Di\u00e9-des-Vosges observ\u00e9e en temps r\u00e9el"},"content":{"rendered":"<p><img decoding=\"async\" class=\"alignnone size-large wp-image-34382\" src=\"https:\/\/vosgesinfo.fr\/app\/uploads\/sites\/4\/2024\/06\/ruche-connectee-jadopte-une-ruche-sddv-1-1024x771.jpg\" alt=\"\" width=\"1024\" height=\"771\" srcset=\"https:\/\/vosgesinfo.fr\/app\/uploads\/sites\/4\/2024\/06\/ruche-connectee-jadopte-une-ruche-sddv-1-1024x771.jpg 1024w, https:\/\/vosgesinfo.fr\/app\/uploads\/sites\/4\/2024\/06\/ruche-connectee-jadopte-une-ruche-sddv-1-300x226.jpg 300w, https:\/\/vosgesinfo.fr\/app\/uploads\/sites\/4\/2024\/06\/ruche-connectee-jadopte-une-ruche-sddv-1-768x578.jpg 768w, https:\/\/vosgesinfo.fr\/app\/uploads\/sites\/4\/2024\/06\/ruche-connectee-jadopte-une-ruche-sddv-1-1536x1157.jpg 1536w, https:\/\/vosgesinfo.fr\/app\/uploads\/sites\/4\/2024\/06\/ruche-connectee-jadopte-une-ruche-sddv-1-2048x1542.jpg 2048w\" sizes=\"(max-width: 1024px) 100vw, 1024px\" \/><\/p>\n<h2>L&rsquo;association \u00ab\u00a0J&rsquo;adopte une ruche \u00e0 Saint-Di\u00e9-des-Vosges\u00a0\u00bb g\u00e8re 10 ruches, r\u00e9parties sur 2 sites. Respectivement \u00e0 Gratin et dans le parc de l&rsquo;ancienne m\u00e9diath\u00e8que Victor-Hugo, o\u00f9 l&rsquo;une des ruches est d\u00e9sormais connect\u00e9e.<\/h2>\n<p><!--more--><\/p>\n<p>Petite piq\u00fbre de rappel de circonstance : en 2019, le miel de l&rsquo;association \u00ab J&rsquo;adopte une ruche \u00e0 Saint-Di\u00e9-des-Vosges \u00bb avait re\u00e7u le premier prix national des assises de la biodiversit\u00e9. La crise sanitaire passant par l\u00e0, c&rsquo;est seulement r\u00e9cemment que l&rsquo;association a re\u00e7u sa r\u00e9compense. A savoir l&rsquo;\u00e9quipement d&rsquo;une ruche avec le mat\u00e9riel de la soci\u00e9t\u00e9 toulousaine BeeGuard, et ce pour une dur\u00e9e d&rsquo;un an.<\/p>\n<p>Pr\u00e9sent \u00e0 Saint-Di\u00e9-des-Vosges ce lundi, le fondateur et PDG de BeeGuard Christian Lubat a expliqu\u00e9 en quoi consiste le dispositif. \u00ab Un r\u00e9seau de capteurs a \u00e9t\u00e9 install\u00e9 dans la ruche, afin de mesurer le rendement de butinage, l&rsquo;hygrom\u00e9trie et la temp\u00e9rature \u00e0 l&rsquo;int\u00e9rieur de la ruche. Car il faut par exemple savoir que quand une reine pond, la temp\u00e9rature \u00e0 l&rsquo;int\u00e9rieur de la ruche est de +35\u00b0C, \u00e0 1 degr\u00e9 pr\u00e8s. Une temp\u00e9rature diff\u00e9rente indique donc que la reine ne pond pas. Ce qui, \u00e0 terme, risque l&rsquo;effondrement de la ruche. Le poids de la ruche est aussi mesur\u00e9, car il permet de conna\u00eetre le potentiel de butinage. Dehors, une petite station m\u00e9t\u00e9o a \u00e9t\u00e9 install\u00e9e sur la ruche pour collecter des donn\u00e9es ext\u00e9rieures. \u00bb<\/p>\n<p>Les donn\u00e9es collect\u00e9es permettent aux apiculteurs d&rsquo;\u00eatre inform\u00e9s de la sant\u00e9 de la ruche en quasi temps r\u00e9el&#8230; et d&rsquo;intervenir si cela est n\u00e9cessaire. Elles sont \u00e9galement remont\u00e9es \u00e0 BeeGuard. L&rsquo;abeille \u00e9tant un excellent bio-indicateur, ces donn\u00e9es donnent une indication de la qualit\u00e9 de la biodiversit\u00e9 autour de la ruche.<\/p>\n<p>La pollinisation des abeilles est essentielle, puisqu&rsquo;elle est autant indispensable aux cultures agricoles qu&rsquo;elle l&rsquo;est pour le maintien de l&rsquo;\u00e9quilibre des \u00e9cosyst\u00e8mes. Car les abeilles pollinisent les cultures agricoles, mais aussi les plantes sauvages. Pour Isabelle Didierdefresse, directrice de la Transition Ecologique \u00e0 la Ville et Communaut\u00e9 d&rsquo;Agglom\u00e9ration de Saint-Di\u00e9-des-Vosges, il est donc important de sensibiliser le public \u00e0 l&rsquo;action des abeilles ainsi qu&rsquo;\u00e0 leur pr\u00e9servation. C&rsquo;est pourquoi des temps forts seront organis\u00e9s dans le parc de l&rsquo;ancienne m\u00e9diath\u00e8que Victor-Hugo d\u00e8s l&rsquo;ann\u00e9e prochaine.<\/p>\n<p>J.J.<\/p>\n<p><img decoding=\"async\" class=\"alignnone size-large wp-image-34384\" src=\"https:\/\/vosgesinfo.fr\/app\/uploads\/sites\/4\/2024\/06\/ruche-connectee-jadopte-une-ruche-sddv-2-1024x771.jpg\" alt=\"\" width=\"1024\" height=\"771\" srcset=\"https:\/\/vosgesinfo.fr\/app\/uploads\/sites\/4\/2024\/06\/ruche-connectee-jadopte-une-ruche-sddv-2-1024x771.jpg 1024w, https:\/\/vosgesinfo.fr\/app\/uploads\/sites\/4\/2024\/06\/ruche-connectee-jadopte-une-ruche-sddv-2-300x226.jpg 300w, https:\/\/vosgesinfo.fr\/app\/uploads\/sites\/4\/2024\/06\/ruche-connectee-jadopte-une-ruche-sddv-2-768x578.jpg 768w, https:\/\/vosgesinfo.fr\/app\/uploads\/sites\/4\/2024\/06\/ruche-connectee-jadopte-une-ruche-sddv-2-1536x1157.jpg 1536w, https:\/\/vosgesinfo.fr\/app\/uploads\/sites\/4\/2024\/06\/ruche-connectee-jadopte-une-ruche-sddv-2-2048x1542.jpg 2048w\" sizes=\"(max-width: 1024px) 100vw, 1024px\" \/><\/p>\n<p>(Photographies ci-dessous BeeGuard)<\/p>\n<p><img decoding=\"async\" class=\"alignnone size-large wp-image-34383\" src=\"https:\/\/vosgesinfo.fr\/app\/uploads\/sites\/4\/2024\/06\/ruche-connectee-jadopte-une-ruche-sddv-2-1024x768.jpeg\" alt=\"\" width=\"1024\" height=\"768\" srcset=\"https:\/\/vosgesinfo.fr\/app\/uploads\/sites\/4\/2024\/06\/ruche-connectee-jadopte-une-ruche-sddv-2-1024x768.jpeg 1024w, https:\/\/vosgesinfo.fr\/app\/uploads\/sites\/4\/2024\/06\/ruche-connectee-jadopte-une-ruche-sddv-2-300x225.jpeg 300w, https:\/\/vosgesinfo.fr\/app\/uploads\/sites\/4\/2024\/06\/ruche-connectee-jadopte-une-ruche-sddv-2-768x576.jpeg 768w, https:\/\/vosgesinfo.fr\/app\/uploads\/sites\/4\/2024\/06\/ruche-connectee-jadopte-une-ruche-sddv-2-1536x1152.jpeg 1536w, https:\/\/vosgesinfo.fr\/app\/uploads\/sites\/4\/2024\/06\/ruche-connectee-jadopte-une-ruche-sddv-2-2048x1536.jpeg 2048w\" sizes=\"(max-width: 1024px) 100vw, 1024px\" \/><\/p>\n<p><img decoding=\"async\" class=\"alignnone size-large wp-image-34385\" src=\"https:\/\/vosgesinfo.fr\/app\/uploads\/sites\/4\/2024\/06\/ruche-connectee-jadopte-une-ruche-sddv-3-1024x768.jpeg\" alt=\"\" width=\"1024\" height=\"768\" srcset=\"https:\/\/vosgesinfo.fr\/app\/uploads\/sites\/4\/2024\/06\/ruche-connectee-jadopte-une-ruche-sddv-3-1024x768.jpeg 1024w, https:\/\/vosgesinfo.fr\/app\/uploads\/sites\/4\/2024\/06\/ruche-connectee-jadopte-une-ruche-sddv-3-300x225.jpeg 300w, https:\/\/vosgesinfo.fr\/app\/uploads\/sites\/4\/2024\/06\/ruche-connectee-jadopte-une-ruche-sddv-3-768x576.jpeg 768w, https:\/\/vosgesinfo.fr\/app\/uploads\/sites\/4\/2024\/06\/ruche-connectee-jadopte-une-ruche-sddv-3-1536x1152.jpeg 1536w, https:\/\/vosgesinfo.fr\/app\/uploads\/sites\/4\/2024\/06\/ruche-connectee-jadopte-une-ruche-sddv-3-2048x1536.jpeg 2048w\" sizes=\"(max-width: 1024px) 100vw, 1024px\" \/><\/p>\n<p><img decoding=\"async\" class=\"alignnone size-large wp-image-34386\" src=\"https:\/\/vosgesinfo.fr\/app\/uploads\/sites\/4\/2024\/06\/ruche-connectee-jadopte-une-ruche-sddv-4-1024x768.jpeg\" alt=\"\" width=\"1024\" height=\"768\" srcset=\"https:\/\/vosgesinfo.fr\/app\/uploads\/sites\/4\/2024\/06\/ruche-connectee-jadopte-une-ruche-sddv-4-1024x768.jpeg 1024w, https:\/\/vosgesinfo.fr\/app\/uploads\/sites\/4\/2024\/06\/ruche-connectee-jadopte-une-ruche-sddv-4-300x225.jpeg 300w, https:\/\/vosgesinfo.fr\/app\/uploads\/sites\/4\/2024\/06\/ruche-connectee-jadopte-une-ruche-sddv-4-768x576.jpeg 768w, https:\/\/vosgesinfo.fr\/app\/uploads\/sites\/4\/2024\/06\/ruche-connectee-jadopte-une-ruche-sddv-4-1536x1152.jpeg 1536w, https:\/\/vosgesinfo.fr\/app\/uploads\/sites\/4\/2024\/06\/ruche-connectee-jadopte-une-ruche-sddv-4-2048x1536.jpeg 2048w\" sizes=\"(max-width: 1024px) 100vw, 1024px\" \/><\/p>\n<p><img decoding=\"async\" class=\"alignnone size-large wp-image-34387\" src=\"https:\/\/vosgesinfo.fr\/app\/uploads\/sites\/4\/2024\/06\/ruche-connectee-jadopte-une-ruche-sddv-5-768x1024.jpeg\" alt=\"\" width=\"768\" height=\"1024\" srcset=\"https:\/\/vosgesinfo.fr\/app\/uploads\/sites\/4\/2024\/06\/ruche-connectee-jadopte-une-ruche-sddv-5-768x1024.jpeg 768w, https:\/\/vosgesinfo.fr\/app\/uploads\/sites\/4\/2024\/06\/ruche-connectee-jadopte-une-ruche-sddv-5-225x300.jpeg 225w, https:\/\/vosgesinfo.fr\/app\/uploads\/sites\/4\/2024\/06\/ruche-connectee-jadopte-une-ruche-sddv-5-1152x1536.jpeg 1152w, https:\/\/vosgesinfo.fr\/app\/uploads\/sites\/4\/2024\/06\/ruche-connectee-jadopte-une-ruche-sddv-5-1536x2048.jpeg 1536w, https:\/\/vosgesinfo.fr\/app\/uploads\/sites\/4\/2024\/06\/ruche-connectee-jadopte-une-ruche-sddv-5-scaled.jpeg 1920w\" sizes=\"(max-width: 768px) 100vw, 768px\" \/><\/p>\n","protected":false},"excerpt":{"rendered":"<p>L&rsquo;association \u00ab\u00a0J&rsquo;adopte une ruche \u00e0 Saint-Di\u00e9-des-Vosges\u00a0\u00bb g\u00e8re 10 ruches, r\u00e9parties sur 2 sites. Respectivement \u00e0 Gratin et dans le parc [&hellip;]<\/p>\n","protected":false},"author":46,"featured_media":34382,"comment_status":"open","ping_status":"open","sticky":false,"template":"","format":"standard","meta":{"footnotes":""},"categories":[460,7,167],"tags":[6378,6379,3199,6377,6380],"class_list":["post-34381","post","type-post","status-publish","format-standard","has-post-thumbnail","hentry","category-a-la-une","category-environnement","category-saint-die-des-vosges","tag-apiculture","tag-beeguard","tag-biodiversite","tag-jadopte-une-ruche-a-saint-die-des-vosges","tag-parc-de-lancienne-mediatheque-victor-hugo"],"acf":[],"yoast_head":"<!-- This site is optimized with the Yoast SEO plugin v22.5 - https:\/\/yoast.com\/wordpress\/plugins\/seo\/ -->\n<title>La vie d&#039;une ruche de Saint-Di\u00e9-des-Vosges observ\u00e9e en temps r\u00e9el - Saint Die Info<\/title>\n<meta name=\"robots\" content=\"index, follow, max-snippet:-1, max-image-preview:large, max-video-preview:-1\" \/>\n<link rel=\"canonical\" href=\"https:\/\/vosgesinfo.fr\/saintdieinfo\/?p=34381\" \/>\n<meta name=\"twitter:card\" content=\"summary_large_image\" \/>\n<meta name=\"twitter:title\" content=\"La vie d&#039;une ruche de Saint-Di\u00e9-des-Vosges observ\u00e9e en temps r\u00e9el - Saint Die Info\" \/>\n<meta name=\"twitter:description\" content=\"L&rsquo;association \u00ab\u00a0J&rsquo;adopte une ruche \u00e0 Saint-Di\u00e9-des-Vosges\u00a0\u00bb g\u00e8re 10 ruches, r\u00e9parties sur 2 sites. Respectivement \u00e0 Gratin et dans le parc [&hellip;]\" \/>\n<meta name=\"twitter:image\" content=\"https:\/\/vosgesinfo.fr\/app\/uploads\/sites\/4\/2024\/06\/ruche-connectee-jadopte-une-ruche-sddv-1-scaled.jpg\" \/>\n<meta name=\"twitter:creator\" content=\"@VosgesInfo88\" \/>\n<meta name=\"twitter:site\" content=\"@VosgesInfo88\" \/>\n<meta name=\"twitter:label1\" content=\"\u00c9crit par\" \/>\n\t<meta name=\"twitter:data1\" content=\"J.J.\" \/>\n\t<meta name=\"twitter:label2\" content=\"Dur\u00e9e de lecture estim\u00e9e\" \/>\n\t<meta name=\"twitter:data2\" content=\"3 minutes\" \/>\n<script type=\"application\/ld+json\" class=\"yoast-schema-graph\">{\"@context\":\"https:\/\/schema.org\",\"@graph\":[{\"@type\":\"Article\",\"@id\":\"https:\/\/vosgesinfo.fr\/saintdieinfo\/?p=34381#article\",\"isPartOf\":{\"@id\":\"https:\/\/vosgesinfo.fr\/saintdieinfo\/?p=34381\"},\"author\":{\"name\":\"J.J.\",\"@id\":\"https:\/\/vosgesinfo.fr\/saintdieinfo\/#\/schema\/person\/fa73e9f726d67bb88f46d5b7943cb572\"},\"headline\":\"La vie d&rsquo;une ruche de Saint-Di\u00e9-des-Vosges observ\u00e9e en temps r\u00e9el\",\"datePublished\":\"2024-06-04T07:32:19+00:00\",\"dateModified\":\"2024-06-04T07:32:19+00:00\",\"mainEntityOfPage\":{\"@id\":\"https:\/\/vosgesinfo.fr\/saintdieinfo\/?p=34381\"},\"wordCount\":431,\"commentCount\":0,\"publisher\":{\"@id\":\"https:\/\/vosgesinfo.fr\/saintdieinfo\/#organization\"},\"image\":{\"@id\":\"https:\/\/vosgesinfo.fr\/saintdieinfo\/?p=34381#primaryimage\"},\"thumbnailUrl\":\"https:\/\/vosgesinfo.fr\/app\/uploads\/sites\/4\/2024\/06\/ruche-connectee-jadopte-une-ruche-sddv-1-scaled.jpg\",\"keywords\":[\"Apiculture\",\"BeeGuard\",\"Biodiversit\u00e9\",\"J'adopte une ruche \u00e0 Saint-Di\u00e9-des-Vosges\",\"Parc de l'ancienne m\u00e9diath\u00e8que Victor-Hugo\"],\"articleSection\":[\"A la Une\",\"Environnement\",\"Saint-Di\u00e9-des-Vosges\"],\"inLanguage\":\"fr-FR\",\"potentialAction\":[{\"@type\":\"CommentAction\",\"name\":\"Comment\",\"target\":[\"https:\/\/vosgesinfo.fr\/saintdieinfo\/?p=34381#respond\"]}]},{\"@type\":\"WebPage\",\"@id\":\"https:\/\/vosgesinfo.fr\/saintdieinfo\/?p=34381\",\"url\":\"https:\/\/vosgesinfo.fr\/saintdieinfo\/?p=34381\",\"name\":\"La vie d'une ruche de Saint-Di\u00e9-des-Vosges observ\u00e9e en temps r\u00e9el - Saint Die Info\",\"isPartOf\":{\"@id\":\"https:\/\/vosgesinfo.fr\/saintdieinfo\/#website\"},\"primaryImageOfPage\":{\"@id\":\"https:\/\/vosgesinfo.fr\/saintdieinfo\/?p=34381#primaryimage\"},\"image\":{\"@id\":\"https:\/\/vosgesinfo.fr\/saintdieinfo\/?p=34381#primaryimage\"},\"thumbnailUrl\":\"https:\/\/vosgesinfo.fr\/app\/uploads\/sites\/4\/2024\/06\/ruche-connectee-jadopte-une-ruche-sddv-1-scaled.jpg\",\"datePublished\":\"2024-06-04T07:32:19+00:00\",\"dateModified\":\"2024-06-04T07:32:19+00:00\",\"breadcrumb\":{\"@id\":\"https:\/\/vosgesinfo.fr\/saintdieinfo\/?p=34381#breadcrumb\"},\"inLanguage\":\"fr-FR\",\"potentialAction\":[{\"@type\":\"ReadAction\",\"target\":[\"https:\/\/vosgesinfo.fr\/saintdieinfo\/?p=34381\"]}]},{\"@type\":\"ImageObject\",\"inLanguage\":\"fr-FR\",\"@id\":\"https:\/\/vosgesinfo.fr\/saintdieinfo\/?p=34381#primaryimage\",\"url\":\"https:\/\/vosgesinfo.fr\/app\/uploads\/sites\/4\/2024\/06\/ruche-connectee-jadopte-une-ruche-sddv-1-scaled.jpg\",\"contentUrl\":\"https:\/\/vosgesinfo.fr\/app\/uploads\/sites\/4\/2024\/06\/ruche-connectee-jadopte-une-ruche-sddv-1-scaled.jpg\",\"width\":2560,\"height\":1928},{\"@type\":\"BreadcrumbList\",\"@id\":\"https:\/\/vosgesinfo.fr\/saintdieinfo\/?p=34381#breadcrumb\",\"itemListElement\":[{\"@type\":\"ListItem\",\"position\":1,\"name\":\"Home\",\"item\":\"https:\/\/vosgesinfo.fr\/saintdieinfo\/\"},{\"@type\":\"ListItem\",\"position\":2,\"name\":\"La vie d&rsquo;une ruche de Saint-Di\u00e9-des-Vosges observ\u00e9e en temps r\u00e9el\"}]},{\"@type\":\"WebSite\",\"@id\":\"https:\/\/vosgesinfo.fr\/saintdieinfo\/#website\",\"url\":\"https:\/\/vosgesinfo.fr\/saintdieinfo\/\",\"name\":\"Saint Die Info\",\"description\":\"Toute l&#039;actualit\u00e9 de Saint-Di\u00e9-Des-Vosges\",\"publisher\":{\"@id\":\"https:\/\/vosgesinfo.fr\/saintdieinfo\/#organization\"},\"alternateName\":\"Toute l'actualit\u00e9 de Saint-Di\u00e9-Des-Vosges\",\"potentialAction\":[{\"@type\":\"SearchAction\",\"target\":{\"@type\":\"EntryPoint\",\"urlTemplate\":\"https:\/\/vosgesinfo.fr\/saintdieinfo\/?s={search_term_string}\"},\"query-input\":\"required name=search_term_string\"}],\"inLanguage\":\"fr-FR\"},{\"@type\":\"Organization\",\"@id\":\"https:\/\/vosgesinfo.fr\/saintdieinfo\/#organization\",\"name\":\"Saint Die Info\",\"url\":\"https:\/\/vosgesinfo.fr\/saintdieinfo\/\",\"logo\":{\"@type\":\"ImageObject\",\"inLanguage\":\"fr-FR\",\"@id\":\"https:\/\/vosgesinfo.fr\/saintdieinfo\/#\/schema\/logo\/image\/\",\"url\":\"https:\/\/vosgesinfo.fr\/app\/uploads\/sites\/4\/2024\/02\/logo-sdi.jpg\",\"contentUrl\":\"https:\/\/vosgesinfo.fr\/app\/uploads\/sites\/4\/2024\/02\/logo-sdi.jpg\",\"width\":600,\"height\":600,\"caption\":\"Saint Die Info\"},\"image\":{\"@id\":\"https:\/\/vosgesinfo.fr\/saintdieinfo\/#\/schema\/logo\/image\/\"},\"sameAs\":[\"https:\/\/www.facebook.com\/Saintdieinfofr\",\"https:\/\/x.com\/VosgesInfo88\",\"https:\/\/www.youtube.com\/@vosgesinfo\"]},{\"@type\":\"Person\",\"@id\":\"https:\/\/vosgesinfo.fr\/saintdieinfo\/#\/schema\/person\/fa73e9f726d67bb88f46d5b7943cb572\",\"name\":\"J.J.\",\"image\":{\"@type\":\"ImageObject\",\"inLanguage\":\"fr-FR\",\"@id\":\"https:\/\/vosgesinfo.fr\/saintdieinfo\/#\/schema\/person\/image\/\",\"url\":\"https:\/\/secure.gravatar.com\/avatar\/219e749e47ffbcca018a360ae4add7d4cdf1cdaaf8bc7676b27efade3fe65615?s=96&d=mm&r=g\",\"contentUrl\":\"https:\/\/secure.gravatar.com\/avatar\/219e749e47ffbcca018a360ae4add7d4cdf1cdaaf8bc7676b27efade3fe65615?s=96&d=mm&r=g\",\"caption\":\"J.J.\"},\"url\":\"https:\/\/vosgesinfo.fr\/saintdieinfo\/author\/j-j\/\"}]}<\/script>\n<!-- \/ Yoast SEO plugin. -->","yoast_head_json":{"title":"La vie d'une ruche de Saint-Di\u00e9-des-Vosges observ\u00e9e en temps r\u00e9el - Saint Die Info","robots":{"index":"index","follow":"follow","max-snippet":"max-snippet:-1","max-image-preview":"max-image-preview:large","max-video-preview":"max-video-preview:-1"},"canonical":"https:\/\/vosgesinfo.fr\/saintdieinfo\/?p=34381","twitter_card":"summary_large_image","twitter_title":"La vie d'une ruche de Saint-Di\u00e9-des-Vosges observ\u00e9e en temps r\u00e9el - Saint Die Info","twitter_description":"L&rsquo;association \u00ab\u00a0J&rsquo;adopte une ruche \u00e0 Saint-Di\u00e9-des-Vosges\u00a0\u00bb g\u00e8re 10 ruches, r\u00e9parties sur 2 sites. Respectivement \u00e0 Gratin et dans le parc [&hellip;]","twitter_image":"https:\/\/vosgesinfo.fr\/app\/uploads\/sites\/4\/2024\/06\/ruche-connectee-jadopte-une-ruche-sddv-1-scaled.jpg","twitter_creator":"@VosgesInfo88","twitter_site":"@VosgesInfo88","twitter_misc":{"\u00c9crit par":"J.J.","Dur\u00e9e de lecture estim\u00e9e":"3 minutes"},"schema":{"@context":"https:\/\/schema.org","@graph":[{"@type":"Article","@id":"https:\/\/vosgesinfo.fr\/saintdieinfo\/?p=34381#article","isPartOf":{"@id":"https:\/\/vosgesinfo.fr\/saintdieinfo\/?p=34381"},"author":{"name":"J.J.","@id":"https:\/\/vosgesinfo.fr\/saintdieinfo\/#\/schema\/person\/fa73e9f726d67bb88f46d5b7943cb572"},"headline":"La vie d&rsquo;une ruche de Saint-Di\u00e9-des-Vosges observ\u00e9e en temps r\u00e9el","datePublished":"2024-06-04T07:32:19+00:00","dateModified":"2024-06-04T07:32:19+00:00","mainEntityOfPage":{"@id":"https:\/\/vosgesinfo.fr\/saintdieinfo\/?p=34381"},"wordCount":431,"commentCount":0,"publisher":{"@id":"https:\/\/vosgesinfo.fr\/saintdieinfo\/#organization"},"image":{"@id":"https:\/\/vosgesinfo.fr\/saintdieinfo\/?p=34381#primaryimage"},"thumbnailUrl":"https:\/\/vosgesinfo.fr\/app\/uploads\/sites\/4\/2024\/06\/ruche-connectee-jadopte-une-ruche-sddv-1-scaled.jpg","keywords":["Apiculture","BeeGuard","Biodiversit\u00e9","J'adopte une ruche \u00e0 Saint-Di\u00e9-des-Vosges","Parc de l'ancienne m\u00e9diath\u00e8que Victor-Hugo"],"articleSection":["A la Une","Environnement","Saint-Di\u00e9-des-Vosges"],"inLanguage":"fr-FR","potentialAction":[{"@type":"CommentAction","name":"Comment","target":["https:\/\/vosgesinfo.fr\/saintdieinfo\/?p=34381#respond"]}]},{"@type":"WebPage","@id":"https:\/\/vosgesinfo.fr\/saintdieinfo\/?p=34381","url":"https:\/\/vosgesinfo.fr\/saintdieinfo\/?p=34381","name":"La vie d'une ruche de Saint-Di\u00e9-des-Vosges observ\u00e9e en temps r\u00e9el - Saint Die Info","isPartOf":{"@id":"https:\/\/vosgesinfo.fr\/saintdieinfo\/#website"},"primaryImageOfPage":{"@id":"https:\/\/vosgesinfo.fr\/saintdieinfo\/?p=34381#primaryimage"},"image":{"@id":"https:\/\/vosgesinfo.fr\/saintdieinfo\/?p=34381#primaryimage"},"thumbnailUrl":"https:\/\/vosgesinfo.fr\/app\/uploads\/sites\/4\/2024\/06\/ruche-connectee-jadopte-une-ruche-sddv-1-scaled.jpg","datePublished":"2024-06-04T07:32:19+00:00","dateModified":"2024-06-04T07:32:19+00:00","breadcrumb":{"@id":"https:\/\/vosgesinfo.fr\/saintdieinfo\/?p=34381#breadcrumb"},"inLanguage":"fr-FR","potentialAction":[{"@type":"ReadAction","target":["https:\/\/vosgesinfo.fr\/saintdieinfo\/?p=34381"]}]},{"@type":"ImageObject","inLanguage":"fr-FR","@id":"https:\/\/vosgesinfo.fr\/saintdieinfo\/?p=34381#primaryimage","url":"https:\/\/vosgesinfo.fr\/app\/uploads\/sites\/4\/2024\/06\/ruche-connectee-jadopte-une-ruche-sddv-1-scaled.jpg","contentUrl":"https:\/\/vosgesinfo.fr\/app\/uploads\/sites\/4\/2024\/06\/ruche-connectee-jadopte-une-ruche-sddv-1-scaled.jpg","width":2560,"height":1928},{"@type":"BreadcrumbList","@id":"https:\/\/vosgesinfo.fr\/saintdieinfo\/?p=34381#breadcrumb","itemListElement":[{"@type":"ListItem","position":1,"name":"Home","item":"https:\/\/vosgesinfo.fr\/saintdieinfo\/"},{"@type":"ListItem","position":2,"name":"La vie d&rsquo;une ruche de Saint-Di\u00e9-des-Vosges observ\u00e9e en temps r\u00e9el"}]},{"@type":"WebSite","@id":"https:\/\/vosgesinfo.fr\/saintdieinfo\/#website","url":"https:\/\/vosgesinfo.fr\/saintdieinfo\/","name":"Saint Die Info","description":"Toute l&#039;actualit\u00e9 de Saint-Di\u00e9-Des-Vosges","publisher":{"@id":"https:\/\/vosgesinfo.fr\/saintdieinfo\/#organization"},"alternateName":"Toute l'actualit\u00e9 de Saint-Di\u00e9-Des-Vosges","potentialAction":[{"@type":"SearchAction","target":{"@type":"EntryPoint","urlTemplate":"https:\/\/vosgesinfo.fr\/saintdieinfo\/?s={search_term_string}"},"query-input":"required name=search_term_string"}],"inLanguage":"fr-FR"},{"@type":"Organization","@id":"https:\/\/vosgesinfo.fr\/saintdieinfo\/#organization","name":"Saint Die Info","url":"https:\/\/vosgesinfo.fr\/saintdieinfo\/","logo":{"@type":"ImageObject","inLanguage":"fr-FR","@id":"https:\/\/vosgesinfo.fr\/saintdieinfo\/#\/schema\/logo\/image\/","url":"https:\/\/vosgesinfo.fr\/app\/uploads\/sites\/4\/2024\/02\/logo-sdi.jpg","contentUrl":"https:\/\/vosgesinfo.fr\/app\/uploads\/sites\/4\/2024\/02\/logo-sdi.jpg","width":600,"height":600,"caption":"Saint Die Info"},"image":{"@id":"https:\/\/vosgesinfo.fr\/saintdieinfo\/#\/schema\/logo\/image\/"},"sameAs":["https:\/\/www.facebook.com\/Saintdieinfofr","https:\/\/x.com\/VosgesInfo88","https:\/\/www.youtube.com\/@vosgesinfo"]},{"@type":"Person","@id":"https:\/\/vosgesinfo.fr\/saintdieinfo\/#\/schema\/person\/fa73e9f726d67bb88f46d5b7943cb572","name":"J.J.","image":{"@type":"ImageObject","inLanguage":"fr-FR","@id":"https:\/\/vosgesinfo.fr\/saintdieinfo\/#\/schema\/person\/image\/","url":"https:\/\/secure.gravatar.com\/avatar\/219e749e47ffbcca018a360ae4add7d4cdf1cdaaf8bc7676b27efade3fe65615?s=96&d=mm&r=g","contentUrl":"https:\/\/secure.gravatar.com\/avatar\/219e749e47ffbcca018a360ae4add7d4cdf1cdaaf8bc7676b27efade3fe65615?s=96&d=mm&r=g","caption":"J.J."},"url":"https:\/\/vosgesinfo.fr\/saintdieinfo\/author\/j-j\/"}]}},"_links":{"self":[{"href":"https:\/\/vosgesinfo.fr\/saintdieinfo\/wp-json\/wp\/v2\/posts\/34381","targetHints":{"allow":["GET"]}}],"collection":[{"href":"https:\/\/vosgesinfo.fr\/saintdieinfo\/wp-json\/wp\/v2\/posts"}],"about":[{"href":"https:\/\/vosgesinfo.fr\/saintdieinfo\/wp-json\/wp\/v2\/types\/post"}],"author":[{"embeddable":true,"href":"https:\/\/vosgesinfo.fr\/saintdieinfo\/wp-json\/wp\/v2\/users\/46"}],"replies":[{"embeddable":true,"href":"https:\/\/vosgesinfo.fr\/saintdieinfo\/wp-json\/wp\/v2\/comments?post=34381"}],"version-history":[{"count":2,"href":"https:\/\/vosgesinfo.fr\/saintdieinfo\/wp-json\/wp\/v2\/posts\/34381\/revisions"}],"predecessor-version":[{"id":34389,"href":"https:\/\/vosgesinfo.fr\/saintdieinfo\/wp-json\/wp\/v2\/posts\/34381\/revisions\/34389"}],"wp:featuredmedia":[{"embeddable":true,"href":"https:\/\/vosgesinfo.fr\/saintdieinfo\/wp-json\/wp\/v2\/media\/34382"}],"wp:attachment":[{"href":"https:\/\/vosgesinfo.fr\/saintdieinfo\/wp-json\/wp\/v2\/media?parent=34381"}],"wp:term":[{"taxonomy":"category","embeddable":true,"href":"https:\/\/vosgesinfo.fr\/saintdieinfo\/wp-json\/wp\/v2\/categories?post=34381"},{"taxonomy":"post_tag","embeddable":true,"href":"https:\/\/vosgesinfo.fr\/saintdieinfo\/wp-json\/wp\/v2\/tags?post=34381"}],"curies":[{"name":"wp","href":"https:\/\/api.w.org\/{rel}","templated":true}]}}