{"id":34508,"date":"2024-06-06T16:53:23","date_gmt":"2024-06-06T14:53:23","guid":{"rendered":"https:\/\/vosgesinfo.fr\/saintdieinfo\/?p=34508"},"modified":"2024-06-06T16:53:23","modified_gmt":"2024-06-06T14:53:23","slug":"minute-espagnole-au-lycee-georges-baumont","status":"publish","type":"post","link":"https:\/\/vosgesinfo.fr\/saintdieinfo\/2024\/06\/minute-espagnole-au-lycee-georges-baumont\/","title":{"rendered":"Minute espagnole au lyc\u00e9e Georges-Baumont"},"content":{"rendered":"<p><img decoding=\"async\" class=\"alignnone size-large wp-image-34521\" src=\"https:\/\/vosgesinfo.fr\/app\/uploads\/sites\/4\/2024\/06\/minute-langue-espagnole-lycee-baumont-4-1024x771.jpg\" alt=\"\" width=\"1024\" height=\"771\" srcset=\"https:\/\/vosgesinfo.fr\/app\/uploads\/sites\/4\/2024\/06\/minute-langue-espagnole-lycee-baumont-4-1024x771.jpg 1024w, https:\/\/vosgesinfo.fr\/app\/uploads\/sites\/4\/2024\/06\/minute-langue-espagnole-lycee-baumont-4-300x226.jpg 300w, https:\/\/vosgesinfo.fr\/app\/uploads\/sites\/4\/2024\/06\/minute-langue-espagnole-lycee-baumont-4-768x578.jpg 768w, https:\/\/vosgesinfo.fr\/app\/uploads\/sites\/4\/2024\/06\/minute-langue-espagnole-lycee-baumont-4-1536x1157.jpg 1536w, https:\/\/vosgesinfo.fr\/app\/uploads\/sites\/4\/2024\/06\/minute-langue-espagnole-lycee-baumont-4-2048x1542.jpg 2048w\" sizes=\"(max-width: 1024px) 100vw, 1024px\" \/><\/p>\n<h2>L&rsquo;ensemble des 90 \u00e9l\u00e8ves des classes de Seconde du lyc\u00e9e Georges-Baumont qui ont choisi LV2 Espagnol ont particip\u00e9 au projet \u00ab Minute langue \u00bb tout au long de leur ann\u00e9e scolaire.<\/h2>\n<p><!--more--><\/p>\n<p>Un nouveau projet au sein du lyc\u00e9e d\u00e9odatien, derri\u00e8re lequel on retrouve David Barb\u00e9, professeur d&rsquo;Espagnol, et Charline Pochetat, professeur documentaliste. Ces 2 derniers d&rsquo;expliquer que \u00ab ce projet est n\u00e9 d&rsquo;une discussion compl\u00e8tement formelle. L&rsquo;id\u00e9e est de valoriser la langue espagnole par une d\u00e9couverte de la culture hispanique. Et ce en faisant sortir les \u00e9l\u00e8ves de la classe. R\u00e9partis en bin\u00f4mes, ils ont travaill\u00e9 sur ce projet en dehors des heures de cours, \u00e0 raison de 2 \u00e0 3 heures au total. \u00bb<\/p>\n<p>Chaque bin\u00f4me avait le choix entre 2 formats : une publication sur <a href=\"https:\/\/www.instagram.com\/cdi_de_baumont\/\" target=\"_blank\" rel=\"noopener\">le compte Instagram du CDI de l&rsquo;\u00e9tablissement<\/a>, ou une courte vid\u00e9o \u2013 un \u00ab Reels \u00bb \u2013 publi\u00e9e sur ce m\u00eame compte Instagram. Les lyc\u00e9ens ont ainsi pu se plonger dans les traditions du Jour des morts (El Dia de los Muertos) ou le No\u00ebl espagnol (Navidad).<\/p>\n<p>Pour leur part, leurs a\u00een\u00e9s des classes de Premi\u00e8re ont visit\u00e9 la maison-mus\u00e9e de l&rsquo;artiste feu Fausto Olivares, \u00e0 Hurbache, le jeudi 23 mai dernier. Au programme\u00a0: une d\u00e9couverte de la culture andalouse et du flamenco, \u00e0 travers des ateliers \u00e9ducatifs et artistiques.<\/p>\n<p>Compte tenu de la bonne implication des \u00e9l\u00e8ves, cette \u00ab\u00a0Minute langue\u00a0\u00bb \u00e0 l&rsquo;accent espagnol sera reconduite pour la prochaine ann\u00e9e scolaire, avec \u00e9galement une continuit\u00e9 pour les Premi\u00e8res via la mise en place d&rsquo;une \u00ab\u00a0Radio langue\u00a0\u00bb. Pour ce projet, les lyc\u00e9ens feront d\u00e9couvrir des points du monde hispanique par le biais de la radio. L&rsquo;occasion d&rsquo;aborder des sujets plus approfondis que pour la \u00ab\u00a0Minute langue\u00a0\u00bb, tels que le muralisme, la condition des femmes ou la crise du Venezuela.<\/p>\n<p>Toujours autour de la culture hispanique, David Barb\u00e9 et Charline Pochetat aimeraient travailler avec les Terminales sur des peintres hispaniques, comme Goya, Posada et Rivera, \u00ab afin de cr\u00e9er une exposition sur ces derniers et leurs apports dans la culture. Les productions des \u00e9l\u00e8ves formeront l&rsquo;exposition \u00ab Langu&rsquo;art \u00bb, associant la semaine des langues et celle des Arts. \u00bb<\/p>\n<p>Autre projet envisag\u00e9 pour l&rsquo;ann\u00e9e scolaire 2024-2025\u00a0: \u00ab\u00a0La table des langues\u00a0\u00bb, dans le cadre duquel des menus typiques espagnols, allemands et anglais seraient propos\u00e9s. Soit les 3 langues \u00e9tudi\u00e9es au lyc\u00e9e Baumont. Les menus seraient \u00e9labor\u00e9s en concertation avec les \u00e9l\u00e8ves, pour que ces derniers effectuent des recherches en amont des d\u00e9gustations.<\/p>\n<p>J.J.<\/p>\n<p><img decoding=\"async\" class=\"alignnone size-large wp-image-34516\" src=\"https:\/\/vosgesinfo.fr\/app\/uploads\/sites\/4\/2024\/06\/minute-langue-espagnole-lycee-baumont-1-1-1024x1024.png\" alt=\"\" width=\"1024\" height=\"1024\" srcset=\"https:\/\/vosgesinfo.fr\/app\/uploads\/sites\/4\/2024\/06\/minute-langue-espagnole-lycee-baumont-1-1-1024x1024.png 1024w, https:\/\/vosgesinfo.fr\/app\/uploads\/sites\/4\/2024\/06\/minute-langue-espagnole-lycee-baumont-1-1-300x300.png 300w, https:\/\/vosgesinfo.fr\/app\/uploads\/sites\/4\/2024\/06\/minute-langue-espagnole-lycee-baumont-1-1-150x150.png 150w, https:\/\/vosgesinfo.fr\/app\/uploads\/sites\/4\/2024\/06\/minute-langue-espagnole-lycee-baumont-1-1-768x768.png 768w, https:\/\/vosgesinfo.fr\/app\/uploads\/sites\/4\/2024\/06\/minute-langue-espagnole-lycee-baumont-1-1.png 1080w\" sizes=\"(max-width: 1024px) 100vw, 1024px\" \/><\/p>\n<p><img decoding=\"async\" class=\"alignnone size-large wp-image-34518\" src=\"https:\/\/vosgesinfo.fr\/app\/uploads\/sites\/4\/2024\/06\/minute-langue-espagnole-lycee-baumont-2-1-1024x1024.png\" alt=\"\" width=\"1024\" height=\"1024\" srcset=\"https:\/\/vosgesinfo.fr\/app\/uploads\/sites\/4\/2024\/06\/minute-langue-espagnole-lycee-baumont-2-1-1024x1024.png 1024w, https:\/\/vosgesinfo.fr\/app\/uploads\/sites\/4\/2024\/06\/minute-langue-espagnole-lycee-baumont-2-1-300x300.png 300w, https:\/\/vosgesinfo.fr\/app\/uploads\/sites\/4\/2024\/06\/minute-langue-espagnole-lycee-baumont-2-1-150x150.png 150w, https:\/\/vosgesinfo.fr\/app\/uploads\/sites\/4\/2024\/06\/minute-langue-espagnole-lycee-baumont-2-1-768x768.png 768w, https:\/\/vosgesinfo.fr\/app\/uploads\/sites\/4\/2024\/06\/minute-langue-espagnole-lycee-baumont-2-1.png 1080w\" sizes=\"(max-width: 1024px) 100vw, 1024px\" \/><\/p>\n<p><img decoding=\"async\" class=\"alignnone size-large wp-image-34520\" src=\"https:\/\/vosgesinfo.fr\/app\/uploads\/sites\/4\/2024\/06\/minute-langue-espagnole-lycee-baumont-3-1024x1024.png\" alt=\"\" width=\"1024\" height=\"1024\" srcset=\"https:\/\/vosgesinfo.fr\/app\/uploads\/sites\/4\/2024\/06\/minute-langue-espagnole-lycee-baumont-3-1024x1024.png 1024w, https:\/\/vosgesinfo.fr\/app\/uploads\/sites\/4\/2024\/06\/minute-langue-espagnole-lycee-baumont-3-300x300.png 300w, https:\/\/vosgesinfo.fr\/app\/uploads\/sites\/4\/2024\/06\/minute-langue-espagnole-lycee-baumont-3-150x150.png 150w, https:\/\/vosgesinfo.fr\/app\/uploads\/sites\/4\/2024\/06\/minute-langue-espagnole-lycee-baumont-3-768x768.png 768w, https:\/\/vosgesinfo.fr\/app\/uploads\/sites\/4\/2024\/06\/minute-langue-espagnole-lycee-baumont-3.png 1080w\" sizes=\"(max-width: 1024px) 100vw, 1024px\" \/><\/p>\n<p><img decoding=\"async\" class=\"alignnone size-large wp-image-34517\" src=\"https:\/\/vosgesinfo.fr\/app\/uploads\/sites\/4\/2024\/06\/minute-langue-espagnole-lycee-baumont-2-1-768x1024.jpg\" alt=\"\" width=\"768\" height=\"1024\" srcset=\"https:\/\/vosgesinfo.fr\/app\/uploads\/sites\/4\/2024\/06\/minute-langue-espagnole-lycee-baumont-2-1-768x1024.jpg 768w, https:\/\/vosgesinfo.fr\/app\/uploads\/sites\/4\/2024\/06\/minute-langue-espagnole-lycee-baumont-2-1-225x300.jpg 225w, https:\/\/vosgesinfo.fr\/app\/uploads\/sites\/4\/2024\/06\/minute-langue-espagnole-lycee-baumont-2-1-1152x1536.jpg 1152w, https:\/\/vosgesinfo.fr\/app\/uploads\/sites\/4\/2024\/06\/minute-langue-espagnole-lycee-baumont-2-1-1536x2048.jpg 1536w, https:\/\/vosgesinfo.fr\/app\/uploads\/sites\/4\/2024\/06\/minute-langue-espagnole-lycee-baumont-2-1-scaled.jpg 1920w\" sizes=\"(max-width: 768px) 100vw, 768px\" \/><\/p>\n<p><img decoding=\"async\" class=\"alignnone size-large wp-image-34515\" src=\"https:\/\/vosgesinfo.fr\/app\/uploads\/sites\/4\/2024\/06\/minute-langue-espagnole-lycee-baumont-1-1-768x1024.jpg\" alt=\"\" width=\"768\" height=\"1024\" srcset=\"https:\/\/vosgesinfo.fr\/app\/uploads\/sites\/4\/2024\/06\/minute-langue-espagnole-lycee-baumont-1-1-768x1024.jpg 768w, https:\/\/vosgesinfo.fr\/app\/uploads\/sites\/4\/2024\/06\/minute-langue-espagnole-lycee-baumont-1-1-225x300.jpg 225w, https:\/\/vosgesinfo.fr\/app\/uploads\/sites\/4\/2024\/06\/minute-langue-espagnole-lycee-baumont-1-1-1152x1536.jpg 1152w, https:\/\/vosgesinfo.fr\/app\/uploads\/sites\/4\/2024\/06\/minute-langue-espagnole-lycee-baumont-1-1-1536x2048.jpg 1536w, https:\/\/vosgesinfo.fr\/app\/uploads\/sites\/4\/2024\/06\/minute-langue-espagnole-lycee-baumont-1-1-scaled.jpg 1920w\" sizes=\"(max-width: 768px) 100vw, 768px\" \/><\/p>\n<p><img decoding=\"async\" class=\"alignnone size-large wp-image-34519\" src=\"https:\/\/vosgesinfo.fr\/app\/uploads\/sites\/4\/2024\/06\/minute-langue-espagnole-lycee-baumont-3-1-1024x768.jpg\" alt=\"\" width=\"1024\" height=\"768\" srcset=\"https:\/\/vosgesinfo.fr\/app\/uploads\/sites\/4\/2024\/06\/minute-langue-espagnole-lycee-baumont-3-1-1024x768.jpg 1024w, https:\/\/vosgesinfo.fr\/app\/uploads\/sites\/4\/2024\/06\/minute-langue-espagnole-lycee-baumont-3-1-300x225.jpg 300w, https:\/\/vosgesinfo.fr\/app\/uploads\/sites\/4\/2024\/06\/minute-langue-espagnole-lycee-baumont-3-1-768x576.jpg 768w, https:\/\/vosgesinfo.fr\/app\/uploads\/sites\/4\/2024\/06\/minute-langue-espagnole-lycee-baumont-3-1-1536x1152.jpg 1536w, https:\/\/vosgesinfo.fr\/app\/uploads\/sites\/4\/2024\/06\/minute-langue-espagnole-lycee-baumont-3-1-2048x1536.jpg 2048w\" sizes=\"(max-width: 1024px) 100vw, 1024px\" \/><\/p>\n","protected":false},"excerpt":{"rendered":"<p>L&rsquo;ensemble des 90 \u00e9l\u00e8ves des classes de Seconde du lyc\u00e9e Georges-Baumont qui ont choisi LV2 Espagnol ont particip\u00e9 au projet [&hellip;]<\/p>\n","protected":false},"author":46,"featured_media":34521,"comment_status":"open","ping_status":"open","sticky":false,"template":"","format":"standard","meta":{"footnotes":""},"categories":[460,6,167],"tags":[3371,6418,6417],"class_list":["post-34508","post","type-post","status-publish","format-standard","has-post-thumbnail","hentry","category-a-la-une","category-education","category-saint-die-des-vosges","tag-lycee-georges-baumont","tag-minute-espagnole","tag-minute-langue"],"acf":[],"yoast_head":"<!-- This site is optimized with the Yoast SEO plugin v22.5 - https:\/\/yoast.com\/wordpress\/plugins\/seo\/ -->\n<title>Minute espagnole au lyc\u00e9e Georges-Baumont - Saint Die Info<\/title>\n<meta name=\"robots\" content=\"index, follow, max-snippet:-1, max-image-preview:large, max-video-preview:-1\" \/>\n<link rel=\"canonical\" href=\"https:\/\/vosgesinfo.fr\/saintdieinfo\/?p=34508\" \/>\n<meta name=\"twitter:card\" content=\"summary_large_image\" \/>\n<meta name=\"twitter:title\" content=\"Minute espagnole au lyc\u00e9e Georges-Baumont - Saint Die Info\" \/>\n<meta name=\"twitter:description\" content=\"L&rsquo;ensemble des 90 \u00e9l\u00e8ves des classes de Seconde du lyc\u00e9e Georges-Baumont qui ont choisi LV2 Espagnol ont particip\u00e9 au projet [&hellip;]\" \/>\n<meta name=\"twitter:image\" content=\"https:\/\/vosgesinfo.fr\/app\/uploads\/sites\/4\/2024\/06\/minute-langue-espagnole-lycee-baumont-4-1024x771.jpg\" \/>\n<meta name=\"twitter:creator\" content=\"@VosgesInfo88\" \/>\n<meta name=\"twitter:site\" content=\"@VosgesInfo88\" \/>\n<meta name=\"twitter:label1\" content=\"\u00c9crit par\" \/>\n\t<meta name=\"twitter:data1\" content=\"J.J.\" \/>\n\t<meta name=\"twitter:label2\" content=\"Dur\u00e9e de lecture estim\u00e9e\" \/>\n\t<meta name=\"twitter:data2\" content=\"2 minutes\" \/>\n<script type=\"application\/ld+json\" class=\"yoast-schema-graph\">{\"@context\":\"https:\/\/schema.org\",\"@graph\":[{\"@type\":\"Article\",\"@id\":\"https:\/\/vosgesinfo.fr\/saintdieinfo\/?p=34508#article\",\"isPartOf\":{\"@id\":\"https:\/\/vosgesinfo.fr\/saintdieinfo\/?p=34508\"},\"author\":{\"name\":\"J.J.\",\"@id\":\"https:\/\/vosgesinfo.fr\/saintdieinfo\/#\/schema\/person\/fa73e9f726d67bb88f46d5b7943cb572\"},\"headline\":\"Minute espagnole au lyc\u00e9e Georges-Baumont\",\"datePublished\":\"2024-06-06T14:53:23+00:00\",\"dateModified\":\"2024-06-06T14:53:23+00:00\",\"mainEntityOfPage\":{\"@id\":\"https:\/\/vosgesinfo.fr\/saintdieinfo\/?p=34508\"},\"wordCount\":440,\"commentCount\":1,\"publisher\":{\"@id\":\"https:\/\/vosgesinfo.fr\/saintdieinfo\/#organization\"},\"image\":{\"@id\":\"https:\/\/vosgesinfo.fr\/saintdieinfo\/?p=34508#primaryimage\"},\"thumbnailUrl\":\"https:\/\/vosgesinfo.fr\/app\/uploads\/sites\/4\/2024\/06\/minute-langue-espagnole-lycee-baumont-4-scaled.jpg\",\"keywords\":[\"Lyc\u00e9e Georges-Baumont\",\"Minute espagnole\",\"Minute langue\"],\"articleSection\":[\"A la Une\",\"\u00c9ducation\",\"Saint-Di\u00e9-des-Vosges\"],\"inLanguage\":\"fr-FR\",\"potentialAction\":[{\"@type\":\"CommentAction\",\"name\":\"Comment\",\"target\":[\"https:\/\/vosgesinfo.fr\/saintdieinfo\/?p=34508#respond\"]}]},{\"@type\":\"WebPage\",\"@id\":\"https:\/\/vosgesinfo.fr\/saintdieinfo\/?p=34508\",\"url\":\"https:\/\/vosgesinfo.fr\/saintdieinfo\/?p=34508\",\"name\":\"Minute espagnole au lyc\u00e9e Georges-Baumont - Saint Die Info\",\"isPartOf\":{\"@id\":\"https:\/\/vosgesinfo.fr\/saintdieinfo\/#website\"},\"primaryImageOfPage\":{\"@id\":\"https:\/\/vosgesinfo.fr\/saintdieinfo\/?p=34508#primaryimage\"},\"image\":{\"@id\":\"https:\/\/vosgesinfo.fr\/saintdieinfo\/?p=34508#primaryimage\"},\"thumbnailUrl\":\"https:\/\/vosgesinfo.fr\/app\/uploads\/sites\/4\/2024\/06\/minute-langue-espagnole-lycee-baumont-4-scaled.jpg\",\"datePublished\":\"2024-06-06T14:53:23+00:00\",\"dateModified\":\"2024-06-06T14:53:23+00:00\",\"breadcrumb\":{\"@id\":\"https:\/\/vosgesinfo.fr\/saintdieinfo\/?p=34508#breadcrumb\"},\"inLanguage\":\"fr-FR\",\"potentialAction\":[{\"@type\":\"ReadAction\",\"target\":[\"https:\/\/vosgesinfo.fr\/saintdieinfo\/?p=34508\"]}]},{\"@type\":\"ImageObject\",\"inLanguage\":\"fr-FR\",\"@id\":\"https:\/\/vosgesinfo.fr\/saintdieinfo\/?p=34508#primaryimage\",\"url\":\"https:\/\/vosgesinfo.fr\/app\/uploads\/sites\/4\/2024\/06\/minute-langue-espagnole-lycee-baumont-4-scaled.jpg\",\"contentUrl\":\"https:\/\/vosgesinfo.fr\/app\/uploads\/sites\/4\/2024\/06\/minute-langue-espagnole-lycee-baumont-4-scaled.jpg\",\"width\":2560,\"height\":1928},{\"@type\":\"BreadcrumbList\",\"@id\":\"https:\/\/vosgesinfo.fr\/saintdieinfo\/?p=34508#breadcrumb\",\"itemListElement\":[{\"@type\":\"ListItem\",\"position\":1,\"name\":\"Home\",\"item\":\"https:\/\/vosgesinfo.fr\/saintdieinfo\/\"},{\"@type\":\"ListItem\",\"position\":2,\"name\":\"Minute espagnole au lyc\u00e9e Georges-Baumont\"}]},{\"@type\":\"WebSite\",\"@id\":\"https:\/\/vosgesinfo.fr\/saintdieinfo\/#website\",\"url\":\"https:\/\/vosgesinfo.fr\/saintdieinfo\/\",\"name\":\"Saint Die Info\",\"description\":\"Toute l&#039;actualit\u00e9 de Saint-Di\u00e9-Des-Vosges\",\"publisher\":{\"@id\":\"https:\/\/vosgesinfo.fr\/saintdieinfo\/#organization\"},\"alternateName\":\"Toute l'actualit\u00e9 de Saint-Di\u00e9-Des-Vosges\",\"potentialAction\":[{\"@type\":\"SearchAction\",\"target\":{\"@type\":\"EntryPoint\",\"urlTemplate\":\"https:\/\/vosgesinfo.fr\/saintdieinfo\/?s={search_term_string}\"},\"query-input\":\"required name=search_term_string\"}],\"inLanguage\":\"fr-FR\"},{\"@type\":\"Organization\",\"@id\":\"https:\/\/vosgesinfo.fr\/saintdieinfo\/#organization\",\"name\":\"Saint Die Info\",\"url\":\"https:\/\/vosgesinfo.fr\/saintdieinfo\/\",\"logo\":{\"@type\":\"ImageObject\",\"inLanguage\":\"fr-FR\",\"@id\":\"https:\/\/vosgesinfo.fr\/saintdieinfo\/#\/schema\/logo\/image\/\",\"url\":\"https:\/\/vosgesinfo.fr\/app\/uploads\/sites\/4\/2024\/02\/logo-sdi.jpg\",\"contentUrl\":\"https:\/\/vosgesinfo.fr\/app\/uploads\/sites\/4\/2024\/02\/logo-sdi.jpg\",\"width\":600,\"height\":600,\"caption\":\"Saint Die Info\"},\"image\":{\"@id\":\"https:\/\/vosgesinfo.fr\/saintdieinfo\/#\/schema\/logo\/image\/\"},\"sameAs\":[\"https:\/\/www.facebook.com\/Saintdieinfofr\",\"https:\/\/x.com\/VosgesInfo88\",\"https:\/\/www.youtube.com\/@vosgesinfo\"]},{\"@type\":\"Person\",\"@id\":\"https:\/\/vosgesinfo.fr\/saintdieinfo\/#\/schema\/person\/fa73e9f726d67bb88f46d5b7943cb572\",\"name\":\"J.J.\",\"image\":{\"@type\":\"ImageObject\",\"inLanguage\":\"fr-FR\",\"@id\":\"https:\/\/vosgesinfo.fr\/saintdieinfo\/#\/schema\/person\/image\/\",\"url\":\"https:\/\/secure.gravatar.com\/avatar\/219e749e47ffbcca018a360ae4add7d4cdf1cdaaf8bc7676b27efade3fe65615?s=96&d=mm&r=g\",\"contentUrl\":\"https:\/\/secure.gravatar.com\/avatar\/219e749e47ffbcca018a360ae4add7d4cdf1cdaaf8bc7676b27efade3fe65615?s=96&d=mm&r=g\",\"caption\":\"J.J.\"},\"url\":\"https:\/\/vosgesinfo.fr\/saintdieinfo\/author\/j-j\/\"}]}<\/script>\n<!-- \/ Yoast SEO plugin. -->","yoast_head_json":{"title":"Minute espagnole au lyc\u00e9e Georges-Baumont - Saint Die Info","robots":{"index":"index","follow":"follow","max-snippet":"max-snippet:-1","max-image-preview":"max-image-preview:large","max-video-preview":"max-video-preview:-1"},"canonical":"https:\/\/vosgesinfo.fr\/saintdieinfo\/?p=34508","twitter_card":"summary_large_image","twitter_title":"Minute espagnole au lyc\u00e9e Georges-Baumont - Saint Die Info","twitter_description":"L&rsquo;ensemble des 90 \u00e9l\u00e8ves des classes de Seconde du lyc\u00e9e Georges-Baumont qui ont choisi LV2 Espagnol ont particip\u00e9 au projet [&hellip;]","twitter_image":"https:\/\/vosgesinfo.fr\/app\/uploads\/sites\/4\/2024\/06\/minute-langue-espagnole-lycee-baumont-4-1024x771.jpg","twitter_creator":"@VosgesInfo88","twitter_site":"@VosgesInfo88","twitter_misc":{"\u00c9crit par":"J.J.","Dur\u00e9e de lecture estim\u00e9e":"2 minutes"},"schema":{"@context":"https:\/\/schema.org","@graph":[{"@type":"Article","@id":"https:\/\/vosgesinfo.fr\/saintdieinfo\/?p=34508#article","isPartOf":{"@id":"https:\/\/vosgesinfo.fr\/saintdieinfo\/?p=34508"},"author":{"name":"J.J.","@id":"https:\/\/vosgesinfo.fr\/saintdieinfo\/#\/schema\/person\/fa73e9f726d67bb88f46d5b7943cb572"},"headline":"Minute espagnole au lyc\u00e9e Georges-Baumont","datePublished":"2024-06-06T14:53:23+00:00","dateModified":"2024-06-06T14:53:23+00:00","mainEntityOfPage":{"@id":"https:\/\/vosgesinfo.fr\/saintdieinfo\/?p=34508"},"wordCount":440,"commentCount":1,"publisher":{"@id":"https:\/\/vosgesinfo.fr\/saintdieinfo\/#organization"},"image":{"@id":"https:\/\/vosgesinfo.fr\/saintdieinfo\/?p=34508#primaryimage"},"thumbnailUrl":"https:\/\/vosgesinfo.fr\/app\/uploads\/sites\/4\/2024\/06\/minute-langue-espagnole-lycee-baumont-4-scaled.jpg","keywords":["Lyc\u00e9e Georges-Baumont","Minute espagnole","Minute langue"],"articleSection":["A la Une","\u00c9ducation","Saint-Di\u00e9-des-Vosges"],"inLanguage":"fr-FR","potentialAction":[{"@type":"CommentAction","name":"Comment","target":["https:\/\/vosgesinfo.fr\/saintdieinfo\/?p=34508#respond"]}]},{"@type":"WebPage","@id":"https:\/\/vosgesinfo.fr\/saintdieinfo\/?p=34508","url":"https:\/\/vosgesinfo.fr\/saintdieinfo\/?p=34508","name":"Minute espagnole au lyc\u00e9e Georges-Baumont - Saint Die Info","isPartOf":{"@id":"https:\/\/vosgesinfo.fr\/saintdieinfo\/#website"},"primaryImageOfPage":{"@id":"https:\/\/vosgesinfo.fr\/saintdieinfo\/?p=34508#primaryimage"},"image":{"@id":"https:\/\/vosgesinfo.fr\/saintdieinfo\/?p=34508#primaryimage"},"thumbnailUrl":"https:\/\/vosgesinfo.fr\/app\/uploads\/sites\/4\/2024\/06\/minute-langue-espagnole-lycee-baumont-4-scaled.jpg","datePublished":"2024-06-06T14:53:23+00:00","dateModified":"2024-06-06T14:53:23+00:00","breadcrumb":{"@id":"https:\/\/vosgesinfo.fr\/saintdieinfo\/?p=34508#breadcrumb"},"inLanguage":"fr-FR","potentialAction":[{"@type":"ReadAction","target":["https:\/\/vosgesinfo.fr\/saintdieinfo\/?p=34508"]}]},{"@type":"ImageObject","inLanguage":"fr-FR","@id":"https:\/\/vosgesinfo.fr\/saintdieinfo\/?p=34508#primaryimage","url":"https:\/\/vosgesinfo.fr\/app\/uploads\/sites\/4\/2024\/06\/minute-langue-espagnole-lycee-baumont-4-scaled.jpg","contentUrl":"https:\/\/vosgesinfo.fr\/app\/uploads\/sites\/4\/2024\/06\/minute-langue-espagnole-lycee-baumont-4-scaled.jpg","width":2560,"height":1928},{"@type":"BreadcrumbList","@id":"https:\/\/vosgesinfo.fr\/saintdieinfo\/?p=34508#breadcrumb","itemListElement":[{"@type":"ListItem","position":1,"name":"Home","item":"https:\/\/vosgesinfo.fr\/saintdieinfo\/"},{"@type":"ListItem","position":2,"name":"Minute espagnole au lyc\u00e9e Georges-Baumont"}]},{"@type":"WebSite","@id":"https:\/\/vosgesinfo.fr\/saintdieinfo\/#website","url":"https:\/\/vosgesinfo.fr\/saintdieinfo\/","name":"Saint Die Info","description":"Toute l&#039;actualit\u00e9 de Saint-Di\u00e9-Des-Vosges","publisher":{"@id":"https:\/\/vosgesinfo.fr\/saintdieinfo\/#organization"},"alternateName":"Toute l'actualit\u00e9 de Saint-Di\u00e9-Des-Vosges","potentialAction":[{"@type":"SearchAction","target":{"@type":"EntryPoint","urlTemplate":"https:\/\/vosgesinfo.fr\/saintdieinfo\/?s={search_term_string}"},"query-input":"required name=search_term_string"}],"inLanguage":"fr-FR"},{"@type":"Organization","@id":"https:\/\/vosgesinfo.fr\/saintdieinfo\/#organization","name":"Saint Die Info","url":"https:\/\/vosgesinfo.fr\/saintdieinfo\/","logo":{"@type":"ImageObject","inLanguage":"fr-FR","@id":"https:\/\/vosgesinfo.fr\/saintdieinfo\/#\/schema\/logo\/image\/","url":"https:\/\/vosgesinfo.fr\/app\/uploads\/sites\/4\/2024\/02\/logo-sdi.jpg","contentUrl":"https:\/\/vosgesinfo.fr\/app\/uploads\/sites\/4\/2024\/02\/logo-sdi.jpg","width":600,"height":600,"caption":"Saint Die Info"},"image":{"@id":"https:\/\/vosgesinfo.fr\/saintdieinfo\/#\/schema\/logo\/image\/"},"sameAs":["https:\/\/www.facebook.com\/Saintdieinfofr","https:\/\/x.com\/VosgesInfo88","https:\/\/www.youtube.com\/@vosgesinfo"]},{"@type":"Person","@id":"https:\/\/vosgesinfo.fr\/saintdieinfo\/#\/schema\/person\/fa73e9f726d67bb88f46d5b7943cb572","name":"J.J.","image":{"@type":"ImageObject","inLanguage":"fr-FR","@id":"https:\/\/vosgesinfo.fr\/saintdieinfo\/#\/schema\/person\/image\/","url":"https:\/\/secure.gravatar.com\/avatar\/219e749e47ffbcca018a360ae4add7d4cdf1cdaaf8bc7676b27efade3fe65615?s=96&d=mm&r=g","contentUrl":"https:\/\/secure.gravatar.com\/avatar\/219e749e47ffbcca018a360ae4add7d4cdf1cdaaf8bc7676b27efade3fe65615?s=96&d=mm&r=g","caption":"J.J."},"url":"https:\/\/vosgesinfo.fr\/saintdieinfo\/author\/j-j\/"}]}},"_links":{"self":[{"href":"https:\/\/vosgesinfo.fr\/saintdieinfo\/wp-json\/wp\/v2\/posts\/34508","targetHints":{"allow":["GET"]}}],"collection":[{"href":"https:\/\/vosgesinfo.fr\/saintdieinfo\/wp-json\/wp\/v2\/posts"}],"about":[{"href":"https:\/\/vosgesinfo.fr\/saintdieinfo\/wp-json\/wp\/v2\/types\/post"}],"author":[{"embeddable":true,"href":"https:\/\/vosgesinfo.fr\/saintdieinfo\/wp-json\/wp\/v2\/users\/46"}],"replies":[{"embeddable":true,"href":"https:\/\/vosgesinfo.fr\/saintdieinfo\/wp-json\/wp\/v2\/comments?post=34508"}],"version-history":[{"count":1,"href":"https:\/\/vosgesinfo.fr\/saintdieinfo\/wp-json\/wp\/v2\/posts\/34508\/revisions"}],"predecessor-version":[{"id":34522,"href":"https:\/\/vosgesinfo.fr\/saintdieinfo\/wp-json\/wp\/v2\/posts\/34508\/revisions\/34522"}],"wp:featuredmedia":[{"embeddable":true,"href":"https:\/\/vosgesinfo.fr\/saintdieinfo\/wp-json\/wp\/v2\/media\/34521"}],"wp:attachment":[{"href":"https:\/\/vosgesinfo.fr\/saintdieinfo\/wp-json\/wp\/v2\/media?parent=34508"}],"wp:term":[{"taxonomy":"category","embeddable":true,"href":"https:\/\/vosgesinfo.fr\/saintdieinfo\/wp-json\/wp\/v2\/categories?post=34508"},{"taxonomy":"post_tag","embeddable":true,"href":"https:\/\/vosgesinfo.fr\/saintdieinfo\/wp-json\/wp\/v2\/tags?post=34508"}],"curies":[{"name":"wp","href":"https:\/\/api.w.org\/{rel}","templated":true}]}}