{"id":34524,"date":"2024-06-07T08:18:30","date_gmt":"2024-06-07T06:18:30","guid":{"rendered":"https:\/\/vosgesinfo.fr\/saintdieinfo\/?p=34524"},"modified":"2024-06-07T08:18:30","modified_gmt":"2024-06-07T06:18:30","slug":"loffice-de-tourisme-deodatien-lance-sa-saison-2024-avec-un-nouveau-magazine","status":"publish","type":"post","link":"https:\/\/vosgesinfo.fr\/saintdieinfo\/2024\/06\/loffice-de-tourisme-deodatien-lance-sa-saison-2024-avec-un-nouveau-magazine\/","title":{"rendered":"L&rsquo;Office de Tourisme d\u00e9odatien lance sa saison 2024 avec un nouveau magazine"},"content":{"rendered":"<p><img decoding=\"async\" class=\"alignnone size-large wp-image-34526\" src=\"https:\/\/vosgesinfo.fr\/app\/uploads\/sites\/4\/2024\/06\/lancement-saison-touristique-2024-ot-2-1024x771.jpg\" alt=\"\" width=\"1024\" height=\"771\" srcset=\"https:\/\/vosgesinfo.fr\/app\/uploads\/sites\/4\/2024\/06\/lancement-saison-touristique-2024-ot-2-1024x771.jpg 1024w, https:\/\/vosgesinfo.fr\/app\/uploads\/sites\/4\/2024\/06\/lancement-saison-touristique-2024-ot-2-300x226.jpg 300w, https:\/\/vosgesinfo.fr\/app\/uploads\/sites\/4\/2024\/06\/lancement-saison-touristique-2024-ot-2-768x578.jpg 768w, https:\/\/vosgesinfo.fr\/app\/uploads\/sites\/4\/2024\/06\/lancement-saison-touristique-2024-ot-2-1536x1157.jpg 1536w, https:\/\/vosgesinfo.fr\/app\/uploads\/sites\/4\/2024\/06\/lancement-saison-touristique-2024-ot-2-2048x1542.jpg 2048w\" sizes=\"(max-width: 1024px) 100vw, 1024px\" \/><\/p>\n<h2>Destination Vosges Portes d&rsquo;Alsace, l&rsquo;Office de Tourisme de la Communaut\u00e9 d&rsquo;Agglom\u00e9ration de Saint-Di\u00e9-des-Vosges, a organis\u00e9 un temps fort \u00e0 l&rsquo;occasion du lancement de sa saison 2024, ce jeudi soir \u00e0 La Boussole. L&rsquo;occasion pour la directrice Murielle B\u00e9rard de pr\u00e9senter les nouveaut\u00e9s de la saison, mais aussi d&rsquo;annoncer la publication d&rsquo;un magazine d\u00e9di\u00e9 \u00e0 la promotion du tourisme sur le territoire : \u00ab Une montagne de tr\u00e9sors \u00bb.<\/h2>\n<p><!--more--><\/p>\n<p>En pr\u00e9sence du pr\u00e9sident de la Communaut\u00e9 d&rsquo;Agglom\u00e9ration Claude George, du pr\u00e9sident de l&rsquo;Office de Tourisme Patrick Lalev\u00e9e et des nombreux partenaires et acteurs du tourisme de la D\u00e9odatie, Murielle Berard a \u00e9num\u00e9r\u00e9 les 5 grandes nouveaut\u00e9s de la saison.<\/p>\n<p>En premier lieu l&rsquo;ouverture d&rsquo;une nouvelle visite guid\u00e9e, \u00e0 la n\u00e9cropole des Tiges \u00e0 Saint-Di\u00e9-des-Vosges, r\u00e9cemment inscrite au Patrimoine Mondial de l&rsquo;Humanit\u00e9 de l&rsquo;UNESCO. Cette visite s&rsquo;inscrit dans le cadre des sites fun\u00e9raires et m\u00e9moriels de la Premi\u00e8re Guerre mondiale, avec la Fontenelle et la Chipotte.<\/p>\n<p>La billetterie de l&rsquo;Espace Georges-Sadoul est enti\u00e8rement reprise par l&rsquo;Office de Tourisme, avec une vente sur ses 6 sites et le d\u00e9ploiement de la digitalisation de la billetterie.<\/p>\n<p>Toutes les prestations de l&rsquo;Office de Tourisme, et de ses partenaires qui le souhaitent, sont d\u00e9sormais disponibles \u00e0 la vente en ligne. \u00ab\u00a0Cela permettra l&rsquo;ouverture vers Explor Grand Est, gr\u00e2ce \u00e0 la plateforme Elloha\u00a0\u00bb souligne Murielle B\u00e9rard.<\/p>\n<p>Autres nouveaut\u00e9s : une deuxi\u00e8me saison de l&rsquo;h\u00e9bergement chez l&rsquo;habitant sera mise en place pour le Festival International de G\u00e9ographie, et des animations seront propos\u00e9es au sein de La Boussole, \u00e9galement des expositions sur les hauts-fers, sur la p\u00eache, la for\u00eat et les oyas.<\/p>\n<p>Quant au magazine \u00ab\u00a0Une montagne de tr\u00e9sors\u00a0\u00bb, sa r\u00e9alisation a \u00e9t\u00e9 confi\u00e9e \u00e0 un prestataire de l&rsquo;ouest de la France, \u00ab\u00a0Les Conteurs\u00a0\u00bb, sachant que ce projet est financ\u00e9 \u00e0 hauteur de 80% par des fonds europ\u00e9ens LEADER.<\/p>\n<p>Au fil des 47 pages du premier num\u00e9ro, les lecteurs pourront retrouver les sites antiques du territoire, la route des 3 abbayes, les vestiges de la Grande Guerre, une journ\u00e9e touristique \u00e0 Saint-Di\u00e9-des-Vosges pr\u00e9sent\u00e9e de mani\u00e8re chronologique, un focus sur les lacs de Pierre-Perc\u00e9e et de la Maix&#8230; sans oublier un important volet gourmand.<\/p>\n<p>Comme il a \u00e9t\u00e9 soulign\u00e9 hier soir, ce magazine gratuit est logiquement tourn\u00e9 vers les touristes, mais les locaux ong \u00e9galement un int\u00e9r\u00eat \u00e0 le parcourir. Le magazine est disponible aupr\u00e8s des 6 sites de l&rsquo;Office de Tourisme, situ\u00e9s \u00e0 La Boussole \u00e0 Saint-Di\u00e9-des-Vosges ainsi qu&rsquo;\u00e0 Corcieux, Fraize, Plainfaing, Raon-l&rsquo;Etape et Senones.<\/p>\n<p>J.J.<\/p>\n<p><img decoding=\"async\" class=\"alignnone size-large wp-image-34525\" src=\"https:\/\/vosgesinfo.fr\/app\/uploads\/sites\/4\/2024\/06\/lancement-saison-touristique-2024-ot-1-1024x771.jpg\" alt=\"\" width=\"1024\" height=\"771\" srcset=\"https:\/\/vosgesinfo.fr\/app\/uploads\/sites\/4\/2024\/06\/lancement-saison-touristique-2024-ot-1-1024x771.jpg 1024w, https:\/\/vosgesinfo.fr\/app\/uploads\/sites\/4\/2024\/06\/lancement-saison-touristique-2024-ot-1-300x226.jpg 300w, https:\/\/vosgesinfo.fr\/app\/uploads\/sites\/4\/2024\/06\/lancement-saison-touristique-2024-ot-1-768x578.jpg 768w, https:\/\/vosgesinfo.fr\/app\/uploads\/sites\/4\/2024\/06\/lancement-saison-touristique-2024-ot-1-1536x1157.jpg 1536w, https:\/\/vosgesinfo.fr\/app\/uploads\/sites\/4\/2024\/06\/lancement-saison-touristique-2024-ot-1-2048x1542.jpg 2048w\" sizes=\"(max-width: 1024px) 100vw, 1024px\" \/><\/p>\n<p><img decoding=\"async\" class=\"alignnone size-large wp-image-34527\" src=\"https:\/\/vosgesinfo.fr\/app\/uploads\/sites\/4\/2024\/06\/lancement-saison-touristique-2024-ot-3-771x1024.jpg\" alt=\"\" width=\"771\" height=\"1024\" srcset=\"https:\/\/vosgesinfo.fr\/app\/uploads\/sites\/4\/2024\/06\/lancement-saison-touristique-2024-ot-3-771x1024.jpg 771w, https:\/\/vosgesinfo.fr\/app\/uploads\/sites\/4\/2024\/06\/lancement-saison-touristique-2024-ot-3-226x300.jpg 226w, https:\/\/vosgesinfo.fr\/app\/uploads\/sites\/4\/2024\/06\/lancement-saison-touristique-2024-ot-3-768x1020.jpg 768w, https:\/\/vosgesinfo.fr\/app\/uploads\/sites\/4\/2024\/06\/lancement-saison-touristique-2024-ot-3-1157x1536.jpg 1157w, https:\/\/vosgesinfo.fr\/app\/uploads\/sites\/4\/2024\/06\/lancement-saison-touristique-2024-ot-3-1542x2048.jpg 1542w, https:\/\/vosgesinfo.fr\/app\/uploads\/sites\/4\/2024\/06\/lancement-saison-touristique-2024-ot-3-scaled.jpg 1928w\" sizes=\"(max-width: 771px) 100vw, 771px\" \/><\/p>\n","protected":false},"excerpt":{"rendered":"<p>Destination Vosges Portes d&rsquo;Alsace, l&rsquo;Office de Tourisme de la Communaut\u00e9 d&rsquo;Agglom\u00e9ration de Saint-Di\u00e9-des-Vosges, a organis\u00e9 un temps fort \u00e0 l&rsquo;occasion [&hellip;]<\/p>\n","protected":false},"author":46,"featured_media":34526,"comment_status":"open","ping_status":"open","sticky":false,"template":"","format":"standard","meta":{"footnotes":""},"categories":[460,2915],"tags":[3282,6421,3027,6419,6420],"class_list":["post-34524","post","type-post","status-publish","format-standard","has-post-thumbnail","hentry","category-a-la-une","category-saint-die-son-canton","tag-communaute-dagglomeration-de-saint-die-des-vosges","tag-destination-vosges-portes-dalsace","tag-la-boussole","tag-office-de-tourisme-de-la-communaute-dagglomeration-de-saint-die-des-vosges","tag-une-montagne-de-tresors"],"acf":[],"yoast_head":"<!-- This site is optimized with the Yoast SEO plugin v22.5 - https:\/\/yoast.com\/wordpress\/plugins\/seo\/ -->\n<title>L&#039;Office de Tourisme d\u00e9odatien lance sa saison 2024 avec un nouveau magazine - Saint Die Info<\/title>\n<meta name=\"robots\" content=\"index, follow, max-snippet:-1, max-image-preview:large, max-video-preview:-1\" \/>\n<link rel=\"canonical\" href=\"https:\/\/vosgesinfo.fr\/saintdieinfo\/?p=34524\" \/>\n<meta name=\"twitter:card\" content=\"summary_large_image\" \/>\n<meta name=\"twitter:title\" content=\"L&#039;Office de Tourisme d\u00e9odatien lance sa saison 2024 avec un nouveau magazine - Saint Die Info\" \/>\n<meta name=\"twitter:description\" content=\"Destination Vosges Portes d&rsquo;Alsace, l&rsquo;Office de Tourisme de la Communaut\u00e9 d&rsquo;Agglom\u00e9ration de Saint-Di\u00e9-des-Vosges, a organis\u00e9 un temps fort \u00e0 l&rsquo;occasion [&hellip;]\" \/>\n<meta name=\"twitter:image\" content=\"https:\/\/vosgesinfo.fr\/app\/uploads\/sites\/4\/2024\/06\/lancement-saison-touristique-2024-ot-2-1024x771.jpg\" \/>\n<meta name=\"twitter:creator\" content=\"@VosgesInfo88\" \/>\n<meta name=\"twitter:site\" content=\"@VosgesInfo88\" \/>\n<meta name=\"twitter:label1\" content=\"\u00c9crit par\" \/>\n\t<meta name=\"twitter:data1\" content=\"J.J.\" \/>\n\t<meta name=\"twitter:label2\" content=\"Dur\u00e9e de lecture estim\u00e9e\" \/>\n\t<meta name=\"twitter:data2\" content=\"2 minutes\" \/>\n<script type=\"application\/ld+json\" class=\"yoast-schema-graph\">{\"@context\":\"https:\/\/schema.org\",\"@graph\":[{\"@type\":\"Article\",\"@id\":\"https:\/\/vosgesinfo.fr\/saintdieinfo\/?p=34524#article\",\"isPartOf\":{\"@id\":\"https:\/\/vosgesinfo.fr\/saintdieinfo\/?p=34524\"},\"author\":{\"name\":\"J.J.\",\"@id\":\"https:\/\/vosgesinfo.fr\/saintdieinfo\/#\/schema\/person\/fa73e9f726d67bb88f46d5b7943cb572\"},\"headline\":\"L&rsquo;Office de Tourisme d\u00e9odatien lance sa saison 2024 avec un nouveau magazine\",\"datePublished\":\"2024-06-07T06:18:30+00:00\",\"dateModified\":\"2024-06-07T06:18:30+00:00\",\"mainEntityOfPage\":{\"@id\":\"https:\/\/vosgesinfo.fr\/saintdieinfo\/?p=34524\"},\"wordCount\":470,\"commentCount\":0,\"publisher\":{\"@id\":\"https:\/\/vosgesinfo.fr\/saintdieinfo\/#organization\"},\"image\":{\"@id\":\"https:\/\/vosgesinfo.fr\/saintdieinfo\/?p=34524#primaryimage\"},\"thumbnailUrl\":\"https:\/\/vosgesinfo.fr\/app\/uploads\/sites\/4\/2024\/06\/lancement-saison-touristique-2024-ot-2-scaled.jpg\",\"keywords\":[\"Communaut\u00e9 d'Agglom\u00e9ration de Saint-Di\u00e9-des-Vosges\",\"Destination Vosges Portes d'Alsace\",\"La Boussole\",\"Office de Tourisme de la Communaut\u00e9 d'Agglom\u00e9ration de Saint-Di\u00e9-des-Vosges\",\"Une montagne de tr\u00e9sors\"],\"articleSection\":[\"A la Une\",\"Saint-Di\u00e9-des-Vosges et son Agglom\u00e9ration\"],\"inLanguage\":\"fr-FR\",\"potentialAction\":[{\"@type\":\"CommentAction\",\"name\":\"Comment\",\"target\":[\"https:\/\/vosgesinfo.fr\/saintdieinfo\/?p=34524#respond\"]}]},{\"@type\":\"WebPage\",\"@id\":\"https:\/\/vosgesinfo.fr\/saintdieinfo\/?p=34524\",\"url\":\"https:\/\/vosgesinfo.fr\/saintdieinfo\/?p=34524\",\"name\":\"L'Office de Tourisme d\u00e9odatien lance sa saison 2024 avec un nouveau magazine - Saint Die Info\",\"isPartOf\":{\"@id\":\"https:\/\/vosgesinfo.fr\/saintdieinfo\/#website\"},\"primaryImageOfPage\":{\"@id\":\"https:\/\/vosgesinfo.fr\/saintdieinfo\/?p=34524#primaryimage\"},\"image\":{\"@id\":\"https:\/\/vosgesinfo.fr\/saintdieinfo\/?p=34524#primaryimage\"},\"thumbnailUrl\":\"https:\/\/vosgesinfo.fr\/app\/uploads\/sites\/4\/2024\/06\/lancement-saison-touristique-2024-ot-2-scaled.jpg\",\"datePublished\":\"2024-06-07T06:18:30+00:00\",\"dateModified\":\"2024-06-07T06:18:30+00:00\",\"breadcrumb\":{\"@id\":\"https:\/\/vosgesinfo.fr\/saintdieinfo\/?p=34524#breadcrumb\"},\"inLanguage\":\"fr-FR\",\"potentialAction\":[{\"@type\":\"ReadAction\",\"target\":[\"https:\/\/vosgesinfo.fr\/saintdieinfo\/?p=34524\"]}]},{\"@type\":\"ImageObject\",\"inLanguage\":\"fr-FR\",\"@id\":\"https:\/\/vosgesinfo.fr\/saintdieinfo\/?p=34524#primaryimage\",\"url\":\"https:\/\/vosgesinfo.fr\/app\/uploads\/sites\/4\/2024\/06\/lancement-saison-touristique-2024-ot-2-scaled.jpg\",\"contentUrl\":\"https:\/\/vosgesinfo.fr\/app\/uploads\/sites\/4\/2024\/06\/lancement-saison-touristique-2024-ot-2-scaled.jpg\",\"width\":2560,\"height\":1928},{\"@type\":\"BreadcrumbList\",\"@id\":\"https:\/\/vosgesinfo.fr\/saintdieinfo\/?p=34524#breadcrumb\",\"itemListElement\":[{\"@type\":\"ListItem\",\"position\":1,\"name\":\"Home\",\"item\":\"https:\/\/vosgesinfo.fr\/saintdieinfo\/\"},{\"@type\":\"ListItem\",\"position\":2,\"name\":\"L&rsquo;Office de Tourisme d\u00e9odatien lance sa saison 2024 avec un nouveau magazine\"}]},{\"@type\":\"WebSite\",\"@id\":\"https:\/\/vosgesinfo.fr\/saintdieinfo\/#website\",\"url\":\"https:\/\/vosgesinfo.fr\/saintdieinfo\/\",\"name\":\"Saint Die Info\",\"description\":\"Toute l&#039;actualit\u00e9 de Saint-Di\u00e9-Des-Vosges\",\"publisher\":{\"@id\":\"https:\/\/vosgesinfo.fr\/saintdieinfo\/#organization\"},\"alternateName\":\"Toute l'actualit\u00e9 de Saint-Di\u00e9-Des-Vosges\",\"potentialAction\":[{\"@type\":\"SearchAction\",\"target\":{\"@type\":\"EntryPoint\",\"urlTemplate\":\"https:\/\/vosgesinfo.fr\/saintdieinfo\/?s={search_term_string}\"},\"query-input\":\"required name=search_term_string\"}],\"inLanguage\":\"fr-FR\"},{\"@type\":\"Organization\",\"@id\":\"https:\/\/vosgesinfo.fr\/saintdieinfo\/#organization\",\"name\":\"Saint Die Info\",\"url\":\"https:\/\/vosgesinfo.fr\/saintdieinfo\/\",\"logo\":{\"@type\":\"ImageObject\",\"inLanguage\":\"fr-FR\",\"@id\":\"https:\/\/vosgesinfo.fr\/saintdieinfo\/#\/schema\/logo\/image\/\",\"url\":\"https:\/\/vosgesinfo.fr\/app\/uploads\/sites\/4\/2024\/02\/logo-sdi.jpg\",\"contentUrl\":\"https:\/\/vosgesinfo.fr\/app\/uploads\/sites\/4\/2024\/02\/logo-sdi.jpg\",\"width\":600,\"height\":600,\"caption\":\"Saint Die Info\"},\"image\":{\"@id\":\"https:\/\/vosgesinfo.fr\/saintdieinfo\/#\/schema\/logo\/image\/\"},\"sameAs\":[\"https:\/\/www.facebook.com\/Saintdieinfofr\",\"https:\/\/x.com\/VosgesInfo88\",\"https:\/\/www.youtube.com\/@vosgesinfo\"]},{\"@type\":\"Person\",\"@id\":\"https:\/\/vosgesinfo.fr\/saintdieinfo\/#\/schema\/person\/fa73e9f726d67bb88f46d5b7943cb572\",\"name\":\"J.J.\",\"image\":{\"@type\":\"ImageObject\",\"inLanguage\":\"fr-FR\",\"@id\":\"https:\/\/vosgesinfo.fr\/saintdieinfo\/#\/schema\/person\/image\/\",\"url\":\"https:\/\/secure.gravatar.com\/avatar\/219e749e47ffbcca018a360ae4add7d4cdf1cdaaf8bc7676b27efade3fe65615?s=96&d=mm&r=g\",\"contentUrl\":\"https:\/\/secure.gravatar.com\/avatar\/219e749e47ffbcca018a360ae4add7d4cdf1cdaaf8bc7676b27efade3fe65615?s=96&d=mm&r=g\",\"caption\":\"J.J.\"},\"url\":\"https:\/\/vosgesinfo.fr\/saintdieinfo\/author\/j-j\/\"}]}<\/script>\n<!-- \/ Yoast SEO plugin. -->","yoast_head_json":{"title":"L'Office de Tourisme d\u00e9odatien lance sa saison 2024 avec un nouveau magazine - Saint Die Info","robots":{"index":"index","follow":"follow","max-snippet":"max-snippet:-1","max-image-preview":"max-image-preview:large","max-video-preview":"max-video-preview:-1"},"canonical":"https:\/\/vosgesinfo.fr\/saintdieinfo\/?p=34524","twitter_card":"summary_large_image","twitter_title":"L'Office de Tourisme d\u00e9odatien lance sa saison 2024 avec un nouveau magazine - Saint Die Info","twitter_description":"Destination Vosges Portes d&rsquo;Alsace, l&rsquo;Office de Tourisme de la Communaut\u00e9 d&rsquo;Agglom\u00e9ration de Saint-Di\u00e9-des-Vosges, a organis\u00e9 un temps fort \u00e0 l&rsquo;occasion [&hellip;]","twitter_image":"https:\/\/vosgesinfo.fr\/app\/uploads\/sites\/4\/2024\/06\/lancement-saison-touristique-2024-ot-2-1024x771.jpg","twitter_creator":"@VosgesInfo88","twitter_site":"@VosgesInfo88","twitter_misc":{"\u00c9crit par":"J.J.","Dur\u00e9e de lecture estim\u00e9e":"2 minutes"},"schema":{"@context":"https:\/\/schema.org","@graph":[{"@type":"Article","@id":"https:\/\/vosgesinfo.fr\/saintdieinfo\/?p=34524#article","isPartOf":{"@id":"https:\/\/vosgesinfo.fr\/saintdieinfo\/?p=34524"},"author":{"name":"J.J.","@id":"https:\/\/vosgesinfo.fr\/saintdieinfo\/#\/schema\/person\/fa73e9f726d67bb88f46d5b7943cb572"},"headline":"L&rsquo;Office de Tourisme d\u00e9odatien lance sa saison 2024 avec un nouveau magazine","datePublished":"2024-06-07T06:18:30+00:00","dateModified":"2024-06-07T06:18:30+00:00","mainEntityOfPage":{"@id":"https:\/\/vosgesinfo.fr\/saintdieinfo\/?p=34524"},"wordCount":470,"commentCount":0,"publisher":{"@id":"https:\/\/vosgesinfo.fr\/saintdieinfo\/#organization"},"image":{"@id":"https:\/\/vosgesinfo.fr\/saintdieinfo\/?p=34524#primaryimage"},"thumbnailUrl":"https:\/\/vosgesinfo.fr\/app\/uploads\/sites\/4\/2024\/06\/lancement-saison-touristique-2024-ot-2-scaled.jpg","keywords":["Communaut\u00e9 d'Agglom\u00e9ration de Saint-Di\u00e9-des-Vosges","Destination Vosges Portes d'Alsace","La Boussole","Office de Tourisme de la Communaut\u00e9 d'Agglom\u00e9ration de Saint-Di\u00e9-des-Vosges","Une montagne de tr\u00e9sors"],"articleSection":["A la Une","Saint-Di\u00e9-des-Vosges et son Agglom\u00e9ration"],"inLanguage":"fr-FR","potentialAction":[{"@type":"CommentAction","name":"Comment","target":["https:\/\/vosgesinfo.fr\/saintdieinfo\/?p=34524#respond"]}]},{"@type":"WebPage","@id":"https:\/\/vosgesinfo.fr\/saintdieinfo\/?p=34524","url":"https:\/\/vosgesinfo.fr\/saintdieinfo\/?p=34524","name":"L'Office de Tourisme d\u00e9odatien lance sa saison 2024 avec un nouveau magazine - Saint Die Info","isPartOf":{"@id":"https:\/\/vosgesinfo.fr\/saintdieinfo\/#website"},"primaryImageOfPage":{"@id":"https:\/\/vosgesinfo.fr\/saintdieinfo\/?p=34524#primaryimage"},"image":{"@id":"https:\/\/vosgesinfo.fr\/saintdieinfo\/?p=34524#primaryimage"},"thumbnailUrl":"https:\/\/vosgesinfo.fr\/app\/uploads\/sites\/4\/2024\/06\/lancement-saison-touristique-2024-ot-2-scaled.jpg","datePublished":"2024-06-07T06:18:30+00:00","dateModified":"2024-06-07T06:18:30+00:00","breadcrumb":{"@id":"https:\/\/vosgesinfo.fr\/saintdieinfo\/?p=34524#breadcrumb"},"inLanguage":"fr-FR","potentialAction":[{"@type":"ReadAction","target":["https:\/\/vosgesinfo.fr\/saintdieinfo\/?p=34524"]}]},{"@type":"ImageObject","inLanguage":"fr-FR","@id":"https:\/\/vosgesinfo.fr\/saintdieinfo\/?p=34524#primaryimage","url":"https:\/\/vosgesinfo.fr\/app\/uploads\/sites\/4\/2024\/06\/lancement-saison-touristique-2024-ot-2-scaled.jpg","contentUrl":"https:\/\/vosgesinfo.fr\/app\/uploads\/sites\/4\/2024\/06\/lancement-saison-touristique-2024-ot-2-scaled.jpg","width":2560,"height":1928},{"@type":"BreadcrumbList","@id":"https:\/\/vosgesinfo.fr\/saintdieinfo\/?p=34524#breadcrumb","itemListElement":[{"@type":"ListItem","position":1,"name":"Home","item":"https:\/\/vosgesinfo.fr\/saintdieinfo\/"},{"@type":"ListItem","position":2,"name":"L&rsquo;Office de Tourisme d\u00e9odatien lance sa saison 2024 avec un nouveau magazine"}]},{"@type":"WebSite","@id":"https:\/\/vosgesinfo.fr\/saintdieinfo\/#website","url":"https:\/\/vosgesinfo.fr\/saintdieinfo\/","name":"Saint Die Info","description":"Toute l&#039;actualit\u00e9 de Saint-Di\u00e9-Des-Vosges","publisher":{"@id":"https:\/\/vosgesinfo.fr\/saintdieinfo\/#organization"},"alternateName":"Toute l'actualit\u00e9 de Saint-Di\u00e9-Des-Vosges","potentialAction":[{"@type":"SearchAction","target":{"@type":"EntryPoint","urlTemplate":"https:\/\/vosgesinfo.fr\/saintdieinfo\/?s={search_term_string}"},"query-input":"required name=search_term_string"}],"inLanguage":"fr-FR"},{"@type":"Organization","@id":"https:\/\/vosgesinfo.fr\/saintdieinfo\/#organization","name":"Saint Die Info","url":"https:\/\/vosgesinfo.fr\/saintdieinfo\/","logo":{"@type":"ImageObject","inLanguage":"fr-FR","@id":"https:\/\/vosgesinfo.fr\/saintdieinfo\/#\/schema\/logo\/image\/","url":"https:\/\/vosgesinfo.fr\/app\/uploads\/sites\/4\/2024\/02\/logo-sdi.jpg","contentUrl":"https:\/\/vosgesinfo.fr\/app\/uploads\/sites\/4\/2024\/02\/logo-sdi.jpg","width":600,"height":600,"caption":"Saint Die Info"},"image":{"@id":"https:\/\/vosgesinfo.fr\/saintdieinfo\/#\/schema\/logo\/image\/"},"sameAs":["https:\/\/www.facebook.com\/Saintdieinfofr","https:\/\/x.com\/VosgesInfo88","https:\/\/www.youtube.com\/@vosgesinfo"]},{"@type":"Person","@id":"https:\/\/vosgesinfo.fr\/saintdieinfo\/#\/schema\/person\/fa73e9f726d67bb88f46d5b7943cb572","name":"J.J.","image":{"@type":"ImageObject","inLanguage":"fr-FR","@id":"https:\/\/vosgesinfo.fr\/saintdieinfo\/#\/schema\/person\/image\/","url":"https:\/\/secure.gravatar.com\/avatar\/219e749e47ffbcca018a360ae4add7d4cdf1cdaaf8bc7676b27efade3fe65615?s=96&d=mm&r=g","contentUrl":"https:\/\/secure.gravatar.com\/avatar\/219e749e47ffbcca018a360ae4add7d4cdf1cdaaf8bc7676b27efade3fe65615?s=96&d=mm&r=g","caption":"J.J."},"url":"https:\/\/vosgesinfo.fr\/saintdieinfo\/author\/j-j\/"}]}},"_links":{"self":[{"href":"https:\/\/vosgesinfo.fr\/saintdieinfo\/wp-json\/wp\/v2\/posts\/34524","targetHints":{"allow":["GET"]}}],"collection":[{"href":"https:\/\/vosgesinfo.fr\/saintdieinfo\/wp-json\/wp\/v2\/posts"}],"about":[{"href":"https:\/\/vosgesinfo.fr\/saintdieinfo\/wp-json\/wp\/v2\/types\/post"}],"author":[{"embeddable":true,"href":"https:\/\/vosgesinfo.fr\/saintdieinfo\/wp-json\/wp\/v2\/users\/46"}],"replies":[{"embeddable":true,"href":"https:\/\/vosgesinfo.fr\/saintdieinfo\/wp-json\/wp\/v2\/comments?post=34524"}],"version-history":[{"count":1,"href":"https:\/\/vosgesinfo.fr\/saintdieinfo\/wp-json\/wp\/v2\/posts\/34524\/revisions"}],"predecessor-version":[{"id":34528,"href":"https:\/\/vosgesinfo.fr\/saintdieinfo\/wp-json\/wp\/v2\/posts\/34524\/revisions\/34528"}],"wp:featuredmedia":[{"embeddable":true,"href":"https:\/\/vosgesinfo.fr\/saintdieinfo\/wp-json\/wp\/v2\/media\/34526"}],"wp:attachment":[{"href":"https:\/\/vosgesinfo.fr\/saintdieinfo\/wp-json\/wp\/v2\/media?parent=34524"}],"wp:term":[{"taxonomy":"category","embeddable":true,"href":"https:\/\/vosgesinfo.fr\/saintdieinfo\/wp-json\/wp\/v2\/categories?post=34524"},{"taxonomy":"post_tag","embeddable":true,"href":"https:\/\/vosgesinfo.fr\/saintdieinfo\/wp-json\/wp\/v2\/tags?post=34524"}],"curies":[{"name":"wp","href":"https:\/\/api.w.org\/{rel}","templated":true}]}}