{"id":35103,"date":"2024-06-21T10:16:15","date_gmt":"2024-06-21T08:16:15","guid":{"rendered":"https:\/\/vosgesinfo.fr\/saintdieinfo\/?p=35103"},"modified":"2024-06-21T10:16:15","modified_gmt":"2024-06-21T08:16:15","slug":"le-solstice-dete-dans-les-vosges","status":"publish","type":"post","link":"https:\/\/vosgesinfo.fr\/saintdieinfo\/2024\/06\/le-solstice-dete-dans-les-vosges\/","title":{"rendered":"Le solstice d&rsquo;\u00e9t\u00e9 dans les Vosges"},"content":{"rendered":"<div id=\"attachment_35104\" style=\"width: 1034px\" class=\"wp-caption alignnone\"><img decoding=\"async\" aria-describedby=\"caption-attachment-35104\" class=\"wp-image-35104 size-large\" src=\"https:\/\/vosgesinfo.fr\/app\/uploads\/sites\/4\/2024\/06\/solstice-ete-berian-1024x496.jpg\" alt=\"\" width=\"1024\" height=\"496\" srcset=\"https:\/\/vosgesinfo.fr\/app\/uploads\/sites\/4\/2024\/06\/solstice-ete-berian-1024x496.jpg 1024w, https:\/\/vosgesinfo.fr\/app\/uploads\/sites\/4\/2024\/06\/solstice-ete-berian-300x145.jpg 300w, https:\/\/vosgesinfo.fr\/app\/uploads\/sites\/4\/2024\/06\/solstice-ete-berian-768x372.jpg 768w, https:\/\/vosgesinfo.fr\/app\/uploads\/sites\/4\/2024\/06\/solstice-ete-berian-1536x744.jpg 1536w, https:\/\/vosgesinfo.fr\/app\/uploads\/sites\/4\/2024\/06\/solstice-ete-berian.jpg 2048w\" sizes=\"(max-width: 1024px) 100vw, 1024px\" \/><p id=\"caption-attachment-35104\" class=\"wp-caption-text\">(Photographie Jean-Micha\u00ebl Choserot)<\/p><\/div>\n<h2>Ce vendredi pluvieux marque le premier jour de l&rsquo;\u00e9t\u00e9 2024. Si la date du 21 juin est aujourd&rsquo;hui associ\u00e9e \u00e0 la F\u00eate de la Musique, elle est \u00e9galement celle du solstice d&rsquo;\u00e9t\u00e9, jour o\u00f9 le Soleil est le plus proche de la Terre. Aujourd&rsquo;hui, le solstice d&rsquo;\u00e9t\u00e9 donne lieu aux feux de la Saint-Jean. Comme nous l&rsquo;explique Jean-Micha\u00ebl Choserot, pr\u00e9sident de l&rsquo;association naturaliste et historienne BERIAN, le culte solaire est c\u00e9l\u00e9br\u00e9 depuis bien longtemps dans les Vosges.<\/h2>\n<p><!--more--><\/p>\n<p>\u00ab\u00a0Dans les Vosges, sur les sommets, \u00e9tait c\u00e9l\u00e9br\u00e9 le dieu Bel, ou Belenos, dieu celte du Soleil. Les historiens \u00e9mettent l&rsquo;hypoth\u00e8se que ce dieu aurait d&rsquo;ailleurs donn\u00e9 son nom \u00e0 nos fameux \u00ab\u00a0Ballons\u00a0\u00bb des Vosges, ces petits soleils vosgiens. Avec les invasions barbares de la fin de l&rsquo;Antiquit\u00e9 fut aussi apport\u00e9e dans nos montagnes le culte de Sunna, la d\u00e9esse germanique du Soleil. Il \u00e9tait alors de coutume de faire tournoyer dans les airs ou faire rouler dans une pente un disque ou une roue enflamm\u00e9e, coutume qui r\u00e9appara\u00eet timidement dans nos contr\u00e9es et qui se fait toujours par exemple \u00e0 Sierck-les-Bains, en Moselle\u00a0\u00bb pr\u00e9cise Jean-Micha\u00ebl Choserot.<\/p>\n<p>Le pr\u00e9sident de BERIAN de pr\u00e9ciser que cette coutume existait encore le si\u00e8cle dernier dans les Vosges, \u00e0 Pouxeux et \u00e0 Rupt-sur-Moselle. \u00ab\u00a0Les jeunes gens du village construisaient une \u00e9norme roue garnie de paille. Le soir venu, ils la transportaient en haut de la montagne dite Mont de Fourche. Apr\u00e8s quoi ils enflammaient la roue, la faisait d\u00e9valer la pente \u00e0 grande vitesse afin que cette derni\u00e8re atteigne le fond de la vall\u00e9e et aille s&rsquo;\u00e9teindre dans la Moselle.\u00a0\u00bb<\/p>\n<p>La D\u00e9odatie a donn\u00e9 lieu \u00e0 une l\u00e9gende en lien avec le solstice d&rsquo;\u00e9t\u00e9, que Jean-Micha\u00ebl Choserot nous relate : \u00ab Un jour, dans le Val de Galil\u00e9e, selon les dires des anciens, le char de la d\u00e9esse Sunna qui transportait le soleil ploya sous sa charge, se brisa et ses d\u00e9bris chut\u00e8rent dans le massif de l&rsquo;Ormont \u00e0 Saint-Di\u00e9. Heureusement, le soleil se trouvait sur sa lanc\u00e9e et peut, depuis, tourner dans le ciel sans l&rsquo;aide du chariot dont il nous reste aujourd&rsquo;hui de ses 2 \u00ab ridelles \u00bb. \u00bb<\/p>\n<p>Quant aux nombreuses petites cupules que l&rsquo;on peut retrouver sur les terres des hautes limites vosgiennes, le pr\u00e9sident de BERIAN indique qu&rsquo;elles correspondent \u00ab\u00a0\u00e0 des traces de modestes infrastructures en bois, qui servaient vraisemblablement \u00e0 calculer la course du Soleil. Si celles-ci datent en majorit\u00e9 du n\u00e9olithique jusqu&rsquo;\u00e0 l&rsquo;\u00e9poque celtique, de nombreuses autres nous indiquent que cette pratique, bien qu&rsquo;en diminution, fut vraisemblablement encore utilis\u00e9e apr\u00e8s le Moyen-\u00c2ge.\u00a0\u00bb<\/p>\n<p>Pour en savoir plus sur BERIAN et ses actions : <a href=\"https:\/\/berian.jimdosite.com\/\" target=\"_blank\" rel=\"noopener\">https:\/\/berian.jimdosite.com\/<\/a>. Pour lire les articles de la biblioth\u00e8que num\u00e9rique de l\u2019association : <a href=\"https:\/\/berianasso.wordpress.com\/\" target=\"_blank\" rel=\"noopener\">https:\/\/berianasso.wordpress.com\/<\/a><\/p>\n","protected":false},"excerpt":{"rendered":"<p>Ce vendredi pluvieux marque le premier jour de l&rsquo;\u00e9t\u00e9 2024. Si la date du 21 juin est aujourd&rsquo;hui associ\u00e9e \u00e0 [&hellip;]<\/p>\n","protected":false},"author":46,"featured_media":35104,"comment_status":"open","ping_status":"open","sticky":false,"template":"","format":"standard","meta":{"footnotes":""},"categories":[460,18],"tags":[3010,3616,6552,6553],"class_list":["post-35103","post","type-post","status-publish","format-standard","has-post-thumbnail","hentry","category-a-la-une","category-vosges","tag-berian","tag-jean-michael-choserot","tag-solstice-dete","tag-solstice-dete-dans-les-vosges"],"acf":[],"yoast_head":"<!-- This site is optimized with the Yoast SEO plugin v22.5 - https:\/\/yoast.com\/wordpress\/plugins\/seo\/ -->\n<title>Le solstice d&#039;\u00e9t\u00e9 dans les Vosges - Saint Die Info<\/title>\n<meta name=\"robots\" content=\"index, follow, max-snippet:-1, max-image-preview:large, max-video-preview:-1\" \/>\n<link rel=\"canonical\" href=\"https:\/\/vosgesinfo.fr\/saintdieinfo\/?p=35103\" \/>\n<meta name=\"twitter:card\" content=\"summary_large_image\" \/>\n<meta name=\"twitter:title\" content=\"Le solstice d&#039;\u00e9t\u00e9 dans les Vosges - Saint Die Info\" \/>\n<meta name=\"twitter:description\" content=\"Ce vendredi pluvieux marque le premier jour de l&rsquo;\u00e9t\u00e9 2024. Si la date du 21 juin est aujourd&rsquo;hui associ\u00e9e \u00e0 [&hellip;]\" \/>\n<meta name=\"twitter:image\" content=\"https:\/\/vosgesinfo.fr\/app\/uploads\/sites\/4\/2024\/06\/solstice-ete-berian.jpg\" \/>\n<meta name=\"twitter:creator\" content=\"@VosgesInfo88\" \/>\n<meta name=\"twitter:site\" content=\"@VosgesInfo88\" \/>\n<meta name=\"twitter:label1\" content=\"\u00c9crit par\" \/>\n\t<meta name=\"twitter:data1\" content=\"J.J.\" \/>\n\t<meta name=\"twitter:label2\" content=\"Dur\u00e9e de lecture estim\u00e9e\" \/>\n\t<meta name=\"twitter:data2\" content=\"3 minutes\" \/>\n<script type=\"application\/ld+json\" class=\"yoast-schema-graph\">{\"@context\":\"https:\/\/schema.org\",\"@graph\":[{\"@type\":\"Article\",\"@id\":\"https:\/\/vosgesinfo.fr\/saintdieinfo\/?p=35103#article\",\"isPartOf\":{\"@id\":\"https:\/\/vosgesinfo.fr\/saintdieinfo\/?p=35103\"},\"author\":{\"name\":\"J.J.\",\"@id\":\"https:\/\/vosgesinfo.fr\/saintdieinfo\/#\/schema\/person\/fa73e9f726d67bb88f46d5b7943cb572\"},\"headline\":\"Le solstice d&rsquo;\u00e9t\u00e9 dans les Vosges\",\"datePublished\":\"2024-06-21T08:16:15+00:00\",\"dateModified\":\"2024-06-21T08:16:15+00:00\",\"mainEntityOfPage\":{\"@id\":\"https:\/\/vosgesinfo.fr\/saintdieinfo\/?p=35103\"},\"wordCount\":508,\"commentCount\":0,\"publisher\":{\"@id\":\"https:\/\/vosgesinfo.fr\/saintdieinfo\/#organization\"},\"image\":{\"@id\":\"https:\/\/vosgesinfo.fr\/saintdieinfo\/?p=35103#primaryimage\"},\"thumbnailUrl\":\"https:\/\/vosgesinfo.fr\/app\/uploads\/sites\/4\/2024\/06\/solstice-ete-berian.jpg\",\"keywords\":[\"BERIAN\",\"Jean-Micha\u00ebl Choserot\",\"Solstice d'\u00e9t\u00e9\",\"Solstice d'\u00e9t\u00e9 dans les Vosges\"],\"articleSection\":[\"A la Une\",\"Vosges\"],\"inLanguage\":\"fr-FR\",\"potentialAction\":[{\"@type\":\"CommentAction\",\"name\":\"Comment\",\"target\":[\"https:\/\/vosgesinfo.fr\/saintdieinfo\/?p=35103#respond\"]}]},{\"@type\":\"WebPage\",\"@id\":\"https:\/\/vosgesinfo.fr\/saintdieinfo\/?p=35103\",\"url\":\"https:\/\/vosgesinfo.fr\/saintdieinfo\/?p=35103\",\"name\":\"Le solstice d'\u00e9t\u00e9 dans les Vosges - Saint Die Info\",\"isPartOf\":{\"@id\":\"https:\/\/vosgesinfo.fr\/saintdieinfo\/#website\"},\"primaryImageOfPage\":{\"@id\":\"https:\/\/vosgesinfo.fr\/saintdieinfo\/?p=35103#primaryimage\"},\"image\":{\"@id\":\"https:\/\/vosgesinfo.fr\/saintdieinfo\/?p=35103#primaryimage\"},\"thumbnailUrl\":\"https:\/\/vosgesinfo.fr\/app\/uploads\/sites\/4\/2024\/06\/solstice-ete-berian.jpg\",\"datePublished\":\"2024-06-21T08:16:15+00:00\",\"dateModified\":\"2024-06-21T08:16:15+00:00\",\"breadcrumb\":{\"@id\":\"https:\/\/vosgesinfo.fr\/saintdieinfo\/?p=35103#breadcrumb\"},\"inLanguage\":\"fr-FR\",\"potentialAction\":[{\"@type\":\"ReadAction\",\"target\":[\"https:\/\/vosgesinfo.fr\/saintdieinfo\/?p=35103\"]}]},{\"@type\":\"ImageObject\",\"inLanguage\":\"fr-FR\",\"@id\":\"https:\/\/vosgesinfo.fr\/saintdieinfo\/?p=35103#primaryimage\",\"url\":\"https:\/\/vosgesinfo.fr\/app\/uploads\/sites\/4\/2024\/06\/solstice-ete-berian.jpg\",\"contentUrl\":\"https:\/\/vosgesinfo.fr\/app\/uploads\/sites\/4\/2024\/06\/solstice-ete-berian.jpg\",\"width\":2048,\"height\":992},{\"@type\":\"BreadcrumbList\",\"@id\":\"https:\/\/vosgesinfo.fr\/saintdieinfo\/?p=35103#breadcrumb\",\"itemListElement\":[{\"@type\":\"ListItem\",\"position\":1,\"name\":\"Home\",\"item\":\"https:\/\/vosgesinfo.fr\/saintdieinfo\/\"},{\"@type\":\"ListItem\",\"position\":2,\"name\":\"Le solstice d&rsquo;\u00e9t\u00e9 dans les Vosges\"}]},{\"@type\":\"WebSite\",\"@id\":\"https:\/\/vosgesinfo.fr\/saintdieinfo\/#website\",\"url\":\"https:\/\/vosgesinfo.fr\/saintdieinfo\/\",\"name\":\"Saint Die Info\",\"description\":\"Toute l&#039;actualit\u00e9 de Saint-Di\u00e9-Des-Vosges\",\"publisher\":{\"@id\":\"https:\/\/vosgesinfo.fr\/saintdieinfo\/#organization\"},\"alternateName\":\"Toute l'actualit\u00e9 de Saint-Di\u00e9-Des-Vosges\",\"potentialAction\":[{\"@type\":\"SearchAction\",\"target\":{\"@type\":\"EntryPoint\",\"urlTemplate\":\"https:\/\/vosgesinfo.fr\/saintdieinfo\/?s={search_term_string}\"},\"query-input\":\"required name=search_term_string\"}],\"inLanguage\":\"fr-FR\"},{\"@type\":\"Organization\",\"@id\":\"https:\/\/vosgesinfo.fr\/saintdieinfo\/#organization\",\"name\":\"Saint Die Info\",\"url\":\"https:\/\/vosgesinfo.fr\/saintdieinfo\/\",\"logo\":{\"@type\":\"ImageObject\",\"inLanguage\":\"fr-FR\",\"@id\":\"https:\/\/vosgesinfo.fr\/saintdieinfo\/#\/schema\/logo\/image\/\",\"url\":\"https:\/\/vosgesinfo.fr\/app\/uploads\/sites\/4\/2024\/02\/logo-sdi.jpg\",\"contentUrl\":\"https:\/\/vosgesinfo.fr\/app\/uploads\/sites\/4\/2024\/02\/logo-sdi.jpg\",\"width\":600,\"height\":600,\"caption\":\"Saint Die Info\"},\"image\":{\"@id\":\"https:\/\/vosgesinfo.fr\/saintdieinfo\/#\/schema\/logo\/image\/\"},\"sameAs\":[\"https:\/\/www.facebook.com\/Saintdieinfofr\",\"https:\/\/x.com\/VosgesInfo88\",\"https:\/\/www.youtube.com\/@vosgesinfo\"]},{\"@type\":\"Person\",\"@id\":\"https:\/\/vosgesinfo.fr\/saintdieinfo\/#\/schema\/person\/fa73e9f726d67bb88f46d5b7943cb572\",\"name\":\"J.J.\",\"image\":{\"@type\":\"ImageObject\",\"inLanguage\":\"fr-FR\",\"@id\":\"https:\/\/vosgesinfo.fr\/saintdieinfo\/#\/schema\/person\/image\/\",\"url\":\"https:\/\/secure.gravatar.com\/avatar\/219e749e47ffbcca018a360ae4add7d4cdf1cdaaf8bc7676b27efade3fe65615?s=96&d=mm&r=g\",\"contentUrl\":\"https:\/\/secure.gravatar.com\/avatar\/219e749e47ffbcca018a360ae4add7d4cdf1cdaaf8bc7676b27efade3fe65615?s=96&d=mm&r=g\",\"caption\":\"J.J.\"},\"url\":\"https:\/\/vosgesinfo.fr\/saintdieinfo\/author\/j-j\/\"}]}<\/script>\n<!-- \/ Yoast SEO plugin. -->","yoast_head_json":{"title":"Le solstice d'\u00e9t\u00e9 dans les Vosges - Saint Die Info","robots":{"index":"index","follow":"follow","max-snippet":"max-snippet:-1","max-image-preview":"max-image-preview:large","max-video-preview":"max-video-preview:-1"},"canonical":"https:\/\/vosgesinfo.fr\/saintdieinfo\/?p=35103","twitter_card":"summary_large_image","twitter_title":"Le solstice d'\u00e9t\u00e9 dans les Vosges - Saint Die Info","twitter_description":"Ce vendredi pluvieux marque le premier jour de l&rsquo;\u00e9t\u00e9 2024. Si la date du 21 juin est aujourd&rsquo;hui associ\u00e9e \u00e0 [&hellip;]","twitter_image":"https:\/\/vosgesinfo.fr\/app\/uploads\/sites\/4\/2024\/06\/solstice-ete-berian.jpg","twitter_creator":"@VosgesInfo88","twitter_site":"@VosgesInfo88","twitter_misc":{"\u00c9crit par":"J.J.","Dur\u00e9e de lecture estim\u00e9e":"3 minutes"},"schema":{"@context":"https:\/\/schema.org","@graph":[{"@type":"Article","@id":"https:\/\/vosgesinfo.fr\/saintdieinfo\/?p=35103#article","isPartOf":{"@id":"https:\/\/vosgesinfo.fr\/saintdieinfo\/?p=35103"},"author":{"name":"J.J.","@id":"https:\/\/vosgesinfo.fr\/saintdieinfo\/#\/schema\/person\/fa73e9f726d67bb88f46d5b7943cb572"},"headline":"Le solstice d&rsquo;\u00e9t\u00e9 dans les Vosges","datePublished":"2024-06-21T08:16:15+00:00","dateModified":"2024-06-21T08:16:15+00:00","mainEntityOfPage":{"@id":"https:\/\/vosgesinfo.fr\/saintdieinfo\/?p=35103"},"wordCount":508,"commentCount":0,"publisher":{"@id":"https:\/\/vosgesinfo.fr\/saintdieinfo\/#organization"},"image":{"@id":"https:\/\/vosgesinfo.fr\/saintdieinfo\/?p=35103#primaryimage"},"thumbnailUrl":"https:\/\/vosgesinfo.fr\/app\/uploads\/sites\/4\/2024\/06\/solstice-ete-berian.jpg","keywords":["BERIAN","Jean-Micha\u00ebl Choserot","Solstice d'\u00e9t\u00e9","Solstice d'\u00e9t\u00e9 dans les Vosges"],"articleSection":["A la Une","Vosges"],"inLanguage":"fr-FR","potentialAction":[{"@type":"CommentAction","name":"Comment","target":["https:\/\/vosgesinfo.fr\/saintdieinfo\/?p=35103#respond"]}]},{"@type":"WebPage","@id":"https:\/\/vosgesinfo.fr\/saintdieinfo\/?p=35103","url":"https:\/\/vosgesinfo.fr\/saintdieinfo\/?p=35103","name":"Le solstice d'\u00e9t\u00e9 dans les Vosges - Saint Die Info","isPartOf":{"@id":"https:\/\/vosgesinfo.fr\/saintdieinfo\/#website"},"primaryImageOfPage":{"@id":"https:\/\/vosgesinfo.fr\/saintdieinfo\/?p=35103#primaryimage"},"image":{"@id":"https:\/\/vosgesinfo.fr\/saintdieinfo\/?p=35103#primaryimage"},"thumbnailUrl":"https:\/\/vosgesinfo.fr\/app\/uploads\/sites\/4\/2024\/06\/solstice-ete-berian.jpg","datePublished":"2024-06-21T08:16:15+00:00","dateModified":"2024-06-21T08:16:15+00:00","breadcrumb":{"@id":"https:\/\/vosgesinfo.fr\/saintdieinfo\/?p=35103#breadcrumb"},"inLanguage":"fr-FR","potentialAction":[{"@type":"ReadAction","target":["https:\/\/vosgesinfo.fr\/saintdieinfo\/?p=35103"]}]},{"@type":"ImageObject","inLanguage":"fr-FR","@id":"https:\/\/vosgesinfo.fr\/saintdieinfo\/?p=35103#primaryimage","url":"https:\/\/vosgesinfo.fr\/app\/uploads\/sites\/4\/2024\/06\/solstice-ete-berian.jpg","contentUrl":"https:\/\/vosgesinfo.fr\/app\/uploads\/sites\/4\/2024\/06\/solstice-ete-berian.jpg","width":2048,"height":992},{"@type":"BreadcrumbList","@id":"https:\/\/vosgesinfo.fr\/saintdieinfo\/?p=35103#breadcrumb","itemListElement":[{"@type":"ListItem","position":1,"name":"Home","item":"https:\/\/vosgesinfo.fr\/saintdieinfo\/"},{"@type":"ListItem","position":2,"name":"Le solstice d&rsquo;\u00e9t\u00e9 dans les Vosges"}]},{"@type":"WebSite","@id":"https:\/\/vosgesinfo.fr\/saintdieinfo\/#website","url":"https:\/\/vosgesinfo.fr\/saintdieinfo\/","name":"Saint Die Info","description":"Toute l&#039;actualit\u00e9 de Saint-Di\u00e9-Des-Vosges","publisher":{"@id":"https:\/\/vosgesinfo.fr\/saintdieinfo\/#organization"},"alternateName":"Toute l'actualit\u00e9 de Saint-Di\u00e9-Des-Vosges","potentialAction":[{"@type":"SearchAction","target":{"@type":"EntryPoint","urlTemplate":"https:\/\/vosgesinfo.fr\/saintdieinfo\/?s={search_term_string}"},"query-input":"required name=search_term_string"}],"inLanguage":"fr-FR"},{"@type":"Organization","@id":"https:\/\/vosgesinfo.fr\/saintdieinfo\/#organization","name":"Saint Die Info","url":"https:\/\/vosgesinfo.fr\/saintdieinfo\/","logo":{"@type":"ImageObject","inLanguage":"fr-FR","@id":"https:\/\/vosgesinfo.fr\/saintdieinfo\/#\/schema\/logo\/image\/","url":"https:\/\/vosgesinfo.fr\/app\/uploads\/sites\/4\/2024\/02\/logo-sdi.jpg","contentUrl":"https:\/\/vosgesinfo.fr\/app\/uploads\/sites\/4\/2024\/02\/logo-sdi.jpg","width":600,"height":600,"caption":"Saint Die Info"},"image":{"@id":"https:\/\/vosgesinfo.fr\/saintdieinfo\/#\/schema\/logo\/image\/"},"sameAs":["https:\/\/www.facebook.com\/Saintdieinfofr","https:\/\/x.com\/VosgesInfo88","https:\/\/www.youtube.com\/@vosgesinfo"]},{"@type":"Person","@id":"https:\/\/vosgesinfo.fr\/saintdieinfo\/#\/schema\/person\/fa73e9f726d67bb88f46d5b7943cb572","name":"J.J.","image":{"@type":"ImageObject","inLanguage":"fr-FR","@id":"https:\/\/vosgesinfo.fr\/saintdieinfo\/#\/schema\/person\/image\/","url":"https:\/\/secure.gravatar.com\/avatar\/219e749e47ffbcca018a360ae4add7d4cdf1cdaaf8bc7676b27efade3fe65615?s=96&d=mm&r=g","contentUrl":"https:\/\/secure.gravatar.com\/avatar\/219e749e47ffbcca018a360ae4add7d4cdf1cdaaf8bc7676b27efade3fe65615?s=96&d=mm&r=g","caption":"J.J."},"url":"https:\/\/vosgesinfo.fr\/saintdieinfo\/author\/j-j\/"}]}},"_links":{"self":[{"href":"https:\/\/vosgesinfo.fr\/saintdieinfo\/wp-json\/wp\/v2\/posts\/35103","targetHints":{"allow":["GET"]}}],"collection":[{"href":"https:\/\/vosgesinfo.fr\/saintdieinfo\/wp-json\/wp\/v2\/posts"}],"about":[{"href":"https:\/\/vosgesinfo.fr\/saintdieinfo\/wp-json\/wp\/v2\/types\/post"}],"author":[{"embeddable":true,"href":"https:\/\/vosgesinfo.fr\/saintdieinfo\/wp-json\/wp\/v2\/users\/46"}],"replies":[{"embeddable":true,"href":"https:\/\/vosgesinfo.fr\/saintdieinfo\/wp-json\/wp\/v2\/comments?post=35103"}],"version-history":[{"count":2,"href":"https:\/\/vosgesinfo.fr\/saintdieinfo\/wp-json\/wp\/v2\/posts\/35103\/revisions"}],"predecessor-version":[{"id":35106,"href":"https:\/\/vosgesinfo.fr\/saintdieinfo\/wp-json\/wp\/v2\/posts\/35103\/revisions\/35106"}],"wp:featuredmedia":[{"embeddable":true,"href":"https:\/\/vosgesinfo.fr\/saintdieinfo\/wp-json\/wp\/v2\/media\/35104"}],"wp:attachment":[{"href":"https:\/\/vosgesinfo.fr\/saintdieinfo\/wp-json\/wp\/v2\/media?parent=35103"}],"wp:term":[{"taxonomy":"category","embeddable":true,"href":"https:\/\/vosgesinfo.fr\/saintdieinfo\/wp-json\/wp\/v2\/categories?post=35103"},{"taxonomy":"post_tag","embeddable":true,"href":"https:\/\/vosgesinfo.fr\/saintdieinfo\/wp-json\/wp\/v2\/tags?post=35103"}],"curies":[{"name":"wp","href":"https:\/\/api.w.org\/{rel}","templated":true}]}}