{"id":35225,"date":"2024-06-25T12:02:35","date_gmt":"2024-06-25T10:02:35","guid":{"rendered":"https:\/\/vosgesinfo.fr\/saintdieinfo\/?p=35225"},"modified":"2024-06-25T12:02:35","modified_gmt":"2024-06-25T10:02:35","slug":"la-deodatienne-lola-fertig-est-candidate-pour-miss-lorraine-2024","status":"publish","type":"post","link":"https:\/\/vosgesinfo.fr\/saintdieinfo\/2024\/06\/la-deodatienne-lola-fertig-est-candidate-pour-miss-lorraine-2024\/","title":{"rendered":"La D\u00e9odatienne Lola Fertig est candidate pour Miss Lorraine 2024"},"content":{"rendered":"<div id=\"attachment_35226\" style=\"width: 829px\" class=\"wp-caption alignnone\"><img decoding=\"async\" aria-describedby=\"caption-attachment-35226\" class=\"wp-image-35226 size-large\" src=\"https:\/\/vosgesinfo.fr\/app\/uploads\/sites\/4\/2024\/06\/lola-fertig-candidate-miss-lorraine-2014-1-819x1024.jpg\" alt=\"\" width=\"819\" height=\"1024\" srcset=\"https:\/\/vosgesinfo.fr\/app\/uploads\/sites\/4\/2024\/06\/lola-fertig-candidate-miss-lorraine-2014-1-819x1024.jpg 819w, https:\/\/vosgesinfo.fr\/app\/uploads\/sites\/4\/2024\/06\/lola-fertig-candidate-miss-lorraine-2014-1-240x300.jpg 240w, https:\/\/vosgesinfo.fr\/app\/uploads\/sites\/4\/2024\/06\/lola-fertig-candidate-miss-lorraine-2014-1-768x960.jpg 768w, https:\/\/vosgesinfo.fr\/app\/uploads\/sites\/4\/2024\/06\/lola-fertig-candidate-miss-lorraine-2014-1-1229x1536.jpg 1229w, https:\/\/vosgesinfo.fr\/app\/uploads\/sites\/4\/2024\/06\/lola-fertig-candidate-miss-lorraine-2014-1.jpg 1440w\" sizes=\"(max-width: 819px) 100vw, 819px\" \/><p id=\"caption-attachment-35226\" class=\"wp-caption-text\">(Photographie Carolyne Herve)<\/p><\/div>\n<h2>L&rsquo;\u00e9lection de Miss Lorraine 2024 se d\u00e9roulera le 12 octobre prochain au Zoo d&rsquo;Amn\u00e9vile. 16 candidates sont en lice pour succ\u00e9der \u00e0 Ang\u00e9line Aron-Clauss, Miss Lorraine 2023. La D\u00e9odatienne Lola Fertig est l&rsquo;une de ces candidates.<\/h2>\n<p><!--more--><\/p>\n<p>\u00c2g\u00e9e de 19 ans et mesurant 1,73m, la jeune femme est \u00e9tudiante en BTS en alternance dans la gestion de PME. Elle souhaite poursuivre avec un Master. Lola Fertig s&rsquo;est qualifi\u00e9e pour l&rsquo;\u00e9lection de Miss Lorraine 2024 le 25 mai dernier, au casino de Plombi\u00e8res-les-Bains,<a href=\"https:\/\/vosgesinfo.fr\/saintdieinfo\/2024\/05\/la-deodatienne-lola-fertig-est-deuxieme-dauphine-de-miss-vosges-2024\/\" target=\"_blank\" rel=\"noopener\"> lorsqu&rsquo;elle a \u00e9t\u00e9 sacr\u00e9e deuxi\u00e8me dauphine de Sarah Lhuillier, Miss Vosges 2024.<\/a> Cette derni\u00e8re ainsi que sa premi\u00e8re dauphine, Margot Grivel, sont \u00e9galement candidates pour le titre de Miss Lorraine 2024. Pour suivre Lola Fertig sur Instagram : <a href=\"https:\/\/www.instagram.com\/_u\/lolafertig__\" target=\"_blank\" rel=\"noopener\">@lolafertig__<\/a><\/p>\n<p>J.J.<\/p>\n","protected":false},"excerpt":{"rendered":"<p>L&rsquo;\u00e9lection de Miss Lorraine 2024 se d\u00e9roulera le 12 octobre prochain au Zoo d&rsquo;Amn\u00e9vile. 16 candidates sont en lice pour [&hellip;]<\/p>\n","protected":false},"author":46,"featured_media":35228,"comment_status":"open","ping_status":"open","sticky":false,"template":"","format":"standard","meta":{"footnotes":""},"categories":[460,20,167,18],"tags":[4576,6307,6591,6305,6590],"class_list":["post-35225","post","type-post","status-publish","format-standard","has-post-thumbnail","hentry","category-a-la-une","category-loisirs","category-saint-die-des-vosges","category-vosges","tag-angeline-aron-clauss","tag-lola-fertig","tag-margot-grivel","tag-miss-lorraine-2024","tag-sarah-lhuilier"],"acf":[],"yoast_head":"<!-- This site is optimized with the Yoast SEO plugin v22.5 - https:\/\/yoast.com\/wordpress\/plugins\/seo\/ -->\n<title>La D\u00e9odatienne Lola Fertig est candidate pour Miss Lorraine 2024 - Saint Die Info<\/title>\n<meta name=\"robots\" content=\"index, follow, max-snippet:-1, max-image-preview:large, max-video-preview:-1\" \/>\n<link rel=\"canonical\" href=\"https:\/\/vosgesinfo.fr\/saintdieinfo\/?p=35225\" \/>\n<meta name=\"twitter:card\" content=\"summary_large_image\" \/>\n<meta name=\"twitter:title\" content=\"La D\u00e9odatienne Lola Fertig est candidate pour Miss Lorraine 2024 - Saint Die Info\" \/>\n<meta name=\"twitter:description\" content=\"L&rsquo;\u00e9lection de Miss Lorraine 2024 se d\u00e9roulera le 12 octobre prochain au Zoo d&rsquo;Amn\u00e9vile. 16 candidates sont en lice pour [&hellip;]\" \/>\n<meta name=\"twitter:image\" content=\"https:\/\/vosgesinfo.fr\/app\/uploads\/sites\/4\/2024\/06\/lola-fertig-candidate-miss-lorraine-2014-3.jpg\" \/>\n<meta name=\"twitter:creator\" content=\"@VosgesInfo88\" \/>\n<meta name=\"twitter:site\" content=\"@VosgesInfo88\" \/>\n<meta name=\"twitter:label1\" content=\"\u00c9crit par\" \/>\n\t<meta name=\"twitter:data1\" content=\"J.J.\" \/>\n\t<meta name=\"twitter:label2\" content=\"Dur\u00e9e de lecture estim\u00e9e\" \/>\n\t<meta name=\"twitter:data2\" content=\"2 minutes\" \/>\n<script type=\"application\/ld+json\" class=\"yoast-schema-graph\">{\"@context\":\"https:\/\/schema.org\",\"@graph\":[{\"@type\":\"Article\",\"@id\":\"https:\/\/vosgesinfo.fr\/saintdieinfo\/?p=35225#article\",\"isPartOf\":{\"@id\":\"https:\/\/vosgesinfo.fr\/saintdieinfo\/?p=35225\"},\"author\":{\"name\":\"J.J.\",\"@id\":\"https:\/\/vosgesinfo.fr\/saintdieinfo\/#\/schema\/person\/fa73e9f726d67bb88f46d5b7943cb572\"},\"headline\":\"La D\u00e9odatienne Lola Fertig est candidate pour Miss Lorraine 2024\",\"datePublished\":\"2024-06-25T10:02:35+00:00\",\"dateModified\":\"2024-06-25T10:02:35+00:00\",\"mainEntityOfPage\":{\"@id\":\"https:\/\/vosgesinfo.fr\/saintdieinfo\/?p=35225\"},\"wordCount\":149,\"commentCount\":1,\"publisher\":{\"@id\":\"https:\/\/vosgesinfo.fr\/saintdieinfo\/#organization\"},\"image\":{\"@id\":\"https:\/\/vosgesinfo.fr\/saintdieinfo\/?p=35225#primaryimage\"},\"thumbnailUrl\":\"https:\/\/vosgesinfo.fr\/app\/uploads\/sites\/4\/2024\/06\/lola-fertig-candidate-miss-lorraine-2014-3.jpg\",\"keywords\":[\"Ang\u00e9line Aron-Clauss\",\"Lola Fertig\",\"Margot Grivel\",\"Miss Lorraine 2024\",\"Sarah Lhuilier\"],\"articleSection\":[\"A la Une\",\"Loisirs\",\"Saint-Di\u00e9-des-Vosges\",\"Vosges\"],\"inLanguage\":\"fr-FR\",\"potentialAction\":[{\"@type\":\"CommentAction\",\"name\":\"Comment\",\"target\":[\"https:\/\/vosgesinfo.fr\/saintdieinfo\/?p=35225#respond\"]}]},{\"@type\":\"WebPage\",\"@id\":\"https:\/\/vosgesinfo.fr\/saintdieinfo\/?p=35225\",\"url\":\"https:\/\/vosgesinfo.fr\/saintdieinfo\/?p=35225\",\"name\":\"La D\u00e9odatienne Lola Fertig est candidate pour Miss Lorraine 2024 - Saint Die Info\",\"isPartOf\":{\"@id\":\"https:\/\/vosgesinfo.fr\/saintdieinfo\/#website\"},\"primaryImageOfPage\":{\"@id\":\"https:\/\/vosgesinfo.fr\/saintdieinfo\/?p=35225#primaryimage\"},\"image\":{\"@id\":\"https:\/\/vosgesinfo.fr\/saintdieinfo\/?p=35225#primaryimage\"},\"thumbnailUrl\":\"https:\/\/vosgesinfo.fr\/app\/uploads\/sites\/4\/2024\/06\/lola-fertig-candidate-miss-lorraine-2014-3.jpg\",\"datePublished\":\"2024-06-25T10:02:35+00:00\",\"dateModified\":\"2024-06-25T10:02:35+00:00\",\"breadcrumb\":{\"@id\":\"https:\/\/vosgesinfo.fr\/saintdieinfo\/?p=35225#breadcrumb\"},\"inLanguage\":\"fr-FR\",\"potentialAction\":[{\"@type\":\"ReadAction\",\"target\":[\"https:\/\/vosgesinfo.fr\/saintdieinfo\/?p=35225\"]}]},{\"@type\":\"ImageObject\",\"inLanguage\":\"fr-FR\",\"@id\":\"https:\/\/vosgesinfo.fr\/saintdieinfo\/?p=35225#primaryimage\",\"url\":\"https:\/\/vosgesinfo.fr\/app\/uploads\/sites\/4\/2024\/06\/lola-fertig-candidate-miss-lorraine-2014-3.jpg\",\"contentUrl\":\"https:\/\/vosgesinfo.fr\/app\/uploads\/sites\/4\/2024\/06\/lola-fertig-candidate-miss-lorraine-2014-3.jpg\",\"width\":1440,\"height\":1221},{\"@type\":\"BreadcrumbList\",\"@id\":\"https:\/\/vosgesinfo.fr\/saintdieinfo\/?p=35225#breadcrumb\",\"itemListElement\":[{\"@type\":\"ListItem\",\"position\":1,\"name\":\"Home\",\"item\":\"https:\/\/vosgesinfo.fr\/saintdieinfo\/\"},{\"@type\":\"ListItem\",\"position\":2,\"name\":\"La D\u00e9odatienne Lola Fertig est candidate pour Miss Lorraine 2024\"}]},{\"@type\":\"WebSite\",\"@id\":\"https:\/\/vosgesinfo.fr\/saintdieinfo\/#website\",\"url\":\"https:\/\/vosgesinfo.fr\/saintdieinfo\/\",\"name\":\"Saint Die Info\",\"description\":\"Toute l&#039;actualit\u00e9 de Saint-Di\u00e9-Des-Vosges\",\"publisher\":{\"@id\":\"https:\/\/vosgesinfo.fr\/saintdieinfo\/#organization\"},\"alternateName\":\"Toute l'actualit\u00e9 de Saint-Di\u00e9-Des-Vosges\",\"potentialAction\":[{\"@type\":\"SearchAction\",\"target\":{\"@type\":\"EntryPoint\",\"urlTemplate\":\"https:\/\/vosgesinfo.fr\/saintdieinfo\/?s={search_term_string}\"},\"query-input\":\"required name=search_term_string\"}],\"inLanguage\":\"fr-FR\"},{\"@type\":\"Organization\",\"@id\":\"https:\/\/vosgesinfo.fr\/saintdieinfo\/#organization\",\"name\":\"Saint Die Info\",\"url\":\"https:\/\/vosgesinfo.fr\/saintdieinfo\/\",\"logo\":{\"@type\":\"ImageObject\",\"inLanguage\":\"fr-FR\",\"@id\":\"https:\/\/vosgesinfo.fr\/saintdieinfo\/#\/schema\/logo\/image\/\",\"url\":\"https:\/\/vosgesinfo.fr\/app\/uploads\/sites\/4\/2024\/02\/logo-sdi.jpg\",\"contentUrl\":\"https:\/\/vosgesinfo.fr\/app\/uploads\/sites\/4\/2024\/02\/logo-sdi.jpg\",\"width\":600,\"height\":600,\"caption\":\"Saint Die Info\"},\"image\":{\"@id\":\"https:\/\/vosgesinfo.fr\/saintdieinfo\/#\/schema\/logo\/image\/\"},\"sameAs\":[\"https:\/\/www.facebook.com\/Saintdieinfofr\",\"https:\/\/x.com\/VosgesInfo88\",\"https:\/\/www.youtube.com\/@vosgesinfo\"]},{\"@type\":\"Person\",\"@id\":\"https:\/\/vosgesinfo.fr\/saintdieinfo\/#\/schema\/person\/fa73e9f726d67bb88f46d5b7943cb572\",\"name\":\"J.J.\",\"image\":{\"@type\":\"ImageObject\",\"inLanguage\":\"fr-FR\",\"@id\":\"https:\/\/vosgesinfo.fr\/saintdieinfo\/#\/schema\/person\/image\/\",\"url\":\"https:\/\/secure.gravatar.com\/avatar\/219e749e47ffbcca018a360ae4add7d4cdf1cdaaf8bc7676b27efade3fe65615?s=96&d=mm&r=g\",\"contentUrl\":\"https:\/\/secure.gravatar.com\/avatar\/219e749e47ffbcca018a360ae4add7d4cdf1cdaaf8bc7676b27efade3fe65615?s=96&d=mm&r=g\",\"caption\":\"J.J.\"},\"url\":\"https:\/\/vosgesinfo.fr\/saintdieinfo\/author\/j-j\/\"}]}<\/script>\n<!-- \/ Yoast SEO plugin. -->","yoast_head_json":{"title":"La D\u00e9odatienne Lola Fertig est candidate pour Miss Lorraine 2024 - Saint Die Info","robots":{"index":"index","follow":"follow","max-snippet":"max-snippet:-1","max-image-preview":"max-image-preview:large","max-video-preview":"max-video-preview:-1"},"canonical":"https:\/\/vosgesinfo.fr\/saintdieinfo\/?p=35225","twitter_card":"summary_large_image","twitter_title":"La D\u00e9odatienne Lola Fertig est candidate pour Miss Lorraine 2024 - Saint Die Info","twitter_description":"L&rsquo;\u00e9lection de Miss Lorraine 2024 se d\u00e9roulera le 12 octobre prochain au Zoo d&rsquo;Amn\u00e9vile. 16 candidates sont en lice pour [&hellip;]","twitter_image":"https:\/\/vosgesinfo.fr\/app\/uploads\/sites\/4\/2024\/06\/lola-fertig-candidate-miss-lorraine-2014-3.jpg","twitter_creator":"@VosgesInfo88","twitter_site":"@VosgesInfo88","twitter_misc":{"\u00c9crit par":"J.J.","Dur\u00e9e de lecture estim\u00e9e":"2 minutes"},"schema":{"@context":"https:\/\/schema.org","@graph":[{"@type":"Article","@id":"https:\/\/vosgesinfo.fr\/saintdieinfo\/?p=35225#article","isPartOf":{"@id":"https:\/\/vosgesinfo.fr\/saintdieinfo\/?p=35225"},"author":{"name":"J.J.","@id":"https:\/\/vosgesinfo.fr\/saintdieinfo\/#\/schema\/person\/fa73e9f726d67bb88f46d5b7943cb572"},"headline":"La D\u00e9odatienne Lola Fertig est candidate pour Miss Lorraine 2024","datePublished":"2024-06-25T10:02:35+00:00","dateModified":"2024-06-25T10:02:35+00:00","mainEntityOfPage":{"@id":"https:\/\/vosgesinfo.fr\/saintdieinfo\/?p=35225"},"wordCount":149,"commentCount":1,"publisher":{"@id":"https:\/\/vosgesinfo.fr\/saintdieinfo\/#organization"},"image":{"@id":"https:\/\/vosgesinfo.fr\/saintdieinfo\/?p=35225#primaryimage"},"thumbnailUrl":"https:\/\/vosgesinfo.fr\/app\/uploads\/sites\/4\/2024\/06\/lola-fertig-candidate-miss-lorraine-2014-3.jpg","keywords":["Ang\u00e9line Aron-Clauss","Lola Fertig","Margot Grivel","Miss Lorraine 2024","Sarah Lhuilier"],"articleSection":["A la Une","Loisirs","Saint-Di\u00e9-des-Vosges","Vosges"],"inLanguage":"fr-FR","potentialAction":[{"@type":"CommentAction","name":"Comment","target":["https:\/\/vosgesinfo.fr\/saintdieinfo\/?p=35225#respond"]}]},{"@type":"WebPage","@id":"https:\/\/vosgesinfo.fr\/saintdieinfo\/?p=35225","url":"https:\/\/vosgesinfo.fr\/saintdieinfo\/?p=35225","name":"La D\u00e9odatienne Lola Fertig est candidate pour Miss Lorraine 2024 - Saint Die Info","isPartOf":{"@id":"https:\/\/vosgesinfo.fr\/saintdieinfo\/#website"},"primaryImageOfPage":{"@id":"https:\/\/vosgesinfo.fr\/saintdieinfo\/?p=35225#primaryimage"},"image":{"@id":"https:\/\/vosgesinfo.fr\/saintdieinfo\/?p=35225#primaryimage"},"thumbnailUrl":"https:\/\/vosgesinfo.fr\/app\/uploads\/sites\/4\/2024\/06\/lola-fertig-candidate-miss-lorraine-2014-3.jpg","datePublished":"2024-06-25T10:02:35+00:00","dateModified":"2024-06-25T10:02:35+00:00","breadcrumb":{"@id":"https:\/\/vosgesinfo.fr\/saintdieinfo\/?p=35225#breadcrumb"},"inLanguage":"fr-FR","potentialAction":[{"@type":"ReadAction","target":["https:\/\/vosgesinfo.fr\/saintdieinfo\/?p=35225"]}]},{"@type":"ImageObject","inLanguage":"fr-FR","@id":"https:\/\/vosgesinfo.fr\/saintdieinfo\/?p=35225#primaryimage","url":"https:\/\/vosgesinfo.fr\/app\/uploads\/sites\/4\/2024\/06\/lola-fertig-candidate-miss-lorraine-2014-3.jpg","contentUrl":"https:\/\/vosgesinfo.fr\/app\/uploads\/sites\/4\/2024\/06\/lola-fertig-candidate-miss-lorraine-2014-3.jpg","width":1440,"height":1221},{"@type":"BreadcrumbList","@id":"https:\/\/vosgesinfo.fr\/saintdieinfo\/?p=35225#breadcrumb","itemListElement":[{"@type":"ListItem","position":1,"name":"Home","item":"https:\/\/vosgesinfo.fr\/saintdieinfo\/"},{"@type":"ListItem","position":2,"name":"La D\u00e9odatienne Lola Fertig est candidate pour Miss Lorraine 2024"}]},{"@type":"WebSite","@id":"https:\/\/vosgesinfo.fr\/saintdieinfo\/#website","url":"https:\/\/vosgesinfo.fr\/saintdieinfo\/","name":"Saint Die Info","description":"Toute l&#039;actualit\u00e9 de Saint-Di\u00e9-Des-Vosges","publisher":{"@id":"https:\/\/vosgesinfo.fr\/saintdieinfo\/#organization"},"alternateName":"Toute l'actualit\u00e9 de Saint-Di\u00e9-Des-Vosges","potentialAction":[{"@type":"SearchAction","target":{"@type":"EntryPoint","urlTemplate":"https:\/\/vosgesinfo.fr\/saintdieinfo\/?s={search_term_string}"},"query-input":"required name=search_term_string"}],"inLanguage":"fr-FR"},{"@type":"Organization","@id":"https:\/\/vosgesinfo.fr\/saintdieinfo\/#organization","name":"Saint Die Info","url":"https:\/\/vosgesinfo.fr\/saintdieinfo\/","logo":{"@type":"ImageObject","inLanguage":"fr-FR","@id":"https:\/\/vosgesinfo.fr\/saintdieinfo\/#\/schema\/logo\/image\/","url":"https:\/\/vosgesinfo.fr\/app\/uploads\/sites\/4\/2024\/02\/logo-sdi.jpg","contentUrl":"https:\/\/vosgesinfo.fr\/app\/uploads\/sites\/4\/2024\/02\/logo-sdi.jpg","width":600,"height":600,"caption":"Saint Die Info"},"image":{"@id":"https:\/\/vosgesinfo.fr\/saintdieinfo\/#\/schema\/logo\/image\/"},"sameAs":["https:\/\/www.facebook.com\/Saintdieinfofr","https:\/\/x.com\/VosgesInfo88","https:\/\/www.youtube.com\/@vosgesinfo"]},{"@type":"Person","@id":"https:\/\/vosgesinfo.fr\/saintdieinfo\/#\/schema\/person\/fa73e9f726d67bb88f46d5b7943cb572","name":"J.J.","image":{"@type":"ImageObject","inLanguage":"fr-FR","@id":"https:\/\/vosgesinfo.fr\/saintdieinfo\/#\/schema\/person\/image\/","url":"https:\/\/secure.gravatar.com\/avatar\/219e749e47ffbcca018a360ae4add7d4cdf1cdaaf8bc7676b27efade3fe65615?s=96&d=mm&r=g","contentUrl":"https:\/\/secure.gravatar.com\/avatar\/219e749e47ffbcca018a360ae4add7d4cdf1cdaaf8bc7676b27efade3fe65615?s=96&d=mm&r=g","caption":"J.J."},"url":"https:\/\/vosgesinfo.fr\/saintdieinfo\/author\/j-j\/"}]}},"_links":{"self":[{"href":"https:\/\/vosgesinfo.fr\/saintdieinfo\/wp-json\/wp\/v2\/posts\/35225","targetHints":{"allow":["GET"]}}],"collection":[{"href":"https:\/\/vosgesinfo.fr\/saintdieinfo\/wp-json\/wp\/v2\/posts"}],"about":[{"href":"https:\/\/vosgesinfo.fr\/saintdieinfo\/wp-json\/wp\/v2\/types\/post"}],"author":[{"embeddable":true,"href":"https:\/\/vosgesinfo.fr\/saintdieinfo\/wp-json\/wp\/v2\/users\/46"}],"replies":[{"embeddable":true,"href":"https:\/\/vosgesinfo.fr\/saintdieinfo\/wp-json\/wp\/v2\/comments?post=35225"}],"version-history":[{"count":2,"href":"https:\/\/vosgesinfo.fr\/saintdieinfo\/wp-json\/wp\/v2\/posts\/35225\/revisions"}],"predecessor-version":[{"id":35230,"href":"https:\/\/vosgesinfo.fr\/saintdieinfo\/wp-json\/wp\/v2\/posts\/35225\/revisions\/35230"}],"wp:featuredmedia":[{"embeddable":true,"href":"https:\/\/vosgesinfo.fr\/saintdieinfo\/wp-json\/wp\/v2\/media\/35228"}],"wp:attachment":[{"href":"https:\/\/vosgesinfo.fr\/saintdieinfo\/wp-json\/wp\/v2\/media?parent=35225"}],"wp:term":[{"taxonomy":"category","embeddable":true,"href":"https:\/\/vosgesinfo.fr\/saintdieinfo\/wp-json\/wp\/v2\/categories?post=35225"},{"taxonomy":"post_tag","embeddable":true,"href":"https:\/\/vosgesinfo.fr\/saintdieinfo\/wp-json\/wp\/v2\/tags?post=35225"}],"curies":[{"name":"wp","href":"https:\/\/api.w.org\/{rel}","templated":true}]}}