{"id":35418,"date":"2024-06-28T18:40:12","date_gmt":"2024-06-28T16:40:12","guid":{"rendered":"https:\/\/vosgesinfo.fr\/saintdieinfo\/?p=35418"},"modified":"2024-06-28T18:40:12","modified_gmt":"2024-06-28T16:40:12","slug":"porteuse-de-la-flamme-olympique-la-deodatienne-melanie-richard-revient-sur-ce-moment-unique","status":"publish","type":"post","link":"https:\/\/vosgesinfo.fr\/saintdieinfo\/2024\/06\/porteuse-de-la-flamme-olympique-la-deodatienne-melanie-richard-revient-sur-ce-moment-unique\/","title":{"rendered":"Porteuse de la Flamme Olympique, la D\u00e9odatienne M\u00e9lanie Richard revient sur ce moment unique"},"content":{"rendered":"<div id=\"attachment_35422\" style=\"width: 1034px\" class=\"wp-caption alignnone\"><img decoding=\"async\" aria-describedby=\"caption-attachment-35422\" class=\"wp-image-35422 size-large\" src=\"https:\/\/vosgesinfo.fr\/app\/uploads\/sites\/4\/2024\/06\/melanie-richard-retour-flamme-olympique-4-1024x682.jpg\" alt=\"\" width=\"1024\" height=\"682\" srcset=\"https:\/\/vosgesinfo.fr\/app\/uploads\/sites\/4\/2024\/06\/melanie-richard-retour-flamme-olympique-4-1024x682.jpg 1024w, https:\/\/vosgesinfo.fr\/app\/uploads\/sites\/4\/2024\/06\/melanie-richard-retour-flamme-olympique-4-300x200.jpg 300w, https:\/\/vosgesinfo.fr\/app\/uploads\/sites\/4\/2024\/06\/melanie-richard-retour-flamme-olympique-4-768x512.jpg 768w, https:\/\/vosgesinfo.fr\/app\/uploads\/sites\/4\/2024\/06\/melanie-richard-retour-flamme-olympique-4.jpg 1100w\" sizes=\"(max-width: 1024px) 100vw, 1024px\" \/><p id=\"caption-attachment-35422\" class=\"wp-caption-text\">(Photographies Paris 2024)<\/p><\/div>\n<h2>Inoubliable. M\u00e9morable. Inimaginable. Historique&#8230; c&rsquo;est en ces termes que M\u00e9lanie Richard a qualifi\u00e9 le grand moment qu&rsquo;elle vient de vivre ce mercredi. A 11h13 tr\u00e8s pr\u00e9cis\u00e9ment, la D\u00e9odatienne a port\u00e9 la Flamme Olympique au centre-ville de Colmar, sur une distance de 200 m\u00e8tres.<\/h2>\n<p><!--more--><\/p>\n<p>Un moment unique dans une vie, qui s&rsquo;est mat\u00e9rialis\u00e9 avec l&rsquo;adage en t\u00eate \u00ab Qui ne tente rien n&rsquo;a rien. \u00bb Il faut dire que les chances d&rsquo;\u00eatre s\u00e9lectionn\u00e9e \u00e9taient minces au d\u00e9part, avec d&rsquo;innombrables candidatures pour seulement 10 000 porteuses et porteurs retenus dans le monde entier. \u00ab Sur place, on nous a expliqu\u00e9 qu&rsquo;on a plus de chance de gagner au Loto que de porter la Flamme Olympique \u00bb pr\u00e9cise M\u00e9lanie Richard, qui \u00e9tait accompagn\u00e9e mercredi de ses proches et d&rsquo;une d\u00e9l\u00e9gation de la Ville, dont le maire Bruno Toussaint.<\/p>\n<p>Si en arrivant \u00e0 Colmar elle se trouvait \u00ab vraiment d\u00e9tendue, vraiment pas stress\u00e9e, car je voulais vivre le moment pr\u00e9sent \u00bb, la D\u00e9odatienne a tout de m\u00eame senti monter la pression lorsqu&rsquo;elle est sortie du bus de Paris 2024 pour s&rsquo;installer \u00e0 l&#8217;emplacement pr\u00e9vu, rue Bruat en plein centre-ville, et qu&rsquo;il ne restait plus que quelques minutes avant le \u00ab torch kiss \u00bb, qui marque le top d\u00e9part de son relais de 200 m\u00e8tres. Une distance que M\u00e9lanie Richard, tr\u00e8s sportive, a pr\u00e9f\u00e9r\u00e9 courir que marcher. Le \u00ab torch kiss \u00bb \u00e9tant la transmission de la flamme entre 2 porteurs.<\/p>\n<p>Si elle attendait ce moment avec impatience \u2013 et on la comprend \u2013 la r\u00e9alit\u00e9 a d\u00e9pass\u00e9 les esp\u00e9rances. \u00ab Je ne m&rsquo;attendais pas du tout \u00e0 \u00e7a. C&rsquo;\u00e9tait encore mieux que ce que j&rsquo;avais imagin\u00e9. Les \u00e9quipes de Paris 2024 ont \u00e9t\u00e9 g\u00e9niales, l&rsquo;accueil \u00e9tait vraiment tr\u00e8s bon. Le matin, on nous rappel\u00e9 pourquoi on a \u00e9t\u00e9 s\u00e9lectionn\u00e9s. \u00c7a fait du bien de l&rsquo;entendre, car on sait pourquoi on va courir. On nous a aussi rappel\u00e9 que porter la Flamme Olympique n&rsquo;\u00e9tait pas un aboutissement, mais un commencement. J&rsquo;ai trouv\u00e9 ce message bien motivant \u00bb ajoute M\u00e9lanie Richard, qui est rentr\u00e9e \u00e0 Saint-Di\u00e9-des-Vosges avec le c\u0153ur de la Torche&#8230; et des souvenirs grav\u00e9s \u00e0 jamais.<\/p>\n<p>Ce vendredi, soit deux jours apr\u00e8s avoir tenu le symbole olympique dans ses mains, la D\u00e9odatienne n&rsquo;est pas encore tout \u00e0 fait redescendue sur Terre. \u00ab Je suis encore dedans. Je revis le moment diff\u00e9remment, avec les vid\u00e9os et les photos. J&rsquo;ai re\u00e7u beaucoup de messages, le t\u00e9l\u00e9phone n&rsquo;arr\u00eate pas de sonner. Ce n&rsquo;est que de la bienveillance, les gens sont contents pour moi. \u00bb<\/p>\n<p>J.J.<\/p>\n<p><img decoding=\"async\" class=\"alignnone size-large wp-image-35420\" src=\"https:\/\/vosgesinfo.fr\/app\/uploads\/sites\/4\/2024\/06\/melanie-richard-retour-flamme-olympique-2-1024x682.jpg\" alt=\"\" width=\"1024\" height=\"682\" srcset=\"https:\/\/vosgesinfo.fr\/app\/uploads\/sites\/4\/2024\/06\/melanie-richard-retour-flamme-olympique-2-1024x682.jpg 1024w, https:\/\/vosgesinfo.fr\/app\/uploads\/sites\/4\/2024\/06\/melanie-richard-retour-flamme-olympique-2-300x200.jpg 300w, https:\/\/vosgesinfo.fr\/app\/uploads\/sites\/4\/2024\/06\/melanie-richard-retour-flamme-olympique-2-768x512.jpg 768w, https:\/\/vosgesinfo.fr\/app\/uploads\/sites\/4\/2024\/06\/melanie-richard-retour-flamme-olympique-2.jpg 1100w\" sizes=\"(max-width: 1024px) 100vw, 1024px\" \/><\/p>\n<p><img decoding=\"async\" class=\"alignnone size-large wp-image-35419\" src=\"https:\/\/vosgesinfo.fr\/app\/uploads\/sites\/4\/2024\/06\/melanie-richard-retour-flamme-olympique-1-1024x682.jpg\" alt=\"\" width=\"1024\" height=\"682\" srcset=\"https:\/\/vosgesinfo.fr\/app\/uploads\/sites\/4\/2024\/06\/melanie-richard-retour-flamme-olympique-1-1024x682.jpg 1024w, https:\/\/vosgesinfo.fr\/app\/uploads\/sites\/4\/2024\/06\/melanie-richard-retour-flamme-olympique-1-300x200.jpg 300w, https:\/\/vosgesinfo.fr\/app\/uploads\/sites\/4\/2024\/06\/melanie-richard-retour-flamme-olympique-1-768x512.jpg 768w, https:\/\/vosgesinfo.fr\/app\/uploads\/sites\/4\/2024\/06\/melanie-richard-retour-flamme-olympique-1.jpg 1100w\" sizes=\"(max-width: 1024px) 100vw, 1024px\" \/><\/p>\n","protected":false},"excerpt":{"rendered":"<p>Inoubliable. M\u00e9morable. Inimaginable. Historique&#8230; c&rsquo;est en ces termes que M\u00e9lanie Richard a qualifi\u00e9 le grand moment qu&rsquo;elle vient de vivre [&hellip;]<\/p>\n","protected":false},"author":46,"featured_media":35422,"comment_status":"open","ping_status":"open","sticky":false,"template":"","format":"standard","meta":{"footnotes":""},"categories":[460,3628,167,14,18],"tags":[6532,2863,3100,2865,4291,6640],"class_list":["post-35418","post","type-post","status-publish","format-standard","has-post-thumbnail","hentry","category-a-la-une","category-region-grand-est","category-saint-die-des-vosges","category-sport","category-vosges","tag-colmar","tag-flamme-olympique","tag-jeux-olympiques-et-paralympiques-2024","tag-melanie-richard","tag-paris-2024","tag-porteuse-de-la-flamme-olympique"],"acf":[],"yoast_head":"<!-- This site is optimized with the Yoast SEO plugin v22.5 - https:\/\/yoast.com\/wordpress\/plugins\/seo\/ -->\n<title>Porteuse de la Flamme Olympique, la D\u00e9odatienne M\u00e9lanie Richard revient sur ce moment unique - Saint Die Info<\/title>\n<meta name=\"robots\" content=\"index, follow, max-snippet:-1, max-image-preview:large, max-video-preview:-1\" \/>\n<link rel=\"canonical\" href=\"https:\/\/vosgesinfo.fr\/saintdieinfo\/?p=35418\" \/>\n<meta name=\"twitter:card\" content=\"summary_large_image\" \/>\n<meta name=\"twitter:title\" content=\"Porteuse de la Flamme Olympique, la D\u00e9odatienne M\u00e9lanie Richard revient sur ce moment unique - Saint Die Info\" \/>\n<meta name=\"twitter:description\" content=\"Inoubliable. M\u00e9morable. Inimaginable. Historique&#8230; c&rsquo;est en ces termes que M\u00e9lanie Richard a qualifi\u00e9 le grand moment qu&rsquo;elle vient de vivre [&hellip;]\" \/>\n<meta name=\"twitter:image\" content=\"https:\/\/vosgesinfo.fr\/app\/uploads\/sites\/4\/2024\/06\/melanie-richard-retour-flamme-olympique-4.jpg\" \/>\n<meta name=\"twitter:creator\" content=\"@VosgesInfo88\" \/>\n<meta name=\"twitter:site\" content=\"@VosgesInfo88\" \/>\n<meta name=\"twitter:label1\" content=\"\u00c9crit par\" \/>\n\t<meta name=\"twitter:data1\" content=\"J.J.\" \/>\n\t<meta name=\"twitter:label2\" content=\"Dur\u00e9e de lecture estim\u00e9e\" \/>\n\t<meta name=\"twitter:data2\" content=\"3 minutes\" \/>\n<script type=\"application\/ld+json\" class=\"yoast-schema-graph\">{\"@context\":\"https:\/\/schema.org\",\"@graph\":[{\"@type\":\"Article\",\"@id\":\"https:\/\/vosgesinfo.fr\/saintdieinfo\/?p=35418#article\",\"isPartOf\":{\"@id\":\"https:\/\/vosgesinfo.fr\/saintdieinfo\/?p=35418\"},\"author\":{\"name\":\"J.J.\",\"@id\":\"https:\/\/vosgesinfo.fr\/saintdieinfo\/#\/schema\/person\/fa73e9f726d67bb88f46d5b7943cb572\"},\"headline\":\"Porteuse de la Flamme Olympique, la D\u00e9odatienne M\u00e9lanie Richard revient sur ce moment unique\",\"datePublished\":\"2024-06-28T16:40:12+00:00\",\"dateModified\":\"2024-06-28T16:40:12+00:00\",\"mainEntityOfPage\":{\"@id\":\"https:\/\/vosgesinfo.fr\/saintdieinfo\/?p=35418\"},\"wordCount\":488,\"commentCount\":0,\"publisher\":{\"@id\":\"https:\/\/vosgesinfo.fr\/saintdieinfo\/#organization\"},\"image\":{\"@id\":\"https:\/\/vosgesinfo.fr\/saintdieinfo\/?p=35418#primaryimage\"},\"thumbnailUrl\":\"https:\/\/vosgesinfo.fr\/app\/uploads\/sites\/4\/2024\/06\/melanie-richard-retour-flamme-olympique-4.jpg\",\"keywords\":[\"Colmar\",\"flamme olympique\",\"Jeux Olympiques et Paralympiques 2024\",\"M\u00e9lanie Richard\",\"Paris 2024\",\"Porteuse de la Flamme Olympique\"],\"articleSection\":[\"A la Une\",\"R\u00e9gion Grand Est\",\"Saint-Di\u00e9-des-Vosges\",\"Sport\",\"Vosges\"],\"inLanguage\":\"fr-FR\",\"potentialAction\":[{\"@type\":\"CommentAction\",\"name\":\"Comment\",\"target\":[\"https:\/\/vosgesinfo.fr\/saintdieinfo\/?p=35418#respond\"]}]},{\"@type\":\"WebPage\",\"@id\":\"https:\/\/vosgesinfo.fr\/saintdieinfo\/?p=35418\",\"url\":\"https:\/\/vosgesinfo.fr\/saintdieinfo\/?p=35418\",\"name\":\"Porteuse de la Flamme Olympique, la D\u00e9odatienne M\u00e9lanie Richard revient sur ce moment unique - Saint Die Info\",\"isPartOf\":{\"@id\":\"https:\/\/vosgesinfo.fr\/saintdieinfo\/#website\"},\"primaryImageOfPage\":{\"@id\":\"https:\/\/vosgesinfo.fr\/saintdieinfo\/?p=35418#primaryimage\"},\"image\":{\"@id\":\"https:\/\/vosgesinfo.fr\/saintdieinfo\/?p=35418#primaryimage\"},\"thumbnailUrl\":\"https:\/\/vosgesinfo.fr\/app\/uploads\/sites\/4\/2024\/06\/melanie-richard-retour-flamme-olympique-4.jpg\",\"datePublished\":\"2024-06-28T16:40:12+00:00\",\"dateModified\":\"2024-06-28T16:40:12+00:00\",\"breadcrumb\":{\"@id\":\"https:\/\/vosgesinfo.fr\/saintdieinfo\/?p=35418#breadcrumb\"},\"inLanguage\":\"fr-FR\",\"potentialAction\":[{\"@type\":\"ReadAction\",\"target\":[\"https:\/\/vosgesinfo.fr\/saintdieinfo\/?p=35418\"]}]},{\"@type\":\"ImageObject\",\"inLanguage\":\"fr-FR\",\"@id\":\"https:\/\/vosgesinfo.fr\/saintdieinfo\/?p=35418#primaryimage\",\"url\":\"https:\/\/vosgesinfo.fr\/app\/uploads\/sites\/4\/2024\/06\/melanie-richard-retour-flamme-olympique-4.jpg\",\"contentUrl\":\"https:\/\/vosgesinfo.fr\/app\/uploads\/sites\/4\/2024\/06\/melanie-richard-retour-flamme-olympique-4.jpg\",\"width\":1100,\"height\":733},{\"@type\":\"BreadcrumbList\",\"@id\":\"https:\/\/vosgesinfo.fr\/saintdieinfo\/?p=35418#breadcrumb\",\"itemListElement\":[{\"@type\":\"ListItem\",\"position\":1,\"name\":\"Home\",\"item\":\"https:\/\/vosgesinfo.fr\/saintdieinfo\/\"},{\"@type\":\"ListItem\",\"position\":2,\"name\":\"Porteuse de la Flamme Olympique, la D\u00e9odatienne M\u00e9lanie Richard revient sur ce moment unique\"}]},{\"@type\":\"WebSite\",\"@id\":\"https:\/\/vosgesinfo.fr\/saintdieinfo\/#website\",\"url\":\"https:\/\/vosgesinfo.fr\/saintdieinfo\/\",\"name\":\"Saint Die Info\",\"description\":\"Toute l&#039;actualit\u00e9 de Saint-Di\u00e9-Des-Vosges\",\"publisher\":{\"@id\":\"https:\/\/vosgesinfo.fr\/saintdieinfo\/#organization\"},\"alternateName\":\"Toute l'actualit\u00e9 de Saint-Di\u00e9-Des-Vosges\",\"potentialAction\":[{\"@type\":\"SearchAction\",\"target\":{\"@type\":\"EntryPoint\",\"urlTemplate\":\"https:\/\/vosgesinfo.fr\/saintdieinfo\/?s={search_term_string}\"},\"query-input\":\"required name=search_term_string\"}],\"inLanguage\":\"fr-FR\"},{\"@type\":\"Organization\",\"@id\":\"https:\/\/vosgesinfo.fr\/saintdieinfo\/#organization\",\"name\":\"Saint Die Info\",\"url\":\"https:\/\/vosgesinfo.fr\/saintdieinfo\/\",\"logo\":{\"@type\":\"ImageObject\",\"inLanguage\":\"fr-FR\",\"@id\":\"https:\/\/vosgesinfo.fr\/saintdieinfo\/#\/schema\/logo\/image\/\",\"url\":\"https:\/\/vosgesinfo.fr\/app\/uploads\/sites\/4\/2024\/02\/logo-sdi.jpg\",\"contentUrl\":\"https:\/\/vosgesinfo.fr\/app\/uploads\/sites\/4\/2024\/02\/logo-sdi.jpg\",\"width\":600,\"height\":600,\"caption\":\"Saint Die Info\"},\"image\":{\"@id\":\"https:\/\/vosgesinfo.fr\/saintdieinfo\/#\/schema\/logo\/image\/\"},\"sameAs\":[\"https:\/\/www.facebook.com\/Saintdieinfofr\",\"https:\/\/x.com\/VosgesInfo88\",\"https:\/\/www.youtube.com\/@vosgesinfo\"]},{\"@type\":\"Person\",\"@id\":\"https:\/\/vosgesinfo.fr\/saintdieinfo\/#\/schema\/person\/fa73e9f726d67bb88f46d5b7943cb572\",\"name\":\"J.J.\",\"image\":{\"@type\":\"ImageObject\",\"inLanguage\":\"fr-FR\",\"@id\":\"https:\/\/vosgesinfo.fr\/saintdieinfo\/#\/schema\/person\/image\/\",\"url\":\"https:\/\/secure.gravatar.com\/avatar\/219e749e47ffbcca018a360ae4add7d4cdf1cdaaf8bc7676b27efade3fe65615?s=96&d=mm&r=g\",\"contentUrl\":\"https:\/\/secure.gravatar.com\/avatar\/219e749e47ffbcca018a360ae4add7d4cdf1cdaaf8bc7676b27efade3fe65615?s=96&d=mm&r=g\",\"caption\":\"J.J.\"},\"url\":\"https:\/\/vosgesinfo.fr\/saintdieinfo\/author\/j-j\/\"}]}<\/script>\n<!-- \/ Yoast SEO plugin. -->","yoast_head_json":{"title":"Porteuse de la Flamme Olympique, la D\u00e9odatienne M\u00e9lanie Richard revient sur ce moment unique - Saint Die Info","robots":{"index":"index","follow":"follow","max-snippet":"max-snippet:-1","max-image-preview":"max-image-preview:large","max-video-preview":"max-video-preview:-1"},"canonical":"https:\/\/vosgesinfo.fr\/saintdieinfo\/?p=35418","twitter_card":"summary_large_image","twitter_title":"Porteuse de la Flamme Olympique, la D\u00e9odatienne M\u00e9lanie Richard revient sur ce moment unique - Saint Die Info","twitter_description":"Inoubliable. M\u00e9morable. Inimaginable. Historique&#8230; c&rsquo;est en ces termes que M\u00e9lanie Richard a qualifi\u00e9 le grand moment qu&rsquo;elle vient de vivre [&hellip;]","twitter_image":"https:\/\/vosgesinfo.fr\/app\/uploads\/sites\/4\/2024\/06\/melanie-richard-retour-flamme-olympique-4.jpg","twitter_creator":"@VosgesInfo88","twitter_site":"@VosgesInfo88","twitter_misc":{"\u00c9crit par":"J.J.","Dur\u00e9e de lecture estim\u00e9e":"3 minutes"},"schema":{"@context":"https:\/\/schema.org","@graph":[{"@type":"Article","@id":"https:\/\/vosgesinfo.fr\/saintdieinfo\/?p=35418#article","isPartOf":{"@id":"https:\/\/vosgesinfo.fr\/saintdieinfo\/?p=35418"},"author":{"name":"J.J.","@id":"https:\/\/vosgesinfo.fr\/saintdieinfo\/#\/schema\/person\/fa73e9f726d67bb88f46d5b7943cb572"},"headline":"Porteuse de la Flamme Olympique, la D\u00e9odatienne M\u00e9lanie Richard revient sur ce moment unique","datePublished":"2024-06-28T16:40:12+00:00","dateModified":"2024-06-28T16:40:12+00:00","mainEntityOfPage":{"@id":"https:\/\/vosgesinfo.fr\/saintdieinfo\/?p=35418"},"wordCount":488,"commentCount":0,"publisher":{"@id":"https:\/\/vosgesinfo.fr\/saintdieinfo\/#organization"},"image":{"@id":"https:\/\/vosgesinfo.fr\/saintdieinfo\/?p=35418#primaryimage"},"thumbnailUrl":"https:\/\/vosgesinfo.fr\/app\/uploads\/sites\/4\/2024\/06\/melanie-richard-retour-flamme-olympique-4.jpg","keywords":["Colmar","flamme olympique","Jeux Olympiques et Paralympiques 2024","M\u00e9lanie Richard","Paris 2024","Porteuse de la Flamme Olympique"],"articleSection":["A la Une","R\u00e9gion Grand Est","Saint-Di\u00e9-des-Vosges","Sport","Vosges"],"inLanguage":"fr-FR","potentialAction":[{"@type":"CommentAction","name":"Comment","target":["https:\/\/vosgesinfo.fr\/saintdieinfo\/?p=35418#respond"]}]},{"@type":"WebPage","@id":"https:\/\/vosgesinfo.fr\/saintdieinfo\/?p=35418","url":"https:\/\/vosgesinfo.fr\/saintdieinfo\/?p=35418","name":"Porteuse de la Flamme Olympique, la D\u00e9odatienne M\u00e9lanie Richard revient sur ce moment unique - Saint Die Info","isPartOf":{"@id":"https:\/\/vosgesinfo.fr\/saintdieinfo\/#website"},"primaryImageOfPage":{"@id":"https:\/\/vosgesinfo.fr\/saintdieinfo\/?p=35418#primaryimage"},"image":{"@id":"https:\/\/vosgesinfo.fr\/saintdieinfo\/?p=35418#primaryimage"},"thumbnailUrl":"https:\/\/vosgesinfo.fr\/app\/uploads\/sites\/4\/2024\/06\/melanie-richard-retour-flamme-olympique-4.jpg","datePublished":"2024-06-28T16:40:12+00:00","dateModified":"2024-06-28T16:40:12+00:00","breadcrumb":{"@id":"https:\/\/vosgesinfo.fr\/saintdieinfo\/?p=35418#breadcrumb"},"inLanguage":"fr-FR","potentialAction":[{"@type":"ReadAction","target":["https:\/\/vosgesinfo.fr\/saintdieinfo\/?p=35418"]}]},{"@type":"ImageObject","inLanguage":"fr-FR","@id":"https:\/\/vosgesinfo.fr\/saintdieinfo\/?p=35418#primaryimage","url":"https:\/\/vosgesinfo.fr\/app\/uploads\/sites\/4\/2024\/06\/melanie-richard-retour-flamme-olympique-4.jpg","contentUrl":"https:\/\/vosgesinfo.fr\/app\/uploads\/sites\/4\/2024\/06\/melanie-richard-retour-flamme-olympique-4.jpg","width":1100,"height":733},{"@type":"BreadcrumbList","@id":"https:\/\/vosgesinfo.fr\/saintdieinfo\/?p=35418#breadcrumb","itemListElement":[{"@type":"ListItem","position":1,"name":"Home","item":"https:\/\/vosgesinfo.fr\/saintdieinfo\/"},{"@type":"ListItem","position":2,"name":"Porteuse de la Flamme Olympique, la D\u00e9odatienne M\u00e9lanie Richard revient sur ce moment unique"}]},{"@type":"WebSite","@id":"https:\/\/vosgesinfo.fr\/saintdieinfo\/#website","url":"https:\/\/vosgesinfo.fr\/saintdieinfo\/","name":"Saint Die Info","description":"Toute l&#039;actualit\u00e9 de Saint-Di\u00e9-Des-Vosges","publisher":{"@id":"https:\/\/vosgesinfo.fr\/saintdieinfo\/#organization"},"alternateName":"Toute l'actualit\u00e9 de Saint-Di\u00e9-Des-Vosges","potentialAction":[{"@type":"SearchAction","target":{"@type":"EntryPoint","urlTemplate":"https:\/\/vosgesinfo.fr\/saintdieinfo\/?s={search_term_string}"},"query-input":"required name=search_term_string"}],"inLanguage":"fr-FR"},{"@type":"Organization","@id":"https:\/\/vosgesinfo.fr\/saintdieinfo\/#organization","name":"Saint Die Info","url":"https:\/\/vosgesinfo.fr\/saintdieinfo\/","logo":{"@type":"ImageObject","inLanguage":"fr-FR","@id":"https:\/\/vosgesinfo.fr\/saintdieinfo\/#\/schema\/logo\/image\/","url":"https:\/\/vosgesinfo.fr\/app\/uploads\/sites\/4\/2024\/02\/logo-sdi.jpg","contentUrl":"https:\/\/vosgesinfo.fr\/app\/uploads\/sites\/4\/2024\/02\/logo-sdi.jpg","width":600,"height":600,"caption":"Saint Die Info"},"image":{"@id":"https:\/\/vosgesinfo.fr\/saintdieinfo\/#\/schema\/logo\/image\/"},"sameAs":["https:\/\/www.facebook.com\/Saintdieinfofr","https:\/\/x.com\/VosgesInfo88","https:\/\/www.youtube.com\/@vosgesinfo"]},{"@type":"Person","@id":"https:\/\/vosgesinfo.fr\/saintdieinfo\/#\/schema\/person\/fa73e9f726d67bb88f46d5b7943cb572","name":"J.J.","image":{"@type":"ImageObject","inLanguage":"fr-FR","@id":"https:\/\/vosgesinfo.fr\/saintdieinfo\/#\/schema\/person\/image\/","url":"https:\/\/secure.gravatar.com\/avatar\/219e749e47ffbcca018a360ae4add7d4cdf1cdaaf8bc7676b27efade3fe65615?s=96&d=mm&r=g","contentUrl":"https:\/\/secure.gravatar.com\/avatar\/219e749e47ffbcca018a360ae4add7d4cdf1cdaaf8bc7676b27efade3fe65615?s=96&d=mm&r=g","caption":"J.J."},"url":"https:\/\/vosgesinfo.fr\/saintdieinfo\/author\/j-j\/"}]}},"_links":{"self":[{"href":"https:\/\/vosgesinfo.fr\/saintdieinfo\/wp-json\/wp\/v2\/posts\/35418","targetHints":{"allow":["GET"]}}],"collection":[{"href":"https:\/\/vosgesinfo.fr\/saintdieinfo\/wp-json\/wp\/v2\/posts"}],"about":[{"href":"https:\/\/vosgesinfo.fr\/saintdieinfo\/wp-json\/wp\/v2\/types\/post"}],"author":[{"embeddable":true,"href":"https:\/\/vosgesinfo.fr\/saintdieinfo\/wp-json\/wp\/v2\/users\/46"}],"replies":[{"embeddable":true,"href":"https:\/\/vosgesinfo.fr\/saintdieinfo\/wp-json\/wp\/v2\/comments?post=35418"}],"version-history":[{"count":2,"href":"https:\/\/vosgesinfo.fr\/saintdieinfo\/wp-json\/wp\/v2\/posts\/35418\/revisions"}],"predecessor-version":[{"id":35424,"href":"https:\/\/vosgesinfo.fr\/saintdieinfo\/wp-json\/wp\/v2\/posts\/35418\/revisions\/35424"}],"wp:featuredmedia":[{"embeddable":true,"href":"https:\/\/vosgesinfo.fr\/saintdieinfo\/wp-json\/wp\/v2\/media\/35422"}],"wp:attachment":[{"href":"https:\/\/vosgesinfo.fr\/saintdieinfo\/wp-json\/wp\/v2\/media?parent=35418"}],"wp:term":[{"taxonomy":"category","embeddable":true,"href":"https:\/\/vosgesinfo.fr\/saintdieinfo\/wp-json\/wp\/v2\/categories?post=35418"},{"taxonomy":"post_tag","embeddable":true,"href":"https:\/\/vosgesinfo.fr\/saintdieinfo\/wp-json\/wp\/v2\/tags?post=35418"}],"curies":[{"name":"wp","href":"https:\/\/api.w.org\/{rel}","templated":true}]}}