{"id":35869,"date":"2024-07-10T09:19:40","date_gmt":"2024-07-10T07:19:40","guid":{"rendered":"https:\/\/vosgesinfo.fr\/saintdieinfo\/?p=35869"},"modified":"2024-07-10T09:19:40","modified_gmt":"2024-07-10T07:19:40","slug":"les-prenoms-les-plus-donnes-dans-les-vosges-en-2023","status":"publish","type":"post","link":"https:\/\/vosgesinfo.fr\/saintdieinfo\/2024\/07\/les-prenoms-les-plus-donnes-dans-les-vosges-en-2023\/","title":{"rendered":"Les pr\u00e9noms les plus donn\u00e9s dans les Vosges en 2023"},"content":{"rendered":"<div id=\"attachment_35870\" style=\"width: 1034px\" class=\"wp-caption alignnone\"><img decoding=\"async\" aria-describedby=\"caption-attachment-35870\" class=\"wp-image-35870 size-large\" src=\"https:\/\/vosgesinfo.fr\/app\/uploads\/sites\/4\/2024\/07\/bebe-naissance-1024x381.jpg\" alt=\"\" width=\"1024\" height=\"381\" srcset=\"https:\/\/vosgesinfo.fr\/app\/uploads\/sites\/4\/2024\/07\/bebe-naissance-1024x381.jpg 1024w, https:\/\/vosgesinfo.fr\/app\/uploads\/sites\/4\/2024\/07\/bebe-naissance-300x112.jpg 300w, https:\/\/vosgesinfo.fr\/app\/uploads\/sites\/4\/2024\/07\/bebe-naissance-768x286.jpg 768w, https:\/\/vosgesinfo.fr\/app\/uploads\/sites\/4\/2024\/07\/bebe-naissance-1536x572.jpg 1536w, https:\/\/vosgesinfo.fr\/app\/uploads\/sites\/4\/2024\/07\/bebe-naissance.jpg 1768w\" sizes=\"(max-width: 1024px) 100vw, 1024px\" \/><p id=\"caption-attachment-35870\" class=\"wp-caption-text\">(Illustration)<\/p><\/div>\n<p><img decoding=\"async\" class=\"alignnone size-full wp-image-28627\" src=\"https:\/\/vosgesinfo.fr\/app\/uploads\/sites\/4\/2023\/12\/bebe-nageur-aquanova-america.jpg\" alt=\"\" \/><\/p>\n<h2><a href=\"https:\/\/www.insee.fr\/fr\/statistiques\/3532172\" target=\"_blank\" rel=\"noopener\">L&rsquo;Insee a publi\u00e9 en d\u00e9but de semaine le classement des pr\u00e9noms les plus donn\u00e9s en France.<\/a> A l&rsquo;\u00e9chelle nationale, c&rsquo;est Louise pour les filles, avec 3177 naissances, et Gabriel pour les gar\u00e7ons, avec 4527 naissances, qui arrivent en t\u00eate. Qu&rsquo;en est-il dans les Vosges\u00a0?<\/h2>\n<p><!--more--><\/p>\n<p>Avec 26 naissances, c&rsquo;est Ambre qui est le pr\u00e9nom le plus donn\u00e9 en 2023 chez les filles dans le d\u00e9partement. Le podium est compl\u00e9t\u00e9 par Rose (24 naissances) et Jade (17 naissances). Du c\u00f4t\u00e9 des gar\u00e7ons, avec 30 naissances l&rsquo;an dernier, Louis est le plus le plus donn\u00e9, devant Jules (26 naissances) et L\u00e9o (23 naissances). Ambre et Louis sont au niveau national, respectivement, en deuxi\u00e8me (3168 naissances) et quatri\u00e8me positions (3331 naissances).<\/p>\n<p>Toujours selon l&rsquo;Insee, 2700 b\u00e9b\u00e9s ont vu le jour dans les Vosges en 2023. C&rsquo;est 8,7% de moins qu&rsquo;en 2022.<\/p>\n<p>J.J.<\/p>\n","protected":false},"excerpt":{"rendered":"<p>L&rsquo;Insee a publi\u00e9 en d\u00e9but de semaine le classement des pr\u00e9noms les plus donn\u00e9s en France. A l&rsquo;\u00e9chelle nationale, c&rsquo;est [&hellip;]<\/p>\n","protected":false},"author":46,"featured_media":35870,"comment_status":"open","ping_status":"open","sticky":false,"template":"","format":"standard","meta":{"footnotes":""},"categories":[460,18],"tags":[2033,6726],"class_list":["post-35869","post","type-post","status-publish","format-standard","has-post-thumbnail","hentry","category-a-la-une","category-vosges","tag-insee","tag-prenoms-les-plus-donnes-dans-les-vosges-en-2023"],"acf":[],"yoast_head":"<!-- This site is optimized with the Yoast SEO plugin v22.5 - https:\/\/yoast.com\/wordpress\/plugins\/seo\/ -->\n<title>Les pr\u00e9noms les plus donn\u00e9s dans les Vosges en 2023 - Saint Die Info<\/title>\n<meta name=\"robots\" content=\"index, follow, max-snippet:-1, max-image-preview:large, max-video-preview:-1\" \/>\n<link rel=\"canonical\" href=\"https:\/\/vosgesinfo.fr\/saintdieinfo\/?p=35869\" \/>\n<meta name=\"twitter:card\" content=\"summary_large_image\" \/>\n<meta name=\"twitter:title\" content=\"Les pr\u00e9noms les plus donn\u00e9s dans les Vosges en 2023 - Saint Die Info\" \/>\n<meta name=\"twitter:description\" content=\"L&rsquo;Insee a publi\u00e9 en d\u00e9but de semaine le classement des pr\u00e9noms les plus donn\u00e9s en France. A l&rsquo;\u00e9chelle nationale, c&rsquo;est [&hellip;]\" \/>\n<meta name=\"twitter:image\" content=\"https:\/\/vosgesinfo.fr\/app\/uploads\/sites\/4\/2024\/07\/bebe-naissance.jpg\" \/>\n<meta name=\"twitter:creator\" content=\"@VosgesInfo88\" \/>\n<meta name=\"twitter:site\" content=\"@VosgesInfo88\" \/>\n<meta name=\"twitter:label1\" content=\"\u00c9crit par\" \/>\n\t<meta name=\"twitter:data1\" content=\"J.J.\" \/>\n\t<meta name=\"twitter:label2\" content=\"Dur\u00e9e de lecture estim\u00e9e\" \/>\n\t<meta name=\"twitter:data2\" content=\"2 minutes\" \/>\n<script type=\"application\/ld+json\" class=\"yoast-schema-graph\">{\"@context\":\"https:\/\/schema.org\",\"@graph\":[{\"@type\":\"Article\",\"@id\":\"https:\/\/vosgesinfo.fr\/saintdieinfo\/?p=35869#article\",\"isPartOf\":{\"@id\":\"https:\/\/vosgesinfo.fr\/saintdieinfo\/?p=35869\"},\"author\":{\"name\":\"J.J.\",\"@id\":\"https:\/\/vosgesinfo.fr\/saintdieinfo\/#\/schema\/person\/fa73e9f726d67bb88f46d5b7943cb572\"},\"headline\":\"Les pr\u00e9noms les plus donn\u00e9s dans les Vosges en 2023\",\"datePublished\":\"2024-07-10T07:19:40+00:00\",\"dateModified\":\"2024-07-10T07:19:40+00:00\",\"mainEntityOfPage\":{\"@id\":\"https:\/\/vosgesinfo.fr\/saintdieinfo\/?p=35869\"},\"wordCount\":167,\"commentCount\":1,\"publisher\":{\"@id\":\"https:\/\/vosgesinfo.fr\/saintdieinfo\/#organization\"},\"image\":{\"@id\":\"https:\/\/vosgesinfo.fr\/saintdieinfo\/?p=35869#primaryimage\"},\"thumbnailUrl\":\"https:\/\/vosgesinfo.fr\/app\/uploads\/sites\/4\/2024\/07\/bebe-naissance.jpg\",\"keywords\":[\"INSEE\",\"Pr\u00e9noms les plus donn\u00e9s dans les Vosges en 2023\"],\"articleSection\":[\"A la Une\",\"Vosges\"],\"inLanguage\":\"fr-FR\",\"potentialAction\":[{\"@type\":\"CommentAction\",\"name\":\"Comment\",\"target\":[\"https:\/\/vosgesinfo.fr\/saintdieinfo\/?p=35869#respond\"]}]},{\"@type\":\"WebPage\",\"@id\":\"https:\/\/vosgesinfo.fr\/saintdieinfo\/?p=35869\",\"url\":\"https:\/\/vosgesinfo.fr\/saintdieinfo\/?p=35869\",\"name\":\"Les pr\u00e9noms les plus donn\u00e9s dans les Vosges en 2023 - Saint Die Info\",\"isPartOf\":{\"@id\":\"https:\/\/vosgesinfo.fr\/saintdieinfo\/#website\"},\"primaryImageOfPage\":{\"@id\":\"https:\/\/vosgesinfo.fr\/saintdieinfo\/?p=35869#primaryimage\"},\"image\":{\"@id\":\"https:\/\/vosgesinfo.fr\/saintdieinfo\/?p=35869#primaryimage\"},\"thumbnailUrl\":\"https:\/\/vosgesinfo.fr\/app\/uploads\/sites\/4\/2024\/07\/bebe-naissance.jpg\",\"datePublished\":\"2024-07-10T07:19:40+00:00\",\"dateModified\":\"2024-07-10T07:19:40+00:00\",\"breadcrumb\":{\"@id\":\"https:\/\/vosgesinfo.fr\/saintdieinfo\/?p=35869#breadcrumb\"},\"inLanguage\":\"fr-FR\",\"potentialAction\":[{\"@type\":\"ReadAction\",\"target\":[\"https:\/\/vosgesinfo.fr\/saintdieinfo\/?p=35869\"]}]},{\"@type\":\"ImageObject\",\"inLanguage\":\"fr-FR\",\"@id\":\"https:\/\/vosgesinfo.fr\/saintdieinfo\/?p=35869#primaryimage\",\"url\":\"https:\/\/vosgesinfo.fr\/app\/uploads\/sites\/4\/2024\/07\/bebe-naissance.jpg\",\"contentUrl\":\"https:\/\/vosgesinfo.fr\/app\/uploads\/sites\/4\/2024\/07\/bebe-naissance.jpg\",\"width\":1768,\"height\":658},{\"@type\":\"BreadcrumbList\",\"@id\":\"https:\/\/vosgesinfo.fr\/saintdieinfo\/?p=35869#breadcrumb\",\"itemListElement\":[{\"@type\":\"ListItem\",\"position\":1,\"name\":\"Home\",\"item\":\"https:\/\/vosgesinfo.fr\/saintdieinfo\/\"},{\"@type\":\"ListItem\",\"position\":2,\"name\":\"Les pr\u00e9noms les plus donn\u00e9s dans les Vosges en 2023\"}]},{\"@type\":\"WebSite\",\"@id\":\"https:\/\/vosgesinfo.fr\/saintdieinfo\/#website\",\"url\":\"https:\/\/vosgesinfo.fr\/saintdieinfo\/\",\"name\":\"Saint Die Info\",\"description\":\"Toute l&#039;actualit\u00e9 de Saint-Di\u00e9-Des-Vosges\",\"publisher\":{\"@id\":\"https:\/\/vosgesinfo.fr\/saintdieinfo\/#organization\"},\"alternateName\":\"Toute l'actualit\u00e9 de Saint-Di\u00e9-Des-Vosges\",\"potentialAction\":[{\"@type\":\"SearchAction\",\"target\":{\"@type\":\"EntryPoint\",\"urlTemplate\":\"https:\/\/vosgesinfo.fr\/saintdieinfo\/?s={search_term_string}\"},\"query-input\":\"required name=search_term_string\"}],\"inLanguage\":\"fr-FR\"},{\"@type\":\"Organization\",\"@id\":\"https:\/\/vosgesinfo.fr\/saintdieinfo\/#organization\",\"name\":\"Saint Die Info\",\"url\":\"https:\/\/vosgesinfo.fr\/saintdieinfo\/\",\"logo\":{\"@type\":\"ImageObject\",\"inLanguage\":\"fr-FR\",\"@id\":\"https:\/\/vosgesinfo.fr\/saintdieinfo\/#\/schema\/logo\/image\/\",\"url\":\"https:\/\/vosgesinfo.fr\/app\/uploads\/sites\/4\/2024\/02\/logo-sdi.jpg\",\"contentUrl\":\"https:\/\/vosgesinfo.fr\/app\/uploads\/sites\/4\/2024\/02\/logo-sdi.jpg\",\"width\":600,\"height\":600,\"caption\":\"Saint Die Info\"},\"image\":{\"@id\":\"https:\/\/vosgesinfo.fr\/saintdieinfo\/#\/schema\/logo\/image\/\"},\"sameAs\":[\"https:\/\/www.facebook.com\/Saintdieinfofr\",\"https:\/\/x.com\/VosgesInfo88\",\"https:\/\/www.youtube.com\/@vosgesinfo\"]},{\"@type\":\"Person\",\"@id\":\"https:\/\/vosgesinfo.fr\/saintdieinfo\/#\/schema\/person\/fa73e9f726d67bb88f46d5b7943cb572\",\"name\":\"J.J.\",\"image\":{\"@type\":\"ImageObject\",\"inLanguage\":\"fr-FR\",\"@id\":\"https:\/\/vosgesinfo.fr\/saintdieinfo\/#\/schema\/person\/image\/\",\"url\":\"https:\/\/secure.gravatar.com\/avatar\/219e749e47ffbcca018a360ae4add7d4cdf1cdaaf8bc7676b27efade3fe65615?s=96&d=mm&r=g\",\"contentUrl\":\"https:\/\/secure.gravatar.com\/avatar\/219e749e47ffbcca018a360ae4add7d4cdf1cdaaf8bc7676b27efade3fe65615?s=96&d=mm&r=g\",\"caption\":\"J.J.\"},\"url\":\"https:\/\/vosgesinfo.fr\/saintdieinfo\/author\/j-j\/\"}]}<\/script>\n<!-- \/ Yoast SEO plugin. -->","yoast_head_json":{"title":"Les pr\u00e9noms les plus donn\u00e9s dans les Vosges en 2023 - Saint Die Info","robots":{"index":"index","follow":"follow","max-snippet":"max-snippet:-1","max-image-preview":"max-image-preview:large","max-video-preview":"max-video-preview:-1"},"canonical":"https:\/\/vosgesinfo.fr\/saintdieinfo\/?p=35869","twitter_card":"summary_large_image","twitter_title":"Les pr\u00e9noms les plus donn\u00e9s dans les Vosges en 2023 - Saint Die Info","twitter_description":"L&rsquo;Insee a publi\u00e9 en d\u00e9but de semaine le classement des pr\u00e9noms les plus donn\u00e9s en France. A l&rsquo;\u00e9chelle nationale, c&rsquo;est [&hellip;]","twitter_image":"https:\/\/vosgesinfo.fr\/app\/uploads\/sites\/4\/2024\/07\/bebe-naissance.jpg","twitter_creator":"@VosgesInfo88","twitter_site":"@VosgesInfo88","twitter_misc":{"\u00c9crit par":"J.J.","Dur\u00e9e de lecture estim\u00e9e":"2 minutes"},"schema":{"@context":"https:\/\/schema.org","@graph":[{"@type":"Article","@id":"https:\/\/vosgesinfo.fr\/saintdieinfo\/?p=35869#article","isPartOf":{"@id":"https:\/\/vosgesinfo.fr\/saintdieinfo\/?p=35869"},"author":{"name":"J.J.","@id":"https:\/\/vosgesinfo.fr\/saintdieinfo\/#\/schema\/person\/fa73e9f726d67bb88f46d5b7943cb572"},"headline":"Les pr\u00e9noms les plus donn\u00e9s dans les Vosges en 2023","datePublished":"2024-07-10T07:19:40+00:00","dateModified":"2024-07-10T07:19:40+00:00","mainEntityOfPage":{"@id":"https:\/\/vosgesinfo.fr\/saintdieinfo\/?p=35869"},"wordCount":167,"commentCount":1,"publisher":{"@id":"https:\/\/vosgesinfo.fr\/saintdieinfo\/#organization"},"image":{"@id":"https:\/\/vosgesinfo.fr\/saintdieinfo\/?p=35869#primaryimage"},"thumbnailUrl":"https:\/\/vosgesinfo.fr\/app\/uploads\/sites\/4\/2024\/07\/bebe-naissance.jpg","keywords":["INSEE","Pr\u00e9noms les plus donn\u00e9s dans les Vosges en 2023"],"articleSection":["A la Une","Vosges"],"inLanguage":"fr-FR","potentialAction":[{"@type":"CommentAction","name":"Comment","target":["https:\/\/vosgesinfo.fr\/saintdieinfo\/?p=35869#respond"]}]},{"@type":"WebPage","@id":"https:\/\/vosgesinfo.fr\/saintdieinfo\/?p=35869","url":"https:\/\/vosgesinfo.fr\/saintdieinfo\/?p=35869","name":"Les pr\u00e9noms les plus donn\u00e9s dans les Vosges en 2023 - Saint Die Info","isPartOf":{"@id":"https:\/\/vosgesinfo.fr\/saintdieinfo\/#website"},"primaryImageOfPage":{"@id":"https:\/\/vosgesinfo.fr\/saintdieinfo\/?p=35869#primaryimage"},"image":{"@id":"https:\/\/vosgesinfo.fr\/saintdieinfo\/?p=35869#primaryimage"},"thumbnailUrl":"https:\/\/vosgesinfo.fr\/app\/uploads\/sites\/4\/2024\/07\/bebe-naissance.jpg","datePublished":"2024-07-10T07:19:40+00:00","dateModified":"2024-07-10T07:19:40+00:00","breadcrumb":{"@id":"https:\/\/vosgesinfo.fr\/saintdieinfo\/?p=35869#breadcrumb"},"inLanguage":"fr-FR","potentialAction":[{"@type":"ReadAction","target":["https:\/\/vosgesinfo.fr\/saintdieinfo\/?p=35869"]}]},{"@type":"ImageObject","inLanguage":"fr-FR","@id":"https:\/\/vosgesinfo.fr\/saintdieinfo\/?p=35869#primaryimage","url":"https:\/\/vosgesinfo.fr\/app\/uploads\/sites\/4\/2024\/07\/bebe-naissance.jpg","contentUrl":"https:\/\/vosgesinfo.fr\/app\/uploads\/sites\/4\/2024\/07\/bebe-naissance.jpg","width":1768,"height":658},{"@type":"BreadcrumbList","@id":"https:\/\/vosgesinfo.fr\/saintdieinfo\/?p=35869#breadcrumb","itemListElement":[{"@type":"ListItem","position":1,"name":"Home","item":"https:\/\/vosgesinfo.fr\/saintdieinfo\/"},{"@type":"ListItem","position":2,"name":"Les pr\u00e9noms les plus donn\u00e9s dans les Vosges en 2023"}]},{"@type":"WebSite","@id":"https:\/\/vosgesinfo.fr\/saintdieinfo\/#website","url":"https:\/\/vosgesinfo.fr\/saintdieinfo\/","name":"Saint Die Info","description":"Toute l&#039;actualit\u00e9 de Saint-Di\u00e9-Des-Vosges","publisher":{"@id":"https:\/\/vosgesinfo.fr\/saintdieinfo\/#organization"},"alternateName":"Toute l'actualit\u00e9 de Saint-Di\u00e9-Des-Vosges","potentialAction":[{"@type":"SearchAction","target":{"@type":"EntryPoint","urlTemplate":"https:\/\/vosgesinfo.fr\/saintdieinfo\/?s={search_term_string}"},"query-input":"required name=search_term_string"}],"inLanguage":"fr-FR"},{"@type":"Organization","@id":"https:\/\/vosgesinfo.fr\/saintdieinfo\/#organization","name":"Saint Die Info","url":"https:\/\/vosgesinfo.fr\/saintdieinfo\/","logo":{"@type":"ImageObject","inLanguage":"fr-FR","@id":"https:\/\/vosgesinfo.fr\/saintdieinfo\/#\/schema\/logo\/image\/","url":"https:\/\/vosgesinfo.fr\/app\/uploads\/sites\/4\/2024\/02\/logo-sdi.jpg","contentUrl":"https:\/\/vosgesinfo.fr\/app\/uploads\/sites\/4\/2024\/02\/logo-sdi.jpg","width":600,"height":600,"caption":"Saint Die Info"},"image":{"@id":"https:\/\/vosgesinfo.fr\/saintdieinfo\/#\/schema\/logo\/image\/"},"sameAs":["https:\/\/www.facebook.com\/Saintdieinfofr","https:\/\/x.com\/VosgesInfo88","https:\/\/www.youtube.com\/@vosgesinfo"]},{"@type":"Person","@id":"https:\/\/vosgesinfo.fr\/saintdieinfo\/#\/schema\/person\/fa73e9f726d67bb88f46d5b7943cb572","name":"J.J.","image":{"@type":"ImageObject","inLanguage":"fr-FR","@id":"https:\/\/vosgesinfo.fr\/saintdieinfo\/#\/schema\/person\/image\/","url":"https:\/\/secure.gravatar.com\/avatar\/219e749e47ffbcca018a360ae4add7d4cdf1cdaaf8bc7676b27efade3fe65615?s=96&d=mm&r=g","contentUrl":"https:\/\/secure.gravatar.com\/avatar\/219e749e47ffbcca018a360ae4add7d4cdf1cdaaf8bc7676b27efade3fe65615?s=96&d=mm&r=g","caption":"J.J."},"url":"https:\/\/vosgesinfo.fr\/saintdieinfo\/author\/j-j\/"}]}},"_links":{"self":[{"href":"https:\/\/vosgesinfo.fr\/saintdieinfo\/wp-json\/wp\/v2\/posts\/35869","targetHints":{"allow":["GET"]}}],"collection":[{"href":"https:\/\/vosgesinfo.fr\/saintdieinfo\/wp-json\/wp\/v2\/posts"}],"about":[{"href":"https:\/\/vosgesinfo.fr\/saintdieinfo\/wp-json\/wp\/v2\/types\/post"}],"author":[{"embeddable":true,"href":"https:\/\/vosgesinfo.fr\/saintdieinfo\/wp-json\/wp\/v2\/users\/46"}],"replies":[{"embeddable":true,"href":"https:\/\/vosgesinfo.fr\/saintdieinfo\/wp-json\/wp\/v2\/comments?post=35869"}],"version-history":[{"count":1,"href":"https:\/\/vosgesinfo.fr\/saintdieinfo\/wp-json\/wp\/v2\/posts\/35869\/revisions"}],"predecessor-version":[{"id":35871,"href":"https:\/\/vosgesinfo.fr\/saintdieinfo\/wp-json\/wp\/v2\/posts\/35869\/revisions\/35871"}],"wp:featuredmedia":[{"embeddable":true,"href":"https:\/\/vosgesinfo.fr\/saintdieinfo\/wp-json\/wp\/v2\/media\/35870"}],"wp:attachment":[{"href":"https:\/\/vosgesinfo.fr\/saintdieinfo\/wp-json\/wp\/v2\/media?parent=35869"}],"wp:term":[{"taxonomy":"category","embeddable":true,"href":"https:\/\/vosgesinfo.fr\/saintdieinfo\/wp-json\/wp\/v2\/categories?post=35869"},{"taxonomy":"post_tag","embeddable":true,"href":"https:\/\/vosgesinfo.fr\/saintdieinfo\/wp-json\/wp\/v2\/tags?post=35869"}],"curies":[{"name":"wp","href":"https:\/\/api.w.org\/{rel}","templated":true}]}}