{"id":36015,"date":"2024-07-14T23:37:04","date_gmt":"2024-07-14T21:37:04","guid":{"rendered":"https:\/\/vosgesinfo.fr\/saintdieinfo\/?p=36015"},"modified":"2024-07-14T23:37:04","modified_gmt":"2024-07-14T21:37:04","slug":"la-fete-nationale-du-14-juillet-celebree-a-saint-die-des-vosges","status":"publish","type":"post","link":"https:\/\/vosgesinfo.fr\/saintdieinfo\/2024\/07\/la-fete-nationale-du-14-juillet-celebree-a-saint-die-des-vosges\/","title":{"rendered":"La F\u00eate Nationale du 14 juillet c\u00e9l\u00e9br\u00e9e \u00e0 Saint-Di\u00e9-des-Vosges"},"content":{"rendered":"<div id=\"attachment_36018\" style=\"width: 1034px\" class=\"wp-caption alignnone\"><img decoding=\"async\" aria-describedby=\"caption-attachment-36018\" class=\"wp-image-36018 size-full\" src=\"https:\/\/vosgesinfo.fr\/app\/uploads\/sites\/4\/2024\/07\/ceremonie-fete-nationale-14-juillet-3.jpg\" alt=\"\" width=\"1024\" height=\"683\" srcset=\"https:\/\/vosgesinfo.fr\/app\/uploads\/sites\/4\/2024\/07\/ceremonie-fete-nationale-14-juillet-3.jpg 1024w, https:\/\/vosgesinfo.fr\/app\/uploads\/sites\/4\/2024\/07\/ceremonie-fete-nationale-14-juillet-3-300x200.jpg 300w, https:\/\/vosgesinfo.fr\/app\/uploads\/sites\/4\/2024\/07\/ceremonie-fete-nationale-14-juillet-3-768x512.jpg 768w\" sizes=\"(max-width: 1024px) 100vw, 1024px\" \/><p id=\"caption-attachment-36018\" class=\"wp-caption-text\">(Photographies Marc Fourniquet)<\/p><\/div>\n<h2>Jour de F\u00eate Nationale fran\u00e7aise, la date du 14 juillet marque la F\u00eate de la F\u00e9d\u00e9ration du 14 juillet 1790&#8230; et non la prise de la Bastille. A Saint-Di\u00e9-des-Vosges, les c\u00e9l\u00e9brations se sont d\u00e9roul\u00e9es dans la matin\u00e9e, au square La Fayette puis place Jules-Ferry.<\/h2>\n<p><!--more--><\/p>\n<p>Au square La Fayette, la sous-pr\u00e9f\u00e8te de l&rsquo;arrondissement de Saint-Di\u00e9-des-Vosges Carole Dabrigeon a lu un extrait de la D\u00e9claration des Droits de l&rsquo;Homme et du Citoyen, puis le Conseil Municipal des Jeunes a d\u00e9pos\u00e9 une rose et les autorit\u00e9s une gerbe de fleurs. Direction la place Jules-Ferry ensuite, pour la seconde partie de la c\u00e9r\u00e9monie d\u00e9odatienne. Mont\u00e9e des couleurs, revue des troupes, appel des sapeurs-pompiers en service command\u00e9, remise de m\u00e9dailles, grades et fourrag\u00e8res \u00e0 des sapeurs-pompiers de Saint-Di\u00e9-des-Vosges&#8230; ont ponctu\u00e9 cette s\u00e9quence place Jules-Ferry.<\/p>\n<p>Le Sergent Jean-Lou Marcelin \u2019est vu d\u00e9cerner la m\u00e9daille d\u2019honneur des sapeurs-pompiers, \u00e9chelon Argent, pour 20 ann\u00e9es de service\u00a0; le Sergent-Chef Maxime Gruel a re\u00e7u la m\u00e9daille d\u2019honneur des sapeurs-pompiers, \u00e9chelon Bronze, pour 10 ann\u00e9es de service\u00a0; il a ensuite \u00e9t\u00e9 promu au grade d&rsquo;Adjudant\u00a0; Le Caporal-Chef Mathieu Cresseaux et le Caporal Mathieu Henry ont \u00e9t\u00e9 respectivement promus Sergent et Caporal-Chef\u00a0; le Sapeur Quentin Baron a pris l&rsquo;appellation de Sapeur de 1\u00e8re Classe et a re\u00e7u la fourrag\u00e8re\u00a0; l&rsquo;Adjudant-Chef Pascal Sudre s&rsquo;est vu remettre l&rsquo;insigne de porte-drapeau pour 9 ann\u00e9es de service en qualit\u00e9 de porte-drapeau.<\/p>\n<p>Les c\u00e9l\u00e9brations se sont conclues par le traditionnel salut aux portes-drapeaux et le non moins traditionnel d\u00e9fil\u00e9 des sapeurs-pompiers, p\u00e9destre et motoris\u00e9, devant les autorit\u00e9s et le public.<\/p>\n<p>J.J.<\/p>\n<p><img decoding=\"async\" class=\"alignnone size-full wp-image-36016\" src=\"https:\/\/vosgesinfo.fr\/app\/uploads\/sites\/4\/2024\/07\/ceremonie-fete-nationale-14-juillet-1.jpg\" alt=\"\" width=\"1024\" height=\"683\" srcset=\"https:\/\/vosgesinfo.fr\/app\/uploads\/sites\/4\/2024\/07\/ceremonie-fete-nationale-14-juillet-1.jpg 1024w, https:\/\/vosgesinfo.fr\/app\/uploads\/sites\/4\/2024\/07\/ceremonie-fete-nationale-14-juillet-1-300x200.jpg 300w, https:\/\/vosgesinfo.fr\/app\/uploads\/sites\/4\/2024\/07\/ceremonie-fete-nationale-14-juillet-1-768x512.jpg 768w\" sizes=\"(max-width: 1024px) 100vw, 1024px\" \/><\/p>\n<p><img decoding=\"async\" class=\"alignnone size-full wp-image-36017\" src=\"https:\/\/vosgesinfo.fr\/app\/uploads\/sites\/4\/2024\/07\/ceremonie-fete-nationale-14-juillet-2.jpg\" alt=\"\" width=\"512\" height=\"683\" srcset=\"https:\/\/vosgesinfo.fr\/app\/uploads\/sites\/4\/2024\/07\/ceremonie-fete-nationale-14-juillet-2.jpg 512w, https:\/\/vosgesinfo.fr\/app\/uploads\/sites\/4\/2024\/07\/ceremonie-fete-nationale-14-juillet-2-225x300.jpg 225w\" sizes=\"(max-width: 512px) 100vw, 512px\" \/><\/p>\n<p><img decoding=\"async\" class=\"alignnone size-full wp-image-36019\" src=\"https:\/\/vosgesinfo.fr\/app\/uploads\/sites\/4\/2024\/07\/ceremonie-fete-nationale-14-juillet-4.jpg\" alt=\"\" width=\"1024\" height=\"683\" srcset=\"https:\/\/vosgesinfo.fr\/app\/uploads\/sites\/4\/2024\/07\/ceremonie-fete-nationale-14-juillet-4.jpg 1024w, https:\/\/vosgesinfo.fr\/app\/uploads\/sites\/4\/2024\/07\/ceremonie-fete-nationale-14-juillet-4-300x200.jpg 300w, https:\/\/vosgesinfo.fr\/app\/uploads\/sites\/4\/2024\/07\/ceremonie-fete-nationale-14-juillet-4-768x512.jpg 768w\" sizes=\"(max-width: 1024px) 100vw, 1024px\" \/><\/p>\n<p><img decoding=\"async\" class=\"alignnone size-full wp-image-36020\" src=\"https:\/\/vosgesinfo.fr\/app\/uploads\/sites\/4\/2024\/07\/ceremonie-fete-nationale-14-juillet-5.jpg\" alt=\"\" width=\"911\" height=\"683\" srcset=\"https:\/\/vosgesinfo.fr\/app\/uploads\/sites\/4\/2024\/07\/ceremonie-fete-nationale-14-juillet-5.jpg 911w, https:\/\/vosgesinfo.fr\/app\/uploads\/sites\/4\/2024\/07\/ceremonie-fete-nationale-14-juillet-5-300x225.jpg 300w, https:\/\/vosgesinfo.fr\/app\/uploads\/sites\/4\/2024\/07\/ceremonie-fete-nationale-14-juillet-5-768x576.jpg 768w\" sizes=\"(max-width: 911px) 100vw, 911px\" \/><\/p>\n","protected":false},"excerpt":{"rendered":"<p>Jour de F\u00eate Nationale fran\u00e7aise, la date du 14 juillet marque la F\u00eate de la F\u00e9d\u00e9ration du 14 juillet 1790&#8230; [&hellip;]<\/p>\n","protected":false},"author":46,"featured_media":36018,"comment_status":"open","ping_status":"open","sticky":false,"template":"","format":"standard","meta":{"footnotes":""},"categories":[460,167],"tags":[6770,4276,6771,6773,3891,6772],"class_list":["post-36015","post","type-post","status-publish","format-standard","has-post-thumbnail","hentry","category-a-la-une","category-saint-die-des-vosges","tag-14-juillet-2024","tag-fete-nationale-a-saint-die-des-vosges","tag-fete-nationale-francaise","tag-place-jules-ferry","tag-sapeurs-pompiers-de-saint-die-des-vosges","tag-square-la-fayette"],"acf":[],"yoast_head":"<!-- This site is optimized with the Yoast SEO plugin v22.5 - https:\/\/yoast.com\/wordpress\/plugins\/seo\/ -->\n<title>La F\u00eate Nationale du 14 juillet c\u00e9l\u00e9br\u00e9e \u00e0 Saint-Di\u00e9-des-Vosges - Saint Die Info<\/title>\n<meta name=\"robots\" content=\"index, follow, max-snippet:-1, max-image-preview:large, max-video-preview:-1\" \/>\n<link rel=\"canonical\" href=\"https:\/\/vosgesinfo.fr\/saintdieinfo\/?p=36015\" \/>\n<meta name=\"twitter:card\" content=\"summary_large_image\" \/>\n<meta name=\"twitter:title\" content=\"La F\u00eate Nationale du 14 juillet c\u00e9l\u00e9br\u00e9e \u00e0 Saint-Di\u00e9-des-Vosges - Saint Die Info\" \/>\n<meta name=\"twitter:description\" content=\"Jour de F\u00eate Nationale fran\u00e7aise, la date du 14 juillet marque la F\u00eate de la F\u00e9d\u00e9ration du 14 juillet 1790&#8230; [&hellip;]\" \/>\n<meta name=\"twitter:image\" content=\"https:\/\/vosgesinfo.fr\/app\/uploads\/sites\/4\/2024\/07\/ceremonie-fete-nationale-14-juillet-3.jpg\" \/>\n<meta name=\"twitter:creator\" content=\"@VosgesInfo88\" \/>\n<meta name=\"twitter:site\" content=\"@VosgesInfo88\" \/>\n<meta name=\"twitter:label1\" content=\"\u00c9crit par\" \/>\n\t<meta name=\"twitter:data1\" content=\"J.J.\" \/>\n\t<meta name=\"twitter:label2\" content=\"Dur\u00e9e de lecture estim\u00e9e\" \/>\n\t<meta name=\"twitter:data2\" content=\"3 minutes\" \/>\n<script type=\"application\/ld+json\" class=\"yoast-schema-graph\">{\"@context\":\"https:\/\/schema.org\",\"@graph\":[{\"@type\":\"Article\",\"@id\":\"https:\/\/vosgesinfo.fr\/saintdieinfo\/?p=36015#article\",\"isPartOf\":{\"@id\":\"https:\/\/vosgesinfo.fr\/saintdieinfo\/?p=36015\"},\"author\":{\"name\":\"J.J.\",\"@id\":\"https:\/\/vosgesinfo.fr\/saintdieinfo\/#\/schema\/person\/fa73e9f726d67bb88f46d5b7943cb572\"},\"headline\":\"La F\u00eate Nationale du 14 juillet c\u00e9l\u00e9br\u00e9e \u00e0 Saint-Di\u00e9-des-Vosges\",\"datePublished\":\"2024-07-14T21:37:04+00:00\",\"dateModified\":\"2024-07-14T21:37:04+00:00\",\"mainEntityOfPage\":{\"@id\":\"https:\/\/vosgesinfo.fr\/saintdieinfo\/?p=36015\"},\"wordCount\":318,\"commentCount\":2,\"publisher\":{\"@id\":\"https:\/\/vosgesinfo.fr\/saintdieinfo\/#organization\"},\"image\":{\"@id\":\"https:\/\/vosgesinfo.fr\/saintdieinfo\/?p=36015#primaryimage\"},\"thumbnailUrl\":\"https:\/\/vosgesinfo.fr\/app\/uploads\/sites\/4\/2024\/07\/ceremonie-fete-nationale-14-juillet-3.jpg\",\"keywords\":[\"14 juillet 2024\",\"F\u00eate Nationale \u00e0 Saint-Di\u00e9-des-Vosges\",\"F\u00eate Nationale fran\u00e7aise\",\"Place Jules-Ferry\",\"Sapeurs-pompiers de Saint-Di\u00e9-des-Vosges\",\"Square La Fayette\"],\"articleSection\":[\"A la Une\",\"Saint-Di\u00e9-des-Vosges\"],\"inLanguage\":\"fr-FR\",\"potentialAction\":[{\"@type\":\"CommentAction\",\"name\":\"Comment\",\"target\":[\"https:\/\/vosgesinfo.fr\/saintdieinfo\/?p=36015#respond\"]}]},{\"@type\":\"WebPage\",\"@id\":\"https:\/\/vosgesinfo.fr\/saintdieinfo\/?p=36015\",\"url\":\"https:\/\/vosgesinfo.fr\/saintdieinfo\/?p=36015\",\"name\":\"La F\u00eate Nationale du 14 juillet c\u00e9l\u00e9br\u00e9e \u00e0 Saint-Di\u00e9-des-Vosges - Saint Die Info\",\"isPartOf\":{\"@id\":\"https:\/\/vosgesinfo.fr\/saintdieinfo\/#website\"},\"primaryImageOfPage\":{\"@id\":\"https:\/\/vosgesinfo.fr\/saintdieinfo\/?p=36015#primaryimage\"},\"image\":{\"@id\":\"https:\/\/vosgesinfo.fr\/saintdieinfo\/?p=36015#primaryimage\"},\"thumbnailUrl\":\"https:\/\/vosgesinfo.fr\/app\/uploads\/sites\/4\/2024\/07\/ceremonie-fete-nationale-14-juillet-3.jpg\",\"datePublished\":\"2024-07-14T21:37:04+00:00\",\"dateModified\":\"2024-07-14T21:37:04+00:00\",\"breadcrumb\":{\"@id\":\"https:\/\/vosgesinfo.fr\/saintdieinfo\/?p=36015#breadcrumb\"},\"inLanguage\":\"fr-FR\",\"potentialAction\":[{\"@type\":\"ReadAction\",\"target\":[\"https:\/\/vosgesinfo.fr\/saintdieinfo\/?p=36015\"]}]},{\"@type\":\"ImageObject\",\"inLanguage\":\"fr-FR\",\"@id\":\"https:\/\/vosgesinfo.fr\/saintdieinfo\/?p=36015#primaryimage\",\"url\":\"https:\/\/vosgesinfo.fr\/app\/uploads\/sites\/4\/2024\/07\/ceremonie-fete-nationale-14-juillet-3.jpg\",\"contentUrl\":\"https:\/\/vosgesinfo.fr\/app\/uploads\/sites\/4\/2024\/07\/ceremonie-fete-nationale-14-juillet-3.jpg\",\"width\":1024,\"height\":683},{\"@type\":\"BreadcrumbList\",\"@id\":\"https:\/\/vosgesinfo.fr\/saintdieinfo\/?p=36015#breadcrumb\",\"itemListElement\":[{\"@type\":\"ListItem\",\"position\":1,\"name\":\"Home\",\"item\":\"https:\/\/vosgesinfo.fr\/saintdieinfo\/\"},{\"@type\":\"ListItem\",\"position\":2,\"name\":\"La F\u00eate Nationale du 14 juillet c\u00e9l\u00e9br\u00e9e \u00e0 Saint-Di\u00e9-des-Vosges\"}]},{\"@type\":\"WebSite\",\"@id\":\"https:\/\/vosgesinfo.fr\/saintdieinfo\/#website\",\"url\":\"https:\/\/vosgesinfo.fr\/saintdieinfo\/\",\"name\":\"Saint Die Info\",\"description\":\"Toute l&#039;actualit\u00e9 de Saint-Di\u00e9-Des-Vosges\",\"publisher\":{\"@id\":\"https:\/\/vosgesinfo.fr\/saintdieinfo\/#organization\"},\"alternateName\":\"Toute l'actualit\u00e9 de Saint-Di\u00e9-Des-Vosges\",\"potentialAction\":[{\"@type\":\"SearchAction\",\"target\":{\"@type\":\"EntryPoint\",\"urlTemplate\":\"https:\/\/vosgesinfo.fr\/saintdieinfo\/?s={search_term_string}\"},\"query-input\":\"required name=search_term_string\"}],\"inLanguage\":\"fr-FR\"},{\"@type\":\"Organization\",\"@id\":\"https:\/\/vosgesinfo.fr\/saintdieinfo\/#organization\",\"name\":\"Saint Die Info\",\"url\":\"https:\/\/vosgesinfo.fr\/saintdieinfo\/\",\"logo\":{\"@type\":\"ImageObject\",\"inLanguage\":\"fr-FR\",\"@id\":\"https:\/\/vosgesinfo.fr\/saintdieinfo\/#\/schema\/logo\/image\/\",\"url\":\"https:\/\/vosgesinfo.fr\/app\/uploads\/sites\/4\/2024\/02\/logo-sdi.jpg\",\"contentUrl\":\"https:\/\/vosgesinfo.fr\/app\/uploads\/sites\/4\/2024\/02\/logo-sdi.jpg\",\"width\":600,\"height\":600,\"caption\":\"Saint Die Info\"},\"image\":{\"@id\":\"https:\/\/vosgesinfo.fr\/saintdieinfo\/#\/schema\/logo\/image\/\"},\"sameAs\":[\"https:\/\/www.facebook.com\/Saintdieinfofr\",\"https:\/\/x.com\/VosgesInfo88\",\"https:\/\/www.youtube.com\/@vosgesinfo\"]},{\"@type\":\"Person\",\"@id\":\"https:\/\/vosgesinfo.fr\/saintdieinfo\/#\/schema\/person\/fa73e9f726d67bb88f46d5b7943cb572\",\"name\":\"J.J.\",\"image\":{\"@type\":\"ImageObject\",\"inLanguage\":\"fr-FR\",\"@id\":\"https:\/\/vosgesinfo.fr\/saintdieinfo\/#\/schema\/person\/image\/\",\"url\":\"https:\/\/secure.gravatar.com\/avatar\/219e749e47ffbcca018a360ae4add7d4cdf1cdaaf8bc7676b27efade3fe65615?s=96&d=mm&r=g\",\"contentUrl\":\"https:\/\/secure.gravatar.com\/avatar\/219e749e47ffbcca018a360ae4add7d4cdf1cdaaf8bc7676b27efade3fe65615?s=96&d=mm&r=g\",\"caption\":\"J.J.\"},\"url\":\"https:\/\/vosgesinfo.fr\/saintdieinfo\/author\/j-j\/\"}]}<\/script>\n<!-- \/ Yoast SEO plugin. -->","yoast_head_json":{"title":"La F\u00eate Nationale du 14 juillet c\u00e9l\u00e9br\u00e9e \u00e0 Saint-Di\u00e9-des-Vosges - Saint Die Info","robots":{"index":"index","follow":"follow","max-snippet":"max-snippet:-1","max-image-preview":"max-image-preview:large","max-video-preview":"max-video-preview:-1"},"canonical":"https:\/\/vosgesinfo.fr\/saintdieinfo\/?p=36015","twitter_card":"summary_large_image","twitter_title":"La F\u00eate Nationale du 14 juillet c\u00e9l\u00e9br\u00e9e \u00e0 Saint-Di\u00e9-des-Vosges - Saint Die Info","twitter_description":"Jour de F\u00eate Nationale fran\u00e7aise, la date du 14 juillet marque la F\u00eate de la F\u00e9d\u00e9ration du 14 juillet 1790&#8230; [&hellip;]","twitter_image":"https:\/\/vosgesinfo.fr\/app\/uploads\/sites\/4\/2024\/07\/ceremonie-fete-nationale-14-juillet-3.jpg","twitter_creator":"@VosgesInfo88","twitter_site":"@VosgesInfo88","twitter_misc":{"\u00c9crit par":"J.J.","Dur\u00e9e de lecture estim\u00e9e":"3 minutes"},"schema":{"@context":"https:\/\/schema.org","@graph":[{"@type":"Article","@id":"https:\/\/vosgesinfo.fr\/saintdieinfo\/?p=36015#article","isPartOf":{"@id":"https:\/\/vosgesinfo.fr\/saintdieinfo\/?p=36015"},"author":{"name":"J.J.","@id":"https:\/\/vosgesinfo.fr\/saintdieinfo\/#\/schema\/person\/fa73e9f726d67bb88f46d5b7943cb572"},"headline":"La F\u00eate Nationale du 14 juillet c\u00e9l\u00e9br\u00e9e \u00e0 Saint-Di\u00e9-des-Vosges","datePublished":"2024-07-14T21:37:04+00:00","dateModified":"2024-07-14T21:37:04+00:00","mainEntityOfPage":{"@id":"https:\/\/vosgesinfo.fr\/saintdieinfo\/?p=36015"},"wordCount":318,"commentCount":2,"publisher":{"@id":"https:\/\/vosgesinfo.fr\/saintdieinfo\/#organization"},"image":{"@id":"https:\/\/vosgesinfo.fr\/saintdieinfo\/?p=36015#primaryimage"},"thumbnailUrl":"https:\/\/vosgesinfo.fr\/app\/uploads\/sites\/4\/2024\/07\/ceremonie-fete-nationale-14-juillet-3.jpg","keywords":["14 juillet 2024","F\u00eate Nationale \u00e0 Saint-Di\u00e9-des-Vosges","F\u00eate Nationale fran\u00e7aise","Place Jules-Ferry","Sapeurs-pompiers de Saint-Di\u00e9-des-Vosges","Square La Fayette"],"articleSection":["A la Une","Saint-Di\u00e9-des-Vosges"],"inLanguage":"fr-FR","potentialAction":[{"@type":"CommentAction","name":"Comment","target":["https:\/\/vosgesinfo.fr\/saintdieinfo\/?p=36015#respond"]}]},{"@type":"WebPage","@id":"https:\/\/vosgesinfo.fr\/saintdieinfo\/?p=36015","url":"https:\/\/vosgesinfo.fr\/saintdieinfo\/?p=36015","name":"La F\u00eate Nationale du 14 juillet c\u00e9l\u00e9br\u00e9e \u00e0 Saint-Di\u00e9-des-Vosges - Saint Die Info","isPartOf":{"@id":"https:\/\/vosgesinfo.fr\/saintdieinfo\/#website"},"primaryImageOfPage":{"@id":"https:\/\/vosgesinfo.fr\/saintdieinfo\/?p=36015#primaryimage"},"image":{"@id":"https:\/\/vosgesinfo.fr\/saintdieinfo\/?p=36015#primaryimage"},"thumbnailUrl":"https:\/\/vosgesinfo.fr\/app\/uploads\/sites\/4\/2024\/07\/ceremonie-fete-nationale-14-juillet-3.jpg","datePublished":"2024-07-14T21:37:04+00:00","dateModified":"2024-07-14T21:37:04+00:00","breadcrumb":{"@id":"https:\/\/vosgesinfo.fr\/saintdieinfo\/?p=36015#breadcrumb"},"inLanguage":"fr-FR","potentialAction":[{"@type":"ReadAction","target":["https:\/\/vosgesinfo.fr\/saintdieinfo\/?p=36015"]}]},{"@type":"ImageObject","inLanguage":"fr-FR","@id":"https:\/\/vosgesinfo.fr\/saintdieinfo\/?p=36015#primaryimage","url":"https:\/\/vosgesinfo.fr\/app\/uploads\/sites\/4\/2024\/07\/ceremonie-fete-nationale-14-juillet-3.jpg","contentUrl":"https:\/\/vosgesinfo.fr\/app\/uploads\/sites\/4\/2024\/07\/ceremonie-fete-nationale-14-juillet-3.jpg","width":1024,"height":683},{"@type":"BreadcrumbList","@id":"https:\/\/vosgesinfo.fr\/saintdieinfo\/?p=36015#breadcrumb","itemListElement":[{"@type":"ListItem","position":1,"name":"Home","item":"https:\/\/vosgesinfo.fr\/saintdieinfo\/"},{"@type":"ListItem","position":2,"name":"La F\u00eate Nationale du 14 juillet c\u00e9l\u00e9br\u00e9e \u00e0 Saint-Di\u00e9-des-Vosges"}]},{"@type":"WebSite","@id":"https:\/\/vosgesinfo.fr\/saintdieinfo\/#website","url":"https:\/\/vosgesinfo.fr\/saintdieinfo\/","name":"Saint Die Info","description":"Toute l&#039;actualit\u00e9 de Saint-Di\u00e9-Des-Vosges","publisher":{"@id":"https:\/\/vosgesinfo.fr\/saintdieinfo\/#organization"},"alternateName":"Toute l'actualit\u00e9 de Saint-Di\u00e9-Des-Vosges","potentialAction":[{"@type":"SearchAction","target":{"@type":"EntryPoint","urlTemplate":"https:\/\/vosgesinfo.fr\/saintdieinfo\/?s={search_term_string}"},"query-input":"required name=search_term_string"}],"inLanguage":"fr-FR"},{"@type":"Organization","@id":"https:\/\/vosgesinfo.fr\/saintdieinfo\/#organization","name":"Saint Die Info","url":"https:\/\/vosgesinfo.fr\/saintdieinfo\/","logo":{"@type":"ImageObject","inLanguage":"fr-FR","@id":"https:\/\/vosgesinfo.fr\/saintdieinfo\/#\/schema\/logo\/image\/","url":"https:\/\/vosgesinfo.fr\/app\/uploads\/sites\/4\/2024\/02\/logo-sdi.jpg","contentUrl":"https:\/\/vosgesinfo.fr\/app\/uploads\/sites\/4\/2024\/02\/logo-sdi.jpg","width":600,"height":600,"caption":"Saint Die Info"},"image":{"@id":"https:\/\/vosgesinfo.fr\/saintdieinfo\/#\/schema\/logo\/image\/"},"sameAs":["https:\/\/www.facebook.com\/Saintdieinfofr","https:\/\/x.com\/VosgesInfo88","https:\/\/www.youtube.com\/@vosgesinfo"]},{"@type":"Person","@id":"https:\/\/vosgesinfo.fr\/saintdieinfo\/#\/schema\/person\/fa73e9f726d67bb88f46d5b7943cb572","name":"J.J.","image":{"@type":"ImageObject","inLanguage":"fr-FR","@id":"https:\/\/vosgesinfo.fr\/saintdieinfo\/#\/schema\/person\/image\/","url":"https:\/\/secure.gravatar.com\/avatar\/219e749e47ffbcca018a360ae4add7d4cdf1cdaaf8bc7676b27efade3fe65615?s=96&d=mm&r=g","contentUrl":"https:\/\/secure.gravatar.com\/avatar\/219e749e47ffbcca018a360ae4add7d4cdf1cdaaf8bc7676b27efade3fe65615?s=96&d=mm&r=g","caption":"J.J."},"url":"https:\/\/vosgesinfo.fr\/saintdieinfo\/author\/j-j\/"}]}},"_links":{"self":[{"href":"https:\/\/vosgesinfo.fr\/saintdieinfo\/wp-json\/wp\/v2\/posts\/36015","targetHints":{"allow":["GET"]}}],"collection":[{"href":"https:\/\/vosgesinfo.fr\/saintdieinfo\/wp-json\/wp\/v2\/posts"}],"about":[{"href":"https:\/\/vosgesinfo.fr\/saintdieinfo\/wp-json\/wp\/v2\/types\/post"}],"author":[{"embeddable":true,"href":"https:\/\/vosgesinfo.fr\/saintdieinfo\/wp-json\/wp\/v2\/users\/46"}],"replies":[{"embeddable":true,"href":"https:\/\/vosgesinfo.fr\/saintdieinfo\/wp-json\/wp\/v2\/comments?post=36015"}],"version-history":[{"count":1,"href":"https:\/\/vosgesinfo.fr\/saintdieinfo\/wp-json\/wp\/v2\/posts\/36015\/revisions"}],"predecessor-version":[{"id":36021,"href":"https:\/\/vosgesinfo.fr\/saintdieinfo\/wp-json\/wp\/v2\/posts\/36015\/revisions\/36021"}],"wp:featuredmedia":[{"embeddable":true,"href":"https:\/\/vosgesinfo.fr\/saintdieinfo\/wp-json\/wp\/v2\/media\/36018"}],"wp:attachment":[{"href":"https:\/\/vosgesinfo.fr\/saintdieinfo\/wp-json\/wp\/v2\/media?parent=36015"}],"wp:term":[{"taxonomy":"category","embeddable":true,"href":"https:\/\/vosgesinfo.fr\/saintdieinfo\/wp-json\/wp\/v2\/categories?post=36015"},{"taxonomy":"post_tag","embeddable":true,"href":"https:\/\/vosgesinfo.fr\/saintdieinfo\/wp-json\/wp\/v2\/tags?post=36015"}],"curies":[{"name":"wp","href":"https:\/\/api.w.org\/{rel}","templated":true}]}}