{"id":36117,"date":"2024-07-17T09:43:01","date_gmt":"2024-07-17T07:43:01","guid":{"rendered":"https:\/\/vosgesinfo.fr\/saintdieinfo\/?p=36117"},"modified":"2024-07-17T09:43:01","modified_gmt":"2024-07-17T07:43:01","slug":"jop-de-paris-2024-les-polos-des-515-volontaires-qui-remettront-les-medailles-sont-confectionnes-a-saint-die-des-vosges","status":"publish","type":"post","link":"https:\/\/vosgesinfo.fr\/saintdieinfo\/2024\/07\/jop-de-paris-2024-les-polos-des-515-volontaires-qui-remettront-les-medailles-sont-confectionnes-a-saint-die-des-vosges\/","title":{"rendered":"JOP de Paris 2024\u00a0: les polos des 515 volontaires qui remettront les m\u00e9dailles sont confectionn\u00e9s \u00e0 Saint-Di\u00e9-des-Vosges"},"content":{"rendered":"<div id=\"attachment_36118\" style=\"width: 1034px\" class=\"wp-caption alignnone\"><img decoding=\"async\" aria-describedby=\"caption-attachment-36118\" class=\"wp-image-36118 size-large\" src=\"https:\/\/vosgesinfo.fr\/app\/uploads\/sites\/4\/2024\/07\/vetements-jop-2024-usine-duval-1024x683.jpg\" alt=\"\" width=\"1024\" height=\"683\" srcset=\"https:\/\/vosgesinfo.fr\/app\/uploads\/sites\/4\/2024\/07\/vetements-jop-2024-usine-duval-1024x683.jpg 1024w, https:\/\/vosgesinfo.fr\/app\/uploads\/sites\/4\/2024\/07\/vetements-jop-2024-usine-duval-300x200.jpg 300w, https:\/\/vosgesinfo.fr\/app\/uploads\/sites\/4\/2024\/07\/vetements-jop-2024-usine-duval-768x512.jpg 768w, https:\/\/vosgesinfo.fr\/app\/uploads\/sites\/4\/2024\/07\/vetements-jop-2024-usine-duval-1536x1025.jpg 1536w, https:\/\/vosgesinfo.fr\/app\/uploads\/sites\/4\/2024\/07\/vetements-jop-2024-usine-duval.jpg 1800w\" sizes=\"(max-width: 1024px) 100vw, 1024px\" \/><p id=\"caption-attachment-36118\" class=\"wp-caption-text\">(Photographie Groupe LVMH)<\/p><\/div>\n<h2>M\u00eame si aucune D\u00e9odatienne ni D\u00e9odatien ne participe aux Jeux Olympiques et Paralympiques de Paris 2024, la ville de Saint-Di\u00e9-des-Vosges sera tout de m\u00eame pr\u00e9sente tout au long de cet \u00e9v\u00e9nement sportif mondial.<\/h2>\n<p><!--more--><\/p>\n<p>Les polos que porteront les 515 jeunes volontaires qui se chargeront de remettre les m\u00e9dailles aux athl\u00e8tes sont confectionn\u00e9s dans la cit\u00e9 d\u00e9odatienne. Plus pr\u00e9cis\u00e9ment \u00e0 l&rsquo;usine Duval, con\u00e7ue par le c\u00e9l\u00e9bre architecte Le Corbusier et aujourd&rsquo;hui class\u00e9e au Patrimoine Mondial de l&rsquo;UNESCO. Ces polos ont \u00e9t\u00e9 command\u00e9s \u00e0 l&rsquo;usine d\u00e9odatienne par le groupe LVHM, comme le pr\u00e9cise l&rsquo;ancien maire David Valence sur ses r\u00e9seaux. Le tissu qui compose ces polos a \u00e9t\u00e9 fabriqu\u00e9 \u00e0 partir de chutes de jersey de coton, collect\u00e9 dans les ateliers LVMH et recycl\u00e9 par la startup Weturn.<\/p>\n<p>J.J.<\/p>\n<p><img decoding=\"async\" class=\"alignnone size-large wp-image-36122\" src=\"https:\/\/vosgesinfo.fr\/app\/uploads\/sites\/4\/2024\/07\/vetements-jop-2024-usine-duval-dv-562x1024.jpg\" alt=\"\" width=\"562\" height=\"1024\" srcset=\"https:\/\/vosgesinfo.fr\/app\/uploads\/sites\/4\/2024\/07\/vetements-jop-2024-usine-duval-dv-562x1024.jpg 562w, https:\/\/vosgesinfo.fr\/app\/uploads\/sites\/4\/2024\/07\/vetements-jop-2024-usine-duval-dv-165x300.jpg 165w, https:\/\/vosgesinfo.fr\/app\/uploads\/sites\/4\/2024\/07\/vetements-jop-2024-usine-duval-dv-768x1400.jpg 768w, https:\/\/vosgesinfo.fr\/app\/uploads\/sites\/4\/2024\/07\/vetements-jop-2024-usine-duval-dv.jpg 807w\" sizes=\"(max-width: 562px) 100vw, 562px\" \/><\/p>\n","protected":false},"excerpt":{"rendered":"<p>M\u00eame si aucune D\u00e9odatienne ni D\u00e9odatien ne participe aux Jeux Olympiques et Paralympiques de Paris 2024, la ville de Saint-Di\u00e9-des-Vosges [&hellip;]<\/p>\n","protected":false},"author":46,"featured_media":36118,"comment_status":"open","ping_status":"open","sticky":false,"template":"","format":"standard","meta":{"footnotes":""},"categories":[460,167,14,18],"tags":[5494,3585,6813,6811,6812],"class_list":["post-36117","post","type-post","status-publish","format-standard","has-post-thumbnail","hentry","category-a-la-une","category-saint-die-des-vosges","category-sport","category-vosges","tag-groupe-lvmh","tag-jeux-olympiques-et-paralympiques-de-paris-2024","tag-le-corbusier","tag-les-polos-des-515-volontaires-qui-remettront-les-medailles-sont-confectionnes-a-saint-die-des-vosges","tag-usine-duval"],"acf":[],"yoast_head":"<!-- This site is optimized with the Yoast SEO plugin v22.5 - https:\/\/yoast.com\/wordpress\/plugins\/seo\/ -->\n<title>JOP de Paris 2024\u00a0: les polos des 515 volontaires qui remettront les m\u00e9dailles sont confectionn\u00e9s \u00e0 Saint-Di\u00e9-des-Vosges - Saint Die Info<\/title>\n<meta name=\"robots\" content=\"index, follow, max-snippet:-1, max-image-preview:large, max-video-preview:-1\" \/>\n<link rel=\"canonical\" href=\"https:\/\/vosgesinfo.fr\/saintdieinfo\/?p=36117\" \/>\n<meta name=\"twitter:card\" content=\"summary_large_image\" \/>\n<meta name=\"twitter:title\" content=\"JOP de Paris 2024\u00a0: les polos des 515 volontaires qui remettront les m\u00e9dailles sont confectionn\u00e9s \u00e0 Saint-Di\u00e9-des-Vosges - Saint Die Info\" \/>\n<meta name=\"twitter:description\" content=\"M\u00eame si aucune D\u00e9odatienne ni D\u00e9odatien ne participe aux Jeux Olympiques et Paralympiques de Paris 2024, la ville de Saint-Di\u00e9-des-Vosges [&hellip;]\" \/>\n<meta name=\"twitter:image\" content=\"https:\/\/vosgesinfo.fr\/app\/uploads\/sites\/4\/2024\/07\/vetements-jop-2024-usine-duval.jpg\" \/>\n<meta name=\"twitter:creator\" content=\"@VosgesInfo88\" \/>\n<meta name=\"twitter:site\" content=\"@VosgesInfo88\" \/>\n<meta name=\"twitter:label1\" content=\"\u00c9crit par\" \/>\n\t<meta name=\"twitter:data1\" content=\"J.J.\" \/>\n\t<meta name=\"twitter:label2\" content=\"Dur\u00e9e de lecture estim\u00e9e\" \/>\n\t<meta name=\"twitter:data2\" content=\"2 minutes\" \/>\n<script type=\"application\/ld+json\" class=\"yoast-schema-graph\">{\"@context\":\"https:\/\/schema.org\",\"@graph\":[{\"@type\":\"Article\",\"@id\":\"https:\/\/vosgesinfo.fr\/saintdieinfo\/?p=36117#article\",\"isPartOf\":{\"@id\":\"https:\/\/vosgesinfo.fr\/saintdieinfo\/?p=36117\"},\"author\":{\"name\":\"J.J.\",\"@id\":\"https:\/\/vosgesinfo.fr\/saintdieinfo\/#\/schema\/person\/fa73e9f726d67bb88f46d5b7943cb572\"},\"headline\":\"JOP de Paris 2024\u00a0: les polos des 515 volontaires qui remettront les m\u00e9dailles sont confectionn\u00e9s \u00e0 Saint-Di\u00e9-des-Vosges\",\"datePublished\":\"2024-07-17T07:43:01+00:00\",\"dateModified\":\"2024-07-17T07:43:01+00:00\",\"mainEntityOfPage\":{\"@id\":\"https:\/\/vosgesinfo.fr\/saintdieinfo\/?p=36117\"},\"wordCount\":176,\"commentCount\":1,\"publisher\":{\"@id\":\"https:\/\/vosgesinfo.fr\/saintdieinfo\/#organization\"},\"image\":{\"@id\":\"https:\/\/vosgesinfo.fr\/saintdieinfo\/?p=36117#primaryimage\"},\"thumbnailUrl\":\"https:\/\/vosgesinfo.fr\/app\/uploads\/sites\/4\/2024\/07\/vetements-jop-2024-usine-duval.jpg\",\"keywords\":[\"Groupe LVMH\",\"Jeux Olympiques et Paralympiques de Paris 2024\",\"Le Corbusier\",\"Les polos des 515 volontaires qui remettront les m\u00e9dailles sont confectionn\u00e9s \u00e0 Saint-Di\u00e9-des-Vosges\",\"Usine Duval\"],\"articleSection\":[\"A la Une\",\"Saint-Di\u00e9-des-Vosges\",\"Sport\",\"Vosges\"],\"inLanguage\":\"fr-FR\",\"potentialAction\":[{\"@type\":\"CommentAction\",\"name\":\"Comment\",\"target\":[\"https:\/\/vosgesinfo.fr\/saintdieinfo\/?p=36117#respond\"]}]},{\"@type\":\"WebPage\",\"@id\":\"https:\/\/vosgesinfo.fr\/saintdieinfo\/?p=36117\",\"url\":\"https:\/\/vosgesinfo.fr\/saintdieinfo\/?p=36117\",\"name\":\"JOP de Paris 2024\u00a0: les polos des 515 volontaires qui remettront les m\u00e9dailles sont confectionn\u00e9s \u00e0 Saint-Di\u00e9-des-Vosges - Saint Die Info\",\"isPartOf\":{\"@id\":\"https:\/\/vosgesinfo.fr\/saintdieinfo\/#website\"},\"primaryImageOfPage\":{\"@id\":\"https:\/\/vosgesinfo.fr\/saintdieinfo\/?p=36117#primaryimage\"},\"image\":{\"@id\":\"https:\/\/vosgesinfo.fr\/saintdieinfo\/?p=36117#primaryimage\"},\"thumbnailUrl\":\"https:\/\/vosgesinfo.fr\/app\/uploads\/sites\/4\/2024\/07\/vetements-jop-2024-usine-duval.jpg\",\"datePublished\":\"2024-07-17T07:43:01+00:00\",\"dateModified\":\"2024-07-17T07:43:01+00:00\",\"breadcrumb\":{\"@id\":\"https:\/\/vosgesinfo.fr\/saintdieinfo\/?p=36117#breadcrumb\"},\"inLanguage\":\"fr-FR\",\"potentialAction\":[{\"@type\":\"ReadAction\",\"target\":[\"https:\/\/vosgesinfo.fr\/saintdieinfo\/?p=36117\"]}]},{\"@type\":\"ImageObject\",\"inLanguage\":\"fr-FR\",\"@id\":\"https:\/\/vosgesinfo.fr\/saintdieinfo\/?p=36117#primaryimage\",\"url\":\"https:\/\/vosgesinfo.fr\/app\/uploads\/sites\/4\/2024\/07\/vetements-jop-2024-usine-duval.jpg\",\"contentUrl\":\"https:\/\/vosgesinfo.fr\/app\/uploads\/sites\/4\/2024\/07\/vetements-jop-2024-usine-duval.jpg\",\"width\":1800,\"height\":1201},{\"@type\":\"BreadcrumbList\",\"@id\":\"https:\/\/vosgesinfo.fr\/saintdieinfo\/?p=36117#breadcrumb\",\"itemListElement\":[{\"@type\":\"ListItem\",\"position\":1,\"name\":\"Home\",\"item\":\"https:\/\/vosgesinfo.fr\/saintdieinfo\/\"},{\"@type\":\"ListItem\",\"position\":2,\"name\":\"JOP de Paris 2024\u00a0: les polos des 515 volontaires qui remettront les m\u00e9dailles sont confectionn\u00e9s \u00e0 Saint-Di\u00e9-des-Vosges\"}]},{\"@type\":\"WebSite\",\"@id\":\"https:\/\/vosgesinfo.fr\/saintdieinfo\/#website\",\"url\":\"https:\/\/vosgesinfo.fr\/saintdieinfo\/\",\"name\":\"Saint Die Info\",\"description\":\"Toute l&#039;actualit\u00e9 de Saint-Di\u00e9-Des-Vosges\",\"publisher\":{\"@id\":\"https:\/\/vosgesinfo.fr\/saintdieinfo\/#organization\"},\"alternateName\":\"Toute l'actualit\u00e9 de Saint-Di\u00e9-Des-Vosges\",\"potentialAction\":[{\"@type\":\"SearchAction\",\"target\":{\"@type\":\"EntryPoint\",\"urlTemplate\":\"https:\/\/vosgesinfo.fr\/saintdieinfo\/?s={search_term_string}\"},\"query-input\":\"required name=search_term_string\"}],\"inLanguage\":\"fr-FR\"},{\"@type\":\"Organization\",\"@id\":\"https:\/\/vosgesinfo.fr\/saintdieinfo\/#organization\",\"name\":\"Saint Die Info\",\"url\":\"https:\/\/vosgesinfo.fr\/saintdieinfo\/\",\"logo\":{\"@type\":\"ImageObject\",\"inLanguage\":\"fr-FR\",\"@id\":\"https:\/\/vosgesinfo.fr\/saintdieinfo\/#\/schema\/logo\/image\/\",\"url\":\"https:\/\/vosgesinfo.fr\/app\/uploads\/sites\/4\/2024\/02\/logo-sdi.jpg\",\"contentUrl\":\"https:\/\/vosgesinfo.fr\/app\/uploads\/sites\/4\/2024\/02\/logo-sdi.jpg\",\"width\":600,\"height\":600,\"caption\":\"Saint Die Info\"},\"image\":{\"@id\":\"https:\/\/vosgesinfo.fr\/saintdieinfo\/#\/schema\/logo\/image\/\"},\"sameAs\":[\"https:\/\/www.facebook.com\/Saintdieinfofr\",\"https:\/\/x.com\/VosgesInfo88\",\"https:\/\/www.youtube.com\/@vosgesinfo\"]},{\"@type\":\"Person\",\"@id\":\"https:\/\/vosgesinfo.fr\/saintdieinfo\/#\/schema\/person\/fa73e9f726d67bb88f46d5b7943cb572\",\"name\":\"J.J.\",\"image\":{\"@type\":\"ImageObject\",\"inLanguage\":\"fr-FR\",\"@id\":\"https:\/\/vosgesinfo.fr\/saintdieinfo\/#\/schema\/person\/image\/\",\"url\":\"https:\/\/secure.gravatar.com\/avatar\/219e749e47ffbcca018a360ae4add7d4cdf1cdaaf8bc7676b27efade3fe65615?s=96&d=mm&r=g\",\"contentUrl\":\"https:\/\/secure.gravatar.com\/avatar\/219e749e47ffbcca018a360ae4add7d4cdf1cdaaf8bc7676b27efade3fe65615?s=96&d=mm&r=g\",\"caption\":\"J.J.\"},\"url\":\"https:\/\/vosgesinfo.fr\/saintdieinfo\/author\/j-j\/\"}]}<\/script>\n<!-- \/ Yoast SEO plugin. -->","yoast_head_json":{"title":"JOP de Paris 2024\u00a0: les polos des 515 volontaires qui remettront les m\u00e9dailles sont confectionn\u00e9s \u00e0 Saint-Di\u00e9-des-Vosges - Saint Die Info","robots":{"index":"index","follow":"follow","max-snippet":"max-snippet:-1","max-image-preview":"max-image-preview:large","max-video-preview":"max-video-preview:-1"},"canonical":"https:\/\/vosgesinfo.fr\/saintdieinfo\/?p=36117","twitter_card":"summary_large_image","twitter_title":"JOP de Paris 2024\u00a0: les polos des 515 volontaires qui remettront les m\u00e9dailles sont confectionn\u00e9s \u00e0 Saint-Di\u00e9-des-Vosges - Saint Die Info","twitter_description":"M\u00eame si aucune D\u00e9odatienne ni D\u00e9odatien ne participe aux Jeux Olympiques et Paralympiques de Paris 2024, la ville de Saint-Di\u00e9-des-Vosges [&hellip;]","twitter_image":"https:\/\/vosgesinfo.fr\/app\/uploads\/sites\/4\/2024\/07\/vetements-jop-2024-usine-duval.jpg","twitter_creator":"@VosgesInfo88","twitter_site":"@VosgesInfo88","twitter_misc":{"\u00c9crit par":"J.J.","Dur\u00e9e de lecture estim\u00e9e":"2 minutes"},"schema":{"@context":"https:\/\/schema.org","@graph":[{"@type":"Article","@id":"https:\/\/vosgesinfo.fr\/saintdieinfo\/?p=36117#article","isPartOf":{"@id":"https:\/\/vosgesinfo.fr\/saintdieinfo\/?p=36117"},"author":{"name":"J.J.","@id":"https:\/\/vosgesinfo.fr\/saintdieinfo\/#\/schema\/person\/fa73e9f726d67bb88f46d5b7943cb572"},"headline":"JOP de Paris 2024\u00a0: les polos des 515 volontaires qui remettront les m\u00e9dailles sont confectionn\u00e9s \u00e0 Saint-Di\u00e9-des-Vosges","datePublished":"2024-07-17T07:43:01+00:00","dateModified":"2024-07-17T07:43:01+00:00","mainEntityOfPage":{"@id":"https:\/\/vosgesinfo.fr\/saintdieinfo\/?p=36117"},"wordCount":176,"commentCount":1,"publisher":{"@id":"https:\/\/vosgesinfo.fr\/saintdieinfo\/#organization"},"image":{"@id":"https:\/\/vosgesinfo.fr\/saintdieinfo\/?p=36117#primaryimage"},"thumbnailUrl":"https:\/\/vosgesinfo.fr\/app\/uploads\/sites\/4\/2024\/07\/vetements-jop-2024-usine-duval.jpg","keywords":["Groupe LVMH","Jeux Olympiques et Paralympiques de Paris 2024","Le Corbusier","Les polos des 515 volontaires qui remettront les m\u00e9dailles sont confectionn\u00e9s \u00e0 Saint-Di\u00e9-des-Vosges","Usine Duval"],"articleSection":["A la Une","Saint-Di\u00e9-des-Vosges","Sport","Vosges"],"inLanguage":"fr-FR","potentialAction":[{"@type":"CommentAction","name":"Comment","target":["https:\/\/vosgesinfo.fr\/saintdieinfo\/?p=36117#respond"]}]},{"@type":"WebPage","@id":"https:\/\/vosgesinfo.fr\/saintdieinfo\/?p=36117","url":"https:\/\/vosgesinfo.fr\/saintdieinfo\/?p=36117","name":"JOP de Paris 2024\u00a0: les polos des 515 volontaires qui remettront les m\u00e9dailles sont confectionn\u00e9s \u00e0 Saint-Di\u00e9-des-Vosges - Saint Die Info","isPartOf":{"@id":"https:\/\/vosgesinfo.fr\/saintdieinfo\/#website"},"primaryImageOfPage":{"@id":"https:\/\/vosgesinfo.fr\/saintdieinfo\/?p=36117#primaryimage"},"image":{"@id":"https:\/\/vosgesinfo.fr\/saintdieinfo\/?p=36117#primaryimage"},"thumbnailUrl":"https:\/\/vosgesinfo.fr\/app\/uploads\/sites\/4\/2024\/07\/vetements-jop-2024-usine-duval.jpg","datePublished":"2024-07-17T07:43:01+00:00","dateModified":"2024-07-17T07:43:01+00:00","breadcrumb":{"@id":"https:\/\/vosgesinfo.fr\/saintdieinfo\/?p=36117#breadcrumb"},"inLanguage":"fr-FR","potentialAction":[{"@type":"ReadAction","target":["https:\/\/vosgesinfo.fr\/saintdieinfo\/?p=36117"]}]},{"@type":"ImageObject","inLanguage":"fr-FR","@id":"https:\/\/vosgesinfo.fr\/saintdieinfo\/?p=36117#primaryimage","url":"https:\/\/vosgesinfo.fr\/app\/uploads\/sites\/4\/2024\/07\/vetements-jop-2024-usine-duval.jpg","contentUrl":"https:\/\/vosgesinfo.fr\/app\/uploads\/sites\/4\/2024\/07\/vetements-jop-2024-usine-duval.jpg","width":1800,"height":1201},{"@type":"BreadcrumbList","@id":"https:\/\/vosgesinfo.fr\/saintdieinfo\/?p=36117#breadcrumb","itemListElement":[{"@type":"ListItem","position":1,"name":"Home","item":"https:\/\/vosgesinfo.fr\/saintdieinfo\/"},{"@type":"ListItem","position":2,"name":"JOP de Paris 2024\u00a0: les polos des 515 volontaires qui remettront les m\u00e9dailles sont confectionn\u00e9s \u00e0 Saint-Di\u00e9-des-Vosges"}]},{"@type":"WebSite","@id":"https:\/\/vosgesinfo.fr\/saintdieinfo\/#website","url":"https:\/\/vosgesinfo.fr\/saintdieinfo\/","name":"Saint Die Info","description":"Toute l&#039;actualit\u00e9 de Saint-Di\u00e9-Des-Vosges","publisher":{"@id":"https:\/\/vosgesinfo.fr\/saintdieinfo\/#organization"},"alternateName":"Toute l'actualit\u00e9 de Saint-Di\u00e9-Des-Vosges","potentialAction":[{"@type":"SearchAction","target":{"@type":"EntryPoint","urlTemplate":"https:\/\/vosgesinfo.fr\/saintdieinfo\/?s={search_term_string}"},"query-input":"required name=search_term_string"}],"inLanguage":"fr-FR"},{"@type":"Organization","@id":"https:\/\/vosgesinfo.fr\/saintdieinfo\/#organization","name":"Saint Die Info","url":"https:\/\/vosgesinfo.fr\/saintdieinfo\/","logo":{"@type":"ImageObject","inLanguage":"fr-FR","@id":"https:\/\/vosgesinfo.fr\/saintdieinfo\/#\/schema\/logo\/image\/","url":"https:\/\/vosgesinfo.fr\/app\/uploads\/sites\/4\/2024\/02\/logo-sdi.jpg","contentUrl":"https:\/\/vosgesinfo.fr\/app\/uploads\/sites\/4\/2024\/02\/logo-sdi.jpg","width":600,"height":600,"caption":"Saint Die Info"},"image":{"@id":"https:\/\/vosgesinfo.fr\/saintdieinfo\/#\/schema\/logo\/image\/"},"sameAs":["https:\/\/www.facebook.com\/Saintdieinfofr","https:\/\/x.com\/VosgesInfo88","https:\/\/www.youtube.com\/@vosgesinfo"]},{"@type":"Person","@id":"https:\/\/vosgesinfo.fr\/saintdieinfo\/#\/schema\/person\/fa73e9f726d67bb88f46d5b7943cb572","name":"J.J.","image":{"@type":"ImageObject","inLanguage":"fr-FR","@id":"https:\/\/vosgesinfo.fr\/saintdieinfo\/#\/schema\/person\/image\/","url":"https:\/\/secure.gravatar.com\/avatar\/219e749e47ffbcca018a360ae4add7d4cdf1cdaaf8bc7676b27efade3fe65615?s=96&d=mm&r=g","contentUrl":"https:\/\/secure.gravatar.com\/avatar\/219e749e47ffbcca018a360ae4add7d4cdf1cdaaf8bc7676b27efade3fe65615?s=96&d=mm&r=g","caption":"J.J."},"url":"https:\/\/vosgesinfo.fr\/saintdieinfo\/author\/j-j\/"}]}},"_links":{"self":[{"href":"https:\/\/vosgesinfo.fr\/saintdieinfo\/wp-json\/wp\/v2\/posts\/36117","targetHints":{"allow":["GET"]}}],"collection":[{"href":"https:\/\/vosgesinfo.fr\/saintdieinfo\/wp-json\/wp\/v2\/posts"}],"about":[{"href":"https:\/\/vosgesinfo.fr\/saintdieinfo\/wp-json\/wp\/v2\/types\/post"}],"author":[{"embeddable":true,"href":"https:\/\/vosgesinfo.fr\/saintdieinfo\/wp-json\/wp\/v2\/users\/46"}],"replies":[{"embeddable":true,"href":"https:\/\/vosgesinfo.fr\/saintdieinfo\/wp-json\/wp\/v2\/comments?post=36117"}],"version-history":[{"count":4,"href":"https:\/\/vosgesinfo.fr\/saintdieinfo\/wp-json\/wp\/v2\/posts\/36117\/revisions"}],"predecessor-version":[{"id":36123,"href":"https:\/\/vosgesinfo.fr\/saintdieinfo\/wp-json\/wp\/v2\/posts\/36117\/revisions\/36123"}],"wp:featuredmedia":[{"embeddable":true,"href":"https:\/\/vosgesinfo.fr\/saintdieinfo\/wp-json\/wp\/v2\/media\/36118"}],"wp:attachment":[{"href":"https:\/\/vosgesinfo.fr\/saintdieinfo\/wp-json\/wp\/v2\/media?parent=36117"}],"wp:term":[{"taxonomy":"category","embeddable":true,"href":"https:\/\/vosgesinfo.fr\/saintdieinfo\/wp-json\/wp\/v2\/categories?post=36117"},{"taxonomy":"post_tag","embeddable":true,"href":"https:\/\/vosgesinfo.fr\/saintdieinfo\/wp-json\/wp\/v2\/tags?post=36117"}],"curies":[{"name":"wp","href":"https:\/\/api.w.org\/{rel}","templated":true}]}}