{"id":36272,"date":"2024-07-23T18:00:22","date_gmt":"2024-07-23T16:00:22","guid":{"rendered":"https:\/\/vosgesinfo.fr\/saintdieinfo\/?p=36272"},"modified":"2024-07-23T18:11:30","modified_gmt":"2024-07-23T16:11:30","slug":"deovoice-le-casting-de-la-saison-2-est-ouvert","status":"publish","type":"post","link":"https:\/\/vosgesinfo.fr\/saintdieinfo\/2024\/07\/deovoice-le-casting-de-la-saison-2-est-ouvert\/","title":{"rendered":"D\u00e9o&rsquo;Voice\u00a0: le casting de la saison 2 est ouvert\u00a0!"},"content":{"rendered":"<div id=\"attachment_22467\" style=\"width: 1034px\" class=\"wp-caption alignnone\"><img decoding=\"async\" aria-describedby=\"caption-attachment-22467\" class=\"wp-image-22467 size-large\" src=\"https:\/\/vosgesinfo.fr\/app\/uploads\/sites\/4\/2023\/08\/premiere-journee-casting-deovoice-1024x768.jpg\" alt=\"\" width=\"1024\" height=\"768\" srcset=\"https:\/\/vosgesinfo.fr\/app\/uploads\/sites\/4\/2023\/08\/premiere-journee-casting-deovoice-1024x768.jpg 1024w, https:\/\/vosgesinfo.fr\/app\/uploads\/sites\/4\/2023\/08\/premiere-journee-casting-deovoice-300x225.jpg 300w, https:\/\/vosgesinfo.fr\/app\/uploads\/sites\/4\/2023\/08\/premiere-journee-casting-deovoice-768x576.jpg 768w, https:\/\/vosgesinfo.fr\/app\/uploads\/sites\/4\/2023\/08\/premiere-journee-casting-deovoice-1536x1152.jpg 1536w, https:\/\/vosgesinfo.fr\/app\/uploads\/sites\/4\/2023\/08\/premiere-journee-casting-deovoice.jpg 2048w\" sizes=\"(max-width: 1024px) 100vw, 1024px\" \/><p id=\"caption-attachment-22467\" class=\"wp-caption-text\">(Archive. Photographie Comit\u00e9 des F\u00eates de Saint-Di\u00e9-des-Vosges)<\/p><\/div>\n<h2>L&rsquo;automne dernier, le Comit\u00e9 des F\u00eates de Saint-Di\u00e9-des-Vosges avait initi\u00e9 D\u00e9o&rsquo;Voice, une soir\u00e9e-repas qui visait \u00e0 \u00e9lire la plus belle voix de la D\u00e9odatie. <a href=\"https:\/\/vosgesinfo.fr\/saintdieinfo\/2023\/10\/deovoice-plus-belle-voix-de-deodatie\/\" target=\"_blank\" rel=\"noopener\">C&rsquo;est Lo\u00efc Briand qui avait \u00e9t\u00e9 sacr\u00e9 laur\u00e9at de la premi\u00e8re saison de D\u00e9o&rsquo;Voice, le 14 octobre 2023 \u00e0 la salle Carbonnar.<\/a><\/h2>\n<p><!--more--><\/p>\n<p>Compte tenu du succ\u00e8s, autant en nombre de participants qu&rsquo;en nombre de convives lors de la soir\u00e9e-repas, le Comit\u00e9 des F\u00eates vient de lancer la saison 2 de D\u00e9o&rsquo;Voice avec l&rsquo;ouverture du casting. Les personnes qui souhaitent participer sont invit\u00e9es \u00e0 envoyer une vid\u00e9o mettant en valeur leurs qualit\u00e9s vocales, par courriel \u00e0 l&rsquo;adresse <a href=\"mailto:serge.vincent@geficom.com\" target=\"_blank\" rel=\"noopener\">serge.vincent@geficom.com<\/a>. En sachant qu&rsquo;aucune condition d&rsquo;\u00e2ge ou de lieu d&rsquo;habitation ne sont requises pour participer.<\/p>\n<p>A cette premi\u00e8re phase de casting se succ\u00e9deront les auditions devant le jury et un public, au termes desquelles une douzaine de candidat(e)s seront s\u00e9lectionn\u00e9s pour la soir\u00e9e du samedi 19 octobre prochain, C&rsquo;est ce soir-l\u00e0 que sera \u00e9lu(e) le ou la successeur(e) de Lo\u00efc Briand. Le premier remportera la coquette somme de 300\u20ac, ainsi qu&rsquo;un troph\u00e9e.<\/p>\n<p>J.J.<\/p>\n","protected":false},"excerpt":{"rendered":"<p>L&rsquo;automne dernier, le Comit\u00e9 des F\u00eates de Saint-Di\u00e9-des-Vosges avait initi\u00e9 D\u00e9o&rsquo;Voice, une soir\u00e9e-repas qui visait \u00e0 \u00e9lire la plus belle [&hellip;]<\/p>\n","protected":false},"author":46,"featured_media":22467,"comment_status":"open","ping_status":"open","sticky":false,"template":"","format":"standard","meta":{"footnotes":""},"categories":[460,20,167,17],"tags":[874,3163,3164,6835],"class_list":["post-36272","post","type-post","status-publish","format-standard","has-post-thumbnail","hentry","category-a-la-une","category-loisirs","category-saint-die-des-vosges","category-vie-associative","tag-casting","tag-comite-des-fetes-de-saint-die-des-vosges","tag-deovoice","tag-saison-2-de-deovoice"],"acf":[],"yoast_head":"<!-- This site is optimized with the Yoast SEO plugin v22.5 - https:\/\/yoast.com\/wordpress\/plugins\/seo\/ -->\n<title>D\u00e9o&#039;Voice\u00a0: le casting de la saison 2 est ouvert\u00a0! - Saint Die Info<\/title>\n<meta name=\"robots\" content=\"index, follow, max-snippet:-1, max-image-preview:large, max-video-preview:-1\" \/>\n<link rel=\"canonical\" href=\"https:\/\/vosgesinfo.fr\/saintdieinfo\/2024\/07\/deovoice-le-casting-de-la-saison-2-est-ouvert\/\" \/>\n<meta name=\"twitter:card\" content=\"summary_large_image\" \/>\n<meta name=\"twitter:title\" content=\"D\u00e9o&#039;Voice\u00a0: le casting de la saison 2 est ouvert\u00a0! - Saint Die Info\" \/>\n<meta name=\"twitter:description\" content=\"L&rsquo;automne dernier, le Comit\u00e9 des F\u00eates de Saint-Di\u00e9-des-Vosges avait initi\u00e9 D\u00e9o&rsquo;Voice, une soir\u00e9e-repas qui visait \u00e0 \u00e9lire la plus belle [&hellip;]\" \/>\n<meta name=\"twitter:image\" content=\"https:\/\/vosgesinfo.fr\/app\/uploads\/sites\/4\/2023\/08\/premiere-journee-casting-deovoice.jpg\" \/>\n<meta name=\"twitter:creator\" content=\"@VosgesInfo88\" \/>\n<meta name=\"twitter:site\" content=\"@VosgesInfo88\" \/>\n<meta name=\"twitter:label1\" content=\"\u00c9crit par\" \/>\n\t<meta name=\"twitter:data1\" content=\"J.J.\" \/>\n\t<meta name=\"twitter:label2\" content=\"Dur\u00e9e de lecture estim\u00e9e\" \/>\n\t<meta name=\"twitter:data2\" content=\"2 minutes\" \/>\n<script type=\"application\/ld+json\" class=\"yoast-schema-graph\">{\"@context\":\"https:\/\/schema.org\",\"@graph\":[{\"@type\":\"Article\",\"@id\":\"https:\/\/vosgesinfo.fr\/saintdieinfo\/2024\/07\/deovoice-le-casting-de-la-saison-2-est-ouvert\/#article\",\"isPartOf\":{\"@id\":\"https:\/\/vosgesinfo.fr\/saintdieinfo\/2024\/07\/deovoice-le-casting-de-la-saison-2-est-ouvert\/\"},\"author\":{\"name\":\"J.J.\",\"@id\":\"https:\/\/vosgesinfo.fr\/saintdieinfo\/#\/schema\/person\/fa73e9f726d67bb88f46d5b7943cb572\"},\"headline\":\"D\u00e9o&rsquo;Voice\u00a0: le casting de la saison 2 est ouvert\u00a0!\",\"datePublished\":\"2024-07-23T16:00:22+00:00\",\"dateModified\":\"2024-07-23T16:11:30+00:00\",\"mainEntityOfPage\":{\"@id\":\"https:\/\/vosgesinfo.fr\/saintdieinfo\/2024\/07\/deovoice-le-casting-de-la-saison-2-est-ouvert\/\"},\"wordCount\":234,\"commentCount\":0,\"publisher\":{\"@id\":\"https:\/\/vosgesinfo.fr\/saintdieinfo\/#organization\"},\"image\":{\"@id\":\"https:\/\/vosgesinfo.fr\/saintdieinfo\/2024\/07\/deovoice-le-casting-de-la-saison-2-est-ouvert\/#primaryimage\"},\"thumbnailUrl\":\"https:\/\/vosgesinfo.fr\/app\/uploads\/sites\/4\/2023\/08\/premiere-journee-casting-deovoice.jpg\",\"keywords\":[\"casting\",\"Comit\u00e9 des F\u00eates de Saint-Di\u00e9-des-Vosges\",\"D\u00e9o'Voice\",\"Saison 2 de D\u00e9o'Voice\"],\"articleSection\":[\"A la Une\",\"Loisirs\",\"Saint-Di\u00e9-des-Vosges\",\"Vie Associative\"],\"inLanguage\":\"fr-FR\",\"potentialAction\":[{\"@type\":\"CommentAction\",\"name\":\"Comment\",\"target\":[\"https:\/\/vosgesinfo.fr\/saintdieinfo\/2024\/07\/deovoice-le-casting-de-la-saison-2-est-ouvert\/#respond\"]}]},{\"@type\":\"WebPage\",\"@id\":\"https:\/\/vosgesinfo.fr\/saintdieinfo\/2024\/07\/deovoice-le-casting-de-la-saison-2-est-ouvert\/\",\"url\":\"https:\/\/vosgesinfo.fr\/saintdieinfo\/2024\/07\/deovoice-le-casting-de-la-saison-2-est-ouvert\/\",\"name\":\"D\u00e9o'Voice\u00a0: le casting de la saison 2 est ouvert\u00a0! - Saint Die Info\",\"isPartOf\":{\"@id\":\"https:\/\/vosgesinfo.fr\/saintdieinfo\/#website\"},\"primaryImageOfPage\":{\"@id\":\"https:\/\/vosgesinfo.fr\/saintdieinfo\/2024\/07\/deovoice-le-casting-de-la-saison-2-est-ouvert\/#primaryimage\"},\"image\":{\"@id\":\"https:\/\/vosgesinfo.fr\/saintdieinfo\/2024\/07\/deovoice-le-casting-de-la-saison-2-est-ouvert\/#primaryimage\"},\"thumbnailUrl\":\"https:\/\/vosgesinfo.fr\/app\/uploads\/sites\/4\/2023\/08\/premiere-journee-casting-deovoice.jpg\",\"datePublished\":\"2024-07-23T16:00:22+00:00\",\"dateModified\":\"2024-07-23T16:11:30+00:00\",\"breadcrumb\":{\"@id\":\"https:\/\/vosgesinfo.fr\/saintdieinfo\/2024\/07\/deovoice-le-casting-de-la-saison-2-est-ouvert\/#breadcrumb\"},\"inLanguage\":\"fr-FR\",\"potentialAction\":[{\"@type\":\"ReadAction\",\"target\":[\"https:\/\/vosgesinfo.fr\/saintdieinfo\/2024\/07\/deovoice-le-casting-de-la-saison-2-est-ouvert\/\"]}]},{\"@type\":\"ImageObject\",\"inLanguage\":\"fr-FR\",\"@id\":\"https:\/\/vosgesinfo.fr\/saintdieinfo\/2024\/07\/deovoice-le-casting-de-la-saison-2-est-ouvert\/#primaryimage\",\"url\":\"https:\/\/vosgesinfo.fr\/app\/uploads\/sites\/4\/2023\/08\/premiere-journee-casting-deovoice.jpg\",\"contentUrl\":\"https:\/\/vosgesinfo.fr\/app\/uploads\/sites\/4\/2023\/08\/premiere-journee-casting-deovoice.jpg\",\"width\":2048,\"height\":1536},{\"@type\":\"BreadcrumbList\",\"@id\":\"https:\/\/vosgesinfo.fr\/saintdieinfo\/2024\/07\/deovoice-le-casting-de-la-saison-2-est-ouvert\/#breadcrumb\",\"itemListElement\":[{\"@type\":\"ListItem\",\"position\":1,\"name\":\"Home\",\"item\":\"https:\/\/vosgesinfo.fr\/saintdieinfo\/\"},{\"@type\":\"ListItem\",\"position\":2,\"name\":\"D\u00e9o&#8217;Voice\u00a0: le casting de la saison 2 est ouvert\u00a0!\"}]},{\"@type\":\"WebSite\",\"@id\":\"https:\/\/vosgesinfo.fr\/saintdieinfo\/#website\",\"url\":\"https:\/\/vosgesinfo.fr\/saintdieinfo\/\",\"name\":\"Saint Die Info\",\"description\":\"Toute l&#039;actualit\u00e9 de Saint-Di\u00e9-Des-Vosges\",\"publisher\":{\"@id\":\"https:\/\/vosgesinfo.fr\/saintdieinfo\/#organization\"},\"alternateName\":\"Toute l'actualit\u00e9 de Saint-Di\u00e9-Des-Vosges\",\"potentialAction\":[{\"@type\":\"SearchAction\",\"target\":{\"@type\":\"EntryPoint\",\"urlTemplate\":\"https:\/\/vosgesinfo.fr\/saintdieinfo\/?s={search_term_string}\"},\"query-input\":\"required name=search_term_string\"}],\"inLanguage\":\"fr-FR\"},{\"@type\":\"Organization\",\"@id\":\"https:\/\/vosgesinfo.fr\/saintdieinfo\/#organization\",\"name\":\"Saint Die Info\",\"url\":\"https:\/\/vosgesinfo.fr\/saintdieinfo\/\",\"logo\":{\"@type\":\"ImageObject\",\"inLanguage\":\"fr-FR\",\"@id\":\"https:\/\/vosgesinfo.fr\/saintdieinfo\/#\/schema\/logo\/image\/\",\"url\":\"https:\/\/vosgesinfo.fr\/app\/uploads\/sites\/4\/2024\/02\/logo-sdi.jpg\",\"contentUrl\":\"https:\/\/vosgesinfo.fr\/app\/uploads\/sites\/4\/2024\/02\/logo-sdi.jpg\",\"width\":600,\"height\":600,\"caption\":\"Saint Die Info\"},\"image\":{\"@id\":\"https:\/\/vosgesinfo.fr\/saintdieinfo\/#\/schema\/logo\/image\/\"},\"sameAs\":[\"https:\/\/www.facebook.com\/Saintdieinfofr\",\"https:\/\/x.com\/VosgesInfo88\",\"https:\/\/www.youtube.com\/@vosgesinfo\"]},{\"@type\":\"Person\",\"@id\":\"https:\/\/vosgesinfo.fr\/saintdieinfo\/#\/schema\/person\/fa73e9f726d67bb88f46d5b7943cb572\",\"name\":\"J.J.\",\"image\":{\"@type\":\"ImageObject\",\"inLanguage\":\"fr-FR\",\"@id\":\"https:\/\/vosgesinfo.fr\/saintdieinfo\/#\/schema\/person\/image\/\",\"url\":\"https:\/\/secure.gravatar.com\/avatar\/219e749e47ffbcca018a360ae4add7d4cdf1cdaaf8bc7676b27efade3fe65615?s=96&d=mm&r=g\",\"contentUrl\":\"https:\/\/secure.gravatar.com\/avatar\/219e749e47ffbcca018a360ae4add7d4cdf1cdaaf8bc7676b27efade3fe65615?s=96&d=mm&r=g\",\"caption\":\"J.J.\"},\"url\":\"https:\/\/vosgesinfo.fr\/saintdieinfo\/author\/j-j\/\"}]}<\/script>\n<!-- \/ Yoast SEO plugin. -->","yoast_head_json":{"title":"D\u00e9o'Voice\u00a0: le casting de la saison 2 est ouvert\u00a0! - Saint Die Info","robots":{"index":"index","follow":"follow","max-snippet":"max-snippet:-1","max-image-preview":"max-image-preview:large","max-video-preview":"max-video-preview:-1"},"canonical":"https:\/\/vosgesinfo.fr\/saintdieinfo\/2024\/07\/deovoice-le-casting-de-la-saison-2-est-ouvert\/","twitter_card":"summary_large_image","twitter_title":"D\u00e9o'Voice\u00a0: le casting de la saison 2 est ouvert\u00a0! - Saint Die Info","twitter_description":"L&rsquo;automne dernier, le Comit\u00e9 des F\u00eates de Saint-Di\u00e9-des-Vosges avait initi\u00e9 D\u00e9o&rsquo;Voice, une soir\u00e9e-repas qui visait \u00e0 \u00e9lire la plus belle [&hellip;]","twitter_image":"https:\/\/vosgesinfo.fr\/app\/uploads\/sites\/4\/2023\/08\/premiere-journee-casting-deovoice.jpg","twitter_creator":"@VosgesInfo88","twitter_site":"@VosgesInfo88","twitter_misc":{"\u00c9crit par":"J.J.","Dur\u00e9e de lecture estim\u00e9e":"2 minutes"},"schema":{"@context":"https:\/\/schema.org","@graph":[{"@type":"Article","@id":"https:\/\/vosgesinfo.fr\/saintdieinfo\/2024\/07\/deovoice-le-casting-de-la-saison-2-est-ouvert\/#article","isPartOf":{"@id":"https:\/\/vosgesinfo.fr\/saintdieinfo\/2024\/07\/deovoice-le-casting-de-la-saison-2-est-ouvert\/"},"author":{"name":"J.J.","@id":"https:\/\/vosgesinfo.fr\/saintdieinfo\/#\/schema\/person\/fa73e9f726d67bb88f46d5b7943cb572"},"headline":"D\u00e9o&rsquo;Voice\u00a0: le casting de la saison 2 est ouvert\u00a0!","datePublished":"2024-07-23T16:00:22+00:00","dateModified":"2024-07-23T16:11:30+00:00","mainEntityOfPage":{"@id":"https:\/\/vosgesinfo.fr\/saintdieinfo\/2024\/07\/deovoice-le-casting-de-la-saison-2-est-ouvert\/"},"wordCount":234,"commentCount":0,"publisher":{"@id":"https:\/\/vosgesinfo.fr\/saintdieinfo\/#organization"},"image":{"@id":"https:\/\/vosgesinfo.fr\/saintdieinfo\/2024\/07\/deovoice-le-casting-de-la-saison-2-est-ouvert\/#primaryimage"},"thumbnailUrl":"https:\/\/vosgesinfo.fr\/app\/uploads\/sites\/4\/2023\/08\/premiere-journee-casting-deovoice.jpg","keywords":["casting","Comit\u00e9 des F\u00eates de Saint-Di\u00e9-des-Vosges","D\u00e9o'Voice","Saison 2 de D\u00e9o'Voice"],"articleSection":["A la Une","Loisirs","Saint-Di\u00e9-des-Vosges","Vie Associative"],"inLanguage":"fr-FR","potentialAction":[{"@type":"CommentAction","name":"Comment","target":["https:\/\/vosgesinfo.fr\/saintdieinfo\/2024\/07\/deovoice-le-casting-de-la-saison-2-est-ouvert\/#respond"]}]},{"@type":"WebPage","@id":"https:\/\/vosgesinfo.fr\/saintdieinfo\/2024\/07\/deovoice-le-casting-de-la-saison-2-est-ouvert\/","url":"https:\/\/vosgesinfo.fr\/saintdieinfo\/2024\/07\/deovoice-le-casting-de-la-saison-2-est-ouvert\/","name":"D\u00e9o'Voice\u00a0: le casting de la saison 2 est ouvert\u00a0! - Saint Die Info","isPartOf":{"@id":"https:\/\/vosgesinfo.fr\/saintdieinfo\/#website"},"primaryImageOfPage":{"@id":"https:\/\/vosgesinfo.fr\/saintdieinfo\/2024\/07\/deovoice-le-casting-de-la-saison-2-est-ouvert\/#primaryimage"},"image":{"@id":"https:\/\/vosgesinfo.fr\/saintdieinfo\/2024\/07\/deovoice-le-casting-de-la-saison-2-est-ouvert\/#primaryimage"},"thumbnailUrl":"https:\/\/vosgesinfo.fr\/app\/uploads\/sites\/4\/2023\/08\/premiere-journee-casting-deovoice.jpg","datePublished":"2024-07-23T16:00:22+00:00","dateModified":"2024-07-23T16:11:30+00:00","breadcrumb":{"@id":"https:\/\/vosgesinfo.fr\/saintdieinfo\/2024\/07\/deovoice-le-casting-de-la-saison-2-est-ouvert\/#breadcrumb"},"inLanguage":"fr-FR","potentialAction":[{"@type":"ReadAction","target":["https:\/\/vosgesinfo.fr\/saintdieinfo\/2024\/07\/deovoice-le-casting-de-la-saison-2-est-ouvert\/"]}]},{"@type":"ImageObject","inLanguage":"fr-FR","@id":"https:\/\/vosgesinfo.fr\/saintdieinfo\/2024\/07\/deovoice-le-casting-de-la-saison-2-est-ouvert\/#primaryimage","url":"https:\/\/vosgesinfo.fr\/app\/uploads\/sites\/4\/2023\/08\/premiere-journee-casting-deovoice.jpg","contentUrl":"https:\/\/vosgesinfo.fr\/app\/uploads\/sites\/4\/2023\/08\/premiere-journee-casting-deovoice.jpg","width":2048,"height":1536},{"@type":"BreadcrumbList","@id":"https:\/\/vosgesinfo.fr\/saintdieinfo\/2024\/07\/deovoice-le-casting-de-la-saison-2-est-ouvert\/#breadcrumb","itemListElement":[{"@type":"ListItem","position":1,"name":"Home","item":"https:\/\/vosgesinfo.fr\/saintdieinfo\/"},{"@type":"ListItem","position":2,"name":"D\u00e9o&#8217;Voice\u00a0: le casting de la saison 2 est ouvert\u00a0!"}]},{"@type":"WebSite","@id":"https:\/\/vosgesinfo.fr\/saintdieinfo\/#website","url":"https:\/\/vosgesinfo.fr\/saintdieinfo\/","name":"Saint Die Info","description":"Toute l&#039;actualit\u00e9 de Saint-Di\u00e9-Des-Vosges","publisher":{"@id":"https:\/\/vosgesinfo.fr\/saintdieinfo\/#organization"},"alternateName":"Toute l'actualit\u00e9 de Saint-Di\u00e9-Des-Vosges","potentialAction":[{"@type":"SearchAction","target":{"@type":"EntryPoint","urlTemplate":"https:\/\/vosgesinfo.fr\/saintdieinfo\/?s={search_term_string}"},"query-input":"required name=search_term_string"}],"inLanguage":"fr-FR"},{"@type":"Organization","@id":"https:\/\/vosgesinfo.fr\/saintdieinfo\/#organization","name":"Saint Die Info","url":"https:\/\/vosgesinfo.fr\/saintdieinfo\/","logo":{"@type":"ImageObject","inLanguage":"fr-FR","@id":"https:\/\/vosgesinfo.fr\/saintdieinfo\/#\/schema\/logo\/image\/","url":"https:\/\/vosgesinfo.fr\/app\/uploads\/sites\/4\/2024\/02\/logo-sdi.jpg","contentUrl":"https:\/\/vosgesinfo.fr\/app\/uploads\/sites\/4\/2024\/02\/logo-sdi.jpg","width":600,"height":600,"caption":"Saint Die Info"},"image":{"@id":"https:\/\/vosgesinfo.fr\/saintdieinfo\/#\/schema\/logo\/image\/"},"sameAs":["https:\/\/www.facebook.com\/Saintdieinfofr","https:\/\/x.com\/VosgesInfo88","https:\/\/www.youtube.com\/@vosgesinfo"]},{"@type":"Person","@id":"https:\/\/vosgesinfo.fr\/saintdieinfo\/#\/schema\/person\/fa73e9f726d67bb88f46d5b7943cb572","name":"J.J.","image":{"@type":"ImageObject","inLanguage":"fr-FR","@id":"https:\/\/vosgesinfo.fr\/saintdieinfo\/#\/schema\/person\/image\/","url":"https:\/\/secure.gravatar.com\/avatar\/219e749e47ffbcca018a360ae4add7d4cdf1cdaaf8bc7676b27efade3fe65615?s=96&d=mm&r=g","contentUrl":"https:\/\/secure.gravatar.com\/avatar\/219e749e47ffbcca018a360ae4add7d4cdf1cdaaf8bc7676b27efade3fe65615?s=96&d=mm&r=g","caption":"J.J."},"url":"https:\/\/vosgesinfo.fr\/saintdieinfo\/author\/j-j\/"}]}},"_links":{"self":[{"href":"https:\/\/vosgesinfo.fr\/saintdieinfo\/wp-json\/wp\/v2\/posts\/36272","targetHints":{"allow":["GET"]}}],"collection":[{"href":"https:\/\/vosgesinfo.fr\/saintdieinfo\/wp-json\/wp\/v2\/posts"}],"about":[{"href":"https:\/\/vosgesinfo.fr\/saintdieinfo\/wp-json\/wp\/v2\/types\/post"}],"author":[{"embeddable":true,"href":"https:\/\/vosgesinfo.fr\/saintdieinfo\/wp-json\/wp\/v2\/users\/46"}],"replies":[{"embeddable":true,"href":"https:\/\/vosgesinfo.fr\/saintdieinfo\/wp-json\/wp\/v2\/comments?post=36272"}],"version-history":[{"count":3,"href":"https:\/\/vosgesinfo.fr\/saintdieinfo\/wp-json\/wp\/v2\/posts\/36272\/revisions"}],"predecessor-version":[{"id":36319,"href":"https:\/\/vosgesinfo.fr\/saintdieinfo\/wp-json\/wp\/v2\/posts\/36272\/revisions\/36319"}],"wp:featuredmedia":[{"embeddable":true,"href":"https:\/\/vosgesinfo.fr\/saintdieinfo\/wp-json\/wp\/v2\/media\/22467"}],"wp:attachment":[{"href":"https:\/\/vosgesinfo.fr\/saintdieinfo\/wp-json\/wp\/v2\/media?parent=36272"}],"wp:term":[{"taxonomy":"category","embeddable":true,"href":"https:\/\/vosgesinfo.fr\/saintdieinfo\/wp-json\/wp\/v2\/categories?post=36272"},{"taxonomy":"post_tag","embeddable":true,"href":"https:\/\/vosgesinfo.fr\/saintdieinfo\/wp-json\/wp\/v2\/tags?post=36272"}],"curies":[{"name":"wp","href":"https:\/\/api.w.org\/{rel}","templated":true}]}}