{"id":36317,"date":"2024-07-23T20:50:59","date_gmt":"2024-07-23T18:50:59","guid":{"rendered":"https:\/\/vosgesinfo.fr\/saintdieinfo\/?p=36317"},"modified":"2024-07-23T20:56:16","modified_gmt":"2024-07-23T18:56:16","slug":"flamme-la-gymnaste-nadia-comaneci-sous-langle-circassien","status":"publish","type":"post","link":"https:\/\/vosgesinfo.fr\/saintdieinfo\/2024\/07\/flamme-la-gymnaste-nadia-comaneci-sous-langle-circassien\/","title":{"rendered":"FLAM(M)E, la gymnaste Nadia Comaneci sous l&rsquo;angle circassien"},"content":{"rendered":"<p><iframe loading=\"lazy\" title=\"Repr\u00e9sentation du spectacle FLAM(M)E \u00e0 La Nef de Saint-Di\u00e9-des-Vosges, mardi 23 juillet.\" width=\"500\" height=\"281\" src=\"https:\/\/www.youtube.com\/embed\/PQ7J5IHjSn0?feature=oembed\" frameborder=\"0\" allow=\"accelerometer; autoplay; clipboard-write; encrypted-media; gyroscope; picture-in-picture; web-share\" referrerpolicy=\"strict-origin-when-cross-origin\" allowfullscreen><\/iframe><\/p>\n<h2>La carri\u00e8re de la gymnaste surdou\u00e9e, la Roumaine Nadia Comaneci, pr\u00e9sent\u00e9e sous un angle circassien, c&rsquo;est ce que propose la compagnie toulousaine Sterno Circo Occipito Mastoidienne \u2013 ScoM \u2013 \u00e0 travers sa toute derni\u00e8re cr\u00e9ation\u00a0: le spectacle FLAM(M)E.<\/h2>\n<p><!--more--><\/p>\n<p>Un spectacle tout public que les spectateurs d\u00e9odatiens ont pu d\u00e9couvrir ce mardi apr\u00e8s-midi au plateau de La Nef. Une repr\u00e9sentation gratuite programm\u00e9e par le p\u00f4le Spectacle Vivant de la Communaut\u00e9 d&rsquo;Agglom\u00e9ration, dans le cadre de l&rsquo;Et\u00e9 en grand \u00e0 Saint-Di\u00e9-des-Vosges.<\/p>\n<p>Durant environ 45 minutes, l&rsquo;artiste Coline Garcia incarne Nadia Comaneci, du d\u00e9but de sa carri\u00e8re internationale de gymnaste jusqu&rsquo;\u00e0 son exil aux Etats-Unis, peu de temps avant la r\u00e9volution qui signe la fin du r\u00e9gime dictatorial de Nicolae Ceausescu. Et ce \u00e0 grands renforts de mouvements gymniques, qui entrecoupent chaque partie du r\u00e9cit.<\/p>\n<p>Obtenant la note parfaite de 10 aux Jeux Olympiques d&rsquo;\u00e9t\u00e9 de Montr\u00e9al de 1976, alors qu&rsquo;elle n&rsquo;a que 14 ans et 8 mois, Nadia Comaneci devient une star mondiale suite \u00e0 cette performance&#8230; mais son quotidien est loin d&rsquo;\u00eatre idyllique. Surveill\u00e9e de pr\u00e8s par la Securitate, la police politique secr\u00e8te roumaine, elle doit s&rsquo;entra\u00eener sans rel\u00e2che et faire de nombreux sacrifices pour maintenir son niveau.<\/p>\n<p>Consid\u00e9r\u00e9e alors comme un symbole de la Roumanie de Ceaucescu, qui la f\u00e9licite personnellement, Nadia Comaneci est d\u00e9cor\u00e9e de la plus haute distinction du pays : celle de \u00ab H\u00e9ros du travail socialiste \u00bb. Sa r\u00e9ussite a \u00e9t\u00e9 utilis\u00e9e \u00e0 des fins politiques, car elle serait l&rsquo;une des preuves preuve du succ\u00e8s de la politique communiste.<\/p>\n<p>Le 26 novembre 1989, soit un mois avant la r\u00e9volution, elle fuit son pays natal pour rejoindre non sans difficult\u00e9s les Etats-Unis. Elle en devient citoyenne le 29 juin 2001, sans renoncer toutefois \u00e0 sa nationalit\u00e9 d&rsquo;origine. Aujourd&rsquo;hui \u00e2g\u00e9e de 62 ans, Nadia Comaneci vit toujours aux Etats-Unis.<\/p>\n<p>J.J.<\/p>\n<p><img decoding=\"async\" class=\"alignnone size-large wp-image-36321\" src=\"https:\/\/vosgesinfo.fr\/app\/uploads\/sites\/4\/2024\/07\/representation-spectacle-flamme-1-1024x771.jpg\" alt=\"\" width=\"1024\" height=\"771\" srcset=\"https:\/\/vosgesinfo.fr\/app\/uploads\/sites\/4\/2024\/07\/representation-spectacle-flamme-1-1024x771.jpg 1024w, https:\/\/vosgesinfo.fr\/app\/uploads\/sites\/4\/2024\/07\/representation-spectacle-flamme-1-300x226.jpg 300w, https:\/\/vosgesinfo.fr\/app\/uploads\/sites\/4\/2024\/07\/representation-spectacle-flamme-1-768x578.jpg 768w, https:\/\/vosgesinfo.fr\/app\/uploads\/sites\/4\/2024\/07\/representation-spectacle-flamme-1-1536x1157.jpg 1536w, https:\/\/vosgesinfo.fr\/app\/uploads\/sites\/4\/2024\/07\/representation-spectacle-flamme-1-2048x1542.jpg 2048w\" sizes=\"(max-width: 1024px) 100vw, 1024px\" \/><\/p>\n<p><img decoding=\"async\" class=\"alignnone size-large wp-image-36322\" src=\"https:\/\/vosgesinfo.fr\/app\/uploads\/sites\/4\/2024\/07\/representation-spectacle-flamme-2-1024x771.jpg\" alt=\"\" width=\"1024\" height=\"771\" srcset=\"https:\/\/vosgesinfo.fr\/app\/uploads\/sites\/4\/2024\/07\/representation-spectacle-flamme-2-1024x771.jpg 1024w, https:\/\/vosgesinfo.fr\/app\/uploads\/sites\/4\/2024\/07\/representation-spectacle-flamme-2-300x226.jpg 300w, https:\/\/vosgesinfo.fr\/app\/uploads\/sites\/4\/2024\/07\/representation-spectacle-flamme-2-768x578.jpg 768w, https:\/\/vosgesinfo.fr\/app\/uploads\/sites\/4\/2024\/07\/representation-spectacle-flamme-2-1536x1157.jpg 1536w, https:\/\/vosgesinfo.fr\/app\/uploads\/sites\/4\/2024\/07\/representation-spectacle-flamme-2-2048x1542.jpg 2048w\" sizes=\"(max-width: 1024px) 100vw, 1024px\" \/><\/p>\n<p><img decoding=\"async\" class=\"alignnone size-large wp-image-36323\" src=\"https:\/\/vosgesinfo.fr\/app\/uploads\/sites\/4\/2024\/07\/representation-spectacle-flamme-3-1024x771.jpg\" alt=\"\" width=\"1024\" height=\"771\" srcset=\"https:\/\/vosgesinfo.fr\/app\/uploads\/sites\/4\/2024\/07\/representation-spectacle-flamme-3-1024x771.jpg 1024w, https:\/\/vosgesinfo.fr\/app\/uploads\/sites\/4\/2024\/07\/representation-spectacle-flamme-3-300x226.jpg 300w, https:\/\/vosgesinfo.fr\/app\/uploads\/sites\/4\/2024\/07\/representation-spectacle-flamme-3-768x578.jpg 768w, https:\/\/vosgesinfo.fr\/app\/uploads\/sites\/4\/2024\/07\/representation-spectacle-flamme-3-1536x1157.jpg 1536w, https:\/\/vosgesinfo.fr\/app\/uploads\/sites\/4\/2024\/07\/representation-spectacle-flamme-3-2048x1542.jpg 2048w\" sizes=\"(max-width: 1024px) 100vw, 1024px\" \/><\/p>\n<p><img decoding=\"async\" class=\"alignnone size-large wp-image-36324\" src=\"https:\/\/vosgesinfo.fr\/app\/uploads\/sites\/4\/2024\/07\/representation-spectacle-flamme-4-1024x771.jpg\" alt=\"\" width=\"1024\" height=\"771\" srcset=\"https:\/\/vosgesinfo.fr\/app\/uploads\/sites\/4\/2024\/07\/representation-spectacle-flamme-4-1024x771.jpg 1024w, https:\/\/vosgesinfo.fr\/app\/uploads\/sites\/4\/2024\/07\/representation-spectacle-flamme-4-300x226.jpg 300w, https:\/\/vosgesinfo.fr\/app\/uploads\/sites\/4\/2024\/07\/representation-spectacle-flamme-4-768x578.jpg 768w, https:\/\/vosgesinfo.fr\/app\/uploads\/sites\/4\/2024\/07\/representation-spectacle-flamme-4-1536x1157.jpg 1536w, https:\/\/vosgesinfo.fr\/app\/uploads\/sites\/4\/2024\/07\/representation-spectacle-flamme-4-2048x1542.jpg 2048w\" sizes=\"(max-width: 1024px) 100vw, 1024px\" \/><\/p>\n<p><img decoding=\"async\" class=\"alignnone size-large wp-image-36325\" src=\"https:\/\/vosgesinfo.fr\/app\/uploads\/sites\/4\/2024\/07\/representation-spectacle-flamme-5-1024x771.jpg\" alt=\"\" width=\"1024\" height=\"771\" srcset=\"https:\/\/vosgesinfo.fr\/app\/uploads\/sites\/4\/2024\/07\/representation-spectacle-flamme-5-1024x771.jpg 1024w, https:\/\/vosgesinfo.fr\/app\/uploads\/sites\/4\/2024\/07\/representation-spectacle-flamme-5-300x226.jpg 300w, https:\/\/vosgesinfo.fr\/app\/uploads\/sites\/4\/2024\/07\/representation-spectacle-flamme-5-768x578.jpg 768w, https:\/\/vosgesinfo.fr\/app\/uploads\/sites\/4\/2024\/07\/representation-spectacle-flamme-5-1536x1157.jpg 1536w, https:\/\/vosgesinfo.fr\/app\/uploads\/sites\/4\/2024\/07\/representation-spectacle-flamme-5-2048x1542.jpg 2048w\" sizes=\"(max-width: 1024px) 100vw, 1024px\" \/><\/p>\n<p><img decoding=\"async\" class=\"alignnone size-large wp-image-36326\" src=\"https:\/\/vosgesinfo.fr\/app\/uploads\/sites\/4\/2024\/07\/representation-spectacle-flamme-6-1024x771.jpg\" alt=\"\" width=\"1024\" height=\"771\" srcset=\"https:\/\/vosgesinfo.fr\/app\/uploads\/sites\/4\/2024\/07\/representation-spectacle-flamme-6-1024x771.jpg 1024w, https:\/\/vosgesinfo.fr\/app\/uploads\/sites\/4\/2024\/07\/representation-spectacle-flamme-6-300x226.jpg 300w, https:\/\/vosgesinfo.fr\/app\/uploads\/sites\/4\/2024\/07\/representation-spectacle-flamme-6-768x578.jpg 768w, https:\/\/vosgesinfo.fr\/app\/uploads\/sites\/4\/2024\/07\/representation-spectacle-flamme-6-1536x1157.jpg 1536w, https:\/\/vosgesinfo.fr\/app\/uploads\/sites\/4\/2024\/07\/representation-spectacle-flamme-6-2048x1542.jpg 2048w\" sizes=\"(max-width: 1024px) 100vw, 1024px\" \/><\/p>\n<p><img decoding=\"async\" class=\"alignnone size-large wp-image-36327\" src=\"https:\/\/vosgesinfo.fr\/app\/uploads\/sites\/4\/2024\/07\/representation-spectacle-flamme-7-1024x771.jpg\" alt=\"\" width=\"1024\" height=\"771\" srcset=\"https:\/\/vosgesinfo.fr\/app\/uploads\/sites\/4\/2024\/07\/representation-spectacle-flamme-7-1024x771.jpg 1024w, https:\/\/vosgesinfo.fr\/app\/uploads\/sites\/4\/2024\/07\/representation-spectacle-flamme-7-300x226.jpg 300w, https:\/\/vosgesinfo.fr\/app\/uploads\/sites\/4\/2024\/07\/representation-spectacle-flamme-7-768x578.jpg 768w, https:\/\/vosgesinfo.fr\/app\/uploads\/sites\/4\/2024\/07\/representation-spectacle-flamme-7-1536x1157.jpg 1536w, https:\/\/vosgesinfo.fr\/app\/uploads\/sites\/4\/2024\/07\/representation-spectacle-flamme-7-2048x1542.jpg 2048w\" sizes=\"(max-width: 1024px) 100vw, 1024px\" \/><\/p>\n<p><img decoding=\"async\" class=\"alignnone size-large wp-image-36328\" src=\"https:\/\/vosgesinfo.fr\/app\/uploads\/sites\/4\/2024\/07\/representation-spectacle-flamme-8-1024x771.jpg\" alt=\"\" width=\"1024\" height=\"771\" srcset=\"https:\/\/vosgesinfo.fr\/app\/uploads\/sites\/4\/2024\/07\/representation-spectacle-flamme-8-1024x771.jpg 1024w, https:\/\/vosgesinfo.fr\/app\/uploads\/sites\/4\/2024\/07\/representation-spectacle-flamme-8-300x226.jpg 300w, https:\/\/vosgesinfo.fr\/app\/uploads\/sites\/4\/2024\/07\/representation-spectacle-flamme-8-768x578.jpg 768w, https:\/\/vosgesinfo.fr\/app\/uploads\/sites\/4\/2024\/07\/representation-spectacle-flamme-8-1536x1157.jpg 1536w, https:\/\/vosgesinfo.fr\/app\/uploads\/sites\/4\/2024\/07\/representation-spectacle-flamme-8-2048x1542.jpg 2048w\" sizes=\"(max-width: 1024px) 100vw, 1024px\" \/><\/p>\n<p><img decoding=\"async\" class=\"alignnone size-large wp-image-36329\" src=\"https:\/\/vosgesinfo.fr\/app\/uploads\/sites\/4\/2024\/07\/representation-spectacle-flamme-9-1024x771.jpg\" alt=\"\" width=\"1024\" height=\"771\" srcset=\"https:\/\/vosgesinfo.fr\/app\/uploads\/sites\/4\/2024\/07\/representation-spectacle-flamme-9-1024x771.jpg 1024w, https:\/\/vosgesinfo.fr\/app\/uploads\/sites\/4\/2024\/07\/representation-spectacle-flamme-9-300x226.jpg 300w, https:\/\/vosgesinfo.fr\/app\/uploads\/sites\/4\/2024\/07\/representation-spectacle-flamme-9-768x578.jpg 768w, https:\/\/vosgesinfo.fr\/app\/uploads\/sites\/4\/2024\/07\/representation-spectacle-flamme-9-1536x1157.jpg 1536w, https:\/\/vosgesinfo.fr\/app\/uploads\/sites\/4\/2024\/07\/representation-spectacle-flamme-9-2048x1542.jpg 2048w\" sizes=\"(max-width: 1024px) 100vw, 1024px\" \/><\/p>\n<p><img decoding=\"async\" class=\"alignnone size-large wp-image-36330\" src=\"https:\/\/vosgesinfo.fr\/app\/uploads\/sites\/4\/2024\/07\/representation-spectacle-flamme-10-1024x771.jpg\" alt=\"\" width=\"1024\" height=\"771\" srcset=\"https:\/\/vosgesinfo.fr\/app\/uploads\/sites\/4\/2024\/07\/representation-spectacle-flamme-10-1024x771.jpg 1024w, https:\/\/vosgesinfo.fr\/app\/uploads\/sites\/4\/2024\/07\/representation-spectacle-flamme-10-300x226.jpg 300w, https:\/\/vosgesinfo.fr\/app\/uploads\/sites\/4\/2024\/07\/representation-spectacle-flamme-10-768x578.jpg 768w, https:\/\/vosgesinfo.fr\/app\/uploads\/sites\/4\/2024\/07\/representation-spectacle-flamme-10-1536x1157.jpg 1536w, https:\/\/vosgesinfo.fr\/app\/uploads\/sites\/4\/2024\/07\/representation-spectacle-flamme-10-2048x1542.jpg 2048w\" sizes=\"(max-width: 1024px) 100vw, 1024px\" \/><\/p>\n","protected":false},"excerpt":{"rendered":"<p>La carri\u00e8re de la gymnaste surdou\u00e9e, la Roumaine Nadia Comaneci, pr\u00e9sent\u00e9e sous un angle circassien, c&rsquo;est ce que propose la [&hellip;]<\/p>\n","protected":false},"author":46,"featured_media":36327,"comment_status":"open","ping_status":"open","sticky":false,"template":"","format":"standard","meta":{"footnotes":""},"categories":[460,167],"tags":[6862,6860,6850,2967,6680,3008,6848,4438,6861],"class_list":["post-36317","post","type-post","status-publish","format-standard","has-post-thumbnail","hentry","category-a-la-une","category-saint-die-des-vosges","tag-cirque","tag-coline-garcia","tag-compagnie-scom","tag-ete-en-grand-a-saint-die-des-vosges","tag-flamme","tag-la-nef","tag-nadia-comaneci","tag-pole-du-spectacle-vivant-de-la-communaute-dagglomeration-de-saint-die-des-vosges","tag-spectacle-circassien"],"acf":[],"yoast_head":"<!-- This site is optimized with the Yoast SEO plugin v22.5 - https:\/\/yoast.com\/wordpress\/plugins\/seo\/ -->\n<title>FLAM(M)E, la gymnaste Nadia Comaneci sous l&#039;angle circassien - Saint Die Info<\/title>\n<meta name=\"robots\" content=\"index, follow, max-snippet:-1, max-image-preview:large, max-video-preview:-1\" \/>\n<link rel=\"canonical\" href=\"https:\/\/vosgesinfo.fr\/saintdieinfo\/2024\/07\/flamme-la-gymnaste-nadia-comaneci-sous-langle-circassien\/\" \/>\n<meta name=\"twitter:card\" content=\"summary_large_image\" \/>\n<meta name=\"twitter:title\" content=\"FLAM(M)E, la gymnaste Nadia Comaneci sous l&#039;angle circassien - Saint Die Info\" \/>\n<meta name=\"twitter:description\" content=\"La carri\u00e8re de la gymnaste surdou\u00e9e, la Roumaine Nadia Comaneci, pr\u00e9sent\u00e9e sous un angle circassien, c&rsquo;est ce que propose la [&hellip;]\" \/>\n<meta name=\"twitter:image\" content=\"https:\/\/vosgesinfo.fr\/app\/uploads\/sites\/4\/2024\/07\/representation-spectacle-flamme-7-scaled.jpg\" \/>\n<meta name=\"twitter:creator\" content=\"@VosgesInfo88\" \/>\n<meta name=\"twitter:site\" content=\"@VosgesInfo88\" \/>\n<meta name=\"twitter:label1\" content=\"\u00c9crit par\" \/>\n\t<meta name=\"twitter:data1\" content=\"J.J.\" \/>\n\t<meta name=\"twitter:label2\" content=\"Dur\u00e9e de lecture estim\u00e9e\" \/>\n\t<meta name=\"twitter:data2\" content=\"4 minutes\" \/>\n<script type=\"application\/ld+json\" class=\"yoast-schema-graph\">{\"@context\":\"https:\/\/schema.org\",\"@graph\":[{\"@type\":\"Article\",\"@id\":\"https:\/\/vosgesinfo.fr\/saintdieinfo\/2024\/07\/flamme-la-gymnaste-nadia-comaneci-sous-langle-circassien\/#article\",\"isPartOf\":{\"@id\":\"https:\/\/vosgesinfo.fr\/saintdieinfo\/2024\/07\/flamme-la-gymnaste-nadia-comaneci-sous-langle-circassien\/\"},\"author\":{\"name\":\"J.J.\",\"@id\":\"https:\/\/vosgesinfo.fr\/saintdieinfo\/#\/schema\/person\/fa73e9f726d67bb88f46d5b7943cb572\"},\"headline\":\"FLAM(M)E, la gymnaste Nadia Comaneci sous l&rsquo;angle circassien\",\"datePublished\":\"2024-07-23T18:50:59+00:00\",\"dateModified\":\"2024-07-23T18:56:16+00:00\",\"mainEntityOfPage\":{\"@id\":\"https:\/\/vosgesinfo.fr\/saintdieinfo\/2024\/07\/flamme-la-gymnaste-nadia-comaneci-sous-langle-circassien\/\"},\"wordCount\":350,\"commentCount\":0,\"publisher\":{\"@id\":\"https:\/\/vosgesinfo.fr\/saintdieinfo\/#organization\"},\"image\":{\"@id\":\"https:\/\/vosgesinfo.fr\/saintdieinfo\/2024\/07\/flamme-la-gymnaste-nadia-comaneci-sous-langle-circassien\/#primaryimage\"},\"thumbnailUrl\":\"https:\/\/vosgesinfo.fr\/app\/uploads\/sites\/4\/2024\/07\/representation-spectacle-flamme-7-scaled.jpg\",\"keywords\":[\"Cirque\",\"Coline Garcia\",\"Compagnie SCoM\",\"Et\u00e9 en grand \u00e0 Saint-Di\u00e9-des-Vosges\",\"Flam(m)e\",\"La Nef\",\"Nadia Comaneci\",\"P\u00f4le du spectacle vivant de la Communaut\u00e9 d'Agglom\u00e9ration de Saint-Di\u00e9-des-Vosges\",\"Spectacle circassien\"],\"articleSection\":[\"A la Une\",\"Saint-Di\u00e9-des-Vosges\"],\"inLanguage\":\"fr-FR\",\"potentialAction\":[{\"@type\":\"CommentAction\",\"name\":\"Comment\",\"target\":[\"https:\/\/vosgesinfo.fr\/saintdieinfo\/2024\/07\/flamme-la-gymnaste-nadia-comaneci-sous-langle-circassien\/#respond\"]}]},{\"@type\":\"WebPage\",\"@id\":\"https:\/\/vosgesinfo.fr\/saintdieinfo\/2024\/07\/flamme-la-gymnaste-nadia-comaneci-sous-langle-circassien\/\",\"url\":\"https:\/\/vosgesinfo.fr\/saintdieinfo\/2024\/07\/flamme-la-gymnaste-nadia-comaneci-sous-langle-circassien\/\",\"name\":\"FLAM(M)E, la gymnaste Nadia Comaneci sous l'angle circassien - Saint Die Info\",\"isPartOf\":{\"@id\":\"https:\/\/vosgesinfo.fr\/saintdieinfo\/#website\"},\"primaryImageOfPage\":{\"@id\":\"https:\/\/vosgesinfo.fr\/saintdieinfo\/2024\/07\/flamme-la-gymnaste-nadia-comaneci-sous-langle-circassien\/#primaryimage\"},\"image\":{\"@id\":\"https:\/\/vosgesinfo.fr\/saintdieinfo\/2024\/07\/flamme-la-gymnaste-nadia-comaneci-sous-langle-circassien\/#primaryimage\"},\"thumbnailUrl\":\"https:\/\/vosgesinfo.fr\/app\/uploads\/sites\/4\/2024\/07\/representation-spectacle-flamme-7-scaled.jpg\",\"datePublished\":\"2024-07-23T18:50:59+00:00\",\"dateModified\":\"2024-07-23T18:56:16+00:00\",\"breadcrumb\":{\"@id\":\"https:\/\/vosgesinfo.fr\/saintdieinfo\/2024\/07\/flamme-la-gymnaste-nadia-comaneci-sous-langle-circassien\/#breadcrumb\"},\"inLanguage\":\"fr-FR\",\"potentialAction\":[{\"@type\":\"ReadAction\",\"target\":[\"https:\/\/vosgesinfo.fr\/saintdieinfo\/2024\/07\/flamme-la-gymnaste-nadia-comaneci-sous-langle-circassien\/\"]}]},{\"@type\":\"ImageObject\",\"inLanguage\":\"fr-FR\",\"@id\":\"https:\/\/vosgesinfo.fr\/saintdieinfo\/2024\/07\/flamme-la-gymnaste-nadia-comaneci-sous-langle-circassien\/#primaryimage\",\"url\":\"https:\/\/vosgesinfo.fr\/app\/uploads\/sites\/4\/2024\/07\/representation-spectacle-flamme-7-scaled.jpg\",\"contentUrl\":\"https:\/\/vosgesinfo.fr\/app\/uploads\/sites\/4\/2024\/07\/representation-spectacle-flamme-7-scaled.jpg\",\"width\":2560,\"height\":1928},{\"@type\":\"BreadcrumbList\",\"@id\":\"https:\/\/vosgesinfo.fr\/saintdieinfo\/2024\/07\/flamme-la-gymnaste-nadia-comaneci-sous-langle-circassien\/#breadcrumb\",\"itemListElement\":[{\"@type\":\"ListItem\",\"position\":1,\"name\":\"Home\",\"item\":\"https:\/\/vosgesinfo.fr\/saintdieinfo\/\"},{\"@type\":\"ListItem\",\"position\":2,\"name\":\"FLAM(M)E, la gymnaste Nadia Comaneci sous l&#8217;angle circassien\"}]},{\"@type\":\"WebSite\",\"@id\":\"https:\/\/vosgesinfo.fr\/saintdieinfo\/#website\",\"url\":\"https:\/\/vosgesinfo.fr\/saintdieinfo\/\",\"name\":\"Saint Die Info\",\"description\":\"Toute l&#039;actualit\u00e9 de Saint-Di\u00e9-Des-Vosges\",\"publisher\":{\"@id\":\"https:\/\/vosgesinfo.fr\/saintdieinfo\/#organization\"},\"alternateName\":\"Toute l'actualit\u00e9 de Saint-Di\u00e9-Des-Vosges\",\"potentialAction\":[{\"@type\":\"SearchAction\",\"target\":{\"@type\":\"EntryPoint\",\"urlTemplate\":\"https:\/\/vosgesinfo.fr\/saintdieinfo\/?s={search_term_string}\"},\"query-input\":\"required name=search_term_string\"}],\"inLanguage\":\"fr-FR\"},{\"@type\":\"Organization\",\"@id\":\"https:\/\/vosgesinfo.fr\/saintdieinfo\/#organization\",\"name\":\"Saint Die Info\",\"url\":\"https:\/\/vosgesinfo.fr\/saintdieinfo\/\",\"logo\":{\"@type\":\"ImageObject\",\"inLanguage\":\"fr-FR\",\"@id\":\"https:\/\/vosgesinfo.fr\/saintdieinfo\/#\/schema\/logo\/image\/\",\"url\":\"https:\/\/vosgesinfo.fr\/app\/uploads\/sites\/4\/2024\/02\/logo-sdi.jpg\",\"contentUrl\":\"https:\/\/vosgesinfo.fr\/app\/uploads\/sites\/4\/2024\/02\/logo-sdi.jpg\",\"width\":600,\"height\":600,\"caption\":\"Saint Die Info\"},\"image\":{\"@id\":\"https:\/\/vosgesinfo.fr\/saintdieinfo\/#\/schema\/logo\/image\/\"},\"sameAs\":[\"https:\/\/www.facebook.com\/Saintdieinfofr\",\"https:\/\/x.com\/VosgesInfo88\",\"https:\/\/www.youtube.com\/@vosgesinfo\"]},{\"@type\":\"Person\",\"@id\":\"https:\/\/vosgesinfo.fr\/saintdieinfo\/#\/schema\/person\/fa73e9f726d67bb88f46d5b7943cb572\",\"name\":\"J.J.\",\"image\":{\"@type\":\"ImageObject\",\"inLanguage\":\"fr-FR\",\"@id\":\"https:\/\/vosgesinfo.fr\/saintdieinfo\/#\/schema\/person\/image\/\",\"url\":\"https:\/\/secure.gravatar.com\/avatar\/219e749e47ffbcca018a360ae4add7d4cdf1cdaaf8bc7676b27efade3fe65615?s=96&d=mm&r=g\",\"contentUrl\":\"https:\/\/secure.gravatar.com\/avatar\/219e749e47ffbcca018a360ae4add7d4cdf1cdaaf8bc7676b27efade3fe65615?s=96&d=mm&r=g\",\"caption\":\"J.J.\"},\"url\":\"https:\/\/vosgesinfo.fr\/saintdieinfo\/author\/j-j\/\"}]}<\/script>\n<!-- \/ Yoast SEO plugin. -->","yoast_head_json":{"title":"FLAM(M)E, la gymnaste Nadia Comaneci sous l'angle circassien - Saint Die Info","robots":{"index":"index","follow":"follow","max-snippet":"max-snippet:-1","max-image-preview":"max-image-preview:large","max-video-preview":"max-video-preview:-1"},"canonical":"https:\/\/vosgesinfo.fr\/saintdieinfo\/2024\/07\/flamme-la-gymnaste-nadia-comaneci-sous-langle-circassien\/","twitter_card":"summary_large_image","twitter_title":"FLAM(M)E, la gymnaste Nadia Comaneci sous l'angle circassien - Saint Die Info","twitter_description":"La carri\u00e8re de la gymnaste surdou\u00e9e, la Roumaine Nadia Comaneci, pr\u00e9sent\u00e9e sous un angle circassien, c&rsquo;est ce que propose la [&hellip;]","twitter_image":"https:\/\/vosgesinfo.fr\/app\/uploads\/sites\/4\/2024\/07\/representation-spectacle-flamme-7-scaled.jpg","twitter_creator":"@VosgesInfo88","twitter_site":"@VosgesInfo88","twitter_misc":{"\u00c9crit par":"J.J.","Dur\u00e9e de lecture estim\u00e9e":"4 minutes"},"schema":{"@context":"https:\/\/schema.org","@graph":[{"@type":"Article","@id":"https:\/\/vosgesinfo.fr\/saintdieinfo\/2024\/07\/flamme-la-gymnaste-nadia-comaneci-sous-langle-circassien\/#article","isPartOf":{"@id":"https:\/\/vosgesinfo.fr\/saintdieinfo\/2024\/07\/flamme-la-gymnaste-nadia-comaneci-sous-langle-circassien\/"},"author":{"name":"J.J.","@id":"https:\/\/vosgesinfo.fr\/saintdieinfo\/#\/schema\/person\/fa73e9f726d67bb88f46d5b7943cb572"},"headline":"FLAM(M)E, la gymnaste Nadia Comaneci sous l&rsquo;angle circassien","datePublished":"2024-07-23T18:50:59+00:00","dateModified":"2024-07-23T18:56:16+00:00","mainEntityOfPage":{"@id":"https:\/\/vosgesinfo.fr\/saintdieinfo\/2024\/07\/flamme-la-gymnaste-nadia-comaneci-sous-langle-circassien\/"},"wordCount":350,"commentCount":0,"publisher":{"@id":"https:\/\/vosgesinfo.fr\/saintdieinfo\/#organization"},"image":{"@id":"https:\/\/vosgesinfo.fr\/saintdieinfo\/2024\/07\/flamme-la-gymnaste-nadia-comaneci-sous-langle-circassien\/#primaryimage"},"thumbnailUrl":"https:\/\/vosgesinfo.fr\/app\/uploads\/sites\/4\/2024\/07\/representation-spectacle-flamme-7-scaled.jpg","keywords":["Cirque","Coline Garcia","Compagnie SCoM","Et\u00e9 en grand \u00e0 Saint-Di\u00e9-des-Vosges","Flam(m)e","La Nef","Nadia Comaneci","P\u00f4le du spectacle vivant de la Communaut\u00e9 d'Agglom\u00e9ration de Saint-Di\u00e9-des-Vosges","Spectacle circassien"],"articleSection":["A la Une","Saint-Di\u00e9-des-Vosges"],"inLanguage":"fr-FR","potentialAction":[{"@type":"CommentAction","name":"Comment","target":["https:\/\/vosgesinfo.fr\/saintdieinfo\/2024\/07\/flamme-la-gymnaste-nadia-comaneci-sous-langle-circassien\/#respond"]}]},{"@type":"WebPage","@id":"https:\/\/vosgesinfo.fr\/saintdieinfo\/2024\/07\/flamme-la-gymnaste-nadia-comaneci-sous-langle-circassien\/","url":"https:\/\/vosgesinfo.fr\/saintdieinfo\/2024\/07\/flamme-la-gymnaste-nadia-comaneci-sous-langle-circassien\/","name":"FLAM(M)E, la gymnaste Nadia Comaneci sous l'angle circassien - Saint Die Info","isPartOf":{"@id":"https:\/\/vosgesinfo.fr\/saintdieinfo\/#website"},"primaryImageOfPage":{"@id":"https:\/\/vosgesinfo.fr\/saintdieinfo\/2024\/07\/flamme-la-gymnaste-nadia-comaneci-sous-langle-circassien\/#primaryimage"},"image":{"@id":"https:\/\/vosgesinfo.fr\/saintdieinfo\/2024\/07\/flamme-la-gymnaste-nadia-comaneci-sous-langle-circassien\/#primaryimage"},"thumbnailUrl":"https:\/\/vosgesinfo.fr\/app\/uploads\/sites\/4\/2024\/07\/representation-spectacle-flamme-7-scaled.jpg","datePublished":"2024-07-23T18:50:59+00:00","dateModified":"2024-07-23T18:56:16+00:00","breadcrumb":{"@id":"https:\/\/vosgesinfo.fr\/saintdieinfo\/2024\/07\/flamme-la-gymnaste-nadia-comaneci-sous-langle-circassien\/#breadcrumb"},"inLanguage":"fr-FR","potentialAction":[{"@type":"ReadAction","target":["https:\/\/vosgesinfo.fr\/saintdieinfo\/2024\/07\/flamme-la-gymnaste-nadia-comaneci-sous-langle-circassien\/"]}]},{"@type":"ImageObject","inLanguage":"fr-FR","@id":"https:\/\/vosgesinfo.fr\/saintdieinfo\/2024\/07\/flamme-la-gymnaste-nadia-comaneci-sous-langle-circassien\/#primaryimage","url":"https:\/\/vosgesinfo.fr\/app\/uploads\/sites\/4\/2024\/07\/representation-spectacle-flamme-7-scaled.jpg","contentUrl":"https:\/\/vosgesinfo.fr\/app\/uploads\/sites\/4\/2024\/07\/representation-spectacle-flamme-7-scaled.jpg","width":2560,"height":1928},{"@type":"BreadcrumbList","@id":"https:\/\/vosgesinfo.fr\/saintdieinfo\/2024\/07\/flamme-la-gymnaste-nadia-comaneci-sous-langle-circassien\/#breadcrumb","itemListElement":[{"@type":"ListItem","position":1,"name":"Home","item":"https:\/\/vosgesinfo.fr\/saintdieinfo\/"},{"@type":"ListItem","position":2,"name":"FLAM(M)E, la gymnaste Nadia Comaneci sous l&#8217;angle circassien"}]},{"@type":"WebSite","@id":"https:\/\/vosgesinfo.fr\/saintdieinfo\/#website","url":"https:\/\/vosgesinfo.fr\/saintdieinfo\/","name":"Saint Die Info","description":"Toute l&#039;actualit\u00e9 de Saint-Di\u00e9-Des-Vosges","publisher":{"@id":"https:\/\/vosgesinfo.fr\/saintdieinfo\/#organization"},"alternateName":"Toute l'actualit\u00e9 de Saint-Di\u00e9-Des-Vosges","potentialAction":[{"@type":"SearchAction","target":{"@type":"EntryPoint","urlTemplate":"https:\/\/vosgesinfo.fr\/saintdieinfo\/?s={search_term_string}"},"query-input":"required name=search_term_string"}],"inLanguage":"fr-FR"},{"@type":"Organization","@id":"https:\/\/vosgesinfo.fr\/saintdieinfo\/#organization","name":"Saint Die Info","url":"https:\/\/vosgesinfo.fr\/saintdieinfo\/","logo":{"@type":"ImageObject","inLanguage":"fr-FR","@id":"https:\/\/vosgesinfo.fr\/saintdieinfo\/#\/schema\/logo\/image\/","url":"https:\/\/vosgesinfo.fr\/app\/uploads\/sites\/4\/2024\/02\/logo-sdi.jpg","contentUrl":"https:\/\/vosgesinfo.fr\/app\/uploads\/sites\/4\/2024\/02\/logo-sdi.jpg","width":600,"height":600,"caption":"Saint Die Info"},"image":{"@id":"https:\/\/vosgesinfo.fr\/saintdieinfo\/#\/schema\/logo\/image\/"},"sameAs":["https:\/\/www.facebook.com\/Saintdieinfofr","https:\/\/x.com\/VosgesInfo88","https:\/\/www.youtube.com\/@vosgesinfo"]},{"@type":"Person","@id":"https:\/\/vosgesinfo.fr\/saintdieinfo\/#\/schema\/person\/fa73e9f726d67bb88f46d5b7943cb572","name":"J.J.","image":{"@type":"ImageObject","inLanguage":"fr-FR","@id":"https:\/\/vosgesinfo.fr\/saintdieinfo\/#\/schema\/person\/image\/","url":"https:\/\/secure.gravatar.com\/avatar\/219e749e47ffbcca018a360ae4add7d4cdf1cdaaf8bc7676b27efade3fe65615?s=96&d=mm&r=g","contentUrl":"https:\/\/secure.gravatar.com\/avatar\/219e749e47ffbcca018a360ae4add7d4cdf1cdaaf8bc7676b27efade3fe65615?s=96&d=mm&r=g","caption":"J.J."},"url":"https:\/\/vosgesinfo.fr\/saintdieinfo\/author\/j-j\/"}]}},"_links":{"self":[{"href":"https:\/\/vosgesinfo.fr\/saintdieinfo\/wp-json\/wp\/v2\/posts\/36317","targetHints":{"allow":["GET"]}}],"collection":[{"href":"https:\/\/vosgesinfo.fr\/saintdieinfo\/wp-json\/wp\/v2\/posts"}],"about":[{"href":"https:\/\/vosgesinfo.fr\/saintdieinfo\/wp-json\/wp\/v2\/types\/post"}],"author":[{"embeddable":true,"href":"https:\/\/vosgesinfo.fr\/saintdieinfo\/wp-json\/wp\/v2\/users\/46"}],"replies":[{"embeddable":true,"href":"https:\/\/vosgesinfo.fr\/saintdieinfo\/wp-json\/wp\/v2\/comments?post=36317"}],"version-history":[{"count":2,"href":"https:\/\/vosgesinfo.fr\/saintdieinfo\/wp-json\/wp\/v2\/posts\/36317\/revisions"}],"predecessor-version":[{"id":36331,"href":"https:\/\/vosgesinfo.fr\/saintdieinfo\/wp-json\/wp\/v2\/posts\/36317\/revisions\/36331"}],"wp:featuredmedia":[{"embeddable":true,"href":"https:\/\/vosgesinfo.fr\/saintdieinfo\/wp-json\/wp\/v2\/media\/36327"}],"wp:attachment":[{"href":"https:\/\/vosgesinfo.fr\/saintdieinfo\/wp-json\/wp\/v2\/media?parent=36317"}],"wp:term":[{"taxonomy":"category","embeddable":true,"href":"https:\/\/vosgesinfo.fr\/saintdieinfo\/wp-json\/wp\/v2\/categories?post=36317"},{"taxonomy":"post_tag","embeddable":true,"href":"https:\/\/vosgesinfo.fr\/saintdieinfo\/wp-json\/wp\/v2\/tags?post=36317"}],"curies":[{"name":"wp","href":"https:\/\/api.w.org\/{rel}","templated":true}]}}