{"id":36555,"date":"2024-08-01T18:26:06","date_gmt":"2024-08-01T16:26:06","guid":{"rendered":"https:\/\/vosgesinfo.fr\/saintdieinfo\/?p=36555"},"modified":"2024-08-01T18:46:26","modified_gmt":"2024-08-01T16:46:26","slug":"un-beau-et-genereux-geste-pour-le-service-pediatrie-de-saint-die-des-vosges","status":"publish","type":"post","link":"https:\/\/vosgesinfo.fr\/saintdieinfo\/2024\/08\/un-beau-et-genereux-geste-pour-le-service-pediatrie-de-saint-die-des-vosges\/","title":{"rendered":"Un beau et g\u00e9n\u00e9reux geste pour le service p\u00e9diatrie de Saint-Di\u00e9-des-Vosges"},"content":{"rendered":"<p><iframe loading=\"lazy\" title=\"Pr\u00e9sentation de l&#039;association For All Life United\" width=\"500\" height=\"281\" src=\"https:\/\/www.youtube.com\/embed\/0is6w1yyZzw?feature=oembed\" frameborder=\"0\" allow=\"accelerometer; autoplay; clipboard-write; encrypted-media; gyroscope; picture-in-picture; web-share\" referrerpolicy=\"strict-origin-when-cross-origin\" allowfullscreen><\/iframe><\/p>\n<h2>C&rsquo;est un beau et g\u00e9n\u00e9reux geste que vient d&rsquo;effectuer l&rsquo;association For Life All United ce jeudi apr\u00e8s-midi. L&rsquo;association, cr\u00e9\u00e9e il y a 3 ans et qui \u0153uvre \u00e0 aider les enfants malades, a remis un ch\u00e8que de 900\u20ac ainsi qu&rsquo;une poussette et un transat r\u00e9glable au service p\u00e9diatrie du Centre Hospitalier de Saint-Di\u00e9-des-Vosges.<\/h2>\n<p><!--more--><\/p>\n<p>Comme l&rsquo;explique Ludovic Chopat, pr\u00e9sident de For Life All United, \u00ab lors de la naissance de mon fils Andr\u00e9o, il y a un mois et demi, j&rsquo;ai rencontr\u00e9 l&rsquo;association des Amis de la Maternit\u00e9 de Saint-Di\u00e9-des-Vosges. De l\u00e0 nous avons eu l&rsquo;id\u00e9e, avec le maire St\u00e9phane Demange, d&rsquo;organiser \u00e0 Ban-de-Laveline des soir\u00e9es caritatives lors des matchs de quart et demi finales de l&rsquo;Equipe de France de l&rsquo;Euro 2024. C&rsquo;est lors de ces 2 soir\u00e9es et via une cagnotte Leetchi que cet argent a \u00e9t\u00e9 r\u00e9colt\u00e9, pour un total d&rsquo;environ 1250\u20ac en comprenant l&rsquo;achat de la poussette et du trnsat. \u00bb<\/p>\n<p>Ludovic Chopat, St\u00e9phane Demange et quelques-uns des 42 b\u00e9n\u00e9voles de For Life All United ont \u00e9t\u00e9 accueillis sur place cet apr\u00e8s-midi par Laure Vukasse, directrice g\u00e9n\u00e9rale des H\u00f4pitaux du Massif des Vosges \u2013 HMV \u2013 la directrice-adjointe Val\u00e9rie Didier et Isabelle Poirson, cadre sage-femme de la maternit\u00e9 d\u00e9odatienne.<\/p>\n<p>Rendez-vous d\u00e9sormais le samedi 18 janvier 2025, jour o\u00f9 l&rsquo;association organisera sa troisi\u00e8me \u00ab Soir\u00e9e des artistes \u00bb \u00e0 la salle des f\u00eates de Sainte-Marguerite, avec en t\u00eate d&rsquo;affiche le groupe professionnel tribute ann\u00e9es 80 et 90 \u00ab Madame Rouge \u00bb. Un \u00e9v\u00e9nement sur lequel nous reviendrons plus en d\u00e9tail au moment de la rentr\u00e9e de septembre.<\/p>\n<p>J.J.<\/p>\n<p><img decoding=\"async\" class=\"alignnone size-large wp-image-36559\" src=\"https:\/\/vosgesinfo.fr\/app\/uploads\/sites\/4\/2024\/08\/for-life-all-united-maternite-sddv-4-1024x771.jpg\" alt=\"\" width=\"1024\" height=\"771\" srcset=\"https:\/\/vosgesinfo.fr\/app\/uploads\/sites\/4\/2024\/08\/for-life-all-united-maternite-sddv-4-1024x771.jpg 1024w, https:\/\/vosgesinfo.fr\/app\/uploads\/sites\/4\/2024\/08\/for-life-all-united-maternite-sddv-4-300x226.jpg 300w, https:\/\/vosgesinfo.fr\/app\/uploads\/sites\/4\/2024\/08\/for-life-all-united-maternite-sddv-4-768x578.jpg 768w, https:\/\/vosgesinfo.fr\/app\/uploads\/sites\/4\/2024\/08\/for-life-all-united-maternite-sddv-4-1536x1157.jpg 1536w, https:\/\/vosgesinfo.fr\/app\/uploads\/sites\/4\/2024\/08\/for-life-all-united-maternite-sddv-4-2048x1542.jpg 2048w\" sizes=\"(max-width: 1024px) 100vw, 1024px\" \/><\/p>\n<p><img decoding=\"async\" class=\"alignnone size-large wp-image-36558\" src=\"https:\/\/vosgesinfo.fr\/app\/uploads\/sites\/4\/2024\/08\/for-life-all-united-maternite-sddv-3-1024x771.jpg\" alt=\"\" width=\"1024\" height=\"771\" srcset=\"https:\/\/vosgesinfo.fr\/app\/uploads\/sites\/4\/2024\/08\/for-life-all-united-maternite-sddv-3-1024x771.jpg 1024w, https:\/\/vosgesinfo.fr\/app\/uploads\/sites\/4\/2024\/08\/for-life-all-united-maternite-sddv-3-300x226.jpg 300w, https:\/\/vosgesinfo.fr\/app\/uploads\/sites\/4\/2024\/08\/for-life-all-united-maternite-sddv-3-768x578.jpg 768w, https:\/\/vosgesinfo.fr\/app\/uploads\/sites\/4\/2024\/08\/for-life-all-united-maternite-sddv-3-1536x1157.jpg 1536w, https:\/\/vosgesinfo.fr\/app\/uploads\/sites\/4\/2024\/08\/for-life-all-united-maternite-sddv-3-2048x1542.jpg 2048w\" sizes=\"(max-width: 1024px) 100vw, 1024px\" \/><\/p>\n<p><img decoding=\"async\" class=\"alignnone size-large wp-image-36557\" src=\"https:\/\/vosgesinfo.fr\/app\/uploads\/sites\/4\/2024\/08\/for-life-all-united-maternite-sddv-2-1024x771.jpg\" alt=\"\" width=\"1024\" height=\"771\" srcset=\"https:\/\/vosgesinfo.fr\/app\/uploads\/sites\/4\/2024\/08\/for-life-all-united-maternite-sddv-2-1024x771.jpg 1024w, https:\/\/vosgesinfo.fr\/app\/uploads\/sites\/4\/2024\/08\/for-life-all-united-maternite-sddv-2-300x226.jpg 300w, https:\/\/vosgesinfo.fr\/app\/uploads\/sites\/4\/2024\/08\/for-life-all-united-maternite-sddv-2-768x578.jpg 768w, https:\/\/vosgesinfo.fr\/app\/uploads\/sites\/4\/2024\/08\/for-life-all-united-maternite-sddv-2-1536x1157.jpg 1536w, https:\/\/vosgesinfo.fr\/app\/uploads\/sites\/4\/2024\/08\/for-life-all-united-maternite-sddv-2-2048x1542.jpg 2048w\" sizes=\"(max-width: 1024px) 100vw, 1024px\" \/><\/p>\n","protected":false},"excerpt":{"rendered":"<p>C&rsquo;est un beau et g\u00e9n\u00e9reux geste que vient d&rsquo;effectuer l&rsquo;association For Life All United ce jeudi apr\u00e8s-midi. L&rsquo;association, cr\u00e9\u00e9e il [&hellip;]<\/p>\n","protected":false},"author":46,"featured_media":36559,"comment_status":"open","ping_status":"open","sticky":false,"template":"","format":"standard","meta":{"footnotes":""},"categories":[460,3903,29,17],"tags":[6929,3056,4847,6555,6930],"class_list":["post-36555","post","type-post","status-publish","format-standard","has-post-thumbnail","hentry","category-a-la-une","category-deodatie","category-solidarite","category-vie-associative","tag-amis-de-la-maternite-de-saint-die-des-vosges","tag-centre-hospitalier-de-saint-die-des-vosges","tag-for-life-all-united","tag-maternite-de-saint-die-des-vosges","tag-service-pediatrie-de-saint-die-des-vosges"],"acf":[],"yoast_head":"<!-- This site is optimized with the Yoast SEO plugin v22.5 - https:\/\/yoast.com\/wordpress\/plugins\/seo\/ -->\n<title>Un beau et g\u00e9n\u00e9reux geste pour le service p\u00e9diatrie de Saint-Di\u00e9-des-Vosges - Saint Die Info<\/title>\n<meta name=\"robots\" content=\"index, follow, max-snippet:-1, max-image-preview:large, max-video-preview:-1\" \/>\n<link rel=\"canonical\" href=\"https:\/\/vosgesinfo.fr\/saintdieinfo\/2024\/08\/un-beau-et-genereux-geste-pour-le-service-pediatrie-de-saint-die-des-vosges\/\" \/>\n<meta name=\"twitter:card\" content=\"summary_large_image\" \/>\n<meta name=\"twitter:title\" content=\"Un beau et g\u00e9n\u00e9reux geste pour le service p\u00e9diatrie de Saint-Di\u00e9-des-Vosges - Saint Die Info\" \/>\n<meta name=\"twitter:description\" content=\"C&rsquo;est un beau et g\u00e9n\u00e9reux geste que vient d&rsquo;effectuer l&rsquo;association For Life All United ce jeudi apr\u00e8s-midi. L&rsquo;association, cr\u00e9\u00e9e il [&hellip;]\" \/>\n<meta name=\"twitter:image\" content=\"https:\/\/vosgesinfo.fr\/app\/uploads\/sites\/4\/2024\/08\/for-life-all-united-maternite-sddv-4-scaled.jpg\" \/>\n<meta name=\"twitter:creator\" content=\"@VosgesInfo88\" \/>\n<meta name=\"twitter:site\" content=\"@VosgesInfo88\" \/>\n<meta name=\"twitter:label1\" content=\"\u00c9crit par\" \/>\n\t<meta name=\"twitter:data1\" content=\"J.J.\" \/>\n\t<meta name=\"twitter:label2\" content=\"Dur\u00e9e de lecture estim\u00e9e\" \/>\n\t<meta name=\"twitter:data2\" content=\"3 minutes\" \/>\n<script type=\"application\/ld+json\" class=\"yoast-schema-graph\">{\"@context\":\"https:\/\/schema.org\",\"@graph\":[{\"@type\":\"Article\",\"@id\":\"https:\/\/vosgesinfo.fr\/saintdieinfo\/2024\/08\/un-beau-et-genereux-geste-pour-le-service-pediatrie-de-saint-die-des-vosges\/#article\",\"isPartOf\":{\"@id\":\"https:\/\/vosgesinfo.fr\/saintdieinfo\/2024\/08\/un-beau-et-genereux-geste-pour-le-service-pediatrie-de-saint-die-des-vosges\/\"},\"author\":{\"name\":\"J.J.\",\"@id\":\"https:\/\/vosgesinfo.fr\/saintdieinfo\/#\/schema\/person\/fa73e9f726d67bb88f46d5b7943cb572\"},\"headline\":\"Un beau et g\u00e9n\u00e9reux geste pour le service p\u00e9diatrie de Saint-Di\u00e9-des-Vosges\",\"datePublished\":\"2024-08-01T16:26:06+00:00\",\"dateModified\":\"2024-08-01T16:46:26+00:00\",\"mainEntityOfPage\":{\"@id\":\"https:\/\/vosgesinfo.fr\/saintdieinfo\/2024\/08\/un-beau-et-genereux-geste-pour-le-service-pediatrie-de-saint-die-des-vosges\/\"},\"wordCount\":311,\"commentCount\":0,\"publisher\":{\"@id\":\"https:\/\/vosgesinfo.fr\/saintdieinfo\/#organization\"},\"image\":{\"@id\":\"https:\/\/vosgesinfo.fr\/saintdieinfo\/2024\/08\/un-beau-et-genereux-geste-pour-le-service-pediatrie-de-saint-die-des-vosges\/#primaryimage\"},\"thumbnailUrl\":\"https:\/\/vosgesinfo.fr\/app\/uploads\/sites\/4\/2024\/08\/for-life-all-united-maternite-sddv-4-scaled.jpg\",\"keywords\":[\"Amis de la Maternit\u00e9 de Saint-Di\u00e9-des-Vosges\",\"Centre Hospitalier de Saint-Di\u00e9-des-Vosges\",\"For life all united\",\"Maternit\u00e9 de Saint-Di\u00e9-des-Vosges\",\"Service p\u00e9diatrie de Saint-Di\u00e9-des-Vosges\"],\"articleSection\":[\"A la Une\",\"D\u00e9odatie\",\"Solidarit\u00e9\",\"Vie Associative\"],\"inLanguage\":\"fr-FR\",\"potentialAction\":[{\"@type\":\"CommentAction\",\"name\":\"Comment\",\"target\":[\"https:\/\/vosgesinfo.fr\/saintdieinfo\/2024\/08\/un-beau-et-genereux-geste-pour-le-service-pediatrie-de-saint-die-des-vosges\/#respond\"]}]},{\"@type\":\"WebPage\",\"@id\":\"https:\/\/vosgesinfo.fr\/saintdieinfo\/2024\/08\/un-beau-et-genereux-geste-pour-le-service-pediatrie-de-saint-die-des-vosges\/\",\"url\":\"https:\/\/vosgesinfo.fr\/saintdieinfo\/2024\/08\/un-beau-et-genereux-geste-pour-le-service-pediatrie-de-saint-die-des-vosges\/\",\"name\":\"Un beau et g\u00e9n\u00e9reux geste pour le service p\u00e9diatrie de Saint-Di\u00e9-des-Vosges - Saint Die Info\",\"isPartOf\":{\"@id\":\"https:\/\/vosgesinfo.fr\/saintdieinfo\/#website\"},\"primaryImageOfPage\":{\"@id\":\"https:\/\/vosgesinfo.fr\/saintdieinfo\/2024\/08\/un-beau-et-genereux-geste-pour-le-service-pediatrie-de-saint-die-des-vosges\/#primaryimage\"},\"image\":{\"@id\":\"https:\/\/vosgesinfo.fr\/saintdieinfo\/2024\/08\/un-beau-et-genereux-geste-pour-le-service-pediatrie-de-saint-die-des-vosges\/#primaryimage\"},\"thumbnailUrl\":\"https:\/\/vosgesinfo.fr\/app\/uploads\/sites\/4\/2024\/08\/for-life-all-united-maternite-sddv-4-scaled.jpg\",\"datePublished\":\"2024-08-01T16:26:06+00:00\",\"dateModified\":\"2024-08-01T16:46:26+00:00\",\"breadcrumb\":{\"@id\":\"https:\/\/vosgesinfo.fr\/saintdieinfo\/2024\/08\/un-beau-et-genereux-geste-pour-le-service-pediatrie-de-saint-die-des-vosges\/#breadcrumb\"},\"inLanguage\":\"fr-FR\",\"potentialAction\":[{\"@type\":\"ReadAction\",\"target\":[\"https:\/\/vosgesinfo.fr\/saintdieinfo\/2024\/08\/un-beau-et-genereux-geste-pour-le-service-pediatrie-de-saint-die-des-vosges\/\"]}]},{\"@type\":\"ImageObject\",\"inLanguage\":\"fr-FR\",\"@id\":\"https:\/\/vosgesinfo.fr\/saintdieinfo\/2024\/08\/un-beau-et-genereux-geste-pour-le-service-pediatrie-de-saint-die-des-vosges\/#primaryimage\",\"url\":\"https:\/\/vosgesinfo.fr\/app\/uploads\/sites\/4\/2024\/08\/for-life-all-united-maternite-sddv-4-scaled.jpg\",\"contentUrl\":\"https:\/\/vosgesinfo.fr\/app\/uploads\/sites\/4\/2024\/08\/for-life-all-united-maternite-sddv-4-scaled.jpg\",\"width\":2560,\"height\":1928},{\"@type\":\"BreadcrumbList\",\"@id\":\"https:\/\/vosgesinfo.fr\/saintdieinfo\/2024\/08\/un-beau-et-genereux-geste-pour-le-service-pediatrie-de-saint-die-des-vosges\/#breadcrumb\",\"itemListElement\":[{\"@type\":\"ListItem\",\"position\":1,\"name\":\"Home\",\"item\":\"https:\/\/vosgesinfo.fr\/saintdieinfo\/\"},{\"@type\":\"ListItem\",\"position\":2,\"name\":\"Un beau et g\u00e9n\u00e9reux geste pour le service p\u00e9diatrie de Saint-Di\u00e9-des-Vosges\"}]},{\"@type\":\"WebSite\",\"@id\":\"https:\/\/vosgesinfo.fr\/saintdieinfo\/#website\",\"url\":\"https:\/\/vosgesinfo.fr\/saintdieinfo\/\",\"name\":\"Saint Die Info\",\"description\":\"Toute l&#039;actualit\u00e9 de Saint-Di\u00e9-Des-Vosges\",\"publisher\":{\"@id\":\"https:\/\/vosgesinfo.fr\/saintdieinfo\/#organization\"},\"alternateName\":\"Toute l'actualit\u00e9 de Saint-Di\u00e9-Des-Vosges\",\"potentialAction\":[{\"@type\":\"SearchAction\",\"target\":{\"@type\":\"EntryPoint\",\"urlTemplate\":\"https:\/\/vosgesinfo.fr\/saintdieinfo\/?s={search_term_string}\"},\"query-input\":\"required name=search_term_string\"}],\"inLanguage\":\"fr-FR\"},{\"@type\":\"Organization\",\"@id\":\"https:\/\/vosgesinfo.fr\/saintdieinfo\/#organization\",\"name\":\"Saint Die Info\",\"url\":\"https:\/\/vosgesinfo.fr\/saintdieinfo\/\",\"logo\":{\"@type\":\"ImageObject\",\"inLanguage\":\"fr-FR\",\"@id\":\"https:\/\/vosgesinfo.fr\/saintdieinfo\/#\/schema\/logo\/image\/\",\"url\":\"https:\/\/vosgesinfo.fr\/app\/uploads\/sites\/4\/2024\/02\/logo-sdi.jpg\",\"contentUrl\":\"https:\/\/vosgesinfo.fr\/app\/uploads\/sites\/4\/2024\/02\/logo-sdi.jpg\",\"width\":600,\"height\":600,\"caption\":\"Saint Die Info\"},\"image\":{\"@id\":\"https:\/\/vosgesinfo.fr\/saintdieinfo\/#\/schema\/logo\/image\/\"},\"sameAs\":[\"https:\/\/www.facebook.com\/Saintdieinfofr\",\"https:\/\/x.com\/VosgesInfo88\",\"https:\/\/www.youtube.com\/@vosgesinfo\"]},{\"@type\":\"Person\",\"@id\":\"https:\/\/vosgesinfo.fr\/saintdieinfo\/#\/schema\/person\/fa73e9f726d67bb88f46d5b7943cb572\",\"name\":\"J.J.\",\"image\":{\"@type\":\"ImageObject\",\"inLanguage\":\"fr-FR\",\"@id\":\"https:\/\/vosgesinfo.fr\/saintdieinfo\/#\/schema\/person\/image\/\",\"url\":\"https:\/\/secure.gravatar.com\/avatar\/219e749e47ffbcca018a360ae4add7d4cdf1cdaaf8bc7676b27efade3fe65615?s=96&d=mm&r=g\",\"contentUrl\":\"https:\/\/secure.gravatar.com\/avatar\/219e749e47ffbcca018a360ae4add7d4cdf1cdaaf8bc7676b27efade3fe65615?s=96&d=mm&r=g\",\"caption\":\"J.J.\"},\"url\":\"https:\/\/vosgesinfo.fr\/saintdieinfo\/author\/j-j\/\"}]}<\/script>\n<!-- \/ Yoast SEO plugin. -->","yoast_head_json":{"title":"Un beau et g\u00e9n\u00e9reux geste pour le service p\u00e9diatrie de Saint-Di\u00e9-des-Vosges - Saint Die Info","robots":{"index":"index","follow":"follow","max-snippet":"max-snippet:-1","max-image-preview":"max-image-preview:large","max-video-preview":"max-video-preview:-1"},"canonical":"https:\/\/vosgesinfo.fr\/saintdieinfo\/2024\/08\/un-beau-et-genereux-geste-pour-le-service-pediatrie-de-saint-die-des-vosges\/","twitter_card":"summary_large_image","twitter_title":"Un beau et g\u00e9n\u00e9reux geste pour le service p\u00e9diatrie de Saint-Di\u00e9-des-Vosges - Saint Die Info","twitter_description":"C&rsquo;est un beau et g\u00e9n\u00e9reux geste que vient d&rsquo;effectuer l&rsquo;association For Life All United ce jeudi apr\u00e8s-midi. L&rsquo;association, cr\u00e9\u00e9e il [&hellip;]","twitter_image":"https:\/\/vosgesinfo.fr\/app\/uploads\/sites\/4\/2024\/08\/for-life-all-united-maternite-sddv-4-scaled.jpg","twitter_creator":"@VosgesInfo88","twitter_site":"@VosgesInfo88","twitter_misc":{"\u00c9crit par":"J.J.","Dur\u00e9e de lecture estim\u00e9e":"3 minutes"},"schema":{"@context":"https:\/\/schema.org","@graph":[{"@type":"Article","@id":"https:\/\/vosgesinfo.fr\/saintdieinfo\/2024\/08\/un-beau-et-genereux-geste-pour-le-service-pediatrie-de-saint-die-des-vosges\/#article","isPartOf":{"@id":"https:\/\/vosgesinfo.fr\/saintdieinfo\/2024\/08\/un-beau-et-genereux-geste-pour-le-service-pediatrie-de-saint-die-des-vosges\/"},"author":{"name":"J.J.","@id":"https:\/\/vosgesinfo.fr\/saintdieinfo\/#\/schema\/person\/fa73e9f726d67bb88f46d5b7943cb572"},"headline":"Un beau et g\u00e9n\u00e9reux geste pour le service p\u00e9diatrie de Saint-Di\u00e9-des-Vosges","datePublished":"2024-08-01T16:26:06+00:00","dateModified":"2024-08-01T16:46:26+00:00","mainEntityOfPage":{"@id":"https:\/\/vosgesinfo.fr\/saintdieinfo\/2024\/08\/un-beau-et-genereux-geste-pour-le-service-pediatrie-de-saint-die-des-vosges\/"},"wordCount":311,"commentCount":0,"publisher":{"@id":"https:\/\/vosgesinfo.fr\/saintdieinfo\/#organization"},"image":{"@id":"https:\/\/vosgesinfo.fr\/saintdieinfo\/2024\/08\/un-beau-et-genereux-geste-pour-le-service-pediatrie-de-saint-die-des-vosges\/#primaryimage"},"thumbnailUrl":"https:\/\/vosgesinfo.fr\/app\/uploads\/sites\/4\/2024\/08\/for-life-all-united-maternite-sddv-4-scaled.jpg","keywords":["Amis de la Maternit\u00e9 de Saint-Di\u00e9-des-Vosges","Centre Hospitalier de Saint-Di\u00e9-des-Vosges","For life all united","Maternit\u00e9 de Saint-Di\u00e9-des-Vosges","Service p\u00e9diatrie de Saint-Di\u00e9-des-Vosges"],"articleSection":["A la Une","D\u00e9odatie","Solidarit\u00e9","Vie Associative"],"inLanguage":"fr-FR","potentialAction":[{"@type":"CommentAction","name":"Comment","target":["https:\/\/vosgesinfo.fr\/saintdieinfo\/2024\/08\/un-beau-et-genereux-geste-pour-le-service-pediatrie-de-saint-die-des-vosges\/#respond"]}]},{"@type":"WebPage","@id":"https:\/\/vosgesinfo.fr\/saintdieinfo\/2024\/08\/un-beau-et-genereux-geste-pour-le-service-pediatrie-de-saint-die-des-vosges\/","url":"https:\/\/vosgesinfo.fr\/saintdieinfo\/2024\/08\/un-beau-et-genereux-geste-pour-le-service-pediatrie-de-saint-die-des-vosges\/","name":"Un beau et g\u00e9n\u00e9reux geste pour le service p\u00e9diatrie de Saint-Di\u00e9-des-Vosges - Saint Die Info","isPartOf":{"@id":"https:\/\/vosgesinfo.fr\/saintdieinfo\/#website"},"primaryImageOfPage":{"@id":"https:\/\/vosgesinfo.fr\/saintdieinfo\/2024\/08\/un-beau-et-genereux-geste-pour-le-service-pediatrie-de-saint-die-des-vosges\/#primaryimage"},"image":{"@id":"https:\/\/vosgesinfo.fr\/saintdieinfo\/2024\/08\/un-beau-et-genereux-geste-pour-le-service-pediatrie-de-saint-die-des-vosges\/#primaryimage"},"thumbnailUrl":"https:\/\/vosgesinfo.fr\/app\/uploads\/sites\/4\/2024\/08\/for-life-all-united-maternite-sddv-4-scaled.jpg","datePublished":"2024-08-01T16:26:06+00:00","dateModified":"2024-08-01T16:46:26+00:00","breadcrumb":{"@id":"https:\/\/vosgesinfo.fr\/saintdieinfo\/2024\/08\/un-beau-et-genereux-geste-pour-le-service-pediatrie-de-saint-die-des-vosges\/#breadcrumb"},"inLanguage":"fr-FR","potentialAction":[{"@type":"ReadAction","target":["https:\/\/vosgesinfo.fr\/saintdieinfo\/2024\/08\/un-beau-et-genereux-geste-pour-le-service-pediatrie-de-saint-die-des-vosges\/"]}]},{"@type":"ImageObject","inLanguage":"fr-FR","@id":"https:\/\/vosgesinfo.fr\/saintdieinfo\/2024\/08\/un-beau-et-genereux-geste-pour-le-service-pediatrie-de-saint-die-des-vosges\/#primaryimage","url":"https:\/\/vosgesinfo.fr\/app\/uploads\/sites\/4\/2024\/08\/for-life-all-united-maternite-sddv-4-scaled.jpg","contentUrl":"https:\/\/vosgesinfo.fr\/app\/uploads\/sites\/4\/2024\/08\/for-life-all-united-maternite-sddv-4-scaled.jpg","width":2560,"height":1928},{"@type":"BreadcrumbList","@id":"https:\/\/vosgesinfo.fr\/saintdieinfo\/2024\/08\/un-beau-et-genereux-geste-pour-le-service-pediatrie-de-saint-die-des-vosges\/#breadcrumb","itemListElement":[{"@type":"ListItem","position":1,"name":"Home","item":"https:\/\/vosgesinfo.fr\/saintdieinfo\/"},{"@type":"ListItem","position":2,"name":"Un beau et g\u00e9n\u00e9reux geste pour le service p\u00e9diatrie de Saint-Di\u00e9-des-Vosges"}]},{"@type":"WebSite","@id":"https:\/\/vosgesinfo.fr\/saintdieinfo\/#website","url":"https:\/\/vosgesinfo.fr\/saintdieinfo\/","name":"Saint Die Info","description":"Toute l&#039;actualit\u00e9 de Saint-Di\u00e9-Des-Vosges","publisher":{"@id":"https:\/\/vosgesinfo.fr\/saintdieinfo\/#organization"},"alternateName":"Toute l'actualit\u00e9 de Saint-Di\u00e9-Des-Vosges","potentialAction":[{"@type":"SearchAction","target":{"@type":"EntryPoint","urlTemplate":"https:\/\/vosgesinfo.fr\/saintdieinfo\/?s={search_term_string}"},"query-input":"required name=search_term_string"}],"inLanguage":"fr-FR"},{"@type":"Organization","@id":"https:\/\/vosgesinfo.fr\/saintdieinfo\/#organization","name":"Saint Die Info","url":"https:\/\/vosgesinfo.fr\/saintdieinfo\/","logo":{"@type":"ImageObject","inLanguage":"fr-FR","@id":"https:\/\/vosgesinfo.fr\/saintdieinfo\/#\/schema\/logo\/image\/","url":"https:\/\/vosgesinfo.fr\/app\/uploads\/sites\/4\/2024\/02\/logo-sdi.jpg","contentUrl":"https:\/\/vosgesinfo.fr\/app\/uploads\/sites\/4\/2024\/02\/logo-sdi.jpg","width":600,"height":600,"caption":"Saint Die Info"},"image":{"@id":"https:\/\/vosgesinfo.fr\/saintdieinfo\/#\/schema\/logo\/image\/"},"sameAs":["https:\/\/www.facebook.com\/Saintdieinfofr","https:\/\/x.com\/VosgesInfo88","https:\/\/www.youtube.com\/@vosgesinfo"]},{"@type":"Person","@id":"https:\/\/vosgesinfo.fr\/saintdieinfo\/#\/schema\/person\/fa73e9f726d67bb88f46d5b7943cb572","name":"J.J.","image":{"@type":"ImageObject","inLanguage":"fr-FR","@id":"https:\/\/vosgesinfo.fr\/saintdieinfo\/#\/schema\/person\/image\/","url":"https:\/\/secure.gravatar.com\/avatar\/219e749e47ffbcca018a360ae4add7d4cdf1cdaaf8bc7676b27efade3fe65615?s=96&d=mm&r=g","contentUrl":"https:\/\/secure.gravatar.com\/avatar\/219e749e47ffbcca018a360ae4add7d4cdf1cdaaf8bc7676b27efade3fe65615?s=96&d=mm&r=g","caption":"J.J."},"url":"https:\/\/vosgesinfo.fr\/saintdieinfo\/author\/j-j\/"}]}},"_links":{"self":[{"href":"https:\/\/vosgesinfo.fr\/saintdieinfo\/wp-json\/wp\/v2\/posts\/36555","targetHints":{"allow":["GET"]}}],"collection":[{"href":"https:\/\/vosgesinfo.fr\/saintdieinfo\/wp-json\/wp\/v2\/posts"}],"about":[{"href":"https:\/\/vosgesinfo.fr\/saintdieinfo\/wp-json\/wp\/v2\/types\/post"}],"author":[{"embeddable":true,"href":"https:\/\/vosgesinfo.fr\/saintdieinfo\/wp-json\/wp\/v2\/users\/46"}],"replies":[{"embeddable":true,"href":"https:\/\/vosgesinfo.fr\/saintdieinfo\/wp-json\/wp\/v2\/comments?post=36555"}],"version-history":[{"count":4,"href":"https:\/\/vosgesinfo.fr\/saintdieinfo\/wp-json\/wp\/v2\/posts\/36555\/revisions"}],"predecessor-version":[{"id":36563,"href":"https:\/\/vosgesinfo.fr\/saintdieinfo\/wp-json\/wp\/v2\/posts\/36555\/revisions\/36563"}],"wp:featuredmedia":[{"embeddable":true,"href":"https:\/\/vosgesinfo.fr\/saintdieinfo\/wp-json\/wp\/v2\/media\/36559"}],"wp:attachment":[{"href":"https:\/\/vosgesinfo.fr\/saintdieinfo\/wp-json\/wp\/v2\/media?parent=36555"}],"wp:term":[{"taxonomy":"category","embeddable":true,"href":"https:\/\/vosgesinfo.fr\/saintdieinfo\/wp-json\/wp\/v2\/categories?post=36555"},{"taxonomy":"post_tag","embeddable":true,"href":"https:\/\/vosgesinfo.fr\/saintdieinfo\/wp-json\/wp\/v2\/tags?post=36555"}],"curies":[{"name":"wp","href":"https:\/\/api.w.org\/{rel}","templated":true}]}}