{"id":36564,"date":"2024-08-02T08:28:49","date_gmt":"2024-08-02T06:28:49","guid":{"rendered":"https:\/\/vosgesinfo.fr\/saintdieinfo\/?p=36564"},"modified":"2024-08-02T08:30:41","modified_gmt":"2024-08-02T06:30:41","slug":"la-prefete-des-vosges-interdit-les-rave-party-free-party-et-teknival-dans-le-departement","status":"publish","type":"post","link":"https:\/\/vosgesinfo.fr\/saintdieinfo\/2024\/08\/la-prefete-des-vosges-interdit-les-rave-party-free-party-et-teknival-dans-le-departement\/","title":{"rendered":"La Pr\u00e9f\u00e8te des Vosges interdit les rave-party, free-party et teknival dans le d\u00e9partement"},"content":{"rendered":"<div class=\"xdj266r x11i5rnm xat24cr x1mh8g0r x1vvkbs x126k92a\">\n<div dir=\"auto\">\n<div id=\"attachment_22321\" style=\"width: 810px\" class=\"wp-caption alignnone\"><img decoding=\"async\" aria-describedby=\"caption-attachment-22321\" class=\"wp-image-22321 size-full\" src=\"https:\/\/vosgesinfo.fr\/app\/uploads\/sites\/4\/2022\/08\/rave-party.jpg\" alt=\"\" width=\"800\" height=\"533\" srcset=\"https:\/\/vosgesinfo.fr\/app\/uploads\/sites\/4\/2022\/08\/rave-party.jpg 800w, https:\/\/vosgesinfo.fr\/app\/uploads\/sites\/4\/2022\/08\/rave-party-300x200.jpg 300w, https:\/\/vosgesinfo.fr\/app\/uploads\/sites\/4\/2022\/08\/rave-party-768x512.jpg 768w\" sizes=\"(max-width: 800px) 100vw, 800px\" \/><p id=\"caption-attachment-22321\" class=\"wp-caption-text\">(Illustration)<\/p><\/div>\n<\/div>\n<h2 dir=\"auto\">La Pr\u00e9f\u00e8te des Vosges a pris des mesures d\u2019interdiction concernant les manifestations festives non d\u00e9clar\u00e9es de type rave-party, free-party, teknival dans le d\u00e9partement des Vosges, du 2 ao\u00fbt \u00e0 18h00 au 5 ao\u00fbt \u00e0 8H00.<\/h2>\n<\/div>\n<p><!--more--><\/p>\n<div class=\"x11i5rnm xat24cr x1mh8g0r x1vvkbs xtlvy1s x126k92a\">\n<div dir=\"auto\">Retrouvez toutes les infos <span class=\"html-span xexx8yu x4uap5 x18d9i69 xkhd6sd x1hl2dhg x16tdsg8 x1vvkbs x3nfvp2 x1j61x8r x1fcty0u xdj266r xat24cr xgzva0m xhhsvwb xxymvpz xlup9mm x1kky2od\">:<\/span> <span class=\"html-span xdj266r x11i5rnm xat24cr x1mh8g0r xexx8yu x4uap5 x18d9i69 xkhd6sd x1hl2dhg x16tdsg8 x1vvkbs\"><a class=\"x1i10hfl xjbqb8w x1ejq31n xd10rxx x1sy0etr x17r0tee x972fbf xcfux6l x1qhh985 xm0m39n x9f619 x1ypdohk xt0psk2 xe8uvvx xdj266r x11i5rnm xat24cr x1mh8g0r xexx8yu x4uap5 x18d9i69 xkhd6sd x16tdsg8 x1hl2dhg xggy1nq x1a2a7pz x1sur9pj xkrqix3 x1fey0fg\" tabindex=\"0\" role=\"link\" href=\"https:\/\/bit.ly\/3SxJY1m?fbclid=IwZXh0bgNhZW0CMTAAAR0Byt9yyLo56xhMAwnsMiJk2btJCXuSU4emFl9npnxnXfZgXKDN-iDNcS8_aem_Ip2kNVCC74iAfAHxeLeUTA\" target=\"_blank\" rel=\"nofollow noopener noreferrer\">https:\/\/bit.ly\/3SxJY1m<\/a><\/span><\/div>\n<div dir=\"auto\"><img decoding=\"async\" class=\"alignnone size-full wp-image-36565\" src=\"https:\/\/vosgesinfo.fr\/app\/uploads\/sites\/4\/2024\/08\/vosges-interdiction-rave-party.jpg\" alt=\"\" width=\"960\" height=\"540\" srcset=\"https:\/\/vosgesinfo.fr\/app\/uploads\/sites\/4\/2024\/08\/vosges-interdiction-rave-party.jpg 960w, https:\/\/vosgesinfo.fr\/app\/uploads\/sites\/4\/2024\/08\/vosges-interdiction-rave-party-300x169.jpg 300w, https:\/\/vosgesinfo.fr\/app\/uploads\/sites\/4\/2024\/08\/vosges-interdiction-rave-party-768x432.jpg 768w\" sizes=\"(max-width: 960px) 100vw, 960px\" \/><\/div>\n<\/div>\n","protected":false},"excerpt":{"rendered":"<p>La Pr\u00e9f\u00e8te des Vosges a pris des mesures d\u2019interdiction concernant les manifestations festives non d\u00e9clar\u00e9es de type rave-party, free-party, teknival [&hellip;]<\/p>\n","protected":false},"author":46,"featured_media":22321,"comment_status":"open","ping_status":"open","sticky":false,"template":"","format":"standard","meta":{"footnotes":""},"categories":[460,18],"tags":[6932,6931,551],"class_list":["post-36564","post","type-post","status-publish","format-standard","has-post-thumbnail","hentry","category-a-la-une","category-vosges","tag-free-party-et-teknival-dans-le-departement","tag-la-prefete-des-vosges-interdit-les-rave-party","tag-prefete-des-vosges"],"acf":[],"yoast_head":"<!-- This site is optimized with the Yoast SEO plugin v22.5 - https:\/\/yoast.com\/wordpress\/plugins\/seo\/ -->\n<title>La Pr\u00e9f\u00e8te des Vosges interdit les rave-party, free-party et teknival dans le d\u00e9partement - Saint Die Info<\/title>\n<meta name=\"robots\" content=\"index, follow, max-snippet:-1, max-image-preview:large, max-video-preview:-1\" \/>\n<link rel=\"canonical\" href=\"https:\/\/vosgesinfo.fr\/saintdieinfo\/2024\/08\/la-prefete-des-vosges-interdit-les-rave-party-free-party-et-teknival-dans-le-departement\/\" \/>\n<meta name=\"twitter:card\" content=\"summary_large_image\" \/>\n<meta name=\"twitter:title\" content=\"La Pr\u00e9f\u00e8te des Vosges interdit les rave-party, free-party et teknival dans le d\u00e9partement - Saint Die Info\" \/>\n<meta name=\"twitter:description\" content=\"La Pr\u00e9f\u00e8te des Vosges a pris des mesures d\u2019interdiction concernant les manifestations festives non d\u00e9clar\u00e9es de type rave-party, free-party, teknival [&hellip;]\" \/>\n<meta name=\"twitter:image\" content=\"https:\/\/vosgesinfo.fr\/app\/uploads\/sites\/4\/2022\/08\/rave-party.jpg\" \/>\n<meta name=\"twitter:creator\" content=\"@VosgesInfo88\" \/>\n<meta name=\"twitter:site\" content=\"@VosgesInfo88\" \/>\n<meta name=\"twitter:label1\" content=\"\u00c9crit par\" \/>\n\t<meta name=\"twitter:data1\" content=\"J.J.\" \/>\n\t<meta name=\"twitter:label2\" content=\"Dur\u00e9e de lecture estim\u00e9e\" \/>\n\t<meta name=\"twitter:data2\" content=\"1 minute\" \/>\n<script type=\"application\/ld+json\" class=\"yoast-schema-graph\">{\"@context\":\"https:\/\/schema.org\",\"@graph\":[{\"@type\":\"Article\",\"@id\":\"https:\/\/vosgesinfo.fr\/saintdieinfo\/2024\/08\/la-prefete-des-vosges-interdit-les-rave-party-free-party-et-teknival-dans-le-departement\/#article\",\"isPartOf\":{\"@id\":\"https:\/\/vosgesinfo.fr\/saintdieinfo\/2024\/08\/la-prefete-des-vosges-interdit-les-rave-party-free-party-et-teknival-dans-le-departement\/\"},\"author\":{\"name\":\"J.J.\",\"@id\":\"https:\/\/vosgesinfo.fr\/saintdieinfo\/#\/schema\/person\/fa73e9f726d67bb88f46d5b7943cb572\"},\"headline\":\"La Pr\u00e9f\u00e8te des Vosges interdit les rave-party, free-party et teknival dans le d\u00e9partement\",\"datePublished\":\"2024-08-02T06:28:49+00:00\",\"dateModified\":\"2024-08-02T06:30:41+00:00\",\"mainEntityOfPage\":{\"@id\":\"https:\/\/vosgesinfo.fr\/saintdieinfo\/2024\/08\/la-prefete-des-vosges-interdit-les-rave-party-free-party-et-teknival-dans-le-departement\/\"},\"wordCount\":72,\"commentCount\":0,\"publisher\":{\"@id\":\"https:\/\/vosgesinfo.fr\/saintdieinfo\/#organization\"},\"image\":{\"@id\":\"https:\/\/vosgesinfo.fr\/saintdieinfo\/2024\/08\/la-prefete-des-vosges-interdit-les-rave-party-free-party-et-teknival-dans-le-departement\/#primaryimage\"},\"thumbnailUrl\":\"https:\/\/vosgesinfo.fr\/app\/uploads\/sites\/4\/2022\/08\/rave-party.jpg\",\"keywords\":[\"free-party et teknival dans le d\u00e9partement\",\"La Pr\u00e9f\u00e8te des Vosges interdit les rave-party\",\"Pr\u00e9f\u00e8te des Vosges\"],\"articleSection\":[\"A la Une\",\"Vosges\"],\"inLanguage\":\"fr-FR\",\"potentialAction\":[{\"@type\":\"CommentAction\",\"name\":\"Comment\",\"target\":[\"https:\/\/vosgesinfo.fr\/saintdieinfo\/2024\/08\/la-prefete-des-vosges-interdit-les-rave-party-free-party-et-teknival-dans-le-departement\/#respond\"]}]},{\"@type\":\"WebPage\",\"@id\":\"https:\/\/vosgesinfo.fr\/saintdieinfo\/2024\/08\/la-prefete-des-vosges-interdit-les-rave-party-free-party-et-teknival-dans-le-departement\/\",\"url\":\"https:\/\/vosgesinfo.fr\/saintdieinfo\/2024\/08\/la-prefete-des-vosges-interdit-les-rave-party-free-party-et-teknival-dans-le-departement\/\",\"name\":\"La Pr\u00e9f\u00e8te des Vosges interdit les rave-party, free-party et teknival dans le d\u00e9partement - Saint Die Info\",\"isPartOf\":{\"@id\":\"https:\/\/vosgesinfo.fr\/saintdieinfo\/#website\"},\"primaryImageOfPage\":{\"@id\":\"https:\/\/vosgesinfo.fr\/saintdieinfo\/2024\/08\/la-prefete-des-vosges-interdit-les-rave-party-free-party-et-teknival-dans-le-departement\/#primaryimage\"},\"image\":{\"@id\":\"https:\/\/vosgesinfo.fr\/saintdieinfo\/2024\/08\/la-prefete-des-vosges-interdit-les-rave-party-free-party-et-teknival-dans-le-departement\/#primaryimage\"},\"thumbnailUrl\":\"https:\/\/vosgesinfo.fr\/app\/uploads\/sites\/4\/2022\/08\/rave-party.jpg\",\"datePublished\":\"2024-08-02T06:28:49+00:00\",\"dateModified\":\"2024-08-02T06:30:41+00:00\",\"breadcrumb\":{\"@id\":\"https:\/\/vosgesinfo.fr\/saintdieinfo\/2024\/08\/la-prefete-des-vosges-interdit-les-rave-party-free-party-et-teknival-dans-le-departement\/#breadcrumb\"},\"inLanguage\":\"fr-FR\",\"potentialAction\":[{\"@type\":\"ReadAction\",\"target\":[\"https:\/\/vosgesinfo.fr\/saintdieinfo\/2024\/08\/la-prefete-des-vosges-interdit-les-rave-party-free-party-et-teknival-dans-le-departement\/\"]}]},{\"@type\":\"ImageObject\",\"inLanguage\":\"fr-FR\",\"@id\":\"https:\/\/vosgesinfo.fr\/saintdieinfo\/2024\/08\/la-prefete-des-vosges-interdit-les-rave-party-free-party-et-teknival-dans-le-departement\/#primaryimage\",\"url\":\"https:\/\/vosgesinfo.fr\/app\/uploads\/sites\/4\/2022\/08\/rave-party.jpg\",\"contentUrl\":\"https:\/\/vosgesinfo.fr\/app\/uploads\/sites\/4\/2022\/08\/rave-party.jpg\",\"width\":800,\"height\":533,\"caption\":\"(Illustration\"},{\"@type\":\"BreadcrumbList\",\"@id\":\"https:\/\/vosgesinfo.fr\/saintdieinfo\/2024\/08\/la-prefete-des-vosges-interdit-les-rave-party-free-party-et-teknival-dans-le-departement\/#breadcrumb\",\"itemListElement\":[{\"@type\":\"ListItem\",\"position\":1,\"name\":\"Home\",\"item\":\"https:\/\/vosgesinfo.fr\/saintdieinfo\/\"},{\"@type\":\"ListItem\",\"position\":2,\"name\":\"La Pr\u00e9f\u00e8te des Vosges interdit les rave-party, free-party et teknival dans le d\u00e9partement\"}]},{\"@type\":\"WebSite\",\"@id\":\"https:\/\/vosgesinfo.fr\/saintdieinfo\/#website\",\"url\":\"https:\/\/vosgesinfo.fr\/saintdieinfo\/\",\"name\":\"Saint Die Info\",\"description\":\"Toute l&#039;actualit\u00e9 de Saint-Di\u00e9-Des-Vosges\",\"publisher\":{\"@id\":\"https:\/\/vosgesinfo.fr\/saintdieinfo\/#organization\"},\"alternateName\":\"Toute l'actualit\u00e9 de Saint-Di\u00e9-Des-Vosges\",\"potentialAction\":[{\"@type\":\"SearchAction\",\"target\":{\"@type\":\"EntryPoint\",\"urlTemplate\":\"https:\/\/vosgesinfo.fr\/saintdieinfo\/?s={search_term_string}\"},\"query-input\":\"required name=search_term_string\"}],\"inLanguage\":\"fr-FR\"},{\"@type\":\"Organization\",\"@id\":\"https:\/\/vosgesinfo.fr\/saintdieinfo\/#organization\",\"name\":\"Saint Die Info\",\"url\":\"https:\/\/vosgesinfo.fr\/saintdieinfo\/\",\"logo\":{\"@type\":\"ImageObject\",\"inLanguage\":\"fr-FR\",\"@id\":\"https:\/\/vosgesinfo.fr\/saintdieinfo\/#\/schema\/logo\/image\/\",\"url\":\"https:\/\/vosgesinfo.fr\/app\/uploads\/sites\/4\/2024\/02\/logo-sdi.jpg\",\"contentUrl\":\"https:\/\/vosgesinfo.fr\/app\/uploads\/sites\/4\/2024\/02\/logo-sdi.jpg\",\"width\":600,\"height\":600,\"caption\":\"Saint Die Info\"},\"image\":{\"@id\":\"https:\/\/vosgesinfo.fr\/saintdieinfo\/#\/schema\/logo\/image\/\"},\"sameAs\":[\"https:\/\/www.facebook.com\/Saintdieinfofr\",\"https:\/\/x.com\/VosgesInfo88\",\"https:\/\/www.youtube.com\/@vosgesinfo\"]},{\"@type\":\"Person\",\"@id\":\"https:\/\/vosgesinfo.fr\/saintdieinfo\/#\/schema\/person\/fa73e9f726d67bb88f46d5b7943cb572\",\"name\":\"J.J.\",\"image\":{\"@type\":\"ImageObject\",\"inLanguage\":\"fr-FR\",\"@id\":\"https:\/\/vosgesinfo.fr\/saintdieinfo\/#\/schema\/person\/image\/\",\"url\":\"https:\/\/secure.gravatar.com\/avatar\/219e749e47ffbcca018a360ae4add7d4cdf1cdaaf8bc7676b27efade3fe65615?s=96&d=mm&r=g\",\"contentUrl\":\"https:\/\/secure.gravatar.com\/avatar\/219e749e47ffbcca018a360ae4add7d4cdf1cdaaf8bc7676b27efade3fe65615?s=96&d=mm&r=g\",\"caption\":\"J.J.\"},\"url\":\"https:\/\/vosgesinfo.fr\/saintdieinfo\/author\/j-j\/\"}]}<\/script>\n<!-- \/ Yoast SEO plugin. -->","yoast_head_json":{"title":"La Pr\u00e9f\u00e8te des Vosges interdit les rave-party, free-party et teknival dans le d\u00e9partement - Saint Die Info","robots":{"index":"index","follow":"follow","max-snippet":"max-snippet:-1","max-image-preview":"max-image-preview:large","max-video-preview":"max-video-preview:-1"},"canonical":"https:\/\/vosgesinfo.fr\/saintdieinfo\/2024\/08\/la-prefete-des-vosges-interdit-les-rave-party-free-party-et-teknival-dans-le-departement\/","twitter_card":"summary_large_image","twitter_title":"La Pr\u00e9f\u00e8te des Vosges interdit les rave-party, free-party et teknival dans le d\u00e9partement - Saint Die Info","twitter_description":"La Pr\u00e9f\u00e8te des Vosges a pris des mesures d\u2019interdiction concernant les manifestations festives non d\u00e9clar\u00e9es de type rave-party, free-party, teknival [&hellip;]","twitter_image":"https:\/\/vosgesinfo.fr\/app\/uploads\/sites\/4\/2022\/08\/rave-party.jpg","twitter_creator":"@VosgesInfo88","twitter_site":"@VosgesInfo88","twitter_misc":{"\u00c9crit par":"J.J.","Dur\u00e9e de lecture estim\u00e9e":"1 minute"},"schema":{"@context":"https:\/\/schema.org","@graph":[{"@type":"Article","@id":"https:\/\/vosgesinfo.fr\/saintdieinfo\/2024\/08\/la-prefete-des-vosges-interdit-les-rave-party-free-party-et-teknival-dans-le-departement\/#article","isPartOf":{"@id":"https:\/\/vosgesinfo.fr\/saintdieinfo\/2024\/08\/la-prefete-des-vosges-interdit-les-rave-party-free-party-et-teknival-dans-le-departement\/"},"author":{"name":"J.J.","@id":"https:\/\/vosgesinfo.fr\/saintdieinfo\/#\/schema\/person\/fa73e9f726d67bb88f46d5b7943cb572"},"headline":"La Pr\u00e9f\u00e8te des Vosges interdit les rave-party, free-party et teknival dans le d\u00e9partement","datePublished":"2024-08-02T06:28:49+00:00","dateModified":"2024-08-02T06:30:41+00:00","mainEntityOfPage":{"@id":"https:\/\/vosgesinfo.fr\/saintdieinfo\/2024\/08\/la-prefete-des-vosges-interdit-les-rave-party-free-party-et-teknival-dans-le-departement\/"},"wordCount":72,"commentCount":0,"publisher":{"@id":"https:\/\/vosgesinfo.fr\/saintdieinfo\/#organization"},"image":{"@id":"https:\/\/vosgesinfo.fr\/saintdieinfo\/2024\/08\/la-prefete-des-vosges-interdit-les-rave-party-free-party-et-teknival-dans-le-departement\/#primaryimage"},"thumbnailUrl":"https:\/\/vosgesinfo.fr\/app\/uploads\/sites\/4\/2022\/08\/rave-party.jpg","keywords":["free-party et teknival dans le d\u00e9partement","La Pr\u00e9f\u00e8te des Vosges interdit les rave-party","Pr\u00e9f\u00e8te des Vosges"],"articleSection":["A la Une","Vosges"],"inLanguage":"fr-FR","potentialAction":[{"@type":"CommentAction","name":"Comment","target":["https:\/\/vosgesinfo.fr\/saintdieinfo\/2024\/08\/la-prefete-des-vosges-interdit-les-rave-party-free-party-et-teknival-dans-le-departement\/#respond"]}]},{"@type":"WebPage","@id":"https:\/\/vosgesinfo.fr\/saintdieinfo\/2024\/08\/la-prefete-des-vosges-interdit-les-rave-party-free-party-et-teknival-dans-le-departement\/","url":"https:\/\/vosgesinfo.fr\/saintdieinfo\/2024\/08\/la-prefete-des-vosges-interdit-les-rave-party-free-party-et-teknival-dans-le-departement\/","name":"La Pr\u00e9f\u00e8te des Vosges interdit les rave-party, free-party et teknival dans le d\u00e9partement - Saint Die Info","isPartOf":{"@id":"https:\/\/vosgesinfo.fr\/saintdieinfo\/#website"},"primaryImageOfPage":{"@id":"https:\/\/vosgesinfo.fr\/saintdieinfo\/2024\/08\/la-prefete-des-vosges-interdit-les-rave-party-free-party-et-teknival-dans-le-departement\/#primaryimage"},"image":{"@id":"https:\/\/vosgesinfo.fr\/saintdieinfo\/2024\/08\/la-prefete-des-vosges-interdit-les-rave-party-free-party-et-teknival-dans-le-departement\/#primaryimage"},"thumbnailUrl":"https:\/\/vosgesinfo.fr\/app\/uploads\/sites\/4\/2022\/08\/rave-party.jpg","datePublished":"2024-08-02T06:28:49+00:00","dateModified":"2024-08-02T06:30:41+00:00","breadcrumb":{"@id":"https:\/\/vosgesinfo.fr\/saintdieinfo\/2024\/08\/la-prefete-des-vosges-interdit-les-rave-party-free-party-et-teknival-dans-le-departement\/#breadcrumb"},"inLanguage":"fr-FR","potentialAction":[{"@type":"ReadAction","target":["https:\/\/vosgesinfo.fr\/saintdieinfo\/2024\/08\/la-prefete-des-vosges-interdit-les-rave-party-free-party-et-teknival-dans-le-departement\/"]}]},{"@type":"ImageObject","inLanguage":"fr-FR","@id":"https:\/\/vosgesinfo.fr\/saintdieinfo\/2024\/08\/la-prefete-des-vosges-interdit-les-rave-party-free-party-et-teknival-dans-le-departement\/#primaryimage","url":"https:\/\/vosgesinfo.fr\/app\/uploads\/sites\/4\/2022\/08\/rave-party.jpg","contentUrl":"https:\/\/vosgesinfo.fr\/app\/uploads\/sites\/4\/2022\/08\/rave-party.jpg","width":800,"height":533,"caption":"(Illustration"},{"@type":"BreadcrumbList","@id":"https:\/\/vosgesinfo.fr\/saintdieinfo\/2024\/08\/la-prefete-des-vosges-interdit-les-rave-party-free-party-et-teknival-dans-le-departement\/#breadcrumb","itemListElement":[{"@type":"ListItem","position":1,"name":"Home","item":"https:\/\/vosgesinfo.fr\/saintdieinfo\/"},{"@type":"ListItem","position":2,"name":"La Pr\u00e9f\u00e8te des Vosges interdit les rave-party, free-party et teknival dans le d\u00e9partement"}]},{"@type":"WebSite","@id":"https:\/\/vosgesinfo.fr\/saintdieinfo\/#website","url":"https:\/\/vosgesinfo.fr\/saintdieinfo\/","name":"Saint Die Info","description":"Toute l&#039;actualit\u00e9 de Saint-Di\u00e9-Des-Vosges","publisher":{"@id":"https:\/\/vosgesinfo.fr\/saintdieinfo\/#organization"},"alternateName":"Toute l'actualit\u00e9 de Saint-Di\u00e9-Des-Vosges","potentialAction":[{"@type":"SearchAction","target":{"@type":"EntryPoint","urlTemplate":"https:\/\/vosgesinfo.fr\/saintdieinfo\/?s={search_term_string}"},"query-input":"required name=search_term_string"}],"inLanguage":"fr-FR"},{"@type":"Organization","@id":"https:\/\/vosgesinfo.fr\/saintdieinfo\/#organization","name":"Saint Die Info","url":"https:\/\/vosgesinfo.fr\/saintdieinfo\/","logo":{"@type":"ImageObject","inLanguage":"fr-FR","@id":"https:\/\/vosgesinfo.fr\/saintdieinfo\/#\/schema\/logo\/image\/","url":"https:\/\/vosgesinfo.fr\/app\/uploads\/sites\/4\/2024\/02\/logo-sdi.jpg","contentUrl":"https:\/\/vosgesinfo.fr\/app\/uploads\/sites\/4\/2024\/02\/logo-sdi.jpg","width":600,"height":600,"caption":"Saint Die Info"},"image":{"@id":"https:\/\/vosgesinfo.fr\/saintdieinfo\/#\/schema\/logo\/image\/"},"sameAs":["https:\/\/www.facebook.com\/Saintdieinfofr","https:\/\/x.com\/VosgesInfo88","https:\/\/www.youtube.com\/@vosgesinfo"]},{"@type":"Person","@id":"https:\/\/vosgesinfo.fr\/saintdieinfo\/#\/schema\/person\/fa73e9f726d67bb88f46d5b7943cb572","name":"J.J.","image":{"@type":"ImageObject","inLanguage":"fr-FR","@id":"https:\/\/vosgesinfo.fr\/saintdieinfo\/#\/schema\/person\/image\/","url":"https:\/\/secure.gravatar.com\/avatar\/219e749e47ffbcca018a360ae4add7d4cdf1cdaaf8bc7676b27efade3fe65615?s=96&d=mm&r=g","contentUrl":"https:\/\/secure.gravatar.com\/avatar\/219e749e47ffbcca018a360ae4add7d4cdf1cdaaf8bc7676b27efade3fe65615?s=96&d=mm&r=g","caption":"J.J."},"url":"https:\/\/vosgesinfo.fr\/saintdieinfo\/author\/j-j\/"}]}},"_links":{"self":[{"href":"https:\/\/vosgesinfo.fr\/saintdieinfo\/wp-json\/wp\/v2\/posts\/36564","targetHints":{"allow":["GET"]}}],"collection":[{"href":"https:\/\/vosgesinfo.fr\/saintdieinfo\/wp-json\/wp\/v2\/posts"}],"about":[{"href":"https:\/\/vosgesinfo.fr\/saintdieinfo\/wp-json\/wp\/v2\/types\/post"}],"author":[{"embeddable":true,"href":"https:\/\/vosgesinfo.fr\/saintdieinfo\/wp-json\/wp\/v2\/users\/46"}],"replies":[{"embeddable":true,"href":"https:\/\/vosgesinfo.fr\/saintdieinfo\/wp-json\/wp\/v2\/comments?post=36564"}],"version-history":[{"count":2,"href":"https:\/\/vosgesinfo.fr\/saintdieinfo\/wp-json\/wp\/v2\/posts\/36564\/revisions"}],"predecessor-version":[{"id":36567,"href":"https:\/\/vosgesinfo.fr\/saintdieinfo\/wp-json\/wp\/v2\/posts\/36564\/revisions\/36567"}],"wp:featuredmedia":[{"embeddable":true,"href":"https:\/\/vosgesinfo.fr\/saintdieinfo\/wp-json\/wp\/v2\/media\/22321"}],"wp:attachment":[{"href":"https:\/\/vosgesinfo.fr\/saintdieinfo\/wp-json\/wp\/v2\/media?parent=36564"}],"wp:term":[{"taxonomy":"category","embeddable":true,"href":"https:\/\/vosgesinfo.fr\/saintdieinfo\/wp-json\/wp\/v2\/categories?post=36564"},{"taxonomy":"post_tag","embeddable":true,"href":"https:\/\/vosgesinfo.fr\/saintdieinfo\/wp-json\/wp\/v2\/tags?post=36564"}],"curies":[{"name":"wp","href":"https:\/\/api.w.org\/{rel}","templated":true}]}}