{"id":36844,"date":"2019-01-07T05:00:59","date_gmt":"2019-01-07T04:00:59","guid":{"rendered":"https:\/\/vosgesinfo.fr\/saintdieinfo\/2019\/01\/vosges-herve-poirat-a-epinal-avons-vecu-journee-desastreuse\/"},"modified":"2019-01-07T05:00:59","modified_gmt":"2019-01-07T04:00:59","slug":"vosges-herve-poirat-a-epinal-avons-vecu-journee-desastreuse","status":"publish","type":"post","link":"https:\/\/vosgesinfo.fr\/saintdieinfo\/2019\/01\/vosges-herve-poirat-a-epinal-avons-vecu-journee-desastreuse\/","title":{"rendered":"Vosges \u2013 Herv\u00e9 Poirat : \u00ab \u00c0 Epinal, nous avons v\u00e9cu une journ\u00e9e d\u00e9sastreuse \u00bb !"},"content":{"rendered":"<h2><a href=\"\/2019\/01\/degradations-giletsjaunes-epinal-vosges-231.jpg\" target=\"_blank\" rel=\"noopener\"><img decoding=\"async\" class=\"aligncenter wp-image-132308 size-large\" src=\"\/2019\/01\/degradations-giletsjaunes-epinal-vosges-231-1024x768.jpg\" alt=\"degradations-giletsjaunes-epinal-vosges-23\" width=\"960\" height=\"720\" \/><\/a><\/h2>\n<h2>Herv\u00e9 Poirat, pr\u00e9sident de l\u2019union des commer\u00e7ants d\u2019Epinal, Epicentre, a souhait\u00e9 r\u00e9agir sur \u00e0 la manifestation des gilets jaunes ce samedi dans le centre-ville d\u2019Epinal.<\/h2>\n<p><em>\u00ab\u00a0\u00c0 Epinal, nous avons v\u00e9cu une journ\u00e9e d\u00e9sastreuse, les commer\u00e7ants d\u00e9j\u00e0 fragilis\u00e9s et attendant ce premier samedi des soldes comme une bouff\u00e9e d\u2019air n ont pu qu \u00eatre spectateurs d un mauvais film beaucoup de nos commer\u00e7ants \u00e9taient en pleurs, ils ont \u00e9t\u00e9 traumatis\u00e9s par ce qu ils vivaient. Cependant malgr\u00e9 ce traumatisme beaucoup vont ouvrir demain, venez les rencontrer en nombre.\u00a0<\/em><br \/>\n<em>Je remercie les services de la pr\u00e9fecture, police, gendarmerie, CRS pour la bonne gestion de la crise, je remercie les gilets jaunes pacifiques qui pour certains ont prot\u00e9g\u00e9 nos vitrines, je remercie les services techniques de la ville qui vont nous rendre la ville belle pour demain.\u00a0<\/em><br \/>\n<em>Souhaitons que cela ne se reproduise pas, c est trop traumatisant.\u00a0<\/em><br \/>\n<em>Le commerce de centre ville est le c\u0153ur de la cit\u00e9, faites la vivre !\u00a0\u00bb<\/em><\/p>\n<p style=\"text-align: right;\"><strong>Herv\u00e9 Poirat<\/strong><\/p>\n","protected":false},"excerpt":{"rendered":"<p>Herv\u00e9 Poirat, pr\u00e9sident de l\u2019union des commer\u00e7ants d\u2019Epinal, Epicentre, a souhait\u00e9 r\u00e9agir sur \u00e0 la manifestation des gilets jaunes ce [&hellip;]<\/p>\n","protected":false},"author":44,"featured_media":36845,"comment_status":"open","ping_status":"open","sticky":false,"template":"","format":"standard","meta":{"footnotes":""},"categories":[460,13,18],"tags":[418,41,6040,6995,6067],"class_list":["post-36844","post","type-post","status-publish","format-standard","has-post-thumbnail","hentry","category-a-la-une","category-societe","category-vosges","tag-epicentre","tag-epinal","tag-gilets-jaunes","tag-herve-poirat","tag-manifestation-des-gilets-jaunes"],"acf":[],"yoast_head":"<!-- This site is optimized with the Yoast SEO plugin v22.5 - https:\/\/yoast.com\/wordpress\/plugins\/seo\/ -->\n<title>Vosges \u2013 Herv\u00e9 Poirat : \u00ab \u00c0 Epinal, nous avons v\u00e9cu une journ\u00e9e d\u00e9sastreuse \u00bb ! - Saint Die Info<\/title>\n<meta name=\"robots\" content=\"index, follow, max-snippet:-1, max-image-preview:large, max-video-preview:-1\" \/>\n<link rel=\"canonical\" href=\"https:\/\/vosgesinfo.fr\/saintdieinfo\/2019\/01\/vosges-herve-poirat-a-epinal-avons-vecu-journee-desastreuse\/\" \/>\n<meta name=\"twitter:card\" content=\"summary_large_image\" \/>\n<meta name=\"twitter:title\" content=\"Vosges \u2013 Herv\u00e9 Poirat : \u00ab \u00c0 Epinal, nous avons v\u00e9cu une journ\u00e9e d\u00e9sastreuse \u00bb ! - Saint Die Info\" \/>\n<meta name=\"twitter:description\" content=\"Herv\u00e9 Poirat, pr\u00e9sident de l\u2019union des commer\u00e7ants d\u2019Epinal, Epicentre, a souhait\u00e9 r\u00e9agir sur \u00e0 la manifestation des gilets jaunes ce [&hellip;]\" \/>\n<meta name=\"twitter:image\" content=\"https:\/\/vosgesinfo.fr\/app\/uploads\/sites\/4\/2024\/08\/201901degradations-giletsjaunes-epinal-vosges-231-scaled.jpg\" \/>\n<meta name=\"twitter:creator\" content=\"@VosgesInfo88\" \/>\n<meta name=\"twitter:site\" content=\"@VosgesInfo88\" \/>\n<meta name=\"twitter:label1\" content=\"\u00c9crit par\" \/>\n\t<meta name=\"twitter:data1\" content=\"la r\u00e9daction\" \/>\n\t<meta name=\"twitter:label2\" content=\"Dur\u00e9e de lecture estim\u00e9e\" \/>\n\t<meta name=\"twitter:data2\" content=\"1 minute\" \/>\n<script type=\"application\/ld+json\" class=\"yoast-schema-graph\">{\"@context\":\"https:\/\/schema.org\",\"@graph\":[{\"@type\":\"Article\",\"@id\":\"https:\/\/vosgesinfo.fr\/saintdieinfo\/2019\/01\/vosges-herve-poirat-a-epinal-avons-vecu-journee-desastreuse\/#article\",\"isPartOf\":{\"@id\":\"https:\/\/vosgesinfo.fr\/saintdieinfo\/2019\/01\/vosges-herve-poirat-a-epinal-avons-vecu-journee-desastreuse\/\"},\"author\":{\"name\":\"la r\u00e9daction\",\"@id\":\"https:\/\/vosgesinfo.fr\/saintdieinfo\/#\/schema\/person\/faee6704a21f3977511db84bd1cd450f\"},\"headline\":\"Vosges \u2013 Herv\u00e9 Poirat : \u00ab \u00c0 Epinal, nous avons v\u00e9cu une journ\u00e9e d\u00e9sastreuse \u00bb !\",\"datePublished\":\"2019-01-07T04:00:59+00:00\",\"dateModified\":\"2019-01-07T04:00:59+00:00\",\"mainEntityOfPage\":{\"@id\":\"https:\/\/vosgesinfo.fr\/saintdieinfo\/2019\/01\/vosges-herve-poirat-a-epinal-avons-vecu-journee-desastreuse\/\"},\"wordCount\":191,\"commentCount\":0,\"publisher\":{\"@id\":\"https:\/\/vosgesinfo.fr\/saintdieinfo\/#organization\"},\"image\":{\"@id\":\"https:\/\/vosgesinfo.fr\/saintdieinfo\/2019\/01\/vosges-herve-poirat-a-epinal-avons-vecu-journee-desastreuse\/#primaryimage\"},\"thumbnailUrl\":\"https:\/\/vosgesinfo.fr\/app\/uploads\/sites\/4\/2024\/08\/201901degradations-giletsjaunes-epinal-vosges-231-scaled.jpg\",\"keywords\":[\"\u00c9picentre\",\"Epinal\",\"Gilets jaunes\",\"Herv\u00e9 Poirat\",\"Manifestation des gilets jaunes\"],\"articleSection\":[\"A la Une\",\"Soci\u00e9t\u00e9\",\"Vosges\"],\"inLanguage\":\"fr-FR\",\"potentialAction\":[{\"@type\":\"CommentAction\",\"name\":\"Comment\",\"target\":[\"https:\/\/vosgesinfo.fr\/saintdieinfo\/2019\/01\/vosges-herve-poirat-a-epinal-avons-vecu-journee-desastreuse\/#respond\"]}]},{\"@type\":\"WebPage\",\"@id\":\"https:\/\/vosgesinfo.fr\/saintdieinfo\/2019\/01\/vosges-herve-poirat-a-epinal-avons-vecu-journee-desastreuse\/\",\"url\":\"https:\/\/vosgesinfo.fr\/saintdieinfo\/2019\/01\/vosges-herve-poirat-a-epinal-avons-vecu-journee-desastreuse\/\",\"name\":\"Vosges \u2013 Herv\u00e9 Poirat : \u00ab \u00c0 Epinal, nous avons v\u00e9cu une journ\u00e9e d\u00e9sastreuse \u00bb ! - Saint Die Info\",\"isPartOf\":{\"@id\":\"https:\/\/vosgesinfo.fr\/saintdieinfo\/#website\"},\"primaryImageOfPage\":{\"@id\":\"https:\/\/vosgesinfo.fr\/saintdieinfo\/2019\/01\/vosges-herve-poirat-a-epinal-avons-vecu-journee-desastreuse\/#primaryimage\"},\"image\":{\"@id\":\"https:\/\/vosgesinfo.fr\/saintdieinfo\/2019\/01\/vosges-herve-poirat-a-epinal-avons-vecu-journee-desastreuse\/#primaryimage\"},\"thumbnailUrl\":\"https:\/\/vosgesinfo.fr\/app\/uploads\/sites\/4\/2024\/08\/201901degradations-giletsjaunes-epinal-vosges-231-scaled.jpg\",\"datePublished\":\"2019-01-07T04:00:59+00:00\",\"dateModified\":\"2019-01-07T04:00:59+00:00\",\"breadcrumb\":{\"@id\":\"https:\/\/vosgesinfo.fr\/saintdieinfo\/2019\/01\/vosges-herve-poirat-a-epinal-avons-vecu-journee-desastreuse\/#breadcrumb\"},\"inLanguage\":\"fr-FR\",\"potentialAction\":[{\"@type\":\"ReadAction\",\"target\":[\"https:\/\/vosgesinfo.fr\/saintdieinfo\/2019\/01\/vosges-herve-poirat-a-epinal-avons-vecu-journee-desastreuse\/\"]}]},{\"@type\":\"ImageObject\",\"inLanguage\":\"fr-FR\",\"@id\":\"https:\/\/vosgesinfo.fr\/saintdieinfo\/2019\/01\/vosges-herve-poirat-a-epinal-avons-vecu-journee-desastreuse\/#primaryimage\",\"url\":\"https:\/\/vosgesinfo.fr\/app\/uploads\/sites\/4\/2024\/08\/201901degradations-giletsjaunes-epinal-vosges-231-scaled.jpg\",\"contentUrl\":\"https:\/\/vosgesinfo.fr\/app\/uploads\/sites\/4\/2024\/08\/201901degradations-giletsjaunes-epinal-vosges-231-scaled.jpg\",\"width\":2560,\"height\":1920},{\"@type\":\"BreadcrumbList\",\"@id\":\"https:\/\/vosgesinfo.fr\/saintdieinfo\/2019\/01\/vosges-herve-poirat-a-epinal-avons-vecu-journee-desastreuse\/#breadcrumb\",\"itemListElement\":[{\"@type\":\"ListItem\",\"position\":1,\"name\":\"Home\",\"item\":\"https:\/\/vosgesinfo.fr\/saintdieinfo\/\"},{\"@type\":\"ListItem\",\"position\":2,\"name\":\"Vosges \u2013 Herv\u00e9 Poirat : \u00ab \u00c0 Epinal, nous avons v\u00e9cu une journ\u00e9e d\u00e9sastreuse \u00bb !\"}]},{\"@type\":\"WebSite\",\"@id\":\"https:\/\/vosgesinfo.fr\/saintdieinfo\/#website\",\"url\":\"https:\/\/vosgesinfo.fr\/saintdieinfo\/\",\"name\":\"Saint Die Info\",\"description\":\"Toute l&#039;actualit\u00e9 de Saint-Di\u00e9-Des-Vosges\",\"publisher\":{\"@id\":\"https:\/\/vosgesinfo.fr\/saintdieinfo\/#organization\"},\"alternateName\":\"Toute l'actualit\u00e9 de Saint-Di\u00e9-Des-Vosges\",\"potentialAction\":[{\"@type\":\"SearchAction\",\"target\":{\"@type\":\"EntryPoint\",\"urlTemplate\":\"https:\/\/vosgesinfo.fr\/saintdieinfo\/?s={search_term_string}\"},\"query-input\":\"required name=search_term_string\"}],\"inLanguage\":\"fr-FR\"},{\"@type\":\"Organization\",\"@id\":\"https:\/\/vosgesinfo.fr\/saintdieinfo\/#organization\",\"name\":\"Saint Die Info\",\"url\":\"https:\/\/vosgesinfo.fr\/saintdieinfo\/\",\"logo\":{\"@type\":\"ImageObject\",\"inLanguage\":\"fr-FR\",\"@id\":\"https:\/\/vosgesinfo.fr\/saintdieinfo\/#\/schema\/logo\/image\/\",\"url\":\"https:\/\/vosgesinfo.fr\/app\/uploads\/sites\/4\/2024\/02\/logo-sdi.jpg\",\"contentUrl\":\"https:\/\/vosgesinfo.fr\/app\/uploads\/sites\/4\/2024\/02\/logo-sdi.jpg\",\"width\":600,\"height\":600,\"caption\":\"Saint Die Info\"},\"image\":{\"@id\":\"https:\/\/vosgesinfo.fr\/saintdieinfo\/#\/schema\/logo\/image\/\"},\"sameAs\":[\"https:\/\/www.facebook.com\/Saintdieinfofr\",\"https:\/\/x.com\/VosgesInfo88\",\"https:\/\/www.youtube.com\/@vosgesinfo\"]},{\"@type\":\"Person\",\"@id\":\"https:\/\/vosgesinfo.fr\/saintdieinfo\/#\/schema\/person\/faee6704a21f3977511db84bd1cd450f\",\"name\":\"la r\u00e9daction\",\"image\":{\"@type\":\"ImageObject\",\"inLanguage\":\"fr-FR\",\"@id\":\"https:\/\/vosgesinfo.fr\/saintdieinfo\/#\/schema\/person\/image\/\",\"url\":\"https:\/\/secure.gravatar.com\/avatar\/6673d8bc6a9c17fa9a453eaa3448de834fa308c2ec9635b7aa99441a7c8d2cf6?s=96&d=mm&r=g\",\"contentUrl\":\"https:\/\/secure.gravatar.com\/avatar\/6673d8bc6a9c17fa9a453eaa3448de834fa308c2ec9635b7aa99441a7c8d2cf6?s=96&d=mm&r=g\",\"caption\":\"la r\u00e9daction\"},\"url\":\"https:\/\/vosgesinfo.fr\/saintdieinfo\/author\/redac\/\"}]}<\/script>\n<!-- \/ Yoast SEO plugin. -->","yoast_head_json":{"title":"Vosges \u2013 Herv\u00e9 Poirat : \u00ab \u00c0 Epinal, nous avons v\u00e9cu une journ\u00e9e d\u00e9sastreuse \u00bb ! - Saint Die Info","robots":{"index":"index","follow":"follow","max-snippet":"max-snippet:-1","max-image-preview":"max-image-preview:large","max-video-preview":"max-video-preview:-1"},"canonical":"https:\/\/vosgesinfo.fr\/saintdieinfo\/2019\/01\/vosges-herve-poirat-a-epinal-avons-vecu-journee-desastreuse\/","twitter_card":"summary_large_image","twitter_title":"Vosges \u2013 Herv\u00e9 Poirat : \u00ab \u00c0 Epinal, nous avons v\u00e9cu une journ\u00e9e d\u00e9sastreuse \u00bb ! - Saint Die Info","twitter_description":"Herv\u00e9 Poirat, pr\u00e9sident de l\u2019union des commer\u00e7ants d\u2019Epinal, Epicentre, a souhait\u00e9 r\u00e9agir sur \u00e0 la manifestation des gilets jaunes ce [&hellip;]","twitter_image":"https:\/\/vosgesinfo.fr\/app\/uploads\/sites\/4\/2024\/08\/201901degradations-giletsjaunes-epinal-vosges-231-scaled.jpg","twitter_creator":"@VosgesInfo88","twitter_site":"@VosgesInfo88","twitter_misc":{"\u00c9crit par":"la r\u00e9daction","Dur\u00e9e de lecture estim\u00e9e":"1 minute"},"schema":{"@context":"https:\/\/schema.org","@graph":[{"@type":"Article","@id":"https:\/\/vosgesinfo.fr\/saintdieinfo\/2019\/01\/vosges-herve-poirat-a-epinal-avons-vecu-journee-desastreuse\/#article","isPartOf":{"@id":"https:\/\/vosgesinfo.fr\/saintdieinfo\/2019\/01\/vosges-herve-poirat-a-epinal-avons-vecu-journee-desastreuse\/"},"author":{"name":"la r\u00e9daction","@id":"https:\/\/vosgesinfo.fr\/saintdieinfo\/#\/schema\/person\/faee6704a21f3977511db84bd1cd450f"},"headline":"Vosges \u2013 Herv\u00e9 Poirat : \u00ab \u00c0 Epinal, nous avons v\u00e9cu une journ\u00e9e d\u00e9sastreuse \u00bb !","datePublished":"2019-01-07T04:00:59+00:00","dateModified":"2019-01-07T04:00:59+00:00","mainEntityOfPage":{"@id":"https:\/\/vosgesinfo.fr\/saintdieinfo\/2019\/01\/vosges-herve-poirat-a-epinal-avons-vecu-journee-desastreuse\/"},"wordCount":191,"commentCount":0,"publisher":{"@id":"https:\/\/vosgesinfo.fr\/saintdieinfo\/#organization"},"image":{"@id":"https:\/\/vosgesinfo.fr\/saintdieinfo\/2019\/01\/vosges-herve-poirat-a-epinal-avons-vecu-journee-desastreuse\/#primaryimage"},"thumbnailUrl":"https:\/\/vosgesinfo.fr\/app\/uploads\/sites\/4\/2024\/08\/201901degradations-giletsjaunes-epinal-vosges-231-scaled.jpg","keywords":["\u00c9picentre","Epinal","Gilets jaunes","Herv\u00e9 Poirat","Manifestation des gilets jaunes"],"articleSection":["A la Une","Soci\u00e9t\u00e9","Vosges"],"inLanguage":"fr-FR","potentialAction":[{"@type":"CommentAction","name":"Comment","target":["https:\/\/vosgesinfo.fr\/saintdieinfo\/2019\/01\/vosges-herve-poirat-a-epinal-avons-vecu-journee-desastreuse\/#respond"]}]},{"@type":"WebPage","@id":"https:\/\/vosgesinfo.fr\/saintdieinfo\/2019\/01\/vosges-herve-poirat-a-epinal-avons-vecu-journee-desastreuse\/","url":"https:\/\/vosgesinfo.fr\/saintdieinfo\/2019\/01\/vosges-herve-poirat-a-epinal-avons-vecu-journee-desastreuse\/","name":"Vosges \u2013 Herv\u00e9 Poirat : \u00ab \u00c0 Epinal, nous avons v\u00e9cu une journ\u00e9e d\u00e9sastreuse \u00bb ! - Saint Die Info","isPartOf":{"@id":"https:\/\/vosgesinfo.fr\/saintdieinfo\/#website"},"primaryImageOfPage":{"@id":"https:\/\/vosgesinfo.fr\/saintdieinfo\/2019\/01\/vosges-herve-poirat-a-epinal-avons-vecu-journee-desastreuse\/#primaryimage"},"image":{"@id":"https:\/\/vosgesinfo.fr\/saintdieinfo\/2019\/01\/vosges-herve-poirat-a-epinal-avons-vecu-journee-desastreuse\/#primaryimage"},"thumbnailUrl":"https:\/\/vosgesinfo.fr\/app\/uploads\/sites\/4\/2024\/08\/201901degradations-giletsjaunes-epinal-vosges-231-scaled.jpg","datePublished":"2019-01-07T04:00:59+00:00","dateModified":"2019-01-07T04:00:59+00:00","breadcrumb":{"@id":"https:\/\/vosgesinfo.fr\/saintdieinfo\/2019\/01\/vosges-herve-poirat-a-epinal-avons-vecu-journee-desastreuse\/#breadcrumb"},"inLanguage":"fr-FR","potentialAction":[{"@type":"ReadAction","target":["https:\/\/vosgesinfo.fr\/saintdieinfo\/2019\/01\/vosges-herve-poirat-a-epinal-avons-vecu-journee-desastreuse\/"]}]},{"@type":"ImageObject","inLanguage":"fr-FR","@id":"https:\/\/vosgesinfo.fr\/saintdieinfo\/2019\/01\/vosges-herve-poirat-a-epinal-avons-vecu-journee-desastreuse\/#primaryimage","url":"https:\/\/vosgesinfo.fr\/app\/uploads\/sites\/4\/2024\/08\/201901degradations-giletsjaunes-epinal-vosges-231-scaled.jpg","contentUrl":"https:\/\/vosgesinfo.fr\/app\/uploads\/sites\/4\/2024\/08\/201901degradations-giletsjaunes-epinal-vosges-231-scaled.jpg","width":2560,"height":1920},{"@type":"BreadcrumbList","@id":"https:\/\/vosgesinfo.fr\/saintdieinfo\/2019\/01\/vosges-herve-poirat-a-epinal-avons-vecu-journee-desastreuse\/#breadcrumb","itemListElement":[{"@type":"ListItem","position":1,"name":"Home","item":"https:\/\/vosgesinfo.fr\/saintdieinfo\/"},{"@type":"ListItem","position":2,"name":"Vosges \u2013 Herv\u00e9 Poirat : \u00ab \u00c0 Epinal, nous avons v\u00e9cu une journ\u00e9e d\u00e9sastreuse \u00bb !"}]},{"@type":"WebSite","@id":"https:\/\/vosgesinfo.fr\/saintdieinfo\/#website","url":"https:\/\/vosgesinfo.fr\/saintdieinfo\/","name":"Saint Die Info","description":"Toute l&#039;actualit\u00e9 de Saint-Di\u00e9-Des-Vosges","publisher":{"@id":"https:\/\/vosgesinfo.fr\/saintdieinfo\/#organization"},"alternateName":"Toute l'actualit\u00e9 de Saint-Di\u00e9-Des-Vosges","potentialAction":[{"@type":"SearchAction","target":{"@type":"EntryPoint","urlTemplate":"https:\/\/vosgesinfo.fr\/saintdieinfo\/?s={search_term_string}"},"query-input":"required name=search_term_string"}],"inLanguage":"fr-FR"},{"@type":"Organization","@id":"https:\/\/vosgesinfo.fr\/saintdieinfo\/#organization","name":"Saint Die Info","url":"https:\/\/vosgesinfo.fr\/saintdieinfo\/","logo":{"@type":"ImageObject","inLanguage":"fr-FR","@id":"https:\/\/vosgesinfo.fr\/saintdieinfo\/#\/schema\/logo\/image\/","url":"https:\/\/vosgesinfo.fr\/app\/uploads\/sites\/4\/2024\/02\/logo-sdi.jpg","contentUrl":"https:\/\/vosgesinfo.fr\/app\/uploads\/sites\/4\/2024\/02\/logo-sdi.jpg","width":600,"height":600,"caption":"Saint Die Info"},"image":{"@id":"https:\/\/vosgesinfo.fr\/saintdieinfo\/#\/schema\/logo\/image\/"},"sameAs":["https:\/\/www.facebook.com\/Saintdieinfofr","https:\/\/x.com\/VosgesInfo88","https:\/\/www.youtube.com\/@vosgesinfo"]},{"@type":"Person","@id":"https:\/\/vosgesinfo.fr\/saintdieinfo\/#\/schema\/person\/faee6704a21f3977511db84bd1cd450f","name":"la r\u00e9daction","image":{"@type":"ImageObject","inLanguage":"fr-FR","@id":"https:\/\/vosgesinfo.fr\/saintdieinfo\/#\/schema\/person\/image\/","url":"https:\/\/secure.gravatar.com\/avatar\/6673d8bc6a9c17fa9a453eaa3448de834fa308c2ec9635b7aa99441a7c8d2cf6?s=96&d=mm&r=g","contentUrl":"https:\/\/secure.gravatar.com\/avatar\/6673d8bc6a9c17fa9a453eaa3448de834fa308c2ec9635b7aa99441a7c8d2cf6?s=96&d=mm&r=g","caption":"la r\u00e9daction"},"url":"https:\/\/vosgesinfo.fr\/saintdieinfo\/author\/redac\/"}]}},"_links":{"self":[{"href":"https:\/\/vosgesinfo.fr\/saintdieinfo\/wp-json\/wp\/v2\/posts\/36844","targetHints":{"allow":["GET"]}}],"collection":[{"href":"https:\/\/vosgesinfo.fr\/saintdieinfo\/wp-json\/wp\/v2\/posts"}],"about":[{"href":"https:\/\/vosgesinfo.fr\/saintdieinfo\/wp-json\/wp\/v2\/types\/post"}],"author":[{"embeddable":true,"href":"https:\/\/vosgesinfo.fr\/saintdieinfo\/wp-json\/wp\/v2\/users\/44"}],"replies":[{"embeddable":true,"href":"https:\/\/vosgesinfo.fr\/saintdieinfo\/wp-json\/wp\/v2\/comments?post=36844"}],"version-history":[{"count":0,"href":"https:\/\/vosgesinfo.fr\/saintdieinfo\/wp-json\/wp\/v2\/posts\/36844\/revisions"}],"wp:featuredmedia":[{"embeddable":true,"href":"https:\/\/vosgesinfo.fr\/saintdieinfo\/wp-json\/wp\/v2\/media\/36845"}],"wp:attachment":[{"href":"https:\/\/vosgesinfo.fr\/saintdieinfo\/wp-json\/wp\/v2\/media?parent=36844"}],"wp:term":[{"taxonomy":"category","embeddable":true,"href":"https:\/\/vosgesinfo.fr\/saintdieinfo\/wp-json\/wp\/v2\/categories?post=36844"},{"taxonomy":"post_tag","embeddable":true,"href":"https:\/\/vosgesinfo.fr\/saintdieinfo\/wp-json\/wp\/v2\/tags?post=36844"}],"curies":[{"name":"wp","href":"https:\/\/api.w.org\/{rel}","templated":true}]}}